{"id":41643,"date":"2021-07-12T07:35:35","date_gmt":"2021-07-12T06:35:35","guid":{"rendered":"https:\/\/radioljubuski.ba\/?p=41643"},"modified":"2021-07-12T07:35:37","modified_gmt":"2021-07-12T06:35:37","slug":"milanovic-uoci-dolaska-u-ljubuski-dok-sam-ja-predsjednik-vise-necemo-popustati-u-pravima-hrvata-u-bih","status":"publish","type":"post","link":"https:\/\/radioljubuski.ba\/index.php\/2021\/07\/12\/milanovic-uoci-dolaska-u-ljubuski-dok-sam-ja-predsjednik-vise-necemo-popustati-u-pravima-hrvata-u-bih\/","title":{"rendered":"Milanovi\u0107 uo\u010di dolaska u Ljubu\u0161ki: Dok sam ja predsjednik, vi\u0161e ne\u0107emo popu\u0161tati u pravima Hrvata u BiH"},"content":{"rendered":"\n<p>Dok sam ja predsjednik, Hrvatska vi\u0161e ne\u0107e popu\u0161tati oko prava Hrvata u BiH, rekao je Zoran Milanovi\u0107 u intervju objavljenom u subotu uo\u010di posjeta BiH, gdje \u0107e obi\u0107i i Ljubu\u0161ki. <\/p>\n\n\n\n<p>Rekao je da su Hrvati u BiH konstitutivni narod i da bi trebali biti u mogu\u0107nosti birati svoje predstavnike u vlasti bez preglasavanja.<\/p>\n\n\n\n<p>Na poziv Sveu\u010dili\u0161ta u Mostaru, Milanovi\u0107 je u nedjelju stigao u prvi posjet BiH otkako je izabran za predsjednika. Ovdje \u0107e odr\u017eati prezentacije studentima, upoznati \u010delnike HNS-a BiH i lokalne du\u017enosnike u Vitezu, Mostaru, Livnu, Tomislavgradu i Ljubu\u0161kom,<\/p>\n\n\n\n<p>Predsjednik Republike Hrvatske \u0107e se ve\u010deras susresti s gradona\u010delnikom Ljubu\u0161kog Vedranom Markoti\u0107em u Uredu Gradske uprave Ljubu\u0161ki, a potom \u0107e odr\u017eati sastanak i radnu ve\u010deru s predstavnicima Hrvatskog narodnog sabora Bosne i Hercegovine u Konobi Vodopad u Veljacima. <\/p>\n\n\n\n<p>U intervju za Ve\u010dernji list BiH objasnio je da je prigodom nedavnog zavr\u0161nog communiquea NATO-a inzistirao na spominjanju Daytonskog sporazuma budu\u0107i da je njime zajam\u010dena konstitutivnost hrvatskoga naroda u BiH kao jednog od triju jednakopravnih, te zemlji omogu\u0107en put k EU.<\/p>\n\n\n\n<p>\u201cHrvati su broj\u010dano danas najmalobrojniji narod u BiH, ali to \u0161to su broj\u010dano u manjini ne zna\u010di da su nacionalna manjina u BiH, niti \u0107e to ikada postati\u201d, ustvrdio je.<\/p>\n\n\n\n<p>Inzistirao je na po\u0161tivanju Daytonskog sporazuma.<\/p>\n\n\n\n<p>\u201cSvima bi bilo u interesu da se po\u0161tuje Daytonski sporazum jer smatram kako njegovim po\u0161tivanjem BiH mo\u017ee i mora postati ure\u0111ena dr\u017eava koja \u0107e mo\u0107i nastaviti put prema EU. Hrvatska to sna\u017eno podupire i \u017eeli vidjeti BiH u EU\u201d, rekao je.<\/p>\n\n\n\n<p>Ocijenio je va\u017enim \u0161to su se oko dokumenta NATO-a premijer i hrvatska diplomacija priklju\u010dili njegovom tvrdom stavu oko Hrvata u BiH.<\/p>\n\n\n\n<p>\u201cHrvatska, dok sam ja predsjednik Republike, ne\u0107e vi\u0161e popu\u0161tati, ne\u0107e stati na pola puta ili prikloniti se ja\u010dem\u201d, istaknuo je.<\/p>\n\n\n\n<p>U dokumentu NATO-a tako\u0111er se spominje potreba za izbornom reformom, rekao je Milanovi\u0107, naglasiv\u0161i da ona mora voditi legitimnom politi\u010dkom predstavljanju.<\/p>\n\n\n\n<p>\u201cPravo da bira\u0161 svog predstavnika temelj je svake demokracije, pa tako treba biti i u BiH. Ne vidim tko bi imao ne\u0161to protiv prava Hrvata u BiH da sami biraju svoje predstavnike\u201d, istaknuo je.<\/p>\n\n\n\n<p><strong>Milanovi\u0107: Neprihvatljiva praksa preglasavanja<\/strong><\/p>\n\n\n\n<p>Ocijenio je neprihvatljivim dosada\u0161nju praksu preglasavanja tamo\u0161njih Hrvata u Predsjedni\u0161tvu BiH te najavama dijela bo\u0161nja\u010dkih stranaka kako bi sli\u010dno mogli napraviti i u gornjem, nacionalno koncipiranome Domu naroda.<\/p>\n\n\n\n<p>Milanovi\u0107 je upozorio da je Dayton osigurao samo tri naroda imaju svoje predstavnike u Predsjedni\u0161tvu i Domu naroda.<\/p>\n\n\n\n<p><strong>Izvor: Ve\u010dernji list<\/strong><\/p>\n","protected":false},"excerpt":{"rendered":"<p>Dok sam ja predsjednik, Hrvatska vi\u0161e ne\u0107e popu\u0161tati oko prava Hrvata u BiH, rekao je Zoran Milanovi\u0107 u intervju objavljenom u subotu uo\u010di posjeta BiH, gdje \u0107e obi\u0107i i Ljubu\u0161ki. Rekao je da su Hrvati u BiH konstitutivni narod i da bi trebali biti u mogu\u0107nosti birati svoje predstavnike u vlasti bez preglasavanja. Na poziv [&hellip;]<\/p>\n","protected":false},"author":2,"featured_media":32793,"comment_status":"closed","ping_status":"closed","sticky":false,"template":"","format":"standard","meta":{"h5ap_radio_sources":[],"footnotes":""},"categories":[3],"tags":[],"class_list":["post-41643","post","type-post","status-publish","format-standard","has-post-thumbnail","hentry","category-ljubuski"],"yoast_head":"<!-- This site is optimized with the Yoast SEO plugin v27.4 - https:\/\/yoast.com\/product\/yoast-seo-wordpress\/ -->\n<title>Milanovi\u0107 uo\u010di dolaska u Ljubu\u0161ki: Dok sam ja predsjednik, vi\u0161e ne\u0107emo popu\u0161tati u pravima Hrvata u BiH - RADIO LJUBU\u0160KI<\/title>\n<meta name=\"robots\" content=\"index, follow, max-snippet:-1, max-image-preview:large, max-video-preview:-1\" \/>\n<link rel=\"canonical\" href=\"https:\/\/radioljubuski.ba\/index.php\/2021\/07\/12\/milanovic-uoci-dolaska-u-ljubuski-dok-sam-ja-predsjednik-vise-necemo-popustati-u-pravima-hrvata-u-bih\/\" \/>\n<meta property=\"og:locale\" content=\"hr_HR\" \/>\n<meta property=\"og:type\" content=\"article\" \/>\n<meta property=\"og:title\" content=\"Milanovi\u0107 uo\u010di dolaska u Ljubu\u0161ki: Dok sam ja predsjednik, vi\u0161e ne\u0107emo popu\u0161tati u pravima Hrvata u BiH - RADIO LJUBU\u0160KI\" \/>\n<meta property=\"og:description\" content=\"Dok sam ja predsjednik, Hrvatska vi\u0161e ne\u0107e popu\u0161tati oko prava Hrvata u BiH, rekao je Zoran Milanovi\u0107 u intervju objavljenom u subotu uo\u010di posjeta BiH, gdje \u0107e obi\u0107i i Ljubu\u0161ki. Rekao je da su Hrvati u BiH konstitutivni narod i da bi trebali biti u mogu\u0107nosti birati svoje predstavnike u vlasti bez preglasavanja. Na poziv [&hellip;]\" \/>\n<meta property=\"og:url\" content=\"https:\/\/radioljubuski.ba\/index.php\/2021\/07\/12\/milanovic-uoci-dolaska-u-ljubuski-dok-sam-ja-predsjednik-vise-necemo-popustati-u-pravima-hrvata-u-bih\/\" \/>\n<meta property=\"og:site_name\" content=\"RADIO LJUBU\u0160KI\" \/>\n<meta property=\"article:publisher\" content=\"https:\/\/www.facebook.com\/Radiio-Ljubuski-1490835324566332\" \/>\n<meta property=\"article:published_time\" content=\"2021-07-12T06:35:35+00:00\" \/>\n<meta property=\"article:modified_time\" content=\"2021-07-12T06:35:37+00:00\" \/>\n<meta property=\"og:image\" content=\"https:\/\/radioljubuski.ba\/wp-content\/uploads\/2021\/06\/Milanovic-1068x601-1.jpg\" \/>\n\t<meta property=\"og:image:width\" content=\"1068\" \/>\n\t<meta property=\"og:image:height\" content=\"601\" \/>\n\t<meta property=\"og:image:type\" content=\"image\/jpeg\" \/>\n<meta name=\"author\" content=\"Radio Ljubu\u0161ki\" \/>\n<meta name=\"twitter:card\" content=\"summary_large_image\" \/>\n<meta name=\"twitter:creator\" content=\"@radioljubuski\" \/>\n<meta name=\"twitter:site\" content=\"@radioljubuski\" \/>\n<meta name=\"twitter:label1\" content=\"Napisao\/la\" \/>\n\t<meta name=\"twitter:data1\" content=\"Radio Ljubu\u0161ki\" \/>\n\t<meta name=\"twitter:label2\" content=\"Procijenjeno vrijeme \u010ditanja\" \/>\n\t<meta name=\"twitter:data2\" content=\"2 minute\" \/>\n<script type=\"application\/ld+json\" class=\"yoast-schema-graph\">{\"@context\":\"https:\\\/\\\/schema.org\",\"@graph\":[{\"@type\":\"Article\",\"@id\":\"https:\\\/\\\/radioljubuski.ba\\\/index.php\\\/2021\\\/07\\\/12\\\/milanovic-uoci-dolaska-u-ljubuski-dok-sam-ja-predsjednik-vise-necemo-popustati-u-pravima-hrvata-u-bih\\\/#article\",\"isPartOf\":{\"@id\":\"https:\\\/\\\/radioljubuski.ba\\\/index.php\\\/2021\\\/07\\\/12\\\/milanovic-uoci-dolaska-u-ljubuski-dok-sam-ja-predsjednik-vise-necemo-popustati-u-pravima-hrvata-u-bih\\\/\"},\"author\":{\"name\":\"Radio Ljubu\u0161ki\",\"@id\":\"https:\\\/\\\/radioljubuski.ba\\\/#\\\/schema\\\/person\\\/19fc700381a780f69665d7956c469e3b\"},\"headline\":\"Milanovi\u0107 uo\u010di dolaska u Ljubu\u0161ki: Dok sam ja predsjednik, vi\u0161e ne\u0107emo popu\u0161tati u pravima Hrvata u BiH\",\"datePublished\":\"2021-07-12T06:35:35+00:00\",\"dateModified\":\"2021-07-12T06:35:37+00:00\",\"mainEntityOfPage\":{\"@id\":\"https:\\\/\\\/radioljubuski.ba\\\/index.php\\\/2021\\\/07\\\/12\\\/milanovic-uoci-dolaska-u-ljubuski-dok-sam-ja-predsjednik-vise-necemo-popustati-u-pravima-hrvata-u-bih\\\/\"},\"wordCount\":472,\"publisher\":{\"@id\":\"https:\\\/\\\/radioljubuski.ba\\\/#organization\"},\"image\":{\"@id\":\"https:\\\/\\\/radioljubuski.ba\\\/index.php\\\/2021\\\/07\\\/12\\\/milanovic-uoci-dolaska-u-ljubuski-dok-sam-ja-predsjednik-vise-necemo-popustati-u-pravima-hrvata-u-bih\\\/#primaryimage\"},\"thumbnailUrl\":\"https:\\\/\\\/radioljubuski.ba\\\/wp-content\\\/uploads\\\/2021\\\/06\\\/Milanovic-1068x601-1.jpg\",\"articleSection\":[\"Ljubu\u0161ki\"],\"inLanguage\":\"hr\"},{\"@type\":\"WebPage\",\"@id\":\"https:\\\/\\\/radioljubuski.ba\\\/index.php\\\/2021\\\/07\\\/12\\\/milanovic-uoci-dolaska-u-ljubuski-dok-sam-ja-predsjednik-vise-necemo-popustati-u-pravima-hrvata-u-bih\\\/\",\"url\":\"https:\\\/\\\/radioljubuski.ba\\\/index.php\\\/2021\\\/07\\\/12\\\/milanovic-uoci-dolaska-u-ljubuski-dok-sam-ja-predsjednik-vise-necemo-popustati-u-pravima-hrvata-u-bih\\\/\",\"name\":\"Milanovi\u0107 uo\u010di dolaska u Ljubu\u0161ki: Dok sam ja predsjednik, vi\u0161e ne\u0107emo popu\u0161tati u pravima Hrvata u BiH - RADIO LJUBU\u0160KI\",\"isPartOf\":{\"@id\":\"https:\\\/\\\/radioljubuski.ba\\\/#website\"},\"primaryImageOfPage\":{\"@id\":\"https:\\\/\\\/radioljubuski.ba\\\/index.php\\\/2021\\\/07\\\/12\\\/milanovic-uoci-dolaska-u-ljubuski-dok-sam-ja-predsjednik-vise-necemo-popustati-u-pravima-hrvata-u-bih\\\/#primaryimage\"},\"image\":{\"@id\":\"https:\\\/\\\/radioljubuski.ba\\\/index.php\\\/2021\\\/07\\\/12\\\/milanovic-uoci-dolaska-u-ljubuski-dok-sam-ja-predsjednik-vise-necemo-popustati-u-pravima-hrvata-u-bih\\\/#primaryimage\"},\"thumbnailUrl\":\"https:\\\/\\\/radioljubuski.ba\\\/wp-content\\\/uploads\\\/2021\\\/06\\\/Milanovic-1068x601-1.jpg\",\"datePublished\":\"2021-07-12T06:35:35+00:00\",\"dateModified\":\"2021-07-12T06:35:37+00:00\",\"breadcrumb\":{\"@id\":\"https:\\\/\\\/radioljubuski.ba\\\/index.php\\\/2021\\\/07\\\/12\\\/milanovic-uoci-dolaska-u-ljubuski-dok-sam-ja-predsjednik-vise-necemo-popustati-u-pravima-hrvata-u-bih\\\/#breadcrumb\"},\"inLanguage\":\"hr\",\"potentialAction\":[{\"@type\":\"ReadAction\",\"target\":[\"https:\\\/\\\/radioljubuski.ba\\\/index.php\\\/2021\\\/07\\\/12\\\/milanovic-uoci-dolaska-u-ljubuski-dok-sam-ja-predsjednik-vise-necemo-popustati-u-pravima-hrvata-u-bih\\\/\"]}]},{\"@type\":\"ImageObject\",\"inLanguage\":\"hr\",\"@id\":\"https:\\\/\\\/radioljubuski.ba\\\/index.php\\\/2021\\\/07\\\/12\\\/milanovic-uoci-dolaska-u-ljubuski-dok-sam-ja-predsjednik-vise-necemo-popustati-u-pravima-hrvata-u-bih\\\/#primaryimage\",\"url\":\"https:\\\/\\\/radioljubuski.ba\\\/wp-content\\\/uploads\\\/2021\\\/06\\\/Milanovic-1068x601-1.jpg\",\"contentUrl\":\"https:\\\/\\\/radioljubuski.ba\\\/wp-content\\\/uploads\\\/2021\\\/06\\\/Milanovic-1068x601-1.jpg\",\"width\":1068,\"height\":601},{\"@type\":\"BreadcrumbList\",\"@id\":\"https:\\\/\\\/radioljubuski.ba\\\/index.php\\\/2021\\\/07\\\/12\\\/milanovic-uoci-dolaska-u-ljubuski-dok-sam-ja-predsjednik-vise-necemo-popustati-u-pravima-hrvata-u-bih\\\/#breadcrumb\",\"itemListElement\":[{\"@type\":\"ListItem\",\"position\":1,\"name\":\"Po\u010detna stranica\",\"item\":\"https:\\\/\\\/radioljubuski.ba\\\/\"},{\"@type\":\"ListItem\",\"position\":2,\"name\":\"Milanovi\u0107 uo\u010di dolaska u Ljubu\u0161ki: Dok sam ja predsjednik, vi\u0161e ne\u0107emo popu\u0161tati u pravima Hrvata u BiH\"}]},{\"@type\":\"WebSite\",\"@id\":\"https:\\\/\\\/radioljubuski.ba\\\/#website\",\"url\":\"https:\\\/\\\/radioljubuski.ba\\\/\",\"name\":\"Radio Ljubu\u0161ki\",\"description\":\"Sun\u010dana frekvencija Hercegovine\",\"publisher\":{\"@id\":\"https:\\\/\\\/radioljubuski.ba\\\/#organization\"},\"potentialAction\":[{\"@type\":\"SearchAction\",\"target\":{\"@type\":\"EntryPoint\",\"urlTemplate\":\"https:\\\/\\\/radioljubuski.ba\\\/?s={search_term_string}\"},\"query-input\":{\"@type\":\"PropertyValueSpecification\",\"valueRequired\":true,\"valueName\":\"search_term_string\"}}],\"inLanguage\":\"hr\"},{\"@type\":\"Organization\",\"@id\":\"https:\\\/\\\/radioljubuski.ba\\\/#organization\",\"name\":\"Radio Ljubu\u0161ki\",\"url\":\"https:\\\/\\\/radioljubuski.ba\\\/\",\"logo\":{\"@type\":\"ImageObject\",\"inLanguage\":\"hr\",\"@id\":\"https:\\\/\\\/radioljubuski.ba\\\/#\\\/schema\\\/logo\\\/image\\\/\",\"url\":\"https:\\\/\\\/radioljubuski.ba\\\/wp-content\\\/uploads\\\/2021\\\/02\\\/cropped-Radio_Ljubuski_logo1.jpg\",\"contentUrl\":\"https:\\\/\\\/radioljubuski.ba\\\/wp-content\\\/uploads\\\/2021\\\/02\\\/cropped-Radio_Ljubuski_logo1.jpg\",\"width\":512,\"height\":512,\"caption\":\"Radio Ljubu\u0161ki\"},\"image\":{\"@id\":\"https:\\\/\\\/radioljubuski.ba\\\/#\\\/schema\\\/logo\\\/image\\\/\"},\"sameAs\":[\"https:\\\/\\\/www.facebook.com\\\/Radiio-Ljubuski-1490835324566332\",\"https:\\\/\\\/x.com\\\/radioljubuski\",\"https:\\\/\\\/hr.linkedin.com\\\/company\\\/radio-ljubuski\",\"https:\\\/\\\/www.youtube.com\\\/channel\\\/UCHYaeO_n0Db3tjNGudGpXyw\"]},{\"@type\":\"Person\",\"@id\":\"https:\\\/\\\/radioljubuski.ba\\\/#\\\/schema\\\/person\\\/19fc700381a780f69665d7956c469e3b\",\"name\":\"Radio Ljubu\u0161ki\"}]}<\/script>\n<!-- \/ Yoast SEO plugin. -->","yoast_head_json":{"title":"Milanovi\u0107 uo\u010di dolaska u Ljubu\u0161ki: Dok sam ja predsjednik, vi\u0161e ne\u0107emo popu\u0161tati u pravima Hrvata u BiH - RADIO LJUBU\u0160KI","robots":{"index":"index","follow":"follow","max-snippet":"max-snippet:-1","max-image-preview":"max-image-preview:large","max-video-preview":"max-video-preview:-1"},"canonical":"https:\/\/radioljubuski.ba\/index.php\/2021\/07\/12\/milanovic-uoci-dolaska-u-ljubuski-dok-sam-ja-predsjednik-vise-necemo-popustati-u-pravima-hrvata-u-bih\/","og_locale":"hr_HR","og_type":"article","og_title":"Milanovi\u0107 uo\u010di dolaska u Ljubu\u0161ki: Dok sam ja predsjednik, vi\u0161e ne\u0107emo popu\u0161tati u pravima Hrvata u BiH - RADIO LJUBU\u0160KI","og_description":"Dok sam ja predsjednik, Hrvatska vi\u0161e ne\u0107e popu\u0161tati oko prava Hrvata u BiH, rekao je Zoran Milanovi\u0107 u intervju objavljenom u subotu uo\u010di posjeta BiH, gdje \u0107e obi\u0107i i Ljubu\u0161ki. Rekao je da su Hrvati u BiH konstitutivni narod i da bi trebali biti u mogu\u0107nosti birati svoje predstavnike u vlasti bez preglasavanja. Na poziv [&hellip;]","og_url":"https:\/\/radioljubuski.ba\/index.php\/2021\/07\/12\/milanovic-uoci-dolaska-u-ljubuski-dok-sam-ja-predsjednik-vise-necemo-popustati-u-pravima-hrvata-u-bih\/","og_site_name":"RADIO LJUBU\u0160KI","article_publisher":"https:\/\/www.facebook.com\/Radiio-Ljubuski-1490835324566332","article_published_time":"2021-07-12T06:35:35+00:00","article_modified_time":"2021-07-12T06:35:37+00:00","og_image":[{"width":1068,"height":601,"url":"https:\/\/radioljubuski.ba\/wp-content\/uploads\/2021\/06\/Milanovic-1068x601-1.jpg","type":"image\/jpeg"}],"author":"Radio Ljubu\u0161ki","twitter_card":"summary_large_image","twitter_creator":"@radioljubuski","twitter_site":"@radioljubuski","twitter_misc":{"Napisao\/la":"Radio Ljubu\u0161ki","Procijenjeno vrijeme \u010ditanja":"2 minute"},"schema":{"@context":"https:\/\/schema.org","@graph":[{"@type":"Article","@id":"https:\/\/radioljubuski.ba\/index.php\/2021\/07\/12\/milanovic-uoci-dolaska-u-ljubuski-dok-sam-ja-predsjednik-vise-necemo-popustati-u-pravima-hrvata-u-bih\/#article","isPartOf":{"@id":"https:\/\/radioljubuski.ba\/index.php\/2021\/07\/12\/milanovic-uoci-dolaska-u-ljubuski-dok-sam-ja-predsjednik-vise-necemo-popustati-u-pravima-hrvata-u-bih\/"},"author":{"name":"Radio Ljubu\u0161ki","@id":"https:\/\/radioljubuski.ba\/#\/schema\/person\/19fc700381a780f69665d7956c469e3b"},"headline":"Milanovi\u0107 uo\u010di dolaska u Ljubu\u0161ki: Dok sam ja predsjednik, vi\u0161e ne\u0107emo popu\u0161tati u pravima Hrvata u BiH","datePublished":"2021-07-12T06:35:35+00:00","dateModified":"2021-07-12T06:35:37+00:00","mainEntityOfPage":{"@id":"https:\/\/radioljubuski.ba\/index.php\/2021\/07\/12\/milanovic-uoci-dolaska-u-ljubuski-dok-sam-ja-predsjednik-vise-necemo-popustati-u-pravima-hrvata-u-bih\/"},"wordCount":472,"publisher":{"@id":"https:\/\/radioljubuski.ba\/#organization"},"image":{"@id":"https:\/\/radioljubuski.ba\/index.php\/2021\/07\/12\/milanovic-uoci-dolaska-u-ljubuski-dok-sam-ja-predsjednik-vise-necemo-popustati-u-pravima-hrvata-u-bih\/#primaryimage"},"thumbnailUrl":"https:\/\/radioljubuski.ba\/wp-content\/uploads\/2021\/06\/Milanovic-1068x601-1.jpg","articleSection":["Ljubu\u0161ki"],"inLanguage":"hr"},{"@type":"WebPage","@id":"https:\/\/radioljubuski.ba\/index.php\/2021\/07\/12\/milanovic-uoci-dolaska-u-ljubuski-dok-sam-ja-predsjednik-vise-necemo-popustati-u-pravima-hrvata-u-bih\/","url":"https:\/\/radioljubuski.ba\/index.php\/2021\/07\/12\/milanovic-uoci-dolaska-u-ljubuski-dok-sam-ja-predsjednik-vise-necemo-popustati-u-pravima-hrvata-u-bih\/","name":"Milanovi\u0107 uo\u010di dolaska u Ljubu\u0161ki: Dok sam ja predsjednik, vi\u0161e ne\u0107emo popu\u0161tati u pravima Hrvata u BiH - RADIO LJUBU\u0160KI","isPartOf":{"@id":"https:\/\/radioljubuski.ba\/#website"},"primaryImageOfPage":{"@id":"https:\/\/radioljubuski.ba\/index.php\/2021\/07\/12\/milanovic-uoci-dolaska-u-ljubuski-dok-sam-ja-predsjednik-vise-necemo-popustati-u-pravima-hrvata-u-bih\/#primaryimage"},"image":{"@id":"https:\/\/radioljubuski.ba\/index.php\/2021\/07\/12\/milanovic-uoci-dolaska-u-ljubuski-dok-sam-ja-predsjednik-vise-necemo-popustati-u-pravima-hrvata-u-bih\/#primaryimage"},"thumbnailUrl":"https:\/\/radioljubuski.ba\/wp-content\/uploads\/2021\/06\/Milanovic-1068x601-1.jpg","datePublished":"2021-07-12T06:35:35+00:00","dateModified":"2021-07-12T06:35:37+00:00","breadcrumb":{"@id":"https:\/\/radioljubuski.ba\/index.php\/2021\/07\/12\/milanovic-uoci-dolaska-u-ljubuski-dok-sam-ja-predsjednik-vise-necemo-popustati-u-pravima-hrvata-u-bih\/#breadcrumb"},"inLanguage":"hr","potentialAction":[{"@type":"ReadAction","target":["https:\/\/radioljubuski.ba\/index.php\/2021\/07\/12\/milanovic-uoci-dolaska-u-ljubuski-dok-sam-ja-predsjednik-vise-necemo-popustati-u-pravima-hrvata-u-bih\/"]}]},{"@type":"ImageObject","inLanguage":"hr","@id":"https:\/\/radioljubuski.ba\/index.php\/2021\/07\/12\/milanovic-uoci-dolaska-u-ljubuski-dok-sam-ja-predsjednik-vise-necemo-popustati-u-pravima-hrvata-u-bih\/#primaryimage","url":"https:\/\/radioljubuski.ba\/wp-content\/uploads\/2021\/06\/Milanovic-1068x601-1.jpg","contentUrl":"https:\/\/radioljubuski.ba\/wp-content\/uploads\/2021\/06\/Milanovic-1068x601-1.jpg","width":1068,"height":601},{"@type":"BreadcrumbList","@id":"https:\/\/radioljubuski.ba\/index.php\/2021\/07\/12\/milanovic-uoci-dolaska-u-ljubuski-dok-sam-ja-predsjednik-vise-necemo-popustati-u-pravima-hrvata-u-bih\/#breadcrumb","itemListElement":[{"@type":"ListItem","position":1,"name":"Po\u010detna stranica","item":"https:\/\/radioljubuski.ba\/"},{"@type":"ListItem","position":2,"name":"Milanovi\u0107 uo\u010di dolaska u Ljubu\u0161ki: Dok sam ja predsjednik, vi\u0161e ne\u0107emo popu\u0161tati u pravima Hrvata u BiH"}]},{"@type":"WebSite","@id":"https:\/\/radioljubuski.ba\/#website","url":"https:\/\/radioljubuski.ba\/","name":"Radio Ljubu\u0161ki","description":"Sun\u010dana frekvencija Hercegovine","publisher":{"@id":"https:\/\/radioljubuski.ba\/#organization"},"potentialAction":[{"@type":"SearchAction","target":{"@type":"EntryPoint","urlTemplate":"https:\/\/radioljubuski.ba\/?s={search_term_string}"},"query-input":{"@type":"PropertyValueSpecification","valueRequired":true,"valueName":"search_term_string"}}],"inLanguage":"hr"},{"@type":"Organization","@id":"https:\/\/radioljubuski.ba\/#organization","name":"Radio Ljubu\u0161ki","url":"https:\/\/radioljubuski.ba\/","logo":{"@type":"ImageObject","inLanguage":"hr","@id":"https:\/\/radioljubuski.ba\/#\/schema\/logo\/image\/","url":"https:\/\/radioljubuski.ba\/wp-content\/uploads\/2021\/02\/cropped-Radio_Ljubuski_logo1.jpg","contentUrl":"https:\/\/radioljubuski.ba\/wp-content\/uploads\/2021\/02\/cropped-Radio_Ljubuski_logo1.jpg","width":512,"height":512,"caption":"Radio Ljubu\u0161ki"},"image":{"@id":"https:\/\/radioljubuski.ba\/#\/schema\/logo\/image\/"},"sameAs":["https:\/\/www.facebook.com\/Radiio-Ljubuski-1490835324566332","https:\/\/x.com\/radioljubuski","https:\/\/hr.linkedin.com\/company\/radio-ljubuski","https:\/\/www.youtube.com\/channel\/UCHYaeO_n0Db3tjNGudGpXyw"]},{"@type":"Person","@id":"https:\/\/radioljubuski.ba\/#\/schema\/person\/19fc700381a780f69665d7956c469e3b","name":"Radio Ljubu\u0161ki"}]}},"_links":{"self":[{"href":"https:\/\/radioljubuski.ba\/index.php\/wp-json\/wp\/v2\/posts\/41643","targetHints":{"allow":["GET"]}}],"collection":[{"href":"https:\/\/radioljubuski.ba\/index.php\/wp-json\/wp\/v2\/posts"}],"about":[{"href":"https:\/\/radioljubuski.ba\/index.php\/wp-json\/wp\/v2\/types\/post"}],"author":[{"embeddable":true,"href":"https:\/\/radioljubuski.ba\/index.php\/wp-json\/wp\/v2\/users\/2"}],"replies":[{"embeddable":true,"href":"https:\/\/radioljubuski.ba\/index.php\/wp-json\/wp\/v2\/comments?post=41643"}],"version-history":[{"count":1,"href":"https:\/\/radioljubuski.ba\/index.php\/wp-json\/wp\/v2\/posts\/41643\/revisions"}],"predecessor-version":[{"id":41644,"href":"https:\/\/radioljubuski.ba\/index.php\/wp-json\/wp\/v2\/posts\/41643\/revisions\/41644"}],"wp:featuredmedia":[{"embeddable":true,"href":"https:\/\/radioljubuski.ba\/index.php\/wp-json\/wp\/v2\/media\/32793"}],"wp:attachment":[{"href":"https:\/\/radioljubuski.ba\/index.php\/wp-json\/wp\/v2\/media?parent=41643"}],"wp:term":[{"taxonomy":"category","embeddable":true,"href":"https:\/\/radioljubuski.ba\/index.php\/wp-json\/wp\/v2\/categories?post=41643"},{"taxonomy":"post_tag","embeddable":true,"href":"https:\/\/radioljubuski.ba\/index.php\/wp-json\/wp\/v2\/tags?post=41643"}],"curies":[{"name":"wp","href":"https:\/\/api.w.org\/{rel}","templated":true}]}}