{"id":41651,"date":"2021-07-12T08:47:41","date_gmt":"2021-07-12T07:47:41","guid":{"rendered":"https:\/\/radioljubuski.ba\/?p=41651"},"modified":"2021-07-12T08:47:42","modified_gmt":"2021-07-12T07:47:42","slug":"krece-17-mnl-mz-grada-ljubuskog-izvlacenje-skupina-u-cetvrtak-15-srpnja","status":"publish","type":"post","link":"https:\/\/radioljubuski.ba\/index.php\/2021\/07\/12\/krece-17-mnl-mz-grada-ljubuskog-izvlacenje-skupina-u-cetvrtak-15-srpnja\/","title":{"rendered":"Kre\u0107e 17. MNL MZ Grada Ljubu\u0161kog, izvla\u010denje skupina u \u010detvrtak, 15. srpnja"},"content":{"rendered":"\n<p><strong>Javna ustanova &#8220;Kulturno-\u0161portski centar&#8221; Ljubu\u0161ki kre\u0107e s MNL MZ Grada Ljubu\u0161kog.<\/strong><\/p>\n\n\n\n<p>Usporedo s ligom starijih, igrat \u0107e se i deseta po redu liga mladih za igra\u010de do 16 godina starosti.<\/p>\n\n\n\n<p>Izvla\u010denje skupina i utvr\u0111ivanje rasporeda utakmica odr\u017eat \u0107e se u \u010detvrtak, 15. srpnja u 10.00 sati u prostorijama Knji\u017enice Ljubu\u0161ki.<\/p>\n\n\n\n<p>Sustav natjecanja 17. MNL MZ podijeljen je u dva dijela &#8211; natjecanje po skupinama i eliminacijske utakmice. Pobjednici skupina \u0107e osigurati direktan plasman u \u010detvrtzavr\u0161nicu, dok \u0107e drugoporedani i tre\u0107eporedani sastavi igrati doigravanje za \u010detvrtzavr\u0161nicu s ekipama drugih skupina.<\/p>\n\n\n\n<p>Pro\u0161le godine MNL MZ nije igrana zbog situacije s koronavirusom, a pobjednicu prije dvije godine bili su: Teskera u seniorskoj konkurenciji i Ljubu\u0161ki (3) u ligi mladih.<\/p>\n\n\n\n<p><strong>Izvor: Iks-portal.info<\/strong><\/p>\n","protected":false},"excerpt":{"rendered":"<p>Javna ustanova &#8220;Kulturno-\u0161portski centar&#8221; Ljubu\u0161ki kre\u0107e s MNL MZ Grada Ljubu\u0161kog. Usporedo s ligom starijih, igrat \u0107e se i deseta po redu liga mladih za igra\u010de do 16 godina starosti. Izvla\u010denje skupina i utvr\u0111ivanje rasporeda utakmica odr\u017eat \u0107e se u \u010detvrtak, 15. srpnja u 10.00 sati u prostorijama Knji\u017enice Ljubu\u0161ki. Sustav natjecanja 17. MNL MZ [&hellip;]<\/p>\n","protected":false},"author":2,"featured_media":35191,"comment_status":"closed","ping_status":"closed","sticky":false,"template":"","format":"standard","meta":{"h5ap_radio_sources":[],"footnotes":""},"categories":[3],"tags":[],"class_list":["post-41651","post","type-post","status-publish","format-standard","has-post-thumbnail","hentry","category-ljubuski"],"yoast_head":"<!-- This site is optimized with the Yoast SEO plugin v27.4 - https:\/\/yoast.com\/product\/yoast-seo-wordpress\/ -->\n<title>Kre\u0107e 17. MNL MZ Grada Ljubu\u0161kog, izvla\u010denje skupina u \u010detvrtak, 15. srpnja - RADIO LJUBU\u0160KI<\/title>\n<meta name=\"robots\" content=\"index, follow, max-snippet:-1, max-image-preview:large, max-video-preview:-1\" \/>\n<link rel=\"canonical\" href=\"https:\/\/radioljubuski.ba\/index.php\/2021\/07\/12\/krece-17-mnl-mz-grada-ljubuskog-izvlacenje-skupina-u-cetvrtak-15-srpnja\/\" \/>\n<meta property=\"og:locale\" content=\"hr_HR\" \/>\n<meta property=\"og:type\" content=\"article\" \/>\n<meta property=\"og:title\" content=\"Kre\u0107e 17. MNL MZ Grada Ljubu\u0161kog, izvla\u010denje skupina u \u010detvrtak, 15. srpnja - RADIO LJUBU\u0160KI\" \/>\n<meta property=\"og:description\" content=\"Javna ustanova &#8220;Kulturno-\u0161portski centar&#8221; Ljubu\u0161ki kre\u0107e s MNL MZ Grada Ljubu\u0161kog. Usporedo s ligom starijih, igrat \u0107e se i deseta po redu liga mladih za igra\u010de do 16 godina starosti. Izvla\u010denje skupina i utvr\u0111ivanje rasporeda utakmica odr\u017eat \u0107e se u \u010detvrtak, 15. srpnja u 10.00 sati u prostorijama Knji\u017enice Ljubu\u0161ki. Sustav natjecanja 17. MNL MZ [&hellip;]\" \/>\n<meta property=\"og:url\" content=\"https:\/\/radioljubuski.ba\/index.php\/2021\/07\/12\/krece-17-mnl-mz-grada-ljubuskog-izvlacenje-skupina-u-cetvrtak-15-srpnja\/\" \/>\n<meta property=\"og:site_name\" content=\"RADIO LJUBU\u0160KI\" \/>\n<meta property=\"article:publisher\" content=\"https:\/\/www.facebook.com\/Radiio-Ljubuski-1490835324566332\" \/>\n<meta property=\"article:published_time\" content=\"2021-07-12T07:47:41+00:00\" \/>\n<meta property=\"article:modified_time\" content=\"2021-07-12T07:47:42+00:00\" \/>\n<meta property=\"og:image\" content=\"https:\/\/radioljubuski.ba\/wp-content\/uploads\/2021\/06\/mnl.jpg\" \/>\n\t<meta property=\"og:image:width\" content=\"1024\" \/>\n\t<meta property=\"og:image:height\" content=\"682\" \/>\n\t<meta property=\"og:image:type\" content=\"image\/jpeg\" \/>\n<meta name=\"author\" content=\"Radio Ljubu\u0161ki\" \/>\n<meta name=\"twitter:card\" content=\"summary_large_image\" \/>\n<meta name=\"twitter:creator\" content=\"@radioljubuski\" \/>\n<meta name=\"twitter:site\" content=\"@radioljubuski\" \/>\n<meta name=\"twitter:label1\" content=\"Napisao\/la\" \/>\n\t<meta name=\"twitter:data1\" content=\"Radio Ljubu\u0161ki\" \/>\n\t<meta name=\"twitter:label2\" content=\"Procijenjeno vrijeme \u010ditanja\" \/>\n\t<meta name=\"twitter:data2\" content=\"1 minuta\" \/>\n<script type=\"application\/ld+json\" class=\"yoast-schema-graph\">{\"@context\":\"https:\\\/\\\/schema.org\",\"@graph\":[{\"@type\":\"Article\",\"@id\":\"https:\\\/\\\/radioljubuski.ba\\\/index.php\\\/2021\\\/07\\\/12\\\/krece-17-mnl-mz-grada-ljubuskog-izvlacenje-skupina-u-cetvrtak-15-srpnja\\\/#article\",\"isPartOf\":{\"@id\":\"https:\\\/\\\/radioljubuski.ba\\\/index.php\\\/2021\\\/07\\\/12\\\/krece-17-mnl-mz-grada-ljubuskog-izvlacenje-skupina-u-cetvrtak-15-srpnja\\\/\"},\"author\":{\"name\":\"Radio Ljubu\u0161ki\",\"@id\":\"https:\\\/\\\/radioljubuski.ba\\\/#\\\/schema\\\/person\\\/19fc700381a780f69665d7956c469e3b\"},\"headline\":\"Kre\u0107e 17. MNL MZ Grada Ljubu\u0161kog, izvla\u010denje skupina u \u010detvrtak, 15. srpnja\",\"datePublished\":\"2021-07-12T07:47:41+00:00\",\"dateModified\":\"2021-07-12T07:47:42+00:00\",\"mainEntityOfPage\":{\"@id\":\"https:\\\/\\\/radioljubuski.ba\\\/index.php\\\/2021\\\/07\\\/12\\\/krece-17-mnl-mz-grada-ljubuskog-izvlacenje-skupina-u-cetvrtak-15-srpnja\\\/\"},\"wordCount\":142,\"publisher\":{\"@id\":\"https:\\\/\\\/radioljubuski.ba\\\/#organization\"},\"image\":{\"@id\":\"https:\\\/\\\/radioljubuski.ba\\\/index.php\\\/2021\\\/07\\\/12\\\/krece-17-mnl-mz-grada-ljubuskog-izvlacenje-skupina-u-cetvrtak-15-srpnja\\\/#primaryimage\"},\"thumbnailUrl\":\"https:\\\/\\\/radioljubuski.ba\\\/wp-content\\\/uploads\\\/2021\\\/06\\\/mnl.jpg\",\"articleSection\":[\"Ljubu\u0161ki\"],\"inLanguage\":\"hr\"},{\"@type\":\"WebPage\",\"@id\":\"https:\\\/\\\/radioljubuski.ba\\\/index.php\\\/2021\\\/07\\\/12\\\/krece-17-mnl-mz-grada-ljubuskog-izvlacenje-skupina-u-cetvrtak-15-srpnja\\\/\",\"url\":\"https:\\\/\\\/radioljubuski.ba\\\/index.php\\\/2021\\\/07\\\/12\\\/krece-17-mnl-mz-grada-ljubuskog-izvlacenje-skupina-u-cetvrtak-15-srpnja\\\/\",\"name\":\"Kre\u0107e 17. MNL MZ Grada Ljubu\u0161kog, izvla\u010denje skupina u \u010detvrtak, 15. srpnja - RADIO LJUBU\u0160KI\",\"isPartOf\":{\"@id\":\"https:\\\/\\\/radioljubuski.ba\\\/#website\"},\"primaryImageOfPage\":{\"@id\":\"https:\\\/\\\/radioljubuski.ba\\\/index.php\\\/2021\\\/07\\\/12\\\/krece-17-mnl-mz-grada-ljubuskog-izvlacenje-skupina-u-cetvrtak-15-srpnja\\\/#primaryimage\"},\"image\":{\"@id\":\"https:\\\/\\\/radioljubuski.ba\\\/index.php\\\/2021\\\/07\\\/12\\\/krece-17-mnl-mz-grada-ljubuskog-izvlacenje-skupina-u-cetvrtak-15-srpnja\\\/#primaryimage\"},\"thumbnailUrl\":\"https:\\\/\\\/radioljubuski.ba\\\/wp-content\\\/uploads\\\/2021\\\/06\\\/mnl.jpg\",\"datePublished\":\"2021-07-12T07:47:41+00:00\",\"dateModified\":\"2021-07-12T07:47:42+00:00\",\"breadcrumb\":{\"@id\":\"https:\\\/\\\/radioljubuski.ba\\\/index.php\\\/2021\\\/07\\\/12\\\/krece-17-mnl-mz-grada-ljubuskog-izvlacenje-skupina-u-cetvrtak-15-srpnja\\\/#breadcrumb\"},\"inLanguage\":\"hr\",\"potentialAction\":[{\"@type\":\"ReadAction\",\"target\":[\"https:\\\/\\\/radioljubuski.ba\\\/index.php\\\/2021\\\/07\\\/12\\\/krece-17-mnl-mz-grada-ljubuskog-izvlacenje-skupina-u-cetvrtak-15-srpnja\\\/\"]}]},{\"@type\":\"ImageObject\",\"inLanguage\":\"hr\",\"@id\":\"https:\\\/\\\/radioljubuski.ba\\\/index.php\\\/2021\\\/07\\\/12\\\/krece-17-mnl-mz-grada-ljubuskog-izvlacenje-skupina-u-cetvrtak-15-srpnja\\\/#primaryimage\",\"url\":\"https:\\\/\\\/radioljubuski.ba\\\/wp-content\\\/uploads\\\/2021\\\/06\\\/mnl.jpg\",\"contentUrl\":\"https:\\\/\\\/radioljubuski.ba\\\/wp-content\\\/uploads\\\/2021\\\/06\\\/mnl.jpg\",\"width\":1024,\"height\":682},{\"@type\":\"BreadcrumbList\",\"@id\":\"https:\\\/\\\/radioljubuski.ba\\\/index.php\\\/2021\\\/07\\\/12\\\/krece-17-mnl-mz-grada-ljubuskog-izvlacenje-skupina-u-cetvrtak-15-srpnja\\\/#breadcrumb\",\"itemListElement\":[{\"@type\":\"ListItem\",\"position\":1,\"name\":\"Po\u010detna stranica\",\"item\":\"https:\\\/\\\/radioljubuski.ba\\\/\"},{\"@type\":\"ListItem\",\"position\":2,\"name\":\"Kre\u0107e 17. MNL MZ Grada Ljubu\u0161kog, izvla\u010denje skupina u \u010detvrtak, 15. srpnja\"}]},{\"@type\":\"WebSite\",\"@id\":\"https:\\\/\\\/radioljubuski.ba\\\/#website\",\"url\":\"https:\\\/\\\/radioljubuski.ba\\\/\",\"name\":\"Radio Ljubu\u0161ki\",\"description\":\"Sun\u010dana frekvencija Hercegovine\",\"publisher\":{\"@id\":\"https:\\\/\\\/radioljubuski.ba\\\/#organization\"},\"potentialAction\":[{\"@type\":\"SearchAction\",\"target\":{\"@type\":\"EntryPoint\",\"urlTemplate\":\"https:\\\/\\\/radioljubuski.ba\\\/?s={search_term_string}\"},\"query-input\":{\"@type\":\"PropertyValueSpecification\",\"valueRequired\":true,\"valueName\":\"search_term_string\"}}],\"inLanguage\":\"hr\"},{\"@type\":\"Organization\",\"@id\":\"https:\\\/\\\/radioljubuski.ba\\\/#organization\",\"name\":\"Radio Ljubu\u0161ki\",\"url\":\"https:\\\/\\\/radioljubuski.ba\\\/\",\"logo\":{\"@type\":\"ImageObject\",\"inLanguage\":\"hr\",\"@id\":\"https:\\\/\\\/radioljubuski.ba\\\/#\\\/schema\\\/logo\\\/image\\\/\",\"url\":\"https:\\\/\\\/radioljubuski.ba\\\/wp-content\\\/uploads\\\/2021\\\/02\\\/cropped-Radio_Ljubuski_logo1.jpg\",\"contentUrl\":\"https:\\\/\\\/radioljubuski.ba\\\/wp-content\\\/uploads\\\/2021\\\/02\\\/cropped-Radio_Ljubuski_logo1.jpg\",\"width\":512,\"height\":512,\"caption\":\"Radio Ljubu\u0161ki\"},\"image\":{\"@id\":\"https:\\\/\\\/radioljubuski.ba\\\/#\\\/schema\\\/logo\\\/image\\\/\"},\"sameAs\":[\"https:\\\/\\\/www.facebook.com\\\/Radiio-Ljubuski-1490835324566332\",\"https:\\\/\\\/x.com\\\/radioljubuski\",\"https:\\\/\\\/hr.linkedin.com\\\/company\\\/radio-ljubuski\",\"https:\\\/\\\/www.youtube.com\\\/channel\\\/UCHYaeO_n0Db3tjNGudGpXyw\"]},{\"@type\":\"Person\",\"@id\":\"https:\\\/\\\/radioljubuski.ba\\\/#\\\/schema\\\/person\\\/19fc700381a780f69665d7956c469e3b\",\"name\":\"Radio Ljubu\u0161ki\"}]}<\/script>\n<!-- \/ Yoast SEO plugin. -->","yoast_head_json":{"title":"Kre\u0107e 17. MNL MZ Grada Ljubu\u0161kog, izvla\u010denje skupina u \u010detvrtak, 15. srpnja - RADIO LJUBU\u0160KI","robots":{"index":"index","follow":"follow","max-snippet":"max-snippet:-1","max-image-preview":"max-image-preview:large","max-video-preview":"max-video-preview:-1"},"canonical":"https:\/\/radioljubuski.ba\/index.php\/2021\/07\/12\/krece-17-mnl-mz-grada-ljubuskog-izvlacenje-skupina-u-cetvrtak-15-srpnja\/","og_locale":"hr_HR","og_type":"article","og_title":"Kre\u0107e 17. MNL MZ Grada Ljubu\u0161kog, izvla\u010denje skupina u \u010detvrtak, 15. srpnja - RADIO LJUBU\u0160KI","og_description":"Javna ustanova &#8220;Kulturno-\u0161portski centar&#8221; Ljubu\u0161ki kre\u0107e s MNL MZ Grada Ljubu\u0161kog. Usporedo s ligom starijih, igrat \u0107e se i deseta po redu liga mladih za igra\u010de do 16 godina starosti. Izvla\u010denje skupina i utvr\u0111ivanje rasporeda utakmica odr\u017eat \u0107e se u \u010detvrtak, 15. srpnja u 10.00 sati u prostorijama Knji\u017enice Ljubu\u0161ki. Sustav natjecanja 17. MNL MZ [&hellip;]","og_url":"https:\/\/radioljubuski.ba\/index.php\/2021\/07\/12\/krece-17-mnl-mz-grada-ljubuskog-izvlacenje-skupina-u-cetvrtak-15-srpnja\/","og_site_name":"RADIO LJUBU\u0160KI","article_publisher":"https:\/\/www.facebook.com\/Radiio-Ljubuski-1490835324566332","article_published_time":"2021-07-12T07:47:41+00:00","article_modified_time":"2021-07-12T07:47:42+00:00","og_image":[{"width":1024,"height":682,"url":"https:\/\/radioljubuski.ba\/wp-content\/uploads\/2021\/06\/mnl.jpg","type":"image\/jpeg"}],"author":"Radio Ljubu\u0161ki","twitter_card":"summary_large_image","twitter_creator":"@radioljubuski","twitter_site":"@radioljubuski","twitter_misc":{"Napisao\/la":"Radio Ljubu\u0161ki","Procijenjeno vrijeme \u010ditanja":"1 minuta"},"schema":{"@context":"https:\/\/schema.org","@graph":[{"@type":"Article","@id":"https:\/\/radioljubuski.ba\/index.php\/2021\/07\/12\/krece-17-mnl-mz-grada-ljubuskog-izvlacenje-skupina-u-cetvrtak-15-srpnja\/#article","isPartOf":{"@id":"https:\/\/radioljubuski.ba\/index.php\/2021\/07\/12\/krece-17-mnl-mz-grada-ljubuskog-izvlacenje-skupina-u-cetvrtak-15-srpnja\/"},"author":{"name":"Radio Ljubu\u0161ki","@id":"https:\/\/radioljubuski.ba\/#\/schema\/person\/19fc700381a780f69665d7956c469e3b"},"headline":"Kre\u0107e 17. MNL MZ Grada Ljubu\u0161kog, izvla\u010denje skupina u \u010detvrtak, 15. srpnja","datePublished":"2021-07-12T07:47:41+00:00","dateModified":"2021-07-12T07:47:42+00:00","mainEntityOfPage":{"@id":"https:\/\/radioljubuski.ba\/index.php\/2021\/07\/12\/krece-17-mnl-mz-grada-ljubuskog-izvlacenje-skupina-u-cetvrtak-15-srpnja\/"},"wordCount":142,"publisher":{"@id":"https:\/\/radioljubuski.ba\/#organization"},"image":{"@id":"https:\/\/radioljubuski.ba\/index.php\/2021\/07\/12\/krece-17-mnl-mz-grada-ljubuskog-izvlacenje-skupina-u-cetvrtak-15-srpnja\/#primaryimage"},"thumbnailUrl":"https:\/\/radioljubuski.ba\/wp-content\/uploads\/2021\/06\/mnl.jpg","articleSection":["Ljubu\u0161ki"],"inLanguage":"hr"},{"@type":"WebPage","@id":"https:\/\/radioljubuski.ba\/index.php\/2021\/07\/12\/krece-17-mnl-mz-grada-ljubuskog-izvlacenje-skupina-u-cetvrtak-15-srpnja\/","url":"https:\/\/radioljubuski.ba\/index.php\/2021\/07\/12\/krece-17-mnl-mz-grada-ljubuskog-izvlacenje-skupina-u-cetvrtak-15-srpnja\/","name":"Kre\u0107e 17. MNL MZ Grada Ljubu\u0161kog, izvla\u010denje skupina u \u010detvrtak, 15. srpnja - RADIO LJUBU\u0160KI","isPartOf":{"@id":"https:\/\/radioljubuski.ba\/#website"},"primaryImageOfPage":{"@id":"https:\/\/radioljubuski.ba\/index.php\/2021\/07\/12\/krece-17-mnl-mz-grada-ljubuskog-izvlacenje-skupina-u-cetvrtak-15-srpnja\/#primaryimage"},"image":{"@id":"https:\/\/radioljubuski.ba\/index.php\/2021\/07\/12\/krece-17-mnl-mz-grada-ljubuskog-izvlacenje-skupina-u-cetvrtak-15-srpnja\/#primaryimage"},"thumbnailUrl":"https:\/\/radioljubuski.ba\/wp-content\/uploads\/2021\/06\/mnl.jpg","datePublished":"2021-07-12T07:47:41+00:00","dateModified":"2021-07-12T07:47:42+00:00","breadcrumb":{"@id":"https:\/\/radioljubuski.ba\/index.php\/2021\/07\/12\/krece-17-mnl-mz-grada-ljubuskog-izvlacenje-skupina-u-cetvrtak-15-srpnja\/#breadcrumb"},"inLanguage":"hr","potentialAction":[{"@type":"ReadAction","target":["https:\/\/radioljubuski.ba\/index.php\/2021\/07\/12\/krece-17-mnl-mz-grada-ljubuskog-izvlacenje-skupina-u-cetvrtak-15-srpnja\/"]}]},{"@type":"ImageObject","inLanguage":"hr","@id":"https:\/\/radioljubuski.ba\/index.php\/2021\/07\/12\/krece-17-mnl-mz-grada-ljubuskog-izvlacenje-skupina-u-cetvrtak-15-srpnja\/#primaryimage","url":"https:\/\/radioljubuski.ba\/wp-content\/uploads\/2021\/06\/mnl.jpg","contentUrl":"https:\/\/radioljubuski.ba\/wp-content\/uploads\/2021\/06\/mnl.jpg","width":1024,"height":682},{"@type":"BreadcrumbList","@id":"https:\/\/radioljubuski.ba\/index.php\/2021\/07\/12\/krece-17-mnl-mz-grada-ljubuskog-izvlacenje-skupina-u-cetvrtak-15-srpnja\/#breadcrumb","itemListElement":[{"@type":"ListItem","position":1,"name":"Po\u010detna stranica","item":"https:\/\/radioljubuski.ba\/"},{"@type":"ListItem","position":2,"name":"Kre\u0107e 17. MNL MZ Grada Ljubu\u0161kog, izvla\u010denje skupina u \u010detvrtak, 15. srpnja"}]},{"@type":"WebSite","@id":"https:\/\/radioljubuski.ba\/#website","url":"https:\/\/radioljubuski.ba\/","name":"Radio Ljubu\u0161ki","description":"Sun\u010dana frekvencija Hercegovine","publisher":{"@id":"https:\/\/radioljubuski.ba\/#organization"},"potentialAction":[{"@type":"SearchAction","target":{"@type":"EntryPoint","urlTemplate":"https:\/\/radioljubuski.ba\/?s={search_term_string}"},"query-input":{"@type":"PropertyValueSpecification","valueRequired":true,"valueName":"search_term_string"}}],"inLanguage":"hr"},{"@type":"Organization","@id":"https:\/\/radioljubuski.ba\/#organization","name":"Radio Ljubu\u0161ki","url":"https:\/\/radioljubuski.ba\/","logo":{"@type":"ImageObject","inLanguage":"hr","@id":"https:\/\/radioljubuski.ba\/#\/schema\/logo\/image\/","url":"https:\/\/radioljubuski.ba\/wp-content\/uploads\/2021\/02\/cropped-Radio_Ljubuski_logo1.jpg","contentUrl":"https:\/\/radioljubuski.ba\/wp-content\/uploads\/2021\/02\/cropped-Radio_Ljubuski_logo1.jpg","width":512,"height":512,"caption":"Radio Ljubu\u0161ki"},"image":{"@id":"https:\/\/radioljubuski.ba\/#\/schema\/logo\/image\/"},"sameAs":["https:\/\/www.facebook.com\/Radiio-Ljubuski-1490835324566332","https:\/\/x.com\/radioljubuski","https:\/\/hr.linkedin.com\/company\/radio-ljubuski","https:\/\/www.youtube.com\/channel\/UCHYaeO_n0Db3tjNGudGpXyw"]},{"@type":"Person","@id":"https:\/\/radioljubuski.ba\/#\/schema\/person\/19fc700381a780f69665d7956c469e3b","name":"Radio Ljubu\u0161ki"}]}},"_links":{"self":[{"href":"https:\/\/radioljubuski.ba\/index.php\/wp-json\/wp\/v2\/posts\/41651","targetHints":{"allow":["GET"]}}],"collection":[{"href":"https:\/\/radioljubuski.ba\/index.php\/wp-json\/wp\/v2\/posts"}],"about":[{"href":"https:\/\/radioljubuski.ba\/index.php\/wp-json\/wp\/v2\/types\/post"}],"author":[{"embeddable":true,"href":"https:\/\/radioljubuski.ba\/index.php\/wp-json\/wp\/v2\/users\/2"}],"replies":[{"embeddable":true,"href":"https:\/\/radioljubuski.ba\/index.php\/wp-json\/wp\/v2\/comments?post=41651"}],"version-history":[{"count":1,"href":"https:\/\/radioljubuski.ba\/index.php\/wp-json\/wp\/v2\/posts\/41651\/revisions"}],"predecessor-version":[{"id":41652,"href":"https:\/\/radioljubuski.ba\/index.php\/wp-json\/wp\/v2\/posts\/41651\/revisions\/41652"}],"wp:featuredmedia":[{"embeddable":true,"href":"https:\/\/radioljubuski.ba\/index.php\/wp-json\/wp\/v2\/media\/35191"}],"wp:attachment":[{"href":"https:\/\/radioljubuski.ba\/index.php\/wp-json\/wp\/v2\/media?parent=41651"}],"wp:term":[{"taxonomy":"category","embeddable":true,"href":"https:\/\/radioljubuski.ba\/index.php\/wp-json\/wp\/v2\/categories?post=41651"},{"taxonomy":"post_tag","embeddable":true,"href":"https:\/\/radioljubuski.ba\/index.php\/wp-json\/wp\/v2\/tags?post=41651"}],"curies":[{"name":"wp","href":"https:\/\/api.w.org\/{rel}","templated":true}]}}