{"id":41669,"date":"2021-07-12T09:10:40","date_gmt":"2021-07-12T08:10:40","guid":{"rendered":"https:\/\/radioljubuski.ba\/?p=41669"},"modified":"2021-07-12T09:10:42","modified_gmt":"2021-07-12T08:10:42","slug":"povratak-na-staro-cekaju-i-grudani-i-imocani-zivot-bez-druzenja-je-nezamisliv","status":"publish","type":"post","link":"https:\/\/radioljubuski.ba\/index.php\/2021\/07\/12\/povratak-na-staro-cekaju-i-grudani-i-imocani-zivot-bez-druzenja-je-nezamisliv\/","title":{"rendered":"Povratak na staro \u010dekaju i Gru\u0111ani i Imo\u0107ani: \u017divot bez dru\u017eenja je nezamisliv"},"content":{"rendered":"\n<p>Da je vi\u0161e \u201camerikanizacije\u201d u BiH, bez problema bi \u010dovjek koji \u017eivi izme\u0111u BiH i Hrvatske mogao snimiti seriju \u201c\u017divot na granici\u201d. Pri\u010de kojih smo se naslu\u0161ali od devedesetih, kada je granica sve podijelila, do danas su i radosne, i tu\u017ene, i zanimljive i intrigantne,&nbsp;pi\u0161e&nbsp;<strong>Ve\u010dernji list BiH.<br><\/strong><\/p>\n\n\n\n<p>&nbsp;Prije pandemije koronavirusa i ekipa Ve\u010dernjaka rado je navra\u0107ala do granice izme\u0111u Gruda i Imotskog pa da malo \u201cna onu stranu\u201d vidimo kako \u017eive Imo\u0107ani, a onda u pograni\u010dna podru\u010dja op\u0107ine Grude. I uvijek je tu bilo dinami\u010dno.<br><br>&nbsp;<br>Iz RH naj\u010de\u0161\u0107e Imo\u0107ani i Spli\u0107ani do\u0111u kupiti prehrambene proizvode, odje\u0107u, obu\u0107u, koji kilograma duhana, ovisno o tome koliko ga se mo\u017ee prenijeti, a onda u Imotski navrate Gru\u0111ani, Posu\u0161ani, zanimljivi su im Lidl i Park&amp;Shop, i sve je funkcioniralo. Na\u017ealost, stigla je korona. U Gorici, u op\u0107ini Grude, kod jednog smo od najprepoznatljivijih brendova s bh. strane &#8211; prodajnoga centra Prodex<strong>.&nbsp;<br><\/strong><\/p>\n\n\n\n<p>\u00a0<strong>Pojednostaviti informacije<br><\/strong><br>\u00a0U centru pitamo koliko se sve promijenilo u odnosu na ranije.<br><\/p>\n\n\n\n<p>&nbsp;&#8211; Ve\u0107inom dolazi stanovni\u0161tvo koje je procijepljeno, sva ova ograni\u010denja, ovo od mogu\u0107nosti boravka 12 sati, stvorila su problem i pomutnju onima koji \u017eele ovdje kupovati. Istina da je posljednjih tjedana ne\u0161to bolja situacija jer mjere nisu tako rigorozne kao ranije, ali i dalje \u010dekamo ona prava popu\u0161tanja mjera &#8211; govori nam Mario Kordi\u0107 iz Prodexa.<\/p>\n\n\n\n<p>Nagla\u0161ava kako je najve\u0107i problem \u0161to sve predugo traje.<br><\/p>\n\n\n\n<p>\u00a0&#8211; Kupci su ovdje dolazili po osnovne \u017eivotne namirnice, kupovali proizvode na akcijskoj ponudi, tra\u017eili povrat poreza, a onda je odjednom sve prestalo. Sad se stvari polagano vra\u0107aju, a mo\u017eda bi i ostali na\u0161i stari kupci iz Dalmacije dolazili da imaju stopostotne informacije o prelasku granice, me\u0111utim, \u010dini se da se i ova pravila tuma\u010de na razli\u010dite na\u010dine. Ljudima treba jasno objasniti mogu li do\u0107i u BiH i vratiti se u RH u okviru tih spominjanih 12 sati, a bez posebnih zavrzlama i odmah bi bilo druk\u010dije. Mi i dalje radimo najbolje \u0161to mo\u017eemo, prehrambeni artikli su nam uvijek svje\u017ei i kvalitetni, kao i sve ostalo, stoga \u0107emo spremno do\u010dekati povratak na staro, nadamo se, \u0161to skorije &#8211; pri\u010da nam Kordi\u0107. \n\n\n\n<p>S \u201cone strane granice\u201d susre\u0107emo novinara Miju Zidara koji je dobro upu\u0107en u sve \u0161to se doga\u0111a.<br><\/p>\n\n\n\n<p>&nbsp;&#8211; Ljudi s jedne i druge strane neprirodne granice upu\u0107eni su jedni na druge, pa je stro\u017ei re\u017eim prelaska sve zatekao. Bez obzira na to govorimo li o gospodarstvenicima ili obi\u010dnom, malom \u010dovjeku, \u017eivoti su nam svima ote\u017eani. Ipak, mnogi su se cijepili ili preboljeli COVID-19, pa s potvrdama mogu prije\u0107i granicu. Moram priznati da nismo o\u010dekivali da \u0107e zabrana prelaska ovoliko trajati, posebno u\u0107i u turisti\u010dku sezonu. S druge strane, moramo biti svjesni da je puno toga do nas, do toga koliko \u0107emo se pridr\u017eavati mjera i suzbiti \u0161irenje koronavirusa. Situacija s procijepljeno\u0161\u0107u u Imotskom je dobra, a Nastavni zavod za javno zdravstvo Splitsko-dalmatinske \u017eupanije organizirao je i u Imotskom masovno cijepljenje na koje su se gra\u0111ani odazvali. Naravno, ima onih koji se ne \u017eele cijepiti i to je njihovo pravo, ali svaka odluka za sobom nosi posljedice kojih moramo biti itekako svjesni &#8211; ka\u017ee nam Zidar.<br><\/p>\n\n\n\n<p>&nbsp;Upozorava upravo na tu \u010dinjenicu da gospodarstvo pati.<br><\/p>\n\n\n\n<p>&nbsp;&#8211; Smatram kako nam je svima od velike va\u017enosti da se \u0161to prije vratimo u normalan \u017eivot, pa i na normalan re\u017eim prelaska granice. Ovako pati gospodarstvo i s jedne i druge strane, a malom \u010dovjeku je zakompliciran \u017eivot. Svadbena industrija, koja je vezana uz jednu i drugu stranu granice, tako\u0111er pro\u017eivljava veliku krizu &#8211; govori nam. Vjeruje da \u0107e opet do\u0107i vrijeme dru\u017eenja i okupljanja.<br><\/p>\n\n\n\n<p>&#8211; Dugoro\u010dno gledano, ne vjerujem da nas i\u0161ta, pa i ove mjere, mogu razdvojiti jer je ve\u0107 desetlje\u0107ima nemogu\u0107e zamisliti \u017eivot bez dru\u017eenja, ali i gospodarskih tokova na prekograni\u010dnoj razini. Ljudi su se uvijek dru\u017eili jedni s drugima i trgovali na obje strane granice. Treba biti strpljiv i po\u0161tivati sve \u0161to je struka odlu\u010dila, a onda \u0107e biti i vremena i razloga za dru\u017eenja, proslave i okupljanja &#8211; zavr\u0161io je Zidar.<br><\/p>\n\n\n\n<p><a href=\"https:\/\/www.vecernji.ba\/vijesti\/ljudi-s-obiju-strana-granice-oduvijek-su-se-druzili-i-trgovali-1506626?fbclid=IwAR31yyR3wK6EhnPFwMqR9beF3viJ_w0jOxj1of_3TCVfs59SjUbMSgRNsGc\" target=\"_blank\" rel=\"noreferrer noopener\"><em><strong>Izvor: Vecernji.ba<\/strong><\/em><\/a><\/p>\n","protected":false},"excerpt":{"rendered":"<p>Da je vi\u0161e \u201camerikanizacije\u201d u BiH, bez problema bi \u010dovjek koji \u017eivi izme\u0111u BiH i Hrvatske mogao snimiti seriju \u201c\u017divot na granici\u201d. Pri\u010de kojih smo se naslu\u0161ali od devedesetih, kada je granica sve podijelila, do danas su i radosne, i tu\u017ene, i zanimljive i intrigantne,&nbsp;pi\u0161e&nbsp;Ve\u010dernji list BiH. &nbsp;Prije pandemije koronavirusa i ekipa Ve\u010dernjaka rado je [&hellip;]<\/p>\n","protected":false},"author":2,"featured_media":33199,"comment_status":"closed","ping_status":"closed","sticky":false,"template":"","format":"standard","meta":{"h5ap_radio_sources":[],"footnotes":""},"categories":[1],"tags":[],"class_list":["post-41669","post","type-post","status-publish","format-standard","has-post-thumbnail","hentry","category-bihiregija"],"yoast_head":"<!-- This site is optimized with the Yoast SEO plugin v27.4 - https:\/\/yoast.com\/product\/yoast-seo-wordpress\/ -->\n<title>Povratak na staro \u010dekaju i Gru\u0111ani i Imo\u0107ani: \u017divot bez dru\u017eenja je nezamisliv - RADIO LJUBU\u0160KI<\/title>\n<meta name=\"robots\" content=\"index, follow, max-snippet:-1, max-image-preview:large, max-video-preview:-1\" \/>\n<link rel=\"canonical\" href=\"https:\/\/radioljubuski.ba\/index.php\/2021\/07\/12\/povratak-na-staro-cekaju-i-grudani-i-imocani-zivot-bez-druzenja-je-nezamisliv\/\" \/>\n<meta property=\"og:locale\" content=\"hr_HR\" \/>\n<meta property=\"og:type\" content=\"article\" \/>\n<meta property=\"og:title\" content=\"Povratak na staro \u010dekaju i Gru\u0111ani i Imo\u0107ani: \u017divot bez dru\u017eenja je nezamisliv - RADIO LJUBU\u0160KI\" \/>\n<meta property=\"og:description\" content=\"Da je vi\u0161e \u201camerikanizacije\u201d u BiH, bez problema bi \u010dovjek koji \u017eivi izme\u0111u BiH i Hrvatske mogao snimiti seriju \u201c\u017divot na granici\u201d. Pri\u010de kojih smo se naslu\u0161ali od devedesetih, kada je granica sve podijelila, do danas su i radosne, i tu\u017ene, i zanimljive i intrigantne,&nbsp;pi\u0161e&nbsp;Ve\u010dernji list BiH. &nbsp;Prije pandemije koronavirusa i ekipa Ve\u010dernjaka rado je [&hellip;]\" \/>\n<meta property=\"og:url\" content=\"https:\/\/radioljubuski.ba\/index.php\/2021\/07\/12\/povratak-na-staro-cekaju-i-grudani-i-imocani-zivot-bez-druzenja-je-nezamisliv\/\" \/>\n<meta property=\"og:site_name\" content=\"RADIO LJUBU\u0160KI\" \/>\n<meta property=\"article:publisher\" content=\"https:\/\/www.facebook.com\/Radiio-Ljubuski-1490835324566332\" \/>\n<meta property=\"article:published_time\" content=\"2021-07-12T08:10:40+00:00\" \/>\n<meta property=\"article:modified_time\" content=\"2021-07-12T08:10:42+00:00\" \/>\n<meta property=\"og:image\" content=\"https:\/\/radioljubuski.ba\/wp-content\/uploads\/2021\/06\/eu-granica.jpg\" \/>\n\t<meta property=\"og:image:width\" content=\"860\" \/>\n\t<meta property=\"og:image:height\" content=\"573\" \/>\n\t<meta property=\"og:image:type\" content=\"image\/jpeg\" \/>\n<meta name=\"author\" content=\"Radio Ljubu\u0161ki\" \/>\n<meta name=\"twitter:card\" content=\"summary_large_image\" \/>\n<meta name=\"twitter:creator\" content=\"@radioljubuski\" \/>\n<meta name=\"twitter:site\" content=\"@radioljubuski\" \/>\n<meta name=\"twitter:label1\" content=\"Napisao\/la\" \/>\n\t<meta name=\"twitter:data1\" content=\"Radio Ljubu\u0161ki\" \/>\n\t<meta name=\"twitter:label2\" content=\"Procijenjeno vrijeme \u010ditanja\" \/>\n\t<meta name=\"twitter:data2\" content=\"3 minute\" \/>\n<script type=\"application\/ld+json\" class=\"yoast-schema-graph\">{\"@context\":\"https:\\\/\\\/schema.org\",\"@graph\":[{\"@type\":\"Article\",\"@id\":\"https:\\\/\\\/radioljubuski.ba\\\/index.php\\\/2021\\\/07\\\/12\\\/povratak-na-staro-cekaju-i-grudani-i-imocani-zivot-bez-druzenja-je-nezamisliv\\\/#article\",\"isPartOf\":{\"@id\":\"https:\\\/\\\/radioljubuski.ba\\\/index.php\\\/2021\\\/07\\\/12\\\/povratak-na-staro-cekaju-i-grudani-i-imocani-zivot-bez-druzenja-je-nezamisliv\\\/\"},\"author\":{\"name\":\"Radio Ljubu\u0161ki\",\"@id\":\"https:\\\/\\\/radioljubuski.ba\\\/#\\\/schema\\\/person\\\/19fc700381a780f69665d7956c469e3b\"},\"headline\":\"Povratak na staro \u010dekaju i Gru\u0111ani i Imo\u0107ani: \u017divot bez dru\u017eenja je nezamisliv\",\"datePublished\":\"2021-07-12T08:10:40+00:00\",\"dateModified\":\"2021-07-12T08:10:42+00:00\",\"mainEntityOfPage\":{\"@id\":\"https:\\\/\\\/radioljubuski.ba\\\/index.php\\\/2021\\\/07\\\/12\\\/povratak-na-staro-cekaju-i-grudani-i-imocani-zivot-bez-druzenja-je-nezamisliv\\\/\"},\"wordCount\":768,\"publisher\":{\"@id\":\"https:\\\/\\\/radioljubuski.ba\\\/#organization\"},\"image\":{\"@id\":\"https:\\\/\\\/radioljubuski.ba\\\/index.php\\\/2021\\\/07\\\/12\\\/povratak-na-staro-cekaju-i-grudani-i-imocani-zivot-bez-druzenja-je-nezamisliv\\\/#primaryimage\"},\"thumbnailUrl\":\"https:\\\/\\\/radioljubuski.ba\\\/wp-content\\\/uploads\\\/2021\\\/06\\\/eu-granica.jpg\",\"articleSection\":[\"BIH i regija\"],\"inLanguage\":\"hr\"},{\"@type\":\"WebPage\",\"@id\":\"https:\\\/\\\/radioljubuski.ba\\\/index.php\\\/2021\\\/07\\\/12\\\/povratak-na-staro-cekaju-i-grudani-i-imocani-zivot-bez-druzenja-je-nezamisliv\\\/\",\"url\":\"https:\\\/\\\/radioljubuski.ba\\\/index.php\\\/2021\\\/07\\\/12\\\/povratak-na-staro-cekaju-i-grudani-i-imocani-zivot-bez-druzenja-je-nezamisliv\\\/\",\"name\":\"Povratak na staro \u010dekaju i Gru\u0111ani i Imo\u0107ani: \u017divot bez dru\u017eenja je nezamisliv - RADIO LJUBU\u0160KI\",\"isPartOf\":{\"@id\":\"https:\\\/\\\/radioljubuski.ba\\\/#website\"},\"primaryImageOfPage\":{\"@id\":\"https:\\\/\\\/radioljubuski.ba\\\/index.php\\\/2021\\\/07\\\/12\\\/povratak-na-staro-cekaju-i-grudani-i-imocani-zivot-bez-druzenja-je-nezamisliv\\\/#primaryimage\"},\"image\":{\"@id\":\"https:\\\/\\\/radioljubuski.ba\\\/index.php\\\/2021\\\/07\\\/12\\\/povratak-na-staro-cekaju-i-grudani-i-imocani-zivot-bez-druzenja-je-nezamisliv\\\/#primaryimage\"},\"thumbnailUrl\":\"https:\\\/\\\/radioljubuski.ba\\\/wp-content\\\/uploads\\\/2021\\\/06\\\/eu-granica.jpg\",\"datePublished\":\"2021-07-12T08:10:40+00:00\",\"dateModified\":\"2021-07-12T08:10:42+00:00\",\"breadcrumb\":{\"@id\":\"https:\\\/\\\/radioljubuski.ba\\\/index.php\\\/2021\\\/07\\\/12\\\/povratak-na-staro-cekaju-i-grudani-i-imocani-zivot-bez-druzenja-je-nezamisliv\\\/#breadcrumb\"},\"inLanguage\":\"hr\",\"potentialAction\":[{\"@type\":\"ReadAction\",\"target\":[\"https:\\\/\\\/radioljubuski.ba\\\/index.php\\\/2021\\\/07\\\/12\\\/povratak-na-staro-cekaju-i-grudani-i-imocani-zivot-bez-druzenja-je-nezamisliv\\\/\"]}]},{\"@type\":\"ImageObject\",\"inLanguage\":\"hr\",\"@id\":\"https:\\\/\\\/radioljubuski.ba\\\/index.php\\\/2021\\\/07\\\/12\\\/povratak-na-staro-cekaju-i-grudani-i-imocani-zivot-bez-druzenja-je-nezamisliv\\\/#primaryimage\",\"url\":\"https:\\\/\\\/radioljubuski.ba\\\/wp-content\\\/uploads\\\/2021\\\/06\\\/eu-granica.jpg\",\"contentUrl\":\"https:\\\/\\\/radioljubuski.ba\\\/wp-content\\\/uploads\\\/2021\\\/06\\\/eu-granica.jpg\",\"width\":860,\"height\":573},{\"@type\":\"BreadcrumbList\",\"@id\":\"https:\\\/\\\/radioljubuski.ba\\\/index.php\\\/2021\\\/07\\\/12\\\/povratak-na-staro-cekaju-i-grudani-i-imocani-zivot-bez-druzenja-je-nezamisliv\\\/#breadcrumb\",\"itemListElement\":[{\"@type\":\"ListItem\",\"position\":1,\"name\":\"Po\u010detna stranica\",\"item\":\"https:\\\/\\\/radioljubuski.ba\\\/\"},{\"@type\":\"ListItem\",\"position\":2,\"name\":\"Povratak na staro \u010dekaju i Gru\u0111ani i Imo\u0107ani: \u017divot bez dru\u017eenja je nezamisliv\"}]},{\"@type\":\"WebSite\",\"@id\":\"https:\\\/\\\/radioljubuski.ba\\\/#website\",\"url\":\"https:\\\/\\\/radioljubuski.ba\\\/\",\"name\":\"Radio Ljubu\u0161ki\",\"description\":\"Sun\u010dana frekvencija Hercegovine\",\"publisher\":{\"@id\":\"https:\\\/\\\/radioljubuski.ba\\\/#organization\"},\"potentialAction\":[{\"@type\":\"SearchAction\",\"target\":{\"@type\":\"EntryPoint\",\"urlTemplate\":\"https:\\\/\\\/radioljubuski.ba\\\/?s={search_term_string}\"},\"query-input\":{\"@type\":\"PropertyValueSpecification\",\"valueRequired\":true,\"valueName\":\"search_term_string\"}}],\"inLanguage\":\"hr\"},{\"@type\":\"Organization\",\"@id\":\"https:\\\/\\\/radioljubuski.ba\\\/#organization\",\"name\":\"Radio Ljubu\u0161ki\",\"url\":\"https:\\\/\\\/radioljubuski.ba\\\/\",\"logo\":{\"@type\":\"ImageObject\",\"inLanguage\":\"hr\",\"@id\":\"https:\\\/\\\/radioljubuski.ba\\\/#\\\/schema\\\/logo\\\/image\\\/\",\"url\":\"https:\\\/\\\/radioljubuski.ba\\\/wp-content\\\/uploads\\\/2021\\\/02\\\/cropped-Radio_Ljubuski_logo1.jpg\",\"contentUrl\":\"https:\\\/\\\/radioljubuski.ba\\\/wp-content\\\/uploads\\\/2021\\\/02\\\/cropped-Radio_Ljubuski_logo1.jpg\",\"width\":512,\"height\":512,\"caption\":\"Radio Ljubu\u0161ki\"},\"image\":{\"@id\":\"https:\\\/\\\/radioljubuski.ba\\\/#\\\/schema\\\/logo\\\/image\\\/\"},\"sameAs\":[\"https:\\\/\\\/www.facebook.com\\\/Radiio-Ljubuski-1490835324566332\",\"https:\\\/\\\/x.com\\\/radioljubuski\",\"https:\\\/\\\/hr.linkedin.com\\\/company\\\/radio-ljubuski\",\"https:\\\/\\\/www.youtube.com\\\/channel\\\/UCHYaeO_n0Db3tjNGudGpXyw\"]},{\"@type\":\"Person\",\"@id\":\"https:\\\/\\\/radioljubuski.ba\\\/#\\\/schema\\\/person\\\/19fc700381a780f69665d7956c469e3b\",\"name\":\"Radio Ljubu\u0161ki\"}]}<\/script>\n<!-- \/ Yoast SEO plugin. -->","yoast_head_json":{"title":"Povratak na staro \u010dekaju i Gru\u0111ani i Imo\u0107ani: \u017divot bez dru\u017eenja je nezamisliv - RADIO LJUBU\u0160KI","robots":{"index":"index","follow":"follow","max-snippet":"max-snippet:-1","max-image-preview":"max-image-preview:large","max-video-preview":"max-video-preview:-1"},"canonical":"https:\/\/radioljubuski.ba\/index.php\/2021\/07\/12\/povratak-na-staro-cekaju-i-grudani-i-imocani-zivot-bez-druzenja-je-nezamisliv\/","og_locale":"hr_HR","og_type":"article","og_title":"Povratak na staro \u010dekaju i Gru\u0111ani i Imo\u0107ani: \u017divot bez dru\u017eenja je nezamisliv - RADIO LJUBU\u0160KI","og_description":"Da je vi\u0161e \u201camerikanizacije\u201d u BiH, bez problema bi \u010dovjek koji \u017eivi izme\u0111u BiH i Hrvatske mogao snimiti seriju \u201c\u017divot na granici\u201d. Pri\u010de kojih smo se naslu\u0161ali od devedesetih, kada je granica sve podijelila, do danas su i radosne, i tu\u017ene, i zanimljive i intrigantne,&nbsp;pi\u0161e&nbsp;Ve\u010dernji list BiH. &nbsp;Prije pandemije koronavirusa i ekipa Ve\u010dernjaka rado je [&hellip;]","og_url":"https:\/\/radioljubuski.ba\/index.php\/2021\/07\/12\/povratak-na-staro-cekaju-i-grudani-i-imocani-zivot-bez-druzenja-je-nezamisliv\/","og_site_name":"RADIO LJUBU\u0160KI","article_publisher":"https:\/\/www.facebook.com\/Radiio-Ljubuski-1490835324566332","article_published_time":"2021-07-12T08:10:40+00:00","article_modified_time":"2021-07-12T08:10:42+00:00","og_image":[{"width":860,"height":573,"url":"https:\/\/radioljubuski.ba\/wp-content\/uploads\/2021\/06\/eu-granica.jpg","type":"image\/jpeg"}],"author":"Radio Ljubu\u0161ki","twitter_card":"summary_large_image","twitter_creator":"@radioljubuski","twitter_site":"@radioljubuski","twitter_misc":{"Napisao\/la":"Radio Ljubu\u0161ki","Procijenjeno vrijeme \u010ditanja":"3 minute"},"schema":{"@context":"https:\/\/schema.org","@graph":[{"@type":"Article","@id":"https:\/\/radioljubuski.ba\/index.php\/2021\/07\/12\/povratak-na-staro-cekaju-i-grudani-i-imocani-zivot-bez-druzenja-je-nezamisliv\/#article","isPartOf":{"@id":"https:\/\/radioljubuski.ba\/index.php\/2021\/07\/12\/povratak-na-staro-cekaju-i-grudani-i-imocani-zivot-bez-druzenja-je-nezamisliv\/"},"author":{"name":"Radio Ljubu\u0161ki","@id":"https:\/\/radioljubuski.ba\/#\/schema\/person\/19fc700381a780f69665d7956c469e3b"},"headline":"Povratak na staro \u010dekaju i Gru\u0111ani i Imo\u0107ani: \u017divot bez dru\u017eenja je nezamisliv","datePublished":"2021-07-12T08:10:40+00:00","dateModified":"2021-07-12T08:10:42+00:00","mainEntityOfPage":{"@id":"https:\/\/radioljubuski.ba\/index.php\/2021\/07\/12\/povratak-na-staro-cekaju-i-grudani-i-imocani-zivot-bez-druzenja-je-nezamisliv\/"},"wordCount":768,"publisher":{"@id":"https:\/\/radioljubuski.ba\/#organization"},"image":{"@id":"https:\/\/radioljubuski.ba\/index.php\/2021\/07\/12\/povratak-na-staro-cekaju-i-grudani-i-imocani-zivot-bez-druzenja-je-nezamisliv\/#primaryimage"},"thumbnailUrl":"https:\/\/radioljubuski.ba\/wp-content\/uploads\/2021\/06\/eu-granica.jpg","articleSection":["BIH i regija"],"inLanguage":"hr"},{"@type":"WebPage","@id":"https:\/\/radioljubuski.ba\/index.php\/2021\/07\/12\/povratak-na-staro-cekaju-i-grudani-i-imocani-zivot-bez-druzenja-je-nezamisliv\/","url":"https:\/\/radioljubuski.ba\/index.php\/2021\/07\/12\/povratak-na-staro-cekaju-i-grudani-i-imocani-zivot-bez-druzenja-je-nezamisliv\/","name":"Povratak na staro \u010dekaju i Gru\u0111ani i Imo\u0107ani: \u017divot bez dru\u017eenja je nezamisliv - RADIO LJUBU\u0160KI","isPartOf":{"@id":"https:\/\/radioljubuski.ba\/#website"},"primaryImageOfPage":{"@id":"https:\/\/radioljubuski.ba\/index.php\/2021\/07\/12\/povratak-na-staro-cekaju-i-grudani-i-imocani-zivot-bez-druzenja-je-nezamisliv\/#primaryimage"},"image":{"@id":"https:\/\/radioljubuski.ba\/index.php\/2021\/07\/12\/povratak-na-staro-cekaju-i-grudani-i-imocani-zivot-bez-druzenja-je-nezamisliv\/#primaryimage"},"thumbnailUrl":"https:\/\/radioljubuski.ba\/wp-content\/uploads\/2021\/06\/eu-granica.jpg","datePublished":"2021-07-12T08:10:40+00:00","dateModified":"2021-07-12T08:10:42+00:00","breadcrumb":{"@id":"https:\/\/radioljubuski.ba\/index.php\/2021\/07\/12\/povratak-na-staro-cekaju-i-grudani-i-imocani-zivot-bez-druzenja-je-nezamisliv\/#breadcrumb"},"inLanguage":"hr","potentialAction":[{"@type":"ReadAction","target":["https:\/\/radioljubuski.ba\/index.php\/2021\/07\/12\/povratak-na-staro-cekaju-i-grudani-i-imocani-zivot-bez-druzenja-je-nezamisliv\/"]}]},{"@type":"ImageObject","inLanguage":"hr","@id":"https:\/\/radioljubuski.ba\/index.php\/2021\/07\/12\/povratak-na-staro-cekaju-i-grudani-i-imocani-zivot-bez-druzenja-je-nezamisliv\/#primaryimage","url":"https:\/\/radioljubuski.ba\/wp-content\/uploads\/2021\/06\/eu-granica.jpg","contentUrl":"https:\/\/radioljubuski.ba\/wp-content\/uploads\/2021\/06\/eu-granica.jpg","width":860,"height":573},{"@type":"BreadcrumbList","@id":"https:\/\/radioljubuski.ba\/index.php\/2021\/07\/12\/povratak-na-staro-cekaju-i-grudani-i-imocani-zivot-bez-druzenja-je-nezamisliv\/#breadcrumb","itemListElement":[{"@type":"ListItem","position":1,"name":"Po\u010detna stranica","item":"https:\/\/radioljubuski.ba\/"},{"@type":"ListItem","position":2,"name":"Povratak na staro \u010dekaju i Gru\u0111ani i Imo\u0107ani: \u017divot bez dru\u017eenja je nezamisliv"}]},{"@type":"WebSite","@id":"https:\/\/radioljubuski.ba\/#website","url":"https:\/\/radioljubuski.ba\/","name":"Radio Ljubu\u0161ki","description":"Sun\u010dana frekvencija Hercegovine","publisher":{"@id":"https:\/\/radioljubuski.ba\/#organization"},"potentialAction":[{"@type":"SearchAction","target":{"@type":"EntryPoint","urlTemplate":"https:\/\/radioljubuski.ba\/?s={search_term_string}"},"query-input":{"@type":"PropertyValueSpecification","valueRequired":true,"valueName":"search_term_string"}}],"inLanguage":"hr"},{"@type":"Organization","@id":"https:\/\/radioljubuski.ba\/#organization","name":"Radio Ljubu\u0161ki","url":"https:\/\/radioljubuski.ba\/","logo":{"@type":"ImageObject","inLanguage":"hr","@id":"https:\/\/radioljubuski.ba\/#\/schema\/logo\/image\/","url":"https:\/\/radioljubuski.ba\/wp-content\/uploads\/2021\/02\/cropped-Radio_Ljubuski_logo1.jpg","contentUrl":"https:\/\/radioljubuski.ba\/wp-content\/uploads\/2021\/02\/cropped-Radio_Ljubuski_logo1.jpg","width":512,"height":512,"caption":"Radio Ljubu\u0161ki"},"image":{"@id":"https:\/\/radioljubuski.ba\/#\/schema\/logo\/image\/"},"sameAs":["https:\/\/www.facebook.com\/Radiio-Ljubuski-1490835324566332","https:\/\/x.com\/radioljubuski","https:\/\/hr.linkedin.com\/company\/radio-ljubuski","https:\/\/www.youtube.com\/channel\/UCHYaeO_n0Db3tjNGudGpXyw"]},{"@type":"Person","@id":"https:\/\/radioljubuski.ba\/#\/schema\/person\/19fc700381a780f69665d7956c469e3b","name":"Radio Ljubu\u0161ki"}]}},"_links":{"self":[{"href":"https:\/\/radioljubuski.ba\/index.php\/wp-json\/wp\/v2\/posts\/41669","targetHints":{"allow":["GET"]}}],"collection":[{"href":"https:\/\/radioljubuski.ba\/index.php\/wp-json\/wp\/v2\/posts"}],"about":[{"href":"https:\/\/radioljubuski.ba\/index.php\/wp-json\/wp\/v2\/types\/post"}],"author":[{"embeddable":true,"href":"https:\/\/radioljubuski.ba\/index.php\/wp-json\/wp\/v2\/users\/2"}],"replies":[{"embeddable":true,"href":"https:\/\/radioljubuski.ba\/index.php\/wp-json\/wp\/v2\/comments?post=41669"}],"version-history":[{"count":1,"href":"https:\/\/radioljubuski.ba\/index.php\/wp-json\/wp\/v2\/posts\/41669\/revisions"}],"predecessor-version":[{"id":41670,"href":"https:\/\/radioljubuski.ba\/index.php\/wp-json\/wp\/v2\/posts\/41669\/revisions\/41670"}],"wp:featuredmedia":[{"embeddable":true,"href":"https:\/\/radioljubuski.ba\/index.php\/wp-json\/wp\/v2\/media\/33199"}],"wp:attachment":[{"href":"https:\/\/radioljubuski.ba\/index.php\/wp-json\/wp\/v2\/media?parent=41669"}],"wp:term":[{"taxonomy":"category","embeddable":true,"href":"https:\/\/radioljubuski.ba\/index.php\/wp-json\/wp\/v2\/categories?post=41669"},{"taxonomy":"post_tag","embeddable":true,"href":"https:\/\/radioljubuski.ba\/index.php\/wp-json\/wp\/v2\/tags?post=41669"}],"curies":[{"name":"wp","href":"https:\/\/api.w.org\/{rel}","templated":true}]}}