{"id":419,"date":"2021-03-01T09:05:42","date_gmt":"2021-03-01T09:05:42","guid":{"rendered":"https:\/\/radioljubuski.ba\/?p=419"},"modified":"2021-03-01T09:05:42","modified_gmt":"2021-03-01T09:05:42","slug":"otvaraju-se-terase-kafica-i-restorana-dopusteni-treninzi-u-zatvorenom","status":"publish","type":"post","link":"https:\/\/radioljubuski.ba\/index.php\/2021\/03\/01\/otvaraju-se-terase-kafica-i-restorana-dopusteni-treninzi-u-zatvorenom\/","title":{"rendered":"Otvaraju se terase kafi\u0107a i restorana, dopu\u0161teni treninzi u zatvorenom"},"content":{"rendered":"\n<p>Nakon vi\u0161e od tri mjeseca ubla\u017eavaju se epidemiolo\u0161ke mjere u Hrvatskoj. Terase kafi\u0107a i restorana mo\u0107i \u0107e raditi od 6 do 22 sata. Zbog lo\u0161ije epidemiolo\u0161ke situacije nego u ostatku zemlje, terase ostaju zatvorene u Dubrova\u010dko-neretvanskoj \u017eupaniji. Od danas se dopu\u0161taju i\u00a0treninzi u zatvorenom, uz pridr\u017eavanje epidemiolo\u0161kih mjera.\u00a0<\/p>\n\n\n\n<p>\u0160ef Sto\u017eera i potpredsjednik Vlade\u00a0<strong>Davor Bo\u017einovi\u0107<\/strong>\u00a0kazao je da se prema novoj odluci gosti mogu poslu\u017eivati na terasama, od 6 ujutro do 22 sata, i to samo na otvorenim dijelovima objekata. Moraju se ukloniti pregrade na terasama kako bi kolao zrak. \u0160to se ti\u010de udaljenosti me\u0111u stolovima, ona \u0107e biti kao \u0161to je to bilo i prije, a to zna\u010di da stolovi moraju biti udaljeni tri metra kako bi se osigurao razmak me\u0111u gostima za razli\u010ditim stolovima od najmanje metra i pol.<br><br>Iako je bilo najavljeno da ne\u0107e biti glazbe u ugostiteljskim objektima, udruge glazbenika i ugostitelja postigle su dogovor sa Sto\u017eerom pa \u0107e glazba biti dopu\u0161tena uz uvjet da ne bude glasna. Na inicijativu Ministarstva kulture, ako glazbe ne bi bilo, onda ne bi funkcionirali mehanizmi autorskih prava glazbenika, pjeva\u010da, i tako dalje, pa se razmatra mogu\u0107nost da se ipak dopusti glazba, ali da se ograni\u010di brojem decibela. To je isklju\u010divo pu\u0161tanje muzike na radiju, CD-ima i tako dalje, komentirao je u subotu Krunoslav Capak, ravnatelj HZJZ-a u telefonskom razgovoru za HRT4.<\/p>\n\n\n\n<p>Ovisno o veli\u010dini terasa izra\u010dunava se najve\u0107i broj korisnika i mora biti vidljivo istaknut svima. Na ulazu mora biti dezinficijens.<br><br>Tako\u0111er, prilikom ulaska u zatvoreni dio ugostiteljskog objekta koji je dopu\u0161ten samo radi kori\u0161tenja toaleta, nu\u017eno je nositi masku. \u0160to se sporta ti\u010de, dopu\u0161teni su samo treninzi bez kontakta me\u0111u sporta\u0161ima. Dvorane se moraju redovito provjetravati i mo\u017ee biti jedna osoba na 20 \u010detvornih metara&nbsp;u dvorani i o tome mora biti izvje\u0161ena obavijest.<\/p>\n\n\n\n<p><br>Ministar zdravstva\u00a0<strong>Vili Bero\u0161<\/strong>\u00a0rekao je da je epidemiolo\u0161ka situacija neizvjesna te da se gra\u0111ani ne smiju opustiti, ako se ve\u0107 popu\u0161ta s mjerama. Pozvao je gra\u0111ane da budu odgovorni, da se dr\u017ee epidemiolo\u0161kih mjera te da se cijepe.<\/p>\n\n\n\n<p><strong>Izvor: HRT<\/strong><\/p>\n","protected":false},"excerpt":{"rendered":"<p>Nakon vi\u0161e od tri mjeseca ubla\u017eavaju se epidemiolo\u0161ke mjere u Hrvatskoj. Terase kafi\u0107a i restorana mo\u0107i \u0107e raditi od 6 do 22 sata. Zbog lo\u0161ije epidemiolo\u0161ke situacije nego u ostatku zemlje, terase ostaju zatvorene u Dubrova\u010dko-neretvanskoj \u017eupaniji. Od danas se dopu\u0161taju i\u00a0treninzi u zatvorenom, uz pridr\u017eavanje epidemiolo\u0161kih mjera.\u00a0 \u0160ef Sto\u017eera i potpredsjednik Vlade\u00a0Davor Bo\u017einovi\u0107\u00a0kazao je [&hellip;]<\/p>\n","protected":false},"author":2,"featured_media":420,"comment_status":"closed","ping_status":"closed","sticky":false,"template":"","format":"standard","meta":{"h5ap_radio_sources":[],"footnotes":""},"categories":[1],"tags":[],"class_list":["post-419","post","type-post","status-publish","format-standard","has-post-thumbnail","hentry","category-bihiregija"],"yoast_head":"<!-- This site is optimized with the Yoast SEO plugin v27.5 - https:\/\/yoast.com\/product\/yoast-seo-wordpress\/ -->\n<title>Otvaraju se terase kafi\u0107a i restorana, dopu\u0161teni treninzi u zatvorenom - RADIO LJUBU\u0160KI<\/title>\n<meta name=\"robots\" content=\"index, follow, max-snippet:-1, max-image-preview:large, max-video-preview:-1\" \/>\n<link rel=\"canonical\" href=\"https:\/\/radioljubuski.ba\/index.php\/2021\/03\/01\/otvaraju-se-terase-kafica-i-restorana-dopusteni-treninzi-u-zatvorenom\/\" \/>\n<meta property=\"og:locale\" content=\"hr_HR\" \/>\n<meta property=\"og:type\" content=\"article\" \/>\n<meta property=\"og:title\" content=\"Otvaraju se terase kafi\u0107a i restorana, dopu\u0161teni treninzi u zatvorenom - RADIO LJUBU\u0160KI\" \/>\n<meta property=\"og:description\" content=\"Nakon vi\u0161e od tri mjeseca ubla\u017eavaju se epidemiolo\u0161ke mjere u Hrvatskoj. Terase kafi\u0107a i restorana mo\u0107i \u0107e raditi od 6 do 22 sata. Zbog lo\u0161ije epidemiolo\u0161ke situacije nego u ostatku zemlje, terase ostaju zatvorene u Dubrova\u010dko-neretvanskoj \u017eupaniji. Od danas se dopu\u0161taju i\u00a0treninzi u zatvorenom, uz pridr\u017eavanje epidemiolo\u0161kih mjera.\u00a0 \u0160ef Sto\u017eera i potpredsjednik Vlade\u00a0Davor Bo\u017einovi\u0107\u00a0kazao je [&hellip;]\" \/>\n<meta property=\"og:url\" content=\"https:\/\/radioljubuski.ba\/index.php\/2021\/03\/01\/otvaraju-se-terase-kafica-i-restorana-dopusteni-treninzi-u-zatvorenom\/\" \/>\n<meta property=\"og:site_name\" content=\"RADIO LJUBU\u0160KI\" \/>\n<meta property=\"article:publisher\" content=\"https:\/\/www.facebook.com\/Radiio-Ljubuski-1490835324566332\" \/>\n<meta property=\"article:published_time\" content=\"2021-03-01T09:05:42+00:00\" \/>\n<meta property=\"og:image\" content=\"https:\/\/radioljubuski.ba\/wp-content\/uploads\/2021\/03\/terase.jpg\" \/>\n\t<meta property=\"og:image:width\" content=\"606\" \/>\n\t<meta property=\"og:image:height\" content=\"274\" \/>\n\t<meta property=\"og:image:type\" content=\"image\/jpeg\" \/>\n<meta name=\"author\" content=\"Radio Ljubu\u0161ki\" \/>\n<meta name=\"twitter:card\" content=\"summary_large_image\" \/>\n<meta name=\"twitter:creator\" content=\"@radioljubuski\" \/>\n<meta name=\"twitter:site\" content=\"@radioljubuski\" \/>\n<meta name=\"twitter:label1\" content=\"Napisao\/la\" \/>\n\t<meta name=\"twitter:data1\" content=\"Radio Ljubu\u0161ki\" \/>\n\t<meta name=\"twitter:label2\" content=\"Procijenjeno vrijeme \u010ditanja\" \/>\n\t<meta name=\"twitter:data2\" content=\"2 minute\" \/>\n<script type=\"application\/ld+json\" class=\"yoast-schema-graph\">{\"@context\":\"https:\\\/\\\/schema.org\",\"@graph\":[{\"@type\":\"Article\",\"@id\":\"https:\\\/\\\/radioljubuski.ba\\\/index.php\\\/2021\\\/03\\\/01\\\/otvaraju-se-terase-kafica-i-restorana-dopusteni-treninzi-u-zatvorenom\\\/#article\",\"isPartOf\":{\"@id\":\"https:\\\/\\\/radioljubuski.ba\\\/index.php\\\/2021\\\/03\\\/01\\\/otvaraju-se-terase-kafica-i-restorana-dopusteni-treninzi-u-zatvorenom\\\/\"},\"author\":{\"name\":\"Radio Ljubu\u0161ki\",\"@id\":\"https:\\\/\\\/radioljubuski.ba\\\/#\\\/schema\\\/person\\\/19fc700381a780f69665d7956c469e3b\"},\"headline\":\"Otvaraju se terase kafi\u0107a i restorana, dopu\u0161teni treninzi u zatvorenom\",\"datePublished\":\"2021-03-01T09:05:42+00:00\",\"mainEntityOfPage\":{\"@id\":\"https:\\\/\\\/radioljubuski.ba\\\/index.php\\\/2021\\\/03\\\/01\\\/otvaraju-se-terase-kafica-i-restorana-dopusteni-treninzi-u-zatvorenom\\\/\"},\"wordCount\":392,\"publisher\":{\"@id\":\"https:\\\/\\\/radioljubuski.ba\\\/#organization\"},\"image\":{\"@id\":\"https:\\\/\\\/radioljubuski.ba\\\/index.php\\\/2021\\\/03\\\/01\\\/otvaraju-se-terase-kafica-i-restorana-dopusteni-treninzi-u-zatvorenom\\\/#primaryimage\"},\"thumbnailUrl\":\"https:\\\/\\\/radioljubuski.ba\\\/wp-content\\\/uploads\\\/2021\\\/03\\\/terase.jpg\",\"articleSection\":[\"BIH i regija\"],\"inLanguage\":\"hr\"},{\"@type\":\"WebPage\",\"@id\":\"https:\\\/\\\/radioljubuski.ba\\\/index.php\\\/2021\\\/03\\\/01\\\/otvaraju-se-terase-kafica-i-restorana-dopusteni-treninzi-u-zatvorenom\\\/\",\"url\":\"https:\\\/\\\/radioljubuski.ba\\\/index.php\\\/2021\\\/03\\\/01\\\/otvaraju-se-terase-kafica-i-restorana-dopusteni-treninzi-u-zatvorenom\\\/\",\"name\":\"Otvaraju se terase kafi\u0107a i restorana, dopu\u0161teni treninzi u zatvorenom - RADIO LJUBU\u0160KI\",\"isPartOf\":{\"@id\":\"https:\\\/\\\/radioljubuski.ba\\\/#website\"},\"primaryImageOfPage\":{\"@id\":\"https:\\\/\\\/radioljubuski.ba\\\/index.php\\\/2021\\\/03\\\/01\\\/otvaraju-se-terase-kafica-i-restorana-dopusteni-treninzi-u-zatvorenom\\\/#primaryimage\"},\"image\":{\"@id\":\"https:\\\/\\\/radioljubuski.ba\\\/index.php\\\/2021\\\/03\\\/01\\\/otvaraju-se-terase-kafica-i-restorana-dopusteni-treninzi-u-zatvorenom\\\/#primaryimage\"},\"thumbnailUrl\":\"https:\\\/\\\/radioljubuski.ba\\\/wp-content\\\/uploads\\\/2021\\\/03\\\/terase.jpg\",\"datePublished\":\"2021-03-01T09:05:42+00:00\",\"breadcrumb\":{\"@id\":\"https:\\\/\\\/radioljubuski.ba\\\/index.php\\\/2021\\\/03\\\/01\\\/otvaraju-se-terase-kafica-i-restorana-dopusteni-treninzi-u-zatvorenom\\\/#breadcrumb\"},\"inLanguage\":\"hr\",\"potentialAction\":[{\"@type\":\"ReadAction\",\"target\":[\"https:\\\/\\\/radioljubuski.ba\\\/index.php\\\/2021\\\/03\\\/01\\\/otvaraju-se-terase-kafica-i-restorana-dopusteni-treninzi-u-zatvorenom\\\/\"]}]},{\"@type\":\"ImageObject\",\"inLanguage\":\"hr\",\"@id\":\"https:\\\/\\\/radioljubuski.ba\\\/index.php\\\/2021\\\/03\\\/01\\\/otvaraju-se-terase-kafica-i-restorana-dopusteni-treninzi-u-zatvorenom\\\/#primaryimage\",\"url\":\"https:\\\/\\\/radioljubuski.ba\\\/wp-content\\\/uploads\\\/2021\\\/03\\\/terase.jpg\",\"contentUrl\":\"https:\\\/\\\/radioljubuski.ba\\\/wp-content\\\/uploads\\\/2021\\\/03\\\/terase.jpg\",\"width\":606,\"height\":274},{\"@type\":\"BreadcrumbList\",\"@id\":\"https:\\\/\\\/radioljubuski.ba\\\/index.php\\\/2021\\\/03\\\/01\\\/otvaraju-se-terase-kafica-i-restorana-dopusteni-treninzi-u-zatvorenom\\\/#breadcrumb\",\"itemListElement\":[{\"@type\":\"ListItem\",\"position\":1,\"name\":\"Po\u010detna stranica\",\"item\":\"https:\\\/\\\/radioljubuski.ba\\\/\"},{\"@type\":\"ListItem\",\"position\":2,\"name\":\"Otvaraju se terase kafi\u0107a i restorana, dopu\u0161teni treninzi u zatvorenom\"}]},{\"@type\":\"WebSite\",\"@id\":\"https:\\\/\\\/radioljubuski.ba\\\/#website\",\"url\":\"https:\\\/\\\/radioljubuski.ba\\\/\",\"name\":\"Radio Ljubu\u0161ki\",\"description\":\"Sun\u010dana frekvencija Hercegovine\",\"publisher\":{\"@id\":\"https:\\\/\\\/radioljubuski.ba\\\/#organization\"},\"potentialAction\":[{\"@type\":\"SearchAction\",\"target\":{\"@type\":\"EntryPoint\",\"urlTemplate\":\"https:\\\/\\\/radioljubuski.ba\\\/?s={search_term_string}\"},\"query-input\":{\"@type\":\"PropertyValueSpecification\",\"valueRequired\":true,\"valueName\":\"search_term_string\"}}],\"inLanguage\":\"hr\"},{\"@type\":\"Organization\",\"@id\":\"https:\\\/\\\/radioljubuski.ba\\\/#organization\",\"name\":\"Radio Ljubu\u0161ki\",\"url\":\"https:\\\/\\\/radioljubuski.ba\\\/\",\"logo\":{\"@type\":\"ImageObject\",\"inLanguage\":\"hr\",\"@id\":\"https:\\\/\\\/radioljubuski.ba\\\/#\\\/schema\\\/logo\\\/image\\\/\",\"url\":\"https:\\\/\\\/radioljubuski.ba\\\/wp-content\\\/uploads\\\/2021\\\/02\\\/cropped-Radio_Ljubuski_logo1.jpg\",\"contentUrl\":\"https:\\\/\\\/radioljubuski.ba\\\/wp-content\\\/uploads\\\/2021\\\/02\\\/cropped-Radio_Ljubuski_logo1.jpg\",\"width\":512,\"height\":512,\"caption\":\"Radio Ljubu\u0161ki\"},\"image\":{\"@id\":\"https:\\\/\\\/radioljubuski.ba\\\/#\\\/schema\\\/logo\\\/image\\\/\"},\"sameAs\":[\"https:\\\/\\\/www.facebook.com\\\/Radiio-Ljubuski-1490835324566332\",\"https:\\\/\\\/x.com\\\/radioljubuski\",\"https:\\\/\\\/hr.linkedin.com\\\/company\\\/radio-ljubuski\",\"https:\\\/\\\/www.youtube.com\\\/channel\\\/UCHYaeO_n0Db3tjNGudGpXyw\"]},{\"@type\":\"Person\",\"@id\":\"https:\\\/\\\/radioljubuski.ba\\\/#\\\/schema\\\/person\\\/19fc700381a780f69665d7956c469e3b\",\"name\":\"Radio Ljubu\u0161ki\"}]}<\/script>\n<!-- \/ Yoast SEO plugin. -->","yoast_head_json":{"title":"Otvaraju se terase kafi\u0107a i restorana, dopu\u0161teni treninzi u zatvorenom - RADIO LJUBU\u0160KI","robots":{"index":"index","follow":"follow","max-snippet":"max-snippet:-1","max-image-preview":"max-image-preview:large","max-video-preview":"max-video-preview:-1"},"canonical":"https:\/\/radioljubuski.ba\/index.php\/2021\/03\/01\/otvaraju-se-terase-kafica-i-restorana-dopusteni-treninzi-u-zatvorenom\/","og_locale":"hr_HR","og_type":"article","og_title":"Otvaraju se terase kafi\u0107a i restorana, dopu\u0161teni treninzi u zatvorenom - RADIO LJUBU\u0160KI","og_description":"Nakon vi\u0161e od tri mjeseca ubla\u017eavaju se epidemiolo\u0161ke mjere u Hrvatskoj. Terase kafi\u0107a i restorana mo\u0107i \u0107e raditi od 6 do 22 sata. Zbog lo\u0161ije epidemiolo\u0161ke situacije nego u ostatku zemlje, terase ostaju zatvorene u Dubrova\u010dko-neretvanskoj \u017eupaniji. Od danas se dopu\u0161taju i\u00a0treninzi u zatvorenom, uz pridr\u017eavanje epidemiolo\u0161kih mjera.\u00a0 \u0160ef Sto\u017eera i potpredsjednik Vlade\u00a0Davor Bo\u017einovi\u0107\u00a0kazao je [&hellip;]","og_url":"https:\/\/radioljubuski.ba\/index.php\/2021\/03\/01\/otvaraju-se-terase-kafica-i-restorana-dopusteni-treninzi-u-zatvorenom\/","og_site_name":"RADIO LJUBU\u0160KI","article_publisher":"https:\/\/www.facebook.com\/Radiio-Ljubuski-1490835324566332","article_published_time":"2021-03-01T09:05:42+00:00","og_image":[{"width":606,"height":274,"url":"https:\/\/radioljubuski.ba\/wp-content\/uploads\/2021\/03\/terase.jpg","type":"image\/jpeg"}],"author":"Radio Ljubu\u0161ki","twitter_card":"summary_large_image","twitter_creator":"@radioljubuski","twitter_site":"@radioljubuski","twitter_misc":{"Napisao\/la":"Radio Ljubu\u0161ki","Procijenjeno vrijeme \u010ditanja":"2 minute"},"schema":{"@context":"https:\/\/schema.org","@graph":[{"@type":"Article","@id":"https:\/\/radioljubuski.ba\/index.php\/2021\/03\/01\/otvaraju-se-terase-kafica-i-restorana-dopusteni-treninzi-u-zatvorenom\/#article","isPartOf":{"@id":"https:\/\/radioljubuski.ba\/index.php\/2021\/03\/01\/otvaraju-se-terase-kafica-i-restorana-dopusteni-treninzi-u-zatvorenom\/"},"author":{"name":"Radio Ljubu\u0161ki","@id":"https:\/\/radioljubuski.ba\/#\/schema\/person\/19fc700381a780f69665d7956c469e3b"},"headline":"Otvaraju se terase kafi\u0107a i restorana, dopu\u0161teni treninzi u zatvorenom","datePublished":"2021-03-01T09:05:42+00:00","mainEntityOfPage":{"@id":"https:\/\/radioljubuski.ba\/index.php\/2021\/03\/01\/otvaraju-se-terase-kafica-i-restorana-dopusteni-treninzi-u-zatvorenom\/"},"wordCount":392,"publisher":{"@id":"https:\/\/radioljubuski.ba\/#organization"},"image":{"@id":"https:\/\/radioljubuski.ba\/index.php\/2021\/03\/01\/otvaraju-se-terase-kafica-i-restorana-dopusteni-treninzi-u-zatvorenom\/#primaryimage"},"thumbnailUrl":"https:\/\/radioljubuski.ba\/wp-content\/uploads\/2021\/03\/terase.jpg","articleSection":["BIH i regija"],"inLanguage":"hr"},{"@type":"WebPage","@id":"https:\/\/radioljubuski.ba\/index.php\/2021\/03\/01\/otvaraju-se-terase-kafica-i-restorana-dopusteni-treninzi-u-zatvorenom\/","url":"https:\/\/radioljubuski.ba\/index.php\/2021\/03\/01\/otvaraju-se-terase-kafica-i-restorana-dopusteni-treninzi-u-zatvorenom\/","name":"Otvaraju se terase kafi\u0107a i restorana, dopu\u0161teni treninzi u zatvorenom - RADIO LJUBU\u0160KI","isPartOf":{"@id":"https:\/\/radioljubuski.ba\/#website"},"primaryImageOfPage":{"@id":"https:\/\/radioljubuski.ba\/index.php\/2021\/03\/01\/otvaraju-se-terase-kafica-i-restorana-dopusteni-treninzi-u-zatvorenom\/#primaryimage"},"image":{"@id":"https:\/\/radioljubuski.ba\/index.php\/2021\/03\/01\/otvaraju-se-terase-kafica-i-restorana-dopusteni-treninzi-u-zatvorenom\/#primaryimage"},"thumbnailUrl":"https:\/\/radioljubuski.ba\/wp-content\/uploads\/2021\/03\/terase.jpg","datePublished":"2021-03-01T09:05:42+00:00","breadcrumb":{"@id":"https:\/\/radioljubuski.ba\/index.php\/2021\/03\/01\/otvaraju-se-terase-kafica-i-restorana-dopusteni-treninzi-u-zatvorenom\/#breadcrumb"},"inLanguage":"hr","potentialAction":[{"@type":"ReadAction","target":["https:\/\/radioljubuski.ba\/index.php\/2021\/03\/01\/otvaraju-se-terase-kafica-i-restorana-dopusteni-treninzi-u-zatvorenom\/"]}]},{"@type":"ImageObject","inLanguage":"hr","@id":"https:\/\/radioljubuski.ba\/index.php\/2021\/03\/01\/otvaraju-se-terase-kafica-i-restorana-dopusteni-treninzi-u-zatvorenom\/#primaryimage","url":"https:\/\/radioljubuski.ba\/wp-content\/uploads\/2021\/03\/terase.jpg","contentUrl":"https:\/\/radioljubuski.ba\/wp-content\/uploads\/2021\/03\/terase.jpg","width":606,"height":274},{"@type":"BreadcrumbList","@id":"https:\/\/radioljubuski.ba\/index.php\/2021\/03\/01\/otvaraju-se-terase-kafica-i-restorana-dopusteni-treninzi-u-zatvorenom\/#breadcrumb","itemListElement":[{"@type":"ListItem","position":1,"name":"Po\u010detna stranica","item":"https:\/\/radioljubuski.ba\/"},{"@type":"ListItem","position":2,"name":"Otvaraju se terase kafi\u0107a i restorana, dopu\u0161teni treninzi u zatvorenom"}]},{"@type":"WebSite","@id":"https:\/\/radioljubuski.ba\/#website","url":"https:\/\/radioljubuski.ba\/","name":"Radio Ljubu\u0161ki","description":"Sun\u010dana frekvencija Hercegovine","publisher":{"@id":"https:\/\/radioljubuski.ba\/#organization"},"potentialAction":[{"@type":"SearchAction","target":{"@type":"EntryPoint","urlTemplate":"https:\/\/radioljubuski.ba\/?s={search_term_string}"},"query-input":{"@type":"PropertyValueSpecification","valueRequired":true,"valueName":"search_term_string"}}],"inLanguage":"hr"},{"@type":"Organization","@id":"https:\/\/radioljubuski.ba\/#organization","name":"Radio Ljubu\u0161ki","url":"https:\/\/radioljubuski.ba\/","logo":{"@type":"ImageObject","inLanguage":"hr","@id":"https:\/\/radioljubuski.ba\/#\/schema\/logo\/image\/","url":"https:\/\/radioljubuski.ba\/wp-content\/uploads\/2021\/02\/cropped-Radio_Ljubuski_logo1.jpg","contentUrl":"https:\/\/radioljubuski.ba\/wp-content\/uploads\/2021\/02\/cropped-Radio_Ljubuski_logo1.jpg","width":512,"height":512,"caption":"Radio Ljubu\u0161ki"},"image":{"@id":"https:\/\/radioljubuski.ba\/#\/schema\/logo\/image\/"},"sameAs":["https:\/\/www.facebook.com\/Radiio-Ljubuski-1490835324566332","https:\/\/x.com\/radioljubuski","https:\/\/hr.linkedin.com\/company\/radio-ljubuski","https:\/\/www.youtube.com\/channel\/UCHYaeO_n0Db3tjNGudGpXyw"]},{"@type":"Person","@id":"https:\/\/radioljubuski.ba\/#\/schema\/person\/19fc700381a780f69665d7956c469e3b","name":"Radio Ljubu\u0161ki"}]}},"_links":{"self":[{"href":"https:\/\/radioljubuski.ba\/index.php\/wp-json\/wp\/v2\/posts\/419","targetHints":{"allow":["GET"]}}],"collection":[{"href":"https:\/\/radioljubuski.ba\/index.php\/wp-json\/wp\/v2\/posts"}],"about":[{"href":"https:\/\/radioljubuski.ba\/index.php\/wp-json\/wp\/v2\/types\/post"}],"author":[{"embeddable":true,"href":"https:\/\/radioljubuski.ba\/index.php\/wp-json\/wp\/v2\/users\/2"}],"replies":[{"embeddable":true,"href":"https:\/\/radioljubuski.ba\/index.php\/wp-json\/wp\/v2\/comments?post=419"}],"version-history":[{"count":1,"href":"https:\/\/radioljubuski.ba\/index.php\/wp-json\/wp\/v2\/posts\/419\/revisions"}],"predecessor-version":[{"id":421,"href":"https:\/\/radioljubuski.ba\/index.php\/wp-json\/wp\/v2\/posts\/419\/revisions\/421"}],"wp:featuredmedia":[{"embeddable":true,"href":"https:\/\/radioljubuski.ba\/index.php\/wp-json\/wp\/v2\/media\/420"}],"wp:attachment":[{"href":"https:\/\/radioljubuski.ba\/index.php\/wp-json\/wp\/v2\/media?parent=419"}],"wp:term":[{"taxonomy":"category","embeddable":true,"href":"https:\/\/radioljubuski.ba\/index.php\/wp-json\/wp\/v2\/categories?post=419"},{"taxonomy":"post_tag","embeddable":true,"href":"https:\/\/radioljubuski.ba\/index.php\/wp-json\/wp\/v2\/tags?post=419"}],"curies":[{"name":"wp","href":"https:\/\/api.w.org\/{rel}","templated":true}]}}