{"id":42301,"date":"2021-07-14T00:19:07","date_gmt":"2021-07-13T23:19:07","guid":{"rendered":"https:\/\/radioljubuski.ba\/?p=42301"},"modified":"2021-07-14T00:19:11","modified_gmt":"2021-07-13T23:19:11","slug":"manje-guzve-otvoreno-osam-pogranicnih-prijelaza-s-hrvatskom-video","status":"publish","type":"post","link":"https:\/\/radioljubuski.ba\/index.php\/2021\/07\/14\/manje-guzve-otvoreno-osam-pogranicnih-prijelaza-s-hrvatskom-video\/","title":{"rendered":"Manje gu\u017eve: Otvoreno osam pograni\u010dnih prijelaza s Hrvatskom &#8211; video"},"content":{"rendered":"\n<p>Od 12. srpnja, zbog poja\u010danih gu\u017evi na prelasku dr\u017eavne granice sa Hrvatskom, privremeno je za me\u0111unarodni promet otvoreno jo\u0161 nekoliko grani\u010dnih prijelaza na podru\u010dju Hercegovine. Tu odluku je donijelo Mje\u0161ovito povjerenstvo BiH i Republike Hrvatske.<\/p>\n\n\n\n<p>Kilometarske kolone putni\u010dkih vozila uobi\u010dajene su u ljetnim mjesecima na izlasku i ulasku u zemlju. Kako bi se smanjile velike gu\u017eve i duga \u010dekanja, pri prelasku granice, osam grani\u010dnih prijelaza, me\u0111u kojima je i Gabela polje prema Metkovi\u0107u, otvoreno je za me\u0111unarodni promet.<\/p>\n\n\n\n<p>&nbsp;\u201cPrivremeno je odobren me\u0111unarodni promet putnika preko stalnih grani\u010dnih prijelaza za pograni\u010dni promet \u010citluk, Jovi\u0107a most i Drinova\u010dko brdo &#8211; Slivno, Gabela, Kozarska dubica, Vaganj, Hadzin potok, Orahov do i Du\u017ei\u201d, ka\u017ee za BHRT Franka Vican, glasnogovornica Grani\u010dne policije BiH .<\/p>\n\n\n\n<p>To je uobi\u010dajena odluka koju je uz zajedni\u010dku suglasnost donijelo Mje\u0161ovito povjerenstvo dvije zemlje, za vrijeme trajanja turisti\u010dke sezone, kako bi ubrzali prelazak granice ne samo za turiste nego i lokalno stanovni\u0161tvo koje ovdje gravitira.<\/p>\n\n\n\n<p>\u201cBilje\u017eimo porast prelazaka dr\u017eavne granice, ne samo na GP Gabela, nego na svim grani\u010dnim prijelazima u zoni odgovornosti GP Doljani. \u010cekanja na svim grani\u010dnim prijelazima nisu du\u017ea od 30 minuta\u201d, isti\u010de Kristijan Marki\u0107, inspektor za grani\u010dnu kontrolu GP Doljani.<\/p>\n\n\n\n<p>Ranije se na prelazak granice \u010dekalo i po nekoliko sati. No, putnici koje smo zatekli na granici ka\u017eu da su \u010dekanja ipak ne\u0161to du\u017ea od pola sata.<\/p>\n\n\n\n<p>Odluka o privremenoj prekategorizaciji grani\u010dnih prelaza donesena je na rok od tri mjeseca i vrijedi do 12. rujna ove godine.<\/p>\n\n\n\n<figure class=\"wp-block-embed is-type-video is-provider-youtube wp-block-embed-youtube wp-embed-aspect-16-9 wp-has-aspect-ratio\"><div class=\"wp-block-embed__wrapper\">\n<iframe loading=\"lazy\" title=\"Otvoreno osam pograni\u010dnih prelaza sa Hrvatskom\" width=\"640\" height=\"360\" src=\"https:\/\/www.youtube.com\/embed\/U1UM-W-jGc4?feature=oembed\" frameborder=\"0\" allow=\"accelerometer; autoplay; clipboard-write; encrypted-media; gyroscope; picture-in-picture; web-share\" referrerpolicy=\"strict-origin-when-cross-origin\" allowfullscreen><\/iframe>\n<\/div><\/figure>\n\n\n\n<p>Izvor:BHRT<\/p>\n","protected":false},"excerpt":{"rendered":"<p>Od 12. srpnja, zbog poja\u010danih gu\u017evi na prelasku dr\u017eavne granice sa Hrvatskom, privremeno je za me\u0111unarodni promet otvoreno jo\u0161 nekoliko grani\u010dnih prijelaza na podru\u010dju Hercegovine. Tu odluku je donijelo Mje\u0161ovito povjerenstvo BiH i Republike Hrvatske. Kilometarske kolone putni\u010dkih vozila uobi\u010dajene su u ljetnim mjesecima na izlasku i ulasku u zemlju. Kako bi se smanjile velike [&hellip;]<\/p>\n","protected":false},"author":2,"featured_media":42302,"comment_status":"closed","ping_status":"closed","sticky":false,"template":"","format":"standard","meta":{"h5ap_radio_sources":[],"footnotes":""},"categories":[1],"tags":[],"class_list":["post-42301","post","type-post","status-publish","format-standard","has-post-thumbnail","hentry","category-bihiregija"],"yoast_head":"<!-- This site is optimized with the Yoast SEO plugin v27.4 - https:\/\/yoast.com\/product\/yoast-seo-wordpress\/ -->\n<title>Manje gu\u017eve: Otvoreno osam pograni\u010dnih prijelaza s Hrvatskom - video - RADIO LJUBU\u0160KI<\/title>\n<meta name=\"robots\" content=\"index, follow, max-snippet:-1, max-image-preview:large, max-video-preview:-1\" \/>\n<link rel=\"canonical\" href=\"https:\/\/radioljubuski.ba\/index.php\/2021\/07\/14\/manje-guzve-otvoreno-osam-pogranicnih-prijelaza-s-hrvatskom-video\/\" \/>\n<meta property=\"og:locale\" content=\"hr_HR\" \/>\n<meta property=\"og:type\" content=\"article\" \/>\n<meta property=\"og:title\" content=\"Manje gu\u017eve: Otvoreno osam pograni\u010dnih prijelaza s Hrvatskom - video - RADIO LJUBU\u0160KI\" \/>\n<meta property=\"og:description\" content=\"Od 12. srpnja, zbog poja\u010danih gu\u017evi na prelasku dr\u017eavne granice sa Hrvatskom, privremeno je za me\u0111unarodni promet otvoreno jo\u0161 nekoliko grani\u010dnih prijelaza na podru\u010dju Hercegovine. Tu odluku je donijelo Mje\u0161ovito povjerenstvo BiH i Republike Hrvatske. Kilometarske kolone putni\u010dkih vozila uobi\u010dajene su u ljetnim mjesecima na izlasku i ulasku u zemlju. Kako bi se smanjile velike [&hellip;]\" \/>\n<meta property=\"og:url\" content=\"https:\/\/radioljubuski.ba\/index.php\/2021\/07\/14\/manje-guzve-otvoreno-osam-pogranicnih-prijelaza-s-hrvatskom-video\/\" \/>\n<meta property=\"og:site_name\" content=\"RADIO LJUBU\u0160KI\" \/>\n<meta property=\"article:publisher\" content=\"https:\/\/www.facebook.com\/Radiio-Ljubuski-1490835324566332\" \/>\n<meta property=\"article:published_time\" content=\"2021-07-13T23:19:07+00:00\" \/>\n<meta property=\"article:modified_time\" content=\"2021-07-13T23:19:11+00:00\" \/>\n<meta property=\"og:image\" content=\"https:\/\/radioljubuski.ba\/wp-content\/uploads\/2021\/07\/2-2021-07-13-20-12-53-Doljani-Arhiv.jpg\" \/>\n\t<meta property=\"og:image:width\" content=\"1000\" \/>\n\t<meta property=\"og:image:height\" content=\"625\" \/>\n\t<meta property=\"og:image:type\" content=\"image\/jpeg\" \/>\n<meta name=\"author\" content=\"Radio Ljubu\u0161ki\" \/>\n<meta name=\"twitter:card\" content=\"summary_large_image\" \/>\n<meta name=\"twitter:creator\" content=\"@radioljubuski\" \/>\n<meta name=\"twitter:site\" content=\"@radioljubuski\" \/>\n<meta name=\"twitter:label1\" content=\"Napisao\/la\" \/>\n\t<meta name=\"twitter:data1\" content=\"Radio Ljubu\u0161ki\" \/>\n\t<meta name=\"twitter:label2\" content=\"Procijenjeno vrijeme \u010ditanja\" \/>\n\t<meta name=\"twitter:data2\" content=\"2 minute\" \/>\n<script type=\"application\/ld+json\" class=\"yoast-schema-graph\">{\"@context\":\"https:\\\/\\\/schema.org\",\"@graph\":[{\"@type\":\"Article\",\"@id\":\"https:\\\/\\\/radioljubuski.ba\\\/index.php\\\/2021\\\/07\\\/14\\\/manje-guzve-otvoreno-osam-pogranicnih-prijelaza-s-hrvatskom-video\\\/#article\",\"isPartOf\":{\"@id\":\"https:\\\/\\\/radioljubuski.ba\\\/index.php\\\/2021\\\/07\\\/14\\\/manje-guzve-otvoreno-osam-pogranicnih-prijelaza-s-hrvatskom-video\\\/\"},\"author\":{\"name\":\"Radio Ljubu\u0161ki\",\"@id\":\"https:\\\/\\\/radioljubuski.ba\\\/#\\\/schema\\\/person\\\/19fc700381a780f69665d7956c469e3b\"},\"headline\":\"Manje gu\u017eve: Otvoreno osam pograni\u010dnih prijelaza s Hrvatskom &#8211; video\",\"datePublished\":\"2021-07-13T23:19:07+00:00\",\"dateModified\":\"2021-07-13T23:19:11+00:00\",\"mainEntityOfPage\":{\"@id\":\"https:\\\/\\\/radioljubuski.ba\\\/index.php\\\/2021\\\/07\\\/14\\\/manje-guzve-otvoreno-osam-pogranicnih-prijelaza-s-hrvatskom-video\\\/\"},\"wordCount\":297,\"publisher\":{\"@id\":\"https:\\\/\\\/radioljubuski.ba\\\/#organization\"},\"image\":{\"@id\":\"https:\\\/\\\/radioljubuski.ba\\\/index.php\\\/2021\\\/07\\\/14\\\/manje-guzve-otvoreno-osam-pogranicnih-prijelaza-s-hrvatskom-video\\\/#primaryimage\"},\"thumbnailUrl\":\"https:\\\/\\\/radioljubuski.ba\\\/wp-content\\\/uploads\\\/2021\\\/07\\\/2-2021-07-13-20-12-53-Doljani-Arhiv.jpg\",\"articleSection\":[\"BIH i regija\"],\"inLanguage\":\"hr\"},{\"@type\":\"WebPage\",\"@id\":\"https:\\\/\\\/radioljubuski.ba\\\/index.php\\\/2021\\\/07\\\/14\\\/manje-guzve-otvoreno-osam-pogranicnih-prijelaza-s-hrvatskom-video\\\/\",\"url\":\"https:\\\/\\\/radioljubuski.ba\\\/index.php\\\/2021\\\/07\\\/14\\\/manje-guzve-otvoreno-osam-pogranicnih-prijelaza-s-hrvatskom-video\\\/\",\"name\":\"Manje gu\u017eve: Otvoreno osam pograni\u010dnih prijelaza s Hrvatskom - video - RADIO LJUBU\u0160KI\",\"isPartOf\":{\"@id\":\"https:\\\/\\\/radioljubuski.ba\\\/#website\"},\"primaryImageOfPage\":{\"@id\":\"https:\\\/\\\/radioljubuski.ba\\\/index.php\\\/2021\\\/07\\\/14\\\/manje-guzve-otvoreno-osam-pogranicnih-prijelaza-s-hrvatskom-video\\\/#primaryimage\"},\"image\":{\"@id\":\"https:\\\/\\\/radioljubuski.ba\\\/index.php\\\/2021\\\/07\\\/14\\\/manje-guzve-otvoreno-osam-pogranicnih-prijelaza-s-hrvatskom-video\\\/#primaryimage\"},\"thumbnailUrl\":\"https:\\\/\\\/radioljubuski.ba\\\/wp-content\\\/uploads\\\/2021\\\/07\\\/2-2021-07-13-20-12-53-Doljani-Arhiv.jpg\",\"datePublished\":\"2021-07-13T23:19:07+00:00\",\"dateModified\":\"2021-07-13T23:19:11+00:00\",\"breadcrumb\":{\"@id\":\"https:\\\/\\\/radioljubuski.ba\\\/index.php\\\/2021\\\/07\\\/14\\\/manje-guzve-otvoreno-osam-pogranicnih-prijelaza-s-hrvatskom-video\\\/#breadcrumb\"},\"inLanguage\":\"hr\",\"potentialAction\":[{\"@type\":\"ReadAction\",\"target\":[\"https:\\\/\\\/radioljubuski.ba\\\/index.php\\\/2021\\\/07\\\/14\\\/manje-guzve-otvoreno-osam-pogranicnih-prijelaza-s-hrvatskom-video\\\/\"]}]},{\"@type\":\"ImageObject\",\"inLanguage\":\"hr\",\"@id\":\"https:\\\/\\\/radioljubuski.ba\\\/index.php\\\/2021\\\/07\\\/14\\\/manje-guzve-otvoreno-osam-pogranicnih-prijelaza-s-hrvatskom-video\\\/#primaryimage\",\"url\":\"https:\\\/\\\/radioljubuski.ba\\\/wp-content\\\/uploads\\\/2021\\\/07\\\/2-2021-07-13-20-12-53-Doljani-Arhiv.jpg\",\"contentUrl\":\"https:\\\/\\\/radioljubuski.ba\\\/wp-content\\\/uploads\\\/2021\\\/07\\\/2-2021-07-13-20-12-53-Doljani-Arhiv.jpg\",\"width\":1000,\"height\":625},{\"@type\":\"BreadcrumbList\",\"@id\":\"https:\\\/\\\/radioljubuski.ba\\\/index.php\\\/2021\\\/07\\\/14\\\/manje-guzve-otvoreno-osam-pogranicnih-prijelaza-s-hrvatskom-video\\\/#breadcrumb\",\"itemListElement\":[{\"@type\":\"ListItem\",\"position\":1,\"name\":\"Po\u010detna stranica\",\"item\":\"https:\\\/\\\/radioljubuski.ba\\\/\"},{\"@type\":\"ListItem\",\"position\":2,\"name\":\"Manje gu\u017eve: Otvoreno osam pograni\u010dnih prijelaza s Hrvatskom &#8211; video\"}]},{\"@type\":\"WebSite\",\"@id\":\"https:\\\/\\\/radioljubuski.ba\\\/#website\",\"url\":\"https:\\\/\\\/radioljubuski.ba\\\/\",\"name\":\"Radio Ljubu\u0161ki\",\"description\":\"Sun\u010dana frekvencija Hercegovine\",\"publisher\":{\"@id\":\"https:\\\/\\\/radioljubuski.ba\\\/#organization\"},\"potentialAction\":[{\"@type\":\"SearchAction\",\"target\":{\"@type\":\"EntryPoint\",\"urlTemplate\":\"https:\\\/\\\/radioljubuski.ba\\\/?s={search_term_string}\"},\"query-input\":{\"@type\":\"PropertyValueSpecification\",\"valueRequired\":true,\"valueName\":\"search_term_string\"}}],\"inLanguage\":\"hr\"},{\"@type\":\"Organization\",\"@id\":\"https:\\\/\\\/radioljubuski.ba\\\/#organization\",\"name\":\"Radio Ljubu\u0161ki\",\"url\":\"https:\\\/\\\/radioljubuski.ba\\\/\",\"logo\":{\"@type\":\"ImageObject\",\"inLanguage\":\"hr\",\"@id\":\"https:\\\/\\\/radioljubuski.ba\\\/#\\\/schema\\\/logo\\\/image\\\/\",\"url\":\"https:\\\/\\\/radioljubuski.ba\\\/wp-content\\\/uploads\\\/2021\\\/02\\\/cropped-Radio_Ljubuski_logo1.jpg\",\"contentUrl\":\"https:\\\/\\\/radioljubuski.ba\\\/wp-content\\\/uploads\\\/2021\\\/02\\\/cropped-Radio_Ljubuski_logo1.jpg\",\"width\":512,\"height\":512,\"caption\":\"Radio Ljubu\u0161ki\"},\"image\":{\"@id\":\"https:\\\/\\\/radioljubuski.ba\\\/#\\\/schema\\\/logo\\\/image\\\/\"},\"sameAs\":[\"https:\\\/\\\/www.facebook.com\\\/Radiio-Ljubuski-1490835324566332\",\"https:\\\/\\\/x.com\\\/radioljubuski\",\"https:\\\/\\\/hr.linkedin.com\\\/company\\\/radio-ljubuski\",\"https:\\\/\\\/www.youtube.com\\\/channel\\\/UCHYaeO_n0Db3tjNGudGpXyw\"]},{\"@type\":\"Person\",\"@id\":\"https:\\\/\\\/radioljubuski.ba\\\/#\\\/schema\\\/person\\\/19fc700381a780f69665d7956c469e3b\",\"name\":\"Radio Ljubu\u0161ki\"}]}<\/script>\n<!-- \/ Yoast SEO plugin. -->","yoast_head_json":{"title":"Manje gu\u017eve: Otvoreno osam pograni\u010dnih prijelaza s Hrvatskom - video - RADIO LJUBU\u0160KI","robots":{"index":"index","follow":"follow","max-snippet":"max-snippet:-1","max-image-preview":"max-image-preview:large","max-video-preview":"max-video-preview:-1"},"canonical":"https:\/\/radioljubuski.ba\/index.php\/2021\/07\/14\/manje-guzve-otvoreno-osam-pogranicnih-prijelaza-s-hrvatskom-video\/","og_locale":"hr_HR","og_type":"article","og_title":"Manje gu\u017eve: Otvoreno osam pograni\u010dnih prijelaza s Hrvatskom - video - RADIO LJUBU\u0160KI","og_description":"Od 12. srpnja, zbog poja\u010danih gu\u017evi na prelasku dr\u017eavne granice sa Hrvatskom, privremeno je za me\u0111unarodni promet otvoreno jo\u0161 nekoliko grani\u010dnih prijelaza na podru\u010dju Hercegovine. Tu odluku je donijelo Mje\u0161ovito povjerenstvo BiH i Republike Hrvatske. Kilometarske kolone putni\u010dkih vozila uobi\u010dajene su u ljetnim mjesecima na izlasku i ulasku u zemlju. Kako bi se smanjile velike [&hellip;]","og_url":"https:\/\/radioljubuski.ba\/index.php\/2021\/07\/14\/manje-guzve-otvoreno-osam-pogranicnih-prijelaza-s-hrvatskom-video\/","og_site_name":"RADIO LJUBU\u0160KI","article_publisher":"https:\/\/www.facebook.com\/Radiio-Ljubuski-1490835324566332","article_published_time":"2021-07-13T23:19:07+00:00","article_modified_time":"2021-07-13T23:19:11+00:00","og_image":[{"width":1000,"height":625,"url":"https:\/\/radioljubuski.ba\/wp-content\/uploads\/2021\/07\/2-2021-07-13-20-12-53-Doljani-Arhiv.jpg","type":"image\/jpeg"}],"author":"Radio Ljubu\u0161ki","twitter_card":"summary_large_image","twitter_creator":"@radioljubuski","twitter_site":"@radioljubuski","twitter_misc":{"Napisao\/la":"Radio Ljubu\u0161ki","Procijenjeno vrijeme \u010ditanja":"2 minute"},"schema":{"@context":"https:\/\/schema.org","@graph":[{"@type":"Article","@id":"https:\/\/radioljubuski.ba\/index.php\/2021\/07\/14\/manje-guzve-otvoreno-osam-pogranicnih-prijelaza-s-hrvatskom-video\/#article","isPartOf":{"@id":"https:\/\/radioljubuski.ba\/index.php\/2021\/07\/14\/manje-guzve-otvoreno-osam-pogranicnih-prijelaza-s-hrvatskom-video\/"},"author":{"name":"Radio Ljubu\u0161ki","@id":"https:\/\/radioljubuski.ba\/#\/schema\/person\/19fc700381a780f69665d7956c469e3b"},"headline":"Manje gu\u017eve: Otvoreno osam pograni\u010dnih prijelaza s Hrvatskom &#8211; video","datePublished":"2021-07-13T23:19:07+00:00","dateModified":"2021-07-13T23:19:11+00:00","mainEntityOfPage":{"@id":"https:\/\/radioljubuski.ba\/index.php\/2021\/07\/14\/manje-guzve-otvoreno-osam-pogranicnih-prijelaza-s-hrvatskom-video\/"},"wordCount":297,"publisher":{"@id":"https:\/\/radioljubuski.ba\/#organization"},"image":{"@id":"https:\/\/radioljubuski.ba\/index.php\/2021\/07\/14\/manje-guzve-otvoreno-osam-pogranicnih-prijelaza-s-hrvatskom-video\/#primaryimage"},"thumbnailUrl":"https:\/\/radioljubuski.ba\/wp-content\/uploads\/2021\/07\/2-2021-07-13-20-12-53-Doljani-Arhiv.jpg","articleSection":["BIH i regija"],"inLanguage":"hr"},{"@type":"WebPage","@id":"https:\/\/radioljubuski.ba\/index.php\/2021\/07\/14\/manje-guzve-otvoreno-osam-pogranicnih-prijelaza-s-hrvatskom-video\/","url":"https:\/\/radioljubuski.ba\/index.php\/2021\/07\/14\/manje-guzve-otvoreno-osam-pogranicnih-prijelaza-s-hrvatskom-video\/","name":"Manje gu\u017eve: Otvoreno osam pograni\u010dnih prijelaza s Hrvatskom - video - RADIO LJUBU\u0160KI","isPartOf":{"@id":"https:\/\/radioljubuski.ba\/#website"},"primaryImageOfPage":{"@id":"https:\/\/radioljubuski.ba\/index.php\/2021\/07\/14\/manje-guzve-otvoreno-osam-pogranicnih-prijelaza-s-hrvatskom-video\/#primaryimage"},"image":{"@id":"https:\/\/radioljubuski.ba\/index.php\/2021\/07\/14\/manje-guzve-otvoreno-osam-pogranicnih-prijelaza-s-hrvatskom-video\/#primaryimage"},"thumbnailUrl":"https:\/\/radioljubuski.ba\/wp-content\/uploads\/2021\/07\/2-2021-07-13-20-12-53-Doljani-Arhiv.jpg","datePublished":"2021-07-13T23:19:07+00:00","dateModified":"2021-07-13T23:19:11+00:00","breadcrumb":{"@id":"https:\/\/radioljubuski.ba\/index.php\/2021\/07\/14\/manje-guzve-otvoreno-osam-pogranicnih-prijelaza-s-hrvatskom-video\/#breadcrumb"},"inLanguage":"hr","potentialAction":[{"@type":"ReadAction","target":["https:\/\/radioljubuski.ba\/index.php\/2021\/07\/14\/manje-guzve-otvoreno-osam-pogranicnih-prijelaza-s-hrvatskom-video\/"]}]},{"@type":"ImageObject","inLanguage":"hr","@id":"https:\/\/radioljubuski.ba\/index.php\/2021\/07\/14\/manje-guzve-otvoreno-osam-pogranicnih-prijelaza-s-hrvatskom-video\/#primaryimage","url":"https:\/\/radioljubuski.ba\/wp-content\/uploads\/2021\/07\/2-2021-07-13-20-12-53-Doljani-Arhiv.jpg","contentUrl":"https:\/\/radioljubuski.ba\/wp-content\/uploads\/2021\/07\/2-2021-07-13-20-12-53-Doljani-Arhiv.jpg","width":1000,"height":625},{"@type":"BreadcrumbList","@id":"https:\/\/radioljubuski.ba\/index.php\/2021\/07\/14\/manje-guzve-otvoreno-osam-pogranicnih-prijelaza-s-hrvatskom-video\/#breadcrumb","itemListElement":[{"@type":"ListItem","position":1,"name":"Po\u010detna stranica","item":"https:\/\/radioljubuski.ba\/"},{"@type":"ListItem","position":2,"name":"Manje gu\u017eve: Otvoreno osam pograni\u010dnih prijelaza s Hrvatskom &#8211; video"}]},{"@type":"WebSite","@id":"https:\/\/radioljubuski.ba\/#website","url":"https:\/\/radioljubuski.ba\/","name":"Radio Ljubu\u0161ki","description":"Sun\u010dana frekvencija Hercegovine","publisher":{"@id":"https:\/\/radioljubuski.ba\/#organization"},"potentialAction":[{"@type":"SearchAction","target":{"@type":"EntryPoint","urlTemplate":"https:\/\/radioljubuski.ba\/?s={search_term_string}"},"query-input":{"@type":"PropertyValueSpecification","valueRequired":true,"valueName":"search_term_string"}}],"inLanguage":"hr"},{"@type":"Organization","@id":"https:\/\/radioljubuski.ba\/#organization","name":"Radio Ljubu\u0161ki","url":"https:\/\/radioljubuski.ba\/","logo":{"@type":"ImageObject","inLanguage":"hr","@id":"https:\/\/radioljubuski.ba\/#\/schema\/logo\/image\/","url":"https:\/\/radioljubuski.ba\/wp-content\/uploads\/2021\/02\/cropped-Radio_Ljubuski_logo1.jpg","contentUrl":"https:\/\/radioljubuski.ba\/wp-content\/uploads\/2021\/02\/cropped-Radio_Ljubuski_logo1.jpg","width":512,"height":512,"caption":"Radio Ljubu\u0161ki"},"image":{"@id":"https:\/\/radioljubuski.ba\/#\/schema\/logo\/image\/"},"sameAs":["https:\/\/www.facebook.com\/Radiio-Ljubuski-1490835324566332","https:\/\/x.com\/radioljubuski","https:\/\/hr.linkedin.com\/company\/radio-ljubuski","https:\/\/www.youtube.com\/channel\/UCHYaeO_n0Db3tjNGudGpXyw"]},{"@type":"Person","@id":"https:\/\/radioljubuski.ba\/#\/schema\/person\/19fc700381a780f69665d7956c469e3b","name":"Radio Ljubu\u0161ki"}]}},"_links":{"self":[{"href":"https:\/\/radioljubuski.ba\/index.php\/wp-json\/wp\/v2\/posts\/42301","targetHints":{"allow":["GET"]}}],"collection":[{"href":"https:\/\/radioljubuski.ba\/index.php\/wp-json\/wp\/v2\/posts"}],"about":[{"href":"https:\/\/radioljubuski.ba\/index.php\/wp-json\/wp\/v2\/types\/post"}],"author":[{"embeddable":true,"href":"https:\/\/radioljubuski.ba\/index.php\/wp-json\/wp\/v2\/users\/2"}],"replies":[{"embeddable":true,"href":"https:\/\/radioljubuski.ba\/index.php\/wp-json\/wp\/v2\/comments?post=42301"}],"version-history":[{"count":1,"href":"https:\/\/radioljubuski.ba\/index.php\/wp-json\/wp\/v2\/posts\/42301\/revisions"}],"predecessor-version":[{"id":42303,"href":"https:\/\/radioljubuski.ba\/index.php\/wp-json\/wp\/v2\/posts\/42301\/revisions\/42303"}],"wp:featuredmedia":[{"embeddable":true,"href":"https:\/\/radioljubuski.ba\/index.php\/wp-json\/wp\/v2\/media\/42302"}],"wp:attachment":[{"href":"https:\/\/radioljubuski.ba\/index.php\/wp-json\/wp\/v2\/media?parent=42301"}],"wp:term":[{"taxonomy":"category","embeddable":true,"href":"https:\/\/radioljubuski.ba\/index.php\/wp-json\/wp\/v2\/categories?post=42301"},{"taxonomy":"post_tag","embeddable":true,"href":"https:\/\/radioljubuski.ba\/index.php\/wp-json\/wp\/v2\/tags?post=42301"}],"curies":[{"name":"wp","href":"https:\/\/api.w.org\/{rel}","templated":true}]}}