{"id":42307,"date":"2021-07-14T00:22:31","date_gmt":"2021-07-13T23:22:31","guid":{"rendered":"https:\/\/radioljubuski.ba\/?p=42307"},"modified":"2021-07-14T00:22:32","modified_gmt":"2021-07-13T23:22:32","slug":"ilindanske-svecanosti-u-stocu-2021-ocekuje-se-tisuce-ljudi","status":"publish","type":"post","link":"https:\/\/radioljubuski.ba\/index.php\/2021\/07\/14\/ilindanske-svecanosti-u-stocu-2021-ocekuje-se-tisuce-ljudi\/","title":{"rendered":"Ilindanske sve\u010danosti u Stocu 2021.: O\u010dekuje se tisu\u0107e ljudi"},"content":{"rendered":"\n<p>Stolac je ovih dana u znaku svoga za\u0161titnika sv. Ilije, koji je za\u0161titnik \u017eupe, grada i op\u0107ine. Ve\u0107 20-ak dana traju kulturno\u2013\u0161portski programi po gradu na Bregavi, a od subote, 17. srpnja kre\u0107e i duhovna obnova \u017eupe, te prigodni programi u krugu stola\u010dke \u017eupne crkve.<\/p>\n\n\n\n<p>Od subote po\u010dinje trodnevnica u \u017eupi. Svaku ve\u010der trodnevnice: subota, nedjelja i ponedjeljak sveta ispovijed u 18,30 sati, a sveta Misa u 19,00 sati, ispovijeda vi\u0161e sve\u0107enika, a za sve ostale informacije plakati su postavljeni po gradu i okolici.<\/p>\n\n\n\n<p>Subota, 17. srpnja \u2013 \u017dupna crkva: u 18,30 s. prigoda za sv. ispovijed, u 19,00 s. pobo\u017enost sv. Iliji pa koncelebrirana sv. Misa, koju predvodi i propovijeda: don Slavko Volarevi\u0107, \u017eupni vikar u \u017eupi Presvetog Srca Isusova, Visoka \u2013 Split, pjeva: Mje\u0161oviti zbor Gospe Karmelske, \u017eupa Bagalovi\u0107. &nbsp;<br>U 20,00 sati odr\u017eat \u0107e se &#8220;19. Ve\u010der Folklora&#8221; u Stocu kod \u017dupne crkve u kojoj sudjeluje 10 HKUD-a i klapa. Nastupaju: HKUD \u201eStolac\u201c Stolac; HKUD \u201eLuke\u201c Vi\u0161i\u0107i; HKUD \u201eDubrave\u201c Aladini\u0107i; HKUD \u201eBrotnjo\u201c \u010citluk; HKUD \u201eDomanovi\u0107i\u201c Domanovi\u0107i; HKUD \u201eBe\u0107ari s Neretve\u201c Blagaj-Buna; HKUD \u201eNa\u0161i korjeni\u201c Bobanovo; HKUD \u201eVi\u0161i\u0107i\u201c Vi\u0161i\u0107i, HKUD \u201eRotimlja\u201c Rotimlja; Mje\u0161ovita Klapa \u201eSv. Nikola\u201c Metkovi\u0107.<br>Poslije slu\u017ebenog programa slijedi podjela zahvalnica, zatim veli\u010danstveni vatromet, pa op\u0107e pu\u010dko slavlje, nastupa: Marin Previ\u0161i\u0107 i grupa \u201eKamen\u201c.&nbsp;<br>Nedjelja, 18. srpnja \u2013 \u017dupna crkva: u 18,30 sati prigoda za svetu ispovijed, u 19,00 s. pobo\u017enost sv. Iliji pa koncelebrirana sv. Misa, koju predvodi i propovijeda: don Domagoj Marki\u0107, biskupov tajnik iz Mostara, pjeva: stola\u010dka djevoja\u010dka skupina \u201eVido\u0161ta\u010dka kraljica\u201c.<br>Ponedjeljak, 19. srpnja \u2013 \u017dupna crkva: u 18,30 sati prigoda za svetu ispovijed, u 19,00 sati pobo\u017enost sv. Iliji pa koncelebrirana sv. Misa, koju predvodi i propovijeda: o. Stanko Pa\u017ein, stola\u010dki mladomisnik, pjeva: stola\u010dka djevoja\u010dka skupina \u201eAngelus\u201c. &nbsp;&nbsp;<\/p>\n\n\n\n<p>Utorak, 20. srpnja &nbsp;je glavna sve\u010danost, sveti Ilija Prorok za\u0161titnik \u017eupe, grada i op\u0107ine. Sve\u010danu koncelebriranu svetu Misu, u krugu stola\u010dke \u017eupne crkve u 11,00 sati predvodi: Mons. Ivan \u0160tironja, biskup kotorski, &nbsp;kojega \u0107e na po\u010detku misnog slavlja uime \u010ditavog okupljenog puka i sve\u0107enstva pozdraviti stola\u010dki \u017eupnik don Rajko Markovi\u0107, a potom \u0107e izraziti dobrodo\u0161licu svim nazo\u010dnima. Prije misnog slavlja biskup \u0107e na Trgu sv. Ilije Proroka, u blizini \u017eupne crkve, izmoliti Posvetnu molitvu sv. Iliji, kojega je 2012. u bronci izradio ak. kipar Kuzma Kova\u010di\u0107, poslije molitve biskup \u0107e izmoliti Blagoslov \u201eUrbi et orbi\u201c\u2013\u201eGradu i svijetu\u201c, nakon \u010dega slijedi sv. Misa. O\u010dekujemo veliko mno\u0161tvo naroda, vi\u0161e tisu\u0107a, jer je ovo blagdan hrvatskog-katoli\u010dkog puka \u010ditavoga stola\u010dkog kraja. Na kraju &#8220;Lijepom na\u0161om&#8221; zavr\u0161avamo misno slavlje. Poslije sv. Mise na\u0161e doma\u0107e Folklorno dru\u0161tvo povest \u0107e Pu\u010dko slavlje, a pod starom stoljetnom lipom svi okupljeni mo\u0107i \u0107e se po\u010dastiti osvje\u017eavaju\u0107im pi\u0107em i nabaviti suvenir. Zatim gosti idu u doma\u0107ina na ru\u010dak i osvje\u017eenje, a biskup i sve\u0107enici u \u017dupnu ku\u0107u.&nbsp;<\/p>\n\n\n\n<p>Na ve\u010der u 21,00 sat opet smo kod crkve sv. Ilije u Stocu, gdje nam sve\u010dani Ilindanski Koncert prire\u0111uje popularni hrvatski pjeva\u010d, Zoran Begi\u0107\u2013Zoka &amp; prate\u0107i bend \u201eDinaridi\u201c. Policija \u0107e preusmjeriti promet, ulaz slobodan, svi ste pozvani. Pozivamo sve ljude dobre volje na Ilindanske sve\u010danosti u Stolac. Kod crkve mo\u017eete posjetiti \u017eupni Etnolo\u0161ko-etnografski Muzej i Umjetni\u010dku Galeriju, smje\u0161tene u hrvatsko-katoli\u010dkoj \u0161koli u krugu crkve, mo\u017eete oti\u0107i kod svojih prijatelja, razgledati Stolac, u\u017eivati u stola\u010dkim ljepotama, a na ve\u010der u 21,00 s. opet svi pred crkvu. Dobro nam do\u0161li!<\/p>\n\n\n\n<figure class=\"wp-block-image\"><img decoding=\"async\" src=\"https:\/\/storage.pogled.ba\/\/images\/091a\/88cd\/211757\/original\/2-2021-07-13-21-15-22-Ilindan-Stolac-plakat-2021.jpg\" alt=\"2-2021-07-13-21-15-22-Ilindan-Stolac-plakat-2021.jpg\"\/><\/figure>\n\n\n\n<p>Izvor:pogled.ba<\/p>\n","protected":false},"excerpt":{"rendered":"<p>Stolac je ovih dana u znaku svoga za\u0161titnika sv. Ilije, koji je za\u0161titnik \u017eupe, grada i op\u0107ine. Ve\u0107 20-ak dana traju kulturno\u2013\u0161portski programi po gradu na Bregavi, a od subote, 17. srpnja kre\u0107e i duhovna obnova \u017eupe, te prigodni programi u krugu stola\u010dke \u017eupne crkve. Od subote po\u010dinje trodnevnica u \u017eupi. Svaku ve\u010der trodnevnice: subota, [&hellip;]<\/p>\n","protected":false},"author":2,"featured_media":42308,"comment_status":"closed","ping_status":"closed","sticky":false,"template":"","format":"standard","meta":{"h5ap_radio_sources":[],"footnotes":""},"categories":[1],"tags":[],"class_list":["post-42307","post","type-post","status-publish","format-standard","has-post-thumbnail","hentry","category-bihiregija"],"yoast_head":"<!-- This site is optimized with the Yoast SEO plugin v27.4 - https:\/\/yoast.com\/product\/yoast-seo-wordpress\/ -->\n<title>Ilindanske sve\u010danosti u Stocu 2021.: O\u010dekuje se tisu\u0107e ljudi - RADIO LJUBU\u0160KI<\/title>\n<meta name=\"robots\" content=\"index, follow, max-snippet:-1, max-image-preview:large, max-video-preview:-1\" \/>\n<link rel=\"canonical\" href=\"https:\/\/radioljubuski.ba\/index.php\/2021\/07\/14\/ilindanske-svecanosti-u-stocu-2021-ocekuje-se-tisuce-ljudi\/\" \/>\n<meta property=\"og:locale\" content=\"hr_HR\" \/>\n<meta property=\"og:type\" content=\"article\" \/>\n<meta property=\"og:title\" content=\"Ilindanske sve\u010danosti u Stocu 2021.: O\u010dekuje se tisu\u0107e ljudi - RADIO LJUBU\u0160KI\" \/>\n<meta property=\"og:description\" content=\"Stolac je ovih dana u znaku svoga za\u0161titnika sv. Ilije, koji je za\u0161titnik \u017eupe, grada i op\u0107ine. Ve\u0107 20-ak dana traju kulturno\u2013\u0161portski programi po gradu na Bregavi, a od subote, 17. srpnja kre\u0107e i duhovna obnova \u017eupe, te prigodni programi u krugu stola\u010dke \u017eupne crkve. Od subote po\u010dinje trodnevnica u \u017eupi. Svaku ve\u010der trodnevnice: subota, [&hellip;]\" \/>\n<meta property=\"og:url\" content=\"https:\/\/radioljubuski.ba\/index.php\/2021\/07\/14\/ilindanske-svecanosti-u-stocu-2021-ocekuje-se-tisuce-ljudi\/\" \/>\n<meta property=\"og:site_name\" content=\"RADIO LJUBU\u0160KI\" \/>\n<meta property=\"article:publisher\" content=\"https:\/\/www.facebook.com\/Radiio-Ljubuski-1490835324566332\" \/>\n<meta property=\"article:published_time\" content=\"2021-07-13T23:22:31+00:00\" \/>\n<meta property=\"article:modified_time\" content=\"2021-07-13T23:22:32+00:00\" \/>\n<meta property=\"og:image\" content=\"https:\/\/radioljubuski.ba\/wp-content\/uploads\/2021\/07\/2-2021-07-13-21-15-22-zupa_stolac.jpg\" \/>\n\t<meta property=\"og:image:width\" content=\"1000\" \/>\n\t<meta property=\"og:image:height\" content=\"625\" \/>\n\t<meta property=\"og:image:type\" content=\"image\/jpeg\" \/>\n<meta name=\"author\" content=\"Radio Ljubu\u0161ki\" \/>\n<meta name=\"twitter:card\" content=\"summary_large_image\" \/>\n<meta name=\"twitter:creator\" content=\"@radioljubuski\" \/>\n<meta name=\"twitter:site\" content=\"@radioljubuski\" \/>\n<meta name=\"twitter:label1\" content=\"Napisao\/la\" \/>\n\t<meta name=\"twitter:data1\" content=\"Radio Ljubu\u0161ki\" \/>\n\t<meta name=\"twitter:label2\" content=\"Procijenjeno vrijeme \u010ditanja\" \/>\n\t<meta name=\"twitter:data2\" content=\"3 minute\" \/>\n<script type=\"application\/ld+json\" class=\"yoast-schema-graph\">{\"@context\":\"https:\\\/\\\/schema.org\",\"@graph\":[{\"@type\":\"Article\",\"@id\":\"https:\\\/\\\/radioljubuski.ba\\\/index.php\\\/2021\\\/07\\\/14\\\/ilindanske-svecanosti-u-stocu-2021-ocekuje-se-tisuce-ljudi\\\/#article\",\"isPartOf\":{\"@id\":\"https:\\\/\\\/radioljubuski.ba\\\/index.php\\\/2021\\\/07\\\/14\\\/ilindanske-svecanosti-u-stocu-2021-ocekuje-se-tisuce-ljudi\\\/\"},\"author\":{\"name\":\"Radio Ljubu\u0161ki\",\"@id\":\"https:\\\/\\\/radioljubuski.ba\\\/#\\\/schema\\\/person\\\/19fc700381a780f69665d7956c469e3b\"},\"headline\":\"Ilindanske sve\u010danosti u Stocu 2021.: O\u010dekuje se tisu\u0107e ljudi\",\"datePublished\":\"2021-07-13T23:22:31+00:00\",\"dateModified\":\"2021-07-13T23:22:32+00:00\",\"mainEntityOfPage\":{\"@id\":\"https:\\\/\\\/radioljubuski.ba\\\/index.php\\\/2021\\\/07\\\/14\\\/ilindanske-svecanosti-u-stocu-2021-ocekuje-se-tisuce-ljudi\\\/\"},\"wordCount\":628,\"publisher\":{\"@id\":\"https:\\\/\\\/radioljubuski.ba\\\/#organization\"},\"image\":{\"@id\":\"https:\\\/\\\/radioljubuski.ba\\\/index.php\\\/2021\\\/07\\\/14\\\/ilindanske-svecanosti-u-stocu-2021-ocekuje-se-tisuce-ljudi\\\/#primaryimage\"},\"thumbnailUrl\":\"https:\\\/\\\/radioljubuski.ba\\\/wp-content\\\/uploads\\\/2021\\\/07\\\/2-2021-07-13-21-15-22-zupa_stolac.jpg\",\"articleSection\":[\"BIH i regija\"],\"inLanguage\":\"hr\"},{\"@type\":\"WebPage\",\"@id\":\"https:\\\/\\\/radioljubuski.ba\\\/index.php\\\/2021\\\/07\\\/14\\\/ilindanske-svecanosti-u-stocu-2021-ocekuje-se-tisuce-ljudi\\\/\",\"url\":\"https:\\\/\\\/radioljubuski.ba\\\/index.php\\\/2021\\\/07\\\/14\\\/ilindanske-svecanosti-u-stocu-2021-ocekuje-se-tisuce-ljudi\\\/\",\"name\":\"Ilindanske sve\u010danosti u Stocu 2021.: O\u010dekuje se tisu\u0107e ljudi - RADIO LJUBU\u0160KI\",\"isPartOf\":{\"@id\":\"https:\\\/\\\/radioljubuski.ba\\\/#website\"},\"primaryImageOfPage\":{\"@id\":\"https:\\\/\\\/radioljubuski.ba\\\/index.php\\\/2021\\\/07\\\/14\\\/ilindanske-svecanosti-u-stocu-2021-ocekuje-se-tisuce-ljudi\\\/#primaryimage\"},\"image\":{\"@id\":\"https:\\\/\\\/radioljubuski.ba\\\/index.php\\\/2021\\\/07\\\/14\\\/ilindanske-svecanosti-u-stocu-2021-ocekuje-se-tisuce-ljudi\\\/#primaryimage\"},\"thumbnailUrl\":\"https:\\\/\\\/radioljubuski.ba\\\/wp-content\\\/uploads\\\/2021\\\/07\\\/2-2021-07-13-21-15-22-zupa_stolac.jpg\",\"datePublished\":\"2021-07-13T23:22:31+00:00\",\"dateModified\":\"2021-07-13T23:22:32+00:00\",\"breadcrumb\":{\"@id\":\"https:\\\/\\\/radioljubuski.ba\\\/index.php\\\/2021\\\/07\\\/14\\\/ilindanske-svecanosti-u-stocu-2021-ocekuje-se-tisuce-ljudi\\\/#breadcrumb\"},\"inLanguage\":\"hr\",\"potentialAction\":[{\"@type\":\"ReadAction\",\"target\":[\"https:\\\/\\\/radioljubuski.ba\\\/index.php\\\/2021\\\/07\\\/14\\\/ilindanske-svecanosti-u-stocu-2021-ocekuje-se-tisuce-ljudi\\\/\"]}]},{\"@type\":\"ImageObject\",\"inLanguage\":\"hr\",\"@id\":\"https:\\\/\\\/radioljubuski.ba\\\/index.php\\\/2021\\\/07\\\/14\\\/ilindanske-svecanosti-u-stocu-2021-ocekuje-se-tisuce-ljudi\\\/#primaryimage\",\"url\":\"https:\\\/\\\/radioljubuski.ba\\\/wp-content\\\/uploads\\\/2021\\\/07\\\/2-2021-07-13-21-15-22-zupa_stolac.jpg\",\"contentUrl\":\"https:\\\/\\\/radioljubuski.ba\\\/wp-content\\\/uploads\\\/2021\\\/07\\\/2-2021-07-13-21-15-22-zupa_stolac.jpg\",\"width\":1000,\"height\":625},{\"@type\":\"BreadcrumbList\",\"@id\":\"https:\\\/\\\/radioljubuski.ba\\\/index.php\\\/2021\\\/07\\\/14\\\/ilindanske-svecanosti-u-stocu-2021-ocekuje-se-tisuce-ljudi\\\/#breadcrumb\",\"itemListElement\":[{\"@type\":\"ListItem\",\"position\":1,\"name\":\"Po\u010detna stranica\",\"item\":\"https:\\\/\\\/radioljubuski.ba\\\/\"},{\"@type\":\"ListItem\",\"position\":2,\"name\":\"Ilindanske sve\u010danosti u Stocu 2021.: O\u010dekuje se tisu\u0107e ljudi\"}]},{\"@type\":\"WebSite\",\"@id\":\"https:\\\/\\\/radioljubuski.ba\\\/#website\",\"url\":\"https:\\\/\\\/radioljubuski.ba\\\/\",\"name\":\"Radio Ljubu\u0161ki\",\"description\":\"Sun\u010dana frekvencija Hercegovine\",\"publisher\":{\"@id\":\"https:\\\/\\\/radioljubuski.ba\\\/#organization\"},\"potentialAction\":[{\"@type\":\"SearchAction\",\"target\":{\"@type\":\"EntryPoint\",\"urlTemplate\":\"https:\\\/\\\/radioljubuski.ba\\\/?s={search_term_string}\"},\"query-input\":{\"@type\":\"PropertyValueSpecification\",\"valueRequired\":true,\"valueName\":\"search_term_string\"}}],\"inLanguage\":\"hr\"},{\"@type\":\"Organization\",\"@id\":\"https:\\\/\\\/radioljubuski.ba\\\/#organization\",\"name\":\"Radio Ljubu\u0161ki\",\"url\":\"https:\\\/\\\/radioljubuski.ba\\\/\",\"logo\":{\"@type\":\"ImageObject\",\"inLanguage\":\"hr\",\"@id\":\"https:\\\/\\\/radioljubuski.ba\\\/#\\\/schema\\\/logo\\\/image\\\/\",\"url\":\"https:\\\/\\\/radioljubuski.ba\\\/wp-content\\\/uploads\\\/2021\\\/02\\\/cropped-Radio_Ljubuski_logo1.jpg\",\"contentUrl\":\"https:\\\/\\\/radioljubuski.ba\\\/wp-content\\\/uploads\\\/2021\\\/02\\\/cropped-Radio_Ljubuski_logo1.jpg\",\"width\":512,\"height\":512,\"caption\":\"Radio Ljubu\u0161ki\"},\"image\":{\"@id\":\"https:\\\/\\\/radioljubuski.ba\\\/#\\\/schema\\\/logo\\\/image\\\/\"},\"sameAs\":[\"https:\\\/\\\/www.facebook.com\\\/Radiio-Ljubuski-1490835324566332\",\"https:\\\/\\\/x.com\\\/radioljubuski\",\"https:\\\/\\\/hr.linkedin.com\\\/company\\\/radio-ljubuski\",\"https:\\\/\\\/www.youtube.com\\\/channel\\\/UCHYaeO_n0Db3tjNGudGpXyw\"]},{\"@type\":\"Person\",\"@id\":\"https:\\\/\\\/radioljubuski.ba\\\/#\\\/schema\\\/person\\\/19fc700381a780f69665d7956c469e3b\",\"name\":\"Radio Ljubu\u0161ki\"}]}<\/script>\n<!-- \/ Yoast SEO plugin. -->","yoast_head_json":{"title":"Ilindanske sve\u010danosti u Stocu 2021.: O\u010dekuje se tisu\u0107e ljudi - RADIO LJUBU\u0160KI","robots":{"index":"index","follow":"follow","max-snippet":"max-snippet:-1","max-image-preview":"max-image-preview:large","max-video-preview":"max-video-preview:-1"},"canonical":"https:\/\/radioljubuski.ba\/index.php\/2021\/07\/14\/ilindanske-svecanosti-u-stocu-2021-ocekuje-se-tisuce-ljudi\/","og_locale":"hr_HR","og_type":"article","og_title":"Ilindanske sve\u010danosti u Stocu 2021.: O\u010dekuje se tisu\u0107e ljudi - RADIO LJUBU\u0160KI","og_description":"Stolac je ovih dana u znaku svoga za\u0161titnika sv. Ilije, koji je za\u0161titnik \u017eupe, grada i op\u0107ine. Ve\u0107 20-ak dana traju kulturno\u2013\u0161portski programi po gradu na Bregavi, a od subote, 17. srpnja kre\u0107e i duhovna obnova \u017eupe, te prigodni programi u krugu stola\u010dke \u017eupne crkve. Od subote po\u010dinje trodnevnica u \u017eupi. Svaku ve\u010der trodnevnice: subota, [&hellip;]","og_url":"https:\/\/radioljubuski.ba\/index.php\/2021\/07\/14\/ilindanske-svecanosti-u-stocu-2021-ocekuje-se-tisuce-ljudi\/","og_site_name":"RADIO LJUBU\u0160KI","article_publisher":"https:\/\/www.facebook.com\/Radiio-Ljubuski-1490835324566332","article_published_time":"2021-07-13T23:22:31+00:00","article_modified_time":"2021-07-13T23:22:32+00:00","og_image":[{"width":1000,"height":625,"url":"https:\/\/radioljubuski.ba\/wp-content\/uploads\/2021\/07\/2-2021-07-13-21-15-22-zupa_stolac.jpg","type":"image\/jpeg"}],"author":"Radio Ljubu\u0161ki","twitter_card":"summary_large_image","twitter_creator":"@radioljubuski","twitter_site":"@radioljubuski","twitter_misc":{"Napisao\/la":"Radio Ljubu\u0161ki","Procijenjeno vrijeme \u010ditanja":"3 minute"},"schema":{"@context":"https:\/\/schema.org","@graph":[{"@type":"Article","@id":"https:\/\/radioljubuski.ba\/index.php\/2021\/07\/14\/ilindanske-svecanosti-u-stocu-2021-ocekuje-se-tisuce-ljudi\/#article","isPartOf":{"@id":"https:\/\/radioljubuski.ba\/index.php\/2021\/07\/14\/ilindanske-svecanosti-u-stocu-2021-ocekuje-se-tisuce-ljudi\/"},"author":{"name":"Radio Ljubu\u0161ki","@id":"https:\/\/radioljubuski.ba\/#\/schema\/person\/19fc700381a780f69665d7956c469e3b"},"headline":"Ilindanske sve\u010danosti u Stocu 2021.: O\u010dekuje se tisu\u0107e ljudi","datePublished":"2021-07-13T23:22:31+00:00","dateModified":"2021-07-13T23:22:32+00:00","mainEntityOfPage":{"@id":"https:\/\/radioljubuski.ba\/index.php\/2021\/07\/14\/ilindanske-svecanosti-u-stocu-2021-ocekuje-se-tisuce-ljudi\/"},"wordCount":628,"publisher":{"@id":"https:\/\/radioljubuski.ba\/#organization"},"image":{"@id":"https:\/\/radioljubuski.ba\/index.php\/2021\/07\/14\/ilindanske-svecanosti-u-stocu-2021-ocekuje-se-tisuce-ljudi\/#primaryimage"},"thumbnailUrl":"https:\/\/radioljubuski.ba\/wp-content\/uploads\/2021\/07\/2-2021-07-13-21-15-22-zupa_stolac.jpg","articleSection":["BIH i regija"],"inLanguage":"hr"},{"@type":"WebPage","@id":"https:\/\/radioljubuski.ba\/index.php\/2021\/07\/14\/ilindanske-svecanosti-u-stocu-2021-ocekuje-se-tisuce-ljudi\/","url":"https:\/\/radioljubuski.ba\/index.php\/2021\/07\/14\/ilindanske-svecanosti-u-stocu-2021-ocekuje-se-tisuce-ljudi\/","name":"Ilindanske sve\u010danosti u Stocu 2021.: O\u010dekuje se tisu\u0107e ljudi - RADIO LJUBU\u0160KI","isPartOf":{"@id":"https:\/\/radioljubuski.ba\/#website"},"primaryImageOfPage":{"@id":"https:\/\/radioljubuski.ba\/index.php\/2021\/07\/14\/ilindanske-svecanosti-u-stocu-2021-ocekuje-se-tisuce-ljudi\/#primaryimage"},"image":{"@id":"https:\/\/radioljubuski.ba\/index.php\/2021\/07\/14\/ilindanske-svecanosti-u-stocu-2021-ocekuje-se-tisuce-ljudi\/#primaryimage"},"thumbnailUrl":"https:\/\/radioljubuski.ba\/wp-content\/uploads\/2021\/07\/2-2021-07-13-21-15-22-zupa_stolac.jpg","datePublished":"2021-07-13T23:22:31+00:00","dateModified":"2021-07-13T23:22:32+00:00","breadcrumb":{"@id":"https:\/\/radioljubuski.ba\/index.php\/2021\/07\/14\/ilindanske-svecanosti-u-stocu-2021-ocekuje-se-tisuce-ljudi\/#breadcrumb"},"inLanguage":"hr","potentialAction":[{"@type":"ReadAction","target":["https:\/\/radioljubuski.ba\/index.php\/2021\/07\/14\/ilindanske-svecanosti-u-stocu-2021-ocekuje-se-tisuce-ljudi\/"]}]},{"@type":"ImageObject","inLanguage":"hr","@id":"https:\/\/radioljubuski.ba\/index.php\/2021\/07\/14\/ilindanske-svecanosti-u-stocu-2021-ocekuje-se-tisuce-ljudi\/#primaryimage","url":"https:\/\/radioljubuski.ba\/wp-content\/uploads\/2021\/07\/2-2021-07-13-21-15-22-zupa_stolac.jpg","contentUrl":"https:\/\/radioljubuski.ba\/wp-content\/uploads\/2021\/07\/2-2021-07-13-21-15-22-zupa_stolac.jpg","width":1000,"height":625},{"@type":"BreadcrumbList","@id":"https:\/\/radioljubuski.ba\/index.php\/2021\/07\/14\/ilindanske-svecanosti-u-stocu-2021-ocekuje-se-tisuce-ljudi\/#breadcrumb","itemListElement":[{"@type":"ListItem","position":1,"name":"Po\u010detna stranica","item":"https:\/\/radioljubuski.ba\/"},{"@type":"ListItem","position":2,"name":"Ilindanske sve\u010danosti u Stocu 2021.: O\u010dekuje se tisu\u0107e ljudi"}]},{"@type":"WebSite","@id":"https:\/\/radioljubuski.ba\/#website","url":"https:\/\/radioljubuski.ba\/","name":"Radio Ljubu\u0161ki","description":"Sun\u010dana frekvencija Hercegovine","publisher":{"@id":"https:\/\/radioljubuski.ba\/#organization"},"potentialAction":[{"@type":"SearchAction","target":{"@type":"EntryPoint","urlTemplate":"https:\/\/radioljubuski.ba\/?s={search_term_string}"},"query-input":{"@type":"PropertyValueSpecification","valueRequired":true,"valueName":"search_term_string"}}],"inLanguage":"hr"},{"@type":"Organization","@id":"https:\/\/radioljubuski.ba\/#organization","name":"Radio Ljubu\u0161ki","url":"https:\/\/radioljubuski.ba\/","logo":{"@type":"ImageObject","inLanguage":"hr","@id":"https:\/\/radioljubuski.ba\/#\/schema\/logo\/image\/","url":"https:\/\/radioljubuski.ba\/wp-content\/uploads\/2021\/02\/cropped-Radio_Ljubuski_logo1.jpg","contentUrl":"https:\/\/radioljubuski.ba\/wp-content\/uploads\/2021\/02\/cropped-Radio_Ljubuski_logo1.jpg","width":512,"height":512,"caption":"Radio Ljubu\u0161ki"},"image":{"@id":"https:\/\/radioljubuski.ba\/#\/schema\/logo\/image\/"},"sameAs":["https:\/\/www.facebook.com\/Radiio-Ljubuski-1490835324566332","https:\/\/x.com\/radioljubuski","https:\/\/hr.linkedin.com\/company\/radio-ljubuski","https:\/\/www.youtube.com\/channel\/UCHYaeO_n0Db3tjNGudGpXyw"]},{"@type":"Person","@id":"https:\/\/radioljubuski.ba\/#\/schema\/person\/19fc700381a780f69665d7956c469e3b","name":"Radio Ljubu\u0161ki"}]}},"_links":{"self":[{"href":"https:\/\/radioljubuski.ba\/index.php\/wp-json\/wp\/v2\/posts\/42307","targetHints":{"allow":["GET"]}}],"collection":[{"href":"https:\/\/radioljubuski.ba\/index.php\/wp-json\/wp\/v2\/posts"}],"about":[{"href":"https:\/\/radioljubuski.ba\/index.php\/wp-json\/wp\/v2\/types\/post"}],"author":[{"embeddable":true,"href":"https:\/\/radioljubuski.ba\/index.php\/wp-json\/wp\/v2\/users\/2"}],"replies":[{"embeddable":true,"href":"https:\/\/radioljubuski.ba\/index.php\/wp-json\/wp\/v2\/comments?post=42307"}],"version-history":[{"count":1,"href":"https:\/\/radioljubuski.ba\/index.php\/wp-json\/wp\/v2\/posts\/42307\/revisions"}],"predecessor-version":[{"id":42309,"href":"https:\/\/radioljubuski.ba\/index.php\/wp-json\/wp\/v2\/posts\/42307\/revisions\/42309"}],"wp:featuredmedia":[{"embeddable":true,"href":"https:\/\/radioljubuski.ba\/index.php\/wp-json\/wp\/v2\/media\/42308"}],"wp:attachment":[{"href":"https:\/\/radioljubuski.ba\/index.php\/wp-json\/wp\/v2\/media?parent=42307"}],"wp:term":[{"taxonomy":"category","embeddable":true,"href":"https:\/\/radioljubuski.ba\/index.php\/wp-json\/wp\/v2\/categories?post=42307"},{"taxonomy":"post_tag","embeddable":true,"href":"https:\/\/radioljubuski.ba\/index.php\/wp-json\/wp\/v2\/tags?post=42307"}],"curies":[{"name":"wp","href":"https:\/\/api.w.org\/{rel}","templated":true}]}}