{"id":4231,"date":"2021-03-16T20:44:16","date_gmt":"2021-03-16T19:44:16","guid":{"rendered":"https:\/\/radioljubuski.ba\/?p=4231"},"modified":"2021-03-16T20:44:17","modified_gmt":"2021-03-16T19:44:17","slug":"vlada-federacije-bih-na-hitnoj-sjednici-zakazanoj-u-21h-donosi-odluku-o-nabavci-cjepiva","status":"publish","type":"post","link":"https:\/\/radioljubuski.ba\/index.php\/2021\/03\/16\/vlada-federacije-bih-na-hitnoj-sjednici-zakazanoj-u-21h-donosi-odluku-o-nabavci-cjepiva\/","title":{"rendered":"Vlada Federacije BiH na hitnoj sjednici zakazanoj u 21h donosi odluku o nabavci cjepiva"},"content":{"rendered":"\n<p>U 16 sati je istekao rok postavljen ponu\u0111a\u010dima za nabavku cjepiva, nakon koga je po\u010deo sastanak Ad hoc tima Vlade Federacije BiH. Od devet firmi koje su se javile samo je jedna uspjela dostaviti kompletnu dokumentaciju Zavodu za javno zdravstvo koji vodi kompletnu proceduru nabavke cjepiva za Federaciju.<\/p>\n\n\n\n<p>S obzirom da je vi\u0161e kompanija ukazalo na probleme zbog kratko\u0107e rokova, ali cijene\u0107i hitnost situacije Zavod \u0107e dostaviti Izvje\u0161taj Vladi Federacije sa svim prikupljenim ponudama, rokovima dostave i koli\u010dinama isporuke, nakon \u010dega \u0107e Vlada na hitnoj sjednici, koja je zakazana za ve\u010deras u 21 sat, donijeti odluku s kim \u0107e se potpisati ugovor kako bi se, zbog te\u0161ke situacije uzrokovane pandemijom, \u0161to prije krenulo u nabavku cjepiva.<\/p>\n\n\n\n<p>Firma Medimpex svojom ponudom garantira da \u0107e od trenutka potpisvanja ugovora u naredna tri dana nabaviti 100.000 vakcina Sputnika V, a preostali dio sukcesivno u idu\u0107a 2-3 tjedna. Pla\u0107anje \u0107e tako\u0111er biti sukcesivno, a prva uplata \u0107e se izvr\u0161iti nakon isporuke prve koli\u010dine koja \u0107e Bosni i Hercegovini biti dostavljena direktno iz Moskve, a na osnovu otvorenog akreditiva. Medimpex se obavezao i da \u0107e Federaciji nabaviti ukupno 500.000 cjepiva po cijeni od 14,31 EUR, u koji su ura\u010dunate provizije posrednika (ugovor su potpisali s agentom koga je ovlastio Ruski investicioni fond) i organizacija i tro\u0161kovi transporta, tzv. \u201ehladnog lanca\u201c.<\/p>\n\n\n\n<p>Ozbiljne ponude uz Medimpex imali su MGM Farm iz Kaknja, KrajinaGroup i Bosnalijek, ali zbog kratkih rokova, kako su objasnili, nisu uspjeli pribaviti svu dokumentaciju, zatra\u017eiv\u0161i od Zavoda produ\u017eenje rokova. Neki od \u010dlanova Tima, me\u0111u kojima i doktor Kacila, predlagali su da se rokovi produ\u017ee do kraja tjedna, odnosno do petka, no odlu\u010deno je da se s obzirom na te\u0161ku situaciju ide s izvje\u0161tajem prema Vladi \u0161to prije, a da me\u0111u preporukama navedu da se i drugim, ozbiljnim ponu\u0111a\u010dima produ\u017ei rok do kraja tjedna.<\/p>\n\n\n\n<p>Sastanak je sve vrijeme koordiniran s kabinetom premijera koji je i sam pratio sastanak.<\/p>\n\n\n\n<p>-Znamo da su rokovi bili kratki, ali svjesni smo i situacije u kojoj se nalaze gra\u0111ani, da se pandemija svakodnevno \u0161iri, da nam ljudi umiru i zbog toga je bitno da ve\u010deras imamo bar jednu ozbiljnu ponudu i garancije da \u0107e u \u0161to hitnijem roku gra\u0111ani Federacije dobiti prve koli\u010dine cjepiva, kako bi Vlada mogla dalje i \u0161to prije uraditi svoj dio posla. Svakom ozbiljnom ponu\u0111a\u010du ostavit \u0107emo rok do petka i izabrati jo\u0161 jednu ili dvije firme, \u0161to \u0107e zavisiti od njihovih ponuda. Sva sredstva koja budu potrebna za kupovinu cjepiva, osigurati \u0107emo. Bitno je samo da \u0161to prije krenemo s cijepljenjem na\u0161ih gra\u0111ana, kazao je premijer Fadil Novali\u0107.&nbsp;<\/p>\n\n\n\n<p>Izvor:pogled.ba<\/p>\n","protected":false},"excerpt":{"rendered":"<p>U 16 sati je istekao rok postavljen ponu\u0111a\u010dima za nabavku cjepiva, nakon koga je po\u010deo sastanak Ad hoc tima Vlade Federacije BiH. Od devet firmi koje su se javile samo je jedna uspjela dostaviti kompletnu dokumentaciju Zavodu za javno zdravstvo koji vodi kompletnu proceduru nabavke cjepiva za Federaciju. S obzirom da je vi\u0161e kompanija ukazalo [&hellip;]<\/p>\n","protected":false},"author":2,"featured_media":4232,"comment_status":"closed","ping_status":"closed","sticky":false,"template":"","format":"standard","meta":{"h5ap_radio_sources":[],"footnotes":""},"categories":[1],"tags":[],"class_list":["post-4231","post","type-post","status-publish","format-standard","has-post-thumbnail","hentry","category-bihiregija"],"yoast_head":"<!-- This site is optimized with the Yoast SEO plugin v27.5 - https:\/\/yoast.com\/product\/yoast-seo-wordpress\/ -->\n<title>Vlada Federacije BiH na hitnoj sjednici zakazanoj u 21h donosi odluku o nabavci cjepiva - RADIO LJUBU\u0160KI<\/title>\n<meta name=\"robots\" content=\"index, follow, max-snippet:-1, max-image-preview:large, max-video-preview:-1\" \/>\n<link rel=\"canonical\" href=\"https:\/\/radioljubuski.ba\/index.php\/2021\/03\/16\/vlada-federacije-bih-na-hitnoj-sjednici-zakazanoj-u-21h-donosi-odluku-o-nabavci-cjepiva\/\" \/>\n<meta property=\"og:locale\" content=\"hr_HR\" \/>\n<meta property=\"og:type\" content=\"article\" \/>\n<meta property=\"og:title\" content=\"Vlada Federacije BiH na hitnoj sjednici zakazanoj u 21h donosi odluku o nabavci cjepiva - RADIO LJUBU\u0160KI\" \/>\n<meta property=\"og:description\" content=\"U 16 sati je istekao rok postavljen ponu\u0111a\u010dima za nabavku cjepiva, nakon koga je po\u010deo sastanak Ad hoc tima Vlade Federacije BiH. Od devet firmi koje su se javile samo je jedna uspjela dostaviti kompletnu dokumentaciju Zavodu za javno zdravstvo koji vodi kompletnu proceduru nabavke cjepiva za Federaciju. S obzirom da je vi\u0161e kompanija ukazalo [&hellip;]\" \/>\n<meta property=\"og:url\" content=\"https:\/\/radioljubuski.ba\/index.php\/2021\/03\/16\/vlada-federacije-bih-na-hitnoj-sjednici-zakazanoj-u-21h-donosi-odluku-o-nabavci-cjepiva\/\" \/>\n<meta property=\"og:site_name\" content=\"RADIO LJUBU\u0160KI\" \/>\n<meta property=\"article:publisher\" content=\"https:\/\/www.facebook.com\/Radiio-Ljubuski-1490835324566332\" \/>\n<meta property=\"article:published_time\" content=\"2021-03-16T19:44:16+00:00\" \/>\n<meta property=\"article:modified_time\" content=\"2021-03-16T19:44:17+00:00\" \/>\n<meta property=\"og:image\" content=\"https:\/\/radioljubuski.ba\/wp-content\/uploads\/2021\/03\/2-2021-03-16-20-17-01-vlada.jpg\" \/>\n\t<meta property=\"og:image:width\" content=\"1000\" \/>\n\t<meta property=\"og:image:height\" content=\"625\" \/>\n\t<meta property=\"og:image:type\" content=\"image\/jpeg\" \/>\n<meta name=\"author\" content=\"Radio Ljubu\u0161ki\" \/>\n<meta name=\"twitter:card\" content=\"summary_large_image\" \/>\n<meta name=\"twitter:creator\" content=\"@radioljubuski\" \/>\n<meta name=\"twitter:site\" content=\"@radioljubuski\" \/>\n<meta name=\"twitter:label1\" content=\"Napisao\/la\" \/>\n\t<meta name=\"twitter:data1\" content=\"Radio Ljubu\u0161ki\" \/>\n\t<meta name=\"twitter:label2\" content=\"Procijenjeno vrijeme \u010ditanja\" \/>\n\t<meta name=\"twitter:data2\" content=\"2 minute\" \/>\n<script type=\"application\/ld+json\" class=\"yoast-schema-graph\">{\"@context\":\"https:\\\/\\\/schema.org\",\"@graph\":[{\"@type\":\"Article\",\"@id\":\"https:\\\/\\\/radioljubuski.ba\\\/index.php\\\/2021\\\/03\\\/16\\\/vlada-federacije-bih-na-hitnoj-sjednici-zakazanoj-u-21h-donosi-odluku-o-nabavci-cjepiva\\\/#article\",\"isPartOf\":{\"@id\":\"https:\\\/\\\/radioljubuski.ba\\\/index.php\\\/2021\\\/03\\\/16\\\/vlada-federacije-bih-na-hitnoj-sjednici-zakazanoj-u-21h-donosi-odluku-o-nabavci-cjepiva\\\/\"},\"author\":{\"name\":\"Radio Ljubu\u0161ki\",\"@id\":\"https:\\\/\\\/radioljubuski.ba\\\/#\\\/schema\\\/person\\\/19fc700381a780f69665d7956c469e3b\"},\"headline\":\"Vlada Federacije BiH na hitnoj sjednici zakazanoj u 21h donosi odluku o nabavci cjepiva\",\"datePublished\":\"2021-03-16T19:44:16+00:00\",\"dateModified\":\"2021-03-16T19:44:17+00:00\",\"mainEntityOfPage\":{\"@id\":\"https:\\\/\\\/radioljubuski.ba\\\/index.php\\\/2021\\\/03\\\/16\\\/vlada-federacije-bih-na-hitnoj-sjednici-zakazanoj-u-21h-donosi-odluku-o-nabavci-cjepiva\\\/\"},\"wordCount\":473,\"publisher\":{\"@id\":\"https:\\\/\\\/radioljubuski.ba\\\/#organization\"},\"image\":{\"@id\":\"https:\\\/\\\/radioljubuski.ba\\\/index.php\\\/2021\\\/03\\\/16\\\/vlada-federacije-bih-na-hitnoj-sjednici-zakazanoj-u-21h-donosi-odluku-o-nabavci-cjepiva\\\/#primaryimage\"},\"thumbnailUrl\":\"https:\\\/\\\/radioljubuski.ba\\\/wp-content\\\/uploads\\\/2021\\\/03\\\/2-2021-03-16-20-17-01-vlada.jpg\",\"articleSection\":[\"BIH i regija\"],\"inLanguage\":\"hr\"},{\"@type\":\"WebPage\",\"@id\":\"https:\\\/\\\/radioljubuski.ba\\\/index.php\\\/2021\\\/03\\\/16\\\/vlada-federacije-bih-na-hitnoj-sjednici-zakazanoj-u-21h-donosi-odluku-o-nabavci-cjepiva\\\/\",\"url\":\"https:\\\/\\\/radioljubuski.ba\\\/index.php\\\/2021\\\/03\\\/16\\\/vlada-federacije-bih-na-hitnoj-sjednici-zakazanoj-u-21h-donosi-odluku-o-nabavci-cjepiva\\\/\",\"name\":\"Vlada Federacije BiH na hitnoj sjednici zakazanoj u 21h donosi odluku o nabavci cjepiva - RADIO LJUBU\u0160KI\",\"isPartOf\":{\"@id\":\"https:\\\/\\\/radioljubuski.ba\\\/#website\"},\"primaryImageOfPage\":{\"@id\":\"https:\\\/\\\/radioljubuski.ba\\\/index.php\\\/2021\\\/03\\\/16\\\/vlada-federacije-bih-na-hitnoj-sjednici-zakazanoj-u-21h-donosi-odluku-o-nabavci-cjepiva\\\/#primaryimage\"},\"image\":{\"@id\":\"https:\\\/\\\/radioljubuski.ba\\\/index.php\\\/2021\\\/03\\\/16\\\/vlada-federacije-bih-na-hitnoj-sjednici-zakazanoj-u-21h-donosi-odluku-o-nabavci-cjepiva\\\/#primaryimage\"},\"thumbnailUrl\":\"https:\\\/\\\/radioljubuski.ba\\\/wp-content\\\/uploads\\\/2021\\\/03\\\/2-2021-03-16-20-17-01-vlada.jpg\",\"datePublished\":\"2021-03-16T19:44:16+00:00\",\"dateModified\":\"2021-03-16T19:44:17+00:00\",\"breadcrumb\":{\"@id\":\"https:\\\/\\\/radioljubuski.ba\\\/index.php\\\/2021\\\/03\\\/16\\\/vlada-federacije-bih-na-hitnoj-sjednici-zakazanoj-u-21h-donosi-odluku-o-nabavci-cjepiva\\\/#breadcrumb\"},\"inLanguage\":\"hr\",\"potentialAction\":[{\"@type\":\"ReadAction\",\"target\":[\"https:\\\/\\\/radioljubuski.ba\\\/index.php\\\/2021\\\/03\\\/16\\\/vlada-federacije-bih-na-hitnoj-sjednici-zakazanoj-u-21h-donosi-odluku-o-nabavci-cjepiva\\\/\"]}]},{\"@type\":\"ImageObject\",\"inLanguage\":\"hr\",\"@id\":\"https:\\\/\\\/radioljubuski.ba\\\/index.php\\\/2021\\\/03\\\/16\\\/vlada-federacije-bih-na-hitnoj-sjednici-zakazanoj-u-21h-donosi-odluku-o-nabavci-cjepiva\\\/#primaryimage\",\"url\":\"https:\\\/\\\/radioljubuski.ba\\\/wp-content\\\/uploads\\\/2021\\\/03\\\/2-2021-03-16-20-17-01-vlada.jpg\",\"contentUrl\":\"https:\\\/\\\/radioljubuski.ba\\\/wp-content\\\/uploads\\\/2021\\\/03\\\/2-2021-03-16-20-17-01-vlada.jpg\",\"width\":1000,\"height\":625},{\"@type\":\"BreadcrumbList\",\"@id\":\"https:\\\/\\\/radioljubuski.ba\\\/index.php\\\/2021\\\/03\\\/16\\\/vlada-federacije-bih-na-hitnoj-sjednici-zakazanoj-u-21h-donosi-odluku-o-nabavci-cjepiva\\\/#breadcrumb\",\"itemListElement\":[{\"@type\":\"ListItem\",\"position\":1,\"name\":\"Po\u010detna stranica\",\"item\":\"https:\\\/\\\/radioljubuski.ba\\\/\"},{\"@type\":\"ListItem\",\"position\":2,\"name\":\"Vlada Federacije BiH na hitnoj sjednici zakazanoj u 21h donosi odluku o nabavci cjepiva\"}]},{\"@type\":\"WebSite\",\"@id\":\"https:\\\/\\\/radioljubuski.ba\\\/#website\",\"url\":\"https:\\\/\\\/radioljubuski.ba\\\/\",\"name\":\"Radio Ljubu\u0161ki\",\"description\":\"Sun\u010dana frekvencija Hercegovine\",\"publisher\":{\"@id\":\"https:\\\/\\\/radioljubuski.ba\\\/#organization\"},\"potentialAction\":[{\"@type\":\"SearchAction\",\"target\":{\"@type\":\"EntryPoint\",\"urlTemplate\":\"https:\\\/\\\/radioljubuski.ba\\\/?s={search_term_string}\"},\"query-input\":{\"@type\":\"PropertyValueSpecification\",\"valueRequired\":true,\"valueName\":\"search_term_string\"}}],\"inLanguage\":\"hr\"},{\"@type\":\"Organization\",\"@id\":\"https:\\\/\\\/radioljubuski.ba\\\/#organization\",\"name\":\"Radio Ljubu\u0161ki\",\"url\":\"https:\\\/\\\/radioljubuski.ba\\\/\",\"logo\":{\"@type\":\"ImageObject\",\"inLanguage\":\"hr\",\"@id\":\"https:\\\/\\\/radioljubuski.ba\\\/#\\\/schema\\\/logo\\\/image\\\/\",\"url\":\"https:\\\/\\\/radioljubuski.ba\\\/wp-content\\\/uploads\\\/2021\\\/02\\\/cropped-Radio_Ljubuski_logo1.jpg\",\"contentUrl\":\"https:\\\/\\\/radioljubuski.ba\\\/wp-content\\\/uploads\\\/2021\\\/02\\\/cropped-Radio_Ljubuski_logo1.jpg\",\"width\":512,\"height\":512,\"caption\":\"Radio Ljubu\u0161ki\"},\"image\":{\"@id\":\"https:\\\/\\\/radioljubuski.ba\\\/#\\\/schema\\\/logo\\\/image\\\/\"},\"sameAs\":[\"https:\\\/\\\/www.facebook.com\\\/Radiio-Ljubuski-1490835324566332\",\"https:\\\/\\\/x.com\\\/radioljubuski\",\"https:\\\/\\\/hr.linkedin.com\\\/company\\\/radio-ljubuski\",\"https:\\\/\\\/www.youtube.com\\\/channel\\\/UCHYaeO_n0Db3tjNGudGpXyw\"]},{\"@type\":\"Person\",\"@id\":\"https:\\\/\\\/radioljubuski.ba\\\/#\\\/schema\\\/person\\\/19fc700381a780f69665d7956c469e3b\",\"name\":\"Radio Ljubu\u0161ki\"}]}<\/script>\n<!-- \/ Yoast SEO plugin. -->","yoast_head_json":{"title":"Vlada Federacije BiH na hitnoj sjednici zakazanoj u 21h donosi odluku o nabavci cjepiva - RADIO LJUBU\u0160KI","robots":{"index":"index","follow":"follow","max-snippet":"max-snippet:-1","max-image-preview":"max-image-preview:large","max-video-preview":"max-video-preview:-1"},"canonical":"https:\/\/radioljubuski.ba\/index.php\/2021\/03\/16\/vlada-federacije-bih-na-hitnoj-sjednici-zakazanoj-u-21h-donosi-odluku-o-nabavci-cjepiva\/","og_locale":"hr_HR","og_type":"article","og_title":"Vlada Federacije BiH na hitnoj sjednici zakazanoj u 21h donosi odluku o nabavci cjepiva - RADIO LJUBU\u0160KI","og_description":"U 16 sati je istekao rok postavljen ponu\u0111a\u010dima za nabavku cjepiva, nakon koga je po\u010deo sastanak Ad hoc tima Vlade Federacije BiH. Od devet firmi koje su se javile samo je jedna uspjela dostaviti kompletnu dokumentaciju Zavodu za javno zdravstvo koji vodi kompletnu proceduru nabavke cjepiva za Federaciju. S obzirom da je vi\u0161e kompanija ukazalo [&hellip;]","og_url":"https:\/\/radioljubuski.ba\/index.php\/2021\/03\/16\/vlada-federacije-bih-na-hitnoj-sjednici-zakazanoj-u-21h-donosi-odluku-o-nabavci-cjepiva\/","og_site_name":"RADIO LJUBU\u0160KI","article_publisher":"https:\/\/www.facebook.com\/Radiio-Ljubuski-1490835324566332","article_published_time":"2021-03-16T19:44:16+00:00","article_modified_time":"2021-03-16T19:44:17+00:00","og_image":[{"width":1000,"height":625,"url":"https:\/\/radioljubuski.ba\/wp-content\/uploads\/2021\/03\/2-2021-03-16-20-17-01-vlada.jpg","type":"image\/jpeg"}],"author":"Radio Ljubu\u0161ki","twitter_card":"summary_large_image","twitter_creator":"@radioljubuski","twitter_site":"@radioljubuski","twitter_misc":{"Napisao\/la":"Radio Ljubu\u0161ki","Procijenjeno vrijeme \u010ditanja":"2 minute"},"schema":{"@context":"https:\/\/schema.org","@graph":[{"@type":"Article","@id":"https:\/\/radioljubuski.ba\/index.php\/2021\/03\/16\/vlada-federacije-bih-na-hitnoj-sjednici-zakazanoj-u-21h-donosi-odluku-o-nabavci-cjepiva\/#article","isPartOf":{"@id":"https:\/\/radioljubuski.ba\/index.php\/2021\/03\/16\/vlada-federacije-bih-na-hitnoj-sjednici-zakazanoj-u-21h-donosi-odluku-o-nabavci-cjepiva\/"},"author":{"name":"Radio Ljubu\u0161ki","@id":"https:\/\/radioljubuski.ba\/#\/schema\/person\/19fc700381a780f69665d7956c469e3b"},"headline":"Vlada Federacije BiH na hitnoj sjednici zakazanoj u 21h donosi odluku o nabavci cjepiva","datePublished":"2021-03-16T19:44:16+00:00","dateModified":"2021-03-16T19:44:17+00:00","mainEntityOfPage":{"@id":"https:\/\/radioljubuski.ba\/index.php\/2021\/03\/16\/vlada-federacije-bih-na-hitnoj-sjednici-zakazanoj-u-21h-donosi-odluku-o-nabavci-cjepiva\/"},"wordCount":473,"publisher":{"@id":"https:\/\/radioljubuski.ba\/#organization"},"image":{"@id":"https:\/\/radioljubuski.ba\/index.php\/2021\/03\/16\/vlada-federacije-bih-na-hitnoj-sjednici-zakazanoj-u-21h-donosi-odluku-o-nabavci-cjepiva\/#primaryimage"},"thumbnailUrl":"https:\/\/radioljubuski.ba\/wp-content\/uploads\/2021\/03\/2-2021-03-16-20-17-01-vlada.jpg","articleSection":["BIH i regija"],"inLanguage":"hr"},{"@type":"WebPage","@id":"https:\/\/radioljubuski.ba\/index.php\/2021\/03\/16\/vlada-federacije-bih-na-hitnoj-sjednici-zakazanoj-u-21h-donosi-odluku-o-nabavci-cjepiva\/","url":"https:\/\/radioljubuski.ba\/index.php\/2021\/03\/16\/vlada-federacije-bih-na-hitnoj-sjednici-zakazanoj-u-21h-donosi-odluku-o-nabavci-cjepiva\/","name":"Vlada Federacije BiH na hitnoj sjednici zakazanoj u 21h donosi odluku o nabavci cjepiva - RADIO LJUBU\u0160KI","isPartOf":{"@id":"https:\/\/radioljubuski.ba\/#website"},"primaryImageOfPage":{"@id":"https:\/\/radioljubuski.ba\/index.php\/2021\/03\/16\/vlada-federacije-bih-na-hitnoj-sjednici-zakazanoj-u-21h-donosi-odluku-o-nabavci-cjepiva\/#primaryimage"},"image":{"@id":"https:\/\/radioljubuski.ba\/index.php\/2021\/03\/16\/vlada-federacije-bih-na-hitnoj-sjednici-zakazanoj-u-21h-donosi-odluku-o-nabavci-cjepiva\/#primaryimage"},"thumbnailUrl":"https:\/\/radioljubuski.ba\/wp-content\/uploads\/2021\/03\/2-2021-03-16-20-17-01-vlada.jpg","datePublished":"2021-03-16T19:44:16+00:00","dateModified":"2021-03-16T19:44:17+00:00","breadcrumb":{"@id":"https:\/\/radioljubuski.ba\/index.php\/2021\/03\/16\/vlada-federacije-bih-na-hitnoj-sjednici-zakazanoj-u-21h-donosi-odluku-o-nabavci-cjepiva\/#breadcrumb"},"inLanguage":"hr","potentialAction":[{"@type":"ReadAction","target":["https:\/\/radioljubuski.ba\/index.php\/2021\/03\/16\/vlada-federacije-bih-na-hitnoj-sjednici-zakazanoj-u-21h-donosi-odluku-o-nabavci-cjepiva\/"]}]},{"@type":"ImageObject","inLanguage":"hr","@id":"https:\/\/radioljubuski.ba\/index.php\/2021\/03\/16\/vlada-federacije-bih-na-hitnoj-sjednici-zakazanoj-u-21h-donosi-odluku-o-nabavci-cjepiva\/#primaryimage","url":"https:\/\/radioljubuski.ba\/wp-content\/uploads\/2021\/03\/2-2021-03-16-20-17-01-vlada.jpg","contentUrl":"https:\/\/radioljubuski.ba\/wp-content\/uploads\/2021\/03\/2-2021-03-16-20-17-01-vlada.jpg","width":1000,"height":625},{"@type":"BreadcrumbList","@id":"https:\/\/radioljubuski.ba\/index.php\/2021\/03\/16\/vlada-federacije-bih-na-hitnoj-sjednici-zakazanoj-u-21h-donosi-odluku-o-nabavci-cjepiva\/#breadcrumb","itemListElement":[{"@type":"ListItem","position":1,"name":"Po\u010detna stranica","item":"https:\/\/radioljubuski.ba\/"},{"@type":"ListItem","position":2,"name":"Vlada Federacije BiH na hitnoj sjednici zakazanoj u 21h donosi odluku o nabavci cjepiva"}]},{"@type":"WebSite","@id":"https:\/\/radioljubuski.ba\/#website","url":"https:\/\/radioljubuski.ba\/","name":"Radio Ljubu\u0161ki","description":"Sun\u010dana frekvencija Hercegovine","publisher":{"@id":"https:\/\/radioljubuski.ba\/#organization"},"potentialAction":[{"@type":"SearchAction","target":{"@type":"EntryPoint","urlTemplate":"https:\/\/radioljubuski.ba\/?s={search_term_string}"},"query-input":{"@type":"PropertyValueSpecification","valueRequired":true,"valueName":"search_term_string"}}],"inLanguage":"hr"},{"@type":"Organization","@id":"https:\/\/radioljubuski.ba\/#organization","name":"Radio Ljubu\u0161ki","url":"https:\/\/radioljubuski.ba\/","logo":{"@type":"ImageObject","inLanguage":"hr","@id":"https:\/\/radioljubuski.ba\/#\/schema\/logo\/image\/","url":"https:\/\/radioljubuski.ba\/wp-content\/uploads\/2021\/02\/cropped-Radio_Ljubuski_logo1.jpg","contentUrl":"https:\/\/radioljubuski.ba\/wp-content\/uploads\/2021\/02\/cropped-Radio_Ljubuski_logo1.jpg","width":512,"height":512,"caption":"Radio Ljubu\u0161ki"},"image":{"@id":"https:\/\/radioljubuski.ba\/#\/schema\/logo\/image\/"},"sameAs":["https:\/\/www.facebook.com\/Radiio-Ljubuski-1490835324566332","https:\/\/x.com\/radioljubuski","https:\/\/hr.linkedin.com\/company\/radio-ljubuski","https:\/\/www.youtube.com\/channel\/UCHYaeO_n0Db3tjNGudGpXyw"]},{"@type":"Person","@id":"https:\/\/radioljubuski.ba\/#\/schema\/person\/19fc700381a780f69665d7956c469e3b","name":"Radio Ljubu\u0161ki"}]}},"_links":{"self":[{"href":"https:\/\/radioljubuski.ba\/index.php\/wp-json\/wp\/v2\/posts\/4231","targetHints":{"allow":["GET"]}}],"collection":[{"href":"https:\/\/radioljubuski.ba\/index.php\/wp-json\/wp\/v2\/posts"}],"about":[{"href":"https:\/\/radioljubuski.ba\/index.php\/wp-json\/wp\/v2\/types\/post"}],"author":[{"embeddable":true,"href":"https:\/\/radioljubuski.ba\/index.php\/wp-json\/wp\/v2\/users\/2"}],"replies":[{"embeddable":true,"href":"https:\/\/radioljubuski.ba\/index.php\/wp-json\/wp\/v2\/comments?post=4231"}],"version-history":[{"count":1,"href":"https:\/\/radioljubuski.ba\/index.php\/wp-json\/wp\/v2\/posts\/4231\/revisions"}],"predecessor-version":[{"id":4233,"href":"https:\/\/radioljubuski.ba\/index.php\/wp-json\/wp\/v2\/posts\/4231\/revisions\/4233"}],"wp:featuredmedia":[{"embeddable":true,"href":"https:\/\/radioljubuski.ba\/index.php\/wp-json\/wp\/v2\/media\/4232"}],"wp:attachment":[{"href":"https:\/\/radioljubuski.ba\/index.php\/wp-json\/wp\/v2\/media?parent=4231"}],"wp:term":[{"taxonomy":"category","embeddable":true,"href":"https:\/\/radioljubuski.ba\/index.php\/wp-json\/wp\/v2\/categories?post=4231"},{"taxonomy":"post_tag","embeddable":true,"href":"https:\/\/radioljubuski.ba\/index.php\/wp-json\/wp\/v2\/tags?post=4231"}],"curies":[{"name":"wp","href":"https:\/\/api.w.org\/{rel}","templated":true}]}}