{"id":43575,"date":"2021-07-17T14:35:32","date_gmt":"2021-07-17T13:35:32","guid":{"rendered":"https:\/\/radioljubuski.ba\/?p=43575"},"modified":"2021-07-17T14:35:37","modified_gmt":"2021-07-17T13:35:37","slug":"brutalan-napad-u-splitu-snimile-kamere-zenu-udario-bocom-pa-je-tukao-na-stepenicama-video","status":"publish","type":"post","link":"https:\/\/radioljubuski.ba\/index.php\/2021\/07\/17\/brutalan-napad-u-splitu-snimile-kamere-zenu-udario-bocom-pa-je-tukao-na-stepenicama-video\/","title":{"rendered":"Brutalan napad u Splitu snimile kamere: \u017denu udario bocom pa je tukao na stepenicama &#8211; video"},"content":{"rendered":"\n<p>Iz policije su potvrdili da je \u017eena (52) jutros napadnuta u Ulici Put Firula te je lak\u0161e ozlije\u0111ena. Napada\u010d koji joj je pri\u0161ao, udario ju je bocom po glavi i potom nastavio mlatiti na podu. Sve je snimila nadzorna kamera.<\/p>\n\n\n\n<p>Nevenka Margeta (52) dolazila je jutros otvoriti kafi\u0107 na splitskim Firulama kad ju je brutalno napao mla\u0111i mu\u0161karac koji ju je prvo udario bocom po glavi, a potom i nastavio mlatiti na stepenicama, prenose <a href=\"https:\/\/www.24sata.hr\/news\/brutalan-napad-u-splitu-snimile-kamere-zenu-udario-bocom-i-nastavio-mlatiti-na-stepenicama-774282\" target=\"_blank\" rel=\"noreferrer noopener\">24sata<\/a>.<\/p>\n\n\n\n<p>Sve je snimila i nadzorna kamera, a cijeli napad vjerojatno bi imao te\u017ee posljedice da se turistkinje nisu umije\u0161ale dok su i\u0161le na pla\u017eu, pi\u0161e <a href=\"https:\/\/zadarski.slobodnadalmacija.hr\/zadar\/regional\/divljacki-pretucena-52-godisnja-zena-ljubazno-zatrazio-casu-vode-a-onda-krenuo-u-napad-nudi-se-nagrada-za-one-koji-prepoznaju-napadaca-1113383?fbclid=IwAR205OWNjyWHbMrY68NPBc0xvxng3y-HDMDMlDlA7i2C4Q3D72-NSqLsji0\" target=\"_blank\" rel=\"noreferrer noopener\">Zadarski.hr<\/a>.<\/p>\n\n\n\n<p>Napada\u010d je od\u0161etao, a \u017eeni su na Hitnoj pomo\u0107i evidentirali vi\u0161e udaraca, hematoma i razderotina po glavi, rukama i vratu,ali bez prijeloma.<\/p>\n\n\n\n<p>Njezin suprug, Damir Margeta, umirovljeni pripadnik 4. brigade ispri\u010dao je kako je napada\u010d \u017eenu udarao samo po glavi. On je nakon napada i objavio da nudi nagradu za informaciju o napada\u010du.<\/p>\n\n\n\n<p>Rekao je za 24sata kako se \u017eena sada osje\u0107a ne\u0161to bolje, imala je potres mozga te je boli glava.<\/p>\n\n\n\n<p>Policija je potvrdila da je \u017eena napadnuta u 7.15 sati u Ulici Put Firula i da je istraga u tijeku. Iz policije su potvrdili da je \u017eena lak\u0161e ozlije\u0111ena i da intenzivno rade na slu\u010daju.<\/p>\n\n\n\n<p>Dalmatinski portal pi\u0161e da je jutros napadnuta jo\u0161 jedna \u017eena te da policija te napade povezuje.<\/p>\n\n\n\nhttps:\/\/www.youtube.com\/watch?v=ySaxBBuKfNE\n\n\n\n<p>Izvor:Dnevnik.ba<\/p>\n","protected":false},"excerpt":{"rendered":"<p>Iz policije su potvrdili da je \u017eena (52) jutros napadnuta u Ulici Put Firula te je lak\u0161e ozlije\u0111ena. Napada\u010d koji joj je pri\u0161ao, udario ju je bocom po glavi i potom nastavio mlatiti na podu. Sve je snimila nadzorna kamera. Nevenka Margeta (52) dolazila je jutros otvoriti kafi\u0107 na splitskim Firulama kad ju je brutalno [&hellip;]<\/p>\n","protected":false},"author":2,"featured_media":43576,"comment_status":"closed","ping_status":"closed","sticky":false,"template":"","format":"standard","meta":{"h5ap_radio_sources":[],"footnotes":""},"categories":[1],"tags":[],"class_list":["post-43575","post","type-post","status-publish","format-standard","has-post-thumbnail","hentry","category-bihiregija"],"yoast_head":"<!-- This site is optimized with the Yoast SEO plugin v27.5 - https:\/\/yoast.com\/product\/yoast-seo-wordpress\/ -->\n<title>Brutalan napad u Splitu snimile kamere: \u017denu udario bocom pa je tukao na stepenicama - video - RADIO LJUBU\u0160KI<\/title>\n<meta name=\"robots\" content=\"index, follow, max-snippet:-1, max-image-preview:large, max-video-preview:-1\" \/>\n<link rel=\"canonical\" href=\"https:\/\/radioljubuski.ba\/index.php\/2021\/07\/17\/brutalan-napad-u-splitu-snimile-kamere-zenu-udario-bocom-pa-je-tukao-na-stepenicama-video\/\" \/>\n<meta property=\"og:locale\" content=\"hr_HR\" \/>\n<meta property=\"og:type\" content=\"article\" \/>\n<meta property=\"og:title\" content=\"Brutalan napad u Splitu snimile kamere: \u017denu udario bocom pa je tukao na stepenicama - video - RADIO LJUBU\u0160KI\" \/>\n<meta property=\"og:description\" content=\"Iz policije su potvrdili da je \u017eena (52) jutros napadnuta u Ulici Put Firula te je lak\u0161e ozlije\u0111ena. Napada\u010d koji joj je pri\u0161ao, udario ju je bocom po glavi i potom nastavio mlatiti na podu. Sve je snimila nadzorna kamera. Nevenka Margeta (52) dolazila je jutros otvoriti kafi\u0107 na splitskim Firulama kad ju je brutalno [&hellip;]\" \/>\n<meta property=\"og:url\" content=\"https:\/\/radioljubuski.ba\/index.php\/2021\/07\/17\/brutalan-napad-u-splitu-snimile-kamere-zenu-udario-bocom-pa-je-tukao-na-stepenicama-video\/\" \/>\n<meta property=\"og:site_name\" content=\"RADIO LJUBU\u0160KI\" \/>\n<meta property=\"article:publisher\" content=\"https:\/\/www.facebook.com\/Radiio-Ljubuski-1490835324566332\" \/>\n<meta property=\"article:published_time\" content=\"2021-07-17T13:35:32+00:00\" \/>\n<meta property=\"article:modified_time\" content=\"2021-07-17T13:35:37+00:00\" \/>\n<meta property=\"og:image\" content=\"https:\/\/radioljubuski.ba\/wp-content\/uploads\/2021\/07\/napad_st.jpg\" \/>\n\t<meta property=\"og:image:width\" content=\"840\" \/>\n\t<meta property=\"og:image:height\" content=\"470\" \/>\n\t<meta property=\"og:image:type\" content=\"image\/jpeg\" \/>\n<meta name=\"author\" content=\"Radio Ljubu\u0161ki\" \/>\n<meta name=\"twitter:card\" content=\"summary_large_image\" \/>\n<meta name=\"twitter:creator\" content=\"@radioljubuski\" \/>\n<meta name=\"twitter:site\" content=\"@radioljubuski\" \/>\n<meta name=\"twitter:label1\" content=\"Napisao\/la\" \/>\n\t<meta name=\"twitter:data1\" content=\"Radio Ljubu\u0161ki\" \/>\n\t<meta name=\"twitter:label2\" content=\"Procijenjeno vrijeme \u010ditanja\" \/>\n\t<meta name=\"twitter:data2\" content=\"1 minuta\" \/>\n<script type=\"application\/ld+json\" class=\"yoast-schema-graph\">{\"@context\":\"https:\\\/\\\/schema.org\",\"@graph\":[{\"@type\":\"Article\",\"@id\":\"https:\\\/\\\/radioljubuski.ba\\\/index.php\\\/2021\\\/07\\\/17\\\/brutalan-napad-u-splitu-snimile-kamere-zenu-udario-bocom-pa-je-tukao-na-stepenicama-video\\\/#article\",\"isPartOf\":{\"@id\":\"https:\\\/\\\/radioljubuski.ba\\\/index.php\\\/2021\\\/07\\\/17\\\/brutalan-napad-u-splitu-snimile-kamere-zenu-udario-bocom-pa-je-tukao-na-stepenicama-video\\\/\"},\"author\":{\"name\":\"Radio Ljubu\u0161ki\",\"@id\":\"https:\\\/\\\/radioljubuski.ba\\\/#\\\/schema\\\/person\\\/19fc700381a780f69665d7956c469e3b\"},\"headline\":\"Brutalan napad u Splitu snimile kamere: \u017denu udario bocom pa je tukao na stepenicama &#8211; video\",\"datePublished\":\"2021-07-17T13:35:32+00:00\",\"dateModified\":\"2021-07-17T13:35:37+00:00\",\"mainEntityOfPage\":{\"@id\":\"https:\\\/\\\/radioljubuski.ba\\\/index.php\\\/2021\\\/07\\\/17\\\/brutalan-napad-u-splitu-snimile-kamere-zenu-udario-bocom-pa-je-tukao-na-stepenicama-video\\\/\"},\"wordCount\":269,\"publisher\":{\"@id\":\"https:\\\/\\\/radioljubuski.ba\\\/#organization\"},\"image\":{\"@id\":\"https:\\\/\\\/radioljubuski.ba\\\/index.php\\\/2021\\\/07\\\/17\\\/brutalan-napad-u-splitu-snimile-kamere-zenu-udario-bocom-pa-je-tukao-na-stepenicama-video\\\/#primaryimage\"},\"thumbnailUrl\":\"https:\\\/\\\/radioljubuski.ba\\\/wp-content\\\/uploads\\\/2021\\\/07\\\/napad_st.jpg\",\"articleSection\":[\"BIH i regija\"],\"inLanguage\":\"hr\"},{\"@type\":\"WebPage\",\"@id\":\"https:\\\/\\\/radioljubuski.ba\\\/index.php\\\/2021\\\/07\\\/17\\\/brutalan-napad-u-splitu-snimile-kamere-zenu-udario-bocom-pa-je-tukao-na-stepenicama-video\\\/\",\"url\":\"https:\\\/\\\/radioljubuski.ba\\\/index.php\\\/2021\\\/07\\\/17\\\/brutalan-napad-u-splitu-snimile-kamere-zenu-udario-bocom-pa-je-tukao-na-stepenicama-video\\\/\",\"name\":\"Brutalan napad u Splitu snimile kamere: \u017denu udario bocom pa je tukao na stepenicama - video - RADIO LJUBU\u0160KI\",\"isPartOf\":{\"@id\":\"https:\\\/\\\/radioljubuski.ba\\\/#website\"},\"primaryImageOfPage\":{\"@id\":\"https:\\\/\\\/radioljubuski.ba\\\/index.php\\\/2021\\\/07\\\/17\\\/brutalan-napad-u-splitu-snimile-kamere-zenu-udario-bocom-pa-je-tukao-na-stepenicama-video\\\/#primaryimage\"},\"image\":{\"@id\":\"https:\\\/\\\/radioljubuski.ba\\\/index.php\\\/2021\\\/07\\\/17\\\/brutalan-napad-u-splitu-snimile-kamere-zenu-udario-bocom-pa-je-tukao-na-stepenicama-video\\\/#primaryimage\"},\"thumbnailUrl\":\"https:\\\/\\\/radioljubuski.ba\\\/wp-content\\\/uploads\\\/2021\\\/07\\\/napad_st.jpg\",\"datePublished\":\"2021-07-17T13:35:32+00:00\",\"dateModified\":\"2021-07-17T13:35:37+00:00\",\"breadcrumb\":{\"@id\":\"https:\\\/\\\/radioljubuski.ba\\\/index.php\\\/2021\\\/07\\\/17\\\/brutalan-napad-u-splitu-snimile-kamere-zenu-udario-bocom-pa-je-tukao-na-stepenicama-video\\\/#breadcrumb\"},\"inLanguage\":\"hr\",\"potentialAction\":[{\"@type\":\"ReadAction\",\"target\":[\"https:\\\/\\\/radioljubuski.ba\\\/index.php\\\/2021\\\/07\\\/17\\\/brutalan-napad-u-splitu-snimile-kamere-zenu-udario-bocom-pa-je-tukao-na-stepenicama-video\\\/\"]}]},{\"@type\":\"ImageObject\",\"inLanguage\":\"hr\",\"@id\":\"https:\\\/\\\/radioljubuski.ba\\\/index.php\\\/2021\\\/07\\\/17\\\/brutalan-napad-u-splitu-snimile-kamere-zenu-udario-bocom-pa-je-tukao-na-stepenicama-video\\\/#primaryimage\",\"url\":\"https:\\\/\\\/radioljubuski.ba\\\/wp-content\\\/uploads\\\/2021\\\/07\\\/napad_st.jpg\",\"contentUrl\":\"https:\\\/\\\/radioljubuski.ba\\\/wp-content\\\/uploads\\\/2021\\\/07\\\/napad_st.jpg\",\"width\":840,\"height\":470},{\"@type\":\"BreadcrumbList\",\"@id\":\"https:\\\/\\\/radioljubuski.ba\\\/index.php\\\/2021\\\/07\\\/17\\\/brutalan-napad-u-splitu-snimile-kamere-zenu-udario-bocom-pa-je-tukao-na-stepenicama-video\\\/#breadcrumb\",\"itemListElement\":[{\"@type\":\"ListItem\",\"position\":1,\"name\":\"Po\u010detna stranica\",\"item\":\"https:\\\/\\\/radioljubuski.ba\\\/\"},{\"@type\":\"ListItem\",\"position\":2,\"name\":\"Brutalan napad u Splitu snimile kamere: \u017denu udario bocom pa je tukao na stepenicama &#8211; video\"}]},{\"@type\":\"WebSite\",\"@id\":\"https:\\\/\\\/radioljubuski.ba\\\/#website\",\"url\":\"https:\\\/\\\/radioljubuski.ba\\\/\",\"name\":\"Radio Ljubu\u0161ki\",\"description\":\"Sun\u010dana frekvencija Hercegovine\",\"publisher\":{\"@id\":\"https:\\\/\\\/radioljubuski.ba\\\/#organization\"},\"potentialAction\":[{\"@type\":\"SearchAction\",\"target\":{\"@type\":\"EntryPoint\",\"urlTemplate\":\"https:\\\/\\\/radioljubuski.ba\\\/?s={search_term_string}\"},\"query-input\":{\"@type\":\"PropertyValueSpecification\",\"valueRequired\":true,\"valueName\":\"search_term_string\"}}],\"inLanguage\":\"hr\"},{\"@type\":\"Organization\",\"@id\":\"https:\\\/\\\/radioljubuski.ba\\\/#organization\",\"name\":\"Radio Ljubu\u0161ki\",\"url\":\"https:\\\/\\\/radioljubuski.ba\\\/\",\"logo\":{\"@type\":\"ImageObject\",\"inLanguage\":\"hr\",\"@id\":\"https:\\\/\\\/radioljubuski.ba\\\/#\\\/schema\\\/logo\\\/image\\\/\",\"url\":\"https:\\\/\\\/radioljubuski.ba\\\/wp-content\\\/uploads\\\/2021\\\/02\\\/cropped-Radio_Ljubuski_logo1.jpg\",\"contentUrl\":\"https:\\\/\\\/radioljubuski.ba\\\/wp-content\\\/uploads\\\/2021\\\/02\\\/cropped-Radio_Ljubuski_logo1.jpg\",\"width\":512,\"height\":512,\"caption\":\"Radio Ljubu\u0161ki\"},\"image\":{\"@id\":\"https:\\\/\\\/radioljubuski.ba\\\/#\\\/schema\\\/logo\\\/image\\\/\"},\"sameAs\":[\"https:\\\/\\\/www.facebook.com\\\/Radiio-Ljubuski-1490835324566332\",\"https:\\\/\\\/x.com\\\/radioljubuski\",\"https:\\\/\\\/hr.linkedin.com\\\/company\\\/radio-ljubuski\",\"https:\\\/\\\/www.youtube.com\\\/channel\\\/UCHYaeO_n0Db3tjNGudGpXyw\"]},{\"@type\":\"Person\",\"@id\":\"https:\\\/\\\/radioljubuski.ba\\\/#\\\/schema\\\/person\\\/19fc700381a780f69665d7956c469e3b\",\"name\":\"Radio Ljubu\u0161ki\"}]}<\/script>\n<!-- \/ Yoast SEO plugin. -->","yoast_head_json":{"title":"Brutalan napad u Splitu snimile kamere: \u017denu udario bocom pa je tukao na stepenicama - video - RADIO LJUBU\u0160KI","robots":{"index":"index","follow":"follow","max-snippet":"max-snippet:-1","max-image-preview":"max-image-preview:large","max-video-preview":"max-video-preview:-1"},"canonical":"https:\/\/radioljubuski.ba\/index.php\/2021\/07\/17\/brutalan-napad-u-splitu-snimile-kamere-zenu-udario-bocom-pa-je-tukao-na-stepenicama-video\/","og_locale":"hr_HR","og_type":"article","og_title":"Brutalan napad u Splitu snimile kamere: \u017denu udario bocom pa je tukao na stepenicama - video - RADIO LJUBU\u0160KI","og_description":"Iz policije su potvrdili da je \u017eena (52) jutros napadnuta u Ulici Put Firula te je lak\u0161e ozlije\u0111ena. Napada\u010d koji joj je pri\u0161ao, udario ju je bocom po glavi i potom nastavio mlatiti na podu. Sve je snimila nadzorna kamera. Nevenka Margeta (52) dolazila je jutros otvoriti kafi\u0107 na splitskim Firulama kad ju je brutalno [&hellip;]","og_url":"https:\/\/radioljubuski.ba\/index.php\/2021\/07\/17\/brutalan-napad-u-splitu-snimile-kamere-zenu-udario-bocom-pa-je-tukao-na-stepenicama-video\/","og_site_name":"RADIO LJUBU\u0160KI","article_publisher":"https:\/\/www.facebook.com\/Radiio-Ljubuski-1490835324566332","article_published_time":"2021-07-17T13:35:32+00:00","article_modified_time":"2021-07-17T13:35:37+00:00","og_image":[{"width":840,"height":470,"url":"https:\/\/radioljubuski.ba\/wp-content\/uploads\/2021\/07\/napad_st.jpg","type":"image\/jpeg"}],"author":"Radio Ljubu\u0161ki","twitter_card":"summary_large_image","twitter_creator":"@radioljubuski","twitter_site":"@radioljubuski","twitter_misc":{"Napisao\/la":"Radio Ljubu\u0161ki","Procijenjeno vrijeme \u010ditanja":"1 minuta"},"schema":{"@context":"https:\/\/schema.org","@graph":[{"@type":"Article","@id":"https:\/\/radioljubuski.ba\/index.php\/2021\/07\/17\/brutalan-napad-u-splitu-snimile-kamere-zenu-udario-bocom-pa-je-tukao-na-stepenicama-video\/#article","isPartOf":{"@id":"https:\/\/radioljubuski.ba\/index.php\/2021\/07\/17\/brutalan-napad-u-splitu-snimile-kamere-zenu-udario-bocom-pa-je-tukao-na-stepenicama-video\/"},"author":{"name":"Radio Ljubu\u0161ki","@id":"https:\/\/radioljubuski.ba\/#\/schema\/person\/19fc700381a780f69665d7956c469e3b"},"headline":"Brutalan napad u Splitu snimile kamere: \u017denu udario bocom pa je tukao na stepenicama &#8211; video","datePublished":"2021-07-17T13:35:32+00:00","dateModified":"2021-07-17T13:35:37+00:00","mainEntityOfPage":{"@id":"https:\/\/radioljubuski.ba\/index.php\/2021\/07\/17\/brutalan-napad-u-splitu-snimile-kamere-zenu-udario-bocom-pa-je-tukao-na-stepenicama-video\/"},"wordCount":269,"publisher":{"@id":"https:\/\/radioljubuski.ba\/#organization"},"image":{"@id":"https:\/\/radioljubuski.ba\/index.php\/2021\/07\/17\/brutalan-napad-u-splitu-snimile-kamere-zenu-udario-bocom-pa-je-tukao-na-stepenicama-video\/#primaryimage"},"thumbnailUrl":"https:\/\/radioljubuski.ba\/wp-content\/uploads\/2021\/07\/napad_st.jpg","articleSection":["BIH i regija"],"inLanguage":"hr"},{"@type":"WebPage","@id":"https:\/\/radioljubuski.ba\/index.php\/2021\/07\/17\/brutalan-napad-u-splitu-snimile-kamere-zenu-udario-bocom-pa-je-tukao-na-stepenicama-video\/","url":"https:\/\/radioljubuski.ba\/index.php\/2021\/07\/17\/brutalan-napad-u-splitu-snimile-kamere-zenu-udario-bocom-pa-je-tukao-na-stepenicama-video\/","name":"Brutalan napad u Splitu snimile kamere: \u017denu udario bocom pa je tukao na stepenicama - video - RADIO LJUBU\u0160KI","isPartOf":{"@id":"https:\/\/radioljubuski.ba\/#website"},"primaryImageOfPage":{"@id":"https:\/\/radioljubuski.ba\/index.php\/2021\/07\/17\/brutalan-napad-u-splitu-snimile-kamere-zenu-udario-bocom-pa-je-tukao-na-stepenicama-video\/#primaryimage"},"image":{"@id":"https:\/\/radioljubuski.ba\/index.php\/2021\/07\/17\/brutalan-napad-u-splitu-snimile-kamere-zenu-udario-bocom-pa-je-tukao-na-stepenicama-video\/#primaryimage"},"thumbnailUrl":"https:\/\/radioljubuski.ba\/wp-content\/uploads\/2021\/07\/napad_st.jpg","datePublished":"2021-07-17T13:35:32+00:00","dateModified":"2021-07-17T13:35:37+00:00","breadcrumb":{"@id":"https:\/\/radioljubuski.ba\/index.php\/2021\/07\/17\/brutalan-napad-u-splitu-snimile-kamere-zenu-udario-bocom-pa-je-tukao-na-stepenicama-video\/#breadcrumb"},"inLanguage":"hr","potentialAction":[{"@type":"ReadAction","target":["https:\/\/radioljubuski.ba\/index.php\/2021\/07\/17\/brutalan-napad-u-splitu-snimile-kamere-zenu-udario-bocom-pa-je-tukao-na-stepenicama-video\/"]}]},{"@type":"ImageObject","inLanguage":"hr","@id":"https:\/\/radioljubuski.ba\/index.php\/2021\/07\/17\/brutalan-napad-u-splitu-snimile-kamere-zenu-udario-bocom-pa-je-tukao-na-stepenicama-video\/#primaryimage","url":"https:\/\/radioljubuski.ba\/wp-content\/uploads\/2021\/07\/napad_st.jpg","contentUrl":"https:\/\/radioljubuski.ba\/wp-content\/uploads\/2021\/07\/napad_st.jpg","width":840,"height":470},{"@type":"BreadcrumbList","@id":"https:\/\/radioljubuski.ba\/index.php\/2021\/07\/17\/brutalan-napad-u-splitu-snimile-kamere-zenu-udario-bocom-pa-je-tukao-na-stepenicama-video\/#breadcrumb","itemListElement":[{"@type":"ListItem","position":1,"name":"Po\u010detna stranica","item":"https:\/\/radioljubuski.ba\/"},{"@type":"ListItem","position":2,"name":"Brutalan napad u Splitu snimile kamere: \u017denu udario bocom pa je tukao na stepenicama &#8211; video"}]},{"@type":"WebSite","@id":"https:\/\/radioljubuski.ba\/#website","url":"https:\/\/radioljubuski.ba\/","name":"Radio Ljubu\u0161ki","description":"Sun\u010dana frekvencija Hercegovine","publisher":{"@id":"https:\/\/radioljubuski.ba\/#organization"},"potentialAction":[{"@type":"SearchAction","target":{"@type":"EntryPoint","urlTemplate":"https:\/\/radioljubuski.ba\/?s={search_term_string}"},"query-input":{"@type":"PropertyValueSpecification","valueRequired":true,"valueName":"search_term_string"}}],"inLanguage":"hr"},{"@type":"Organization","@id":"https:\/\/radioljubuski.ba\/#organization","name":"Radio Ljubu\u0161ki","url":"https:\/\/radioljubuski.ba\/","logo":{"@type":"ImageObject","inLanguage":"hr","@id":"https:\/\/radioljubuski.ba\/#\/schema\/logo\/image\/","url":"https:\/\/radioljubuski.ba\/wp-content\/uploads\/2021\/02\/cropped-Radio_Ljubuski_logo1.jpg","contentUrl":"https:\/\/radioljubuski.ba\/wp-content\/uploads\/2021\/02\/cropped-Radio_Ljubuski_logo1.jpg","width":512,"height":512,"caption":"Radio Ljubu\u0161ki"},"image":{"@id":"https:\/\/radioljubuski.ba\/#\/schema\/logo\/image\/"},"sameAs":["https:\/\/www.facebook.com\/Radiio-Ljubuski-1490835324566332","https:\/\/x.com\/radioljubuski","https:\/\/hr.linkedin.com\/company\/radio-ljubuski","https:\/\/www.youtube.com\/channel\/UCHYaeO_n0Db3tjNGudGpXyw"]},{"@type":"Person","@id":"https:\/\/radioljubuski.ba\/#\/schema\/person\/19fc700381a780f69665d7956c469e3b","name":"Radio Ljubu\u0161ki"}]}},"_links":{"self":[{"href":"https:\/\/radioljubuski.ba\/index.php\/wp-json\/wp\/v2\/posts\/43575","targetHints":{"allow":["GET"]}}],"collection":[{"href":"https:\/\/radioljubuski.ba\/index.php\/wp-json\/wp\/v2\/posts"}],"about":[{"href":"https:\/\/radioljubuski.ba\/index.php\/wp-json\/wp\/v2\/types\/post"}],"author":[{"embeddable":true,"href":"https:\/\/radioljubuski.ba\/index.php\/wp-json\/wp\/v2\/users\/2"}],"replies":[{"embeddable":true,"href":"https:\/\/radioljubuski.ba\/index.php\/wp-json\/wp\/v2\/comments?post=43575"}],"version-history":[{"count":1,"href":"https:\/\/radioljubuski.ba\/index.php\/wp-json\/wp\/v2\/posts\/43575\/revisions"}],"predecessor-version":[{"id":43577,"href":"https:\/\/radioljubuski.ba\/index.php\/wp-json\/wp\/v2\/posts\/43575\/revisions\/43577"}],"wp:featuredmedia":[{"embeddable":true,"href":"https:\/\/radioljubuski.ba\/index.php\/wp-json\/wp\/v2\/media\/43576"}],"wp:attachment":[{"href":"https:\/\/radioljubuski.ba\/index.php\/wp-json\/wp\/v2\/media?parent=43575"}],"wp:term":[{"taxonomy":"category","embeddable":true,"href":"https:\/\/radioljubuski.ba\/index.php\/wp-json\/wp\/v2\/categories?post=43575"},{"taxonomy":"post_tag","embeddable":true,"href":"https:\/\/radioljubuski.ba\/index.php\/wp-json\/wp\/v2\/tags?post=43575"}],"curies":[{"name":"wp","href":"https:\/\/api.w.org\/{rel}","templated":true}]}}