{"id":43690,"date":"2021-07-17T17:20:43","date_gmt":"2021-07-17T16:20:43","guid":{"rendered":"https:\/\/radioljubuski.ba\/?p=43690"},"modified":"2021-07-17T17:20:47","modified_gmt":"2021-07-17T16:20:47","slug":"uhicen-je-manijak-koji-je-brutalno-napao-dvije-zene-u-splitu-video","status":"publish","type":"post","link":"https:\/\/radioljubuski.ba\/index.php\/2021\/07\/17\/uhicen-je-manijak-koji-je-brutalno-napao-dvije-zene-u-splitu-video\/","title":{"rendered":"Uhi\u0107en je manijak koji je brutalno napao dvije \u017eene u Splitu &#8211; video"},"content":{"rendered":"\n<p>Mladi\u0107 koji je jutros u Splitu brutalno napao dvije \u017eene uhi\u0107en je nakon intenzivne potrage splitske policije, u kojoj je sudjelovala i interventna policija.<\/p>\n\n\n\n<p>Policija ga je, kako javlja&nbsp;<a href=\"https:\/\/slobodnadalmacija.hr\/vijesti\/crna-kronika\/uhicen-je-mladic-koji-je-napao-dvije-zene-u-splitu-uvukao-se-medu-kuce-u-podstrani-ali-policija-ga-je-pronasla-pomocu-pasa-i-dronova-napadac-u-dosjeu-ima-niz-krada-razbojnstava-1113421\" target=\"_blank\" rel=\"noreferrer noopener\">Slobodna Dalmacija<\/a>, prona\u0161la u okolici Splita uz pomo\u0107 potra\u017enih pasa i dronova. Uhi\u0107en je u ulici Sv. Fabijana u Podstrani u 16:20. U\u0161ao je me\u0111u ku\u0107e i onda su ga opkolili i uhitili&nbsp;te sproveli u Split.<\/p>\n\n\n\n<p><strong>Kako je tekla potraga?<\/strong><\/p>\n\n\n\n<p>Naime, nakon \u0161to je lociran u Srinjinama, gdje je \u017eivio je u prizemlju ku\u0107e jednog poznanika, dao se u bijeg.<\/p>\n\n\n\n<p>Lovile su ga brojne policijske snage. Krenuo je kroz \u0161ikaru i do\u0161ao je do kamenoloma u \u017drnovnici, te je preko brda Perun protupo\u017earnim putem do\u0161ao do Gornje Podstrane.<\/p>\n\n\n\n<p>Policija ga je opkolila i uhitila. Ka\u017eu da su im od velike pomo\u0107i bili specijalni potra\u017eni psi i dronovi.&nbsp;<\/p>\n\n\n\n<p>Prema izjavama policajaca na terenu, napada\u010d prilikom uhi\u0107enja nije pru\u017eao otpor.&nbsp;<\/p>\n\n\n\n<p><strong>Hvatala ga i interventna policija<\/strong><\/p>\n\n\n\n<p>Na terenu je bio jako velik broj policijskih snaga. Uz dronove i potra\u017ene pse, u akciju je bila uklju\u010dena i interventna policija.<\/p>\n\n\n\n<p>Akciju uhi\u0107enja vodio je zamjenik na\u010delnika PU SD Marko Srdarevi\u0107, a splitska policija je zahvalila gra\u0111anima&nbsp;koji su pomogli s korisnim informacijama koje je na kraju i rezultiralo uhi\u0107enjem.<\/p>\n\n\n\n<p><strong>Jutros brutalno napao dvije \u017eene<\/strong><\/p>\n\n\n\n<p>Prvo je&nbsp;ne\u0161to nakon 7 sati napao 52-godi\u0161nju&nbsp;Nevenku&nbsp;Margetu u trenutku dok je otvarala ugostiteljski objekt. Pri\u0161ao joj je, zamolio za \u010da\u0161u vode, a kad se okrenula, udario ju je bocom u glavu i nastavio udarati.<\/p>\n\n\n\n<p>VIDEO JE UZNEMIRUJU\u0106EG SADR\u017dAJA:<\/p>\n\n\n\n<figure class=\"wp-block-embed is-type-video is-provider-youtube wp-block-embed-youtube wp-embed-aspect-16-9 wp-has-aspect-ratio\"><div class=\"wp-block-embed__wrapper\">\nhttps:\/\/www.youtube.com\/watch?v=ySaxBBuKfNE\n<\/div><\/figure>\n\n\n\n<p><strong>Tko je napada\u010d?<\/strong><\/p>\n\n\n\n<p>Napada\u010d je, kako je neslu\u017ebeno doznala Slobodna Dalmacija, 28-godi\u0161nji A. N. iz Gline, ali to policija jo\u0161 nije potvrdila. Napada\u010d u dosjeu ima niz kra\u0111a, razbojni\u0161tava, provala, prisile, nedozvoljenog dr\u017eanja oru\u017eja. Za njim je ve\u0107 bila raspisana najnovija potraga PU zagreba\u010dke, s izri\u010ditom naredbom da ga se uhiti.<\/p>\n\n\n\n<p>Dnevnik.ba<\/p>\n","protected":false},"excerpt":{"rendered":"<p>Mladi\u0107 koji je jutros u Splitu brutalno napao dvije \u017eene uhi\u0107en je nakon intenzivne potrage splitske policije, u kojoj je sudjelovala i interventna policija. Policija ga je, kako javlja&nbsp;Slobodna Dalmacija, prona\u0161la u okolici Splita uz pomo\u0107 potra\u017enih pasa i dronova. Uhi\u0107en je u ulici Sv. Fabijana u Podstrani u 16:20. U\u0161ao je me\u0111u ku\u0107e i [&hellip;]<\/p>\n","protected":false},"author":2,"featured_media":43576,"comment_status":"closed","ping_status":"closed","sticky":false,"template":"","format":"standard","meta":{"h5ap_radio_sources":[],"footnotes":""},"categories":[1],"tags":[],"class_list":["post-43690","post","type-post","status-publish","format-standard","has-post-thumbnail","hentry","category-bihiregija"],"yoast_head":"<!-- This site is optimized with the Yoast SEO plugin v27.5 - https:\/\/yoast.com\/product\/yoast-seo-wordpress\/ -->\n<title>Uhi\u0107en je manijak koji je brutalno napao dvije \u017eene u Splitu - video - RADIO LJUBU\u0160KI<\/title>\n<meta name=\"robots\" content=\"index, follow, max-snippet:-1, max-image-preview:large, max-video-preview:-1\" \/>\n<link rel=\"canonical\" href=\"https:\/\/radioljubuski.ba\/index.php\/2021\/07\/17\/uhicen-je-manijak-koji-je-brutalno-napao-dvije-zene-u-splitu-video\/\" \/>\n<meta property=\"og:locale\" content=\"hr_HR\" \/>\n<meta property=\"og:type\" content=\"article\" \/>\n<meta property=\"og:title\" content=\"Uhi\u0107en je manijak koji je brutalno napao dvije \u017eene u Splitu - video - RADIO LJUBU\u0160KI\" \/>\n<meta property=\"og:description\" content=\"Mladi\u0107 koji je jutros u Splitu brutalno napao dvije \u017eene uhi\u0107en je nakon intenzivne potrage splitske policije, u kojoj je sudjelovala i interventna policija. Policija ga je, kako javlja&nbsp;Slobodna Dalmacija, prona\u0161la u okolici Splita uz pomo\u0107 potra\u017enih pasa i dronova. Uhi\u0107en je u ulici Sv. Fabijana u Podstrani u 16:20. U\u0161ao je me\u0111u ku\u0107e i [&hellip;]\" \/>\n<meta property=\"og:url\" content=\"https:\/\/radioljubuski.ba\/index.php\/2021\/07\/17\/uhicen-je-manijak-koji-je-brutalno-napao-dvije-zene-u-splitu-video\/\" \/>\n<meta property=\"og:site_name\" content=\"RADIO LJUBU\u0160KI\" \/>\n<meta property=\"article:publisher\" content=\"https:\/\/www.facebook.com\/Radiio-Ljubuski-1490835324566332\" \/>\n<meta property=\"article:published_time\" content=\"2021-07-17T16:20:43+00:00\" \/>\n<meta property=\"article:modified_time\" content=\"2021-07-17T16:20:47+00:00\" \/>\n<meta property=\"og:image\" content=\"https:\/\/radioljubuski.ba\/wp-content\/uploads\/2021\/07\/napad_st.jpg\" \/>\n\t<meta property=\"og:image:width\" content=\"840\" \/>\n\t<meta property=\"og:image:height\" content=\"470\" \/>\n\t<meta property=\"og:image:type\" content=\"image\/jpeg\" \/>\n<meta name=\"author\" content=\"Radio Ljubu\u0161ki\" \/>\n<meta name=\"twitter:card\" content=\"summary_large_image\" \/>\n<meta name=\"twitter:creator\" content=\"@radioljubuski\" \/>\n<meta name=\"twitter:site\" content=\"@radioljubuski\" \/>\n<meta name=\"twitter:label1\" content=\"Napisao\/la\" \/>\n\t<meta name=\"twitter:data1\" content=\"Radio Ljubu\u0161ki\" \/>\n\t<meta name=\"twitter:label2\" content=\"Procijenjeno vrijeme \u010ditanja\" \/>\n\t<meta name=\"twitter:data2\" content=\"2 minute\" \/>\n<script type=\"application\/ld+json\" class=\"yoast-schema-graph\">{\"@context\":\"https:\\\/\\\/schema.org\",\"@graph\":[{\"@type\":\"Article\",\"@id\":\"https:\\\/\\\/radioljubuski.ba\\\/index.php\\\/2021\\\/07\\\/17\\\/uhicen-je-manijak-koji-je-brutalno-napao-dvije-zene-u-splitu-video\\\/#article\",\"isPartOf\":{\"@id\":\"https:\\\/\\\/radioljubuski.ba\\\/index.php\\\/2021\\\/07\\\/17\\\/uhicen-je-manijak-koji-je-brutalno-napao-dvije-zene-u-splitu-video\\\/\"},\"author\":{\"name\":\"Radio Ljubu\u0161ki\",\"@id\":\"https:\\\/\\\/radioljubuski.ba\\\/#\\\/schema\\\/person\\\/19fc700381a780f69665d7956c469e3b\"},\"headline\":\"Uhi\u0107en je manijak koji je brutalno napao dvije \u017eene u Splitu &#8211; video\",\"datePublished\":\"2021-07-17T16:20:43+00:00\",\"dateModified\":\"2021-07-17T16:20:47+00:00\",\"mainEntityOfPage\":{\"@id\":\"https:\\\/\\\/radioljubuski.ba\\\/index.php\\\/2021\\\/07\\\/17\\\/uhicen-je-manijak-koji-je-brutalno-napao-dvije-zene-u-splitu-video\\\/\"},\"wordCount\":366,\"publisher\":{\"@id\":\"https:\\\/\\\/radioljubuski.ba\\\/#organization\"},\"image\":{\"@id\":\"https:\\\/\\\/radioljubuski.ba\\\/index.php\\\/2021\\\/07\\\/17\\\/uhicen-je-manijak-koji-je-brutalno-napao-dvije-zene-u-splitu-video\\\/#primaryimage\"},\"thumbnailUrl\":\"https:\\\/\\\/radioljubuski.ba\\\/wp-content\\\/uploads\\\/2021\\\/07\\\/napad_st.jpg\",\"articleSection\":[\"BIH i regija\"],\"inLanguage\":\"hr\"},{\"@type\":\"WebPage\",\"@id\":\"https:\\\/\\\/radioljubuski.ba\\\/index.php\\\/2021\\\/07\\\/17\\\/uhicen-je-manijak-koji-je-brutalno-napao-dvije-zene-u-splitu-video\\\/\",\"url\":\"https:\\\/\\\/radioljubuski.ba\\\/index.php\\\/2021\\\/07\\\/17\\\/uhicen-je-manijak-koji-je-brutalno-napao-dvije-zene-u-splitu-video\\\/\",\"name\":\"Uhi\u0107en je manijak koji je brutalno napao dvije \u017eene u Splitu - video - RADIO LJUBU\u0160KI\",\"isPartOf\":{\"@id\":\"https:\\\/\\\/radioljubuski.ba\\\/#website\"},\"primaryImageOfPage\":{\"@id\":\"https:\\\/\\\/radioljubuski.ba\\\/index.php\\\/2021\\\/07\\\/17\\\/uhicen-je-manijak-koji-je-brutalno-napao-dvije-zene-u-splitu-video\\\/#primaryimage\"},\"image\":{\"@id\":\"https:\\\/\\\/radioljubuski.ba\\\/index.php\\\/2021\\\/07\\\/17\\\/uhicen-je-manijak-koji-je-brutalno-napao-dvije-zene-u-splitu-video\\\/#primaryimage\"},\"thumbnailUrl\":\"https:\\\/\\\/radioljubuski.ba\\\/wp-content\\\/uploads\\\/2021\\\/07\\\/napad_st.jpg\",\"datePublished\":\"2021-07-17T16:20:43+00:00\",\"dateModified\":\"2021-07-17T16:20:47+00:00\",\"breadcrumb\":{\"@id\":\"https:\\\/\\\/radioljubuski.ba\\\/index.php\\\/2021\\\/07\\\/17\\\/uhicen-je-manijak-koji-je-brutalno-napao-dvije-zene-u-splitu-video\\\/#breadcrumb\"},\"inLanguage\":\"hr\",\"potentialAction\":[{\"@type\":\"ReadAction\",\"target\":[\"https:\\\/\\\/radioljubuski.ba\\\/index.php\\\/2021\\\/07\\\/17\\\/uhicen-je-manijak-koji-je-brutalno-napao-dvije-zene-u-splitu-video\\\/\"]}]},{\"@type\":\"ImageObject\",\"inLanguage\":\"hr\",\"@id\":\"https:\\\/\\\/radioljubuski.ba\\\/index.php\\\/2021\\\/07\\\/17\\\/uhicen-je-manijak-koji-je-brutalno-napao-dvije-zene-u-splitu-video\\\/#primaryimage\",\"url\":\"https:\\\/\\\/radioljubuski.ba\\\/wp-content\\\/uploads\\\/2021\\\/07\\\/napad_st.jpg\",\"contentUrl\":\"https:\\\/\\\/radioljubuski.ba\\\/wp-content\\\/uploads\\\/2021\\\/07\\\/napad_st.jpg\",\"width\":840,\"height\":470},{\"@type\":\"BreadcrumbList\",\"@id\":\"https:\\\/\\\/radioljubuski.ba\\\/index.php\\\/2021\\\/07\\\/17\\\/uhicen-je-manijak-koji-je-brutalno-napao-dvije-zene-u-splitu-video\\\/#breadcrumb\",\"itemListElement\":[{\"@type\":\"ListItem\",\"position\":1,\"name\":\"Po\u010detna stranica\",\"item\":\"https:\\\/\\\/radioljubuski.ba\\\/\"},{\"@type\":\"ListItem\",\"position\":2,\"name\":\"Uhi\u0107en je manijak koji je brutalno napao dvije \u017eene u Splitu &#8211; video\"}]},{\"@type\":\"WebSite\",\"@id\":\"https:\\\/\\\/radioljubuski.ba\\\/#website\",\"url\":\"https:\\\/\\\/radioljubuski.ba\\\/\",\"name\":\"Radio Ljubu\u0161ki\",\"description\":\"Sun\u010dana frekvencija Hercegovine\",\"publisher\":{\"@id\":\"https:\\\/\\\/radioljubuski.ba\\\/#organization\"},\"potentialAction\":[{\"@type\":\"SearchAction\",\"target\":{\"@type\":\"EntryPoint\",\"urlTemplate\":\"https:\\\/\\\/radioljubuski.ba\\\/?s={search_term_string}\"},\"query-input\":{\"@type\":\"PropertyValueSpecification\",\"valueRequired\":true,\"valueName\":\"search_term_string\"}}],\"inLanguage\":\"hr\"},{\"@type\":\"Organization\",\"@id\":\"https:\\\/\\\/radioljubuski.ba\\\/#organization\",\"name\":\"Radio Ljubu\u0161ki\",\"url\":\"https:\\\/\\\/radioljubuski.ba\\\/\",\"logo\":{\"@type\":\"ImageObject\",\"inLanguage\":\"hr\",\"@id\":\"https:\\\/\\\/radioljubuski.ba\\\/#\\\/schema\\\/logo\\\/image\\\/\",\"url\":\"https:\\\/\\\/radioljubuski.ba\\\/wp-content\\\/uploads\\\/2021\\\/02\\\/cropped-Radio_Ljubuski_logo1.jpg\",\"contentUrl\":\"https:\\\/\\\/radioljubuski.ba\\\/wp-content\\\/uploads\\\/2021\\\/02\\\/cropped-Radio_Ljubuski_logo1.jpg\",\"width\":512,\"height\":512,\"caption\":\"Radio Ljubu\u0161ki\"},\"image\":{\"@id\":\"https:\\\/\\\/radioljubuski.ba\\\/#\\\/schema\\\/logo\\\/image\\\/\"},\"sameAs\":[\"https:\\\/\\\/www.facebook.com\\\/Radiio-Ljubuski-1490835324566332\",\"https:\\\/\\\/x.com\\\/radioljubuski\",\"https:\\\/\\\/hr.linkedin.com\\\/company\\\/radio-ljubuski\",\"https:\\\/\\\/www.youtube.com\\\/channel\\\/UCHYaeO_n0Db3tjNGudGpXyw\"]},{\"@type\":\"Person\",\"@id\":\"https:\\\/\\\/radioljubuski.ba\\\/#\\\/schema\\\/person\\\/19fc700381a780f69665d7956c469e3b\",\"name\":\"Radio Ljubu\u0161ki\"}]}<\/script>\n<!-- \/ Yoast SEO plugin. -->","yoast_head_json":{"title":"Uhi\u0107en je manijak koji je brutalno napao dvije \u017eene u Splitu - video - RADIO LJUBU\u0160KI","robots":{"index":"index","follow":"follow","max-snippet":"max-snippet:-1","max-image-preview":"max-image-preview:large","max-video-preview":"max-video-preview:-1"},"canonical":"https:\/\/radioljubuski.ba\/index.php\/2021\/07\/17\/uhicen-je-manijak-koji-je-brutalno-napao-dvije-zene-u-splitu-video\/","og_locale":"hr_HR","og_type":"article","og_title":"Uhi\u0107en je manijak koji je brutalno napao dvije \u017eene u Splitu - video - RADIO LJUBU\u0160KI","og_description":"Mladi\u0107 koji je jutros u Splitu brutalno napao dvije \u017eene uhi\u0107en je nakon intenzivne potrage splitske policije, u kojoj je sudjelovala i interventna policija. Policija ga je, kako javlja&nbsp;Slobodna Dalmacija, prona\u0161la u okolici Splita uz pomo\u0107 potra\u017enih pasa i dronova. Uhi\u0107en je u ulici Sv. Fabijana u Podstrani u 16:20. U\u0161ao je me\u0111u ku\u0107e i [&hellip;]","og_url":"https:\/\/radioljubuski.ba\/index.php\/2021\/07\/17\/uhicen-je-manijak-koji-je-brutalno-napao-dvije-zene-u-splitu-video\/","og_site_name":"RADIO LJUBU\u0160KI","article_publisher":"https:\/\/www.facebook.com\/Radiio-Ljubuski-1490835324566332","article_published_time":"2021-07-17T16:20:43+00:00","article_modified_time":"2021-07-17T16:20:47+00:00","og_image":[{"width":840,"height":470,"url":"https:\/\/radioljubuski.ba\/wp-content\/uploads\/2021\/07\/napad_st.jpg","type":"image\/jpeg"}],"author":"Radio Ljubu\u0161ki","twitter_card":"summary_large_image","twitter_creator":"@radioljubuski","twitter_site":"@radioljubuski","twitter_misc":{"Napisao\/la":"Radio Ljubu\u0161ki","Procijenjeno vrijeme \u010ditanja":"2 minute"},"schema":{"@context":"https:\/\/schema.org","@graph":[{"@type":"Article","@id":"https:\/\/radioljubuski.ba\/index.php\/2021\/07\/17\/uhicen-je-manijak-koji-je-brutalno-napao-dvije-zene-u-splitu-video\/#article","isPartOf":{"@id":"https:\/\/radioljubuski.ba\/index.php\/2021\/07\/17\/uhicen-je-manijak-koji-je-brutalno-napao-dvije-zene-u-splitu-video\/"},"author":{"name":"Radio Ljubu\u0161ki","@id":"https:\/\/radioljubuski.ba\/#\/schema\/person\/19fc700381a780f69665d7956c469e3b"},"headline":"Uhi\u0107en je manijak koji je brutalno napao dvije \u017eene u Splitu &#8211; video","datePublished":"2021-07-17T16:20:43+00:00","dateModified":"2021-07-17T16:20:47+00:00","mainEntityOfPage":{"@id":"https:\/\/radioljubuski.ba\/index.php\/2021\/07\/17\/uhicen-je-manijak-koji-je-brutalno-napao-dvije-zene-u-splitu-video\/"},"wordCount":366,"publisher":{"@id":"https:\/\/radioljubuski.ba\/#organization"},"image":{"@id":"https:\/\/radioljubuski.ba\/index.php\/2021\/07\/17\/uhicen-je-manijak-koji-je-brutalno-napao-dvije-zene-u-splitu-video\/#primaryimage"},"thumbnailUrl":"https:\/\/radioljubuski.ba\/wp-content\/uploads\/2021\/07\/napad_st.jpg","articleSection":["BIH i regija"],"inLanguage":"hr"},{"@type":"WebPage","@id":"https:\/\/radioljubuski.ba\/index.php\/2021\/07\/17\/uhicen-je-manijak-koji-je-brutalno-napao-dvije-zene-u-splitu-video\/","url":"https:\/\/radioljubuski.ba\/index.php\/2021\/07\/17\/uhicen-je-manijak-koji-je-brutalno-napao-dvije-zene-u-splitu-video\/","name":"Uhi\u0107en je manijak koji je brutalno napao dvije \u017eene u Splitu - video - RADIO LJUBU\u0160KI","isPartOf":{"@id":"https:\/\/radioljubuski.ba\/#website"},"primaryImageOfPage":{"@id":"https:\/\/radioljubuski.ba\/index.php\/2021\/07\/17\/uhicen-je-manijak-koji-je-brutalno-napao-dvije-zene-u-splitu-video\/#primaryimage"},"image":{"@id":"https:\/\/radioljubuski.ba\/index.php\/2021\/07\/17\/uhicen-je-manijak-koji-je-brutalno-napao-dvije-zene-u-splitu-video\/#primaryimage"},"thumbnailUrl":"https:\/\/radioljubuski.ba\/wp-content\/uploads\/2021\/07\/napad_st.jpg","datePublished":"2021-07-17T16:20:43+00:00","dateModified":"2021-07-17T16:20:47+00:00","breadcrumb":{"@id":"https:\/\/radioljubuski.ba\/index.php\/2021\/07\/17\/uhicen-je-manijak-koji-je-brutalno-napao-dvije-zene-u-splitu-video\/#breadcrumb"},"inLanguage":"hr","potentialAction":[{"@type":"ReadAction","target":["https:\/\/radioljubuski.ba\/index.php\/2021\/07\/17\/uhicen-je-manijak-koji-je-brutalno-napao-dvije-zene-u-splitu-video\/"]}]},{"@type":"ImageObject","inLanguage":"hr","@id":"https:\/\/radioljubuski.ba\/index.php\/2021\/07\/17\/uhicen-je-manijak-koji-je-brutalno-napao-dvije-zene-u-splitu-video\/#primaryimage","url":"https:\/\/radioljubuski.ba\/wp-content\/uploads\/2021\/07\/napad_st.jpg","contentUrl":"https:\/\/radioljubuski.ba\/wp-content\/uploads\/2021\/07\/napad_st.jpg","width":840,"height":470},{"@type":"BreadcrumbList","@id":"https:\/\/radioljubuski.ba\/index.php\/2021\/07\/17\/uhicen-je-manijak-koji-je-brutalno-napao-dvije-zene-u-splitu-video\/#breadcrumb","itemListElement":[{"@type":"ListItem","position":1,"name":"Po\u010detna stranica","item":"https:\/\/radioljubuski.ba\/"},{"@type":"ListItem","position":2,"name":"Uhi\u0107en je manijak koji je brutalno napao dvije \u017eene u Splitu &#8211; video"}]},{"@type":"WebSite","@id":"https:\/\/radioljubuski.ba\/#website","url":"https:\/\/radioljubuski.ba\/","name":"Radio Ljubu\u0161ki","description":"Sun\u010dana frekvencija Hercegovine","publisher":{"@id":"https:\/\/radioljubuski.ba\/#organization"},"potentialAction":[{"@type":"SearchAction","target":{"@type":"EntryPoint","urlTemplate":"https:\/\/radioljubuski.ba\/?s={search_term_string}"},"query-input":{"@type":"PropertyValueSpecification","valueRequired":true,"valueName":"search_term_string"}}],"inLanguage":"hr"},{"@type":"Organization","@id":"https:\/\/radioljubuski.ba\/#organization","name":"Radio Ljubu\u0161ki","url":"https:\/\/radioljubuski.ba\/","logo":{"@type":"ImageObject","inLanguage":"hr","@id":"https:\/\/radioljubuski.ba\/#\/schema\/logo\/image\/","url":"https:\/\/radioljubuski.ba\/wp-content\/uploads\/2021\/02\/cropped-Radio_Ljubuski_logo1.jpg","contentUrl":"https:\/\/radioljubuski.ba\/wp-content\/uploads\/2021\/02\/cropped-Radio_Ljubuski_logo1.jpg","width":512,"height":512,"caption":"Radio Ljubu\u0161ki"},"image":{"@id":"https:\/\/radioljubuski.ba\/#\/schema\/logo\/image\/"},"sameAs":["https:\/\/www.facebook.com\/Radiio-Ljubuski-1490835324566332","https:\/\/x.com\/radioljubuski","https:\/\/hr.linkedin.com\/company\/radio-ljubuski","https:\/\/www.youtube.com\/channel\/UCHYaeO_n0Db3tjNGudGpXyw"]},{"@type":"Person","@id":"https:\/\/radioljubuski.ba\/#\/schema\/person\/19fc700381a780f69665d7956c469e3b","name":"Radio Ljubu\u0161ki"}]}},"_links":{"self":[{"href":"https:\/\/radioljubuski.ba\/index.php\/wp-json\/wp\/v2\/posts\/43690","targetHints":{"allow":["GET"]}}],"collection":[{"href":"https:\/\/radioljubuski.ba\/index.php\/wp-json\/wp\/v2\/posts"}],"about":[{"href":"https:\/\/radioljubuski.ba\/index.php\/wp-json\/wp\/v2\/types\/post"}],"author":[{"embeddable":true,"href":"https:\/\/radioljubuski.ba\/index.php\/wp-json\/wp\/v2\/users\/2"}],"replies":[{"embeddable":true,"href":"https:\/\/radioljubuski.ba\/index.php\/wp-json\/wp\/v2\/comments?post=43690"}],"version-history":[{"count":1,"href":"https:\/\/radioljubuski.ba\/index.php\/wp-json\/wp\/v2\/posts\/43690\/revisions"}],"predecessor-version":[{"id":43691,"href":"https:\/\/radioljubuski.ba\/index.php\/wp-json\/wp\/v2\/posts\/43690\/revisions\/43691"}],"wp:featuredmedia":[{"embeddable":true,"href":"https:\/\/radioljubuski.ba\/index.php\/wp-json\/wp\/v2\/media\/43576"}],"wp:attachment":[{"href":"https:\/\/radioljubuski.ba\/index.php\/wp-json\/wp\/v2\/media?parent=43690"}],"wp:term":[{"taxonomy":"category","embeddable":true,"href":"https:\/\/radioljubuski.ba\/index.php\/wp-json\/wp\/v2\/categories?post=43690"},{"taxonomy":"post_tag","embeddable":true,"href":"https:\/\/radioljubuski.ba\/index.php\/wp-json\/wp\/v2\/tags?post=43690"}],"curies":[{"name":"wp","href":"https:\/\/api.w.org\/{rel}","templated":true}]}}