{"id":43748,"date":"2021-07-17T17:56:59","date_gmt":"2021-07-17T16:56:59","guid":{"rendered":"https:\/\/radioljubuski.ba\/?p=43748"},"modified":"2021-07-17T17:57:01","modified_gmt":"2021-07-17T16:57:01","slug":"makarska-vrhunac-ljeta-s-guzvama-u-prometu","status":"publish","type":"post","link":"https:\/\/radioljubuski.ba\/index.php\/2021\/07\/17\/makarska-vrhunac-ljeta-s-guzvama-u-prometu\/","title":{"rendered":"Makarska: Vrhunac ljeta s gu\u017evama u prometu"},"content":{"rendered":"\n<p>\u0160pica je turisti\u010dkog ljeta pa je i tre\u0107i srpanjski vikend u znaku &nbsp;poja\u010danog prometa na cestama Makarskog primorja i u trajektnim pristani\u0161tima.<\/p>\n\n\n\n<p>Na dr\u017eavnoj cesti D8 vozi se u du\u017eim isprekidanim kolonama, bez ve\u0107ih zastoja i ograni\u010denja, a manje gu\u017eve stvaraju se na prilazima turisti\u010dkim mjestima.<\/p>\n\n\n\n<p>Na cesti Makarska-Vrgorac nema zna\u010dajnijeg pove\u0107anja prometa dok je na brzoj cesti od Ba\u0161kog Polja do tunela Sveti Ilija u Bastu te nadalje do ulaza na autocestu kod Zagvozda promet poja\u010dan i odvija bez zastoja i ograni\u010denja.<\/p>\n\n\n\n<p>Trajekt Pelje\u0161\u010danka na liniji Makarska-Sumartin u dvije dopodnevne i prvoj poslijepodnevnoj plovidbi bio je popunjen, a dio putnika i vozila ostao je \u010dekati za preostale dvije plovidbe, u 18 sati za kada je ostalo tek jedno slobodno mjesto ili 21 sat za koju plovidbu ima samo 15 slobodnih mjesta, doznaje se u poslovnici rije\u010dke Jadrolinije.<\/p>\n\n\n\n<p>S Bra\u010da prema Makarskoj u dvije dopodnevne i dvije poslijepodnevne plovidbe trajekt je bio popunjen, a 20-ak slobodnih mjesta za vozila ostalo je za plovidbu iz Sumartina u 20 sati. &nbsp; &nbsp;<\/p>\n\n\n\n<p>Na liniji Drvenik \u2013 Su\u010duraj neprestano plove dva trajekta, \u010dekanje na ukrcaj u Drveniku je oko sat i pol vremena, dok za povratak s Hvara \u010dekanja na ukrcaj prema kopnu je do sat vremena.<\/p>\n\n\n\n<p>Ina\u010de, u Makarskoj danas boravi vi\u0161e od 10,5 tisu\u0107a turista \u0161to je znatno vi\u0161e nego lani, odnosno 80 posto u odnosu na isto vrijeme 2019., rekordne turisti\u010dke godine. Najbrojniji su Poljaci, \u010cesi, gosti iz susjedne BiH i Nijemci.<\/p>\n\n\n\n<p>Dobra popunjenost smje\u0161tajnih kapaciteta, kako hotelskih tako ku\u0107a za odmor i obiteljskog smje\u0161taja bilje\u017ei se i u ostalim mjestima na Makarskom primorju.<\/p>\n\n\n\n<p>Izvor:pogled.ba<\/p>\n","protected":false},"excerpt":{"rendered":"<p>\u0160pica je turisti\u010dkog ljeta pa je i tre\u0107i srpanjski vikend u znaku &nbsp;poja\u010danog prometa na cestama Makarskog primorja i u trajektnim pristani\u0161tima. Na dr\u017eavnoj cesti D8 vozi se u du\u017eim isprekidanim kolonama, bez ve\u0107ih zastoja i ograni\u010denja, a manje gu\u017eve stvaraju se na prilazima turisti\u010dkim mjestima. Na cesti Makarska-Vrgorac nema zna\u010dajnijeg pove\u0107anja prometa dok je [&hellip;]<\/p>\n","protected":false},"author":2,"featured_media":43271,"comment_status":"closed","ping_status":"closed","sticky":false,"template":"","format":"standard","meta":{"h5ap_radio_sources":[],"footnotes":""},"categories":[1],"tags":[],"class_list":["post-43748","post","type-post","status-publish","format-standard","has-post-thumbnail","hentry","category-bihiregija"],"yoast_head":"<!-- This site is optimized with the Yoast SEO plugin v27.5 - https:\/\/yoast.com\/product\/yoast-seo-wordpress\/ -->\n<title>Makarska: Vrhunac ljeta s gu\u017evama u prometu - RADIO LJUBU\u0160KI<\/title>\n<meta name=\"robots\" content=\"index, follow, max-snippet:-1, max-image-preview:large, max-video-preview:-1\" \/>\n<link rel=\"canonical\" href=\"https:\/\/radioljubuski.ba\/index.php\/2021\/07\/17\/makarska-vrhunac-ljeta-s-guzvama-u-prometu\/\" \/>\n<meta property=\"og:locale\" content=\"hr_HR\" \/>\n<meta property=\"og:type\" content=\"article\" \/>\n<meta property=\"og:title\" content=\"Makarska: Vrhunac ljeta s gu\u017evama u prometu - RADIO LJUBU\u0160KI\" \/>\n<meta property=\"og:description\" content=\"\u0160pica je turisti\u010dkog ljeta pa je i tre\u0107i srpanjski vikend u znaku &nbsp;poja\u010danog prometa na cestama Makarskog primorja i u trajektnim pristani\u0161tima. Na dr\u017eavnoj cesti D8 vozi se u du\u017eim isprekidanim kolonama, bez ve\u0107ih zastoja i ograni\u010denja, a manje gu\u017eve stvaraju se na prilazima turisti\u010dkim mjestima. Na cesti Makarska-Vrgorac nema zna\u010dajnijeg pove\u0107anja prometa dok je [&hellip;]\" \/>\n<meta property=\"og:url\" content=\"https:\/\/radioljubuski.ba\/index.php\/2021\/07\/17\/makarska-vrhunac-ljeta-s-guzvama-u-prometu\/\" \/>\n<meta property=\"og:site_name\" content=\"RADIO LJUBU\u0160KI\" \/>\n<meta property=\"article:publisher\" content=\"https:\/\/www.facebook.com\/Radiio-Ljubuski-1490835324566332\" \/>\n<meta property=\"article:published_time\" content=\"2021-07-17T16:56:59+00:00\" \/>\n<meta property=\"article:modified_time\" content=\"2021-07-17T16:57:01+00:00\" \/>\n<meta property=\"og:image\" content=\"https:\/\/radioljubuski.ba\/wp-content\/uploads\/2021\/07\/HIT2dtNf_makarska_riviera_beaches_01.jpg\" \/>\n\t<meta property=\"og:image:width\" content=\"1000\" \/>\n\t<meta property=\"og:image:height\" content=\"625\" \/>\n\t<meta property=\"og:image:type\" content=\"image\/jpeg\" \/>\n<meta name=\"author\" content=\"Radio Ljubu\u0161ki\" \/>\n<meta name=\"twitter:card\" content=\"summary_large_image\" \/>\n<meta name=\"twitter:creator\" content=\"@radioljubuski\" \/>\n<meta name=\"twitter:site\" content=\"@radioljubuski\" \/>\n<meta name=\"twitter:label1\" content=\"Napisao\/la\" \/>\n\t<meta name=\"twitter:data1\" content=\"Radio Ljubu\u0161ki\" \/>\n\t<meta name=\"twitter:label2\" content=\"Procijenjeno vrijeme \u010ditanja\" \/>\n\t<meta name=\"twitter:data2\" content=\"2 minute\" \/>\n<script type=\"application\/ld+json\" class=\"yoast-schema-graph\">{\"@context\":\"https:\\\/\\\/schema.org\",\"@graph\":[{\"@type\":\"Article\",\"@id\":\"https:\\\/\\\/radioljubuski.ba\\\/index.php\\\/2021\\\/07\\\/17\\\/makarska-vrhunac-ljeta-s-guzvama-u-prometu\\\/#article\",\"isPartOf\":{\"@id\":\"https:\\\/\\\/radioljubuski.ba\\\/index.php\\\/2021\\\/07\\\/17\\\/makarska-vrhunac-ljeta-s-guzvama-u-prometu\\\/\"},\"author\":{\"name\":\"Radio Ljubu\u0161ki\",\"@id\":\"https:\\\/\\\/radioljubuski.ba\\\/#\\\/schema\\\/person\\\/19fc700381a780f69665d7956c469e3b\"},\"headline\":\"Makarska: Vrhunac ljeta s gu\u017evama u prometu\",\"datePublished\":\"2021-07-17T16:56:59+00:00\",\"dateModified\":\"2021-07-17T16:57:01+00:00\",\"mainEntityOfPage\":{\"@id\":\"https:\\\/\\\/radioljubuski.ba\\\/index.php\\\/2021\\\/07\\\/17\\\/makarska-vrhunac-ljeta-s-guzvama-u-prometu\\\/\"},\"wordCount\":296,\"publisher\":{\"@id\":\"https:\\\/\\\/radioljubuski.ba\\\/#organization\"},\"image\":{\"@id\":\"https:\\\/\\\/radioljubuski.ba\\\/index.php\\\/2021\\\/07\\\/17\\\/makarska-vrhunac-ljeta-s-guzvama-u-prometu\\\/#primaryimage\"},\"thumbnailUrl\":\"https:\\\/\\\/radioljubuski.ba\\\/wp-content\\\/uploads\\\/2021\\\/07\\\/HIT2dtNf_makarska_riviera_beaches_01.jpg\",\"articleSection\":[\"BIH i regija\"],\"inLanguage\":\"hr\"},{\"@type\":\"WebPage\",\"@id\":\"https:\\\/\\\/radioljubuski.ba\\\/index.php\\\/2021\\\/07\\\/17\\\/makarska-vrhunac-ljeta-s-guzvama-u-prometu\\\/\",\"url\":\"https:\\\/\\\/radioljubuski.ba\\\/index.php\\\/2021\\\/07\\\/17\\\/makarska-vrhunac-ljeta-s-guzvama-u-prometu\\\/\",\"name\":\"Makarska: Vrhunac ljeta s gu\u017evama u prometu - RADIO LJUBU\u0160KI\",\"isPartOf\":{\"@id\":\"https:\\\/\\\/radioljubuski.ba\\\/#website\"},\"primaryImageOfPage\":{\"@id\":\"https:\\\/\\\/radioljubuski.ba\\\/index.php\\\/2021\\\/07\\\/17\\\/makarska-vrhunac-ljeta-s-guzvama-u-prometu\\\/#primaryimage\"},\"image\":{\"@id\":\"https:\\\/\\\/radioljubuski.ba\\\/index.php\\\/2021\\\/07\\\/17\\\/makarska-vrhunac-ljeta-s-guzvama-u-prometu\\\/#primaryimage\"},\"thumbnailUrl\":\"https:\\\/\\\/radioljubuski.ba\\\/wp-content\\\/uploads\\\/2021\\\/07\\\/HIT2dtNf_makarska_riviera_beaches_01.jpg\",\"datePublished\":\"2021-07-17T16:56:59+00:00\",\"dateModified\":\"2021-07-17T16:57:01+00:00\",\"breadcrumb\":{\"@id\":\"https:\\\/\\\/radioljubuski.ba\\\/index.php\\\/2021\\\/07\\\/17\\\/makarska-vrhunac-ljeta-s-guzvama-u-prometu\\\/#breadcrumb\"},\"inLanguage\":\"hr\",\"potentialAction\":[{\"@type\":\"ReadAction\",\"target\":[\"https:\\\/\\\/radioljubuski.ba\\\/index.php\\\/2021\\\/07\\\/17\\\/makarska-vrhunac-ljeta-s-guzvama-u-prometu\\\/\"]}]},{\"@type\":\"ImageObject\",\"inLanguage\":\"hr\",\"@id\":\"https:\\\/\\\/radioljubuski.ba\\\/index.php\\\/2021\\\/07\\\/17\\\/makarska-vrhunac-ljeta-s-guzvama-u-prometu\\\/#primaryimage\",\"url\":\"https:\\\/\\\/radioljubuski.ba\\\/wp-content\\\/uploads\\\/2021\\\/07\\\/HIT2dtNf_makarska_riviera_beaches_01.jpg\",\"contentUrl\":\"https:\\\/\\\/radioljubuski.ba\\\/wp-content\\\/uploads\\\/2021\\\/07\\\/HIT2dtNf_makarska_riviera_beaches_01.jpg\",\"width\":1000,\"height\":625},{\"@type\":\"BreadcrumbList\",\"@id\":\"https:\\\/\\\/radioljubuski.ba\\\/index.php\\\/2021\\\/07\\\/17\\\/makarska-vrhunac-ljeta-s-guzvama-u-prometu\\\/#breadcrumb\",\"itemListElement\":[{\"@type\":\"ListItem\",\"position\":1,\"name\":\"Po\u010detna stranica\",\"item\":\"https:\\\/\\\/radioljubuski.ba\\\/\"},{\"@type\":\"ListItem\",\"position\":2,\"name\":\"Makarska: Vrhunac ljeta s gu\u017evama u prometu\"}]},{\"@type\":\"WebSite\",\"@id\":\"https:\\\/\\\/radioljubuski.ba\\\/#website\",\"url\":\"https:\\\/\\\/radioljubuski.ba\\\/\",\"name\":\"Radio Ljubu\u0161ki\",\"description\":\"Sun\u010dana frekvencija Hercegovine\",\"publisher\":{\"@id\":\"https:\\\/\\\/radioljubuski.ba\\\/#organization\"},\"potentialAction\":[{\"@type\":\"SearchAction\",\"target\":{\"@type\":\"EntryPoint\",\"urlTemplate\":\"https:\\\/\\\/radioljubuski.ba\\\/?s={search_term_string}\"},\"query-input\":{\"@type\":\"PropertyValueSpecification\",\"valueRequired\":true,\"valueName\":\"search_term_string\"}}],\"inLanguage\":\"hr\"},{\"@type\":\"Organization\",\"@id\":\"https:\\\/\\\/radioljubuski.ba\\\/#organization\",\"name\":\"Radio Ljubu\u0161ki\",\"url\":\"https:\\\/\\\/radioljubuski.ba\\\/\",\"logo\":{\"@type\":\"ImageObject\",\"inLanguage\":\"hr\",\"@id\":\"https:\\\/\\\/radioljubuski.ba\\\/#\\\/schema\\\/logo\\\/image\\\/\",\"url\":\"https:\\\/\\\/radioljubuski.ba\\\/wp-content\\\/uploads\\\/2021\\\/02\\\/cropped-Radio_Ljubuski_logo1.jpg\",\"contentUrl\":\"https:\\\/\\\/radioljubuski.ba\\\/wp-content\\\/uploads\\\/2021\\\/02\\\/cropped-Radio_Ljubuski_logo1.jpg\",\"width\":512,\"height\":512,\"caption\":\"Radio Ljubu\u0161ki\"},\"image\":{\"@id\":\"https:\\\/\\\/radioljubuski.ba\\\/#\\\/schema\\\/logo\\\/image\\\/\"},\"sameAs\":[\"https:\\\/\\\/www.facebook.com\\\/Radiio-Ljubuski-1490835324566332\",\"https:\\\/\\\/x.com\\\/radioljubuski\",\"https:\\\/\\\/hr.linkedin.com\\\/company\\\/radio-ljubuski\",\"https:\\\/\\\/www.youtube.com\\\/channel\\\/UCHYaeO_n0Db3tjNGudGpXyw\"]},{\"@type\":\"Person\",\"@id\":\"https:\\\/\\\/radioljubuski.ba\\\/#\\\/schema\\\/person\\\/19fc700381a780f69665d7956c469e3b\",\"name\":\"Radio Ljubu\u0161ki\"}]}<\/script>\n<!-- \/ Yoast SEO plugin. -->","yoast_head_json":{"title":"Makarska: Vrhunac ljeta s gu\u017evama u prometu - RADIO LJUBU\u0160KI","robots":{"index":"index","follow":"follow","max-snippet":"max-snippet:-1","max-image-preview":"max-image-preview:large","max-video-preview":"max-video-preview:-1"},"canonical":"https:\/\/radioljubuski.ba\/index.php\/2021\/07\/17\/makarska-vrhunac-ljeta-s-guzvama-u-prometu\/","og_locale":"hr_HR","og_type":"article","og_title":"Makarska: Vrhunac ljeta s gu\u017evama u prometu - RADIO LJUBU\u0160KI","og_description":"\u0160pica je turisti\u010dkog ljeta pa je i tre\u0107i srpanjski vikend u znaku &nbsp;poja\u010danog prometa na cestama Makarskog primorja i u trajektnim pristani\u0161tima. Na dr\u017eavnoj cesti D8 vozi se u du\u017eim isprekidanim kolonama, bez ve\u0107ih zastoja i ograni\u010denja, a manje gu\u017eve stvaraju se na prilazima turisti\u010dkim mjestima. Na cesti Makarska-Vrgorac nema zna\u010dajnijeg pove\u0107anja prometa dok je [&hellip;]","og_url":"https:\/\/radioljubuski.ba\/index.php\/2021\/07\/17\/makarska-vrhunac-ljeta-s-guzvama-u-prometu\/","og_site_name":"RADIO LJUBU\u0160KI","article_publisher":"https:\/\/www.facebook.com\/Radiio-Ljubuski-1490835324566332","article_published_time":"2021-07-17T16:56:59+00:00","article_modified_time":"2021-07-17T16:57:01+00:00","og_image":[{"width":1000,"height":625,"url":"https:\/\/radioljubuski.ba\/wp-content\/uploads\/2021\/07\/HIT2dtNf_makarska_riviera_beaches_01.jpg","type":"image\/jpeg"}],"author":"Radio Ljubu\u0161ki","twitter_card":"summary_large_image","twitter_creator":"@radioljubuski","twitter_site":"@radioljubuski","twitter_misc":{"Napisao\/la":"Radio Ljubu\u0161ki","Procijenjeno vrijeme \u010ditanja":"2 minute"},"schema":{"@context":"https:\/\/schema.org","@graph":[{"@type":"Article","@id":"https:\/\/radioljubuski.ba\/index.php\/2021\/07\/17\/makarska-vrhunac-ljeta-s-guzvama-u-prometu\/#article","isPartOf":{"@id":"https:\/\/radioljubuski.ba\/index.php\/2021\/07\/17\/makarska-vrhunac-ljeta-s-guzvama-u-prometu\/"},"author":{"name":"Radio Ljubu\u0161ki","@id":"https:\/\/radioljubuski.ba\/#\/schema\/person\/19fc700381a780f69665d7956c469e3b"},"headline":"Makarska: Vrhunac ljeta s gu\u017evama u prometu","datePublished":"2021-07-17T16:56:59+00:00","dateModified":"2021-07-17T16:57:01+00:00","mainEntityOfPage":{"@id":"https:\/\/radioljubuski.ba\/index.php\/2021\/07\/17\/makarska-vrhunac-ljeta-s-guzvama-u-prometu\/"},"wordCount":296,"publisher":{"@id":"https:\/\/radioljubuski.ba\/#organization"},"image":{"@id":"https:\/\/radioljubuski.ba\/index.php\/2021\/07\/17\/makarska-vrhunac-ljeta-s-guzvama-u-prometu\/#primaryimage"},"thumbnailUrl":"https:\/\/radioljubuski.ba\/wp-content\/uploads\/2021\/07\/HIT2dtNf_makarska_riviera_beaches_01.jpg","articleSection":["BIH i regija"],"inLanguage":"hr"},{"@type":"WebPage","@id":"https:\/\/radioljubuski.ba\/index.php\/2021\/07\/17\/makarska-vrhunac-ljeta-s-guzvama-u-prometu\/","url":"https:\/\/radioljubuski.ba\/index.php\/2021\/07\/17\/makarska-vrhunac-ljeta-s-guzvama-u-prometu\/","name":"Makarska: Vrhunac ljeta s gu\u017evama u prometu - RADIO LJUBU\u0160KI","isPartOf":{"@id":"https:\/\/radioljubuski.ba\/#website"},"primaryImageOfPage":{"@id":"https:\/\/radioljubuski.ba\/index.php\/2021\/07\/17\/makarska-vrhunac-ljeta-s-guzvama-u-prometu\/#primaryimage"},"image":{"@id":"https:\/\/radioljubuski.ba\/index.php\/2021\/07\/17\/makarska-vrhunac-ljeta-s-guzvama-u-prometu\/#primaryimage"},"thumbnailUrl":"https:\/\/radioljubuski.ba\/wp-content\/uploads\/2021\/07\/HIT2dtNf_makarska_riviera_beaches_01.jpg","datePublished":"2021-07-17T16:56:59+00:00","dateModified":"2021-07-17T16:57:01+00:00","breadcrumb":{"@id":"https:\/\/radioljubuski.ba\/index.php\/2021\/07\/17\/makarska-vrhunac-ljeta-s-guzvama-u-prometu\/#breadcrumb"},"inLanguage":"hr","potentialAction":[{"@type":"ReadAction","target":["https:\/\/radioljubuski.ba\/index.php\/2021\/07\/17\/makarska-vrhunac-ljeta-s-guzvama-u-prometu\/"]}]},{"@type":"ImageObject","inLanguage":"hr","@id":"https:\/\/radioljubuski.ba\/index.php\/2021\/07\/17\/makarska-vrhunac-ljeta-s-guzvama-u-prometu\/#primaryimage","url":"https:\/\/radioljubuski.ba\/wp-content\/uploads\/2021\/07\/HIT2dtNf_makarska_riviera_beaches_01.jpg","contentUrl":"https:\/\/radioljubuski.ba\/wp-content\/uploads\/2021\/07\/HIT2dtNf_makarska_riviera_beaches_01.jpg","width":1000,"height":625},{"@type":"BreadcrumbList","@id":"https:\/\/radioljubuski.ba\/index.php\/2021\/07\/17\/makarska-vrhunac-ljeta-s-guzvama-u-prometu\/#breadcrumb","itemListElement":[{"@type":"ListItem","position":1,"name":"Po\u010detna stranica","item":"https:\/\/radioljubuski.ba\/"},{"@type":"ListItem","position":2,"name":"Makarska: Vrhunac ljeta s gu\u017evama u prometu"}]},{"@type":"WebSite","@id":"https:\/\/radioljubuski.ba\/#website","url":"https:\/\/radioljubuski.ba\/","name":"Radio Ljubu\u0161ki","description":"Sun\u010dana frekvencija Hercegovine","publisher":{"@id":"https:\/\/radioljubuski.ba\/#organization"},"potentialAction":[{"@type":"SearchAction","target":{"@type":"EntryPoint","urlTemplate":"https:\/\/radioljubuski.ba\/?s={search_term_string}"},"query-input":{"@type":"PropertyValueSpecification","valueRequired":true,"valueName":"search_term_string"}}],"inLanguage":"hr"},{"@type":"Organization","@id":"https:\/\/radioljubuski.ba\/#organization","name":"Radio Ljubu\u0161ki","url":"https:\/\/radioljubuski.ba\/","logo":{"@type":"ImageObject","inLanguage":"hr","@id":"https:\/\/radioljubuski.ba\/#\/schema\/logo\/image\/","url":"https:\/\/radioljubuski.ba\/wp-content\/uploads\/2021\/02\/cropped-Radio_Ljubuski_logo1.jpg","contentUrl":"https:\/\/radioljubuski.ba\/wp-content\/uploads\/2021\/02\/cropped-Radio_Ljubuski_logo1.jpg","width":512,"height":512,"caption":"Radio Ljubu\u0161ki"},"image":{"@id":"https:\/\/radioljubuski.ba\/#\/schema\/logo\/image\/"},"sameAs":["https:\/\/www.facebook.com\/Radiio-Ljubuski-1490835324566332","https:\/\/x.com\/radioljubuski","https:\/\/hr.linkedin.com\/company\/radio-ljubuski","https:\/\/www.youtube.com\/channel\/UCHYaeO_n0Db3tjNGudGpXyw"]},{"@type":"Person","@id":"https:\/\/radioljubuski.ba\/#\/schema\/person\/19fc700381a780f69665d7956c469e3b","name":"Radio Ljubu\u0161ki"}]}},"_links":{"self":[{"href":"https:\/\/radioljubuski.ba\/index.php\/wp-json\/wp\/v2\/posts\/43748","targetHints":{"allow":["GET"]}}],"collection":[{"href":"https:\/\/radioljubuski.ba\/index.php\/wp-json\/wp\/v2\/posts"}],"about":[{"href":"https:\/\/radioljubuski.ba\/index.php\/wp-json\/wp\/v2\/types\/post"}],"author":[{"embeddable":true,"href":"https:\/\/radioljubuski.ba\/index.php\/wp-json\/wp\/v2\/users\/2"}],"replies":[{"embeddable":true,"href":"https:\/\/radioljubuski.ba\/index.php\/wp-json\/wp\/v2\/comments?post=43748"}],"version-history":[{"count":1,"href":"https:\/\/radioljubuski.ba\/index.php\/wp-json\/wp\/v2\/posts\/43748\/revisions"}],"predecessor-version":[{"id":43749,"href":"https:\/\/radioljubuski.ba\/index.php\/wp-json\/wp\/v2\/posts\/43748\/revisions\/43749"}],"wp:featuredmedia":[{"embeddable":true,"href":"https:\/\/radioljubuski.ba\/index.php\/wp-json\/wp\/v2\/media\/43271"}],"wp:attachment":[{"href":"https:\/\/radioljubuski.ba\/index.php\/wp-json\/wp\/v2\/media?parent=43748"}],"wp:term":[{"taxonomy":"category","embeddable":true,"href":"https:\/\/radioljubuski.ba\/index.php\/wp-json\/wp\/v2\/categories?post=43748"},{"taxonomy":"post_tag","embeddable":true,"href":"https:\/\/radioljubuski.ba\/index.php\/wp-json\/wp\/v2\/tags?post=43748"}],"curies":[{"name":"wp","href":"https:\/\/api.w.org\/{rel}","templated":true}]}}