{"id":43762,"date":"2021-07-17T20:30:36","date_gmt":"2021-07-17T19:30:36","guid":{"rendered":"https:\/\/radioljubuski.ba\/?p=43762"},"modified":"2021-07-17T20:30:37","modified_gmt":"2021-07-17T19:30:37","slug":"zbog-pucanja-brane-na-rijeci-rur-u-njemackoj-prijete-nove-poplave-broj-poginulih-raste","status":"publish","type":"post","link":"https:\/\/radioljubuski.ba\/index.php\/2021\/07\/17\/zbog-pucanja-brane-na-rijeci-rur-u-njemackoj-prijete-nove-poplave-broj-poginulih-raste\/","title":{"rendered":"Zbog pucanja brane na rijeci Rur u Njema\u010dkoj prijete nove poplave, broj poginulih raste"},"content":{"rendered":"\n<p>Najmanje 135 osoba stradalo je od posljedica katastrofalnog nevremena i poplava u pokrajinama Porajnje-Fala\u010dka i Sjeverna Rajna-Vestfalija. Spasila\u010dke ekipe stalno pronalaze mrtve u podrumima ku\u0107a. Njema\u010dko ministarstvo obrane proglasilo je vojni alarm u slu\u010daju katastrofe, uzrokovane nevremenom na zapadu Njema\u010dke. Vi\u0161e od 850 vojnika anga\u017eirano je na pru\u017eanju pomo\u0107i i njihov broj se stalno pove\u0107ava, pi\u0161e Deutsche Welle.<\/p>\n\n\n\n<p>Dramati\u010dna situacija zbog pucanja brane na rijeci Rur<\/p>\n\n\n\n<p>Zbog obilnih padalina do\u0161lo je do pucanja brane na rijeci Rur u Ophovenu u okrugu Heinsberg na krajnjem zapadu Njema\u010dke. Prema informacijama WDR-a, spasioci su sino\u0107 zapo\u010deli evakuaciju stanovni\u0161tva u dijelu grada Wassenberg. 700 stanovnika je izvedeno na sigurno. Strahuje se da bi mogla biti poplavljena i mjesta Effeld i Steinkirchen. Tamo \u017eivi gotovo 1600 ljudi. Tamo\u0161nji stanovnici pak jo\u0161 nisu evakuirani i spasila\u010dke snage prate stanje na terenu. Izvor rijeke Rur je u Eifelu i ona se ulijeva u rijeku Maas kod Roemonda u Nizozemskoj gdje je tako\u0111er u mnogim dijelovima uz rijeku Maas uvedeno izvanredno stanje, izme\u0111u ostalog i u gradu Maastrichtu. Prema izvje\u0161taju WDR-a, kako je izjavio gradona\u010delnik Marcel Maurer, razlog je \u0161to su na mjestu gdje se Rur ulijeva u Maas zatvorene ustave na kanalima na nizozemskoj stran. Gradona\u010delnik je, kako stoji u izvje\u0161taju, u kontaktu s Nizozemcima kako bi se ustave u svakom trenutku mogle ponovo otvoriti da voda oti\u010de.<\/p>\n\n\n\n<p>Predsjednik Steinmeier obilazi pogo\u0111ena podru\u010dja<\/p>\n\n\n\n<p>Njema\u010dka kancelarka Angela Merkel se o aktualnom stanju na ugro\u017eenom podru\u010dju informirala putem video konferencije s Koordinacijskom grupom Ministarstva unutra\u0161njih poslova Sjeverne Rajne-Vestfalije. Prema izjavi glasnogovornice savezne vlade, na sastanku su bili i pokrajinski premijer Armin Laschet i ministar unutarnjih poslova Herbert Reul (obojica iz CDU-a). Merkel je obe\u0107ala kratkoro\u010dnu i dugoro\u010dnu podr\u0161ku savezne vlade ljudima pogo\u0111enim u poplavljenim podru\u010djima. Savezni predsjednik Frank-Walter Steinmeier \u0107e tijekom dana obi\u0107i okrug Rhein-Erft, koji je oluja posebno pogodila. Prema podacima pokrajinske vlade Sjeverne Rajne-Vestfalije, predsjednik Steinmeier i pokrajinski premijer Armin Laschet posjetit \u0107e danas i Erftstadt, gdje su u bujicama uni\u0161tene brojne ku\u0107e i automobili. Steinmeier \u017eeli ste\u0107i uvid o situaciji na terenu i obaviti razgovore s vatrogasnim slu\u017ebama i spasila\u010dkom ekipama.<\/p>\n\n\n\n<p>Izvor:dw<\/p>\n","protected":false},"excerpt":{"rendered":"<p>Najmanje 135 osoba stradalo je od posljedica katastrofalnog nevremena i poplava u pokrajinama Porajnje-Fala\u010dka i Sjeverna Rajna-Vestfalija. Spasila\u010dke ekipe stalno pronalaze mrtve u podrumima ku\u0107a. Njema\u010dko ministarstvo obrane proglasilo je vojni alarm u slu\u010daju katastrofe, uzrokovane nevremenom na zapadu Njema\u010dke. Vi\u0161e od 850 vojnika anga\u017eirano je na pru\u017eanju pomo\u0107i i njihov broj se stalno pove\u0107ava, [&hellip;]<\/p>\n","protected":false},"author":2,"featured_media":43763,"comment_status":"closed","ping_status":"closed","sticky":false,"template":"","format":"standard","meta":{"h5ap_radio_sources":[],"footnotes":""},"categories":[1],"tags":[],"class_list":["post-43762","post","type-post","status-publish","format-standard","has-post-thumbnail","hentry","category-bihiregija"],"yoast_head":"<!-- This site is optimized with the Yoast SEO plugin v27.5 - https:\/\/yoast.com\/product\/yoast-seo-wordpress\/ -->\n<title>Zbog pucanja brane na rijeci Rur u Njema\u010dkoj prijete nove poplave, broj poginulih raste - RADIO LJUBU\u0160KI<\/title>\n<meta name=\"robots\" content=\"index, follow, max-snippet:-1, max-image-preview:large, max-video-preview:-1\" \/>\n<link rel=\"canonical\" href=\"https:\/\/radioljubuski.ba\/index.php\/2021\/07\/17\/zbog-pucanja-brane-na-rijeci-rur-u-njemackoj-prijete-nove-poplave-broj-poginulih-raste\/\" \/>\n<meta property=\"og:locale\" content=\"hr_HR\" \/>\n<meta property=\"og:type\" content=\"article\" \/>\n<meta property=\"og:title\" content=\"Zbog pucanja brane na rijeci Rur u Njema\u010dkoj prijete nove poplave, broj poginulih raste - RADIO LJUBU\u0160KI\" \/>\n<meta property=\"og:description\" content=\"Najmanje 135 osoba stradalo je od posljedica katastrofalnog nevremena i poplava u pokrajinama Porajnje-Fala\u010dka i Sjeverna Rajna-Vestfalija. Spasila\u010dke ekipe stalno pronalaze mrtve u podrumima ku\u0107a. Njema\u010dko ministarstvo obrane proglasilo je vojni alarm u slu\u010daju katastrofe, uzrokovane nevremenom na zapadu Njema\u010dke. Vi\u0161e od 850 vojnika anga\u017eirano je na pru\u017eanju pomo\u0107i i njihov broj se stalno pove\u0107ava, [&hellip;]\" \/>\n<meta property=\"og:url\" content=\"https:\/\/radioljubuski.ba\/index.php\/2021\/07\/17\/zbog-pucanja-brane-na-rijeci-rur-u-njemackoj-prijete-nove-poplave-broj-poginulih-raste\/\" \/>\n<meta property=\"og:site_name\" content=\"RADIO LJUBU\u0160KI\" \/>\n<meta property=\"article:publisher\" content=\"https:\/\/www.facebook.com\/Radiio-Ljubuski-1490835324566332\" \/>\n<meta property=\"article:published_time\" content=\"2021-07-17T19:30:36+00:00\" \/>\n<meta property=\"article:modified_time\" content=\"2021-07-17T19:30:37+00:00\" \/>\n<meta property=\"og:image\" content=\"https:\/\/radioljubuski.ba\/wp-content\/uploads\/2021\/07\/8-2021-07-17-19-15-32-njenjenje.png\" \/>\n\t<meta property=\"og:image:width\" content=\"1000\" \/>\n\t<meta property=\"og:image:height\" content=\"625\" \/>\n\t<meta property=\"og:image:type\" content=\"image\/png\" \/>\n<meta name=\"author\" content=\"Radio Ljubu\u0161ki\" \/>\n<meta name=\"twitter:card\" content=\"summary_large_image\" \/>\n<meta name=\"twitter:creator\" content=\"@radioljubuski\" \/>\n<meta name=\"twitter:site\" content=\"@radioljubuski\" \/>\n<meta name=\"twitter:label1\" content=\"Napisao\/la\" \/>\n\t<meta name=\"twitter:data1\" content=\"Radio Ljubu\u0161ki\" \/>\n\t<meta name=\"twitter:label2\" content=\"Procijenjeno vrijeme \u010ditanja\" \/>\n\t<meta name=\"twitter:data2\" content=\"2 minute\" \/>\n<script type=\"application\/ld+json\" class=\"yoast-schema-graph\">{\"@context\":\"https:\\\/\\\/schema.org\",\"@graph\":[{\"@type\":\"Article\",\"@id\":\"https:\\\/\\\/radioljubuski.ba\\\/index.php\\\/2021\\\/07\\\/17\\\/zbog-pucanja-brane-na-rijeci-rur-u-njemackoj-prijete-nove-poplave-broj-poginulih-raste\\\/#article\",\"isPartOf\":{\"@id\":\"https:\\\/\\\/radioljubuski.ba\\\/index.php\\\/2021\\\/07\\\/17\\\/zbog-pucanja-brane-na-rijeci-rur-u-njemackoj-prijete-nove-poplave-broj-poginulih-raste\\\/\"},\"author\":{\"name\":\"Radio Ljubu\u0161ki\",\"@id\":\"https:\\\/\\\/radioljubuski.ba\\\/#\\\/schema\\\/person\\\/19fc700381a780f69665d7956c469e3b\"},\"headline\":\"Zbog pucanja brane na rijeci Rur u Njema\u010dkoj prijete nove poplave, broj poginulih raste\",\"datePublished\":\"2021-07-17T19:30:36+00:00\",\"dateModified\":\"2021-07-17T19:30:37+00:00\",\"mainEntityOfPage\":{\"@id\":\"https:\\\/\\\/radioljubuski.ba\\\/index.php\\\/2021\\\/07\\\/17\\\/zbog-pucanja-brane-na-rijeci-rur-u-njemackoj-prijete-nove-poplave-broj-poginulih-raste\\\/\"},\"wordCount\":402,\"publisher\":{\"@id\":\"https:\\\/\\\/radioljubuski.ba\\\/#organization\"},\"image\":{\"@id\":\"https:\\\/\\\/radioljubuski.ba\\\/index.php\\\/2021\\\/07\\\/17\\\/zbog-pucanja-brane-na-rijeci-rur-u-njemackoj-prijete-nove-poplave-broj-poginulih-raste\\\/#primaryimage\"},\"thumbnailUrl\":\"https:\\\/\\\/radioljubuski.ba\\\/wp-content\\\/uploads\\\/2021\\\/07\\\/8-2021-07-17-19-15-32-njenjenje.png\",\"articleSection\":[\"BIH i regija\"],\"inLanguage\":\"hr\"},{\"@type\":\"WebPage\",\"@id\":\"https:\\\/\\\/radioljubuski.ba\\\/index.php\\\/2021\\\/07\\\/17\\\/zbog-pucanja-brane-na-rijeci-rur-u-njemackoj-prijete-nove-poplave-broj-poginulih-raste\\\/\",\"url\":\"https:\\\/\\\/radioljubuski.ba\\\/index.php\\\/2021\\\/07\\\/17\\\/zbog-pucanja-brane-na-rijeci-rur-u-njemackoj-prijete-nove-poplave-broj-poginulih-raste\\\/\",\"name\":\"Zbog pucanja brane na rijeci Rur u Njema\u010dkoj prijete nove poplave, broj poginulih raste - RADIO LJUBU\u0160KI\",\"isPartOf\":{\"@id\":\"https:\\\/\\\/radioljubuski.ba\\\/#website\"},\"primaryImageOfPage\":{\"@id\":\"https:\\\/\\\/radioljubuski.ba\\\/index.php\\\/2021\\\/07\\\/17\\\/zbog-pucanja-brane-na-rijeci-rur-u-njemackoj-prijete-nove-poplave-broj-poginulih-raste\\\/#primaryimage\"},\"image\":{\"@id\":\"https:\\\/\\\/radioljubuski.ba\\\/index.php\\\/2021\\\/07\\\/17\\\/zbog-pucanja-brane-na-rijeci-rur-u-njemackoj-prijete-nove-poplave-broj-poginulih-raste\\\/#primaryimage\"},\"thumbnailUrl\":\"https:\\\/\\\/radioljubuski.ba\\\/wp-content\\\/uploads\\\/2021\\\/07\\\/8-2021-07-17-19-15-32-njenjenje.png\",\"datePublished\":\"2021-07-17T19:30:36+00:00\",\"dateModified\":\"2021-07-17T19:30:37+00:00\",\"breadcrumb\":{\"@id\":\"https:\\\/\\\/radioljubuski.ba\\\/index.php\\\/2021\\\/07\\\/17\\\/zbog-pucanja-brane-na-rijeci-rur-u-njemackoj-prijete-nove-poplave-broj-poginulih-raste\\\/#breadcrumb\"},\"inLanguage\":\"hr\",\"potentialAction\":[{\"@type\":\"ReadAction\",\"target\":[\"https:\\\/\\\/radioljubuski.ba\\\/index.php\\\/2021\\\/07\\\/17\\\/zbog-pucanja-brane-na-rijeci-rur-u-njemackoj-prijete-nove-poplave-broj-poginulih-raste\\\/\"]}]},{\"@type\":\"ImageObject\",\"inLanguage\":\"hr\",\"@id\":\"https:\\\/\\\/radioljubuski.ba\\\/index.php\\\/2021\\\/07\\\/17\\\/zbog-pucanja-brane-na-rijeci-rur-u-njemackoj-prijete-nove-poplave-broj-poginulih-raste\\\/#primaryimage\",\"url\":\"https:\\\/\\\/radioljubuski.ba\\\/wp-content\\\/uploads\\\/2021\\\/07\\\/8-2021-07-17-19-15-32-njenjenje.png\",\"contentUrl\":\"https:\\\/\\\/radioljubuski.ba\\\/wp-content\\\/uploads\\\/2021\\\/07\\\/8-2021-07-17-19-15-32-njenjenje.png\",\"width\":1000,\"height\":625},{\"@type\":\"BreadcrumbList\",\"@id\":\"https:\\\/\\\/radioljubuski.ba\\\/index.php\\\/2021\\\/07\\\/17\\\/zbog-pucanja-brane-na-rijeci-rur-u-njemackoj-prijete-nove-poplave-broj-poginulih-raste\\\/#breadcrumb\",\"itemListElement\":[{\"@type\":\"ListItem\",\"position\":1,\"name\":\"Po\u010detna stranica\",\"item\":\"https:\\\/\\\/radioljubuski.ba\\\/\"},{\"@type\":\"ListItem\",\"position\":2,\"name\":\"Zbog pucanja brane na rijeci Rur u Njema\u010dkoj prijete nove poplave, broj poginulih raste\"}]},{\"@type\":\"WebSite\",\"@id\":\"https:\\\/\\\/radioljubuski.ba\\\/#website\",\"url\":\"https:\\\/\\\/radioljubuski.ba\\\/\",\"name\":\"Radio Ljubu\u0161ki\",\"description\":\"Sun\u010dana frekvencija Hercegovine\",\"publisher\":{\"@id\":\"https:\\\/\\\/radioljubuski.ba\\\/#organization\"},\"potentialAction\":[{\"@type\":\"SearchAction\",\"target\":{\"@type\":\"EntryPoint\",\"urlTemplate\":\"https:\\\/\\\/radioljubuski.ba\\\/?s={search_term_string}\"},\"query-input\":{\"@type\":\"PropertyValueSpecification\",\"valueRequired\":true,\"valueName\":\"search_term_string\"}}],\"inLanguage\":\"hr\"},{\"@type\":\"Organization\",\"@id\":\"https:\\\/\\\/radioljubuski.ba\\\/#organization\",\"name\":\"Radio Ljubu\u0161ki\",\"url\":\"https:\\\/\\\/radioljubuski.ba\\\/\",\"logo\":{\"@type\":\"ImageObject\",\"inLanguage\":\"hr\",\"@id\":\"https:\\\/\\\/radioljubuski.ba\\\/#\\\/schema\\\/logo\\\/image\\\/\",\"url\":\"https:\\\/\\\/radioljubuski.ba\\\/wp-content\\\/uploads\\\/2021\\\/02\\\/cropped-Radio_Ljubuski_logo1.jpg\",\"contentUrl\":\"https:\\\/\\\/radioljubuski.ba\\\/wp-content\\\/uploads\\\/2021\\\/02\\\/cropped-Radio_Ljubuski_logo1.jpg\",\"width\":512,\"height\":512,\"caption\":\"Radio Ljubu\u0161ki\"},\"image\":{\"@id\":\"https:\\\/\\\/radioljubuski.ba\\\/#\\\/schema\\\/logo\\\/image\\\/\"},\"sameAs\":[\"https:\\\/\\\/www.facebook.com\\\/Radiio-Ljubuski-1490835324566332\",\"https:\\\/\\\/x.com\\\/radioljubuski\",\"https:\\\/\\\/hr.linkedin.com\\\/company\\\/radio-ljubuski\",\"https:\\\/\\\/www.youtube.com\\\/channel\\\/UCHYaeO_n0Db3tjNGudGpXyw\"]},{\"@type\":\"Person\",\"@id\":\"https:\\\/\\\/radioljubuski.ba\\\/#\\\/schema\\\/person\\\/19fc700381a780f69665d7956c469e3b\",\"name\":\"Radio Ljubu\u0161ki\"}]}<\/script>\n<!-- \/ Yoast SEO plugin. -->","yoast_head_json":{"title":"Zbog pucanja brane na rijeci Rur u Njema\u010dkoj prijete nove poplave, broj poginulih raste - RADIO LJUBU\u0160KI","robots":{"index":"index","follow":"follow","max-snippet":"max-snippet:-1","max-image-preview":"max-image-preview:large","max-video-preview":"max-video-preview:-1"},"canonical":"https:\/\/radioljubuski.ba\/index.php\/2021\/07\/17\/zbog-pucanja-brane-na-rijeci-rur-u-njemackoj-prijete-nove-poplave-broj-poginulih-raste\/","og_locale":"hr_HR","og_type":"article","og_title":"Zbog pucanja brane na rijeci Rur u Njema\u010dkoj prijete nove poplave, broj poginulih raste - RADIO LJUBU\u0160KI","og_description":"Najmanje 135 osoba stradalo je od posljedica katastrofalnog nevremena i poplava u pokrajinama Porajnje-Fala\u010dka i Sjeverna Rajna-Vestfalija. Spasila\u010dke ekipe stalno pronalaze mrtve u podrumima ku\u0107a. Njema\u010dko ministarstvo obrane proglasilo je vojni alarm u slu\u010daju katastrofe, uzrokovane nevremenom na zapadu Njema\u010dke. Vi\u0161e od 850 vojnika anga\u017eirano je na pru\u017eanju pomo\u0107i i njihov broj se stalno pove\u0107ava, [&hellip;]","og_url":"https:\/\/radioljubuski.ba\/index.php\/2021\/07\/17\/zbog-pucanja-brane-na-rijeci-rur-u-njemackoj-prijete-nove-poplave-broj-poginulih-raste\/","og_site_name":"RADIO LJUBU\u0160KI","article_publisher":"https:\/\/www.facebook.com\/Radiio-Ljubuski-1490835324566332","article_published_time":"2021-07-17T19:30:36+00:00","article_modified_time":"2021-07-17T19:30:37+00:00","og_image":[{"width":1000,"height":625,"url":"https:\/\/radioljubuski.ba\/wp-content\/uploads\/2021\/07\/8-2021-07-17-19-15-32-njenjenje.png","type":"image\/png"}],"author":"Radio Ljubu\u0161ki","twitter_card":"summary_large_image","twitter_creator":"@radioljubuski","twitter_site":"@radioljubuski","twitter_misc":{"Napisao\/la":"Radio Ljubu\u0161ki","Procijenjeno vrijeme \u010ditanja":"2 minute"},"schema":{"@context":"https:\/\/schema.org","@graph":[{"@type":"Article","@id":"https:\/\/radioljubuski.ba\/index.php\/2021\/07\/17\/zbog-pucanja-brane-na-rijeci-rur-u-njemackoj-prijete-nove-poplave-broj-poginulih-raste\/#article","isPartOf":{"@id":"https:\/\/radioljubuski.ba\/index.php\/2021\/07\/17\/zbog-pucanja-brane-na-rijeci-rur-u-njemackoj-prijete-nove-poplave-broj-poginulih-raste\/"},"author":{"name":"Radio Ljubu\u0161ki","@id":"https:\/\/radioljubuski.ba\/#\/schema\/person\/19fc700381a780f69665d7956c469e3b"},"headline":"Zbog pucanja brane na rijeci Rur u Njema\u010dkoj prijete nove poplave, broj poginulih raste","datePublished":"2021-07-17T19:30:36+00:00","dateModified":"2021-07-17T19:30:37+00:00","mainEntityOfPage":{"@id":"https:\/\/radioljubuski.ba\/index.php\/2021\/07\/17\/zbog-pucanja-brane-na-rijeci-rur-u-njemackoj-prijete-nove-poplave-broj-poginulih-raste\/"},"wordCount":402,"publisher":{"@id":"https:\/\/radioljubuski.ba\/#organization"},"image":{"@id":"https:\/\/radioljubuski.ba\/index.php\/2021\/07\/17\/zbog-pucanja-brane-na-rijeci-rur-u-njemackoj-prijete-nove-poplave-broj-poginulih-raste\/#primaryimage"},"thumbnailUrl":"https:\/\/radioljubuski.ba\/wp-content\/uploads\/2021\/07\/8-2021-07-17-19-15-32-njenjenje.png","articleSection":["BIH i regija"],"inLanguage":"hr"},{"@type":"WebPage","@id":"https:\/\/radioljubuski.ba\/index.php\/2021\/07\/17\/zbog-pucanja-brane-na-rijeci-rur-u-njemackoj-prijete-nove-poplave-broj-poginulih-raste\/","url":"https:\/\/radioljubuski.ba\/index.php\/2021\/07\/17\/zbog-pucanja-brane-na-rijeci-rur-u-njemackoj-prijete-nove-poplave-broj-poginulih-raste\/","name":"Zbog pucanja brane na rijeci Rur u Njema\u010dkoj prijete nove poplave, broj poginulih raste - RADIO LJUBU\u0160KI","isPartOf":{"@id":"https:\/\/radioljubuski.ba\/#website"},"primaryImageOfPage":{"@id":"https:\/\/radioljubuski.ba\/index.php\/2021\/07\/17\/zbog-pucanja-brane-na-rijeci-rur-u-njemackoj-prijete-nove-poplave-broj-poginulih-raste\/#primaryimage"},"image":{"@id":"https:\/\/radioljubuski.ba\/index.php\/2021\/07\/17\/zbog-pucanja-brane-na-rijeci-rur-u-njemackoj-prijete-nove-poplave-broj-poginulih-raste\/#primaryimage"},"thumbnailUrl":"https:\/\/radioljubuski.ba\/wp-content\/uploads\/2021\/07\/8-2021-07-17-19-15-32-njenjenje.png","datePublished":"2021-07-17T19:30:36+00:00","dateModified":"2021-07-17T19:30:37+00:00","breadcrumb":{"@id":"https:\/\/radioljubuski.ba\/index.php\/2021\/07\/17\/zbog-pucanja-brane-na-rijeci-rur-u-njemackoj-prijete-nove-poplave-broj-poginulih-raste\/#breadcrumb"},"inLanguage":"hr","potentialAction":[{"@type":"ReadAction","target":["https:\/\/radioljubuski.ba\/index.php\/2021\/07\/17\/zbog-pucanja-brane-na-rijeci-rur-u-njemackoj-prijete-nove-poplave-broj-poginulih-raste\/"]}]},{"@type":"ImageObject","inLanguage":"hr","@id":"https:\/\/radioljubuski.ba\/index.php\/2021\/07\/17\/zbog-pucanja-brane-na-rijeci-rur-u-njemackoj-prijete-nove-poplave-broj-poginulih-raste\/#primaryimage","url":"https:\/\/radioljubuski.ba\/wp-content\/uploads\/2021\/07\/8-2021-07-17-19-15-32-njenjenje.png","contentUrl":"https:\/\/radioljubuski.ba\/wp-content\/uploads\/2021\/07\/8-2021-07-17-19-15-32-njenjenje.png","width":1000,"height":625},{"@type":"BreadcrumbList","@id":"https:\/\/radioljubuski.ba\/index.php\/2021\/07\/17\/zbog-pucanja-brane-na-rijeci-rur-u-njemackoj-prijete-nove-poplave-broj-poginulih-raste\/#breadcrumb","itemListElement":[{"@type":"ListItem","position":1,"name":"Po\u010detna stranica","item":"https:\/\/radioljubuski.ba\/"},{"@type":"ListItem","position":2,"name":"Zbog pucanja brane na rijeci Rur u Njema\u010dkoj prijete nove poplave, broj poginulih raste"}]},{"@type":"WebSite","@id":"https:\/\/radioljubuski.ba\/#website","url":"https:\/\/radioljubuski.ba\/","name":"Radio Ljubu\u0161ki","description":"Sun\u010dana frekvencija Hercegovine","publisher":{"@id":"https:\/\/radioljubuski.ba\/#organization"},"potentialAction":[{"@type":"SearchAction","target":{"@type":"EntryPoint","urlTemplate":"https:\/\/radioljubuski.ba\/?s={search_term_string}"},"query-input":{"@type":"PropertyValueSpecification","valueRequired":true,"valueName":"search_term_string"}}],"inLanguage":"hr"},{"@type":"Organization","@id":"https:\/\/radioljubuski.ba\/#organization","name":"Radio Ljubu\u0161ki","url":"https:\/\/radioljubuski.ba\/","logo":{"@type":"ImageObject","inLanguage":"hr","@id":"https:\/\/radioljubuski.ba\/#\/schema\/logo\/image\/","url":"https:\/\/radioljubuski.ba\/wp-content\/uploads\/2021\/02\/cropped-Radio_Ljubuski_logo1.jpg","contentUrl":"https:\/\/radioljubuski.ba\/wp-content\/uploads\/2021\/02\/cropped-Radio_Ljubuski_logo1.jpg","width":512,"height":512,"caption":"Radio Ljubu\u0161ki"},"image":{"@id":"https:\/\/radioljubuski.ba\/#\/schema\/logo\/image\/"},"sameAs":["https:\/\/www.facebook.com\/Radiio-Ljubuski-1490835324566332","https:\/\/x.com\/radioljubuski","https:\/\/hr.linkedin.com\/company\/radio-ljubuski","https:\/\/www.youtube.com\/channel\/UCHYaeO_n0Db3tjNGudGpXyw"]},{"@type":"Person","@id":"https:\/\/radioljubuski.ba\/#\/schema\/person\/19fc700381a780f69665d7956c469e3b","name":"Radio Ljubu\u0161ki"}]}},"_links":{"self":[{"href":"https:\/\/radioljubuski.ba\/index.php\/wp-json\/wp\/v2\/posts\/43762","targetHints":{"allow":["GET"]}}],"collection":[{"href":"https:\/\/radioljubuski.ba\/index.php\/wp-json\/wp\/v2\/posts"}],"about":[{"href":"https:\/\/radioljubuski.ba\/index.php\/wp-json\/wp\/v2\/types\/post"}],"author":[{"embeddable":true,"href":"https:\/\/radioljubuski.ba\/index.php\/wp-json\/wp\/v2\/users\/2"}],"replies":[{"embeddable":true,"href":"https:\/\/radioljubuski.ba\/index.php\/wp-json\/wp\/v2\/comments?post=43762"}],"version-history":[{"count":1,"href":"https:\/\/radioljubuski.ba\/index.php\/wp-json\/wp\/v2\/posts\/43762\/revisions"}],"predecessor-version":[{"id":43764,"href":"https:\/\/radioljubuski.ba\/index.php\/wp-json\/wp\/v2\/posts\/43762\/revisions\/43764"}],"wp:featuredmedia":[{"embeddable":true,"href":"https:\/\/radioljubuski.ba\/index.php\/wp-json\/wp\/v2\/media\/43763"}],"wp:attachment":[{"href":"https:\/\/radioljubuski.ba\/index.php\/wp-json\/wp\/v2\/media?parent=43762"}],"wp:term":[{"taxonomy":"category","embeddable":true,"href":"https:\/\/radioljubuski.ba\/index.php\/wp-json\/wp\/v2\/categories?post=43762"},{"taxonomy":"post_tag","embeddable":true,"href":"https:\/\/radioljubuski.ba\/index.php\/wp-json\/wp\/v2\/tags?post=43762"}],"curies":[{"name":"wp","href":"https:\/\/api.w.org\/{rel}","templated":true}]}}