{"id":43768,"date":"2021-07-17T20:35:25","date_gmt":"2021-07-17T19:35:25","guid":{"rendered":"https:\/\/radioljubuski.ba\/?p=43768"},"modified":"2021-07-17T20:35:30","modified_gmt":"2021-07-17T19:35:30","slug":"josipa-rimac-pronasla-novi-posao-radi-u-sarajevskoj-tvrtki-povezanoj-s-obiteljskim-biznisom-sdp-ove-zastupnice","status":"publish","type":"post","link":"https:\/\/radioljubuski.ba\/index.php\/2021\/07\/17\/josipa-rimac-pronasla-novi-posao-radi-u-sarajevskoj-tvrtki-povezanoj-s-obiteljskim-biznisom-sdp-ove-zastupnice\/","title":{"rendered":"Josipa Rimac prona\u0161la novi posao: radi u sarajevskoj tvrtki povezanoj s obiteljskim biznisom SDP-ove zastupnice"},"content":{"rendered":"\n<p>Biv\u0161a gradona\u010delnica Knina i svojedobno jedna od najmo\u0107nijih i najutjecajnijih osoba u HDZ-u, 41-godi\u0161nja Josipa Rimac, \u010dija se politi\u010dka karijera strmoglavila u lipnju pro\u0161le godine nakon uhi\u0107enja zbog sumnji na korupciju, na\u0161la je novi posao, doznaje&nbsp;<a href=\"https:\/\/www.telegram.hr\/politika-kriminal\/ekskluziv-josipa-rimac-dobila-novi-posao-u-tvrtki-povezanoj-s-obiteljskim-biznisom-sdp-ove-zastupnice\/\" target=\"_blank\" rel=\"noreferrer noopener\">Telegram.<\/a><\/p>\n\n\n\n<p>\u201dRadi ispravnosti informacije, a na osnovu va\u0161eg ju\u010dera\u0161njeg upita vezano za gospo\u0111u Josipu Rimac, naknadnim provjeravanjem smo utvrdili da je ipak uposlenica jedne od na\u0161ih podru\u017enica. Radi za\u0161tite privatnosti na\u0161ih uposlenika ovo je sve \u0161to mo\u017eemo odgovoriti po tra\u017eenom upitu\u201d, stoji u odgovoru kadrovske slu\u017ebe sarajevskog Gra\u0111evinskog poduze\u0107a G\u017dP redakciji&nbsp;<a href=\"https:\/\/www.telegram.hr\/politika-kriminal\/ekskluziv-josipa-rimac-dobila-novi-posao-u-tvrtki-povezanoj-s-obiteljskim-biznisom-sdp-ove-zastupnice\/\" target=\"_blank\" rel=\"noreferrer noopener\">Telegrama.<\/a><\/p>\n\n\n\n<p>Ina\u010de, Sarajevsko Gra\u0111evinsko poduze\u0107e G\u017dP, \u010dija je osnovna djelatnost va\u0111enje kamena, u Hrvatskoj ima samo jednu podru\u017enicu u Slavonskom Brodu. Adresa na kojoj je registrirana nalazi se u Lu\u010dkoj ulici 8, a&nbsp;Ajka Turali\u0107, osoba zadu\u017eena za zastupanje, prijavila je adresu u Ulici Ivana Gorana Kova\u010di\u0107a 58 tako\u0111er u Slavonskom Brodu. Te dvije adrese vrlo su zanimljive: u Lu\u010dkoj ulici 8 nalazi se i tvrtka Feliks regulacije, \u010dija je donedavna direktorica bila aktualna saborska zastupnica SDP-a&nbsp;Marina Bili\u0107 Opa\u010dak. Na adresi u Ulici Ivana Gorana Kova\u010di\u0107a 58, u Slavonskom Brodu, nalazi se dio uprave PZC Grupe, jedne od tvrtki u vlasni\u0161tvu obitelji Opa\u010dak.<\/p>\n\n\n\n<p>Tvrtka Feliks regulacija, ina\u010de, bila je najve\u0107i pojedina\u010dni donator predsjedni\u010dke kampanje&nbsp;Zorana Milanovi\u0107a, darovav\u0161i ukupno 150.000 kuna. Vi\u0161e<a href=\"https:\/\/www.telegram.hr\/politika-kriminal\/ekskluziv-josipa-rimac-dobila-novi-posao-u-tvrtki-povezanoj-s-obiteljskim-biznisom-sdp-ove-zastupnice\/\" target=\"_blank\" rel=\"noreferrer noopener\">&nbsp;Telegramovih<\/a>&nbsp;sugovornika iz Slavonskog Broda potvrdilo je da Josipa Rimac, nekada\u0161nja \u201dkninska kraljica\u201d, kako su joj mediji svojedobno tepali, radi u obiteljskoj tvrtki Opa\u010dkovih. Tako\u0111er, ka\u017eu kako je sarajevska podru\u017enica pod kontrolom Opa\u010dkovih, a da stanovite veze postoje, vidi se iz spomenutih adresa.<\/p>\n\n\n\n<p>Sugovornici&nbsp;<a href=\"https:\/\/www.telegram.hr\/politika-kriminal\/ekskluziv-josipa-rimac-dobila-novi-posao-u-tvrtki-povezanoj-s-obiteljskim-biznisom-sdp-ove-zastupnice\/\" target=\"_blank\" rel=\"noreferrer noopener\">Telegrama&nbsp;<\/a>ka\u017eu da je Josipa Rimac nekoliko puta vi\u0111ena u mjestu Ru\u0161\u010dica, nedaleko Slavonskog Broda u kojoj se nalazi PZC Servis, odnosno mehani\u010dka i bravarska radionica, te ku\u0107a&nbsp;Tome Opa\u010dka, brata Marine Bili\u0107 Opa\u010dak. Tako je, \u010dini se, obitelj Opa\u010dak, na neobi\u010dan na\u010din \u2013 zapo\u0161ljavaju\u0107i biv\u0161u HDZ-ovu zvijezdu i financiraju\u0107i predsjedni\u010dku kampanju hrvatskog predsjednika, spojila dvije osobe iz potpuno razli\u010ditih politi\u010dkih i ideolo\u0161kih tabora: Josipu Rimac i Zorana Milanovi\u0107a.<\/p>\n\n\n\n<p>U kra\u0107em telefonskom razgovoru na upit je li zaposlena u Slavonskom Brodu, Josipa Rimac je odgovorila kako ta informacija nije potpuno to\u010dna, a na na\u0161e inzistiranje rekla je da je sjedi\u0161te tvrtke u kojoj radi u Sarajevu. No, na kasniji SMS upit zna\u010di li to da radi u brodskoj podru\u017enici sarajevske tvrtke G\u017dP, nije odgovorila.<\/p>\n\n\n\n<p><strong>PI\u0160E&nbsp;<\/strong>\u0160IBENSKI.HR<\/p>\n","protected":false},"excerpt":{"rendered":"<p>Biv\u0161a gradona\u010delnica Knina i svojedobno jedna od najmo\u0107nijih i najutjecajnijih osoba u HDZ-u, 41-godi\u0161nja Josipa Rimac, \u010dija se politi\u010dka karijera strmoglavila u lipnju pro\u0161le godine nakon uhi\u0107enja zbog sumnji na korupciju, na\u0161la je novi posao, doznaje&nbsp;Telegram. \u201dRadi ispravnosti informacije, a na osnovu va\u0161eg ju\u010dera\u0161njeg upita vezano za gospo\u0111u Josipu Rimac, naknadnim provjeravanjem smo utvrdili da [&hellip;]<\/p>\n","protected":false},"author":2,"featured_media":43769,"comment_status":"closed","ping_status":"closed","sticky":false,"template":"","format":"standard","meta":{"h5ap_radio_sources":[],"footnotes":""},"categories":[1],"tags":[],"class_list":["post-43768","post","type-post","status-publish","format-standard","has-post-thumbnail","hentry","category-bihiregija"],"yoast_head":"<!-- This site is optimized with the Yoast SEO plugin v27.5 - https:\/\/yoast.com\/product\/yoast-seo-wordpress\/ -->\n<title>Josipa Rimac prona\u0161la novi posao: radi u sarajevskoj tvrtki povezanoj s obiteljskim biznisom SDP-ove zastupnice - RADIO LJUBU\u0160KI<\/title>\n<meta name=\"robots\" content=\"index, follow, max-snippet:-1, max-image-preview:large, max-video-preview:-1\" \/>\n<link rel=\"canonical\" href=\"https:\/\/radioljubuski.ba\/index.php\/2021\/07\/17\/josipa-rimac-pronasla-novi-posao-radi-u-sarajevskoj-tvrtki-povezanoj-s-obiteljskim-biznisom-sdp-ove-zastupnice\/\" \/>\n<meta property=\"og:locale\" content=\"hr_HR\" \/>\n<meta property=\"og:type\" content=\"article\" \/>\n<meta property=\"og:title\" content=\"Josipa Rimac prona\u0161la novi posao: radi u sarajevskoj tvrtki povezanoj s obiteljskim biznisom SDP-ove zastupnice - RADIO LJUBU\u0160KI\" \/>\n<meta property=\"og:description\" content=\"Biv\u0161a gradona\u010delnica Knina i svojedobno jedna od najmo\u0107nijih i najutjecajnijih osoba u HDZ-u, 41-godi\u0161nja Josipa Rimac, \u010dija se politi\u010dka karijera strmoglavila u lipnju pro\u0161le godine nakon uhi\u0107enja zbog sumnji na korupciju, na\u0161la je novi posao, doznaje&nbsp;Telegram. \u201dRadi ispravnosti informacije, a na osnovu va\u0161eg ju\u010dera\u0161njeg upita vezano za gospo\u0111u Josipu Rimac, naknadnim provjeravanjem smo utvrdili da [&hellip;]\" \/>\n<meta property=\"og:url\" content=\"https:\/\/radioljubuski.ba\/index.php\/2021\/07\/17\/josipa-rimac-pronasla-novi-posao-radi-u-sarajevskoj-tvrtki-povezanoj-s-obiteljskim-biznisom-sdp-ove-zastupnice\/\" \/>\n<meta property=\"og:site_name\" content=\"RADIO LJUBU\u0160KI\" \/>\n<meta property=\"article:publisher\" content=\"https:\/\/www.facebook.com\/Radiio-Ljubuski-1490835324566332\" \/>\n<meta property=\"article:published_time\" content=\"2021-07-17T19:35:25+00:00\" \/>\n<meta property=\"article:modified_time\" content=\"2021-07-17T19:35:30+00:00\" \/>\n<meta property=\"og:image\" content=\"https:\/\/radioljubuski.ba\/wp-content\/uploads\/2021\/07\/o_17671480_1024.jpg\" \/>\n\t<meta property=\"og:image:width\" content=\"1024\" \/>\n\t<meta property=\"og:image:height\" content=\"736\" \/>\n\t<meta property=\"og:image:type\" content=\"image\/jpeg\" \/>\n<meta name=\"author\" content=\"Radio Ljubu\u0161ki\" \/>\n<meta name=\"twitter:card\" content=\"summary_large_image\" \/>\n<meta name=\"twitter:creator\" content=\"@radioljubuski\" \/>\n<meta name=\"twitter:site\" content=\"@radioljubuski\" \/>\n<meta name=\"twitter:label1\" content=\"Napisao\/la\" \/>\n\t<meta name=\"twitter:data1\" content=\"Radio Ljubu\u0161ki\" \/>\n\t<meta name=\"twitter:label2\" content=\"Procijenjeno vrijeme \u010ditanja\" \/>\n\t<meta name=\"twitter:data2\" content=\"2 minute\" \/>\n<script type=\"application\/ld+json\" class=\"yoast-schema-graph\">{\"@context\":\"https:\\\/\\\/schema.org\",\"@graph\":[{\"@type\":\"Article\",\"@id\":\"https:\\\/\\\/radioljubuski.ba\\\/index.php\\\/2021\\\/07\\\/17\\\/josipa-rimac-pronasla-novi-posao-radi-u-sarajevskoj-tvrtki-povezanoj-s-obiteljskim-biznisom-sdp-ove-zastupnice\\\/#article\",\"isPartOf\":{\"@id\":\"https:\\\/\\\/radioljubuski.ba\\\/index.php\\\/2021\\\/07\\\/17\\\/josipa-rimac-pronasla-novi-posao-radi-u-sarajevskoj-tvrtki-povezanoj-s-obiteljskim-biznisom-sdp-ove-zastupnice\\\/\"},\"author\":{\"name\":\"Radio Ljubu\u0161ki\",\"@id\":\"https:\\\/\\\/radioljubuski.ba\\\/#\\\/schema\\\/person\\\/19fc700381a780f69665d7956c469e3b\"},\"headline\":\"Josipa Rimac prona\u0161la novi posao: radi u sarajevskoj tvrtki povezanoj s obiteljskim biznisom SDP-ove zastupnice\",\"datePublished\":\"2021-07-17T19:35:25+00:00\",\"dateModified\":\"2021-07-17T19:35:30+00:00\",\"mainEntityOfPage\":{\"@id\":\"https:\\\/\\\/radioljubuski.ba\\\/index.php\\\/2021\\\/07\\\/17\\\/josipa-rimac-pronasla-novi-posao-radi-u-sarajevskoj-tvrtki-povezanoj-s-obiteljskim-biznisom-sdp-ove-zastupnice\\\/\"},\"wordCount\":480,\"publisher\":{\"@id\":\"https:\\\/\\\/radioljubuski.ba\\\/#organization\"},\"image\":{\"@id\":\"https:\\\/\\\/radioljubuski.ba\\\/index.php\\\/2021\\\/07\\\/17\\\/josipa-rimac-pronasla-novi-posao-radi-u-sarajevskoj-tvrtki-povezanoj-s-obiteljskim-biznisom-sdp-ove-zastupnice\\\/#primaryimage\"},\"thumbnailUrl\":\"https:\\\/\\\/radioljubuski.ba\\\/wp-content\\\/uploads\\\/2021\\\/07\\\/o_17671480_1024.jpg\",\"articleSection\":[\"BIH i regija\"],\"inLanguage\":\"hr\"},{\"@type\":\"WebPage\",\"@id\":\"https:\\\/\\\/radioljubuski.ba\\\/index.php\\\/2021\\\/07\\\/17\\\/josipa-rimac-pronasla-novi-posao-radi-u-sarajevskoj-tvrtki-povezanoj-s-obiteljskim-biznisom-sdp-ove-zastupnice\\\/\",\"url\":\"https:\\\/\\\/radioljubuski.ba\\\/index.php\\\/2021\\\/07\\\/17\\\/josipa-rimac-pronasla-novi-posao-radi-u-sarajevskoj-tvrtki-povezanoj-s-obiteljskim-biznisom-sdp-ove-zastupnice\\\/\",\"name\":\"Josipa Rimac prona\u0161la novi posao: radi u sarajevskoj tvrtki povezanoj s obiteljskim biznisom SDP-ove zastupnice - RADIO LJUBU\u0160KI\",\"isPartOf\":{\"@id\":\"https:\\\/\\\/radioljubuski.ba\\\/#website\"},\"primaryImageOfPage\":{\"@id\":\"https:\\\/\\\/radioljubuski.ba\\\/index.php\\\/2021\\\/07\\\/17\\\/josipa-rimac-pronasla-novi-posao-radi-u-sarajevskoj-tvrtki-povezanoj-s-obiteljskim-biznisom-sdp-ove-zastupnice\\\/#primaryimage\"},\"image\":{\"@id\":\"https:\\\/\\\/radioljubuski.ba\\\/index.php\\\/2021\\\/07\\\/17\\\/josipa-rimac-pronasla-novi-posao-radi-u-sarajevskoj-tvrtki-povezanoj-s-obiteljskim-biznisom-sdp-ove-zastupnice\\\/#primaryimage\"},\"thumbnailUrl\":\"https:\\\/\\\/radioljubuski.ba\\\/wp-content\\\/uploads\\\/2021\\\/07\\\/o_17671480_1024.jpg\",\"datePublished\":\"2021-07-17T19:35:25+00:00\",\"dateModified\":\"2021-07-17T19:35:30+00:00\",\"breadcrumb\":{\"@id\":\"https:\\\/\\\/radioljubuski.ba\\\/index.php\\\/2021\\\/07\\\/17\\\/josipa-rimac-pronasla-novi-posao-radi-u-sarajevskoj-tvrtki-povezanoj-s-obiteljskim-biznisom-sdp-ove-zastupnice\\\/#breadcrumb\"},\"inLanguage\":\"hr\",\"potentialAction\":[{\"@type\":\"ReadAction\",\"target\":[\"https:\\\/\\\/radioljubuski.ba\\\/index.php\\\/2021\\\/07\\\/17\\\/josipa-rimac-pronasla-novi-posao-radi-u-sarajevskoj-tvrtki-povezanoj-s-obiteljskim-biznisom-sdp-ove-zastupnice\\\/\"]}]},{\"@type\":\"ImageObject\",\"inLanguage\":\"hr\",\"@id\":\"https:\\\/\\\/radioljubuski.ba\\\/index.php\\\/2021\\\/07\\\/17\\\/josipa-rimac-pronasla-novi-posao-radi-u-sarajevskoj-tvrtki-povezanoj-s-obiteljskim-biznisom-sdp-ove-zastupnice\\\/#primaryimage\",\"url\":\"https:\\\/\\\/radioljubuski.ba\\\/wp-content\\\/uploads\\\/2021\\\/07\\\/o_17671480_1024.jpg\",\"contentUrl\":\"https:\\\/\\\/radioljubuski.ba\\\/wp-content\\\/uploads\\\/2021\\\/07\\\/o_17671480_1024.jpg\",\"width\":1024,\"height\":736},{\"@type\":\"BreadcrumbList\",\"@id\":\"https:\\\/\\\/radioljubuski.ba\\\/index.php\\\/2021\\\/07\\\/17\\\/josipa-rimac-pronasla-novi-posao-radi-u-sarajevskoj-tvrtki-povezanoj-s-obiteljskim-biznisom-sdp-ove-zastupnice\\\/#breadcrumb\",\"itemListElement\":[{\"@type\":\"ListItem\",\"position\":1,\"name\":\"Po\u010detna stranica\",\"item\":\"https:\\\/\\\/radioljubuski.ba\\\/\"},{\"@type\":\"ListItem\",\"position\":2,\"name\":\"Josipa Rimac prona\u0161la novi posao: radi u sarajevskoj tvrtki povezanoj s obiteljskim biznisom SDP-ove zastupnice\"}]},{\"@type\":\"WebSite\",\"@id\":\"https:\\\/\\\/radioljubuski.ba\\\/#website\",\"url\":\"https:\\\/\\\/radioljubuski.ba\\\/\",\"name\":\"Radio Ljubu\u0161ki\",\"description\":\"Sun\u010dana frekvencija Hercegovine\",\"publisher\":{\"@id\":\"https:\\\/\\\/radioljubuski.ba\\\/#organization\"},\"potentialAction\":[{\"@type\":\"SearchAction\",\"target\":{\"@type\":\"EntryPoint\",\"urlTemplate\":\"https:\\\/\\\/radioljubuski.ba\\\/?s={search_term_string}\"},\"query-input\":{\"@type\":\"PropertyValueSpecification\",\"valueRequired\":true,\"valueName\":\"search_term_string\"}}],\"inLanguage\":\"hr\"},{\"@type\":\"Organization\",\"@id\":\"https:\\\/\\\/radioljubuski.ba\\\/#organization\",\"name\":\"Radio Ljubu\u0161ki\",\"url\":\"https:\\\/\\\/radioljubuski.ba\\\/\",\"logo\":{\"@type\":\"ImageObject\",\"inLanguage\":\"hr\",\"@id\":\"https:\\\/\\\/radioljubuski.ba\\\/#\\\/schema\\\/logo\\\/image\\\/\",\"url\":\"https:\\\/\\\/radioljubuski.ba\\\/wp-content\\\/uploads\\\/2021\\\/02\\\/cropped-Radio_Ljubuski_logo1.jpg\",\"contentUrl\":\"https:\\\/\\\/radioljubuski.ba\\\/wp-content\\\/uploads\\\/2021\\\/02\\\/cropped-Radio_Ljubuski_logo1.jpg\",\"width\":512,\"height\":512,\"caption\":\"Radio Ljubu\u0161ki\"},\"image\":{\"@id\":\"https:\\\/\\\/radioljubuski.ba\\\/#\\\/schema\\\/logo\\\/image\\\/\"},\"sameAs\":[\"https:\\\/\\\/www.facebook.com\\\/Radiio-Ljubuski-1490835324566332\",\"https:\\\/\\\/x.com\\\/radioljubuski\",\"https:\\\/\\\/hr.linkedin.com\\\/company\\\/radio-ljubuski\",\"https:\\\/\\\/www.youtube.com\\\/channel\\\/UCHYaeO_n0Db3tjNGudGpXyw\"]},{\"@type\":\"Person\",\"@id\":\"https:\\\/\\\/radioljubuski.ba\\\/#\\\/schema\\\/person\\\/19fc700381a780f69665d7956c469e3b\",\"name\":\"Radio Ljubu\u0161ki\"}]}<\/script>\n<!-- \/ Yoast SEO plugin. -->","yoast_head_json":{"title":"Josipa Rimac prona\u0161la novi posao: radi u sarajevskoj tvrtki povezanoj s obiteljskim biznisom SDP-ove zastupnice - RADIO LJUBU\u0160KI","robots":{"index":"index","follow":"follow","max-snippet":"max-snippet:-1","max-image-preview":"max-image-preview:large","max-video-preview":"max-video-preview:-1"},"canonical":"https:\/\/radioljubuski.ba\/index.php\/2021\/07\/17\/josipa-rimac-pronasla-novi-posao-radi-u-sarajevskoj-tvrtki-povezanoj-s-obiteljskim-biznisom-sdp-ove-zastupnice\/","og_locale":"hr_HR","og_type":"article","og_title":"Josipa Rimac prona\u0161la novi posao: radi u sarajevskoj tvrtki povezanoj s obiteljskim biznisom SDP-ove zastupnice - RADIO LJUBU\u0160KI","og_description":"Biv\u0161a gradona\u010delnica Knina i svojedobno jedna od najmo\u0107nijih i najutjecajnijih osoba u HDZ-u, 41-godi\u0161nja Josipa Rimac, \u010dija se politi\u010dka karijera strmoglavila u lipnju pro\u0161le godine nakon uhi\u0107enja zbog sumnji na korupciju, na\u0161la je novi posao, doznaje&nbsp;Telegram. \u201dRadi ispravnosti informacije, a na osnovu va\u0161eg ju\u010dera\u0161njeg upita vezano za gospo\u0111u Josipu Rimac, naknadnim provjeravanjem smo utvrdili da [&hellip;]","og_url":"https:\/\/radioljubuski.ba\/index.php\/2021\/07\/17\/josipa-rimac-pronasla-novi-posao-radi-u-sarajevskoj-tvrtki-povezanoj-s-obiteljskim-biznisom-sdp-ove-zastupnice\/","og_site_name":"RADIO LJUBU\u0160KI","article_publisher":"https:\/\/www.facebook.com\/Radiio-Ljubuski-1490835324566332","article_published_time":"2021-07-17T19:35:25+00:00","article_modified_time":"2021-07-17T19:35:30+00:00","og_image":[{"width":1024,"height":736,"url":"https:\/\/radioljubuski.ba\/wp-content\/uploads\/2021\/07\/o_17671480_1024.jpg","type":"image\/jpeg"}],"author":"Radio Ljubu\u0161ki","twitter_card":"summary_large_image","twitter_creator":"@radioljubuski","twitter_site":"@radioljubuski","twitter_misc":{"Napisao\/la":"Radio Ljubu\u0161ki","Procijenjeno vrijeme \u010ditanja":"2 minute"},"schema":{"@context":"https:\/\/schema.org","@graph":[{"@type":"Article","@id":"https:\/\/radioljubuski.ba\/index.php\/2021\/07\/17\/josipa-rimac-pronasla-novi-posao-radi-u-sarajevskoj-tvrtki-povezanoj-s-obiteljskim-biznisom-sdp-ove-zastupnice\/#article","isPartOf":{"@id":"https:\/\/radioljubuski.ba\/index.php\/2021\/07\/17\/josipa-rimac-pronasla-novi-posao-radi-u-sarajevskoj-tvrtki-povezanoj-s-obiteljskim-biznisom-sdp-ove-zastupnice\/"},"author":{"name":"Radio Ljubu\u0161ki","@id":"https:\/\/radioljubuski.ba\/#\/schema\/person\/19fc700381a780f69665d7956c469e3b"},"headline":"Josipa Rimac prona\u0161la novi posao: radi u sarajevskoj tvrtki povezanoj s obiteljskim biznisom SDP-ove zastupnice","datePublished":"2021-07-17T19:35:25+00:00","dateModified":"2021-07-17T19:35:30+00:00","mainEntityOfPage":{"@id":"https:\/\/radioljubuski.ba\/index.php\/2021\/07\/17\/josipa-rimac-pronasla-novi-posao-radi-u-sarajevskoj-tvrtki-povezanoj-s-obiteljskim-biznisom-sdp-ove-zastupnice\/"},"wordCount":480,"publisher":{"@id":"https:\/\/radioljubuski.ba\/#organization"},"image":{"@id":"https:\/\/radioljubuski.ba\/index.php\/2021\/07\/17\/josipa-rimac-pronasla-novi-posao-radi-u-sarajevskoj-tvrtki-povezanoj-s-obiteljskim-biznisom-sdp-ove-zastupnice\/#primaryimage"},"thumbnailUrl":"https:\/\/radioljubuski.ba\/wp-content\/uploads\/2021\/07\/o_17671480_1024.jpg","articleSection":["BIH i regija"],"inLanguage":"hr"},{"@type":"WebPage","@id":"https:\/\/radioljubuski.ba\/index.php\/2021\/07\/17\/josipa-rimac-pronasla-novi-posao-radi-u-sarajevskoj-tvrtki-povezanoj-s-obiteljskim-biznisom-sdp-ove-zastupnice\/","url":"https:\/\/radioljubuski.ba\/index.php\/2021\/07\/17\/josipa-rimac-pronasla-novi-posao-radi-u-sarajevskoj-tvrtki-povezanoj-s-obiteljskim-biznisom-sdp-ove-zastupnice\/","name":"Josipa Rimac prona\u0161la novi posao: radi u sarajevskoj tvrtki povezanoj s obiteljskim biznisom SDP-ove zastupnice - RADIO LJUBU\u0160KI","isPartOf":{"@id":"https:\/\/radioljubuski.ba\/#website"},"primaryImageOfPage":{"@id":"https:\/\/radioljubuski.ba\/index.php\/2021\/07\/17\/josipa-rimac-pronasla-novi-posao-radi-u-sarajevskoj-tvrtki-povezanoj-s-obiteljskim-biznisom-sdp-ove-zastupnice\/#primaryimage"},"image":{"@id":"https:\/\/radioljubuski.ba\/index.php\/2021\/07\/17\/josipa-rimac-pronasla-novi-posao-radi-u-sarajevskoj-tvrtki-povezanoj-s-obiteljskim-biznisom-sdp-ove-zastupnice\/#primaryimage"},"thumbnailUrl":"https:\/\/radioljubuski.ba\/wp-content\/uploads\/2021\/07\/o_17671480_1024.jpg","datePublished":"2021-07-17T19:35:25+00:00","dateModified":"2021-07-17T19:35:30+00:00","breadcrumb":{"@id":"https:\/\/radioljubuski.ba\/index.php\/2021\/07\/17\/josipa-rimac-pronasla-novi-posao-radi-u-sarajevskoj-tvrtki-povezanoj-s-obiteljskim-biznisom-sdp-ove-zastupnice\/#breadcrumb"},"inLanguage":"hr","potentialAction":[{"@type":"ReadAction","target":["https:\/\/radioljubuski.ba\/index.php\/2021\/07\/17\/josipa-rimac-pronasla-novi-posao-radi-u-sarajevskoj-tvrtki-povezanoj-s-obiteljskim-biznisom-sdp-ove-zastupnice\/"]}]},{"@type":"ImageObject","inLanguage":"hr","@id":"https:\/\/radioljubuski.ba\/index.php\/2021\/07\/17\/josipa-rimac-pronasla-novi-posao-radi-u-sarajevskoj-tvrtki-povezanoj-s-obiteljskim-biznisom-sdp-ove-zastupnice\/#primaryimage","url":"https:\/\/radioljubuski.ba\/wp-content\/uploads\/2021\/07\/o_17671480_1024.jpg","contentUrl":"https:\/\/radioljubuski.ba\/wp-content\/uploads\/2021\/07\/o_17671480_1024.jpg","width":1024,"height":736},{"@type":"BreadcrumbList","@id":"https:\/\/radioljubuski.ba\/index.php\/2021\/07\/17\/josipa-rimac-pronasla-novi-posao-radi-u-sarajevskoj-tvrtki-povezanoj-s-obiteljskim-biznisom-sdp-ove-zastupnice\/#breadcrumb","itemListElement":[{"@type":"ListItem","position":1,"name":"Po\u010detna stranica","item":"https:\/\/radioljubuski.ba\/"},{"@type":"ListItem","position":2,"name":"Josipa Rimac prona\u0161la novi posao: radi u sarajevskoj tvrtki povezanoj s obiteljskim biznisom SDP-ove zastupnice"}]},{"@type":"WebSite","@id":"https:\/\/radioljubuski.ba\/#website","url":"https:\/\/radioljubuski.ba\/","name":"Radio Ljubu\u0161ki","description":"Sun\u010dana frekvencija Hercegovine","publisher":{"@id":"https:\/\/radioljubuski.ba\/#organization"},"potentialAction":[{"@type":"SearchAction","target":{"@type":"EntryPoint","urlTemplate":"https:\/\/radioljubuski.ba\/?s={search_term_string}"},"query-input":{"@type":"PropertyValueSpecification","valueRequired":true,"valueName":"search_term_string"}}],"inLanguage":"hr"},{"@type":"Organization","@id":"https:\/\/radioljubuski.ba\/#organization","name":"Radio Ljubu\u0161ki","url":"https:\/\/radioljubuski.ba\/","logo":{"@type":"ImageObject","inLanguage":"hr","@id":"https:\/\/radioljubuski.ba\/#\/schema\/logo\/image\/","url":"https:\/\/radioljubuski.ba\/wp-content\/uploads\/2021\/02\/cropped-Radio_Ljubuski_logo1.jpg","contentUrl":"https:\/\/radioljubuski.ba\/wp-content\/uploads\/2021\/02\/cropped-Radio_Ljubuski_logo1.jpg","width":512,"height":512,"caption":"Radio Ljubu\u0161ki"},"image":{"@id":"https:\/\/radioljubuski.ba\/#\/schema\/logo\/image\/"},"sameAs":["https:\/\/www.facebook.com\/Radiio-Ljubuski-1490835324566332","https:\/\/x.com\/radioljubuski","https:\/\/hr.linkedin.com\/company\/radio-ljubuski","https:\/\/www.youtube.com\/channel\/UCHYaeO_n0Db3tjNGudGpXyw"]},{"@type":"Person","@id":"https:\/\/radioljubuski.ba\/#\/schema\/person\/19fc700381a780f69665d7956c469e3b","name":"Radio Ljubu\u0161ki"}]}},"_links":{"self":[{"href":"https:\/\/radioljubuski.ba\/index.php\/wp-json\/wp\/v2\/posts\/43768","targetHints":{"allow":["GET"]}}],"collection":[{"href":"https:\/\/radioljubuski.ba\/index.php\/wp-json\/wp\/v2\/posts"}],"about":[{"href":"https:\/\/radioljubuski.ba\/index.php\/wp-json\/wp\/v2\/types\/post"}],"author":[{"embeddable":true,"href":"https:\/\/radioljubuski.ba\/index.php\/wp-json\/wp\/v2\/users\/2"}],"replies":[{"embeddable":true,"href":"https:\/\/radioljubuski.ba\/index.php\/wp-json\/wp\/v2\/comments?post=43768"}],"version-history":[{"count":1,"href":"https:\/\/radioljubuski.ba\/index.php\/wp-json\/wp\/v2\/posts\/43768\/revisions"}],"predecessor-version":[{"id":43770,"href":"https:\/\/radioljubuski.ba\/index.php\/wp-json\/wp\/v2\/posts\/43768\/revisions\/43770"}],"wp:featuredmedia":[{"embeddable":true,"href":"https:\/\/radioljubuski.ba\/index.php\/wp-json\/wp\/v2\/media\/43769"}],"wp:attachment":[{"href":"https:\/\/radioljubuski.ba\/index.php\/wp-json\/wp\/v2\/media?parent=43768"}],"wp:term":[{"taxonomy":"category","embeddable":true,"href":"https:\/\/radioljubuski.ba\/index.php\/wp-json\/wp\/v2\/categories?post=43768"},{"taxonomy":"post_tag","embeddable":true,"href":"https:\/\/radioljubuski.ba\/index.php\/wp-json\/wp\/v2\/tags?post=43768"}],"curies":[{"name":"wp","href":"https:\/\/api.w.org\/{rel}","templated":true}]}}