{"id":43774,"date":"2021-07-17T20:44:11","date_gmt":"2021-07-17T19:44:11","guid":{"rendered":"https:\/\/radioljubuski.ba\/?p=43774"},"modified":"2021-07-17T20:44:13","modified_gmt":"2021-07-17T19:44:13","slug":"ovo-je-nasilnik-koji-je-napadao-zene-po-splitu-aleksandar-nisevic-je-karijerni-kriminalac-a-nedavno-je-dosao-u-dalmaciju","status":"publish","type":"post","link":"https:\/\/radioljubuski.ba\/index.php\/2021\/07\/17\/ovo-je-nasilnik-koji-je-napadao-zene-po-splitu-aleksandar-nisevic-je-karijerni-kriminalac-a-nedavno-je-dosao-u-dalmaciju\/","title":{"rendered":"Ovo je nasilnik koji je napadao \u017eene po Splitu: Aleksandar Ni\u0161evi\u0107 je karijerni kriminalac, a nedavno je do\u0161ao u Dalmaciju"},"content":{"rendered":"\n<p>Napada\u010d je, kako neslu\u017ebeno doznajemo, 28-godi\u0161nji Aleksandar Ni\u0161evi\u0107 iz Gline.<\/p>\n\n\n\n<figure class=\"wp-block-image\"><img decoding=\"async\" src=\"https:\/\/static.slobodnadalmacija.hr\/images\/slike\/2021\/07\/17\/18604782.jpg?1626539170\" alt=\"image\"\/><\/figure>\n\n\n\n<p>Napada\u010d u dosjeu ima niz kra\u0111a, razbojni\u0161tava, provala, prisile, nedozvoljenog dr\u017eanja oru\u017eja. Za njim je ve\u0107 raspisana najnovija potraga PU zagreba\u010dke sa izri\u010ditom naredbom da ga se uhiti.<\/p>\n\n\n\n<figure class=\"wp-block-image\"><img decoding=\"async\" src=\"https:\/\/static.slobodnadalmacija.hr\/images\/slike\/2021\/07\/17\/18604790.jpg?1626539170\" alt=\"image\"\/><\/figure>\n\n\n\n<p>Kratko je \u017eivio u Srinjinama nedaleko Splita, a bio je smje\u0161ten u ku\u0107i jednog poznanika.<\/p>\n\n\n\n<figure class=\"wp-block-image\"><img decoding=\"async\" src=\"https:\/\/static.slobodnadalmacija.hr\/images\/slike\/2021\/07\/17\/18605026.jpg?1626539170\" alt=\"image\"\/><\/figure>\n\n\n\n<p>Ovo mu je zadnji status na Facebooku:\u00a0<\/p>\n\n\n\n<figure class=\"wp-block-image\"><img decoding=\"async\" src=\"https:\/\/static.slobodnadalmacija.hr\/images\/slike\/2021\/07\/17\/18604910.png?1626539170\" alt=\"image\"\/><\/figure>\n\n\n\n<iframe loading=\"lazy\" src=\"https:\/\/www.facebook.com\/plugins\/post.php?href=https%3A%2F%2Fwww.facebook.com%2Fphoto.php%3Ffbid%3D331197330378780%26set%3Da.101100623388453%26type%3D3&#038;show_text=true&#038;width=500\" width=\"500\" height=\"498\" style=\"border:none;overflow:hidden\" scrolling=\"no\" frameborder=\"0\" allowfullscreen=\"true\" allow=\"autoplay; clipboard-write; encrypted-media; picture-in-picture; web-share\"><\/iframe>\n\n\n\n<iframe loading=\"lazy\" src=\"https:\/\/www.facebook.com\/plugins\/post.php?href=https%3A%2F%2Fwww.facebook.com%2Fphoto.php%3Ffbid%3D286409751524205%26set%3Da.286410258190821%26type%3D3&#038;show_text=true&#038;width=500\" width=\"500\" height=\"497\" style=\"border:none;overflow:hidden\" scrolling=\"no\" frameborder=\"0\" allowfullscreen=\"true\" allow=\"autoplay; clipboard-write; encrypted-media; picture-in-picture; web-share\"><\/iframe>\n\n\n\n<figure class=\"wp-block-embed is-type-wp-embed is-provider-radio-ljubuski wp-block-embed-radio-ljubuski\"><div class=\"wp-block-embed__wrapper\">\n<blockquote class=\"wp-embedded-content\" data-secret=\"ACrY1JzpQg\"><a href=\"https:\/\/radioljubuski.ba\/index.php\/2021\/07\/17\/brutalan-napad-u-splitu-snimile-kamere-zenu-udario-bocom-pa-je-tukao-na-stepenicama-video\/\">Brutalan napad u Splitu snimile kamere: \u017denu udario bocom pa je tukao na stepenicama &#8211; video<\/a><\/blockquote><iframe loading=\"lazy\" class=\"wp-embedded-content\" sandbox=\"allow-scripts\" security=\"restricted\" style=\"position: absolute; clip: rect(1px, 1px, 1px, 1px);\" title=\"&#8220;Brutalan napad u Splitu snimile kamere: \u017denu udario bocom pa je tukao na stepenicama &#8211; video&#8221; &#8212;   RADIO LJUBU\u0160KI\" src=\"https:\/\/radioljubuski.ba\/index.php\/2021\/07\/17\/brutalan-napad-u-splitu-snimile-kamere-zenu-udario-bocom-pa-je-tukao-na-stepenicama-video\/embed\/#?secret=YZSddXkIIr#?secret=ACrY1JzpQg\" data-secret=\"ACrY1JzpQg\" width=\"600\" height=\"338\" frameborder=\"0\" marginwidth=\"0\" marginheight=\"0\" scrolling=\"no\"><\/iframe>\n<\/div><\/figure>\n\n\n\n<figure class=\"wp-block-embed is-type-wp-embed is-provider-radio-ljubuski wp-block-embed-radio-ljubuski\"><div class=\"wp-block-embed__wrapper\">\n<blockquote class=\"wp-embedded-content\" data-secret=\"Y6LiAd2SPn\"><a href=\"https:\/\/radioljubuski.ba\/index.php\/2021\/07\/17\/evo-i-fotografija-napada-na-drugu-zenu-zaskocio-ju-je-ispred-ulaza-u-zgradu-i-bacio-o-pod-policija-je-dignula-dronove-a-objavili-su-i-priopcenje\/\">Evo i fotografija napada na drugu \u017eenu! Zasko\u010dio ju je ispred ulaza u zgradu i bacio o pod. Policija je dignula dronove, a objavili su i priop\u0107enje<\/a><\/blockquote><iframe loading=\"lazy\" class=\"wp-embedded-content\" sandbox=\"allow-scripts\" security=\"restricted\" style=\"position: absolute; clip: rect(1px, 1px, 1px, 1px);\" title=\"&#8220;Evo i fotografija napada na drugu \u017eenu! Zasko\u010dio ju je ispred ulaza u zgradu i bacio o pod. Policija je dignula dronove, a objavili su i priop\u0107enje&#8221; &#8212;   RADIO LJUBU\u0160KI\" src=\"https:\/\/radioljubuski.ba\/index.php\/2021\/07\/17\/evo-i-fotografija-napada-na-drugu-zenu-zaskocio-ju-je-ispred-ulaza-u-zgradu-i-bacio-o-pod-policija-je-dignula-dronove-a-objavili-su-i-priopcenje\/embed\/#?secret=vl39U0cN9b#?secret=Y6LiAd2SPn\" data-secret=\"Y6LiAd2SPn\" width=\"600\" height=\"338\" frameborder=\"0\" marginwidth=\"0\" marginheight=\"0\" scrolling=\"no\"><\/iframe>\n<\/div><\/figure>\n\n\n\n<figure class=\"wp-block-embed is-type-wp-embed is-provider-radio-ljubuski wp-block-embed-radio-ljubuski\"><div class=\"wp-block-embed__wrapper\">\n<blockquote class=\"wp-embedded-content\" data-secret=\"DsrGiT6y5y\"><a href=\"https:\/\/radioljubuski.ba\/index.php\/2021\/07\/17\/uhicen-je-manijak-koji-je-brutalno-napao-dvije-zene-u-splitu-video\/\">Uhi\u0107en je manijak koji je brutalno napao dvije \u017eene u Splitu &#8211; video<\/a><\/blockquote><iframe loading=\"lazy\" class=\"wp-embedded-content\" sandbox=\"allow-scripts\" security=\"restricted\" style=\"position: absolute; clip: rect(1px, 1px, 1px, 1px);\" title=\"&#8220;Uhi\u0107en je manijak koji je brutalno napao dvije \u017eene u Splitu &#8211; video&#8221; &#8212;   RADIO LJUBU\u0160KI\" src=\"https:\/\/radioljubuski.ba\/index.php\/2021\/07\/17\/uhicen-je-manijak-koji-je-brutalno-napao-dvije-zene-u-splitu-video\/embed\/#?secret=dlElyB01FG#?secret=DsrGiT6y5y\" data-secret=\"DsrGiT6y5y\" width=\"600\" height=\"338\" frameborder=\"0\" marginwidth=\"0\" marginheight=\"0\" scrolling=\"no\"><\/iframe>\n<\/div><\/figure>\n\n\n\n<p><strong>PI\u0160E\u00a0<\/strong>M. D., PSD<\/p>\n","protected":false},"excerpt":{"rendered":"<p>Napada\u010d je, kako neslu\u017ebeno doznajemo, 28-godi\u0161nji Aleksandar Ni\u0161evi\u0107 iz Gline. Napada\u010d u dosjeu ima niz kra\u0111a, razbojni\u0161tava, provala, prisile, nedozvoljenog dr\u017eanja oru\u017eja. Za njim je ve\u0107 raspisana najnovija potraga PU zagreba\u010dke sa izri\u010ditom naredbom da ga se uhiti. Kratko je \u017eivio u Srinjinama nedaleko Splita, a bio je smje\u0161ten u ku\u0107i jednog poznanika. Ovo mu [&hellip;]<\/p>\n","protected":false},"author":2,"featured_media":43775,"comment_status":"closed","ping_status":"closed","sticky":false,"template":"","format":"standard","meta":{"h5ap_radio_sources":[],"footnotes":""},"categories":[1],"tags":[],"class_list":["post-43774","post","type-post","status-publish","format-standard","has-post-thumbnail","hentry","category-bihiregija"],"yoast_head":"<!-- This site is optimized with the Yoast SEO plugin v27.5 - https:\/\/yoast.com\/product\/yoast-seo-wordpress\/ -->\n<title>Ovo je nasilnik koji je napadao \u017eene po Splitu: Aleksandar Ni\u0161evi\u0107 je karijerni kriminalac, a nedavno je do\u0161ao u Dalmaciju - RADIO LJUBU\u0160KI<\/title>\n<meta name=\"robots\" content=\"index, follow, max-snippet:-1, max-image-preview:large, max-video-preview:-1\" \/>\n<link rel=\"canonical\" href=\"https:\/\/radioljubuski.ba\/index.php\/2021\/07\/17\/ovo-je-nasilnik-koji-je-napadao-zene-po-splitu-aleksandar-nisevic-je-karijerni-kriminalac-a-nedavno-je-dosao-u-dalmaciju\/\" \/>\n<meta property=\"og:locale\" content=\"hr_HR\" \/>\n<meta property=\"og:type\" content=\"article\" \/>\n<meta property=\"og:title\" content=\"Ovo je nasilnik koji je napadao \u017eene po Splitu: Aleksandar Ni\u0161evi\u0107 je karijerni kriminalac, a nedavno je do\u0161ao u Dalmaciju - RADIO LJUBU\u0160KI\" \/>\n<meta property=\"og:description\" content=\"Napada\u010d je, kako neslu\u017ebeno doznajemo, 28-godi\u0161nji Aleksandar Ni\u0161evi\u0107 iz Gline. Napada\u010d u dosjeu ima niz kra\u0111a, razbojni\u0161tava, provala, prisile, nedozvoljenog dr\u017eanja oru\u017eja. Za njim je ve\u0107 raspisana najnovija potraga PU zagreba\u010dke sa izri\u010ditom naredbom da ga se uhiti. Kratko je \u017eivio u Srinjinama nedaleko Splita, a bio je smje\u0161ten u ku\u0107i jednog poznanika. Ovo mu [&hellip;]\" \/>\n<meta property=\"og:url\" content=\"https:\/\/radioljubuski.ba\/index.php\/2021\/07\/17\/ovo-je-nasilnik-koji-je-napadao-zene-po-splitu-aleksandar-nisevic-je-karijerni-kriminalac-a-nedavno-je-dosao-u-dalmaciju\/\" \/>\n<meta property=\"og:site_name\" content=\"RADIO LJUBU\u0160KI\" \/>\n<meta property=\"article:publisher\" content=\"https:\/\/www.facebook.com\/Radiio-Ljubuski-1490835324566332\" \/>\n<meta property=\"article:published_time\" content=\"2021-07-17T19:44:11+00:00\" \/>\n<meta property=\"article:modified_time\" content=\"2021-07-17T19:44:13+00:00\" \/>\n<meta property=\"og:image\" content=\"https:\/\/radioljubuski.ba\/wp-content\/uploads\/2021\/07\/o_18604780_1024.jpg\" \/>\n\t<meta property=\"og:image:width\" content=\"1024\" \/>\n\t<meta property=\"og:image:height\" content=\"662\" \/>\n\t<meta property=\"og:image:type\" content=\"image\/jpeg\" \/>\n<meta name=\"author\" content=\"Radio Ljubu\u0161ki\" \/>\n<meta name=\"twitter:card\" content=\"summary_large_image\" \/>\n<meta name=\"twitter:creator\" content=\"@radioljubuski\" \/>\n<meta name=\"twitter:site\" content=\"@radioljubuski\" \/>\n<meta name=\"twitter:label1\" content=\"Napisao\/la\" \/>\n\t<meta name=\"twitter:data1\" content=\"Radio Ljubu\u0161ki\" \/>\n\t<meta name=\"twitter:label2\" content=\"Procijenjeno vrijeme \u010ditanja\" \/>\n\t<meta name=\"twitter:data2\" content=\"2 minute\" \/>\n<script type=\"application\/ld+json\" class=\"yoast-schema-graph\">{\"@context\":\"https:\\\/\\\/schema.org\",\"@graph\":[{\"@type\":\"Article\",\"@id\":\"https:\\\/\\\/radioljubuski.ba\\\/index.php\\\/2021\\\/07\\\/17\\\/ovo-je-nasilnik-koji-je-napadao-zene-po-splitu-aleksandar-nisevic-je-karijerni-kriminalac-a-nedavno-je-dosao-u-dalmaciju\\\/#article\",\"isPartOf\":{\"@id\":\"https:\\\/\\\/radioljubuski.ba\\\/index.php\\\/2021\\\/07\\\/17\\\/ovo-je-nasilnik-koji-je-napadao-zene-po-splitu-aleksandar-nisevic-je-karijerni-kriminalac-a-nedavno-je-dosao-u-dalmaciju\\\/\"},\"author\":{\"name\":\"Radio Ljubu\u0161ki\",\"@id\":\"https:\\\/\\\/radioljubuski.ba\\\/#\\\/schema\\\/person\\\/19fc700381a780f69665d7956c469e3b\"},\"headline\":\"Ovo je nasilnik koji je napadao \u017eene po Splitu: Aleksandar Ni\u0161evi\u0107 je karijerni kriminalac, a nedavno je do\u0161ao u Dalmaciju\",\"datePublished\":\"2021-07-17T19:44:11+00:00\",\"dateModified\":\"2021-07-17T19:44:13+00:00\",\"mainEntityOfPage\":{\"@id\":\"https:\\\/\\\/radioljubuski.ba\\\/index.php\\\/2021\\\/07\\\/17\\\/ovo-je-nasilnik-koji-je-napadao-zene-po-splitu-aleksandar-nisevic-je-karijerni-kriminalac-a-nedavno-je-dosao-u-dalmaciju\\\/\"},\"wordCount\":116,\"publisher\":{\"@id\":\"https:\\\/\\\/radioljubuski.ba\\\/#organization\"},\"image\":{\"@id\":\"https:\\\/\\\/radioljubuski.ba\\\/index.php\\\/2021\\\/07\\\/17\\\/ovo-je-nasilnik-koji-je-napadao-zene-po-splitu-aleksandar-nisevic-je-karijerni-kriminalac-a-nedavno-je-dosao-u-dalmaciju\\\/#primaryimage\"},\"thumbnailUrl\":\"https:\\\/\\\/radioljubuski.ba\\\/wp-content\\\/uploads\\\/2021\\\/07\\\/o_18604780_1024.jpg\",\"articleSection\":[\"BIH i regija\"],\"inLanguage\":\"hr\"},{\"@type\":\"WebPage\",\"@id\":\"https:\\\/\\\/radioljubuski.ba\\\/index.php\\\/2021\\\/07\\\/17\\\/ovo-je-nasilnik-koji-je-napadao-zene-po-splitu-aleksandar-nisevic-je-karijerni-kriminalac-a-nedavno-je-dosao-u-dalmaciju\\\/\",\"url\":\"https:\\\/\\\/radioljubuski.ba\\\/index.php\\\/2021\\\/07\\\/17\\\/ovo-je-nasilnik-koji-je-napadao-zene-po-splitu-aleksandar-nisevic-je-karijerni-kriminalac-a-nedavno-je-dosao-u-dalmaciju\\\/\",\"name\":\"Ovo je nasilnik koji je napadao \u017eene po Splitu: Aleksandar Ni\u0161evi\u0107 je karijerni kriminalac, a nedavno je do\u0161ao u Dalmaciju - RADIO LJUBU\u0160KI\",\"isPartOf\":{\"@id\":\"https:\\\/\\\/radioljubuski.ba\\\/#website\"},\"primaryImageOfPage\":{\"@id\":\"https:\\\/\\\/radioljubuski.ba\\\/index.php\\\/2021\\\/07\\\/17\\\/ovo-je-nasilnik-koji-je-napadao-zene-po-splitu-aleksandar-nisevic-je-karijerni-kriminalac-a-nedavno-je-dosao-u-dalmaciju\\\/#primaryimage\"},\"image\":{\"@id\":\"https:\\\/\\\/radioljubuski.ba\\\/index.php\\\/2021\\\/07\\\/17\\\/ovo-je-nasilnik-koji-je-napadao-zene-po-splitu-aleksandar-nisevic-je-karijerni-kriminalac-a-nedavno-je-dosao-u-dalmaciju\\\/#primaryimage\"},\"thumbnailUrl\":\"https:\\\/\\\/radioljubuski.ba\\\/wp-content\\\/uploads\\\/2021\\\/07\\\/o_18604780_1024.jpg\",\"datePublished\":\"2021-07-17T19:44:11+00:00\",\"dateModified\":\"2021-07-17T19:44:13+00:00\",\"breadcrumb\":{\"@id\":\"https:\\\/\\\/radioljubuski.ba\\\/index.php\\\/2021\\\/07\\\/17\\\/ovo-je-nasilnik-koji-je-napadao-zene-po-splitu-aleksandar-nisevic-je-karijerni-kriminalac-a-nedavno-je-dosao-u-dalmaciju\\\/#breadcrumb\"},\"inLanguage\":\"hr\",\"potentialAction\":[{\"@type\":\"ReadAction\",\"target\":[\"https:\\\/\\\/radioljubuski.ba\\\/index.php\\\/2021\\\/07\\\/17\\\/ovo-je-nasilnik-koji-je-napadao-zene-po-splitu-aleksandar-nisevic-je-karijerni-kriminalac-a-nedavno-je-dosao-u-dalmaciju\\\/\"]}]},{\"@type\":\"ImageObject\",\"inLanguage\":\"hr\",\"@id\":\"https:\\\/\\\/radioljubuski.ba\\\/index.php\\\/2021\\\/07\\\/17\\\/ovo-je-nasilnik-koji-je-napadao-zene-po-splitu-aleksandar-nisevic-je-karijerni-kriminalac-a-nedavno-je-dosao-u-dalmaciju\\\/#primaryimage\",\"url\":\"https:\\\/\\\/radioljubuski.ba\\\/wp-content\\\/uploads\\\/2021\\\/07\\\/o_18604780_1024.jpg\",\"contentUrl\":\"https:\\\/\\\/radioljubuski.ba\\\/wp-content\\\/uploads\\\/2021\\\/07\\\/o_18604780_1024.jpg\",\"width\":1024,\"height\":662},{\"@type\":\"BreadcrumbList\",\"@id\":\"https:\\\/\\\/radioljubuski.ba\\\/index.php\\\/2021\\\/07\\\/17\\\/ovo-je-nasilnik-koji-je-napadao-zene-po-splitu-aleksandar-nisevic-je-karijerni-kriminalac-a-nedavno-je-dosao-u-dalmaciju\\\/#breadcrumb\",\"itemListElement\":[{\"@type\":\"ListItem\",\"position\":1,\"name\":\"Po\u010detna stranica\",\"item\":\"https:\\\/\\\/radioljubuski.ba\\\/\"},{\"@type\":\"ListItem\",\"position\":2,\"name\":\"Ovo je nasilnik koji je napadao \u017eene po Splitu: Aleksandar Ni\u0161evi\u0107 je karijerni kriminalac, a nedavno je do\u0161ao u Dalmaciju\"}]},{\"@type\":\"WebSite\",\"@id\":\"https:\\\/\\\/radioljubuski.ba\\\/#website\",\"url\":\"https:\\\/\\\/radioljubuski.ba\\\/\",\"name\":\"Radio Ljubu\u0161ki\",\"description\":\"Sun\u010dana frekvencija Hercegovine\",\"publisher\":{\"@id\":\"https:\\\/\\\/radioljubuski.ba\\\/#organization\"},\"potentialAction\":[{\"@type\":\"SearchAction\",\"target\":{\"@type\":\"EntryPoint\",\"urlTemplate\":\"https:\\\/\\\/radioljubuski.ba\\\/?s={search_term_string}\"},\"query-input\":{\"@type\":\"PropertyValueSpecification\",\"valueRequired\":true,\"valueName\":\"search_term_string\"}}],\"inLanguage\":\"hr\"},{\"@type\":\"Organization\",\"@id\":\"https:\\\/\\\/radioljubuski.ba\\\/#organization\",\"name\":\"Radio Ljubu\u0161ki\",\"url\":\"https:\\\/\\\/radioljubuski.ba\\\/\",\"logo\":{\"@type\":\"ImageObject\",\"inLanguage\":\"hr\",\"@id\":\"https:\\\/\\\/radioljubuski.ba\\\/#\\\/schema\\\/logo\\\/image\\\/\",\"url\":\"https:\\\/\\\/radioljubuski.ba\\\/wp-content\\\/uploads\\\/2021\\\/02\\\/cropped-Radio_Ljubuski_logo1.jpg\",\"contentUrl\":\"https:\\\/\\\/radioljubuski.ba\\\/wp-content\\\/uploads\\\/2021\\\/02\\\/cropped-Radio_Ljubuski_logo1.jpg\",\"width\":512,\"height\":512,\"caption\":\"Radio Ljubu\u0161ki\"},\"image\":{\"@id\":\"https:\\\/\\\/radioljubuski.ba\\\/#\\\/schema\\\/logo\\\/image\\\/\"},\"sameAs\":[\"https:\\\/\\\/www.facebook.com\\\/Radiio-Ljubuski-1490835324566332\",\"https:\\\/\\\/x.com\\\/radioljubuski\",\"https:\\\/\\\/hr.linkedin.com\\\/company\\\/radio-ljubuski\",\"https:\\\/\\\/www.youtube.com\\\/channel\\\/UCHYaeO_n0Db3tjNGudGpXyw\"]},{\"@type\":\"Person\",\"@id\":\"https:\\\/\\\/radioljubuski.ba\\\/#\\\/schema\\\/person\\\/19fc700381a780f69665d7956c469e3b\",\"name\":\"Radio Ljubu\u0161ki\"}]}<\/script>\n<!-- \/ Yoast SEO plugin. -->","yoast_head_json":{"title":"Ovo je nasilnik koji je napadao \u017eene po Splitu: Aleksandar Ni\u0161evi\u0107 je karijerni kriminalac, a nedavno je do\u0161ao u Dalmaciju - RADIO LJUBU\u0160KI","robots":{"index":"index","follow":"follow","max-snippet":"max-snippet:-1","max-image-preview":"max-image-preview:large","max-video-preview":"max-video-preview:-1"},"canonical":"https:\/\/radioljubuski.ba\/index.php\/2021\/07\/17\/ovo-je-nasilnik-koji-je-napadao-zene-po-splitu-aleksandar-nisevic-je-karijerni-kriminalac-a-nedavno-je-dosao-u-dalmaciju\/","og_locale":"hr_HR","og_type":"article","og_title":"Ovo je nasilnik koji je napadao \u017eene po Splitu: Aleksandar Ni\u0161evi\u0107 je karijerni kriminalac, a nedavno je do\u0161ao u Dalmaciju - RADIO LJUBU\u0160KI","og_description":"Napada\u010d je, kako neslu\u017ebeno doznajemo, 28-godi\u0161nji Aleksandar Ni\u0161evi\u0107 iz Gline. Napada\u010d u dosjeu ima niz kra\u0111a, razbojni\u0161tava, provala, prisile, nedozvoljenog dr\u017eanja oru\u017eja. Za njim je ve\u0107 raspisana najnovija potraga PU zagreba\u010dke sa izri\u010ditom naredbom da ga se uhiti. Kratko je \u017eivio u Srinjinama nedaleko Splita, a bio je smje\u0161ten u ku\u0107i jednog poznanika. Ovo mu [&hellip;]","og_url":"https:\/\/radioljubuski.ba\/index.php\/2021\/07\/17\/ovo-je-nasilnik-koji-je-napadao-zene-po-splitu-aleksandar-nisevic-je-karijerni-kriminalac-a-nedavno-je-dosao-u-dalmaciju\/","og_site_name":"RADIO LJUBU\u0160KI","article_publisher":"https:\/\/www.facebook.com\/Radiio-Ljubuski-1490835324566332","article_published_time":"2021-07-17T19:44:11+00:00","article_modified_time":"2021-07-17T19:44:13+00:00","og_image":[{"width":1024,"height":662,"url":"https:\/\/radioljubuski.ba\/wp-content\/uploads\/2021\/07\/o_18604780_1024.jpg","type":"image\/jpeg"}],"author":"Radio Ljubu\u0161ki","twitter_card":"summary_large_image","twitter_creator":"@radioljubuski","twitter_site":"@radioljubuski","twitter_misc":{"Napisao\/la":"Radio Ljubu\u0161ki","Procijenjeno vrijeme \u010ditanja":"2 minute"},"schema":{"@context":"https:\/\/schema.org","@graph":[{"@type":"Article","@id":"https:\/\/radioljubuski.ba\/index.php\/2021\/07\/17\/ovo-je-nasilnik-koji-je-napadao-zene-po-splitu-aleksandar-nisevic-je-karijerni-kriminalac-a-nedavno-je-dosao-u-dalmaciju\/#article","isPartOf":{"@id":"https:\/\/radioljubuski.ba\/index.php\/2021\/07\/17\/ovo-je-nasilnik-koji-je-napadao-zene-po-splitu-aleksandar-nisevic-je-karijerni-kriminalac-a-nedavno-je-dosao-u-dalmaciju\/"},"author":{"name":"Radio Ljubu\u0161ki","@id":"https:\/\/radioljubuski.ba\/#\/schema\/person\/19fc700381a780f69665d7956c469e3b"},"headline":"Ovo je nasilnik koji je napadao \u017eene po Splitu: Aleksandar Ni\u0161evi\u0107 je karijerni kriminalac, a nedavno je do\u0161ao u Dalmaciju","datePublished":"2021-07-17T19:44:11+00:00","dateModified":"2021-07-17T19:44:13+00:00","mainEntityOfPage":{"@id":"https:\/\/radioljubuski.ba\/index.php\/2021\/07\/17\/ovo-je-nasilnik-koji-je-napadao-zene-po-splitu-aleksandar-nisevic-je-karijerni-kriminalac-a-nedavno-je-dosao-u-dalmaciju\/"},"wordCount":116,"publisher":{"@id":"https:\/\/radioljubuski.ba\/#organization"},"image":{"@id":"https:\/\/radioljubuski.ba\/index.php\/2021\/07\/17\/ovo-je-nasilnik-koji-je-napadao-zene-po-splitu-aleksandar-nisevic-je-karijerni-kriminalac-a-nedavno-je-dosao-u-dalmaciju\/#primaryimage"},"thumbnailUrl":"https:\/\/radioljubuski.ba\/wp-content\/uploads\/2021\/07\/o_18604780_1024.jpg","articleSection":["BIH i regija"],"inLanguage":"hr"},{"@type":"WebPage","@id":"https:\/\/radioljubuski.ba\/index.php\/2021\/07\/17\/ovo-je-nasilnik-koji-je-napadao-zene-po-splitu-aleksandar-nisevic-je-karijerni-kriminalac-a-nedavno-je-dosao-u-dalmaciju\/","url":"https:\/\/radioljubuski.ba\/index.php\/2021\/07\/17\/ovo-je-nasilnik-koji-je-napadao-zene-po-splitu-aleksandar-nisevic-je-karijerni-kriminalac-a-nedavno-je-dosao-u-dalmaciju\/","name":"Ovo je nasilnik koji je napadao \u017eene po Splitu: Aleksandar Ni\u0161evi\u0107 je karijerni kriminalac, a nedavno je do\u0161ao u Dalmaciju - RADIO LJUBU\u0160KI","isPartOf":{"@id":"https:\/\/radioljubuski.ba\/#website"},"primaryImageOfPage":{"@id":"https:\/\/radioljubuski.ba\/index.php\/2021\/07\/17\/ovo-je-nasilnik-koji-je-napadao-zene-po-splitu-aleksandar-nisevic-je-karijerni-kriminalac-a-nedavno-je-dosao-u-dalmaciju\/#primaryimage"},"image":{"@id":"https:\/\/radioljubuski.ba\/index.php\/2021\/07\/17\/ovo-je-nasilnik-koji-je-napadao-zene-po-splitu-aleksandar-nisevic-je-karijerni-kriminalac-a-nedavno-je-dosao-u-dalmaciju\/#primaryimage"},"thumbnailUrl":"https:\/\/radioljubuski.ba\/wp-content\/uploads\/2021\/07\/o_18604780_1024.jpg","datePublished":"2021-07-17T19:44:11+00:00","dateModified":"2021-07-17T19:44:13+00:00","breadcrumb":{"@id":"https:\/\/radioljubuski.ba\/index.php\/2021\/07\/17\/ovo-je-nasilnik-koji-je-napadao-zene-po-splitu-aleksandar-nisevic-je-karijerni-kriminalac-a-nedavno-je-dosao-u-dalmaciju\/#breadcrumb"},"inLanguage":"hr","potentialAction":[{"@type":"ReadAction","target":["https:\/\/radioljubuski.ba\/index.php\/2021\/07\/17\/ovo-je-nasilnik-koji-je-napadao-zene-po-splitu-aleksandar-nisevic-je-karijerni-kriminalac-a-nedavno-je-dosao-u-dalmaciju\/"]}]},{"@type":"ImageObject","inLanguage":"hr","@id":"https:\/\/radioljubuski.ba\/index.php\/2021\/07\/17\/ovo-je-nasilnik-koji-je-napadao-zene-po-splitu-aleksandar-nisevic-je-karijerni-kriminalac-a-nedavno-je-dosao-u-dalmaciju\/#primaryimage","url":"https:\/\/radioljubuski.ba\/wp-content\/uploads\/2021\/07\/o_18604780_1024.jpg","contentUrl":"https:\/\/radioljubuski.ba\/wp-content\/uploads\/2021\/07\/o_18604780_1024.jpg","width":1024,"height":662},{"@type":"BreadcrumbList","@id":"https:\/\/radioljubuski.ba\/index.php\/2021\/07\/17\/ovo-je-nasilnik-koji-je-napadao-zene-po-splitu-aleksandar-nisevic-je-karijerni-kriminalac-a-nedavno-je-dosao-u-dalmaciju\/#breadcrumb","itemListElement":[{"@type":"ListItem","position":1,"name":"Po\u010detna stranica","item":"https:\/\/radioljubuski.ba\/"},{"@type":"ListItem","position":2,"name":"Ovo je nasilnik koji je napadao \u017eene po Splitu: Aleksandar Ni\u0161evi\u0107 je karijerni kriminalac, a nedavno je do\u0161ao u Dalmaciju"}]},{"@type":"WebSite","@id":"https:\/\/radioljubuski.ba\/#website","url":"https:\/\/radioljubuski.ba\/","name":"Radio Ljubu\u0161ki","description":"Sun\u010dana frekvencija Hercegovine","publisher":{"@id":"https:\/\/radioljubuski.ba\/#organization"},"potentialAction":[{"@type":"SearchAction","target":{"@type":"EntryPoint","urlTemplate":"https:\/\/radioljubuski.ba\/?s={search_term_string}"},"query-input":{"@type":"PropertyValueSpecification","valueRequired":true,"valueName":"search_term_string"}}],"inLanguage":"hr"},{"@type":"Organization","@id":"https:\/\/radioljubuski.ba\/#organization","name":"Radio Ljubu\u0161ki","url":"https:\/\/radioljubuski.ba\/","logo":{"@type":"ImageObject","inLanguage":"hr","@id":"https:\/\/radioljubuski.ba\/#\/schema\/logo\/image\/","url":"https:\/\/radioljubuski.ba\/wp-content\/uploads\/2021\/02\/cropped-Radio_Ljubuski_logo1.jpg","contentUrl":"https:\/\/radioljubuski.ba\/wp-content\/uploads\/2021\/02\/cropped-Radio_Ljubuski_logo1.jpg","width":512,"height":512,"caption":"Radio Ljubu\u0161ki"},"image":{"@id":"https:\/\/radioljubuski.ba\/#\/schema\/logo\/image\/"},"sameAs":["https:\/\/www.facebook.com\/Radiio-Ljubuski-1490835324566332","https:\/\/x.com\/radioljubuski","https:\/\/hr.linkedin.com\/company\/radio-ljubuski","https:\/\/www.youtube.com\/channel\/UCHYaeO_n0Db3tjNGudGpXyw"]},{"@type":"Person","@id":"https:\/\/radioljubuski.ba\/#\/schema\/person\/19fc700381a780f69665d7956c469e3b","name":"Radio Ljubu\u0161ki"}]}},"_links":{"self":[{"href":"https:\/\/radioljubuski.ba\/index.php\/wp-json\/wp\/v2\/posts\/43774","targetHints":{"allow":["GET"]}}],"collection":[{"href":"https:\/\/radioljubuski.ba\/index.php\/wp-json\/wp\/v2\/posts"}],"about":[{"href":"https:\/\/radioljubuski.ba\/index.php\/wp-json\/wp\/v2\/types\/post"}],"author":[{"embeddable":true,"href":"https:\/\/radioljubuski.ba\/index.php\/wp-json\/wp\/v2\/users\/2"}],"replies":[{"embeddable":true,"href":"https:\/\/radioljubuski.ba\/index.php\/wp-json\/wp\/v2\/comments?post=43774"}],"version-history":[{"count":1,"href":"https:\/\/radioljubuski.ba\/index.php\/wp-json\/wp\/v2\/posts\/43774\/revisions"}],"predecessor-version":[{"id":43777,"href":"https:\/\/radioljubuski.ba\/index.php\/wp-json\/wp\/v2\/posts\/43774\/revisions\/43777"}],"wp:featuredmedia":[{"embeddable":true,"href":"https:\/\/radioljubuski.ba\/index.php\/wp-json\/wp\/v2\/media\/43775"}],"wp:attachment":[{"href":"https:\/\/radioljubuski.ba\/index.php\/wp-json\/wp\/v2\/media?parent=43774"}],"wp:term":[{"taxonomy":"category","embeddable":true,"href":"https:\/\/radioljubuski.ba\/index.php\/wp-json\/wp\/v2\/categories?post=43774"},{"taxonomy":"post_tag","embeddable":true,"href":"https:\/\/radioljubuski.ba\/index.php\/wp-json\/wp\/v2\/tags?post=43774"}],"curies":[{"name":"wp","href":"https:\/\/api.w.org\/{rel}","templated":true}]}}