{"id":43778,"date":"2021-07-18T15:09:34","date_gmt":"2021-07-18T14:09:34","guid":{"rendered":"https:\/\/radioljubuski.ba\/?p=43778"},"modified":"2021-07-18T15:09:39","modified_gmt":"2021-07-18T14:09:39","slug":"konrad-i-laura-palgan-kako-nas-je-medugorje-promjenilo","status":"publish","type":"post","link":"https:\/\/radioljubuski.ba\/index.php\/2021\/07\/18\/konrad-i-laura-palgan-kako-nas-je-medugorje-promjenilo\/","title":{"rendered":"Konrad i Laura Palgan: Kako nas je Me\u0111ugorje promjenilo"},"content":{"rendered":"\n<p>KONRAD (25) i LAURA (27) PA\u0141GAN dolaze iz Poljske. Na prvi pogled izgledaju poput obi\u010dnih mladih ljudi, ali kad po\u010dnu govoriti o Bogu, njihove se \u010diste o\u010di za\u017eare, a rije\u010di oboji snaga osobnog iskustva Bo\u017eje ljubavi i prisutnosti u njihovim \u017eivotima.<\/p>\n\n\n\n<p>Onu su mladi bra\u010dni par, naime vjen\u010dali su se 15. kolovoza 2020., a sada su i u sretnom i\u0161\u010dekivanju svog prvog djeteta.<\/p>\n\n\n\n<p>Konrad i Laura imaju jednu lijepu i neobi\u010dnu \u017eivotnu pri\u010du u kojoj va\u017enu ulogu igra Me\u0111ugorje. Prije dvije godine tu su se upoznali, jer je Laura bila na hodo\u010da\u0161\u0107u u Me\u0111ugorje koje je organizirao Konrad. Tu su se \u201ezagledali\u201c jedno u drugo, a nakon hodo\u010da\u0161\u0107a nastavili su se vi\u0111ati i u Poljskoj. Laura je iz mjesta Radow, a Konrad iz mjesta Konskie koji su me\u0111usobno udaljeni 60 km, pa im to susretanje nije bilo te\u0161ko izvodivo. Laura je po zanimanju pomo\u0107na kuharica, ali sad nakon vjen\u010danja radi kao Konradov suvoza\u010d kamiona (polo\u017eila je sve potrebne testove), i tako zajedno putuju po cijeloj Europi. Konrad je ina\u010de \u017eivio od organiziranja hodo\u010da\u0161\u0107a u Me\u0111ugorje, ali kako je pandemija sve poljuljala, tako se i on prije tri godine preorijentirao i dobio dozvolu za voza\u010da kamiona. U slobodno vrijeme izme\u0111u vo\u017enji i dalje nastavljaju dovoditi hodo\u010da\u0161\u0107a u Me\u0111ugorje ukoliko ih pozovu za vodi\u010de. Na putovanjima mole zajedno, kad god mogu idu na misu u mjestima kroz koja prolaze, trude se vjerovati u Boga i radovati se svemu onome \u0161to za Njega mogu \u017ertvovati!<\/p>\n\n\n\n<p>Prije pandemije su dolazili svakog mjeseca po tjedan dana, pro\u0161le godine bili su samo jednom, a ove godine njihov prvi dolazak bio je za 40. Obljetnicu Gospinih ukazanja kada su stigli s grupom od 105 hodo\u010dasnika od 21. do 26. lipnja, prenosi&nbsp;<a href=\"https:\/\/www.medjugorje-info.com\/hr\/svjedocanstva\/konrad-i-laura-palgan-kako-nas-je-medugorje-promjenilo\">medjugorje-info.com<\/a>.<\/p>\n\n\n\n<p>Konrad ka\u017ee kako je sanjao o tome da se posveti samo dovo\u0111enju hodo\u010dasnika u Me\u0111ugorje, ali u ovom trenutku je ovakva situacija pa su joj se prilagodili. \u201eSve je u Bo\u017ejim rukama!\u201c \u2013 ka\u017ee Konrad, i nadodaje: \u201eAko Bog to bude od nas tra\u017eio, mi \u0107emo u\u010diniti, \u017eelimo samo slijediti Bo\u017eju volju i Njegove planove! Mi mu vjerujemo!\u201c Ina\u010de, Konrad nema svoju agenciju nego radi kao vodi\u010d za agencije ili \u017eupe koje ga pozovu &nbsp;&#8211; pa budu\u0107i da on poznaje ljude i mjesta, on organizira put, smje\u0161taj i program u Me\u0111ugorju.<\/p>\n\n\n\n<p>LAURINA PRI\u010cA<\/p>\n\n\n\n<p><br>Laura svjedo\u010di kako su ovdje u Me\u0111ugorju svjedo\u010dili brojnim obra\u0107enjima hodo\u010dasnika. Jedan od njih je i njezin brat koji je bio uvjereni ateist, ali se nakon ve\u010dernjeg molitvenog programa u crkvi sv. Jakova potpuno promijenio.<\/p>\n\n\n\n<p>Isto tako i ona. Imala je otpor i\u0107i na svoje prvo hodo\u010da\u0161\u0107e jer uop\u0107e nije znala niti \u0161to je Me\u0111ugorje, niti kamo ide. Mama ju je samo ubacila u autobus, a ona si je mislila: \u201eAjme \u0161to \u0107u ja tamo na tom suncu!\u201c A onda je do\u017eivjela pravi susret s Bogom, sve joj je govorilo u srcu : od propovijedi sve\u0107enika, molitve\u2026! Posebno iskustvo je imala na Kri\u017eevcu, kada se sva tu\u017ena molila u srcu osje\u0107aju\u0107i se tako slabo i o\u010dajno. A onda je \u010dula rije\u010di: \u201eNe boj se! Ti si tako sna\u017ena!\u201c i samo je po\u010dela plakati i plakala je sve te dane hodo\u010da\u0161\u0107a. \u201eNevjerojatno je kako ovdje Gospa mijenja srca ljudi \u2013 ka\u017ee Laura \u2013 \u201esamo zato \u0161to su ljudi do\u0161li ovdje, \u0161to su \u017ertvovali svoje vrijeme, iza\u0161li iz svojih komocija, putovali, &#8211; oni zapo\u010dinju vjerovati!\u201c<\/p>\n\n\n\n<p>KONRADOVA PRI\u010cA:<\/p>\n\n\n\n<p>Konradova pri\u010da je opet druga\u010dija. On je prije \u0161est godina do\u0161ao prvi put u Me\u0111ugorje (imao je tada 19 godina), iako ga je njegova majka i prije neprestano pozivala, ali njemu se nije i\u0161lo. I na jedno takvo hodo\u010da\u0161\u0107e oti\u0161li su samo njegovi roditelji, a on je ostao ku\u0107i. Ali neki unutarnji glas mu je po\u010deo govoriti i ponavljati: \u201eDo\u0111i k meni!, Do\u0111i k meni! Jer ovo ti je posljednja prilika da do\u0111e\u0161 k meni!\u201c I on je zbilja uzeo godi\u0161nji, pozvao prijatelje, iznajmio auto i zaputio se u Me\u0111ugorje i tamo susreo hodo\u010dasni\u010dku grupu svojih roditelja.<\/p>\n\n\n\n<p>Tada mu se dogodilo ne\u0161to neobi\u010dno na Podbrdu. Susreo je jednog siroma\u0161nog \u010dovjeka u podno\u017eju. Isprva je mislio da \u0107e ga pitati ne\u0161to ili novac, ali \u010dovjek ga je samo zamolio da se za njega pomoli pred Gospinim kipom jer on sam nije dovoljno sna\u017ean da se popne do gore. A on \u0107e se zauzvrat moliti za Konrada ovdje dolje. \u010covjek je govorio hrvatskim jezikom pa iako Konrad nije nikada \u010duo hrvatski, njega je savr\u0161eno razumio. Poslije su mu dali hranu, odje\u0107u\u2026 ali \u010dovjek nije tra\u017eio novac, \u0161to mu se nikada prije nije dogodilo. Me\u0111usobno su se izblagoslivljali i pozdravili. Na povratku Konrad je sa Brda Ukazanja za uspomenu uzeo 5 kamenova i stavio si ih je u d\u017eep.<\/p>\n\n\n\n<p>Kasnije na povratku ku\u0107i u Poljsku, razmi\u0161ljaju\u0107i o tome \u0161to mu se dogodilo, shvatio je da mu je sam Isus Krist do\u0161ao u liku tog siroma\u0161nog \u010dovjeka i da mu je on pokazao kako treba \u017eivjeti, biti MILOSRDAN: onome tko je gladan daj jesti, tko je \u017eedan daj piti\u2026 tko je gol, obuci ga, obuj ga\u2026 Shvatio je da mu Isus vjeruje i da ga poziva da do\u0111e k Njemu! Tako\u0111er kad se vratio ku\u0107i i izvadio 5 kamenova na stol, majka mu je po\u010dela plakati. Ne znaju\u0107i \u0161to se zbiva ostao je zbunjen, a majka mu je pokazala zna\u010denja me\u0111ugorskih pet kamenova. I tako je on ponovno ostao \u201edotaknut\u201c Providno\u0161\u0107u Bo\u017ejom i tako je po\u010deo vjerovati u Me\u0111ugorje. Iza toga, zajedno s majkom jo\u0161 je puno puta bio u Me\u0111ugorju kao hodo\u010dasnik, a onda su i sami po\u010deli okupljati ljude iz njihova grada. Prije tri godine vl\u010d. Gregov mu je predlo\u017eio da on sam povede svoju prvu grupu. I tako je po\u010deo. U 2018. godini zajedno su organizirali dvanaest autobusa, svaki mjesec po jedno hodo\u010da\u0161\u0107e. Na\u017ealost, pandemija je sve prekinula, ali ipak upoznao je Lauru i sada zajedno tra\u017ee Bo\u017eju volju za njihovu malu obitelj. I svaki put kad do\u0111u u Me\u0111ugorje, do\u017eive ne\u0161to novo!<\/p>\n\n\n\n<p>Izvor:medjugorje-info.com<\/p>\n","protected":false},"excerpt":{"rendered":"<p>KONRAD (25) i LAURA (27) PA\u0141GAN dolaze iz Poljske. Na prvi pogled izgledaju poput obi\u010dnih mladih ljudi, ali kad po\u010dnu govoriti o Bogu, njihove se \u010diste o\u010di za\u017eare, a rije\u010di oboji snaga osobnog iskustva Bo\u017eje ljubavi i prisutnosti u njihovim \u017eivotima. Onu su mladi bra\u010dni par, naime vjen\u010dali su se 15. kolovoza 2020., a sada [&hellip;]<\/p>\n","protected":false},"author":2,"featured_media":43779,"comment_status":"closed","ping_status":"closed","sticky":false,"template":"","format":"standard","meta":{"h5ap_radio_sources":[],"footnotes":""},"categories":[1],"tags":[],"class_list":["post-43778","post","type-post","status-publish","format-standard","has-post-thumbnail","hentry","category-bihiregija"],"yoast_head":"<!-- This site is optimized with the Yoast SEO plugin v27.5 - https:\/\/yoast.com\/product\/yoast-seo-wordpress\/ -->\n<title>Konrad i Laura Palgan: Kako nas je Me\u0111ugorje promjenilo - RADIO LJUBU\u0160KI<\/title>\n<meta name=\"robots\" content=\"index, follow, max-snippet:-1, max-image-preview:large, max-video-preview:-1\" \/>\n<link rel=\"canonical\" href=\"https:\/\/radioljubuski.ba\/index.php\/2021\/07\/18\/konrad-i-laura-palgan-kako-nas-je-medugorje-promjenilo\/\" \/>\n<meta property=\"og:locale\" content=\"hr_HR\" \/>\n<meta property=\"og:type\" content=\"article\" \/>\n<meta property=\"og:title\" content=\"Konrad i Laura Palgan: Kako nas je Me\u0111ugorje promjenilo - RADIO LJUBU\u0160KI\" \/>\n<meta property=\"og:description\" content=\"KONRAD (25) i LAURA (27) PA\u0141GAN dolaze iz Poljske. Na prvi pogled izgledaju poput obi\u010dnih mladih ljudi, ali kad po\u010dnu govoriti o Bogu, njihove se \u010diste o\u010di za\u017eare, a rije\u010di oboji snaga osobnog iskustva Bo\u017eje ljubavi i prisutnosti u njihovim \u017eivotima. Onu su mladi bra\u010dni par, naime vjen\u010dali su se 15. kolovoza 2020., a sada [&hellip;]\" \/>\n<meta property=\"og:url\" content=\"https:\/\/radioljubuski.ba\/index.php\/2021\/07\/18\/konrad-i-laura-palgan-kako-nas-je-medugorje-promjenilo\/\" \/>\n<meta property=\"og:site_name\" content=\"RADIO LJUBU\u0160KI\" \/>\n<meta property=\"article:publisher\" content=\"https:\/\/www.facebook.com\/Radiio-Ljubuski-1490835324566332\" \/>\n<meta property=\"article:published_time\" content=\"2021-07-18T14:09:34+00:00\" \/>\n<meta property=\"article:modified_time\" content=\"2021-07-18T14:09:39+00:00\" \/>\n<meta property=\"og:image\" content=\"https:\/\/radioljubuski.ba\/wp-content\/uploads\/2021\/07\/8-2021-07-18-11-58-43-konrad.jpg\" \/>\n\t<meta property=\"og:image:width\" content=\"1000\" \/>\n\t<meta property=\"og:image:height\" content=\"625\" \/>\n\t<meta property=\"og:image:type\" content=\"image\/jpeg\" \/>\n<meta name=\"author\" content=\"Radio Ljubu\u0161ki\" \/>\n<meta name=\"twitter:card\" content=\"summary_large_image\" \/>\n<meta name=\"twitter:creator\" content=\"@radioljubuski\" \/>\n<meta name=\"twitter:site\" content=\"@radioljubuski\" \/>\n<meta name=\"twitter:label1\" content=\"Napisao\/la\" \/>\n\t<meta name=\"twitter:data1\" content=\"Radio Ljubu\u0161ki\" \/>\n\t<meta name=\"twitter:label2\" content=\"Procijenjeno vrijeme \u010ditanja\" \/>\n\t<meta name=\"twitter:data2\" content=\"6 minuta\" \/>\n<script type=\"application\/ld+json\" class=\"yoast-schema-graph\">{\"@context\":\"https:\\\/\\\/schema.org\",\"@graph\":[{\"@type\":\"Article\",\"@id\":\"https:\\\/\\\/radioljubuski.ba\\\/index.php\\\/2021\\\/07\\\/18\\\/konrad-i-laura-palgan-kako-nas-je-medugorje-promjenilo\\\/#article\",\"isPartOf\":{\"@id\":\"https:\\\/\\\/radioljubuski.ba\\\/index.php\\\/2021\\\/07\\\/18\\\/konrad-i-laura-palgan-kako-nas-je-medugorje-promjenilo\\\/\"},\"author\":{\"name\":\"Radio Ljubu\u0161ki\",\"@id\":\"https:\\\/\\\/radioljubuski.ba\\\/#\\\/schema\\\/person\\\/19fc700381a780f69665d7956c469e3b\"},\"headline\":\"Konrad i Laura Palgan: Kako nas je Me\u0111ugorje promjenilo\",\"datePublished\":\"2021-07-18T14:09:34+00:00\",\"dateModified\":\"2021-07-18T14:09:39+00:00\",\"mainEntityOfPage\":{\"@id\":\"https:\\\/\\\/radioljubuski.ba\\\/index.php\\\/2021\\\/07\\\/18\\\/konrad-i-laura-palgan-kako-nas-je-medugorje-promjenilo\\\/\"},\"wordCount\":1112,\"publisher\":{\"@id\":\"https:\\\/\\\/radioljubuski.ba\\\/#organization\"},\"image\":{\"@id\":\"https:\\\/\\\/radioljubuski.ba\\\/index.php\\\/2021\\\/07\\\/18\\\/konrad-i-laura-palgan-kako-nas-je-medugorje-promjenilo\\\/#primaryimage\"},\"thumbnailUrl\":\"https:\\\/\\\/radioljubuski.ba\\\/wp-content\\\/uploads\\\/2021\\\/07\\\/8-2021-07-18-11-58-43-konrad.jpg\",\"articleSection\":[\"BIH i regija\"],\"inLanguage\":\"hr\"},{\"@type\":\"WebPage\",\"@id\":\"https:\\\/\\\/radioljubuski.ba\\\/index.php\\\/2021\\\/07\\\/18\\\/konrad-i-laura-palgan-kako-nas-je-medugorje-promjenilo\\\/\",\"url\":\"https:\\\/\\\/radioljubuski.ba\\\/index.php\\\/2021\\\/07\\\/18\\\/konrad-i-laura-palgan-kako-nas-je-medugorje-promjenilo\\\/\",\"name\":\"Konrad i Laura Palgan: Kako nas je Me\u0111ugorje promjenilo - RADIO LJUBU\u0160KI\",\"isPartOf\":{\"@id\":\"https:\\\/\\\/radioljubuski.ba\\\/#website\"},\"primaryImageOfPage\":{\"@id\":\"https:\\\/\\\/radioljubuski.ba\\\/index.php\\\/2021\\\/07\\\/18\\\/konrad-i-laura-palgan-kako-nas-je-medugorje-promjenilo\\\/#primaryimage\"},\"image\":{\"@id\":\"https:\\\/\\\/radioljubuski.ba\\\/index.php\\\/2021\\\/07\\\/18\\\/konrad-i-laura-palgan-kako-nas-je-medugorje-promjenilo\\\/#primaryimage\"},\"thumbnailUrl\":\"https:\\\/\\\/radioljubuski.ba\\\/wp-content\\\/uploads\\\/2021\\\/07\\\/8-2021-07-18-11-58-43-konrad.jpg\",\"datePublished\":\"2021-07-18T14:09:34+00:00\",\"dateModified\":\"2021-07-18T14:09:39+00:00\",\"breadcrumb\":{\"@id\":\"https:\\\/\\\/radioljubuski.ba\\\/index.php\\\/2021\\\/07\\\/18\\\/konrad-i-laura-palgan-kako-nas-je-medugorje-promjenilo\\\/#breadcrumb\"},\"inLanguage\":\"hr\",\"potentialAction\":[{\"@type\":\"ReadAction\",\"target\":[\"https:\\\/\\\/radioljubuski.ba\\\/index.php\\\/2021\\\/07\\\/18\\\/konrad-i-laura-palgan-kako-nas-je-medugorje-promjenilo\\\/\"]}]},{\"@type\":\"ImageObject\",\"inLanguage\":\"hr\",\"@id\":\"https:\\\/\\\/radioljubuski.ba\\\/index.php\\\/2021\\\/07\\\/18\\\/konrad-i-laura-palgan-kako-nas-je-medugorje-promjenilo\\\/#primaryimage\",\"url\":\"https:\\\/\\\/radioljubuski.ba\\\/wp-content\\\/uploads\\\/2021\\\/07\\\/8-2021-07-18-11-58-43-konrad.jpg\",\"contentUrl\":\"https:\\\/\\\/radioljubuski.ba\\\/wp-content\\\/uploads\\\/2021\\\/07\\\/8-2021-07-18-11-58-43-konrad.jpg\",\"width\":1000,\"height\":625},{\"@type\":\"BreadcrumbList\",\"@id\":\"https:\\\/\\\/radioljubuski.ba\\\/index.php\\\/2021\\\/07\\\/18\\\/konrad-i-laura-palgan-kako-nas-je-medugorje-promjenilo\\\/#breadcrumb\",\"itemListElement\":[{\"@type\":\"ListItem\",\"position\":1,\"name\":\"Po\u010detna stranica\",\"item\":\"https:\\\/\\\/radioljubuski.ba\\\/\"},{\"@type\":\"ListItem\",\"position\":2,\"name\":\"Konrad i Laura Palgan: Kako nas je Me\u0111ugorje promjenilo\"}]},{\"@type\":\"WebSite\",\"@id\":\"https:\\\/\\\/radioljubuski.ba\\\/#website\",\"url\":\"https:\\\/\\\/radioljubuski.ba\\\/\",\"name\":\"Radio Ljubu\u0161ki\",\"description\":\"Sun\u010dana frekvencija Hercegovine\",\"publisher\":{\"@id\":\"https:\\\/\\\/radioljubuski.ba\\\/#organization\"},\"potentialAction\":[{\"@type\":\"SearchAction\",\"target\":{\"@type\":\"EntryPoint\",\"urlTemplate\":\"https:\\\/\\\/radioljubuski.ba\\\/?s={search_term_string}\"},\"query-input\":{\"@type\":\"PropertyValueSpecification\",\"valueRequired\":true,\"valueName\":\"search_term_string\"}}],\"inLanguage\":\"hr\"},{\"@type\":\"Organization\",\"@id\":\"https:\\\/\\\/radioljubuski.ba\\\/#organization\",\"name\":\"Radio Ljubu\u0161ki\",\"url\":\"https:\\\/\\\/radioljubuski.ba\\\/\",\"logo\":{\"@type\":\"ImageObject\",\"inLanguage\":\"hr\",\"@id\":\"https:\\\/\\\/radioljubuski.ba\\\/#\\\/schema\\\/logo\\\/image\\\/\",\"url\":\"https:\\\/\\\/radioljubuski.ba\\\/wp-content\\\/uploads\\\/2021\\\/02\\\/cropped-Radio_Ljubuski_logo1.jpg\",\"contentUrl\":\"https:\\\/\\\/radioljubuski.ba\\\/wp-content\\\/uploads\\\/2021\\\/02\\\/cropped-Radio_Ljubuski_logo1.jpg\",\"width\":512,\"height\":512,\"caption\":\"Radio Ljubu\u0161ki\"},\"image\":{\"@id\":\"https:\\\/\\\/radioljubuski.ba\\\/#\\\/schema\\\/logo\\\/image\\\/\"},\"sameAs\":[\"https:\\\/\\\/www.facebook.com\\\/Radiio-Ljubuski-1490835324566332\",\"https:\\\/\\\/x.com\\\/radioljubuski\",\"https:\\\/\\\/hr.linkedin.com\\\/company\\\/radio-ljubuski\",\"https:\\\/\\\/www.youtube.com\\\/channel\\\/UCHYaeO_n0Db3tjNGudGpXyw\"]},{\"@type\":\"Person\",\"@id\":\"https:\\\/\\\/radioljubuski.ba\\\/#\\\/schema\\\/person\\\/19fc700381a780f69665d7956c469e3b\",\"name\":\"Radio Ljubu\u0161ki\"}]}<\/script>\n<!-- \/ Yoast SEO plugin. -->","yoast_head_json":{"title":"Konrad i Laura Palgan: Kako nas je Me\u0111ugorje promjenilo - RADIO LJUBU\u0160KI","robots":{"index":"index","follow":"follow","max-snippet":"max-snippet:-1","max-image-preview":"max-image-preview:large","max-video-preview":"max-video-preview:-1"},"canonical":"https:\/\/radioljubuski.ba\/index.php\/2021\/07\/18\/konrad-i-laura-palgan-kako-nas-je-medugorje-promjenilo\/","og_locale":"hr_HR","og_type":"article","og_title":"Konrad i Laura Palgan: Kako nas je Me\u0111ugorje promjenilo - RADIO LJUBU\u0160KI","og_description":"KONRAD (25) i LAURA (27) PA\u0141GAN dolaze iz Poljske. Na prvi pogled izgledaju poput obi\u010dnih mladih ljudi, ali kad po\u010dnu govoriti o Bogu, njihove se \u010diste o\u010di za\u017eare, a rije\u010di oboji snaga osobnog iskustva Bo\u017eje ljubavi i prisutnosti u njihovim \u017eivotima. Onu su mladi bra\u010dni par, naime vjen\u010dali su se 15. kolovoza 2020., a sada [&hellip;]","og_url":"https:\/\/radioljubuski.ba\/index.php\/2021\/07\/18\/konrad-i-laura-palgan-kako-nas-je-medugorje-promjenilo\/","og_site_name":"RADIO LJUBU\u0160KI","article_publisher":"https:\/\/www.facebook.com\/Radiio-Ljubuski-1490835324566332","article_published_time":"2021-07-18T14:09:34+00:00","article_modified_time":"2021-07-18T14:09:39+00:00","og_image":[{"width":1000,"height":625,"url":"https:\/\/radioljubuski.ba\/wp-content\/uploads\/2021\/07\/8-2021-07-18-11-58-43-konrad.jpg","type":"image\/jpeg"}],"author":"Radio Ljubu\u0161ki","twitter_card":"summary_large_image","twitter_creator":"@radioljubuski","twitter_site":"@radioljubuski","twitter_misc":{"Napisao\/la":"Radio Ljubu\u0161ki","Procijenjeno vrijeme \u010ditanja":"6 minuta"},"schema":{"@context":"https:\/\/schema.org","@graph":[{"@type":"Article","@id":"https:\/\/radioljubuski.ba\/index.php\/2021\/07\/18\/konrad-i-laura-palgan-kako-nas-je-medugorje-promjenilo\/#article","isPartOf":{"@id":"https:\/\/radioljubuski.ba\/index.php\/2021\/07\/18\/konrad-i-laura-palgan-kako-nas-je-medugorje-promjenilo\/"},"author":{"name":"Radio Ljubu\u0161ki","@id":"https:\/\/radioljubuski.ba\/#\/schema\/person\/19fc700381a780f69665d7956c469e3b"},"headline":"Konrad i Laura Palgan: Kako nas je Me\u0111ugorje promjenilo","datePublished":"2021-07-18T14:09:34+00:00","dateModified":"2021-07-18T14:09:39+00:00","mainEntityOfPage":{"@id":"https:\/\/radioljubuski.ba\/index.php\/2021\/07\/18\/konrad-i-laura-palgan-kako-nas-je-medugorje-promjenilo\/"},"wordCount":1112,"publisher":{"@id":"https:\/\/radioljubuski.ba\/#organization"},"image":{"@id":"https:\/\/radioljubuski.ba\/index.php\/2021\/07\/18\/konrad-i-laura-palgan-kako-nas-je-medugorje-promjenilo\/#primaryimage"},"thumbnailUrl":"https:\/\/radioljubuski.ba\/wp-content\/uploads\/2021\/07\/8-2021-07-18-11-58-43-konrad.jpg","articleSection":["BIH i regija"],"inLanguage":"hr"},{"@type":"WebPage","@id":"https:\/\/radioljubuski.ba\/index.php\/2021\/07\/18\/konrad-i-laura-palgan-kako-nas-je-medugorje-promjenilo\/","url":"https:\/\/radioljubuski.ba\/index.php\/2021\/07\/18\/konrad-i-laura-palgan-kako-nas-je-medugorje-promjenilo\/","name":"Konrad i Laura Palgan: Kako nas je Me\u0111ugorje promjenilo - RADIO LJUBU\u0160KI","isPartOf":{"@id":"https:\/\/radioljubuski.ba\/#website"},"primaryImageOfPage":{"@id":"https:\/\/radioljubuski.ba\/index.php\/2021\/07\/18\/konrad-i-laura-palgan-kako-nas-je-medugorje-promjenilo\/#primaryimage"},"image":{"@id":"https:\/\/radioljubuski.ba\/index.php\/2021\/07\/18\/konrad-i-laura-palgan-kako-nas-je-medugorje-promjenilo\/#primaryimage"},"thumbnailUrl":"https:\/\/radioljubuski.ba\/wp-content\/uploads\/2021\/07\/8-2021-07-18-11-58-43-konrad.jpg","datePublished":"2021-07-18T14:09:34+00:00","dateModified":"2021-07-18T14:09:39+00:00","breadcrumb":{"@id":"https:\/\/radioljubuski.ba\/index.php\/2021\/07\/18\/konrad-i-laura-palgan-kako-nas-je-medugorje-promjenilo\/#breadcrumb"},"inLanguage":"hr","potentialAction":[{"@type":"ReadAction","target":["https:\/\/radioljubuski.ba\/index.php\/2021\/07\/18\/konrad-i-laura-palgan-kako-nas-je-medugorje-promjenilo\/"]}]},{"@type":"ImageObject","inLanguage":"hr","@id":"https:\/\/radioljubuski.ba\/index.php\/2021\/07\/18\/konrad-i-laura-palgan-kako-nas-je-medugorje-promjenilo\/#primaryimage","url":"https:\/\/radioljubuski.ba\/wp-content\/uploads\/2021\/07\/8-2021-07-18-11-58-43-konrad.jpg","contentUrl":"https:\/\/radioljubuski.ba\/wp-content\/uploads\/2021\/07\/8-2021-07-18-11-58-43-konrad.jpg","width":1000,"height":625},{"@type":"BreadcrumbList","@id":"https:\/\/radioljubuski.ba\/index.php\/2021\/07\/18\/konrad-i-laura-palgan-kako-nas-je-medugorje-promjenilo\/#breadcrumb","itemListElement":[{"@type":"ListItem","position":1,"name":"Po\u010detna stranica","item":"https:\/\/radioljubuski.ba\/"},{"@type":"ListItem","position":2,"name":"Konrad i Laura Palgan: Kako nas je Me\u0111ugorje promjenilo"}]},{"@type":"WebSite","@id":"https:\/\/radioljubuski.ba\/#website","url":"https:\/\/radioljubuski.ba\/","name":"Radio Ljubu\u0161ki","description":"Sun\u010dana frekvencija Hercegovine","publisher":{"@id":"https:\/\/radioljubuski.ba\/#organization"},"potentialAction":[{"@type":"SearchAction","target":{"@type":"EntryPoint","urlTemplate":"https:\/\/radioljubuski.ba\/?s={search_term_string}"},"query-input":{"@type":"PropertyValueSpecification","valueRequired":true,"valueName":"search_term_string"}}],"inLanguage":"hr"},{"@type":"Organization","@id":"https:\/\/radioljubuski.ba\/#organization","name":"Radio Ljubu\u0161ki","url":"https:\/\/radioljubuski.ba\/","logo":{"@type":"ImageObject","inLanguage":"hr","@id":"https:\/\/radioljubuski.ba\/#\/schema\/logo\/image\/","url":"https:\/\/radioljubuski.ba\/wp-content\/uploads\/2021\/02\/cropped-Radio_Ljubuski_logo1.jpg","contentUrl":"https:\/\/radioljubuski.ba\/wp-content\/uploads\/2021\/02\/cropped-Radio_Ljubuski_logo1.jpg","width":512,"height":512,"caption":"Radio Ljubu\u0161ki"},"image":{"@id":"https:\/\/radioljubuski.ba\/#\/schema\/logo\/image\/"},"sameAs":["https:\/\/www.facebook.com\/Radiio-Ljubuski-1490835324566332","https:\/\/x.com\/radioljubuski","https:\/\/hr.linkedin.com\/company\/radio-ljubuski","https:\/\/www.youtube.com\/channel\/UCHYaeO_n0Db3tjNGudGpXyw"]},{"@type":"Person","@id":"https:\/\/radioljubuski.ba\/#\/schema\/person\/19fc700381a780f69665d7956c469e3b","name":"Radio Ljubu\u0161ki"}]}},"_links":{"self":[{"href":"https:\/\/radioljubuski.ba\/index.php\/wp-json\/wp\/v2\/posts\/43778","targetHints":{"allow":["GET"]}}],"collection":[{"href":"https:\/\/radioljubuski.ba\/index.php\/wp-json\/wp\/v2\/posts"}],"about":[{"href":"https:\/\/radioljubuski.ba\/index.php\/wp-json\/wp\/v2\/types\/post"}],"author":[{"embeddable":true,"href":"https:\/\/radioljubuski.ba\/index.php\/wp-json\/wp\/v2\/users\/2"}],"replies":[{"embeddable":true,"href":"https:\/\/radioljubuski.ba\/index.php\/wp-json\/wp\/v2\/comments?post=43778"}],"version-history":[{"count":1,"href":"https:\/\/radioljubuski.ba\/index.php\/wp-json\/wp\/v2\/posts\/43778\/revisions"}],"predecessor-version":[{"id":43780,"href":"https:\/\/radioljubuski.ba\/index.php\/wp-json\/wp\/v2\/posts\/43778\/revisions\/43780"}],"wp:featuredmedia":[{"embeddable":true,"href":"https:\/\/radioljubuski.ba\/index.php\/wp-json\/wp\/v2\/media\/43779"}],"wp:attachment":[{"href":"https:\/\/radioljubuski.ba\/index.php\/wp-json\/wp\/v2\/media?parent=43778"}],"wp:term":[{"taxonomy":"category","embeddable":true,"href":"https:\/\/radioljubuski.ba\/index.php\/wp-json\/wp\/v2\/categories?post=43778"},{"taxonomy":"post_tag","embeddable":true,"href":"https:\/\/radioljubuski.ba\/index.php\/wp-json\/wp\/v2\/tags?post=43778"}],"curies":[{"name":"wp","href":"https:\/\/api.w.org\/{rel}","templated":true}]}}