{"id":43804,"date":"2021-07-18T15:22:50","date_gmt":"2021-07-18T14:22:50","guid":{"rendered":"https:\/\/radioljubuski.ba\/?p=43804"},"modified":"2021-07-18T15:22:57","modified_gmt":"2021-07-18T14:22:57","slug":"je-li-izgledno-uvodenje-obaveznog-cijepljenja-u-bih-video","status":"publish","type":"post","link":"https:\/\/radioljubuski.ba\/index.php\/2021\/07\/18\/je-li-izgledno-uvodenje-obaveznog-cijepljenja-u-bih-video\/","title":{"rendered":"Je li izgledno uvo\u0111enje obaveznog cijepljenja u BiH? &#8211; video"},"content":{"rendered":"\n<p>U Bosni i Hercegovini cijepljeno je oko 400 tisu\u0107a stanovnika. Potpuno cijepljenih u Republici Srpskoj je oko 102 tisu\u0107a gra\u0111ana. U Federaciji BiH utro\u0161eno je oko 300 tisu\u0107a doza. Nije poznato koliko je gra\u0111ana cijepljeno izvan zemlje. U susjednim zemljama se razmi\u0161lja o uvo\u0111enju obaveznog cijepljenja. Neke \u010dlanice Europske unije na taj potez su se ve\u0107 odlu\u010dile. O\u010dekuje li takav scenario i Bosnu i Hercegovinu?<\/p>\n\n\n\n<p>Srbija svoje gra\u0111ane poku\u0161ava stimulirati za cijepljenje. Mediji u Hrvatskoj pi\u0161u da se ozbiljno razmi\u0161lja o obaveznoj cijepljenju tri javna sektora \u2013 180.000 ljudi. Gr\u010dka najavljuje suspenzije zdravstvenim radnicima koji odbiju cijepljenje, a Francuska uvo\u0111enje obavezne vakcinacije za sve gra\u0111ane.<\/p>\n\n\n\n<figure class=\"wp-block-embed is-type-video is-provider-youtube wp-block-embed-youtube wp-embed-aspect-16-9 wp-has-aspect-ratio\"><div class=\"wp-block-embed__wrapper\">\n<iframe loading=\"lazy\" title=\"Cijepljenje u BiH na dobrovoljnoj osnovi\" width=\"640\" height=\"360\" src=\"https:\/\/www.youtube.com\/embed\/vP0Rim0Of18?feature=oembed\" frameborder=\"0\" allow=\"accelerometer; autoplay; clipboard-write; encrypted-media; gyroscope; picture-in-picture; web-share\" referrerpolicy=\"strict-origin-when-cross-origin\" allowfullscreen><\/iframe>\n<\/div><\/figure>\n\n\n\n<p>EMMANUEL MACRON, predsjednik Francuske<\/p>\n\n\n\n<p>\u201cDa bismo se za\u0161titili moramo krenuti sa cijepljenjem svih Francuza. To je jedini na\u010din za povratak u normalan \u017eivot. Prvo, cijepljenje \u0107e biti obavezno, bez odga\u0111anja, za zdravstveno i nezdravstveno osoblje u bolnicama, klinikama, domovima za umirovljenike, ustanovama za osobe s invaliditetom i za sve koji rade u kontaktu sa starijim ili nemo\u0107nim osobama, uklju\u010duju\u0107i i one kod ku\u0107e. Cijepljenje za njih \u0107e postati obavezno, bez odga\u0111anja.\u201d<\/p>\n\n\n\n<p>Cijepljenje u Bosni i Hercegovini jo\u0161 ne\u0107e biti obavezna. O tome se, bar za sada, ne razmi\u0161lja. Izbor &nbsp;cjepiva, kao i cijepljenje, i dalje ostaje slobodan izbor. Glavna muka bh. vlasti ipak je bila nabavka vakcina.<\/p>\n\n\n\n<p>SINI\u0160A SKO\u010cIBU\u0160I\u0106, v. d. direktora Zavoda za javno zdravstvo FBiH<\/p>\n\n\n\n<p>\u201cMi za sada ne razmi\u0161ljamo o obveznom cijepljenju odre\u0111enih skupina, ali onog trenutka kada bude do\u0161lo vi\u0161e cjepiva u FBiH i BiH sigurno \u0107e biti jedna od opcija koje \u0107e trebati ozbiljno razmotriti.\u201d<\/p>\n\n\n\n<p>ALEN \u0160ERANI\u0106, ministar zdravlja i socijalne za\u0161tite RS<\/p>\n\n\n\n<p>\u201cVama je dobro poznato da je cijepljenje dobrovoljna i da u su\u0161tini svaki gra\u0111anin donosi svoju odluku o cijepljenju. Naravno svaka zemlja prilago\u0111ava svoje odluke prema sebi. Ja sam imao prilike da vidim na koji na\u010din to Francuska planira da uradi, a za njom \u0107e i\u0107i i neke druge zemlje u EU.\u201d<\/p>\n\n\n\n<p>Vakcina je najbolje preventivno sredstvo protiv zaraznih bolesti. Ovo jasno poru\u010duje struka. Ipak, prevladava mi\u0161ljenje da cijepljenje ne bi trebalo da bude obavezna. Suo\u010dili bi se, upozoravaju, s ozbiljnim kr\u0161enjem ljudskih<br>prava.<\/p>\n\n\n\n<p>Izvor:BHRT<\/p>\n","protected":false},"excerpt":{"rendered":"<p>U Bosni i Hercegovini cijepljeno je oko 400 tisu\u0107a stanovnika. Potpuno cijepljenih u Republici Srpskoj je oko 102 tisu\u0107a gra\u0111ana. U Federaciji BiH utro\u0161eno je oko 300 tisu\u0107a doza. Nije poznato koliko je gra\u0111ana cijepljeno izvan zemlje. U susjednim zemljama se razmi\u0161lja o uvo\u0111enju obaveznog cijepljenja. Neke \u010dlanice Europske unije na taj potez su se [&hellip;]<\/p>\n","protected":false},"author":2,"featured_media":21770,"comment_status":"closed","ping_status":"closed","sticky":false,"template":"","format":"standard","meta":{"h5ap_radio_sources":[],"footnotes":""},"categories":[1],"tags":[],"class_list":["post-43804","post","type-post","status-publish","format-standard","has-post-thumbnail","hentry","category-bihiregija"],"yoast_head":"<!-- This site is optimized with the Yoast SEO plugin v27.5 - https:\/\/yoast.com\/product\/yoast-seo-wordpress\/ -->\n<title>Je li izgledno uvo\u0111enje obaveznog cijepljenja u BiH? - video - RADIO LJUBU\u0160KI<\/title>\n<meta name=\"robots\" content=\"index, follow, max-snippet:-1, max-image-preview:large, max-video-preview:-1\" \/>\n<link rel=\"canonical\" href=\"https:\/\/radioljubuski.ba\/index.php\/2021\/07\/18\/je-li-izgledno-uvodenje-obaveznog-cijepljenja-u-bih-video\/\" \/>\n<meta property=\"og:locale\" content=\"hr_HR\" \/>\n<meta property=\"og:type\" content=\"article\" \/>\n<meta property=\"og:title\" content=\"Je li izgledno uvo\u0111enje obaveznog cijepljenja u BiH? - video - RADIO LJUBU\u0160KI\" \/>\n<meta property=\"og:description\" content=\"U Bosni i Hercegovini cijepljeno je oko 400 tisu\u0107a stanovnika. Potpuno cijepljenih u Republici Srpskoj je oko 102 tisu\u0107a gra\u0111ana. U Federaciji BiH utro\u0161eno je oko 300 tisu\u0107a doza. Nije poznato koliko je gra\u0111ana cijepljeno izvan zemlje. U susjednim zemljama se razmi\u0161lja o uvo\u0111enju obaveznog cijepljenja. Neke \u010dlanice Europske unije na taj potez su se [&hellip;]\" \/>\n<meta property=\"og:url\" content=\"https:\/\/radioljubuski.ba\/index.php\/2021\/07\/18\/je-li-izgledno-uvodenje-obaveznog-cijepljenja-u-bih-video\/\" \/>\n<meta property=\"og:site_name\" content=\"RADIO LJUBU\u0160KI\" \/>\n<meta property=\"article:publisher\" content=\"https:\/\/www.facebook.com\/Radiio-Ljubuski-1490835324566332\" \/>\n<meta property=\"article:published_time\" content=\"2021-07-18T14:22:50+00:00\" \/>\n<meta property=\"article:modified_time\" content=\"2021-07-18T14:22:57+00:00\" \/>\n<meta property=\"og:image\" content=\"https:\/\/radioljubuski.ba\/wp-content\/uploads\/2021\/05\/uGkWeOrm_cijepljenje.jpg\" \/>\n\t<meta property=\"og:image:width\" content=\"1000\" \/>\n\t<meta property=\"og:image:height\" content=\"625\" \/>\n\t<meta property=\"og:image:type\" content=\"image\/jpeg\" \/>\n<meta name=\"author\" content=\"Radio Ljubu\u0161ki\" \/>\n<meta name=\"twitter:card\" content=\"summary_large_image\" \/>\n<meta name=\"twitter:creator\" content=\"@radioljubuski\" \/>\n<meta name=\"twitter:site\" content=\"@radioljubuski\" \/>\n<meta name=\"twitter:label1\" content=\"Napisao\/la\" \/>\n\t<meta name=\"twitter:data1\" content=\"Radio Ljubu\u0161ki\" \/>\n\t<meta name=\"twitter:label2\" content=\"Procijenjeno vrijeme \u010ditanja\" \/>\n\t<meta name=\"twitter:data2\" content=\"2 minute\" \/>\n<script type=\"application\/ld+json\" class=\"yoast-schema-graph\">{\"@context\":\"https:\\\/\\\/schema.org\",\"@graph\":[{\"@type\":\"Article\",\"@id\":\"https:\\\/\\\/radioljubuski.ba\\\/index.php\\\/2021\\\/07\\\/18\\\/je-li-izgledno-uvodenje-obaveznog-cijepljenja-u-bih-video\\\/#article\",\"isPartOf\":{\"@id\":\"https:\\\/\\\/radioljubuski.ba\\\/index.php\\\/2021\\\/07\\\/18\\\/je-li-izgledno-uvodenje-obaveznog-cijepljenja-u-bih-video\\\/\"},\"author\":{\"name\":\"Radio Ljubu\u0161ki\",\"@id\":\"https:\\\/\\\/radioljubuski.ba\\\/#\\\/schema\\\/person\\\/19fc700381a780f69665d7956c469e3b\"},\"headline\":\"Je li izgledno uvo\u0111enje obaveznog cijepljenja u BiH? &#8211; video\",\"datePublished\":\"2021-07-18T14:22:50+00:00\",\"dateModified\":\"2021-07-18T14:22:57+00:00\",\"mainEntityOfPage\":{\"@id\":\"https:\\\/\\\/radioljubuski.ba\\\/index.php\\\/2021\\\/07\\\/18\\\/je-li-izgledno-uvodenje-obaveznog-cijepljenja-u-bih-video\\\/\"},\"wordCount\":408,\"publisher\":{\"@id\":\"https:\\\/\\\/radioljubuski.ba\\\/#organization\"},\"image\":{\"@id\":\"https:\\\/\\\/radioljubuski.ba\\\/index.php\\\/2021\\\/07\\\/18\\\/je-li-izgledno-uvodenje-obaveznog-cijepljenja-u-bih-video\\\/#primaryimage\"},\"thumbnailUrl\":\"https:\\\/\\\/radioljubuski.ba\\\/wp-content\\\/uploads\\\/2021\\\/05\\\/uGkWeOrm_cijepljenje.jpg\",\"articleSection\":[\"BIH i regija\"],\"inLanguage\":\"hr\"},{\"@type\":\"WebPage\",\"@id\":\"https:\\\/\\\/radioljubuski.ba\\\/index.php\\\/2021\\\/07\\\/18\\\/je-li-izgledno-uvodenje-obaveznog-cijepljenja-u-bih-video\\\/\",\"url\":\"https:\\\/\\\/radioljubuski.ba\\\/index.php\\\/2021\\\/07\\\/18\\\/je-li-izgledno-uvodenje-obaveznog-cijepljenja-u-bih-video\\\/\",\"name\":\"Je li izgledno uvo\u0111enje obaveznog cijepljenja u BiH? - video - RADIO LJUBU\u0160KI\",\"isPartOf\":{\"@id\":\"https:\\\/\\\/radioljubuski.ba\\\/#website\"},\"primaryImageOfPage\":{\"@id\":\"https:\\\/\\\/radioljubuski.ba\\\/index.php\\\/2021\\\/07\\\/18\\\/je-li-izgledno-uvodenje-obaveznog-cijepljenja-u-bih-video\\\/#primaryimage\"},\"image\":{\"@id\":\"https:\\\/\\\/radioljubuski.ba\\\/index.php\\\/2021\\\/07\\\/18\\\/je-li-izgledno-uvodenje-obaveznog-cijepljenja-u-bih-video\\\/#primaryimage\"},\"thumbnailUrl\":\"https:\\\/\\\/radioljubuski.ba\\\/wp-content\\\/uploads\\\/2021\\\/05\\\/uGkWeOrm_cijepljenje.jpg\",\"datePublished\":\"2021-07-18T14:22:50+00:00\",\"dateModified\":\"2021-07-18T14:22:57+00:00\",\"breadcrumb\":{\"@id\":\"https:\\\/\\\/radioljubuski.ba\\\/index.php\\\/2021\\\/07\\\/18\\\/je-li-izgledno-uvodenje-obaveznog-cijepljenja-u-bih-video\\\/#breadcrumb\"},\"inLanguage\":\"hr\",\"potentialAction\":[{\"@type\":\"ReadAction\",\"target\":[\"https:\\\/\\\/radioljubuski.ba\\\/index.php\\\/2021\\\/07\\\/18\\\/je-li-izgledno-uvodenje-obaveznog-cijepljenja-u-bih-video\\\/\"]}]},{\"@type\":\"ImageObject\",\"inLanguage\":\"hr\",\"@id\":\"https:\\\/\\\/radioljubuski.ba\\\/index.php\\\/2021\\\/07\\\/18\\\/je-li-izgledno-uvodenje-obaveznog-cijepljenja-u-bih-video\\\/#primaryimage\",\"url\":\"https:\\\/\\\/radioljubuski.ba\\\/wp-content\\\/uploads\\\/2021\\\/05\\\/uGkWeOrm_cijepljenje.jpg\",\"contentUrl\":\"https:\\\/\\\/radioljubuski.ba\\\/wp-content\\\/uploads\\\/2021\\\/05\\\/uGkWeOrm_cijepljenje.jpg\",\"width\":1000,\"height\":625},{\"@type\":\"BreadcrumbList\",\"@id\":\"https:\\\/\\\/radioljubuski.ba\\\/index.php\\\/2021\\\/07\\\/18\\\/je-li-izgledno-uvodenje-obaveznog-cijepljenja-u-bih-video\\\/#breadcrumb\",\"itemListElement\":[{\"@type\":\"ListItem\",\"position\":1,\"name\":\"Po\u010detna stranica\",\"item\":\"https:\\\/\\\/radioljubuski.ba\\\/\"},{\"@type\":\"ListItem\",\"position\":2,\"name\":\"Je li izgledno uvo\u0111enje obaveznog cijepljenja u BiH? &#8211; video\"}]},{\"@type\":\"WebSite\",\"@id\":\"https:\\\/\\\/radioljubuski.ba\\\/#website\",\"url\":\"https:\\\/\\\/radioljubuski.ba\\\/\",\"name\":\"Radio Ljubu\u0161ki\",\"description\":\"Sun\u010dana frekvencija Hercegovine\",\"publisher\":{\"@id\":\"https:\\\/\\\/radioljubuski.ba\\\/#organization\"},\"potentialAction\":[{\"@type\":\"SearchAction\",\"target\":{\"@type\":\"EntryPoint\",\"urlTemplate\":\"https:\\\/\\\/radioljubuski.ba\\\/?s={search_term_string}\"},\"query-input\":{\"@type\":\"PropertyValueSpecification\",\"valueRequired\":true,\"valueName\":\"search_term_string\"}}],\"inLanguage\":\"hr\"},{\"@type\":\"Organization\",\"@id\":\"https:\\\/\\\/radioljubuski.ba\\\/#organization\",\"name\":\"Radio Ljubu\u0161ki\",\"url\":\"https:\\\/\\\/radioljubuski.ba\\\/\",\"logo\":{\"@type\":\"ImageObject\",\"inLanguage\":\"hr\",\"@id\":\"https:\\\/\\\/radioljubuski.ba\\\/#\\\/schema\\\/logo\\\/image\\\/\",\"url\":\"https:\\\/\\\/radioljubuski.ba\\\/wp-content\\\/uploads\\\/2021\\\/02\\\/cropped-Radio_Ljubuski_logo1.jpg\",\"contentUrl\":\"https:\\\/\\\/radioljubuski.ba\\\/wp-content\\\/uploads\\\/2021\\\/02\\\/cropped-Radio_Ljubuski_logo1.jpg\",\"width\":512,\"height\":512,\"caption\":\"Radio Ljubu\u0161ki\"},\"image\":{\"@id\":\"https:\\\/\\\/radioljubuski.ba\\\/#\\\/schema\\\/logo\\\/image\\\/\"},\"sameAs\":[\"https:\\\/\\\/www.facebook.com\\\/Radiio-Ljubuski-1490835324566332\",\"https:\\\/\\\/x.com\\\/radioljubuski\",\"https:\\\/\\\/hr.linkedin.com\\\/company\\\/radio-ljubuski\",\"https:\\\/\\\/www.youtube.com\\\/channel\\\/UCHYaeO_n0Db3tjNGudGpXyw\"]},{\"@type\":\"Person\",\"@id\":\"https:\\\/\\\/radioljubuski.ba\\\/#\\\/schema\\\/person\\\/19fc700381a780f69665d7956c469e3b\",\"name\":\"Radio Ljubu\u0161ki\"}]}<\/script>\n<!-- \/ Yoast SEO plugin. -->","yoast_head_json":{"title":"Je li izgledno uvo\u0111enje obaveznog cijepljenja u BiH? - video - RADIO LJUBU\u0160KI","robots":{"index":"index","follow":"follow","max-snippet":"max-snippet:-1","max-image-preview":"max-image-preview:large","max-video-preview":"max-video-preview:-1"},"canonical":"https:\/\/radioljubuski.ba\/index.php\/2021\/07\/18\/je-li-izgledno-uvodenje-obaveznog-cijepljenja-u-bih-video\/","og_locale":"hr_HR","og_type":"article","og_title":"Je li izgledno uvo\u0111enje obaveznog cijepljenja u BiH? - video - RADIO LJUBU\u0160KI","og_description":"U Bosni i Hercegovini cijepljeno je oko 400 tisu\u0107a stanovnika. Potpuno cijepljenih u Republici Srpskoj je oko 102 tisu\u0107a gra\u0111ana. U Federaciji BiH utro\u0161eno je oko 300 tisu\u0107a doza. Nije poznato koliko je gra\u0111ana cijepljeno izvan zemlje. U susjednim zemljama se razmi\u0161lja o uvo\u0111enju obaveznog cijepljenja. Neke \u010dlanice Europske unije na taj potez su se [&hellip;]","og_url":"https:\/\/radioljubuski.ba\/index.php\/2021\/07\/18\/je-li-izgledno-uvodenje-obaveznog-cijepljenja-u-bih-video\/","og_site_name":"RADIO LJUBU\u0160KI","article_publisher":"https:\/\/www.facebook.com\/Radiio-Ljubuski-1490835324566332","article_published_time":"2021-07-18T14:22:50+00:00","article_modified_time":"2021-07-18T14:22:57+00:00","og_image":[{"width":1000,"height":625,"url":"https:\/\/radioljubuski.ba\/wp-content\/uploads\/2021\/05\/uGkWeOrm_cijepljenje.jpg","type":"image\/jpeg"}],"author":"Radio Ljubu\u0161ki","twitter_card":"summary_large_image","twitter_creator":"@radioljubuski","twitter_site":"@radioljubuski","twitter_misc":{"Napisao\/la":"Radio Ljubu\u0161ki","Procijenjeno vrijeme \u010ditanja":"2 minute"},"schema":{"@context":"https:\/\/schema.org","@graph":[{"@type":"Article","@id":"https:\/\/radioljubuski.ba\/index.php\/2021\/07\/18\/je-li-izgledno-uvodenje-obaveznog-cijepljenja-u-bih-video\/#article","isPartOf":{"@id":"https:\/\/radioljubuski.ba\/index.php\/2021\/07\/18\/je-li-izgledno-uvodenje-obaveznog-cijepljenja-u-bih-video\/"},"author":{"name":"Radio Ljubu\u0161ki","@id":"https:\/\/radioljubuski.ba\/#\/schema\/person\/19fc700381a780f69665d7956c469e3b"},"headline":"Je li izgledno uvo\u0111enje obaveznog cijepljenja u BiH? &#8211; video","datePublished":"2021-07-18T14:22:50+00:00","dateModified":"2021-07-18T14:22:57+00:00","mainEntityOfPage":{"@id":"https:\/\/radioljubuski.ba\/index.php\/2021\/07\/18\/je-li-izgledno-uvodenje-obaveznog-cijepljenja-u-bih-video\/"},"wordCount":408,"publisher":{"@id":"https:\/\/radioljubuski.ba\/#organization"},"image":{"@id":"https:\/\/radioljubuski.ba\/index.php\/2021\/07\/18\/je-li-izgledno-uvodenje-obaveznog-cijepljenja-u-bih-video\/#primaryimage"},"thumbnailUrl":"https:\/\/radioljubuski.ba\/wp-content\/uploads\/2021\/05\/uGkWeOrm_cijepljenje.jpg","articleSection":["BIH i regija"],"inLanguage":"hr"},{"@type":"WebPage","@id":"https:\/\/radioljubuski.ba\/index.php\/2021\/07\/18\/je-li-izgledno-uvodenje-obaveznog-cijepljenja-u-bih-video\/","url":"https:\/\/radioljubuski.ba\/index.php\/2021\/07\/18\/je-li-izgledno-uvodenje-obaveznog-cijepljenja-u-bih-video\/","name":"Je li izgledno uvo\u0111enje obaveznog cijepljenja u BiH? - video - RADIO LJUBU\u0160KI","isPartOf":{"@id":"https:\/\/radioljubuski.ba\/#website"},"primaryImageOfPage":{"@id":"https:\/\/radioljubuski.ba\/index.php\/2021\/07\/18\/je-li-izgledno-uvodenje-obaveznog-cijepljenja-u-bih-video\/#primaryimage"},"image":{"@id":"https:\/\/radioljubuski.ba\/index.php\/2021\/07\/18\/je-li-izgledno-uvodenje-obaveznog-cijepljenja-u-bih-video\/#primaryimage"},"thumbnailUrl":"https:\/\/radioljubuski.ba\/wp-content\/uploads\/2021\/05\/uGkWeOrm_cijepljenje.jpg","datePublished":"2021-07-18T14:22:50+00:00","dateModified":"2021-07-18T14:22:57+00:00","breadcrumb":{"@id":"https:\/\/radioljubuski.ba\/index.php\/2021\/07\/18\/je-li-izgledno-uvodenje-obaveznog-cijepljenja-u-bih-video\/#breadcrumb"},"inLanguage":"hr","potentialAction":[{"@type":"ReadAction","target":["https:\/\/radioljubuski.ba\/index.php\/2021\/07\/18\/je-li-izgledno-uvodenje-obaveznog-cijepljenja-u-bih-video\/"]}]},{"@type":"ImageObject","inLanguage":"hr","@id":"https:\/\/radioljubuski.ba\/index.php\/2021\/07\/18\/je-li-izgledno-uvodenje-obaveznog-cijepljenja-u-bih-video\/#primaryimage","url":"https:\/\/radioljubuski.ba\/wp-content\/uploads\/2021\/05\/uGkWeOrm_cijepljenje.jpg","contentUrl":"https:\/\/radioljubuski.ba\/wp-content\/uploads\/2021\/05\/uGkWeOrm_cijepljenje.jpg","width":1000,"height":625},{"@type":"BreadcrumbList","@id":"https:\/\/radioljubuski.ba\/index.php\/2021\/07\/18\/je-li-izgledno-uvodenje-obaveznog-cijepljenja-u-bih-video\/#breadcrumb","itemListElement":[{"@type":"ListItem","position":1,"name":"Po\u010detna stranica","item":"https:\/\/radioljubuski.ba\/"},{"@type":"ListItem","position":2,"name":"Je li izgledno uvo\u0111enje obaveznog cijepljenja u BiH? &#8211; video"}]},{"@type":"WebSite","@id":"https:\/\/radioljubuski.ba\/#website","url":"https:\/\/radioljubuski.ba\/","name":"Radio Ljubu\u0161ki","description":"Sun\u010dana frekvencija Hercegovine","publisher":{"@id":"https:\/\/radioljubuski.ba\/#organization"},"potentialAction":[{"@type":"SearchAction","target":{"@type":"EntryPoint","urlTemplate":"https:\/\/radioljubuski.ba\/?s={search_term_string}"},"query-input":{"@type":"PropertyValueSpecification","valueRequired":true,"valueName":"search_term_string"}}],"inLanguage":"hr"},{"@type":"Organization","@id":"https:\/\/radioljubuski.ba\/#organization","name":"Radio Ljubu\u0161ki","url":"https:\/\/radioljubuski.ba\/","logo":{"@type":"ImageObject","inLanguage":"hr","@id":"https:\/\/radioljubuski.ba\/#\/schema\/logo\/image\/","url":"https:\/\/radioljubuski.ba\/wp-content\/uploads\/2021\/02\/cropped-Radio_Ljubuski_logo1.jpg","contentUrl":"https:\/\/radioljubuski.ba\/wp-content\/uploads\/2021\/02\/cropped-Radio_Ljubuski_logo1.jpg","width":512,"height":512,"caption":"Radio Ljubu\u0161ki"},"image":{"@id":"https:\/\/radioljubuski.ba\/#\/schema\/logo\/image\/"},"sameAs":["https:\/\/www.facebook.com\/Radiio-Ljubuski-1490835324566332","https:\/\/x.com\/radioljubuski","https:\/\/hr.linkedin.com\/company\/radio-ljubuski","https:\/\/www.youtube.com\/channel\/UCHYaeO_n0Db3tjNGudGpXyw"]},{"@type":"Person","@id":"https:\/\/radioljubuski.ba\/#\/schema\/person\/19fc700381a780f69665d7956c469e3b","name":"Radio Ljubu\u0161ki"}]}},"_links":{"self":[{"href":"https:\/\/radioljubuski.ba\/index.php\/wp-json\/wp\/v2\/posts\/43804","targetHints":{"allow":["GET"]}}],"collection":[{"href":"https:\/\/radioljubuski.ba\/index.php\/wp-json\/wp\/v2\/posts"}],"about":[{"href":"https:\/\/radioljubuski.ba\/index.php\/wp-json\/wp\/v2\/types\/post"}],"author":[{"embeddable":true,"href":"https:\/\/radioljubuski.ba\/index.php\/wp-json\/wp\/v2\/users\/2"}],"replies":[{"embeddable":true,"href":"https:\/\/radioljubuski.ba\/index.php\/wp-json\/wp\/v2\/comments?post=43804"}],"version-history":[{"count":1,"href":"https:\/\/radioljubuski.ba\/index.php\/wp-json\/wp\/v2\/posts\/43804\/revisions"}],"predecessor-version":[{"id":43805,"href":"https:\/\/radioljubuski.ba\/index.php\/wp-json\/wp\/v2\/posts\/43804\/revisions\/43805"}],"wp:featuredmedia":[{"embeddable":true,"href":"https:\/\/radioljubuski.ba\/index.php\/wp-json\/wp\/v2\/media\/21770"}],"wp:attachment":[{"href":"https:\/\/radioljubuski.ba\/index.php\/wp-json\/wp\/v2\/media?parent=43804"}],"wp:term":[{"taxonomy":"category","embeddable":true,"href":"https:\/\/radioljubuski.ba\/index.php\/wp-json\/wp\/v2\/categories?post=43804"},{"taxonomy":"post_tag","embeddable":true,"href":"https:\/\/radioljubuski.ba\/index.php\/wp-json\/wp\/v2\/tags?post=43804"}],"curies":[{"name":"wp","href":"https:\/\/api.w.org\/{rel}","templated":true}]}}