{"id":43812,"date":"2021-07-18T15:26:49","date_gmt":"2021-07-18T14:26:49","guid":{"rendered":"https:\/\/radioljubuski.ba\/?p=43812"},"modified":"2021-07-18T15:26:53","modified_gmt":"2021-07-18T14:26:53","slug":"mostarski-vatrogasci-pozare-gase-cisternama-starijim-od-pola-stoljeca","status":"publish","type":"post","link":"https:\/\/radioljubuski.ba\/index.php\/2021\/07\/18\/mostarski-vatrogasci-pozare-gase-cisternama-starijim-od-pola-stoljeca\/","title":{"rendered":"Mostarski vatrogasci po\u017eare gase cisternama starijim od pola stolje\u0107a"},"content":{"rendered":"\n<p>Mostarski vatrogasci, koji se godinama na brojnim po\u017eari\u0161tima mu\u010de zbog zastarjele opreme i ove godine su u sezonu po\u017eara u\u0161li sa cisternama starijim od pola stolje\u0107a, koje se \u010desto kvare, a kako su to muzejski primjerci, za njih te\u0161ko nalaze i dijelove.<\/p>\n\n\n\n<p>Zapovjednik Profesionalne vatrogasne postrojbe Mostar Petar Juri\u0107 &nbsp;ka\u017ee da su zastarjele cisterne akutni problem u djelovanju mostarskih vatrogasca, pi\u0161e Klix.<\/p>\n\n\n\n<p>&#8220;Postupci za nabavku tri nove vatrogasne cisterni su u tijeku, ali ne\u0107e biti ove godine, mi sada zaista imamo ozbiljan problem s vatrogasnim cisternama. Mi radimo i ove godine, kao i pro\u0161le, s cisternama koje su iz 1965., 1969., 1974. i 1984. godine&#8221;, ka\u017ee Juri\u0107 napominju\u0107i kako je upravo cisterna iz 1984. godine najmla\u0111a koju posjeduju.<\/p>\n\n\n\n<p>Izrazio je nadu da \u0107e se proces nabavki vatrogasnih cisterni zavr\u0161iti do sljede\u0107e sezone po\u017eara i da \u0107e vatrogasci s postoje\u0107im uspje\u0161no odgovoriti svim izazovima koji su pred njima, jer kako podsje\u0107a, mostarski vatrogasci su po\u017eare uspje\u0161no gasili i u te\u017eim situacijama.<\/p>\n\n\n\n<p>&#8220;Bili smo ba\u0161 u te\u0161koj situaciji prije sedam-osam godina, kad je sve zaista bilo u lo\u0161em stanju, od osobnih vozila do vatrogasne opreme, ali od tada smo imali ogroman napredak&#8221;, ka\u017ee Juri\u0107 za Klix.ba.<\/p>\n\n\n\n<p>Pojasnio nam je kako se nabavka radila po redoslijedu prioriteta i da su u dobroj mjeri obnovili vozni park i opremu. U tome im je, kako ka\u017ee, uvelike pomogla i Uprava civilne za\u0161tite HN\u017d, kao i vatrogasnim slu\u017ebama u drugim gradovima i op\u0107inama kako nabavkom vozila tako i kupovinom opreme te instaliranjem kamera za rano otkrivanje po\u017eara.<\/p>\n\n\n\n<p>&#8220;To je \u010dinjenica, samo Mostar ima ve\u0107 tri tehni\u010dka vatrogasna vozila koja je nabavila uprava CZ HN\u017d. Uz to su mi iz Operativnog centra CZ HN\u017d javili da \u0107e nadzor nad kamerama koje su postavljene na Planinici, za rano otkrivanje po\u017eara, prebaciti i u na\u0161 operativni centar, \u0161to \u0107e nam puno pomo\u0107i. Iako kolege u \u017dupanijskom centru prate te kamere i redovno javljaju, kad mi imamo uvid u stanje na terenu, mo\u017eemo bolje iskomunicirati sve i br\u017ee djelovati&#8221;, ka\u017ee &nbsp;sugovornik.<\/p>\n\n\n\n<p>Za borbu protiv po\u017eara koji se svakodnevno aktiviraju na vi\u0161e lokacija, kako nagla\u0161ava, od neprocjenjivog zna\u010daja je pove\u0107anje ljudskih resursa od 15 osoba, kojim ih oja\u010dava Grad Mostar, u \u010dijoj nadle\u017enosti i djeluju.<\/p>\n\n\n\n<p>&#8220;Grad Mostar je primio na odre\u0111eno vrijeme od pet mjeseci pet djelatnika i u tijeku je prikupljanje dokumentacije za jo\u0161 10 sezonskih djelatnika, \u0161to nam je od velikog zna\u010daja, jer svake godine nam Grad Mostar primi odre\u0111eni broj sezonskih djelatnika, bez kojih ne bismo mogli izgurati sezonu&#8221;, kazao je zapovjednik mostarskih vatrogasaca.<\/p>\n\n\n\n<p>Istra\u017eivanja su pokazala da je najve\u0107i broj po\u017eara rezultat ljudskog faktora, odnosno nemara, zbog \u010dega nadle\u017ene slu\u017ebe upozoravaju gra\u0111ane da tijekom ljetnih dana ne pale vatru, jer se te\u0161ko mo\u017ee kontrolirati, a posebno u Mostaru koji je poznat po najvi\u0161im temperaturama u Europi.<\/p>\n\n\n\n<p>Izvor:klix.ba<\/p>\n","protected":false},"excerpt":{"rendered":"<p>Mostarski vatrogasci, koji se godinama na brojnim po\u017eari\u0161tima mu\u010de zbog zastarjele opreme i ove godine su u sezonu po\u017eara u\u0161li sa cisternama starijim od pola stolje\u0107a, koje se \u010desto kvare, a kako su to muzejski primjerci, za njih te\u0161ko nalaze i dijelove. Zapovjednik Profesionalne vatrogasne postrojbe Mostar Petar Juri\u0107 &nbsp;ka\u017ee da su zastarjele cisterne akutni [&hellip;]<\/p>\n","protected":false},"author":2,"featured_media":43813,"comment_status":"closed","ping_status":"closed","sticky":false,"template":"","format":"standard","meta":{"h5ap_radio_sources":[],"footnotes":""},"categories":[1],"tags":[],"class_list":["post-43812","post","type-post","status-publish","format-standard","has-post-thumbnail","hentry","category-bihiregija"],"yoast_head":"<!-- This site is optimized with the Yoast SEO plugin v27.5 - https:\/\/yoast.com\/product\/yoast-seo-wordpress\/ -->\n<title>Mostarski vatrogasci po\u017eare gase cisternama starijim od pola stolje\u0107a - RADIO LJUBU\u0160KI<\/title>\n<meta name=\"robots\" content=\"index, follow, max-snippet:-1, max-image-preview:large, max-video-preview:-1\" \/>\n<link rel=\"canonical\" href=\"https:\/\/radioljubuski.ba\/index.php\/2021\/07\/18\/mostarski-vatrogasci-pozare-gase-cisternama-starijim-od-pola-stoljeca\/\" \/>\n<meta property=\"og:locale\" content=\"hr_HR\" \/>\n<meta property=\"og:type\" content=\"article\" \/>\n<meta property=\"og:title\" content=\"Mostarski vatrogasci po\u017eare gase cisternama starijim od pola stolje\u0107a - RADIO LJUBU\u0160KI\" \/>\n<meta property=\"og:description\" content=\"Mostarski vatrogasci, koji se godinama na brojnim po\u017eari\u0161tima mu\u010de zbog zastarjele opreme i ove godine su u sezonu po\u017eara u\u0161li sa cisternama starijim od pola stolje\u0107a, koje se \u010desto kvare, a kako su to muzejski primjerci, za njih te\u0161ko nalaze i dijelove. Zapovjednik Profesionalne vatrogasne postrojbe Mostar Petar Juri\u0107 &nbsp;ka\u017ee da su zastarjele cisterne akutni [&hellip;]\" \/>\n<meta property=\"og:url\" content=\"https:\/\/radioljubuski.ba\/index.php\/2021\/07\/18\/mostarski-vatrogasci-pozare-gase-cisternama-starijim-od-pola-stoljeca\/\" \/>\n<meta property=\"og:site_name\" content=\"RADIO LJUBU\u0160KI\" \/>\n<meta property=\"article:publisher\" content=\"https:\/\/www.facebook.com\/Radiio-Ljubuski-1490835324566332\" \/>\n<meta property=\"article:published_time\" content=\"2021-07-18T14:26:49+00:00\" \/>\n<meta property=\"article:modified_time\" content=\"2021-07-18T14:26:53+00:00\" \/>\n<meta property=\"og:image\" content=\"https:\/\/radioljubuski.ba\/wp-content\/uploads\/2021\/07\/2-2021-07-18-08-23-25-vatrogasno-vozio.png\" \/>\n\t<meta property=\"og:image:width\" content=\"1000\" \/>\n\t<meta property=\"og:image:height\" content=\"625\" \/>\n\t<meta property=\"og:image:type\" content=\"image\/png\" \/>\n<meta name=\"author\" content=\"Radio Ljubu\u0161ki\" \/>\n<meta name=\"twitter:card\" content=\"summary_large_image\" \/>\n<meta name=\"twitter:creator\" content=\"@radioljubuski\" \/>\n<meta name=\"twitter:site\" content=\"@radioljubuski\" \/>\n<meta name=\"twitter:label1\" content=\"Napisao\/la\" \/>\n\t<meta name=\"twitter:data1\" content=\"Radio Ljubu\u0161ki\" \/>\n\t<meta name=\"twitter:label2\" content=\"Procijenjeno vrijeme \u010ditanja\" \/>\n\t<meta name=\"twitter:data2\" content=\"3 minute\" \/>\n<script type=\"application\/ld+json\" class=\"yoast-schema-graph\">{\"@context\":\"https:\\\/\\\/schema.org\",\"@graph\":[{\"@type\":\"Article\",\"@id\":\"https:\\\/\\\/radioljubuski.ba\\\/index.php\\\/2021\\\/07\\\/18\\\/mostarski-vatrogasci-pozare-gase-cisternama-starijim-od-pola-stoljeca\\\/#article\",\"isPartOf\":{\"@id\":\"https:\\\/\\\/radioljubuski.ba\\\/index.php\\\/2021\\\/07\\\/18\\\/mostarski-vatrogasci-pozare-gase-cisternama-starijim-od-pola-stoljeca\\\/\"},\"author\":{\"name\":\"Radio Ljubu\u0161ki\",\"@id\":\"https:\\\/\\\/radioljubuski.ba\\\/#\\\/schema\\\/person\\\/19fc700381a780f69665d7956c469e3b\"},\"headline\":\"Mostarski vatrogasci po\u017eare gase cisternama starijim od pola stolje\u0107a\",\"datePublished\":\"2021-07-18T14:26:49+00:00\",\"dateModified\":\"2021-07-18T14:26:53+00:00\",\"mainEntityOfPage\":{\"@id\":\"https:\\\/\\\/radioljubuski.ba\\\/index.php\\\/2021\\\/07\\\/18\\\/mostarski-vatrogasci-pozare-gase-cisternama-starijim-od-pola-stoljeca\\\/\"},\"wordCount\":525,\"publisher\":{\"@id\":\"https:\\\/\\\/radioljubuski.ba\\\/#organization\"},\"image\":{\"@id\":\"https:\\\/\\\/radioljubuski.ba\\\/index.php\\\/2021\\\/07\\\/18\\\/mostarski-vatrogasci-pozare-gase-cisternama-starijim-od-pola-stoljeca\\\/#primaryimage\"},\"thumbnailUrl\":\"https:\\\/\\\/radioljubuski.ba\\\/wp-content\\\/uploads\\\/2021\\\/07\\\/2-2021-07-18-08-23-25-vatrogasno-vozio.png\",\"articleSection\":[\"BIH i regija\"],\"inLanguage\":\"hr\"},{\"@type\":\"WebPage\",\"@id\":\"https:\\\/\\\/radioljubuski.ba\\\/index.php\\\/2021\\\/07\\\/18\\\/mostarski-vatrogasci-pozare-gase-cisternama-starijim-od-pola-stoljeca\\\/\",\"url\":\"https:\\\/\\\/radioljubuski.ba\\\/index.php\\\/2021\\\/07\\\/18\\\/mostarski-vatrogasci-pozare-gase-cisternama-starijim-od-pola-stoljeca\\\/\",\"name\":\"Mostarski vatrogasci po\u017eare gase cisternama starijim od pola stolje\u0107a - RADIO LJUBU\u0160KI\",\"isPartOf\":{\"@id\":\"https:\\\/\\\/radioljubuski.ba\\\/#website\"},\"primaryImageOfPage\":{\"@id\":\"https:\\\/\\\/radioljubuski.ba\\\/index.php\\\/2021\\\/07\\\/18\\\/mostarski-vatrogasci-pozare-gase-cisternama-starijim-od-pola-stoljeca\\\/#primaryimage\"},\"image\":{\"@id\":\"https:\\\/\\\/radioljubuski.ba\\\/index.php\\\/2021\\\/07\\\/18\\\/mostarski-vatrogasci-pozare-gase-cisternama-starijim-od-pola-stoljeca\\\/#primaryimage\"},\"thumbnailUrl\":\"https:\\\/\\\/radioljubuski.ba\\\/wp-content\\\/uploads\\\/2021\\\/07\\\/2-2021-07-18-08-23-25-vatrogasno-vozio.png\",\"datePublished\":\"2021-07-18T14:26:49+00:00\",\"dateModified\":\"2021-07-18T14:26:53+00:00\",\"breadcrumb\":{\"@id\":\"https:\\\/\\\/radioljubuski.ba\\\/index.php\\\/2021\\\/07\\\/18\\\/mostarski-vatrogasci-pozare-gase-cisternama-starijim-od-pola-stoljeca\\\/#breadcrumb\"},\"inLanguage\":\"hr\",\"potentialAction\":[{\"@type\":\"ReadAction\",\"target\":[\"https:\\\/\\\/radioljubuski.ba\\\/index.php\\\/2021\\\/07\\\/18\\\/mostarski-vatrogasci-pozare-gase-cisternama-starijim-od-pola-stoljeca\\\/\"]}]},{\"@type\":\"ImageObject\",\"inLanguage\":\"hr\",\"@id\":\"https:\\\/\\\/radioljubuski.ba\\\/index.php\\\/2021\\\/07\\\/18\\\/mostarski-vatrogasci-pozare-gase-cisternama-starijim-od-pola-stoljeca\\\/#primaryimage\",\"url\":\"https:\\\/\\\/radioljubuski.ba\\\/wp-content\\\/uploads\\\/2021\\\/07\\\/2-2021-07-18-08-23-25-vatrogasno-vozio.png\",\"contentUrl\":\"https:\\\/\\\/radioljubuski.ba\\\/wp-content\\\/uploads\\\/2021\\\/07\\\/2-2021-07-18-08-23-25-vatrogasno-vozio.png\",\"width\":1000,\"height\":625},{\"@type\":\"BreadcrumbList\",\"@id\":\"https:\\\/\\\/radioljubuski.ba\\\/index.php\\\/2021\\\/07\\\/18\\\/mostarski-vatrogasci-pozare-gase-cisternama-starijim-od-pola-stoljeca\\\/#breadcrumb\",\"itemListElement\":[{\"@type\":\"ListItem\",\"position\":1,\"name\":\"Po\u010detna stranica\",\"item\":\"https:\\\/\\\/radioljubuski.ba\\\/\"},{\"@type\":\"ListItem\",\"position\":2,\"name\":\"Mostarski vatrogasci po\u017eare gase cisternama starijim od pola stolje\u0107a\"}]},{\"@type\":\"WebSite\",\"@id\":\"https:\\\/\\\/radioljubuski.ba\\\/#website\",\"url\":\"https:\\\/\\\/radioljubuski.ba\\\/\",\"name\":\"Radio Ljubu\u0161ki\",\"description\":\"Sun\u010dana frekvencija Hercegovine\",\"publisher\":{\"@id\":\"https:\\\/\\\/radioljubuski.ba\\\/#organization\"},\"potentialAction\":[{\"@type\":\"SearchAction\",\"target\":{\"@type\":\"EntryPoint\",\"urlTemplate\":\"https:\\\/\\\/radioljubuski.ba\\\/?s={search_term_string}\"},\"query-input\":{\"@type\":\"PropertyValueSpecification\",\"valueRequired\":true,\"valueName\":\"search_term_string\"}}],\"inLanguage\":\"hr\"},{\"@type\":\"Organization\",\"@id\":\"https:\\\/\\\/radioljubuski.ba\\\/#organization\",\"name\":\"Radio Ljubu\u0161ki\",\"url\":\"https:\\\/\\\/radioljubuski.ba\\\/\",\"logo\":{\"@type\":\"ImageObject\",\"inLanguage\":\"hr\",\"@id\":\"https:\\\/\\\/radioljubuski.ba\\\/#\\\/schema\\\/logo\\\/image\\\/\",\"url\":\"https:\\\/\\\/radioljubuski.ba\\\/wp-content\\\/uploads\\\/2021\\\/02\\\/cropped-Radio_Ljubuski_logo1.jpg\",\"contentUrl\":\"https:\\\/\\\/radioljubuski.ba\\\/wp-content\\\/uploads\\\/2021\\\/02\\\/cropped-Radio_Ljubuski_logo1.jpg\",\"width\":512,\"height\":512,\"caption\":\"Radio Ljubu\u0161ki\"},\"image\":{\"@id\":\"https:\\\/\\\/radioljubuski.ba\\\/#\\\/schema\\\/logo\\\/image\\\/\"},\"sameAs\":[\"https:\\\/\\\/www.facebook.com\\\/Radiio-Ljubuski-1490835324566332\",\"https:\\\/\\\/x.com\\\/radioljubuski\",\"https:\\\/\\\/hr.linkedin.com\\\/company\\\/radio-ljubuski\",\"https:\\\/\\\/www.youtube.com\\\/channel\\\/UCHYaeO_n0Db3tjNGudGpXyw\"]},{\"@type\":\"Person\",\"@id\":\"https:\\\/\\\/radioljubuski.ba\\\/#\\\/schema\\\/person\\\/19fc700381a780f69665d7956c469e3b\",\"name\":\"Radio Ljubu\u0161ki\"}]}<\/script>\n<!-- \/ Yoast SEO plugin. -->","yoast_head_json":{"title":"Mostarski vatrogasci po\u017eare gase cisternama starijim od pola stolje\u0107a - RADIO LJUBU\u0160KI","robots":{"index":"index","follow":"follow","max-snippet":"max-snippet:-1","max-image-preview":"max-image-preview:large","max-video-preview":"max-video-preview:-1"},"canonical":"https:\/\/radioljubuski.ba\/index.php\/2021\/07\/18\/mostarski-vatrogasci-pozare-gase-cisternama-starijim-od-pola-stoljeca\/","og_locale":"hr_HR","og_type":"article","og_title":"Mostarski vatrogasci po\u017eare gase cisternama starijim od pola stolje\u0107a - RADIO LJUBU\u0160KI","og_description":"Mostarski vatrogasci, koji se godinama na brojnim po\u017eari\u0161tima mu\u010de zbog zastarjele opreme i ove godine su u sezonu po\u017eara u\u0161li sa cisternama starijim od pola stolje\u0107a, koje se \u010desto kvare, a kako su to muzejski primjerci, za njih te\u0161ko nalaze i dijelove. Zapovjednik Profesionalne vatrogasne postrojbe Mostar Petar Juri\u0107 &nbsp;ka\u017ee da su zastarjele cisterne akutni [&hellip;]","og_url":"https:\/\/radioljubuski.ba\/index.php\/2021\/07\/18\/mostarski-vatrogasci-pozare-gase-cisternama-starijim-od-pola-stoljeca\/","og_site_name":"RADIO LJUBU\u0160KI","article_publisher":"https:\/\/www.facebook.com\/Radiio-Ljubuski-1490835324566332","article_published_time":"2021-07-18T14:26:49+00:00","article_modified_time":"2021-07-18T14:26:53+00:00","og_image":[{"width":1000,"height":625,"url":"https:\/\/radioljubuski.ba\/wp-content\/uploads\/2021\/07\/2-2021-07-18-08-23-25-vatrogasno-vozio.png","type":"image\/png"}],"author":"Radio Ljubu\u0161ki","twitter_card":"summary_large_image","twitter_creator":"@radioljubuski","twitter_site":"@radioljubuski","twitter_misc":{"Napisao\/la":"Radio Ljubu\u0161ki","Procijenjeno vrijeme \u010ditanja":"3 minute"},"schema":{"@context":"https:\/\/schema.org","@graph":[{"@type":"Article","@id":"https:\/\/radioljubuski.ba\/index.php\/2021\/07\/18\/mostarski-vatrogasci-pozare-gase-cisternama-starijim-od-pola-stoljeca\/#article","isPartOf":{"@id":"https:\/\/radioljubuski.ba\/index.php\/2021\/07\/18\/mostarski-vatrogasci-pozare-gase-cisternama-starijim-od-pola-stoljeca\/"},"author":{"name":"Radio Ljubu\u0161ki","@id":"https:\/\/radioljubuski.ba\/#\/schema\/person\/19fc700381a780f69665d7956c469e3b"},"headline":"Mostarski vatrogasci po\u017eare gase cisternama starijim od pola stolje\u0107a","datePublished":"2021-07-18T14:26:49+00:00","dateModified":"2021-07-18T14:26:53+00:00","mainEntityOfPage":{"@id":"https:\/\/radioljubuski.ba\/index.php\/2021\/07\/18\/mostarski-vatrogasci-pozare-gase-cisternama-starijim-od-pola-stoljeca\/"},"wordCount":525,"publisher":{"@id":"https:\/\/radioljubuski.ba\/#organization"},"image":{"@id":"https:\/\/radioljubuski.ba\/index.php\/2021\/07\/18\/mostarski-vatrogasci-pozare-gase-cisternama-starijim-od-pola-stoljeca\/#primaryimage"},"thumbnailUrl":"https:\/\/radioljubuski.ba\/wp-content\/uploads\/2021\/07\/2-2021-07-18-08-23-25-vatrogasno-vozio.png","articleSection":["BIH i regija"],"inLanguage":"hr"},{"@type":"WebPage","@id":"https:\/\/radioljubuski.ba\/index.php\/2021\/07\/18\/mostarski-vatrogasci-pozare-gase-cisternama-starijim-od-pola-stoljeca\/","url":"https:\/\/radioljubuski.ba\/index.php\/2021\/07\/18\/mostarski-vatrogasci-pozare-gase-cisternama-starijim-od-pola-stoljeca\/","name":"Mostarski vatrogasci po\u017eare gase cisternama starijim od pola stolje\u0107a - RADIO LJUBU\u0160KI","isPartOf":{"@id":"https:\/\/radioljubuski.ba\/#website"},"primaryImageOfPage":{"@id":"https:\/\/radioljubuski.ba\/index.php\/2021\/07\/18\/mostarski-vatrogasci-pozare-gase-cisternama-starijim-od-pola-stoljeca\/#primaryimage"},"image":{"@id":"https:\/\/radioljubuski.ba\/index.php\/2021\/07\/18\/mostarski-vatrogasci-pozare-gase-cisternama-starijim-od-pola-stoljeca\/#primaryimage"},"thumbnailUrl":"https:\/\/radioljubuski.ba\/wp-content\/uploads\/2021\/07\/2-2021-07-18-08-23-25-vatrogasno-vozio.png","datePublished":"2021-07-18T14:26:49+00:00","dateModified":"2021-07-18T14:26:53+00:00","breadcrumb":{"@id":"https:\/\/radioljubuski.ba\/index.php\/2021\/07\/18\/mostarski-vatrogasci-pozare-gase-cisternama-starijim-od-pola-stoljeca\/#breadcrumb"},"inLanguage":"hr","potentialAction":[{"@type":"ReadAction","target":["https:\/\/radioljubuski.ba\/index.php\/2021\/07\/18\/mostarski-vatrogasci-pozare-gase-cisternama-starijim-od-pola-stoljeca\/"]}]},{"@type":"ImageObject","inLanguage":"hr","@id":"https:\/\/radioljubuski.ba\/index.php\/2021\/07\/18\/mostarski-vatrogasci-pozare-gase-cisternama-starijim-od-pola-stoljeca\/#primaryimage","url":"https:\/\/radioljubuski.ba\/wp-content\/uploads\/2021\/07\/2-2021-07-18-08-23-25-vatrogasno-vozio.png","contentUrl":"https:\/\/radioljubuski.ba\/wp-content\/uploads\/2021\/07\/2-2021-07-18-08-23-25-vatrogasno-vozio.png","width":1000,"height":625},{"@type":"BreadcrumbList","@id":"https:\/\/radioljubuski.ba\/index.php\/2021\/07\/18\/mostarski-vatrogasci-pozare-gase-cisternama-starijim-od-pola-stoljeca\/#breadcrumb","itemListElement":[{"@type":"ListItem","position":1,"name":"Po\u010detna stranica","item":"https:\/\/radioljubuski.ba\/"},{"@type":"ListItem","position":2,"name":"Mostarski vatrogasci po\u017eare gase cisternama starijim od pola stolje\u0107a"}]},{"@type":"WebSite","@id":"https:\/\/radioljubuski.ba\/#website","url":"https:\/\/radioljubuski.ba\/","name":"Radio Ljubu\u0161ki","description":"Sun\u010dana frekvencija Hercegovine","publisher":{"@id":"https:\/\/radioljubuski.ba\/#organization"},"potentialAction":[{"@type":"SearchAction","target":{"@type":"EntryPoint","urlTemplate":"https:\/\/radioljubuski.ba\/?s={search_term_string}"},"query-input":{"@type":"PropertyValueSpecification","valueRequired":true,"valueName":"search_term_string"}}],"inLanguage":"hr"},{"@type":"Organization","@id":"https:\/\/radioljubuski.ba\/#organization","name":"Radio Ljubu\u0161ki","url":"https:\/\/radioljubuski.ba\/","logo":{"@type":"ImageObject","inLanguage":"hr","@id":"https:\/\/radioljubuski.ba\/#\/schema\/logo\/image\/","url":"https:\/\/radioljubuski.ba\/wp-content\/uploads\/2021\/02\/cropped-Radio_Ljubuski_logo1.jpg","contentUrl":"https:\/\/radioljubuski.ba\/wp-content\/uploads\/2021\/02\/cropped-Radio_Ljubuski_logo1.jpg","width":512,"height":512,"caption":"Radio Ljubu\u0161ki"},"image":{"@id":"https:\/\/radioljubuski.ba\/#\/schema\/logo\/image\/"},"sameAs":["https:\/\/www.facebook.com\/Radiio-Ljubuski-1490835324566332","https:\/\/x.com\/radioljubuski","https:\/\/hr.linkedin.com\/company\/radio-ljubuski","https:\/\/www.youtube.com\/channel\/UCHYaeO_n0Db3tjNGudGpXyw"]},{"@type":"Person","@id":"https:\/\/radioljubuski.ba\/#\/schema\/person\/19fc700381a780f69665d7956c469e3b","name":"Radio Ljubu\u0161ki"}]}},"_links":{"self":[{"href":"https:\/\/radioljubuski.ba\/index.php\/wp-json\/wp\/v2\/posts\/43812","targetHints":{"allow":["GET"]}}],"collection":[{"href":"https:\/\/radioljubuski.ba\/index.php\/wp-json\/wp\/v2\/posts"}],"about":[{"href":"https:\/\/radioljubuski.ba\/index.php\/wp-json\/wp\/v2\/types\/post"}],"author":[{"embeddable":true,"href":"https:\/\/radioljubuski.ba\/index.php\/wp-json\/wp\/v2\/users\/2"}],"replies":[{"embeddable":true,"href":"https:\/\/radioljubuski.ba\/index.php\/wp-json\/wp\/v2\/comments?post=43812"}],"version-history":[{"count":1,"href":"https:\/\/radioljubuski.ba\/index.php\/wp-json\/wp\/v2\/posts\/43812\/revisions"}],"predecessor-version":[{"id":43814,"href":"https:\/\/radioljubuski.ba\/index.php\/wp-json\/wp\/v2\/posts\/43812\/revisions\/43814"}],"wp:featuredmedia":[{"embeddable":true,"href":"https:\/\/radioljubuski.ba\/index.php\/wp-json\/wp\/v2\/media\/43813"}],"wp:attachment":[{"href":"https:\/\/radioljubuski.ba\/index.php\/wp-json\/wp\/v2\/media?parent=43812"}],"wp:term":[{"taxonomy":"category","embeddable":true,"href":"https:\/\/radioljubuski.ba\/index.php\/wp-json\/wp\/v2\/categories?post=43812"},{"taxonomy":"post_tag","embeddable":true,"href":"https:\/\/radioljubuski.ba\/index.php\/wp-json\/wp\/v2\/tags?post=43812"}],"curies":[{"name":"wp","href":"https:\/\/api.w.org\/{rel}","templated":true}]}}