{"id":43818,"date":"2021-07-18T15:33:18","date_gmt":"2021-07-18T14:33:18","guid":{"rendered":"https:\/\/radioljubuski.ba\/?p=43818"},"modified":"2021-08-08T08:53:16","modified_gmt":"2021-08-08T07:53:16","slug":"zbog-pokusaj-ubojstva-dvije-zene-muskarac-ce-biti-predan-u-pritvor","status":"publish","type":"post","link":"https:\/\/radioljubuski.ba\/index.php\/2021\/07\/18\/zbog-pokusaj-ubojstva-dvije-zene-muskarac-ce-biti-predan-u-pritvor\/","title":{"rendered":"Zbog poku\u0161aj ubojstva dvije \u017eene mu\u0161karac \u0107e biti predan u pritvor"},"content":{"rendered":"\n<p>Splitska policija izvijestila je u nedjelju da je za poku\u0161aje ubojstva osumnji\u010dila 28-godi\u0161njaka koji je u subotu u Splitu u razmaku od pola sata fizi\u010dki napao dvije \u017eene, od kojih je jednu te\u0161ko ozlijedio te \u0107e uz kaznenu prijavu biti predan pritvorskom nadzorniku. &nbsp;&nbsp;<\/p>\n\n\n\n<p>Policija je, kako se navodi u priop\u0107enju, dovr\u0161ila &nbsp;kriminalisti\u010dko istra\u017eivanje nad 28-godi\u0161njakom zbog sumnje u po\u010dinjenje dva kaznena djela poku\u0161aj ubojstva 52-godi\u0161njakinje i 40-godi\u0161njakinje.<br>Sumnji\u010di ga se da je ju\u010der u ugostiteljskom objektu na pla\u017ei Firule, &nbsp;oko 7.15 sati s le\u0111a, bocom u glavu udario 52-godi\u0161njakinju, a kad je pala na tlo, nastavio ju je udarati \u0161akama po glavi i vratu te je hvatati rukama za vrat.<\/p>\n\n\n\n<p>Osumnji\u010dila ga je i da je zatim, oko 7.45 sati, u ulici Antuna Branka \u0160imi\u0107a u Split s le\u0111a, vi\u0161e puta, kamenom u glavu udario 40-godi\u0161njakinju te ju je potom nastavio tu\u0107i \u0161akama po glavi.<\/p>\n\n\n\n<p>Nakon pru\u017eene lije\u010dni\u010dke pomo\u0107i, utvr\u0111eno je kako je 52-godi\u0161njakinja zadobila lak\u0161e tjelesne ozljede, a 40-godi\u0161njakinja te\u0161ku tjelesnu ozljedu noge, navodi se u policijskom priop\u0107enju.<\/p>\n\n\n\n<figure class=\"wp-block-embed is-type-wp-embed is-provider-radio-ljubuski wp-block-embed-radio-ljubuski\"><div class=\"wp-block-embed__wrapper\">\n<blockquote class=\"wp-embedded-content\" data-secret=\"miHENr64KG\"><a href=\"https:\/\/radioljubuski.ba\/index.php\/2021\/07\/17\/ovo-je-nasilnik-koji-je-napadao-zene-po-splitu-aleksandar-nisevic-je-karijerni-kriminalac-a-nedavno-je-dosao-u-dalmaciju\/\">Ovo je nasilnik koji je napadao \u017eene po Splitu: Aleksandar Ni\u0161evi\u0107 je karijerni kriminalac, a nedavno je do\u0161ao u Dalmaciju<\/a><\/blockquote><iframe loading=\"lazy\" class=\"wp-embedded-content\" sandbox=\"allow-scripts\" security=\"restricted\" style=\"position: absolute; clip: rect(1px, 1px, 1px, 1px);\" title=\"&#8220;Ovo je nasilnik koji je napadao \u017eene po Splitu: Aleksandar Ni\u0161evi\u0107 je karijerni kriminalac, a nedavno je do\u0161ao u Dalmaciju&#8221; &#8212;   RADIO LJUBU\u0160KI\" src=\"https:\/\/radioljubuski.ba\/index.php\/2021\/07\/17\/ovo-je-nasilnik-koji-je-napadao-zene-po-splitu-aleksandar-nisevic-je-karijerni-kriminalac-a-nedavno-je-dosao-u-dalmaciju\/embed\/#?secret=2ojnoslg5z#?secret=miHENr64KG\" data-secret=\"miHENr64KG\" width=\"600\" height=\"338\" frameborder=\"0\" marginwidth=\"0\" marginheight=\"0\" scrolling=\"no\"><\/iframe>\n<\/div><\/figure>\n\n\n\n<p>Snimka nadzornih kamera kod ugostiteljskog objekta prikazuje mu\u0161karaca kako udara \u017eenu bocom po glavi, ru\u0161i na stube i nastavlja tu\u0107i. U drugom slu\u010daju, koji su tako\u0111er snimile kamere, mu\u0161karac je nasrnuo na mla\u0111u \u017eenu s le\u0111a a udarao ju je rukama dok se ona poku\u0161avala obraniti i zatim je bacio na tlo.&nbsp;<\/p>\n\n\n\n<p>Napada\u010d (28) navodno u dosjeu ima niz nedjela, od kra\u0111a i razbojni\u0161tava do prisile i nedozvoljenog dr\u017eanja oru\u017eja, a za njim od ranije traga zagreba\u010dka policija.<\/p>\n\n\n\n<p>Izvor:pogled.ba<\/p>\n","protected":false},"excerpt":{"rendered":"<p>Splitska policija izvijestila je u nedjelju da je za poku\u0161aje ubojstva osumnji\u010dila 28-godi\u0161njaka koji je u subotu u Splitu u razmaku od pola sata fizi\u010dki napao dvije \u017eene, od kojih je jednu te\u0161ko ozlijedio te \u0107e uz kaznenu prijavu biti predan pritvorskom nadzorniku. &nbsp;&nbsp; Policija je, kako se navodi u priop\u0107enju, dovr\u0161ila &nbsp;kriminalisti\u010dko istra\u017eivanje nad [&hellip;]<\/p>\n","protected":false},"author":2,"featured_media":1467,"comment_status":"closed","ping_status":"closed","sticky":false,"template":"","format":"standard","meta":{"h5ap_radio_sources":[],"footnotes":""},"categories":[1],"tags":[],"class_list":["post-43818","post","type-post","status-publish","format-standard","has-post-thumbnail","hentry","category-bihiregija"],"yoast_head":"<!-- This site is optimized with the Yoast SEO plugin v27.5 - https:\/\/yoast.com\/product\/yoast-seo-wordpress\/ -->\n<title>Zbog poku\u0161aj ubojstva dvije \u017eene mu\u0161karac \u0107e biti predan u pritvor - RADIO LJUBU\u0160KI<\/title>\n<meta name=\"robots\" content=\"index, follow, max-snippet:-1, max-image-preview:large, max-video-preview:-1\" \/>\n<link rel=\"canonical\" href=\"https:\/\/radioljubuski.ba\/index.php\/2021\/07\/18\/zbog-pokusaj-ubojstva-dvije-zene-muskarac-ce-biti-predan-u-pritvor\/\" \/>\n<meta property=\"og:locale\" content=\"hr_HR\" \/>\n<meta property=\"og:type\" content=\"article\" \/>\n<meta property=\"og:title\" content=\"Zbog poku\u0161aj ubojstva dvije \u017eene mu\u0161karac \u0107e biti predan u pritvor - RADIO LJUBU\u0160KI\" \/>\n<meta property=\"og:description\" content=\"Splitska policija izvijestila je u nedjelju da je za poku\u0161aje ubojstva osumnji\u010dila 28-godi\u0161njaka koji je u subotu u Splitu u razmaku od pola sata fizi\u010dki napao dvije \u017eene, od kojih je jednu te\u0161ko ozlijedio te \u0107e uz kaznenu prijavu biti predan pritvorskom nadzorniku. &nbsp;&nbsp; Policija je, kako se navodi u priop\u0107enju, dovr\u0161ila &nbsp;kriminalisti\u010dko istra\u017eivanje nad [&hellip;]\" \/>\n<meta property=\"og:url\" content=\"https:\/\/radioljubuski.ba\/index.php\/2021\/07\/18\/zbog-pokusaj-ubojstva-dvije-zene-muskarac-ce-biti-predan-u-pritvor\/\" \/>\n<meta property=\"og:site_name\" content=\"RADIO LJUBU\u0160KI\" \/>\n<meta property=\"article:publisher\" content=\"https:\/\/www.facebook.com\/Radiio-Ljubuski-1490835324566332\" \/>\n<meta property=\"article:published_time\" content=\"2021-07-18T14:33:18+00:00\" \/>\n<meta property=\"article:modified_time\" content=\"2021-08-08T07:53:16+00:00\" \/>\n<meta property=\"og:image\" content=\"https:\/\/radioljubuski.ba\/wp-content\/uploads\/2021\/03\/hozUbq8E_rh_policija_475_316_85_s_c1.jpg\" \/>\n\t<meta property=\"og:image:width\" content=\"475\" \/>\n\t<meta property=\"og:image:height\" content=\"316\" \/>\n\t<meta property=\"og:image:type\" content=\"image\/jpeg\" \/>\n<meta name=\"author\" content=\"Radio Ljubu\u0161ki\" \/>\n<meta name=\"twitter:card\" content=\"summary_large_image\" \/>\n<meta name=\"twitter:creator\" content=\"@radioljubuski\" \/>\n<meta name=\"twitter:site\" content=\"@radioljubuski\" \/>\n<meta name=\"twitter:label1\" content=\"Napisao\/la\" \/>\n\t<meta name=\"twitter:data1\" content=\"Radio Ljubu\u0161ki\" \/>\n\t<meta name=\"twitter:label2\" content=\"Procijenjeno vrijeme \u010ditanja\" \/>\n\t<meta name=\"twitter:data2\" content=\"2 minute\" \/>\n<script type=\"application\/ld+json\" class=\"yoast-schema-graph\">{\"@context\":\"https:\\\/\\\/schema.org\",\"@graph\":[{\"@type\":\"Article\",\"@id\":\"https:\\\/\\\/radioljubuski.ba\\\/index.php\\\/2021\\\/07\\\/18\\\/zbog-pokusaj-ubojstva-dvije-zene-muskarac-ce-biti-predan-u-pritvor\\\/#article\",\"isPartOf\":{\"@id\":\"https:\\\/\\\/radioljubuski.ba\\\/index.php\\\/2021\\\/07\\\/18\\\/zbog-pokusaj-ubojstva-dvije-zene-muskarac-ce-biti-predan-u-pritvor\\\/\"},\"author\":{\"name\":\"Radio Ljubu\u0161ki\",\"@id\":\"https:\\\/\\\/radioljubuski.ba\\\/#\\\/schema\\\/person\\\/19fc700381a780f69665d7956c469e3b\"},\"headline\":\"Zbog poku\u0161aj ubojstva dvije \u017eene mu\u0161karac \u0107e biti predan u pritvor\",\"datePublished\":\"2021-07-18T14:33:18+00:00\",\"dateModified\":\"2021-08-08T07:53:16+00:00\",\"mainEntityOfPage\":{\"@id\":\"https:\\\/\\\/radioljubuski.ba\\\/index.php\\\/2021\\\/07\\\/18\\\/zbog-pokusaj-ubojstva-dvije-zene-muskarac-ce-biti-predan-u-pritvor\\\/\"},\"wordCount\":320,\"publisher\":{\"@id\":\"https:\\\/\\\/radioljubuski.ba\\\/#organization\"},\"image\":{\"@id\":\"https:\\\/\\\/radioljubuski.ba\\\/index.php\\\/2021\\\/07\\\/18\\\/zbog-pokusaj-ubojstva-dvije-zene-muskarac-ce-biti-predan-u-pritvor\\\/#primaryimage\"},\"thumbnailUrl\":\"https:\\\/\\\/radioljubuski.ba\\\/wp-content\\\/uploads\\\/2021\\\/03\\\/hozUbq8E_rh_policija_475_316_85_s_c1.jpg\",\"articleSection\":[\"BIH i regija\"],\"inLanguage\":\"hr\"},{\"@type\":\"WebPage\",\"@id\":\"https:\\\/\\\/radioljubuski.ba\\\/index.php\\\/2021\\\/07\\\/18\\\/zbog-pokusaj-ubojstva-dvije-zene-muskarac-ce-biti-predan-u-pritvor\\\/\",\"url\":\"https:\\\/\\\/radioljubuski.ba\\\/index.php\\\/2021\\\/07\\\/18\\\/zbog-pokusaj-ubojstva-dvije-zene-muskarac-ce-biti-predan-u-pritvor\\\/\",\"name\":\"Zbog poku\u0161aj ubojstva dvije \u017eene mu\u0161karac \u0107e biti predan u pritvor - RADIO LJUBU\u0160KI\",\"isPartOf\":{\"@id\":\"https:\\\/\\\/radioljubuski.ba\\\/#website\"},\"primaryImageOfPage\":{\"@id\":\"https:\\\/\\\/radioljubuski.ba\\\/index.php\\\/2021\\\/07\\\/18\\\/zbog-pokusaj-ubojstva-dvije-zene-muskarac-ce-biti-predan-u-pritvor\\\/#primaryimage\"},\"image\":{\"@id\":\"https:\\\/\\\/radioljubuski.ba\\\/index.php\\\/2021\\\/07\\\/18\\\/zbog-pokusaj-ubojstva-dvije-zene-muskarac-ce-biti-predan-u-pritvor\\\/#primaryimage\"},\"thumbnailUrl\":\"https:\\\/\\\/radioljubuski.ba\\\/wp-content\\\/uploads\\\/2021\\\/03\\\/hozUbq8E_rh_policija_475_316_85_s_c1.jpg\",\"datePublished\":\"2021-07-18T14:33:18+00:00\",\"dateModified\":\"2021-08-08T07:53:16+00:00\",\"breadcrumb\":{\"@id\":\"https:\\\/\\\/radioljubuski.ba\\\/index.php\\\/2021\\\/07\\\/18\\\/zbog-pokusaj-ubojstva-dvije-zene-muskarac-ce-biti-predan-u-pritvor\\\/#breadcrumb\"},\"inLanguage\":\"hr\",\"potentialAction\":[{\"@type\":\"ReadAction\",\"target\":[\"https:\\\/\\\/radioljubuski.ba\\\/index.php\\\/2021\\\/07\\\/18\\\/zbog-pokusaj-ubojstva-dvije-zene-muskarac-ce-biti-predan-u-pritvor\\\/\"]}]},{\"@type\":\"ImageObject\",\"inLanguage\":\"hr\",\"@id\":\"https:\\\/\\\/radioljubuski.ba\\\/index.php\\\/2021\\\/07\\\/18\\\/zbog-pokusaj-ubojstva-dvije-zene-muskarac-ce-biti-predan-u-pritvor\\\/#primaryimage\",\"url\":\"https:\\\/\\\/radioljubuski.ba\\\/wp-content\\\/uploads\\\/2021\\\/03\\\/hozUbq8E_rh_policija_475_316_85_s_c1.jpg\",\"contentUrl\":\"https:\\\/\\\/radioljubuski.ba\\\/wp-content\\\/uploads\\\/2021\\\/03\\\/hozUbq8E_rh_policija_475_316_85_s_c1.jpg\",\"width\":475,\"height\":316},{\"@type\":\"BreadcrumbList\",\"@id\":\"https:\\\/\\\/radioljubuski.ba\\\/index.php\\\/2021\\\/07\\\/18\\\/zbog-pokusaj-ubojstva-dvije-zene-muskarac-ce-biti-predan-u-pritvor\\\/#breadcrumb\",\"itemListElement\":[{\"@type\":\"ListItem\",\"position\":1,\"name\":\"Po\u010detna stranica\",\"item\":\"https:\\\/\\\/radioljubuski.ba\\\/\"},{\"@type\":\"ListItem\",\"position\":2,\"name\":\"Zbog poku\u0161aj ubojstva dvije \u017eene mu\u0161karac \u0107e biti predan u pritvor\"}]},{\"@type\":\"WebSite\",\"@id\":\"https:\\\/\\\/radioljubuski.ba\\\/#website\",\"url\":\"https:\\\/\\\/radioljubuski.ba\\\/\",\"name\":\"Radio Ljubu\u0161ki\",\"description\":\"Sun\u010dana frekvencija Hercegovine\",\"publisher\":{\"@id\":\"https:\\\/\\\/radioljubuski.ba\\\/#organization\"},\"potentialAction\":[{\"@type\":\"SearchAction\",\"target\":{\"@type\":\"EntryPoint\",\"urlTemplate\":\"https:\\\/\\\/radioljubuski.ba\\\/?s={search_term_string}\"},\"query-input\":{\"@type\":\"PropertyValueSpecification\",\"valueRequired\":true,\"valueName\":\"search_term_string\"}}],\"inLanguage\":\"hr\"},{\"@type\":\"Organization\",\"@id\":\"https:\\\/\\\/radioljubuski.ba\\\/#organization\",\"name\":\"Radio Ljubu\u0161ki\",\"url\":\"https:\\\/\\\/radioljubuski.ba\\\/\",\"logo\":{\"@type\":\"ImageObject\",\"inLanguage\":\"hr\",\"@id\":\"https:\\\/\\\/radioljubuski.ba\\\/#\\\/schema\\\/logo\\\/image\\\/\",\"url\":\"https:\\\/\\\/radioljubuski.ba\\\/wp-content\\\/uploads\\\/2021\\\/02\\\/cropped-Radio_Ljubuski_logo1.jpg\",\"contentUrl\":\"https:\\\/\\\/radioljubuski.ba\\\/wp-content\\\/uploads\\\/2021\\\/02\\\/cropped-Radio_Ljubuski_logo1.jpg\",\"width\":512,\"height\":512,\"caption\":\"Radio Ljubu\u0161ki\"},\"image\":{\"@id\":\"https:\\\/\\\/radioljubuski.ba\\\/#\\\/schema\\\/logo\\\/image\\\/\"},\"sameAs\":[\"https:\\\/\\\/www.facebook.com\\\/Radiio-Ljubuski-1490835324566332\",\"https:\\\/\\\/x.com\\\/radioljubuski\",\"https:\\\/\\\/hr.linkedin.com\\\/company\\\/radio-ljubuski\",\"https:\\\/\\\/www.youtube.com\\\/channel\\\/UCHYaeO_n0Db3tjNGudGpXyw\"]},{\"@type\":\"Person\",\"@id\":\"https:\\\/\\\/radioljubuski.ba\\\/#\\\/schema\\\/person\\\/19fc700381a780f69665d7956c469e3b\",\"name\":\"Radio Ljubu\u0161ki\"}]}<\/script>\n<!-- \/ Yoast SEO plugin. -->","yoast_head_json":{"title":"Zbog poku\u0161aj ubojstva dvije \u017eene mu\u0161karac \u0107e biti predan u pritvor - RADIO LJUBU\u0160KI","robots":{"index":"index","follow":"follow","max-snippet":"max-snippet:-1","max-image-preview":"max-image-preview:large","max-video-preview":"max-video-preview:-1"},"canonical":"https:\/\/radioljubuski.ba\/index.php\/2021\/07\/18\/zbog-pokusaj-ubojstva-dvije-zene-muskarac-ce-biti-predan-u-pritvor\/","og_locale":"hr_HR","og_type":"article","og_title":"Zbog poku\u0161aj ubojstva dvije \u017eene mu\u0161karac \u0107e biti predan u pritvor - RADIO LJUBU\u0160KI","og_description":"Splitska policija izvijestila je u nedjelju da je za poku\u0161aje ubojstva osumnji\u010dila 28-godi\u0161njaka koji je u subotu u Splitu u razmaku od pola sata fizi\u010dki napao dvije \u017eene, od kojih je jednu te\u0161ko ozlijedio te \u0107e uz kaznenu prijavu biti predan pritvorskom nadzorniku. &nbsp;&nbsp; Policija je, kako se navodi u priop\u0107enju, dovr\u0161ila &nbsp;kriminalisti\u010dko istra\u017eivanje nad [&hellip;]","og_url":"https:\/\/radioljubuski.ba\/index.php\/2021\/07\/18\/zbog-pokusaj-ubojstva-dvije-zene-muskarac-ce-biti-predan-u-pritvor\/","og_site_name":"RADIO LJUBU\u0160KI","article_publisher":"https:\/\/www.facebook.com\/Radiio-Ljubuski-1490835324566332","article_published_time":"2021-07-18T14:33:18+00:00","article_modified_time":"2021-08-08T07:53:16+00:00","og_image":[{"width":475,"height":316,"url":"https:\/\/radioljubuski.ba\/wp-content\/uploads\/2021\/03\/hozUbq8E_rh_policija_475_316_85_s_c1.jpg","type":"image\/jpeg"}],"author":"Radio Ljubu\u0161ki","twitter_card":"summary_large_image","twitter_creator":"@radioljubuski","twitter_site":"@radioljubuski","twitter_misc":{"Napisao\/la":"Radio Ljubu\u0161ki","Procijenjeno vrijeme \u010ditanja":"2 minute"},"schema":{"@context":"https:\/\/schema.org","@graph":[{"@type":"Article","@id":"https:\/\/radioljubuski.ba\/index.php\/2021\/07\/18\/zbog-pokusaj-ubojstva-dvije-zene-muskarac-ce-biti-predan-u-pritvor\/#article","isPartOf":{"@id":"https:\/\/radioljubuski.ba\/index.php\/2021\/07\/18\/zbog-pokusaj-ubojstva-dvije-zene-muskarac-ce-biti-predan-u-pritvor\/"},"author":{"name":"Radio Ljubu\u0161ki","@id":"https:\/\/radioljubuski.ba\/#\/schema\/person\/19fc700381a780f69665d7956c469e3b"},"headline":"Zbog poku\u0161aj ubojstva dvije \u017eene mu\u0161karac \u0107e biti predan u pritvor","datePublished":"2021-07-18T14:33:18+00:00","dateModified":"2021-08-08T07:53:16+00:00","mainEntityOfPage":{"@id":"https:\/\/radioljubuski.ba\/index.php\/2021\/07\/18\/zbog-pokusaj-ubojstva-dvije-zene-muskarac-ce-biti-predan-u-pritvor\/"},"wordCount":320,"publisher":{"@id":"https:\/\/radioljubuski.ba\/#organization"},"image":{"@id":"https:\/\/radioljubuski.ba\/index.php\/2021\/07\/18\/zbog-pokusaj-ubojstva-dvije-zene-muskarac-ce-biti-predan-u-pritvor\/#primaryimage"},"thumbnailUrl":"https:\/\/radioljubuski.ba\/wp-content\/uploads\/2021\/03\/hozUbq8E_rh_policija_475_316_85_s_c1.jpg","articleSection":["BIH i regija"],"inLanguage":"hr"},{"@type":"WebPage","@id":"https:\/\/radioljubuski.ba\/index.php\/2021\/07\/18\/zbog-pokusaj-ubojstva-dvije-zene-muskarac-ce-biti-predan-u-pritvor\/","url":"https:\/\/radioljubuski.ba\/index.php\/2021\/07\/18\/zbog-pokusaj-ubojstva-dvije-zene-muskarac-ce-biti-predan-u-pritvor\/","name":"Zbog poku\u0161aj ubojstva dvije \u017eene mu\u0161karac \u0107e biti predan u pritvor - RADIO LJUBU\u0160KI","isPartOf":{"@id":"https:\/\/radioljubuski.ba\/#website"},"primaryImageOfPage":{"@id":"https:\/\/radioljubuski.ba\/index.php\/2021\/07\/18\/zbog-pokusaj-ubojstva-dvije-zene-muskarac-ce-biti-predan-u-pritvor\/#primaryimage"},"image":{"@id":"https:\/\/radioljubuski.ba\/index.php\/2021\/07\/18\/zbog-pokusaj-ubojstva-dvije-zene-muskarac-ce-biti-predan-u-pritvor\/#primaryimage"},"thumbnailUrl":"https:\/\/radioljubuski.ba\/wp-content\/uploads\/2021\/03\/hozUbq8E_rh_policija_475_316_85_s_c1.jpg","datePublished":"2021-07-18T14:33:18+00:00","dateModified":"2021-08-08T07:53:16+00:00","breadcrumb":{"@id":"https:\/\/radioljubuski.ba\/index.php\/2021\/07\/18\/zbog-pokusaj-ubojstva-dvije-zene-muskarac-ce-biti-predan-u-pritvor\/#breadcrumb"},"inLanguage":"hr","potentialAction":[{"@type":"ReadAction","target":["https:\/\/radioljubuski.ba\/index.php\/2021\/07\/18\/zbog-pokusaj-ubojstva-dvije-zene-muskarac-ce-biti-predan-u-pritvor\/"]}]},{"@type":"ImageObject","inLanguage":"hr","@id":"https:\/\/radioljubuski.ba\/index.php\/2021\/07\/18\/zbog-pokusaj-ubojstva-dvije-zene-muskarac-ce-biti-predan-u-pritvor\/#primaryimage","url":"https:\/\/radioljubuski.ba\/wp-content\/uploads\/2021\/03\/hozUbq8E_rh_policija_475_316_85_s_c1.jpg","contentUrl":"https:\/\/radioljubuski.ba\/wp-content\/uploads\/2021\/03\/hozUbq8E_rh_policija_475_316_85_s_c1.jpg","width":475,"height":316},{"@type":"BreadcrumbList","@id":"https:\/\/radioljubuski.ba\/index.php\/2021\/07\/18\/zbog-pokusaj-ubojstva-dvije-zene-muskarac-ce-biti-predan-u-pritvor\/#breadcrumb","itemListElement":[{"@type":"ListItem","position":1,"name":"Po\u010detna stranica","item":"https:\/\/radioljubuski.ba\/"},{"@type":"ListItem","position":2,"name":"Zbog poku\u0161aj ubojstva dvije \u017eene mu\u0161karac \u0107e biti predan u pritvor"}]},{"@type":"WebSite","@id":"https:\/\/radioljubuski.ba\/#website","url":"https:\/\/radioljubuski.ba\/","name":"Radio Ljubu\u0161ki","description":"Sun\u010dana frekvencija Hercegovine","publisher":{"@id":"https:\/\/radioljubuski.ba\/#organization"},"potentialAction":[{"@type":"SearchAction","target":{"@type":"EntryPoint","urlTemplate":"https:\/\/radioljubuski.ba\/?s={search_term_string}"},"query-input":{"@type":"PropertyValueSpecification","valueRequired":true,"valueName":"search_term_string"}}],"inLanguage":"hr"},{"@type":"Organization","@id":"https:\/\/radioljubuski.ba\/#organization","name":"Radio Ljubu\u0161ki","url":"https:\/\/radioljubuski.ba\/","logo":{"@type":"ImageObject","inLanguage":"hr","@id":"https:\/\/radioljubuski.ba\/#\/schema\/logo\/image\/","url":"https:\/\/radioljubuski.ba\/wp-content\/uploads\/2021\/02\/cropped-Radio_Ljubuski_logo1.jpg","contentUrl":"https:\/\/radioljubuski.ba\/wp-content\/uploads\/2021\/02\/cropped-Radio_Ljubuski_logo1.jpg","width":512,"height":512,"caption":"Radio Ljubu\u0161ki"},"image":{"@id":"https:\/\/radioljubuski.ba\/#\/schema\/logo\/image\/"},"sameAs":["https:\/\/www.facebook.com\/Radiio-Ljubuski-1490835324566332","https:\/\/x.com\/radioljubuski","https:\/\/hr.linkedin.com\/company\/radio-ljubuski","https:\/\/www.youtube.com\/channel\/UCHYaeO_n0Db3tjNGudGpXyw"]},{"@type":"Person","@id":"https:\/\/radioljubuski.ba\/#\/schema\/person\/19fc700381a780f69665d7956c469e3b","name":"Radio Ljubu\u0161ki"}]}},"_links":{"self":[{"href":"https:\/\/radioljubuski.ba\/index.php\/wp-json\/wp\/v2\/posts\/43818","targetHints":{"allow":["GET"]}}],"collection":[{"href":"https:\/\/radioljubuski.ba\/index.php\/wp-json\/wp\/v2\/posts"}],"about":[{"href":"https:\/\/radioljubuski.ba\/index.php\/wp-json\/wp\/v2\/types\/post"}],"author":[{"embeddable":true,"href":"https:\/\/radioljubuski.ba\/index.php\/wp-json\/wp\/v2\/users\/2"}],"replies":[{"embeddable":true,"href":"https:\/\/radioljubuski.ba\/index.php\/wp-json\/wp\/v2\/comments?post=43818"}],"version-history":[{"count":1,"href":"https:\/\/radioljubuski.ba\/index.php\/wp-json\/wp\/v2\/posts\/43818\/revisions"}],"predecessor-version":[{"id":43819,"href":"https:\/\/radioljubuski.ba\/index.php\/wp-json\/wp\/v2\/posts\/43818\/revisions\/43819"}],"wp:featuredmedia":[{"embeddable":true,"href":"https:\/\/radioljubuski.ba\/index.php\/wp-json\/wp\/v2\/media\/1467"}],"wp:attachment":[{"href":"https:\/\/radioljubuski.ba\/index.php\/wp-json\/wp\/v2\/media?parent=43818"}],"wp:term":[{"taxonomy":"category","embeddable":true,"href":"https:\/\/radioljubuski.ba\/index.php\/wp-json\/wp\/v2\/categories?post=43818"},{"taxonomy":"post_tag","embeddable":true,"href":"https:\/\/radioljubuski.ba\/index.php\/wp-json\/wp\/v2\/tags?post=43818"}],"curies":[{"name":"wp","href":"https:\/\/api.w.org\/{rel}","templated":true}]}}