{"id":43826,"date":"2021-07-18T18:57:12","date_gmt":"2021-07-18T17:57:12","guid":{"rendered":"https:\/\/radioljubuski.ba\/?p=43826"},"modified":"2021-07-18T19:07:14","modified_gmt":"2021-07-18T18:07:14","slug":"18-srpnja-1942-cetnicki-vojvoda-trifunovic-bircanin-sa-sjedistem-u-splitu-sto-je-privuklo-hrvate-jugoslavene-u-ovaj-zlocinacki-pokret","status":"publish","type":"post","link":"https:\/\/radioljubuski.ba\/index.php\/2021\/07\/18\/18-srpnja-1942-cetnicki-vojvoda-trifunovic-bircanin-sa-sjedistem-u-splitu-sto-je-privuklo-hrvate-jugoslavene-u-ovaj-zlocinacki-pokret\/","title":{"rendered":"18. srpnja 1942. \u010cetni\u010dki vojvoda Trifunovi\u0107 Bir\u010danin sa sjedi\u0161tem u Splitu \u2013 \u0161to je privuklo Hrvate-Jugoslavene u ovaj zlo\u010dina\u010dki pokret?"},"content":{"rendered":"\n<p><strong>Hrvati u \u010detnicima? Da.<\/strong><br><strong>U Splitu je bio sto\u017eer \u010detni\u010dkog pokreta iz vi\u0161e razloga: veli\u010dine grada, suradnje \u010detnika s Talijanima koji su okupirali grad i podupirali \u010detni\u010dki pokret, razvijenog prijeratnog integralnog jugonacionalizma i Orjune me\u0111u dijelom Hrvata, te \u0161to je vrlo va\u017eno \u2013 klju\u010dnog strate\u0161kog mjesta za ostvarenje planova izlaska \u010detnika na more od Dubrovnika do Karlobaga.<\/strong><\/p>\n\n\n\n<p>Vrlo je va\u017eno naglasiti da je \u010detni\u0161tvo sna\u017eno i vrlo lukavo njegovalo jugoslavensku ideju, kao pro\u0161irenja srpstva. \u010cetnici su imali status slu\u017ebene vojske jugoslavenske Vlade u Londonu (slu\u017ebeno ime Jugoslavenska vojska u otad\u017ebini JVO) u kojoj je Dra\u017ea Mihailovi\u0107 bio ministar obrane i zapovjednik vojske. To je i privuklo veliki broj Hrvata u \u010detnike, prvenstveno ideja odanosti jugoslavenstvu.<\/p>\n\n\n\n<p><strong>I jo\u0161 vrijedi znati ovo:&nbsp;<\/strong>dok Hrvati \u010desto imaju, poprili\u010dno naivno, samo jednu soluciju u svojoj borbi za dr\u017eavu, \u2018ravnogorci\u2019 velikosrbi ne prezaju od ni\u010dega radi ostvarenja svojih ideja (laka i prilagodljiva promjena ideologija, promjena savezni\u0161tva, sjedenja na vi\u0161e stolica, strpljivo \u010dekanje okolnosti,&nbsp; promjena uniformi od \u010detnika u partizane, mimikrija, lukavost, la\u017e, falsificiranje povijesti, jugoslavenstvo kao paravan za velikosrpstvo, JNA, komunizam \u2013 sve su to velikim dijelom bile i prikrivene \u010detni\u010dke ideje velikosrpstva).<\/p>\n\n\n\n<p>\u010cetni\u0161tvo i velikosrpstvo je lukav i pokvaren pokret koji nikada nije prestao \u017eivjeti do danas, ve\u0107 lukavo se prilago\u0111uje vremenima i nastoji ostvariti svoje ciljeve u svim politi\u010dkim i drugim okolonstima. \u010cetni\u0161tvo je u modificiranim i prilago\u0111enim obilcima, za razliku od usta\u0161tva, \u017eivjelo i u komunisti\u010dkoj Jugoslaviji, a kao zmaj iz pepela danas 2019. godine ponovno podi\u017ee glavu kao prijetnja svim okolnim narodima, napose nama Hrvatima.<\/p>\n\n\n\n<p><strong>Povezanost \u010detnika i Orjune<\/strong><\/p>\n\n\n\n<p>S osloncem na \u010dlanstvo Orjune \u010detni\u010dki vojvoda Ilija Trifunovi\u0107 Bir\u010danain osniva sto\u017eer, u tada od Talijana, okupiranom Splitu. On osniva vi\u0161e \u010detni\u010dkih postrojbi sastavljenih u dobrom dijelu od etni\u010dkih Hrvata; u Splitu osniva u velja\u010di 1942. godine Srpski nacionalni komitet, a u&nbsp;<strong>srpnju 1942. osniva Komitet crnogorskih nacionalista.&nbsp;<\/strong><\/p>\n\n\n\n<p><strong>Hrvat Milan Bili\u0107 \u017ertvovao \u017eivot \u2018samominiranjem\u2019 da bi spasio popa \u0110uji\u0107a i Dinarsku diviziju u bijegu!<\/strong><\/p>\n\n\n\n<p>Malo kome je poznata \u010dinjenica da je u \u010detni\u010dkim redovima u Drugom svjetskom ratu bilo i veliki broj Hrvata-dobrovoljaca ( dragovoljaca). U svojoj knjizi sje\u0107anja vojvoda pop Mom\u010dilo \u0110uji\u0107 pi\u0161e \u201cPo prelasku svih na\u0161ih jedinica (bijeg iz NDH. op.), most na So\u010di trebalo je di\u0107i u vazduh, \u0161to nije bilo ni lako ni jednostavno.&nbsp;Tog zadatka prihvatio se jedan odva\u017ean mladi\u0107 \u2013 Milan Bili\u0107, po narodnosti Hrvat, koji se protiv Paveli\u0107eve zlo\u010dina\u010dke vojske borio zajedno sa Srbima. On je uspio poru\u0161iti veliki most, ali je na\u017ealost, zajedno sa razorenim mostom oti\u0161ao u dubine rijeke So\u010de i ostao kao heroj kod svih pre\u017eivjelih boraca.\u201d&nbsp;(<strong>Mom\u010dilo \u0110uji\u0107<\/strong>,<strong>&nbsp;Spomenica Dinarske \u010detni\u010dke divizije,<\/strong>&nbsp;1941 \u2013 1945, stranica 492, Cleveland, 1995), pi\u0161e&nbsp;<a href=\"https:\/\/poskok.info\/hrvati-u-cetnicima-nije-sve-bilo-crno-bijelo\/\">poskok.info.<\/a><\/p>\n\n\n\n<p>Prema relevantnim \u010detni\u010dkim izvorima spomenuti Hrvat Milan Bili\u0107 bio je najprije pripadnik Ljoti\u0107eve omladine iz Dalmacije, a 1942. godine se kao dobrovoljac priklju\u010dio \u010detnicima Dinarske divizije. Kada su se \u010detnici te Dinarske divizije povla\u010dili kroz Sloveniju prema Austriji, sukobili su se sa jakim partizanskim jedinicama kod Gorice, na rijeci So\u010di. Mnogo je \u010detnika, ali i partizana izgubilo glave prilikom prelaska So\u010de, koju je ipak ve\u0107ina \u010detnika uspjela pre\u0107i. Me\u0111utim, partizani su im bili za petama, a \u010detnici su doznali da su se partizanima uskoro trebala priklju\u010diti zna\u010dajna poja\u010danje. Zato su \u010detnici poku\u0161ali minirati most na So\u010di, te tako sprije\u010diti partizane da pre\u0111u rijeku i krenu za njima u potjere. No, prvo miniranje \u010deli\u010dnog mosta bilo je potpuno neuspje\u0161no. Most se dobro zatresao, ali je ostao \u010ditav. Tada je Hrvat \u2013 \u010detnik Milan Bili\u0107 izvr\u0161io takozvano dobrovoljno \u201esamominiranje\u201d. Spustiv\u0161i se pomo\u0107u konopa, postavio je eksploziv na nosive to\u010dke mosta i detonirao eksploziv, ne \u017eele\u0107i se ponovo popeti i spasiti. Tako se zahvaljuju\u0107i pravom herojskom aktu jednog Hrvata, a u stvarnosti uvjerenog \u010detnika, spasila ve\u0107ina njegove \u010detni\u010dke subra\u0107e iz Dinarske divizije.<\/p>\n\n\n\n<p><strong>U \u010detnicima je bilo tisu\u0107e Hrvata<\/strong><\/p>\n\n\n\n<p>Ve\u0107ina hrvatskih \u010detnika ili \u010detnika Hrvata bila je s podru\u010dja Dalmacije, ali bilo ih je i u drugim krajevima, osobito otocima Hrvatskog primorja. Broj Hrvata dobrovoljaca u \u010detnicima bio je minimalno 2.000 ljudi, ali oni koji su se bavili tim podru\u010djem, jo\u0161 uvijek tabu-temom hrvatske historiografije, tvrde da je taj broj bio i daleko ve\u0107i.<\/p>\n\n\n\n<p>Hrvati iz Dalmacije koji su bili pristalice jugoslavenstva, vjerni kralju i jugoslavenskoj ideji, osnivaju \u010detni\u010dke vojne postrojbe: Ka\u0161telanski \u010detni\u010dki odred, Splitsko-\u0161ibeni\u010dki bataljon i Odred vojvode Bir\u010danina, koji djeluju u sklopu Dinarskog \u010detni\u010dkog korpusa na \u010delu s pravoslavnim popom Mom\u010dilom \u0110uji\u0107em. Osim u Splitu, Trogiru, \u0160ibeniku i Makarskoj, \u010detni\u0161tvo ima odjeka i na hrvatskim otocima poput Kor\u010dule i Krka (mjesto Punat koje je u prvoj Jugoslaviji prozvano Aleksandrovo po srpskom kralju). (<em>Zbornik dokumenata Vojnoistorijskog institute: tom XIV, Dokumenti \u010detni\u010dkog pokreta Dra\u017ee Mihailovi\u0107a).<\/em><\/p>\n\n\n\n<p>Prema istim arhivskim izvorima, nakon kapitulacije Italije Mladen \u017dujovi\u0107, koji je na poziciji&nbsp; naslijedio umrlog vojvodu Iliju Trifunovi\u0107a \u2013 Bir\u010danina koji je umro 1943., po\u010dinje formiranje \u010detni\u010dkih odreda po nizu dalmatinskih gradova, Splitu, \u0160ibeniku, Trogiru, Ka\u0161telima, Makarskoj, itd. Prema dokumentima iz Vojnoistorijskog instituta u Beogradu ve\u0107 1941. godine vojvoda Mom\u010dilo \u0110uji\u0107 pismom obavje\u0161tava tada jo\u0161 pukovnika Dra\u017eu Mihailovi\u0107a da se Dinarskoj diviziji pridru\u017eilo 510 Hrvata, koji su tako postali \u010detnici.<\/p>\n\n\n\n<p>Govore\u0107i o svojoj knjizi \u201eFukara\u201d Ivan Aralica se u intervjuu Andriji Tunji\u0107u dotakao modernog hrvatskog antihrvatstva i hrvatskog \u010detni\u0161tva, kazav\u0161i \u2013&nbsp;<em>\u201cPrimjerice, u Dalmaciji su 1918. godine svi autonoma\u0161i i talijana\u0161i postali jerezovci, jugonacionalisti, i dotjerali svoje antihrvatstvo sve do \u010detni\u010dkih formacija u Drugom svjetskom ratu, koje su bile stacionirane u Une\u0161i\u0107u, a potom u Zabla\u0107u (iako im iz toga mjesta nitko nikada nije bio pripadnikom). I danas je rije\u010d o istome transferu, samo \u0161to je te\u017ee vidljiv, jer transferirani ne nose ni europske \u0161ajka\u010de, niti europske kokarde. Kao \u0161to su ih nosili ti Hrvati-\u010detnici!\u201d<\/em>&nbsp;(Andrija Tunji\u0107, Likove za Fukaru nisam birao, oni su se sami izabrali, Vijesnik, 13. oktobra-listopada, 2002).<\/p>\n\n\n\n<p>\u010cetnika \u2013 Hrvata je bilo i na komandnim polo\u017eajima u Dinarskoj \u010detni\u010dkoj diviziji. Posebno se isticao&nbsp;<strong>Ivo Jankov,<\/strong>&nbsp;\u010detni\u010dki poru\u010dnik. Jedan od poznatijih Hrvata \u2013 \u010detnika bio je i kapetan&nbsp;<strong>Kre\u0161imir Vrani\u0107,<\/strong>&nbsp;zapovjednik Drugog \u010detni\u010dkog odreda ja\u010dine oko 2.500 ljudi, uglavnom Hrvata.<strong>&nbsp;<\/strong>S njim su u tom odredu oficiri bili poru\u010dnik&nbsp;<strong>Anton \u0160uster<\/strong>&nbsp;iz Su\u0161aka i potporu\u010dnik&nbsp;<strong>Niko Lazari\u0107<\/strong>&nbsp;s otoka Krka (Dinko \u0160uljak, Tra\u017eio sam Radi\u0107evu Hrvatsku, Knji\u017enica Hrvatske Revije, Barcelona, 1988, strana 163-167).<\/p>\n\n\n\n<p><strong>Ilija Trifunovi\u0107 Bir\u010danin \u2013 \u010detni\u010dki vojvoda sa sjedi\u0161tem u Splitu<\/strong><\/p>\n\n\n\n<p>U listopadu 1941. iz Srbije je stigao u Split \u010detni\u010dki vojvoda&nbsp;Ilija Trifunovi\u0107 Bir\u010danin, s uputama iz sto\u017eera&nbsp;Dra\u017ee Mihailovi\u0107a. Pod njegovim vodstvom u Splitu je ustrojen \u201c\u010cetni\u010dki centar za Dalmaciju, Liku, Kordun i zapadnu Bosnu i Hercegovinu\u201d. Taj je Centar u pojedine dijelove Hrvatske, gdje je bilo \u010detni\u010dkih grupa, slao instruktore regrutirane iz redova oficira biv\u0161e jugoslavenske vojske.<\/p>\n\n\n\n<p>Ilija Trifunovi\u0107 Bir\u010danin bio je poznati \u010detni\u010dki vojvoda koji se istaknuo jo\u0161 u Balkanskim ratovima, pa kasnije u I. svjetskom ratu. Ro\u0111en je u Topoli u Srbiji, a svoj sto\u017eer napravio je u Splitu odakle je nastojao povezati i koordinirati \u010detni\u010dki pokret u Dalmaciji, Lici, dijelovima zapadne Bosne i Hercegovine.<\/p>\n\n\n\n<p>Bio je me\u0111u prevratnicima koji su izveli&nbsp;dr\u017eavni udar 27. o\u017eujka 1941. godine, te izazvali krvavi rat na podru\u010dju Jugoslavije, a osobito na teritoriju novonastale NDH gdje su poginule stotine tisu\u0107a ljudi.<\/p>\n\n\n\n<p>Nakon&nbsp;kapitulacije Jugoslavije&nbsp;u travnju 1941. godine sklanja se u selo Lipovo pokraj&nbsp;Kola\u0161ina&nbsp;(Crna Gora), gdje se u to vrijeme kretao i Stevan Moljevi\u0107, Dobroslav Jev\u0111evi\u0107, Pavle \u0110uri\u0161i\u0107 i drugi istaknuti \u010detni\u010dki vojvode i ideolozi. U rujnu 1941. dolazi u godine u Split, gdje zajedno s&nbsp;Dobroslavom Jev\u0111evi\u0107em&nbsp;uspostavlja \u010detni\u010dko zapovjedni\u0161tvo u suradnji s talijanskim okupacijskim vlastima.&nbsp;Osloncem na \u010dlanstvo ORJUNE osniva vi\u0161e \u010detni\u010dkih postrojbi sastavljenih u velikom dijelu od etni\u010dkih Hrvata; u Splitu osniva u velja\u010di 1942. godine Srpski nacionalni komitet, a u srpnju iste godine Komitet crnogorskih nacionalista. Bir\u010danin odr\u017eava veze i s Englezima, koji mu podmornicom \u201cThorn\u201d u sije\u010dnju 1942. godine \u0161alju radio stanicu (i dovode dva \u010dasnika za vezu koje je poslala izbjegli\u010dka vlada u Londonu)<\/p>\n\n\n\n<p><strong>Za\u0161to je Split odabran kao sredi\u0161te \u010detni\u010dkog sto\u017eera?<\/strong><\/p>\n\n\n\n<p>Nije badava Split odabran kao \u010detni\u010dko sredi\u0161te: to je bio najve\u0107i grad na hrvatskoj obali (Rijeka i Zadar bili su od I. svjetskog rata pod Talijanima), i njemu je u bio sna\u017ean centar Jugoslavenske nacionalisti\u010dke omladine (Orjuna), najja\u010di u Hrvatskoj.<\/p>\n\n\n\n<p>U Dalmaciji je djelovalo \u010dak 50 ogranaka Orjune, no valja znati da je Orjuna imala svoje pristalice i ogranke i u Zagrebu i ostatku Hrvatske. Ipak, najja\u010di pokret Orjune bio je u Splitu. Njezino \u010dlanstvo \u010dine \u201cjugoslavenski nacionalisti hrvatskog plemena\u201d. U Splitu izlazi i orjuna\u0161ki list Pobeda. Danas izgledaju nevjerojatno fotografije iz tada\u0161njih novina koje prikazuju masovne orjuna\u0161ke skupove na prepunoj splitskoj rivi.<\/p>\n\n\n\n<p>Tako djeca uglednih splitskih, ka\u0161telanskih i trogirskih orjuna\u0161a odlaze u \u010detnike!<\/p>\n\n\n\n<figure class=\"wp-block-image\"><img decoding=\"async\" src=\"https:\/\/upload.wikimedia.org\/wikipedia\/hr\/2\/22\/%C4%8Cetnici_na_Peristilu_1920.-ih.jpg\" alt=\"Slikovni rezultat za \u00c4\u008detnici split\"\/><\/figure>\n\n\n\n<p>Izvor:narod.hr<\/p>\n","protected":false},"excerpt":{"rendered":"<p>Hrvati u \u010detnicima? Da.U Splitu je bio sto\u017eer \u010detni\u010dkog pokreta iz vi\u0161e razloga: veli\u010dine grada, suradnje \u010detnika s Talijanima koji su okupirali grad i podupirali \u010detni\u010dki pokret, razvijenog prijeratnog integralnog jugonacionalizma i Orjune me\u0111u dijelom Hrvata, te \u0161to je vrlo va\u017eno \u2013 klju\u010dnog strate\u0161kog mjesta za ostvarenje planova izlaska \u010detnika na more od Dubrovnika do [&hellip;]<\/p>\n","protected":false},"author":2,"featured_media":43827,"comment_status":"closed","ping_status":"closed","sticky":false,"template":"","format":"standard","meta":{"h5ap_radio_sources":[],"footnotes":""},"categories":[1],"tags":[],"class_list":["post-43826","post","type-post","status-publish","format-standard","has-post-thumbnail","hentry","category-bihiregija"],"yoast_head":"<!-- This site is optimized with the Yoast SEO plugin v27.5 - https:\/\/yoast.com\/product\/yoast-seo-wordpress\/ -->\n<title>18. srpnja 1942. \u010cetni\u010dki vojvoda Trifunovi\u0107 Bir\u010danin sa sjedi\u0161tem u Splitu \u2013 \u0161to je privuklo Hrvate-Jugoslavene u ovaj zlo\u010dina\u010dki pokret? - RADIO LJUBU\u0160KI<\/title>\n<meta name=\"robots\" content=\"index, follow, max-snippet:-1, max-image-preview:large, max-video-preview:-1\" \/>\n<link rel=\"canonical\" href=\"https:\/\/radioljubuski.ba\/index.php\/2021\/07\/18\/18-srpnja-1942-cetnicki-vojvoda-trifunovic-bircanin-sa-sjedistem-u-splitu-sto-je-privuklo-hrvate-jugoslavene-u-ovaj-zlocinacki-pokret\/\" \/>\n<meta property=\"og:locale\" content=\"hr_HR\" \/>\n<meta property=\"og:type\" content=\"article\" \/>\n<meta property=\"og:title\" content=\"18. srpnja 1942. \u010cetni\u010dki vojvoda Trifunovi\u0107 Bir\u010danin sa sjedi\u0161tem u Splitu \u2013 \u0161to je privuklo Hrvate-Jugoslavene u ovaj zlo\u010dina\u010dki pokret? - RADIO LJUBU\u0160KI\" \/>\n<meta property=\"og:description\" content=\"Hrvati u \u010detnicima? Da.U Splitu je bio sto\u017eer \u010detni\u010dkog pokreta iz vi\u0161e razloga: veli\u010dine grada, suradnje \u010detnika s Talijanima koji su okupirali grad i podupirali \u010detni\u010dki pokret, razvijenog prijeratnog integralnog jugonacionalizma i Orjune me\u0111u dijelom Hrvata, te \u0161to je vrlo va\u017eno \u2013 klju\u010dnog strate\u0161kog mjesta za ostvarenje planova izlaska \u010detnika na more od Dubrovnika do [&hellip;]\" \/>\n<meta property=\"og:url\" content=\"https:\/\/radioljubuski.ba\/index.php\/2021\/07\/18\/18-srpnja-1942-cetnicki-vojvoda-trifunovic-bircanin-sa-sjedistem-u-splitu-sto-je-privuklo-hrvate-jugoslavene-u-ovaj-zlocinacki-pokret\/\" \/>\n<meta property=\"og:site_name\" content=\"RADIO LJUBU\u0160KI\" \/>\n<meta property=\"article:publisher\" content=\"https:\/\/www.facebook.com\/Radiio-Ljubuski-1490835324566332\" \/>\n<meta property=\"article:published_time\" content=\"2021-07-18T17:57:12+00:00\" \/>\n<meta property=\"article:modified_time\" content=\"2021-07-18T18:07:14+00:00\" \/>\n<meta property=\"og:image\" content=\"https:\/\/radioljubuski.ba\/wp-content\/uploads\/2021\/07\/Ilija-Trifunovic-696x435-1.jpg\" \/>\n\t<meta property=\"og:image:width\" content=\"696\" \/>\n\t<meta property=\"og:image:height\" content=\"435\" \/>\n\t<meta property=\"og:image:type\" content=\"image\/jpeg\" \/>\n<meta name=\"author\" content=\"Radio Ljubu\u0161ki\" \/>\n<meta name=\"twitter:card\" content=\"summary_large_image\" \/>\n<meta name=\"twitter:creator\" content=\"@radioljubuski\" \/>\n<meta name=\"twitter:site\" content=\"@radioljubuski\" \/>\n<meta name=\"twitter:label1\" content=\"Napisao\/la\" \/>\n\t<meta name=\"twitter:data1\" content=\"Radio Ljubu\u0161ki\" \/>\n\t<meta name=\"twitter:label2\" content=\"Procijenjeno vrijeme \u010ditanja\" \/>\n\t<meta name=\"twitter:data2\" content=\"7 minuta\" \/>\n<script type=\"application\/ld+json\" class=\"yoast-schema-graph\">{\"@context\":\"https:\\\/\\\/schema.org\",\"@graph\":[{\"@type\":\"Article\",\"@id\":\"https:\\\/\\\/radioljubuski.ba\\\/index.php\\\/2021\\\/07\\\/18\\\/18-srpnja-1942-cetnicki-vojvoda-trifunovic-bircanin-sa-sjedistem-u-splitu-sto-je-privuklo-hrvate-jugoslavene-u-ovaj-zlocinacki-pokret\\\/#article\",\"isPartOf\":{\"@id\":\"https:\\\/\\\/radioljubuski.ba\\\/index.php\\\/2021\\\/07\\\/18\\\/18-srpnja-1942-cetnicki-vojvoda-trifunovic-bircanin-sa-sjedistem-u-splitu-sto-je-privuklo-hrvate-jugoslavene-u-ovaj-zlocinacki-pokret\\\/\"},\"author\":{\"name\":\"Radio Ljubu\u0161ki\",\"@id\":\"https:\\\/\\\/radioljubuski.ba\\\/#\\\/schema\\\/person\\\/19fc700381a780f69665d7956c469e3b\"},\"headline\":\"18. srpnja 1942. \u010cetni\u010dki vojvoda Trifunovi\u0107 Bir\u010danin sa sjedi\u0161tem u Splitu \u2013 \u0161to je privuklo Hrvate-Jugoslavene u ovaj zlo\u010dina\u010dki pokret?\",\"datePublished\":\"2021-07-18T17:57:12+00:00\",\"dateModified\":\"2021-07-18T18:07:14+00:00\",\"mainEntityOfPage\":{\"@id\":\"https:\\\/\\\/radioljubuski.ba\\\/index.php\\\/2021\\\/07\\\/18\\\/18-srpnja-1942-cetnicki-vojvoda-trifunovic-bircanin-sa-sjedistem-u-splitu-sto-je-privuklo-hrvate-jugoslavene-u-ovaj-zlocinacki-pokret\\\/\"},\"wordCount\":1625,\"publisher\":{\"@id\":\"https:\\\/\\\/radioljubuski.ba\\\/#organization\"},\"image\":{\"@id\":\"https:\\\/\\\/radioljubuski.ba\\\/index.php\\\/2021\\\/07\\\/18\\\/18-srpnja-1942-cetnicki-vojvoda-trifunovic-bircanin-sa-sjedistem-u-splitu-sto-je-privuklo-hrvate-jugoslavene-u-ovaj-zlocinacki-pokret\\\/#primaryimage\"},\"thumbnailUrl\":\"https:\\\/\\\/radioljubuski.ba\\\/wp-content\\\/uploads\\\/2021\\\/07\\\/Ilija-Trifunovic-696x435-1.jpg\",\"articleSection\":[\"BIH i regija\"],\"inLanguage\":\"hr\"},{\"@type\":\"WebPage\",\"@id\":\"https:\\\/\\\/radioljubuski.ba\\\/index.php\\\/2021\\\/07\\\/18\\\/18-srpnja-1942-cetnicki-vojvoda-trifunovic-bircanin-sa-sjedistem-u-splitu-sto-je-privuklo-hrvate-jugoslavene-u-ovaj-zlocinacki-pokret\\\/\",\"url\":\"https:\\\/\\\/radioljubuski.ba\\\/index.php\\\/2021\\\/07\\\/18\\\/18-srpnja-1942-cetnicki-vojvoda-trifunovic-bircanin-sa-sjedistem-u-splitu-sto-je-privuklo-hrvate-jugoslavene-u-ovaj-zlocinacki-pokret\\\/\",\"name\":\"18. srpnja 1942. \u010cetni\u010dki vojvoda Trifunovi\u0107 Bir\u010danin sa sjedi\u0161tem u Splitu \u2013 \u0161to je privuklo Hrvate-Jugoslavene u ovaj zlo\u010dina\u010dki pokret? - RADIO LJUBU\u0160KI\",\"isPartOf\":{\"@id\":\"https:\\\/\\\/radioljubuski.ba\\\/#website\"},\"primaryImageOfPage\":{\"@id\":\"https:\\\/\\\/radioljubuski.ba\\\/index.php\\\/2021\\\/07\\\/18\\\/18-srpnja-1942-cetnicki-vojvoda-trifunovic-bircanin-sa-sjedistem-u-splitu-sto-je-privuklo-hrvate-jugoslavene-u-ovaj-zlocinacki-pokret\\\/#primaryimage\"},\"image\":{\"@id\":\"https:\\\/\\\/radioljubuski.ba\\\/index.php\\\/2021\\\/07\\\/18\\\/18-srpnja-1942-cetnicki-vojvoda-trifunovic-bircanin-sa-sjedistem-u-splitu-sto-je-privuklo-hrvate-jugoslavene-u-ovaj-zlocinacki-pokret\\\/#primaryimage\"},\"thumbnailUrl\":\"https:\\\/\\\/radioljubuski.ba\\\/wp-content\\\/uploads\\\/2021\\\/07\\\/Ilija-Trifunovic-696x435-1.jpg\",\"datePublished\":\"2021-07-18T17:57:12+00:00\",\"dateModified\":\"2021-07-18T18:07:14+00:00\",\"breadcrumb\":{\"@id\":\"https:\\\/\\\/radioljubuski.ba\\\/index.php\\\/2021\\\/07\\\/18\\\/18-srpnja-1942-cetnicki-vojvoda-trifunovic-bircanin-sa-sjedistem-u-splitu-sto-je-privuklo-hrvate-jugoslavene-u-ovaj-zlocinacki-pokret\\\/#breadcrumb\"},\"inLanguage\":\"hr\",\"potentialAction\":[{\"@type\":\"ReadAction\",\"target\":[\"https:\\\/\\\/radioljubuski.ba\\\/index.php\\\/2021\\\/07\\\/18\\\/18-srpnja-1942-cetnicki-vojvoda-trifunovic-bircanin-sa-sjedistem-u-splitu-sto-je-privuklo-hrvate-jugoslavene-u-ovaj-zlocinacki-pokret\\\/\"]}]},{\"@type\":\"ImageObject\",\"inLanguage\":\"hr\",\"@id\":\"https:\\\/\\\/radioljubuski.ba\\\/index.php\\\/2021\\\/07\\\/18\\\/18-srpnja-1942-cetnicki-vojvoda-trifunovic-bircanin-sa-sjedistem-u-splitu-sto-je-privuklo-hrvate-jugoslavene-u-ovaj-zlocinacki-pokret\\\/#primaryimage\",\"url\":\"https:\\\/\\\/radioljubuski.ba\\\/wp-content\\\/uploads\\\/2021\\\/07\\\/Ilija-Trifunovic-696x435-1.jpg\",\"contentUrl\":\"https:\\\/\\\/radioljubuski.ba\\\/wp-content\\\/uploads\\\/2021\\\/07\\\/Ilija-Trifunovic-696x435-1.jpg\",\"width\":696,\"height\":435},{\"@type\":\"BreadcrumbList\",\"@id\":\"https:\\\/\\\/radioljubuski.ba\\\/index.php\\\/2021\\\/07\\\/18\\\/18-srpnja-1942-cetnicki-vojvoda-trifunovic-bircanin-sa-sjedistem-u-splitu-sto-je-privuklo-hrvate-jugoslavene-u-ovaj-zlocinacki-pokret\\\/#breadcrumb\",\"itemListElement\":[{\"@type\":\"ListItem\",\"position\":1,\"name\":\"Po\u010detna stranica\",\"item\":\"https:\\\/\\\/radioljubuski.ba\\\/\"},{\"@type\":\"ListItem\",\"position\":2,\"name\":\"18. srpnja 1942. \u010cetni\u010dki vojvoda Trifunovi\u0107 Bir\u010danin sa sjedi\u0161tem u Splitu \u2013 \u0161to je privuklo Hrvate-Jugoslavene u ovaj zlo\u010dina\u010dki pokret?\"}]},{\"@type\":\"WebSite\",\"@id\":\"https:\\\/\\\/radioljubuski.ba\\\/#website\",\"url\":\"https:\\\/\\\/radioljubuski.ba\\\/\",\"name\":\"Radio Ljubu\u0161ki\",\"description\":\"Sun\u010dana frekvencija Hercegovine\",\"publisher\":{\"@id\":\"https:\\\/\\\/radioljubuski.ba\\\/#organization\"},\"potentialAction\":[{\"@type\":\"SearchAction\",\"target\":{\"@type\":\"EntryPoint\",\"urlTemplate\":\"https:\\\/\\\/radioljubuski.ba\\\/?s={search_term_string}\"},\"query-input\":{\"@type\":\"PropertyValueSpecification\",\"valueRequired\":true,\"valueName\":\"search_term_string\"}}],\"inLanguage\":\"hr\"},{\"@type\":\"Organization\",\"@id\":\"https:\\\/\\\/radioljubuski.ba\\\/#organization\",\"name\":\"Radio Ljubu\u0161ki\",\"url\":\"https:\\\/\\\/radioljubuski.ba\\\/\",\"logo\":{\"@type\":\"ImageObject\",\"inLanguage\":\"hr\",\"@id\":\"https:\\\/\\\/radioljubuski.ba\\\/#\\\/schema\\\/logo\\\/image\\\/\",\"url\":\"https:\\\/\\\/radioljubuski.ba\\\/wp-content\\\/uploads\\\/2021\\\/02\\\/cropped-Radio_Ljubuski_logo1.jpg\",\"contentUrl\":\"https:\\\/\\\/radioljubuski.ba\\\/wp-content\\\/uploads\\\/2021\\\/02\\\/cropped-Radio_Ljubuski_logo1.jpg\",\"width\":512,\"height\":512,\"caption\":\"Radio Ljubu\u0161ki\"},\"image\":{\"@id\":\"https:\\\/\\\/radioljubuski.ba\\\/#\\\/schema\\\/logo\\\/image\\\/\"},\"sameAs\":[\"https:\\\/\\\/www.facebook.com\\\/Radiio-Ljubuski-1490835324566332\",\"https:\\\/\\\/x.com\\\/radioljubuski\",\"https:\\\/\\\/hr.linkedin.com\\\/company\\\/radio-ljubuski\",\"https:\\\/\\\/www.youtube.com\\\/channel\\\/UCHYaeO_n0Db3tjNGudGpXyw\"]},{\"@type\":\"Person\",\"@id\":\"https:\\\/\\\/radioljubuski.ba\\\/#\\\/schema\\\/person\\\/19fc700381a780f69665d7956c469e3b\",\"name\":\"Radio Ljubu\u0161ki\"}]}<\/script>\n<!-- \/ Yoast SEO plugin. -->","yoast_head_json":{"title":"18. srpnja 1942. \u010cetni\u010dki vojvoda Trifunovi\u0107 Bir\u010danin sa sjedi\u0161tem u Splitu \u2013 \u0161to je privuklo Hrvate-Jugoslavene u ovaj zlo\u010dina\u010dki pokret? - RADIO LJUBU\u0160KI","robots":{"index":"index","follow":"follow","max-snippet":"max-snippet:-1","max-image-preview":"max-image-preview:large","max-video-preview":"max-video-preview:-1"},"canonical":"https:\/\/radioljubuski.ba\/index.php\/2021\/07\/18\/18-srpnja-1942-cetnicki-vojvoda-trifunovic-bircanin-sa-sjedistem-u-splitu-sto-je-privuklo-hrvate-jugoslavene-u-ovaj-zlocinacki-pokret\/","og_locale":"hr_HR","og_type":"article","og_title":"18. srpnja 1942. \u010cetni\u010dki vojvoda Trifunovi\u0107 Bir\u010danin sa sjedi\u0161tem u Splitu \u2013 \u0161to je privuklo Hrvate-Jugoslavene u ovaj zlo\u010dina\u010dki pokret? - RADIO LJUBU\u0160KI","og_description":"Hrvati u \u010detnicima? Da.U Splitu je bio sto\u017eer \u010detni\u010dkog pokreta iz vi\u0161e razloga: veli\u010dine grada, suradnje \u010detnika s Talijanima koji su okupirali grad i podupirali \u010detni\u010dki pokret, razvijenog prijeratnog integralnog jugonacionalizma i Orjune me\u0111u dijelom Hrvata, te \u0161to je vrlo va\u017eno \u2013 klju\u010dnog strate\u0161kog mjesta za ostvarenje planova izlaska \u010detnika na more od Dubrovnika do [&hellip;]","og_url":"https:\/\/radioljubuski.ba\/index.php\/2021\/07\/18\/18-srpnja-1942-cetnicki-vojvoda-trifunovic-bircanin-sa-sjedistem-u-splitu-sto-je-privuklo-hrvate-jugoslavene-u-ovaj-zlocinacki-pokret\/","og_site_name":"RADIO LJUBU\u0160KI","article_publisher":"https:\/\/www.facebook.com\/Radiio-Ljubuski-1490835324566332","article_published_time":"2021-07-18T17:57:12+00:00","article_modified_time":"2021-07-18T18:07:14+00:00","og_image":[{"width":696,"height":435,"url":"https:\/\/radioljubuski.ba\/wp-content\/uploads\/2021\/07\/Ilija-Trifunovic-696x435-1.jpg","type":"image\/jpeg"}],"author":"Radio Ljubu\u0161ki","twitter_card":"summary_large_image","twitter_creator":"@radioljubuski","twitter_site":"@radioljubuski","twitter_misc":{"Napisao\/la":"Radio Ljubu\u0161ki","Procijenjeno vrijeme \u010ditanja":"7 minuta"},"schema":{"@context":"https:\/\/schema.org","@graph":[{"@type":"Article","@id":"https:\/\/radioljubuski.ba\/index.php\/2021\/07\/18\/18-srpnja-1942-cetnicki-vojvoda-trifunovic-bircanin-sa-sjedistem-u-splitu-sto-je-privuklo-hrvate-jugoslavene-u-ovaj-zlocinacki-pokret\/#article","isPartOf":{"@id":"https:\/\/radioljubuski.ba\/index.php\/2021\/07\/18\/18-srpnja-1942-cetnicki-vojvoda-trifunovic-bircanin-sa-sjedistem-u-splitu-sto-je-privuklo-hrvate-jugoslavene-u-ovaj-zlocinacki-pokret\/"},"author":{"name":"Radio Ljubu\u0161ki","@id":"https:\/\/radioljubuski.ba\/#\/schema\/person\/19fc700381a780f69665d7956c469e3b"},"headline":"18. srpnja 1942. \u010cetni\u010dki vojvoda Trifunovi\u0107 Bir\u010danin sa sjedi\u0161tem u Splitu \u2013 \u0161to je privuklo Hrvate-Jugoslavene u ovaj zlo\u010dina\u010dki pokret?","datePublished":"2021-07-18T17:57:12+00:00","dateModified":"2021-07-18T18:07:14+00:00","mainEntityOfPage":{"@id":"https:\/\/radioljubuski.ba\/index.php\/2021\/07\/18\/18-srpnja-1942-cetnicki-vojvoda-trifunovic-bircanin-sa-sjedistem-u-splitu-sto-je-privuklo-hrvate-jugoslavene-u-ovaj-zlocinacki-pokret\/"},"wordCount":1625,"publisher":{"@id":"https:\/\/radioljubuski.ba\/#organization"},"image":{"@id":"https:\/\/radioljubuski.ba\/index.php\/2021\/07\/18\/18-srpnja-1942-cetnicki-vojvoda-trifunovic-bircanin-sa-sjedistem-u-splitu-sto-je-privuklo-hrvate-jugoslavene-u-ovaj-zlocinacki-pokret\/#primaryimage"},"thumbnailUrl":"https:\/\/radioljubuski.ba\/wp-content\/uploads\/2021\/07\/Ilija-Trifunovic-696x435-1.jpg","articleSection":["BIH i regija"],"inLanguage":"hr"},{"@type":"WebPage","@id":"https:\/\/radioljubuski.ba\/index.php\/2021\/07\/18\/18-srpnja-1942-cetnicki-vojvoda-trifunovic-bircanin-sa-sjedistem-u-splitu-sto-je-privuklo-hrvate-jugoslavene-u-ovaj-zlocinacki-pokret\/","url":"https:\/\/radioljubuski.ba\/index.php\/2021\/07\/18\/18-srpnja-1942-cetnicki-vojvoda-trifunovic-bircanin-sa-sjedistem-u-splitu-sto-je-privuklo-hrvate-jugoslavene-u-ovaj-zlocinacki-pokret\/","name":"18. srpnja 1942. \u010cetni\u010dki vojvoda Trifunovi\u0107 Bir\u010danin sa sjedi\u0161tem u Splitu \u2013 \u0161to je privuklo Hrvate-Jugoslavene u ovaj zlo\u010dina\u010dki pokret? - RADIO LJUBU\u0160KI","isPartOf":{"@id":"https:\/\/radioljubuski.ba\/#website"},"primaryImageOfPage":{"@id":"https:\/\/radioljubuski.ba\/index.php\/2021\/07\/18\/18-srpnja-1942-cetnicki-vojvoda-trifunovic-bircanin-sa-sjedistem-u-splitu-sto-je-privuklo-hrvate-jugoslavene-u-ovaj-zlocinacki-pokret\/#primaryimage"},"image":{"@id":"https:\/\/radioljubuski.ba\/index.php\/2021\/07\/18\/18-srpnja-1942-cetnicki-vojvoda-trifunovic-bircanin-sa-sjedistem-u-splitu-sto-je-privuklo-hrvate-jugoslavene-u-ovaj-zlocinacki-pokret\/#primaryimage"},"thumbnailUrl":"https:\/\/radioljubuski.ba\/wp-content\/uploads\/2021\/07\/Ilija-Trifunovic-696x435-1.jpg","datePublished":"2021-07-18T17:57:12+00:00","dateModified":"2021-07-18T18:07:14+00:00","breadcrumb":{"@id":"https:\/\/radioljubuski.ba\/index.php\/2021\/07\/18\/18-srpnja-1942-cetnicki-vojvoda-trifunovic-bircanin-sa-sjedistem-u-splitu-sto-je-privuklo-hrvate-jugoslavene-u-ovaj-zlocinacki-pokret\/#breadcrumb"},"inLanguage":"hr","potentialAction":[{"@type":"ReadAction","target":["https:\/\/radioljubuski.ba\/index.php\/2021\/07\/18\/18-srpnja-1942-cetnicki-vojvoda-trifunovic-bircanin-sa-sjedistem-u-splitu-sto-je-privuklo-hrvate-jugoslavene-u-ovaj-zlocinacki-pokret\/"]}]},{"@type":"ImageObject","inLanguage":"hr","@id":"https:\/\/radioljubuski.ba\/index.php\/2021\/07\/18\/18-srpnja-1942-cetnicki-vojvoda-trifunovic-bircanin-sa-sjedistem-u-splitu-sto-je-privuklo-hrvate-jugoslavene-u-ovaj-zlocinacki-pokret\/#primaryimage","url":"https:\/\/radioljubuski.ba\/wp-content\/uploads\/2021\/07\/Ilija-Trifunovic-696x435-1.jpg","contentUrl":"https:\/\/radioljubuski.ba\/wp-content\/uploads\/2021\/07\/Ilija-Trifunovic-696x435-1.jpg","width":696,"height":435},{"@type":"BreadcrumbList","@id":"https:\/\/radioljubuski.ba\/index.php\/2021\/07\/18\/18-srpnja-1942-cetnicki-vojvoda-trifunovic-bircanin-sa-sjedistem-u-splitu-sto-je-privuklo-hrvate-jugoslavene-u-ovaj-zlocinacki-pokret\/#breadcrumb","itemListElement":[{"@type":"ListItem","position":1,"name":"Po\u010detna stranica","item":"https:\/\/radioljubuski.ba\/"},{"@type":"ListItem","position":2,"name":"18. srpnja 1942. \u010cetni\u010dki vojvoda Trifunovi\u0107 Bir\u010danin sa sjedi\u0161tem u Splitu \u2013 \u0161to je privuklo Hrvate-Jugoslavene u ovaj zlo\u010dina\u010dki pokret?"}]},{"@type":"WebSite","@id":"https:\/\/radioljubuski.ba\/#website","url":"https:\/\/radioljubuski.ba\/","name":"Radio Ljubu\u0161ki","description":"Sun\u010dana frekvencija Hercegovine","publisher":{"@id":"https:\/\/radioljubuski.ba\/#organization"},"potentialAction":[{"@type":"SearchAction","target":{"@type":"EntryPoint","urlTemplate":"https:\/\/radioljubuski.ba\/?s={search_term_string}"},"query-input":{"@type":"PropertyValueSpecification","valueRequired":true,"valueName":"search_term_string"}}],"inLanguage":"hr"},{"@type":"Organization","@id":"https:\/\/radioljubuski.ba\/#organization","name":"Radio Ljubu\u0161ki","url":"https:\/\/radioljubuski.ba\/","logo":{"@type":"ImageObject","inLanguage":"hr","@id":"https:\/\/radioljubuski.ba\/#\/schema\/logo\/image\/","url":"https:\/\/radioljubuski.ba\/wp-content\/uploads\/2021\/02\/cropped-Radio_Ljubuski_logo1.jpg","contentUrl":"https:\/\/radioljubuski.ba\/wp-content\/uploads\/2021\/02\/cropped-Radio_Ljubuski_logo1.jpg","width":512,"height":512,"caption":"Radio Ljubu\u0161ki"},"image":{"@id":"https:\/\/radioljubuski.ba\/#\/schema\/logo\/image\/"},"sameAs":["https:\/\/www.facebook.com\/Radiio-Ljubuski-1490835324566332","https:\/\/x.com\/radioljubuski","https:\/\/hr.linkedin.com\/company\/radio-ljubuski","https:\/\/www.youtube.com\/channel\/UCHYaeO_n0Db3tjNGudGpXyw"]},{"@type":"Person","@id":"https:\/\/radioljubuski.ba\/#\/schema\/person\/19fc700381a780f69665d7956c469e3b","name":"Radio Ljubu\u0161ki"}]}},"_links":{"self":[{"href":"https:\/\/radioljubuski.ba\/index.php\/wp-json\/wp\/v2\/posts\/43826","targetHints":{"allow":["GET"]}}],"collection":[{"href":"https:\/\/radioljubuski.ba\/index.php\/wp-json\/wp\/v2\/posts"}],"about":[{"href":"https:\/\/radioljubuski.ba\/index.php\/wp-json\/wp\/v2\/types\/post"}],"author":[{"embeddable":true,"href":"https:\/\/radioljubuski.ba\/index.php\/wp-json\/wp\/v2\/users\/2"}],"replies":[{"embeddable":true,"href":"https:\/\/radioljubuski.ba\/index.php\/wp-json\/wp\/v2\/comments?post=43826"}],"version-history":[{"count":1,"href":"https:\/\/radioljubuski.ba\/index.php\/wp-json\/wp\/v2\/posts\/43826\/revisions"}],"predecessor-version":[{"id":43828,"href":"https:\/\/radioljubuski.ba\/index.php\/wp-json\/wp\/v2\/posts\/43826\/revisions\/43828"}],"wp:featuredmedia":[{"embeddable":true,"href":"https:\/\/radioljubuski.ba\/index.php\/wp-json\/wp\/v2\/media\/43827"}],"wp:attachment":[{"href":"https:\/\/radioljubuski.ba\/index.php\/wp-json\/wp\/v2\/media?parent=43826"}],"wp:term":[{"taxonomy":"category","embeddable":true,"href":"https:\/\/radioljubuski.ba\/index.php\/wp-json\/wp\/v2\/categories?post=43826"},{"taxonomy":"post_tag","embeddable":true,"href":"https:\/\/radioljubuski.ba\/index.php\/wp-json\/wp\/v2\/tags?post=43826"}],"curies":[{"name":"wp","href":"https:\/\/api.w.org\/{rel}","templated":true}]}}