{"id":43829,"date":"2021-07-18T19:02:45","date_gmt":"2021-07-18T18:02:45","guid":{"rendered":"https:\/\/radioljubuski.ba\/?p=43829"},"modified":"2021-07-18T19:02:47","modified_gmt":"2021-07-18T18:02:47","slug":"18-srpnja-1993-maslenica-otvoren-most-koji-je-ponovno-spojio-sjevernu-i-juznu-hrvatsku","status":"publish","type":"post","link":"https:\/\/radioljubuski.ba\/index.php\/2021\/07\/18\/18-srpnja-1993-maslenica-otvoren-most-koji-je-ponovno-spojio-sjevernu-i-juznu-hrvatsku\/","title":{"rendered":"18. srpnja 1993. Maslenica \u2013 otvoren most koji je ponovno spojio sjevernu i ju\u017enu Hrvatsku"},"content":{"rendered":"\n<p><strong>Dana 18. srpnja 1993. otvoren je pontonski most na Maslenici koji je ponovno spojio sjevernu i ju\u017enu Hrvatsku. Pontonski most je sagra\u0111en na mjestu starog Masleni\u010dkog mosta sru\u0161enog 1991. i bio je \u017eila kucavica ju\u017ene Hrvatske do akcije Oluja kada je oslobo\u0111en kopneni pristup istoj.<\/strong><\/p>\n\n\n\n<iframe loading=\"lazy\" title=\"18  srpnja 1993   Otvoren pontonski most u Maslenici VIDEO\" width=\"640\" height=\"360\" src=\"https:\/\/www.youtube.com\/embed\/31egjD80ruQ?feature=oembed\" frameborder=\"0\" allow=\"accelerometer; autoplay; clipboard-write; encrypted-media; gyroscope; picture-in-picture; web-share\" referrerpolicy=\"strict-origin-when-cross-origin\" allowfullscreen><\/iframe>\n\n\n\n<p>Most je ina\u010de bio dug 279 m i sastojao se od 5 teglenica i 6 prijelaznih mosti\u0107a, a \u0161irina mu je bila 7,6 m.<\/p>\n\n\n\n<p>Bio je to najve\u0107i doga\u0111aj ljeta \u201893. jer je time ponovno, \u010dak i takvim mostom, spojena odsje\u010dena ju\u017ena Hrvatska i Hercegovina sa sjevernim dijelom zemlje.<\/p>\n\n\n\n<iframe loading=\"lazy\" title=\"Pontonski most na Maslenici -  po\u010detak montiranja 1993. 1\/6\" width=\"640\" height=\"360\" src=\"https:\/\/www.youtube.com\/embed\/gcLYXJyvWok?feature=oembed\" frameborder=\"0\" allow=\"accelerometer; autoplay; clipboard-write; encrypted-media; gyroscope; picture-in-picture; web-share\" referrerpolicy=\"strict-origin-when-cross-origin\" allowfullscreen><\/iframe>\n\n\n\n<p>Ovaj je most bio pu\u0161ten u promet 18. srpnja pa granatiranjem potopljen. Tako je njegovo drugo otvaranje bilo 22. srpnja.<\/p>\n\n\n\n<p>Premda je ratni neprijatelj bio odbijen u vojnoj akciji Maslenica prije toga, vo\u017enja onim komadom ceste od pontona do Jadranske magistrale sli\u010dila je ruskom ruletu. Asfalt je bio izrovan udarcima granata. Spaljeni tenkovi stajali su pokraj ceste.<\/p>\n\n\n\n<p>\u010cetnici su ga redovito ga\u0111ali, ponekad su i potopili poneki njegov dio, ali most je i dalje plutao i slu\u017eio svojoj svrsi.<\/p>\n\n\n\n<iframe loading=\"lazy\" title=\"Maslenica 1993. granatiran i o\u0161te\u0107en ponton\" width=\"640\" height=\"480\" src=\"https:\/\/www.youtube.com\/embed\/fQbXZcR0hic?feature=oembed\" frameborder=\"0\" allow=\"accelerometer; autoplay; clipboard-write; encrypted-media; gyroscope; picture-in-picture; web-share\" referrerpolicy=\"strict-origin-when-cross-origin\" allowfullscreen><\/iframe>\n\n\n\n<p>Pontonski je most preko Novskog \u017edrila bio samo privremeno rje\u0161enje. U me\u0111uvremenu je odlu\u010deno da se gradi novi armiranobetonski lu\u010dni most na trasi budu\u0107e autoceste izme\u0111u Dalmacije i sjeverne Hrvatske, udaljen od lokacije starog mosta pribli\u017eno kilometar i pol.<\/p>\n\n\n\n<p>To je bilo mogu\u0107e tek oslobo\u0111enjem cijele Hrvatske.<\/p>\n\n\n\n<p><em>Izvor: narod.hr<\/em><\/p>\n","protected":false},"excerpt":{"rendered":"<p>Dana 18. srpnja 1993. otvoren je pontonski most na Maslenici koji je ponovno spojio sjevernu i ju\u017enu Hrvatsku. Pontonski most je sagra\u0111en na mjestu starog Masleni\u010dkog mosta sru\u0161enog 1991. i bio je \u017eila kucavica ju\u017ene Hrvatske do akcije Oluja kada je oslobo\u0111en kopneni pristup istoj. Most je ina\u010de bio dug 279 m i sastojao se [&hellip;]<\/p>\n","protected":false},"author":2,"featured_media":43830,"comment_status":"closed","ping_status":"closed","sticky":false,"template":"","format":"standard","meta":{"h5ap_radio_sources":[],"footnotes":""},"categories":[1],"tags":[],"class_list":["post-43829","post","type-post","status-publish","format-standard","has-post-thumbnail","hentry","category-bihiregija"],"yoast_head":"<!-- This site is optimized with the Yoast SEO plugin v27.5 - https:\/\/yoast.com\/product\/yoast-seo-wordpress\/ -->\n<title>18. srpnja 1993. Maslenica \u2013 otvoren most koji je ponovno spojio sjevernu i ju\u017enu Hrvatsku - RADIO LJUBU\u0160KI<\/title>\n<meta name=\"robots\" content=\"index, follow, max-snippet:-1, max-image-preview:large, max-video-preview:-1\" \/>\n<link rel=\"canonical\" href=\"https:\/\/radioljubuski.ba\/index.php\/2021\/07\/18\/18-srpnja-1993-maslenica-otvoren-most-koji-je-ponovno-spojio-sjevernu-i-juznu-hrvatsku\/\" \/>\n<meta property=\"og:locale\" content=\"hr_HR\" \/>\n<meta property=\"og:type\" content=\"article\" \/>\n<meta property=\"og:title\" content=\"18. srpnja 1993. Maslenica \u2013 otvoren most koji je ponovno spojio sjevernu i ju\u017enu Hrvatsku - RADIO LJUBU\u0160KI\" \/>\n<meta property=\"og:description\" content=\"Dana 18. srpnja 1993. otvoren je pontonski most na Maslenici koji je ponovno spojio sjevernu i ju\u017enu Hrvatsku. Pontonski most je sagra\u0111en na mjestu starog Masleni\u010dkog mosta sru\u0161enog 1991. i bio je \u017eila kucavica ju\u017ene Hrvatske do akcije Oluja kada je oslobo\u0111en kopneni pristup istoj. Most je ina\u010de bio dug 279 m i sastojao se [&hellip;]\" \/>\n<meta property=\"og:url\" content=\"https:\/\/radioljubuski.ba\/index.php\/2021\/07\/18\/18-srpnja-1993-maslenica-otvoren-most-koji-je-ponovno-spojio-sjevernu-i-juznu-hrvatsku\/\" \/>\n<meta property=\"og:site_name\" content=\"RADIO LJUBU\u0160KI\" \/>\n<meta property=\"article:publisher\" content=\"https:\/\/www.facebook.com\/Radiio-Ljubuski-1490835324566332\" \/>\n<meta property=\"article:published_time\" content=\"2021-07-18T18:02:45+00:00\" \/>\n<meta property=\"article:modified_time\" content=\"2021-07-18T18:02:47+00:00\" \/>\n<meta property=\"og:image\" content=\"https:\/\/radioljubuski.ba\/wp-content\/uploads\/2021\/07\/Pontonski_most_preko_Novskog_zdrila_1993_pripadnici_3_GBR-696x496-1.jpg\" \/>\n\t<meta property=\"og:image:width\" content=\"696\" \/>\n\t<meta property=\"og:image:height\" content=\"496\" \/>\n\t<meta property=\"og:image:type\" content=\"image\/jpeg\" \/>\n<meta name=\"author\" content=\"Radio Ljubu\u0161ki\" \/>\n<meta name=\"twitter:card\" content=\"summary_large_image\" \/>\n<meta name=\"twitter:creator\" content=\"@radioljubuski\" \/>\n<meta name=\"twitter:site\" content=\"@radioljubuski\" \/>\n<meta name=\"twitter:label1\" content=\"Napisao\/la\" \/>\n\t<meta name=\"twitter:data1\" content=\"Radio Ljubu\u0161ki\" \/>\n\t<meta name=\"twitter:label2\" content=\"Procijenjeno vrijeme \u010ditanja\" \/>\n\t<meta name=\"twitter:data2\" content=\"1 minuta\" \/>\n<script type=\"application\/ld+json\" class=\"yoast-schema-graph\">{\"@context\":\"https:\\\/\\\/schema.org\",\"@graph\":[{\"@type\":\"Article\",\"@id\":\"https:\\\/\\\/radioljubuski.ba\\\/index.php\\\/2021\\\/07\\\/18\\\/18-srpnja-1993-maslenica-otvoren-most-koji-je-ponovno-spojio-sjevernu-i-juznu-hrvatsku\\\/#article\",\"isPartOf\":{\"@id\":\"https:\\\/\\\/radioljubuski.ba\\\/index.php\\\/2021\\\/07\\\/18\\\/18-srpnja-1993-maslenica-otvoren-most-koji-je-ponovno-spojio-sjevernu-i-juznu-hrvatsku\\\/\"},\"author\":{\"name\":\"Radio Ljubu\u0161ki\",\"@id\":\"https:\\\/\\\/radioljubuski.ba\\\/#\\\/schema\\\/person\\\/19fc700381a780f69665d7956c469e3b\"},\"headline\":\"18. srpnja 1993. Maslenica \u2013 otvoren most koji je ponovno spojio sjevernu i ju\u017enu Hrvatsku\",\"datePublished\":\"2021-07-18T18:02:45+00:00\",\"dateModified\":\"2021-07-18T18:02:47+00:00\",\"mainEntityOfPage\":{\"@id\":\"https:\\\/\\\/radioljubuski.ba\\\/index.php\\\/2021\\\/07\\\/18\\\/18-srpnja-1993-maslenica-otvoren-most-koji-je-ponovno-spojio-sjevernu-i-juznu-hrvatsku\\\/\"},\"wordCount\":275,\"publisher\":{\"@id\":\"https:\\\/\\\/radioljubuski.ba\\\/#organization\"},\"image\":{\"@id\":\"https:\\\/\\\/radioljubuski.ba\\\/index.php\\\/2021\\\/07\\\/18\\\/18-srpnja-1993-maslenica-otvoren-most-koji-je-ponovno-spojio-sjevernu-i-juznu-hrvatsku\\\/#primaryimage\"},\"thumbnailUrl\":\"https:\\\/\\\/radioljubuski.ba\\\/wp-content\\\/uploads\\\/2021\\\/07\\\/Pontonski_most_preko_Novskog_zdrila_1993_pripadnici_3_GBR-696x496-1.jpg\",\"articleSection\":[\"BIH i regija\"],\"inLanguage\":\"hr\"},{\"@type\":\"WebPage\",\"@id\":\"https:\\\/\\\/radioljubuski.ba\\\/index.php\\\/2021\\\/07\\\/18\\\/18-srpnja-1993-maslenica-otvoren-most-koji-je-ponovno-spojio-sjevernu-i-juznu-hrvatsku\\\/\",\"url\":\"https:\\\/\\\/radioljubuski.ba\\\/index.php\\\/2021\\\/07\\\/18\\\/18-srpnja-1993-maslenica-otvoren-most-koji-je-ponovno-spojio-sjevernu-i-juznu-hrvatsku\\\/\",\"name\":\"18. srpnja 1993. Maslenica \u2013 otvoren most koji je ponovno spojio sjevernu i ju\u017enu Hrvatsku - RADIO LJUBU\u0160KI\",\"isPartOf\":{\"@id\":\"https:\\\/\\\/radioljubuski.ba\\\/#website\"},\"primaryImageOfPage\":{\"@id\":\"https:\\\/\\\/radioljubuski.ba\\\/index.php\\\/2021\\\/07\\\/18\\\/18-srpnja-1993-maslenica-otvoren-most-koji-je-ponovno-spojio-sjevernu-i-juznu-hrvatsku\\\/#primaryimage\"},\"image\":{\"@id\":\"https:\\\/\\\/radioljubuski.ba\\\/index.php\\\/2021\\\/07\\\/18\\\/18-srpnja-1993-maslenica-otvoren-most-koji-je-ponovno-spojio-sjevernu-i-juznu-hrvatsku\\\/#primaryimage\"},\"thumbnailUrl\":\"https:\\\/\\\/radioljubuski.ba\\\/wp-content\\\/uploads\\\/2021\\\/07\\\/Pontonski_most_preko_Novskog_zdrila_1993_pripadnici_3_GBR-696x496-1.jpg\",\"datePublished\":\"2021-07-18T18:02:45+00:00\",\"dateModified\":\"2021-07-18T18:02:47+00:00\",\"breadcrumb\":{\"@id\":\"https:\\\/\\\/radioljubuski.ba\\\/index.php\\\/2021\\\/07\\\/18\\\/18-srpnja-1993-maslenica-otvoren-most-koji-je-ponovno-spojio-sjevernu-i-juznu-hrvatsku\\\/#breadcrumb\"},\"inLanguage\":\"hr\",\"potentialAction\":[{\"@type\":\"ReadAction\",\"target\":[\"https:\\\/\\\/radioljubuski.ba\\\/index.php\\\/2021\\\/07\\\/18\\\/18-srpnja-1993-maslenica-otvoren-most-koji-je-ponovno-spojio-sjevernu-i-juznu-hrvatsku\\\/\"]}]},{\"@type\":\"ImageObject\",\"inLanguage\":\"hr\",\"@id\":\"https:\\\/\\\/radioljubuski.ba\\\/index.php\\\/2021\\\/07\\\/18\\\/18-srpnja-1993-maslenica-otvoren-most-koji-je-ponovno-spojio-sjevernu-i-juznu-hrvatsku\\\/#primaryimage\",\"url\":\"https:\\\/\\\/radioljubuski.ba\\\/wp-content\\\/uploads\\\/2021\\\/07\\\/Pontonski_most_preko_Novskog_zdrila_1993_pripadnici_3_GBR-696x496-1.jpg\",\"contentUrl\":\"https:\\\/\\\/radioljubuski.ba\\\/wp-content\\\/uploads\\\/2021\\\/07\\\/Pontonski_most_preko_Novskog_zdrila_1993_pripadnici_3_GBR-696x496-1.jpg\",\"width\":696,\"height\":496},{\"@type\":\"BreadcrumbList\",\"@id\":\"https:\\\/\\\/radioljubuski.ba\\\/index.php\\\/2021\\\/07\\\/18\\\/18-srpnja-1993-maslenica-otvoren-most-koji-je-ponovno-spojio-sjevernu-i-juznu-hrvatsku\\\/#breadcrumb\",\"itemListElement\":[{\"@type\":\"ListItem\",\"position\":1,\"name\":\"Po\u010detna stranica\",\"item\":\"https:\\\/\\\/radioljubuski.ba\\\/\"},{\"@type\":\"ListItem\",\"position\":2,\"name\":\"18. srpnja 1993. Maslenica \u2013 otvoren most koji je ponovno spojio sjevernu i ju\u017enu Hrvatsku\"}]},{\"@type\":\"WebSite\",\"@id\":\"https:\\\/\\\/radioljubuski.ba\\\/#website\",\"url\":\"https:\\\/\\\/radioljubuski.ba\\\/\",\"name\":\"Radio Ljubu\u0161ki\",\"description\":\"Sun\u010dana frekvencija Hercegovine\",\"publisher\":{\"@id\":\"https:\\\/\\\/radioljubuski.ba\\\/#organization\"},\"potentialAction\":[{\"@type\":\"SearchAction\",\"target\":{\"@type\":\"EntryPoint\",\"urlTemplate\":\"https:\\\/\\\/radioljubuski.ba\\\/?s={search_term_string}\"},\"query-input\":{\"@type\":\"PropertyValueSpecification\",\"valueRequired\":true,\"valueName\":\"search_term_string\"}}],\"inLanguage\":\"hr\"},{\"@type\":\"Organization\",\"@id\":\"https:\\\/\\\/radioljubuski.ba\\\/#organization\",\"name\":\"Radio Ljubu\u0161ki\",\"url\":\"https:\\\/\\\/radioljubuski.ba\\\/\",\"logo\":{\"@type\":\"ImageObject\",\"inLanguage\":\"hr\",\"@id\":\"https:\\\/\\\/radioljubuski.ba\\\/#\\\/schema\\\/logo\\\/image\\\/\",\"url\":\"https:\\\/\\\/radioljubuski.ba\\\/wp-content\\\/uploads\\\/2021\\\/02\\\/cropped-Radio_Ljubuski_logo1.jpg\",\"contentUrl\":\"https:\\\/\\\/radioljubuski.ba\\\/wp-content\\\/uploads\\\/2021\\\/02\\\/cropped-Radio_Ljubuski_logo1.jpg\",\"width\":512,\"height\":512,\"caption\":\"Radio Ljubu\u0161ki\"},\"image\":{\"@id\":\"https:\\\/\\\/radioljubuski.ba\\\/#\\\/schema\\\/logo\\\/image\\\/\"},\"sameAs\":[\"https:\\\/\\\/www.facebook.com\\\/Radiio-Ljubuski-1490835324566332\",\"https:\\\/\\\/x.com\\\/radioljubuski\",\"https:\\\/\\\/hr.linkedin.com\\\/company\\\/radio-ljubuski\",\"https:\\\/\\\/www.youtube.com\\\/channel\\\/UCHYaeO_n0Db3tjNGudGpXyw\"]},{\"@type\":\"Person\",\"@id\":\"https:\\\/\\\/radioljubuski.ba\\\/#\\\/schema\\\/person\\\/19fc700381a780f69665d7956c469e3b\",\"name\":\"Radio Ljubu\u0161ki\"}]}<\/script>\n<!-- \/ Yoast SEO plugin. -->","yoast_head_json":{"title":"18. srpnja 1993. Maslenica \u2013 otvoren most koji je ponovno spojio sjevernu i ju\u017enu Hrvatsku - RADIO LJUBU\u0160KI","robots":{"index":"index","follow":"follow","max-snippet":"max-snippet:-1","max-image-preview":"max-image-preview:large","max-video-preview":"max-video-preview:-1"},"canonical":"https:\/\/radioljubuski.ba\/index.php\/2021\/07\/18\/18-srpnja-1993-maslenica-otvoren-most-koji-je-ponovno-spojio-sjevernu-i-juznu-hrvatsku\/","og_locale":"hr_HR","og_type":"article","og_title":"18. srpnja 1993. Maslenica \u2013 otvoren most koji je ponovno spojio sjevernu i ju\u017enu Hrvatsku - RADIO LJUBU\u0160KI","og_description":"Dana 18. srpnja 1993. otvoren je pontonski most na Maslenici koji je ponovno spojio sjevernu i ju\u017enu Hrvatsku. Pontonski most je sagra\u0111en na mjestu starog Masleni\u010dkog mosta sru\u0161enog 1991. i bio je \u017eila kucavica ju\u017ene Hrvatske do akcije Oluja kada je oslobo\u0111en kopneni pristup istoj. Most je ina\u010de bio dug 279 m i sastojao se [&hellip;]","og_url":"https:\/\/radioljubuski.ba\/index.php\/2021\/07\/18\/18-srpnja-1993-maslenica-otvoren-most-koji-je-ponovno-spojio-sjevernu-i-juznu-hrvatsku\/","og_site_name":"RADIO LJUBU\u0160KI","article_publisher":"https:\/\/www.facebook.com\/Radiio-Ljubuski-1490835324566332","article_published_time":"2021-07-18T18:02:45+00:00","article_modified_time":"2021-07-18T18:02:47+00:00","og_image":[{"width":696,"height":496,"url":"https:\/\/radioljubuski.ba\/wp-content\/uploads\/2021\/07\/Pontonski_most_preko_Novskog_zdrila_1993_pripadnici_3_GBR-696x496-1.jpg","type":"image\/jpeg"}],"author":"Radio Ljubu\u0161ki","twitter_card":"summary_large_image","twitter_creator":"@radioljubuski","twitter_site":"@radioljubuski","twitter_misc":{"Napisao\/la":"Radio Ljubu\u0161ki","Procijenjeno vrijeme \u010ditanja":"1 minuta"},"schema":{"@context":"https:\/\/schema.org","@graph":[{"@type":"Article","@id":"https:\/\/radioljubuski.ba\/index.php\/2021\/07\/18\/18-srpnja-1993-maslenica-otvoren-most-koji-je-ponovno-spojio-sjevernu-i-juznu-hrvatsku\/#article","isPartOf":{"@id":"https:\/\/radioljubuski.ba\/index.php\/2021\/07\/18\/18-srpnja-1993-maslenica-otvoren-most-koji-je-ponovno-spojio-sjevernu-i-juznu-hrvatsku\/"},"author":{"name":"Radio Ljubu\u0161ki","@id":"https:\/\/radioljubuski.ba\/#\/schema\/person\/19fc700381a780f69665d7956c469e3b"},"headline":"18. srpnja 1993. Maslenica \u2013 otvoren most koji je ponovno spojio sjevernu i ju\u017enu Hrvatsku","datePublished":"2021-07-18T18:02:45+00:00","dateModified":"2021-07-18T18:02:47+00:00","mainEntityOfPage":{"@id":"https:\/\/radioljubuski.ba\/index.php\/2021\/07\/18\/18-srpnja-1993-maslenica-otvoren-most-koji-je-ponovno-spojio-sjevernu-i-juznu-hrvatsku\/"},"wordCount":275,"publisher":{"@id":"https:\/\/radioljubuski.ba\/#organization"},"image":{"@id":"https:\/\/radioljubuski.ba\/index.php\/2021\/07\/18\/18-srpnja-1993-maslenica-otvoren-most-koji-je-ponovno-spojio-sjevernu-i-juznu-hrvatsku\/#primaryimage"},"thumbnailUrl":"https:\/\/radioljubuski.ba\/wp-content\/uploads\/2021\/07\/Pontonski_most_preko_Novskog_zdrila_1993_pripadnici_3_GBR-696x496-1.jpg","articleSection":["BIH i regija"],"inLanguage":"hr"},{"@type":"WebPage","@id":"https:\/\/radioljubuski.ba\/index.php\/2021\/07\/18\/18-srpnja-1993-maslenica-otvoren-most-koji-je-ponovno-spojio-sjevernu-i-juznu-hrvatsku\/","url":"https:\/\/radioljubuski.ba\/index.php\/2021\/07\/18\/18-srpnja-1993-maslenica-otvoren-most-koji-je-ponovno-spojio-sjevernu-i-juznu-hrvatsku\/","name":"18. srpnja 1993. Maslenica \u2013 otvoren most koji je ponovno spojio sjevernu i ju\u017enu Hrvatsku - RADIO LJUBU\u0160KI","isPartOf":{"@id":"https:\/\/radioljubuski.ba\/#website"},"primaryImageOfPage":{"@id":"https:\/\/radioljubuski.ba\/index.php\/2021\/07\/18\/18-srpnja-1993-maslenica-otvoren-most-koji-je-ponovno-spojio-sjevernu-i-juznu-hrvatsku\/#primaryimage"},"image":{"@id":"https:\/\/radioljubuski.ba\/index.php\/2021\/07\/18\/18-srpnja-1993-maslenica-otvoren-most-koji-je-ponovno-spojio-sjevernu-i-juznu-hrvatsku\/#primaryimage"},"thumbnailUrl":"https:\/\/radioljubuski.ba\/wp-content\/uploads\/2021\/07\/Pontonski_most_preko_Novskog_zdrila_1993_pripadnici_3_GBR-696x496-1.jpg","datePublished":"2021-07-18T18:02:45+00:00","dateModified":"2021-07-18T18:02:47+00:00","breadcrumb":{"@id":"https:\/\/radioljubuski.ba\/index.php\/2021\/07\/18\/18-srpnja-1993-maslenica-otvoren-most-koji-je-ponovno-spojio-sjevernu-i-juznu-hrvatsku\/#breadcrumb"},"inLanguage":"hr","potentialAction":[{"@type":"ReadAction","target":["https:\/\/radioljubuski.ba\/index.php\/2021\/07\/18\/18-srpnja-1993-maslenica-otvoren-most-koji-je-ponovno-spojio-sjevernu-i-juznu-hrvatsku\/"]}]},{"@type":"ImageObject","inLanguage":"hr","@id":"https:\/\/radioljubuski.ba\/index.php\/2021\/07\/18\/18-srpnja-1993-maslenica-otvoren-most-koji-je-ponovno-spojio-sjevernu-i-juznu-hrvatsku\/#primaryimage","url":"https:\/\/radioljubuski.ba\/wp-content\/uploads\/2021\/07\/Pontonski_most_preko_Novskog_zdrila_1993_pripadnici_3_GBR-696x496-1.jpg","contentUrl":"https:\/\/radioljubuski.ba\/wp-content\/uploads\/2021\/07\/Pontonski_most_preko_Novskog_zdrila_1993_pripadnici_3_GBR-696x496-1.jpg","width":696,"height":496},{"@type":"BreadcrumbList","@id":"https:\/\/radioljubuski.ba\/index.php\/2021\/07\/18\/18-srpnja-1993-maslenica-otvoren-most-koji-je-ponovno-spojio-sjevernu-i-juznu-hrvatsku\/#breadcrumb","itemListElement":[{"@type":"ListItem","position":1,"name":"Po\u010detna stranica","item":"https:\/\/radioljubuski.ba\/"},{"@type":"ListItem","position":2,"name":"18. srpnja 1993. Maslenica \u2013 otvoren most koji je ponovno spojio sjevernu i ju\u017enu Hrvatsku"}]},{"@type":"WebSite","@id":"https:\/\/radioljubuski.ba\/#website","url":"https:\/\/radioljubuski.ba\/","name":"Radio Ljubu\u0161ki","description":"Sun\u010dana frekvencija Hercegovine","publisher":{"@id":"https:\/\/radioljubuski.ba\/#organization"},"potentialAction":[{"@type":"SearchAction","target":{"@type":"EntryPoint","urlTemplate":"https:\/\/radioljubuski.ba\/?s={search_term_string}"},"query-input":{"@type":"PropertyValueSpecification","valueRequired":true,"valueName":"search_term_string"}}],"inLanguage":"hr"},{"@type":"Organization","@id":"https:\/\/radioljubuski.ba\/#organization","name":"Radio Ljubu\u0161ki","url":"https:\/\/radioljubuski.ba\/","logo":{"@type":"ImageObject","inLanguage":"hr","@id":"https:\/\/radioljubuski.ba\/#\/schema\/logo\/image\/","url":"https:\/\/radioljubuski.ba\/wp-content\/uploads\/2021\/02\/cropped-Radio_Ljubuski_logo1.jpg","contentUrl":"https:\/\/radioljubuski.ba\/wp-content\/uploads\/2021\/02\/cropped-Radio_Ljubuski_logo1.jpg","width":512,"height":512,"caption":"Radio Ljubu\u0161ki"},"image":{"@id":"https:\/\/radioljubuski.ba\/#\/schema\/logo\/image\/"},"sameAs":["https:\/\/www.facebook.com\/Radiio-Ljubuski-1490835324566332","https:\/\/x.com\/radioljubuski","https:\/\/hr.linkedin.com\/company\/radio-ljubuski","https:\/\/www.youtube.com\/channel\/UCHYaeO_n0Db3tjNGudGpXyw"]},{"@type":"Person","@id":"https:\/\/radioljubuski.ba\/#\/schema\/person\/19fc700381a780f69665d7956c469e3b","name":"Radio Ljubu\u0161ki"}]}},"_links":{"self":[{"href":"https:\/\/radioljubuski.ba\/index.php\/wp-json\/wp\/v2\/posts\/43829","targetHints":{"allow":["GET"]}}],"collection":[{"href":"https:\/\/radioljubuski.ba\/index.php\/wp-json\/wp\/v2\/posts"}],"about":[{"href":"https:\/\/radioljubuski.ba\/index.php\/wp-json\/wp\/v2\/types\/post"}],"author":[{"embeddable":true,"href":"https:\/\/radioljubuski.ba\/index.php\/wp-json\/wp\/v2\/users\/2"}],"replies":[{"embeddable":true,"href":"https:\/\/radioljubuski.ba\/index.php\/wp-json\/wp\/v2\/comments?post=43829"}],"version-history":[{"count":1,"href":"https:\/\/radioljubuski.ba\/index.php\/wp-json\/wp\/v2\/posts\/43829\/revisions"}],"predecessor-version":[{"id":43831,"href":"https:\/\/radioljubuski.ba\/index.php\/wp-json\/wp\/v2\/posts\/43829\/revisions\/43831"}],"wp:featuredmedia":[{"embeddable":true,"href":"https:\/\/radioljubuski.ba\/index.php\/wp-json\/wp\/v2\/media\/43830"}],"wp:attachment":[{"href":"https:\/\/radioljubuski.ba\/index.php\/wp-json\/wp\/v2\/media?parent=43829"}],"wp:term":[{"taxonomy":"category","embeddable":true,"href":"https:\/\/radioljubuski.ba\/index.php\/wp-json\/wp\/v2\/categories?post=43829"},{"taxonomy":"post_tag","embeddable":true,"href":"https:\/\/radioljubuski.ba\/index.php\/wp-json\/wp\/v2\/tags?post=43829"}],"curies":[{"name":"wp","href":"https:\/\/api.w.org\/{rel}","templated":true}]}}