{"id":43834,"date":"2021-07-18T19:08:27","date_gmt":"2021-07-18T18:08:27","guid":{"rendered":"https:\/\/radioljubuski.ba\/?p=43834"},"modified":"2021-07-18T19:08:30","modified_gmt":"2021-07-18T18:08:30","slug":"poljska-vrhovni-sud-odbio-priznati-rodni-list-u-kojem-su-kao-roditelji-navedene-2-zene","status":"publish","type":"post","link":"https:\/\/radioljubuski.ba\/index.php\/2021\/07\/18\/poljska-vrhovni-sud-odbio-priznati-rodni-list-u-kojem-su-kao-roditelji-navedene-2-zene\/","title":{"rendered":"Poljska: Vrhovni sud odbio priznati rodni list u kojem su kao roditelji navedene 2 \u017eene"},"content":{"rendered":"\n<p><strong>Dvije \u017eene poku\u0161ale su u Poljskoj posti\u0107i valjanost rodnoga lista njihovog djeteta u kojem su njih dvije navedene kao roditelji. Vrhovni sud proglasio je da takav ishod ne bi bio u skladu s poljskim zakonodavstvom i odbio raniju presudu Vojvodskog suda, prenosi&nbsp;<a href=\"https:\/\/rmx.news\/article\/polish-top-administrative-court-rejects-birth-certificate-with-two-women-entered-as-the-parents\/\">Remix<\/a>.<\/strong><\/p>\n\n\n\n<p>\u017dene su htjele registrirati britanski rodni list njihovog djeteta u Poljskoj. Ravnatelj Civilnoga mati\u010dnog ureda odbio je prenijeti dokument zbog \u010dinjenice da su u njemu&nbsp;<strong>kao roditelji navedene osobe istoga spola<\/strong>. Njegovu je odluku podr\u017eao \u010delnik pripadaju\u0107eg vojvodstva, ali je Vojvodski sud presudio u korist \u017eena.<\/p>\n\n\n\n<p>Kasacijskom \u017ealbom slu\u010daj je do\u0161ao do Vrhovnog suda koji je pro\u0161log tjedna odlu\u010dio da dvije \u017eene ne mogu biti zakoniti roditelji djeteta u Poljskoj.<\/p>\n\n\n\n<p>\u201cPresudom od 5. travnja 2018. Vojvodski sud odbacio je odluku vojvodskog guvernera koji je podr\u017eao odluku ravnatelja Civilnog mati\u010dnog ureda da odbije prepisati strani rodni list. Slu\u010daj se ti\u010de djeteta ro\u0111enog u Ujedinjenom Kraljevstvu, a u \u010dijem su rodnom listu kao roditelji upisane dvije \u017eene\u201d, izvijestili su iz Ureda dr\u017eavnog tu\u017eitelja.<\/p>\n\n\n\n<p>Objasnili su kako je Vojvodski sud prekr\u0161io zakon neto\u010dnom interpretacijom i primjenom. Vrhovni sud ocijenio je \u017ealbe tu\u017eitelja i vojvodskog guvernera opravdanima te odbio zahtjev dviju \u017eena stoga \u0161to je isti nekompatibilan s temeljnim na\u010delima pravnog ure\u0111enja u Poljskoj.<\/p>\n\n\n\n<p><em>Izvor: narod.hr\/rmx.news<\/em><\/p>\n","protected":false},"excerpt":{"rendered":"<p>Dvije \u017eene poku\u0161ale su u Poljskoj posti\u0107i valjanost rodnoga lista njihovog djeteta u kojem su njih dvije navedene kao roditelji. Vrhovni sud proglasio je da takav ishod ne bi bio u skladu s poljskim zakonodavstvom i odbio raniju presudu Vojvodskog suda, prenosi&nbsp;Remix. \u017dene su htjele registrirati britanski rodni list njihovog djeteta u Poljskoj. Ravnatelj Civilnoga [&hellip;]<\/p>\n","protected":false},"author":2,"featured_media":43835,"comment_status":"closed","ping_status":"closed","sticky":false,"template":"","format":"standard","meta":{"h5ap_radio_sources":[],"footnotes":""},"categories":[1],"tags":[],"class_list":["post-43834","post","type-post","status-publish","format-standard","has-post-thumbnail","hentry","category-bihiregija"],"yoast_head":"<!-- This site is optimized with the Yoast SEO plugin v27.5 - https:\/\/yoast.com\/product\/yoast-seo-wordpress\/ -->\n<title>Poljska: Vrhovni sud odbio priznati rodni list u kojem su kao roditelji navedene 2 \u017eene - RADIO LJUBU\u0160KI<\/title>\n<meta name=\"robots\" content=\"index, follow, max-snippet:-1, max-image-preview:large, max-video-preview:-1\" \/>\n<link rel=\"canonical\" href=\"https:\/\/radioljubuski.ba\/index.php\/2021\/07\/18\/poljska-vrhovni-sud-odbio-priznati-rodni-list-u-kojem-su-kao-roditelji-navedene-2-zene\/\" \/>\n<meta property=\"og:locale\" content=\"hr_HR\" \/>\n<meta property=\"og:type\" content=\"article\" \/>\n<meta property=\"og:title\" content=\"Poljska: Vrhovni sud odbio priznati rodni list u kojem su kao roditelji navedene 2 \u017eene - RADIO LJUBU\u0160KI\" \/>\n<meta property=\"og:description\" content=\"Dvije \u017eene poku\u0161ale su u Poljskoj posti\u0107i valjanost rodnoga lista njihovog djeteta u kojem su njih dvije navedene kao roditelji. Vrhovni sud proglasio je da takav ishod ne bi bio u skladu s poljskim zakonodavstvom i odbio raniju presudu Vojvodskog suda, prenosi&nbsp;Remix. \u017dene su htjele registrirati britanski rodni list njihovog djeteta u Poljskoj. Ravnatelj Civilnoga [&hellip;]\" \/>\n<meta property=\"og:url\" content=\"https:\/\/radioljubuski.ba\/index.php\/2021\/07\/18\/poljska-vrhovni-sud-odbio-priznati-rodni-list-u-kojem-su-kao-roditelji-navedene-2-zene\/\" \/>\n<meta property=\"og:site_name\" content=\"RADIO LJUBU\u0160KI\" \/>\n<meta property=\"article:publisher\" content=\"https:\/\/www.facebook.com\/Radiio-Ljubuski-1490835324566332\" \/>\n<meta property=\"article:published_time\" content=\"2021-07-18T18:08:27+00:00\" \/>\n<meta property=\"article:modified_time\" content=\"2021-07-18T18:08:30+00:00\" \/>\n<meta property=\"og:image\" content=\"https:\/\/radioljubuski.ba\/wp-content\/uploads\/2021\/07\/sud-u-varsavi-1-696x502-1.jpg\" \/>\n\t<meta property=\"og:image:width\" content=\"696\" \/>\n\t<meta property=\"og:image:height\" content=\"502\" \/>\n\t<meta property=\"og:image:type\" content=\"image\/jpeg\" \/>\n<meta name=\"author\" content=\"Radio Ljubu\u0161ki\" \/>\n<meta name=\"twitter:card\" content=\"summary_large_image\" \/>\n<meta name=\"twitter:creator\" content=\"@radioljubuski\" \/>\n<meta name=\"twitter:site\" content=\"@radioljubuski\" \/>\n<meta name=\"twitter:label1\" content=\"Napisao\/la\" \/>\n\t<meta name=\"twitter:data1\" content=\"Radio Ljubu\u0161ki\" \/>\n\t<meta name=\"twitter:label2\" content=\"Procijenjeno vrijeme \u010ditanja\" \/>\n\t<meta name=\"twitter:data2\" content=\"1 minuta\" \/>\n<script type=\"application\/ld+json\" class=\"yoast-schema-graph\">{\"@context\":\"https:\\\/\\\/schema.org\",\"@graph\":[{\"@type\":\"Article\",\"@id\":\"https:\\\/\\\/radioljubuski.ba\\\/index.php\\\/2021\\\/07\\\/18\\\/poljska-vrhovni-sud-odbio-priznati-rodni-list-u-kojem-su-kao-roditelji-navedene-2-zene\\\/#article\",\"isPartOf\":{\"@id\":\"https:\\\/\\\/radioljubuski.ba\\\/index.php\\\/2021\\\/07\\\/18\\\/poljska-vrhovni-sud-odbio-priznati-rodni-list-u-kojem-su-kao-roditelji-navedene-2-zene\\\/\"},\"author\":{\"name\":\"Radio Ljubu\u0161ki\",\"@id\":\"https:\\\/\\\/radioljubuski.ba\\\/#\\\/schema\\\/person\\\/19fc700381a780f69665d7956c469e3b\"},\"headline\":\"Poljska: Vrhovni sud odbio priznati rodni list u kojem su kao roditelji navedene 2 \u017eene\",\"datePublished\":\"2021-07-18T18:08:27+00:00\",\"dateModified\":\"2021-07-18T18:08:30+00:00\",\"mainEntityOfPage\":{\"@id\":\"https:\\\/\\\/radioljubuski.ba\\\/index.php\\\/2021\\\/07\\\/18\\\/poljska-vrhovni-sud-odbio-priznati-rodni-list-u-kojem-su-kao-roditelji-navedene-2-zene\\\/\"},\"wordCount\":243,\"publisher\":{\"@id\":\"https:\\\/\\\/radioljubuski.ba\\\/#organization\"},\"image\":{\"@id\":\"https:\\\/\\\/radioljubuski.ba\\\/index.php\\\/2021\\\/07\\\/18\\\/poljska-vrhovni-sud-odbio-priznati-rodni-list-u-kojem-su-kao-roditelji-navedene-2-zene\\\/#primaryimage\"},\"thumbnailUrl\":\"https:\\\/\\\/radioljubuski.ba\\\/wp-content\\\/uploads\\\/2021\\\/07\\\/sud-u-varsavi-1-696x502-1.jpg\",\"articleSection\":[\"BIH i regija\"],\"inLanguage\":\"hr\"},{\"@type\":\"WebPage\",\"@id\":\"https:\\\/\\\/radioljubuski.ba\\\/index.php\\\/2021\\\/07\\\/18\\\/poljska-vrhovni-sud-odbio-priznati-rodni-list-u-kojem-su-kao-roditelji-navedene-2-zene\\\/\",\"url\":\"https:\\\/\\\/radioljubuski.ba\\\/index.php\\\/2021\\\/07\\\/18\\\/poljska-vrhovni-sud-odbio-priznati-rodni-list-u-kojem-su-kao-roditelji-navedene-2-zene\\\/\",\"name\":\"Poljska: Vrhovni sud odbio priznati rodni list u kojem su kao roditelji navedene 2 \u017eene - RADIO LJUBU\u0160KI\",\"isPartOf\":{\"@id\":\"https:\\\/\\\/radioljubuski.ba\\\/#website\"},\"primaryImageOfPage\":{\"@id\":\"https:\\\/\\\/radioljubuski.ba\\\/index.php\\\/2021\\\/07\\\/18\\\/poljska-vrhovni-sud-odbio-priznati-rodni-list-u-kojem-su-kao-roditelji-navedene-2-zene\\\/#primaryimage\"},\"image\":{\"@id\":\"https:\\\/\\\/radioljubuski.ba\\\/index.php\\\/2021\\\/07\\\/18\\\/poljska-vrhovni-sud-odbio-priznati-rodni-list-u-kojem-su-kao-roditelji-navedene-2-zene\\\/#primaryimage\"},\"thumbnailUrl\":\"https:\\\/\\\/radioljubuski.ba\\\/wp-content\\\/uploads\\\/2021\\\/07\\\/sud-u-varsavi-1-696x502-1.jpg\",\"datePublished\":\"2021-07-18T18:08:27+00:00\",\"dateModified\":\"2021-07-18T18:08:30+00:00\",\"breadcrumb\":{\"@id\":\"https:\\\/\\\/radioljubuski.ba\\\/index.php\\\/2021\\\/07\\\/18\\\/poljska-vrhovni-sud-odbio-priznati-rodni-list-u-kojem-su-kao-roditelji-navedene-2-zene\\\/#breadcrumb\"},\"inLanguage\":\"hr\",\"potentialAction\":[{\"@type\":\"ReadAction\",\"target\":[\"https:\\\/\\\/radioljubuski.ba\\\/index.php\\\/2021\\\/07\\\/18\\\/poljska-vrhovni-sud-odbio-priznati-rodni-list-u-kojem-su-kao-roditelji-navedene-2-zene\\\/\"]}]},{\"@type\":\"ImageObject\",\"inLanguage\":\"hr\",\"@id\":\"https:\\\/\\\/radioljubuski.ba\\\/index.php\\\/2021\\\/07\\\/18\\\/poljska-vrhovni-sud-odbio-priznati-rodni-list-u-kojem-su-kao-roditelji-navedene-2-zene\\\/#primaryimage\",\"url\":\"https:\\\/\\\/radioljubuski.ba\\\/wp-content\\\/uploads\\\/2021\\\/07\\\/sud-u-varsavi-1-696x502-1.jpg\",\"contentUrl\":\"https:\\\/\\\/radioljubuski.ba\\\/wp-content\\\/uploads\\\/2021\\\/07\\\/sud-u-varsavi-1-696x502-1.jpg\",\"width\":696,\"height\":502},{\"@type\":\"BreadcrumbList\",\"@id\":\"https:\\\/\\\/radioljubuski.ba\\\/index.php\\\/2021\\\/07\\\/18\\\/poljska-vrhovni-sud-odbio-priznati-rodni-list-u-kojem-su-kao-roditelji-navedene-2-zene\\\/#breadcrumb\",\"itemListElement\":[{\"@type\":\"ListItem\",\"position\":1,\"name\":\"Po\u010detna stranica\",\"item\":\"https:\\\/\\\/radioljubuski.ba\\\/\"},{\"@type\":\"ListItem\",\"position\":2,\"name\":\"Poljska: Vrhovni sud odbio priznati rodni list u kojem su kao roditelji navedene 2 \u017eene\"}]},{\"@type\":\"WebSite\",\"@id\":\"https:\\\/\\\/radioljubuski.ba\\\/#website\",\"url\":\"https:\\\/\\\/radioljubuski.ba\\\/\",\"name\":\"Radio Ljubu\u0161ki\",\"description\":\"Sun\u010dana frekvencija Hercegovine\",\"publisher\":{\"@id\":\"https:\\\/\\\/radioljubuski.ba\\\/#organization\"},\"potentialAction\":[{\"@type\":\"SearchAction\",\"target\":{\"@type\":\"EntryPoint\",\"urlTemplate\":\"https:\\\/\\\/radioljubuski.ba\\\/?s={search_term_string}\"},\"query-input\":{\"@type\":\"PropertyValueSpecification\",\"valueRequired\":true,\"valueName\":\"search_term_string\"}}],\"inLanguage\":\"hr\"},{\"@type\":\"Organization\",\"@id\":\"https:\\\/\\\/radioljubuski.ba\\\/#organization\",\"name\":\"Radio Ljubu\u0161ki\",\"url\":\"https:\\\/\\\/radioljubuski.ba\\\/\",\"logo\":{\"@type\":\"ImageObject\",\"inLanguage\":\"hr\",\"@id\":\"https:\\\/\\\/radioljubuski.ba\\\/#\\\/schema\\\/logo\\\/image\\\/\",\"url\":\"https:\\\/\\\/radioljubuski.ba\\\/wp-content\\\/uploads\\\/2021\\\/02\\\/cropped-Radio_Ljubuski_logo1.jpg\",\"contentUrl\":\"https:\\\/\\\/radioljubuski.ba\\\/wp-content\\\/uploads\\\/2021\\\/02\\\/cropped-Radio_Ljubuski_logo1.jpg\",\"width\":512,\"height\":512,\"caption\":\"Radio Ljubu\u0161ki\"},\"image\":{\"@id\":\"https:\\\/\\\/radioljubuski.ba\\\/#\\\/schema\\\/logo\\\/image\\\/\"},\"sameAs\":[\"https:\\\/\\\/www.facebook.com\\\/Radiio-Ljubuski-1490835324566332\",\"https:\\\/\\\/x.com\\\/radioljubuski\",\"https:\\\/\\\/hr.linkedin.com\\\/company\\\/radio-ljubuski\",\"https:\\\/\\\/www.youtube.com\\\/channel\\\/UCHYaeO_n0Db3tjNGudGpXyw\"]},{\"@type\":\"Person\",\"@id\":\"https:\\\/\\\/radioljubuski.ba\\\/#\\\/schema\\\/person\\\/19fc700381a780f69665d7956c469e3b\",\"name\":\"Radio Ljubu\u0161ki\"}]}<\/script>\n<!-- \/ Yoast SEO plugin. -->","yoast_head_json":{"title":"Poljska: Vrhovni sud odbio priznati rodni list u kojem su kao roditelji navedene 2 \u017eene - RADIO LJUBU\u0160KI","robots":{"index":"index","follow":"follow","max-snippet":"max-snippet:-1","max-image-preview":"max-image-preview:large","max-video-preview":"max-video-preview:-1"},"canonical":"https:\/\/radioljubuski.ba\/index.php\/2021\/07\/18\/poljska-vrhovni-sud-odbio-priznati-rodni-list-u-kojem-su-kao-roditelji-navedene-2-zene\/","og_locale":"hr_HR","og_type":"article","og_title":"Poljska: Vrhovni sud odbio priznati rodni list u kojem su kao roditelji navedene 2 \u017eene - RADIO LJUBU\u0160KI","og_description":"Dvije \u017eene poku\u0161ale su u Poljskoj posti\u0107i valjanost rodnoga lista njihovog djeteta u kojem su njih dvije navedene kao roditelji. Vrhovni sud proglasio je da takav ishod ne bi bio u skladu s poljskim zakonodavstvom i odbio raniju presudu Vojvodskog suda, prenosi&nbsp;Remix. \u017dene su htjele registrirati britanski rodni list njihovog djeteta u Poljskoj. Ravnatelj Civilnoga [&hellip;]","og_url":"https:\/\/radioljubuski.ba\/index.php\/2021\/07\/18\/poljska-vrhovni-sud-odbio-priznati-rodni-list-u-kojem-su-kao-roditelji-navedene-2-zene\/","og_site_name":"RADIO LJUBU\u0160KI","article_publisher":"https:\/\/www.facebook.com\/Radiio-Ljubuski-1490835324566332","article_published_time":"2021-07-18T18:08:27+00:00","article_modified_time":"2021-07-18T18:08:30+00:00","og_image":[{"width":696,"height":502,"url":"https:\/\/radioljubuski.ba\/wp-content\/uploads\/2021\/07\/sud-u-varsavi-1-696x502-1.jpg","type":"image\/jpeg"}],"author":"Radio Ljubu\u0161ki","twitter_card":"summary_large_image","twitter_creator":"@radioljubuski","twitter_site":"@radioljubuski","twitter_misc":{"Napisao\/la":"Radio Ljubu\u0161ki","Procijenjeno vrijeme \u010ditanja":"1 minuta"},"schema":{"@context":"https:\/\/schema.org","@graph":[{"@type":"Article","@id":"https:\/\/radioljubuski.ba\/index.php\/2021\/07\/18\/poljska-vrhovni-sud-odbio-priznati-rodni-list-u-kojem-su-kao-roditelji-navedene-2-zene\/#article","isPartOf":{"@id":"https:\/\/radioljubuski.ba\/index.php\/2021\/07\/18\/poljska-vrhovni-sud-odbio-priznati-rodni-list-u-kojem-su-kao-roditelji-navedene-2-zene\/"},"author":{"name":"Radio Ljubu\u0161ki","@id":"https:\/\/radioljubuski.ba\/#\/schema\/person\/19fc700381a780f69665d7956c469e3b"},"headline":"Poljska: Vrhovni sud odbio priznati rodni list u kojem su kao roditelji navedene 2 \u017eene","datePublished":"2021-07-18T18:08:27+00:00","dateModified":"2021-07-18T18:08:30+00:00","mainEntityOfPage":{"@id":"https:\/\/radioljubuski.ba\/index.php\/2021\/07\/18\/poljska-vrhovni-sud-odbio-priznati-rodni-list-u-kojem-su-kao-roditelji-navedene-2-zene\/"},"wordCount":243,"publisher":{"@id":"https:\/\/radioljubuski.ba\/#organization"},"image":{"@id":"https:\/\/radioljubuski.ba\/index.php\/2021\/07\/18\/poljska-vrhovni-sud-odbio-priznati-rodni-list-u-kojem-su-kao-roditelji-navedene-2-zene\/#primaryimage"},"thumbnailUrl":"https:\/\/radioljubuski.ba\/wp-content\/uploads\/2021\/07\/sud-u-varsavi-1-696x502-1.jpg","articleSection":["BIH i regija"],"inLanguage":"hr"},{"@type":"WebPage","@id":"https:\/\/radioljubuski.ba\/index.php\/2021\/07\/18\/poljska-vrhovni-sud-odbio-priznati-rodni-list-u-kojem-su-kao-roditelji-navedene-2-zene\/","url":"https:\/\/radioljubuski.ba\/index.php\/2021\/07\/18\/poljska-vrhovni-sud-odbio-priznati-rodni-list-u-kojem-su-kao-roditelji-navedene-2-zene\/","name":"Poljska: Vrhovni sud odbio priznati rodni list u kojem su kao roditelji navedene 2 \u017eene - RADIO LJUBU\u0160KI","isPartOf":{"@id":"https:\/\/radioljubuski.ba\/#website"},"primaryImageOfPage":{"@id":"https:\/\/radioljubuski.ba\/index.php\/2021\/07\/18\/poljska-vrhovni-sud-odbio-priznati-rodni-list-u-kojem-su-kao-roditelji-navedene-2-zene\/#primaryimage"},"image":{"@id":"https:\/\/radioljubuski.ba\/index.php\/2021\/07\/18\/poljska-vrhovni-sud-odbio-priznati-rodni-list-u-kojem-su-kao-roditelji-navedene-2-zene\/#primaryimage"},"thumbnailUrl":"https:\/\/radioljubuski.ba\/wp-content\/uploads\/2021\/07\/sud-u-varsavi-1-696x502-1.jpg","datePublished":"2021-07-18T18:08:27+00:00","dateModified":"2021-07-18T18:08:30+00:00","breadcrumb":{"@id":"https:\/\/radioljubuski.ba\/index.php\/2021\/07\/18\/poljska-vrhovni-sud-odbio-priznati-rodni-list-u-kojem-su-kao-roditelji-navedene-2-zene\/#breadcrumb"},"inLanguage":"hr","potentialAction":[{"@type":"ReadAction","target":["https:\/\/radioljubuski.ba\/index.php\/2021\/07\/18\/poljska-vrhovni-sud-odbio-priznati-rodni-list-u-kojem-su-kao-roditelji-navedene-2-zene\/"]}]},{"@type":"ImageObject","inLanguage":"hr","@id":"https:\/\/radioljubuski.ba\/index.php\/2021\/07\/18\/poljska-vrhovni-sud-odbio-priznati-rodni-list-u-kojem-su-kao-roditelji-navedene-2-zene\/#primaryimage","url":"https:\/\/radioljubuski.ba\/wp-content\/uploads\/2021\/07\/sud-u-varsavi-1-696x502-1.jpg","contentUrl":"https:\/\/radioljubuski.ba\/wp-content\/uploads\/2021\/07\/sud-u-varsavi-1-696x502-1.jpg","width":696,"height":502},{"@type":"BreadcrumbList","@id":"https:\/\/radioljubuski.ba\/index.php\/2021\/07\/18\/poljska-vrhovni-sud-odbio-priznati-rodni-list-u-kojem-su-kao-roditelji-navedene-2-zene\/#breadcrumb","itemListElement":[{"@type":"ListItem","position":1,"name":"Po\u010detna stranica","item":"https:\/\/radioljubuski.ba\/"},{"@type":"ListItem","position":2,"name":"Poljska: Vrhovni sud odbio priznati rodni list u kojem su kao roditelji navedene 2 \u017eene"}]},{"@type":"WebSite","@id":"https:\/\/radioljubuski.ba\/#website","url":"https:\/\/radioljubuski.ba\/","name":"Radio Ljubu\u0161ki","description":"Sun\u010dana frekvencija Hercegovine","publisher":{"@id":"https:\/\/radioljubuski.ba\/#organization"},"potentialAction":[{"@type":"SearchAction","target":{"@type":"EntryPoint","urlTemplate":"https:\/\/radioljubuski.ba\/?s={search_term_string}"},"query-input":{"@type":"PropertyValueSpecification","valueRequired":true,"valueName":"search_term_string"}}],"inLanguage":"hr"},{"@type":"Organization","@id":"https:\/\/radioljubuski.ba\/#organization","name":"Radio Ljubu\u0161ki","url":"https:\/\/radioljubuski.ba\/","logo":{"@type":"ImageObject","inLanguage":"hr","@id":"https:\/\/radioljubuski.ba\/#\/schema\/logo\/image\/","url":"https:\/\/radioljubuski.ba\/wp-content\/uploads\/2021\/02\/cropped-Radio_Ljubuski_logo1.jpg","contentUrl":"https:\/\/radioljubuski.ba\/wp-content\/uploads\/2021\/02\/cropped-Radio_Ljubuski_logo1.jpg","width":512,"height":512,"caption":"Radio Ljubu\u0161ki"},"image":{"@id":"https:\/\/radioljubuski.ba\/#\/schema\/logo\/image\/"},"sameAs":["https:\/\/www.facebook.com\/Radiio-Ljubuski-1490835324566332","https:\/\/x.com\/radioljubuski","https:\/\/hr.linkedin.com\/company\/radio-ljubuski","https:\/\/www.youtube.com\/channel\/UCHYaeO_n0Db3tjNGudGpXyw"]},{"@type":"Person","@id":"https:\/\/radioljubuski.ba\/#\/schema\/person\/19fc700381a780f69665d7956c469e3b","name":"Radio Ljubu\u0161ki"}]}},"_links":{"self":[{"href":"https:\/\/radioljubuski.ba\/index.php\/wp-json\/wp\/v2\/posts\/43834","targetHints":{"allow":["GET"]}}],"collection":[{"href":"https:\/\/radioljubuski.ba\/index.php\/wp-json\/wp\/v2\/posts"}],"about":[{"href":"https:\/\/radioljubuski.ba\/index.php\/wp-json\/wp\/v2\/types\/post"}],"author":[{"embeddable":true,"href":"https:\/\/radioljubuski.ba\/index.php\/wp-json\/wp\/v2\/users\/2"}],"replies":[{"embeddable":true,"href":"https:\/\/radioljubuski.ba\/index.php\/wp-json\/wp\/v2\/comments?post=43834"}],"version-history":[{"count":1,"href":"https:\/\/radioljubuski.ba\/index.php\/wp-json\/wp\/v2\/posts\/43834\/revisions"}],"predecessor-version":[{"id":43836,"href":"https:\/\/radioljubuski.ba\/index.php\/wp-json\/wp\/v2\/posts\/43834\/revisions\/43836"}],"wp:featuredmedia":[{"embeddable":true,"href":"https:\/\/radioljubuski.ba\/index.php\/wp-json\/wp\/v2\/media\/43835"}],"wp:attachment":[{"href":"https:\/\/radioljubuski.ba\/index.php\/wp-json\/wp\/v2\/media?parent=43834"}],"wp:term":[{"taxonomy":"category","embeddable":true,"href":"https:\/\/radioljubuski.ba\/index.php\/wp-json\/wp\/v2\/categories?post=43834"},{"taxonomy":"post_tag","embeddable":true,"href":"https:\/\/radioljubuski.ba\/index.php\/wp-json\/wp\/v2\/tags?post=43834"}],"curies":[{"name":"wp","href":"https:\/\/api.w.org\/{rel}","templated":true}]}}