{"id":44009,"date":"2021-07-19T10:37:22","date_gmt":"2021-07-19T09:37:22","guid":{"rendered":"https:\/\/radioljubuski.ba\/?p=44009"},"modified":"2021-07-19T10:37:24","modified_gmt":"2021-07-19T09:37:24","slug":"19-srpnja-1956-brijuni-nastanak-nesvrstanih-i-uloga-tita-u-njemu","status":"publish","type":"post","link":"https:\/\/radioljubuski.ba\/index.php\/2021\/07\/19\/19-srpnja-1956-brijuni-nastanak-nesvrstanih-i-uloga-tita-u-njemu\/","title":{"rendered":"19. srpnja 1956. Brijuni \u2013 nastanak \u2018nesvrstanih\u2019 i uloga Tita u njemu?"},"content":{"rendered":"\n<p>Na dana\u0161nji dan 1956. odr\u017ean je na Brijunima povijesni sastanak na kojem su dogovorena na\u010dela vezana uz osnivanje Pokreta nesvrstanih. Doma\u0107in je bio jugoslavenski predsjednik Josip Broz Tito, a gosti su mu bili indijski premijer Jawaharlah Nehru (otac Indire Gandhi) i egipatski predsjednik Gamal Abdel Naser. Tito je te va\u017ene dr\u017eavnike ugostio na oto\u010di\u0107u Vangi, najekskluzivnijem dijelu brijunskog kompleksa, gdje je imao osobni kutak i kamo su imali pristup samo odabrani.<\/p>\n\n\n\n<p>Sami korijeni politike nesvrstanih mogu se tra\u017eiti u nacionalnim te\u017enjama naroda kolonijalnog svijeta. Politika nesvrstavanja nastala je kao posljedica me\u0111unarodnih promjena i dru\u0161tvenih previranja u toku i nakon 2. svjetskog rata i kao izlaz iz zao\u0161trenih suprotnosti blokovskih grupacija mo\u0107i. Te mlade dr\u017eave, nazvane Tre\u0107i svijet ili zemlje u razvoju, u strahu od pritisaka neprijateljskih tabora i potencijalnog novog svjetskog sukoba, po\u010dele su tra\u017eiti novi put vanblokovske suradnje, \u0161to se poklopilo sa stavovima iz Brijunske deklaracije i jugoslavenskom vanjskom politikom koja je tada se distancirala od SSSR-a, a primala obilnu pomo\u0107 Zapada (premda je Tito ostao uvjereni komunist i staljinist do kraja \u017eivota).<\/p>\n\n\n\n<p>Jugoslavija ve\u0107 tada po\u010dinje sa izvozom svog najvrjednijeg \u201cartikla\u201d \u2013 komunisti\u010dke ideologije, u novonastale dr\u017eave i kroz privid nesvrstanosti poti\u010de ponovno priklanjanje politici Internacionale i komunizma. Zapravo, pokret nesvrstanih je umnogome bio zaslu\u017ean za \u0161irenje komunisti\u010dke i socijalisti\u010dke ideologije u zemlje u razvoju koje su bile izvan Var\u0161avskog pakta ili direktnog utjecaja SSSR-a, monstruozne dr\u017eave-logora, pa se tako dogodilo da u drugoj polovici 20. stolje\u0107a komunizam zavlada u najve\u0107em dijelu svijeta i time gotovo ostvari svoj plan potpunog provo\u0111enja revolucije u svim narodima i dr\u017eavama svijeta.<\/p>\n\n\n\n<p>Uz zemlje okupirane od SSSR-a ili pod njegovim utjecajem, nesvrstani su bili druga velika grupacija zemalja u kojima je dominirao komunizam ili socijalizam, \u0161to je slobodni svijet svelo prakti\u010dki na Zapad i samo pojedine dr\u017eave izvan njega.<\/p>\n\n\n\n<p>To zemlje tre\u0107eg svijeta, gledaju\u0107i ameri\u010dkim o\u010dima, stavlja u neprijateljski kontekst. SAD su smatrale da je \u201ekomunizam nespojiv sa stavom neutralnosti\u201d, odnosno da \u201cnesvrstanost predstavlja negativnu politi\u010dku koncepciju bez budu\u0107nosti\u201d.<\/p>\n\n\n\n<p>Zavr\u0161etkom Hladnog rata, nesvrstani gube na zna\u010daju. Pokretu nesvrstanih najvi\u0161e se zamjeralo \u0161to ne pridaju nikakav zna\u010daj demokraciji i ljudskim pravima, a mnogi \u010delnici nesvrstanih zemalja bili su autokrati ili diktatori, poput Josipa Broza Tita ili Fidela Castra.<\/p>\n\n\n\n<p>Josipu Brozu Titu i Jugoslaviji, Pokret nesvrstanih donosio je veliku korist na gospodarskom planu, jer su sve to bile nerazvijene zemlje kojima je Jugoslavija mogla izvoziti svoje proizvode i uvoziti jeftine sirovine. Bilo je to podru\u010dje za veliku trgovinu \u0161pekulantskom robom. Zemlje tre\u0107eg svijeta bile su idealno mjesto trgovinom \u0161pekulantske robe zbog korupcije, politi\u010dke nestabilnosti ili totalitarnih ure\u0111enja. Posebni su se prodavale goleme koli\u010dine oru\u017eja koje je SSSR posredni\u010dki prodavao preko Jugoslavije, kao i Jugoslavija sama jer je imala prili\u010dno razvijenu vojnu proizvodnju. To oru\u017eje je ujedno bila i odre\u0111ena garancija da \u0107e se dr\u017eave Tre\u0107eg svijeta suprotstaviti bilo kakvom poku\u0161aju ekspanzije Zapada na afri\u010dki ili azijski kontinent<\/p>\n\n\n\n<p><em>Izvor: narod.hr\/povijest.hr<\/em><\/p>\n","protected":false},"excerpt":{"rendered":"<p>Na dana\u0161nji dan 1956. odr\u017ean je na Brijunima povijesni sastanak na kojem su dogovorena na\u010dela vezana uz osnivanje Pokreta nesvrstanih. Doma\u0107in je bio jugoslavenski predsjednik Josip Broz Tito, a gosti su mu bili indijski premijer Jawaharlah Nehru (otac Indire Gandhi) i egipatski predsjednik Gamal Abdel Naser. Tito je te va\u017ene dr\u017eavnike ugostio na oto\u010di\u0107u Vangi, [&hellip;]<\/p>\n","protected":false},"author":2,"featured_media":44010,"comment_status":"closed","ping_status":"closed","sticky":false,"template":"","format":"standard","meta":{"h5ap_radio_sources":[],"footnotes":""},"categories":[1],"tags":[],"class_list":["post-44009","post","type-post","status-publish","format-standard","has-post-thumbnail","hentry","category-bihiregija"],"yoast_head":"<!-- This site is optimized with the Yoast SEO plugin v27.5 - https:\/\/yoast.com\/product\/yoast-seo-wordpress\/ -->\n<title>19. srpnja 1956. Brijuni \u2013 nastanak \u2018nesvrstanih\u2019 i uloga Tita u njemu? - RADIO LJUBU\u0160KI<\/title>\n<meta name=\"robots\" content=\"index, follow, max-snippet:-1, max-image-preview:large, max-video-preview:-1\" \/>\n<link rel=\"canonical\" href=\"https:\/\/radioljubuski.ba\/index.php\/2021\/07\/19\/19-srpnja-1956-brijuni-nastanak-nesvrstanih-i-uloga-tita-u-njemu\/\" \/>\n<meta property=\"og:locale\" content=\"hr_HR\" \/>\n<meta property=\"og:type\" content=\"article\" \/>\n<meta property=\"og:title\" content=\"19. srpnja 1956. Brijuni \u2013 nastanak \u2018nesvrstanih\u2019 i uloga Tita u njemu? - RADIO LJUBU\u0160KI\" \/>\n<meta property=\"og:description\" content=\"Na dana\u0161nji dan 1956. odr\u017ean je na Brijunima povijesni sastanak na kojem su dogovorena na\u010dela vezana uz osnivanje Pokreta nesvrstanih. Doma\u0107in je bio jugoslavenski predsjednik Josip Broz Tito, a gosti su mu bili indijski premijer Jawaharlah Nehru (otac Indire Gandhi) i egipatski predsjednik Gamal Abdel Naser. Tito je te va\u017ene dr\u017eavnike ugostio na oto\u010di\u0107u Vangi, [&hellip;]\" \/>\n<meta property=\"og:url\" content=\"https:\/\/radioljubuski.ba\/index.php\/2021\/07\/19\/19-srpnja-1956-brijuni-nastanak-nesvrstanih-i-uloga-tita-u-njemu\/\" \/>\n<meta property=\"og:site_name\" content=\"RADIO LJUBU\u0160KI\" \/>\n<meta property=\"article:publisher\" content=\"https:\/\/www.facebook.com\/Radiio-Ljubuski-1490835324566332\" \/>\n<meta property=\"article:published_time\" content=\"2021-07-19T09:37:22+00:00\" \/>\n<meta property=\"article:modified_time\" content=\"2021-07-19T09:37:24+00:00\" \/>\n<meta property=\"og:image\" content=\"https:\/\/radioljubuski.ba\/wp-content\/uploads\/2021\/07\/Tito_na_Brijunima-696x457-1.png\" \/>\n\t<meta property=\"og:image:width\" content=\"696\" \/>\n\t<meta property=\"og:image:height\" content=\"457\" \/>\n\t<meta property=\"og:image:type\" content=\"image\/png\" \/>\n<meta name=\"author\" content=\"Radio Ljubu\u0161ki\" \/>\n<meta name=\"twitter:card\" content=\"summary_large_image\" \/>\n<meta name=\"twitter:creator\" content=\"@radioljubuski\" \/>\n<meta name=\"twitter:site\" content=\"@radioljubuski\" \/>\n<meta name=\"twitter:label1\" content=\"Napisao\/la\" \/>\n\t<meta name=\"twitter:data1\" content=\"Radio Ljubu\u0161ki\" \/>\n\t<meta name=\"twitter:label2\" content=\"Procijenjeno vrijeme \u010ditanja\" \/>\n\t<meta name=\"twitter:data2\" content=\"3 minute\" \/>\n<script type=\"application\/ld+json\" class=\"yoast-schema-graph\">{\"@context\":\"https:\\\/\\\/schema.org\",\"@graph\":[{\"@type\":\"Article\",\"@id\":\"https:\\\/\\\/radioljubuski.ba\\\/index.php\\\/2021\\\/07\\\/19\\\/19-srpnja-1956-brijuni-nastanak-nesvrstanih-i-uloga-tita-u-njemu\\\/#article\",\"isPartOf\":{\"@id\":\"https:\\\/\\\/radioljubuski.ba\\\/index.php\\\/2021\\\/07\\\/19\\\/19-srpnja-1956-brijuni-nastanak-nesvrstanih-i-uloga-tita-u-njemu\\\/\"},\"author\":{\"name\":\"Radio Ljubu\u0161ki\",\"@id\":\"https:\\\/\\\/radioljubuski.ba\\\/#\\\/schema\\\/person\\\/19fc700381a780f69665d7956c469e3b\"},\"headline\":\"19. srpnja 1956. Brijuni \u2013 nastanak \u2018nesvrstanih\u2019 i uloga Tita u njemu?\",\"datePublished\":\"2021-07-19T09:37:22+00:00\",\"dateModified\":\"2021-07-19T09:37:24+00:00\",\"mainEntityOfPage\":{\"@id\":\"https:\\\/\\\/radioljubuski.ba\\\/index.php\\\/2021\\\/07\\\/19\\\/19-srpnja-1956-brijuni-nastanak-nesvrstanih-i-uloga-tita-u-njemu\\\/\"},\"wordCount\":540,\"publisher\":{\"@id\":\"https:\\\/\\\/radioljubuski.ba\\\/#organization\"},\"image\":{\"@id\":\"https:\\\/\\\/radioljubuski.ba\\\/index.php\\\/2021\\\/07\\\/19\\\/19-srpnja-1956-brijuni-nastanak-nesvrstanih-i-uloga-tita-u-njemu\\\/#primaryimage\"},\"thumbnailUrl\":\"https:\\\/\\\/radioljubuski.ba\\\/wp-content\\\/uploads\\\/2021\\\/07\\\/Tito_na_Brijunima-696x457-1.png\",\"articleSection\":[\"BIH i regija\"],\"inLanguage\":\"hr\"},{\"@type\":\"WebPage\",\"@id\":\"https:\\\/\\\/radioljubuski.ba\\\/index.php\\\/2021\\\/07\\\/19\\\/19-srpnja-1956-brijuni-nastanak-nesvrstanih-i-uloga-tita-u-njemu\\\/\",\"url\":\"https:\\\/\\\/radioljubuski.ba\\\/index.php\\\/2021\\\/07\\\/19\\\/19-srpnja-1956-brijuni-nastanak-nesvrstanih-i-uloga-tita-u-njemu\\\/\",\"name\":\"19. srpnja 1956. Brijuni \u2013 nastanak \u2018nesvrstanih\u2019 i uloga Tita u njemu? - RADIO LJUBU\u0160KI\",\"isPartOf\":{\"@id\":\"https:\\\/\\\/radioljubuski.ba\\\/#website\"},\"primaryImageOfPage\":{\"@id\":\"https:\\\/\\\/radioljubuski.ba\\\/index.php\\\/2021\\\/07\\\/19\\\/19-srpnja-1956-brijuni-nastanak-nesvrstanih-i-uloga-tita-u-njemu\\\/#primaryimage\"},\"image\":{\"@id\":\"https:\\\/\\\/radioljubuski.ba\\\/index.php\\\/2021\\\/07\\\/19\\\/19-srpnja-1956-brijuni-nastanak-nesvrstanih-i-uloga-tita-u-njemu\\\/#primaryimage\"},\"thumbnailUrl\":\"https:\\\/\\\/radioljubuski.ba\\\/wp-content\\\/uploads\\\/2021\\\/07\\\/Tito_na_Brijunima-696x457-1.png\",\"datePublished\":\"2021-07-19T09:37:22+00:00\",\"dateModified\":\"2021-07-19T09:37:24+00:00\",\"breadcrumb\":{\"@id\":\"https:\\\/\\\/radioljubuski.ba\\\/index.php\\\/2021\\\/07\\\/19\\\/19-srpnja-1956-brijuni-nastanak-nesvrstanih-i-uloga-tita-u-njemu\\\/#breadcrumb\"},\"inLanguage\":\"hr\",\"potentialAction\":[{\"@type\":\"ReadAction\",\"target\":[\"https:\\\/\\\/radioljubuski.ba\\\/index.php\\\/2021\\\/07\\\/19\\\/19-srpnja-1956-brijuni-nastanak-nesvrstanih-i-uloga-tita-u-njemu\\\/\"]}]},{\"@type\":\"ImageObject\",\"inLanguage\":\"hr\",\"@id\":\"https:\\\/\\\/radioljubuski.ba\\\/index.php\\\/2021\\\/07\\\/19\\\/19-srpnja-1956-brijuni-nastanak-nesvrstanih-i-uloga-tita-u-njemu\\\/#primaryimage\",\"url\":\"https:\\\/\\\/radioljubuski.ba\\\/wp-content\\\/uploads\\\/2021\\\/07\\\/Tito_na_Brijunima-696x457-1.png\",\"contentUrl\":\"https:\\\/\\\/radioljubuski.ba\\\/wp-content\\\/uploads\\\/2021\\\/07\\\/Tito_na_Brijunima-696x457-1.png\",\"width\":696,\"height\":457},{\"@type\":\"BreadcrumbList\",\"@id\":\"https:\\\/\\\/radioljubuski.ba\\\/index.php\\\/2021\\\/07\\\/19\\\/19-srpnja-1956-brijuni-nastanak-nesvrstanih-i-uloga-tita-u-njemu\\\/#breadcrumb\",\"itemListElement\":[{\"@type\":\"ListItem\",\"position\":1,\"name\":\"Po\u010detna stranica\",\"item\":\"https:\\\/\\\/radioljubuski.ba\\\/\"},{\"@type\":\"ListItem\",\"position\":2,\"name\":\"19. srpnja 1956. Brijuni \u2013 nastanak \u2018nesvrstanih\u2019 i uloga Tita u njemu?\"}]},{\"@type\":\"WebSite\",\"@id\":\"https:\\\/\\\/radioljubuski.ba\\\/#website\",\"url\":\"https:\\\/\\\/radioljubuski.ba\\\/\",\"name\":\"Radio Ljubu\u0161ki\",\"description\":\"Sun\u010dana frekvencija Hercegovine\",\"publisher\":{\"@id\":\"https:\\\/\\\/radioljubuski.ba\\\/#organization\"},\"potentialAction\":[{\"@type\":\"SearchAction\",\"target\":{\"@type\":\"EntryPoint\",\"urlTemplate\":\"https:\\\/\\\/radioljubuski.ba\\\/?s={search_term_string}\"},\"query-input\":{\"@type\":\"PropertyValueSpecification\",\"valueRequired\":true,\"valueName\":\"search_term_string\"}}],\"inLanguage\":\"hr\"},{\"@type\":\"Organization\",\"@id\":\"https:\\\/\\\/radioljubuski.ba\\\/#organization\",\"name\":\"Radio Ljubu\u0161ki\",\"url\":\"https:\\\/\\\/radioljubuski.ba\\\/\",\"logo\":{\"@type\":\"ImageObject\",\"inLanguage\":\"hr\",\"@id\":\"https:\\\/\\\/radioljubuski.ba\\\/#\\\/schema\\\/logo\\\/image\\\/\",\"url\":\"https:\\\/\\\/radioljubuski.ba\\\/wp-content\\\/uploads\\\/2021\\\/02\\\/cropped-Radio_Ljubuski_logo1.jpg\",\"contentUrl\":\"https:\\\/\\\/radioljubuski.ba\\\/wp-content\\\/uploads\\\/2021\\\/02\\\/cropped-Radio_Ljubuski_logo1.jpg\",\"width\":512,\"height\":512,\"caption\":\"Radio Ljubu\u0161ki\"},\"image\":{\"@id\":\"https:\\\/\\\/radioljubuski.ba\\\/#\\\/schema\\\/logo\\\/image\\\/\"},\"sameAs\":[\"https:\\\/\\\/www.facebook.com\\\/Radiio-Ljubuski-1490835324566332\",\"https:\\\/\\\/x.com\\\/radioljubuski\",\"https:\\\/\\\/hr.linkedin.com\\\/company\\\/radio-ljubuski\",\"https:\\\/\\\/www.youtube.com\\\/channel\\\/UCHYaeO_n0Db3tjNGudGpXyw\"]},{\"@type\":\"Person\",\"@id\":\"https:\\\/\\\/radioljubuski.ba\\\/#\\\/schema\\\/person\\\/19fc700381a780f69665d7956c469e3b\",\"name\":\"Radio Ljubu\u0161ki\"}]}<\/script>\n<!-- \/ Yoast SEO plugin. -->","yoast_head_json":{"title":"19. srpnja 1956. Brijuni \u2013 nastanak \u2018nesvrstanih\u2019 i uloga Tita u njemu? - RADIO LJUBU\u0160KI","robots":{"index":"index","follow":"follow","max-snippet":"max-snippet:-1","max-image-preview":"max-image-preview:large","max-video-preview":"max-video-preview:-1"},"canonical":"https:\/\/radioljubuski.ba\/index.php\/2021\/07\/19\/19-srpnja-1956-brijuni-nastanak-nesvrstanih-i-uloga-tita-u-njemu\/","og_locale":"hr_HR","og_type":"article","og_title":"19. srpnja 1956. Brijuni \u2013 nastanak \u2018nesvrstanih\u2019 i uloga Tita u njemu? - RADIO LJUBU\u0160KI","og_description":"Na dana\u0161nji dan 1956. odr\u017ean je na Brijunima povijesni sastanak na kojem su dogovorena na\u010dela vezana uz osnivanje Pokreta nesvrstanih. Doma\u0107in je bio jugoslavenski predsjednik Josip Broz Tito, a gosti su mu bili indijski premijer Jawaharlah Nehru (otac Indire Gandhi) i egipatski predsjednik Gamal Abdel Naser. Tito je te va\u017ene dr\u017eavnike ugostio na oto\u010di\u0107u Vangi, [&hellip;]","og_url":"https:\/\/radioljubuski.ba\/index.php\/2021\/07\/19\/19-srpnja-1956-brijuni-nastanak-nesvrstanih-i-uloga-tita-u-njemu\/","og_site_name":"RADIO LJUBU\u0160KI","article_publisher":"https:\/\/www.facebook.com\/Radiio-Ljubuski-1490835324566332","article_published_time":"2021-07-19T09:37:22+00:00","article_modified_time":"2021-07-19T09:37:24+00:00","og_image":[{"width":696,"height":457,"url":"https:\/\/radioljubuski.ba\/wp-content\/uploads\/2021\/07\/Tito_na_Brijunima-696x457-1.png","type":"image\/png"}],"author":"Radio Ljubu\u0161ki","twitter_card":"summary_large_image","twitter_creator":"@radioljubuski","twitter_site":"@radioljubuski","twitter_misc":{"Napisao\/la":"Radio Ljubu\u0161ki","Procijenjeno vrijeme \u010ditanja":"3 minute"},"schema":{"@context":"https:\/\/schema.org","@graph":[{"@type":"Article","@id":"https:\/\/radioljubuski.ba\/index.php\/2021\/07\/19\/19-srpnja-1956-brijuni-nastanak-nesvrstanih-i-uloga-tita-u-njemu\/#article","isPartOf":{"@id":"https:\/\/radioljubuski.ba\/index.php\/2021\/07\/19\/19-srpnja-1956-brijuni-nastanak-nesvrstanih-i-uloga-tita-u-njemu\/"},"author":{"name":"Radio Ljubu\u0161ki","@id":"https:\/\/radioljubuski.ba\/#\/schema\/person\/19fc700381a780f69665d7956c469e3b"},"headline":"19. srpnja 1956. Brijuni \u2013 nastanak \u2018nesvrstanih\u2019 i uloga Tita u njemu?","datePublished":"2021-07-19T09:37:22+00:00","dateModified":"2021-07-19T09:37:24+00:00","mainEntityOfPage":{"@id":"https:\/\/radioljubuski.ba\/index.php\/2021\/07\/19\/19-srpnja-1956-brijuni-nastanak-nesvrstanih-i-uloga-tita-u-njemu\/"},"wordCount":540,"publisher":{"@id":"https:\/\/radioljubuski.ba\/#organization"},"image":{"@id":"https:\/\/radioljubuski.ba\/index.php\/2021\/07\/19\/19-srpnja-1956-brijuni-nastanak-nesvrstanih-i-uloga-tita-u-njemu\/#primaryimage"},"thumbnailUrl":"https:\/\/radioljubuski.ba\/wp-content\/uploads\/2021\/07\/Tito_na_Brijunima-696x457-1.png","articleSection":["BIH i regija"],"inLanguage":"hr"},{"@type":"WebPage","@id":"https:\/\/radioljubuski.ba\/index.php\/2021\/07\/19\/19-srpnja-1956-brijuni-nastanak-nesvrstanih-i-uloga-tita-u-njemu\/","url":"https:\/\/radioljubuski.ba\/index.php\/2021\/07\/19\/19-srpnja-1956-brijuni-nastanak-nesvrstanih-i-uloga-tita-u-njemu\/","name":"19. srpnja 1956. Brijuni \u2013 nastanak \u2018nesvrstanih\u2019 i uloga Tita u njemu? - RADIO LJUBU\u0160KI","isPartOf":{"@id":"https:\/\/radioljubuski.ba\/#website"},"primaryImageOfPage":{"@id":"https:\/\/radioljubuski.ba\/index.php\/2021\/07\/19\/19-srpnja-1956-brijuni-nastanak-nesvrstanih-i-uloga-tita-u-njemu\/#primaryimage"},"image":{"@id":"https:\/\/radioljubuski.ba\/index.php\/2021\/07\/19\/19-srpnja-1956-brijuni-nastanak-nesvrstanih-i-uloga-tita-u-njemu\/#primaryimage"},"thumbnailUrl":"https:\/\/radioljubuski.ba\/wp-content\/uploads\/2021\/07\/Tito_na_Brijunima-696x457-1.png","datePublished":"2021-07-19T09:37:22+00:00","dateModified":"2021-07-19T09:37:24+00:00","breadcrumb":{"@id":"https:\/\/radioljubuski.ba\/index.php\/2021\/07\/19\/19-srpnja-1956-brijuni-nastanak-nesvrstanih-i-uloga-tita-u-njemu\/#breadcrumb"},"inLanguage":"hr","potentialAction":[{"@type":"ReadAction","target":["https:\/\/radioljubuski.ba\/index.php\/2021\/07\/19\/19-srpnja-1956-brijuni-nastanak-nesvrstanih-i-uloga-tita-u-njemu\/"]}]},{"@type":"ImageObject","inLanguage":"hr","@id":"https:\/\/radioljubuski.ba\/index.php\/2021\/07\/19\/19-srpnja-1956-brijuni-nastanak-nesvrstanih-i-uloga-tita-u-njemu\/#primaryimage","url":"https:\/\/radioljubuski.ba\/wp-content\/uploads\/2021\/07\/Tito_na_Brijunima-696x457-1.png","contentUrl":"https:\/\/radioljubuski.ba\/wp-content\/uploads\/2021\/07\/Tito_na_Brijunima-696x457-1.png","width":696,"height":457},{"@type":"BreadcrumbList","@id":"https:\/\/radioljubuski.ba\/index.php\/2021\/07\/19\/19-srpnja-1956-brijuni-nastanak-nesvrstanih-i-uloga-tita-u-njemu\/#breadcrumb","itemListElement":[{"@type":"ListItem","position":1,"name":"Po\u010detna stranica","item":"https:\/\/radioljubuski.ba\/"},{"@type":"ListItem","position":2,"name":"19. srpnja 1956. Brijuni \u2013 nastanak \u2018nesvrstanih\u2019 i uloga Tita u njemu?"}]},{"@type":"WebSite","@id":"https:\/\/radioljubuski.ba\/#website","url":"https:\/\/radioljubuski.ba\/","name":"Radio Ljubu\u0161ki","description":"Sun\u010dana frekvencija Hercegovine","publisher":{"@id":"https:\/\/radioljubuski.ba\/#organization"},"potentialAction":[{"@type":"SearchAction","target":{"@type":"EntryPoint","urlTemplate":"https:\/\/radioljubuski.ba\/?s={search_term_string}"},"query-input":{"@type":"PropertyValueSpecification","valueRequired":true,"valueName":"search_term_string"}}],"inLanguage":"hr"},{"@type":"Organization","@id":"https:\/\/radioljubuski.ba\/#organization","name":"Radio Ljubu\u0161ki","url":"https:\/\/radioljubuski.ba\/","logo":{"@type":"ImageObject","inLanguage":"hr","@id":"https:\/\/radioljubuski.ba\/#\/schema\/logo\/image\/","url":"https:\/\/radioljubuski.ba\/wp-content\/uploads\/2021\/02\/cropped-Radio_Ljubuski_logo1.jpg","contentUrl":"https:\/\/radioljubuski.ba\/wp-content\/uploads\/2021\/02\/cropped-Radio_Ljubuski_logo1.jpg","width":512,"height":512,"caption":"Radio Ljubu\u0161ki"},"image":{"@id":"https:\/\/radioljubuski.ba\/#\/schema\/logo\/image\/"},"sameAs":["https:\/\/www.facebook.com\/Radiio-Ljubuski-1490835324566332","https:\/\/x.com\/radioljubuski","https:\/\/hr.linkedin.com\/company\/radio-ljubuski","https:\/\/www.youtube.com\/channel\/UCHYaeO_n0Db3tjNGudGpXyw"]},{"@type":"Person","@id":"https:\/\/radioljubuski.ba\/#\/schema\/person\/19fc700381a780f69665d7956c469e3b","name":"Radio Ljubu\u0161ki"}]}},"_links":{"self":[{"href":"https:\/\/radioljubuski.ba\/index.php\/wp-json\/wp\/v2\/posts\/44009","targetHints":{"allow":["GET"]}}],"collection":[{"href":"https:\/\/radioljubuski.ba\/index.php\/wp-json\/wp\/v2\/posts"}],"about":[{"href":"https:\/\/radioljubuski.ba\/index.php\/wp-json\/wp\/v2\/types\/post"}],"author":[{"embeddable":true,"href":"https:\/\/radioljubuski.ba\/index.php\/wp-json\/wp\/v2\/users\/2"}],"replies":[{"embeddable":true,"href":"https:\/\/radioljubuski.ba\/index.php\/wp-json\/wp\/v2\/comments?post=44009"}],"version-history":[{"count":1,"href":"https:\/\/radioljubuski.ba\/index.php\/wp-json\/wp\/v2\/posts\/44009\/revisions"}],"predecessor-version":[{"id":44011,"href":"https:\/\/radioljubuski.ba\/index.php\/wp-json\/wp\/v2\/posts\/44009\/revisions\/44011"}],"wp:featuredmedia":[{"embeddable":true,"href":"https:\/\/radioljubuski.ba\/index.php\/wp-json\/wp\/v2\/media\/44010"}],"wp:attachment":[{"href":"https:\/\/radioljubuski.ba\/index.php\/wp-json\/wp\/v2\/media?parent=44009"}],"wp:term":[{"taxonomy":"category","embeddable":true,"href":"https:\/\/radioljubuski.ba\/index.php\/wp-json\/wp\/v2\/categories?post=44009"},{"taxonomy":"post_tag","embeddable":true,"href":"https:\/\/radioljubuski.ba\/index.php\/wp-json\/wp\/v2\/tags?post=44009"}],"curies":[{"name":"wp","href":"https:\/\/api.w.org\/{rel}","templated":true}]}}