{"id":44104,"date":"2021-07-19T13:41:43","date_gmt":"2021-07-19T12:41:43","guid":{"rendered":"https:\/\/radioljubuski.ba\/?p=44104"},"modified":"2021-07-19T13:41:44","modified_gmt":"2021-07-19T12:41:44","slug":"zvucna-signalizacija-treba-ali-bitniji-je-socijalni-status-slijepih","status":"publish","type":"post","link":"https:\/\/radioljubuski.ba\/index.php\/2021\/07\/19\/zvucna-signalizacija-treba-ali-bitniji-je-socijalni-status-slijepih\/","title":{"rendered":"Zvu\u010dna signalizacija treba, ali bitniji je socijalni status slijepih"},"content":{"rendered":"\n<p>Slijepe i slabovidne osobe \u017eive na marginama dru\u0161tva. Nemaju dovoljno potrebnih pomagala i sredstava za \u017eivot dostojan \u010dovjeka. Tu\u0111a njega i pomo\u0107 u mnogim slu\u010dajevima izostaje, te se ove osobe \u010desto ograni\u010davaju na \u017eivot u zatvorenom prostoru. Veliki problem predstavlja i ote\u017eano zapo\u0161ljavanje, edukacija slijepe i slabovide djece u \u0161kolama, kao i dru\u0161tveni \u017eivot.<\/p>\n\n\n\n<p>Miroslav Mandi\u0107 iz Banjaluke vrijeme provodi \u010ditaju\u0107i knjige, ali, ka\u017ee, mnoge njegove kolege nemaju tu mogu\u0107nost. Ve\u0107ina ih \u017eivi na rubu egzistencije, invalidnina koju primaju nije dovoljna za osnovne \u017eivotne potrebe. Zvu\u010dna signalizacije u prometu i institucijama je neophodna, ali prvenstveno treba da se pobolj\u0161a socijalni status ovih osoba.<\/p>\n\n\n\n<p>\u201cSlijep \u010dovjek ako nema rije\u0161enu egzistenciju, nema u d\u017eepu &#8211; ne osje\u0107a potrebu niti mo\u017ee da iza\u0111e iz ona svoja \u010detiri zida. Ako ne mo\u017ee da iza\u0111e, ne mo\u017ee do\u0107i do semafora &#8211; onda mu ni semafor ne treba\u201d, ka\u017ee Mandi\u0107, \u010dlan Gradske organizacije slijepih Banjaluka.<\/p>\n\n\n\n<p>Pravo na prilago\u0111ena i druga medicinska sredstva te ortopedska pomagala te\u0161ko se ostvaruje jer ne postoje adekvatni servisi za nabavku i odr\u017eavanje. Lista pomagala je su\u017eena, a rokovi kori\u0161tenja predugi. Da bi si mogli priu\u0161titi pomagala, neophodna su im stalna primanja, ali zbog predrasuda, zaposleni su samo pojedini.<\/p>\n\n\n\n<p>\u201eDru\u0161tvo mora shvatiti da su te osobe dio dru\u0161tva. Ako se po strani stavi \u010dinjenica da su to slijepi ljudi, po svemu drugom oni su dru\u0161tveni, inteligentni&#8230; Me\u0111u slijepima ima izuzetno obrazovanih osoba. Svaki korak slijepog \u010dovjeka je dvostruki, dvostruko ko\u0161ta, zato \u0161to mora neko da ga uzme za ruku i povede\u201c, obja\u0161njava Borka Tadi\u0107, \u010dlan Gradske organizacije slijepih Banjaluka.<\/p>\n\n\n\n<p>Bosna i Hercegovina broji vi\u0161e od 5.000 slijepih osoba \u010dlanova organizacija, te veliki broj onih koji nisu u udru\u017eenjima. Ote\u017eano \u0161kolovanje, neprilago\u0111ena infrastruktura, dostupnost informacija, zapo\u0161ljavanje, predrasude, te tu\u0111a njega I pomo\u0107, problemi su koji u ovoj zemlji jo\u0161 nisu do\u0161li na red, prenosi Federalna.ba.<\/p>\n\n\n\n<p>Izvor:pogled.ba<\/p>\n","protected":false},"excerpt":{"rendered":"<p>Slijepe i slabovidne osobe \u017eive na marginama dru\u0161tva. Nemaju dovoljno potrebnih pomagala i sredstava za \u017eivot dostojan \u010dovjeka. Tu\u0111a njega i pomo\u0107 u mnogim slu\u010dajevima izostaje, te se ove osobe \u010desto ograni\u010davaju na \u017eivot u zatvorenom prostoru. Veliki problem predstavlja i ote\u017eano zapo\u0161ljavanje, edukacija slijepe i slabovide djece u \u0161kolama, kao i dru\u0161tveni \u017eivot. Miroslav [&hellip;]<\/p>\n","protected":false},"author":2,"featured_media":44105,"comment_status":"closed","ping_status":"closed","sticky":false,"template":"","format":"standard","meta":{"h5ap_radio_sources":[],"footnotes":""},"categories":[1],"tags":[],"class_list":["post-44104","post","type-post","status-publish","format-standard","has-post-thumbnail","hentry","category-bihiregija"],"yoast_head":"<!-- This site is optimized with the Yoast SEO plugin v27.5 - https:\/\/yoast.com\/product\/yoast-seo-wordpress\/ -->\n<title>Zvu\u010dna signalizacija treba, ali bitniji je socijalni status slijepih - RADIO LJUBU\u0160KI<\/title>\n<meta name=\"robots\" content=\"index, follow, max-snippet:-1, max-image-preview:large, max-video-preview:-1\" \/>\n<link rel=\"canonical\" href=\"https:\/\/radioljubuski.ba\/index.php\/2021\/07\/19\/zvucna-signalizacija-treba-ali-bitniji-je-socijalni-status-slijepih\/\" \/>\n<meta property=\"og:locale\" content=\"hr_HR\" \/>\n<meta property=\"og:type\" content=\"article\" \/>\n<meta property=\"og:title\" content=\"Zvu\u010dna signalizacija treba, ali bitniji je socijalni status slijepih - RADIO LJUBU\u0160KI\" \/>\n<meta property=\"og:description\" content=\"Slijepe i slabovidne osobe \u017eive na marginama dru\u0161tva. Nemaju dovoljno potrebnih pomagala i sredstava za \u017eivot dostojan \u010dovjeka. Tu\u0111a njega i pomo\u0107 u mnogim slu\u010dajevima izostaje, te se ove osobe \u010desto ograni\u010davaju na \u017eivot u zatvorenom prostoru. Veliki problem predstavlja i ote\u017eano zapo\u0161ljavanje, edukacija slijepe i slabovide djece u \u0161kolama, kao i dru\u0161tveni \u017eivot. Miroslav [&hellip;]\" \/>\n<meta property=\"og:url\" content=\"https:\/\/radioljubuski.ba\/index.php\/2021\/07\/19\/zvucna-signalizacija-treba-ali-bitniji-je-socijalni-status-slijepih\/\" \/>\n<meta property=\"og:site_name\" content=\"RADIO LJUBU\u0160KI\" \/>\n<meta property=\"article:publisher\" content=\"https:\/\/www.facebook.com\/Radiio-Ljubuski-1490835324566332\" \/>\n<meta property=\"article:published_time\" content=\"2021-07-19T12:41:43+00:00\" \/>\n<meta property=\"article:modified_time\" content=\"2021-07-19T12:41:44+00:00\" \/>\n<meta property=\"og:image\" content=\"https:\/\/radioljubuski.ba\/wp-content\/uploads\/2021\/07\/8-2021-07-19-07-47-57-slijepe-osobe.png\" \/>\n\t<meta property=\"og:image:width\" content=\"1000\" \/>\n\t<meta property=\"og:image:height\" content=\"625\" \/>\n\t<meta property=\"og:image:type\" content=\"image\/png\" \/>\n<meta name=\"author\" content=\"Radio Ljubu\u0161ki\" \/>\n<meta name=\"twitter:card\" content=\"summary_large_image\" \/>\n<meta name=\"twitter:creator\" content=\"@radioljubuski\" \/>\n<meta name=\"twitter:site\" content=\"@radioljubuski\" \/>\n<meta name=\"twitter:label1\" content=\"Napisao\/la\" \/>\n\t<meta name=\"twitter:data1\" content=\"Radio Ljubu\u0161ki\" \/>\n\t<meta name=\"twitter:label2\" content=\"Procijenjeno vrijeme \u010ditanja\" \/>\n\t<meta name=\"twitter:data2\" content=\"2 minute\" \/>\n<script type=\"application\/ld+json\" class=\"yoast-schema-graph\">{\"@context\":\"https:\\\/\\\/schema.org\",\"@graph\":[{\"@type\":\"Article\",\"@id\":\"https:\\\/\\\/radioljubuski.ba\\\/index.php\\\/2021\\\/07\\\/19\\\/zvucna-signalizacija-treba-ali-bitniji-je-socijalni-status-slijepih\\\/#article\",\"isPartOf\":{\"@id\":\"https:\\\/\\\/radioljubuski.ba\\\/index.php\\\/2021\\\/07\\\/19\\\/zvucna-signalizacija-treba-ali-bitniji-je-socijalni-status-slijepih\\\/\"},\"author\":{\"name\":\"Radio Ljubu\u0161ki\",\"@id\":\"https:\\\/\\\/radioljubuski.ba\\\/#\\\/schema\\\/person\\\/19fc700381a780f69665d7956c469e3b\"},\"headline\":\"Zvu\u010dna signalizacija treba, ali bitniji je socijalni status slijepih\",\"datePublished\":\"2021-07-19T12:41:43+00:00\",\"dateModified\":\"2021-07-19T12:41:44+00:00\",\"mainEntityOfPage\":{\"@id\":\"https:\\\/\\\/radioljubuski.ba\\\/index.php\\\/2021\\\/07\\\/19\\\/zvucna-signalizacija-treba-ali-bitniji-je-socijalni-status-slijepih\\\/\"},\"wordCount\":357,\"publisher\":{\"@id\":\"https:\\\/\\\/radioljubuski.ba\\\/#organization\"},\"image\":{\"@id\":\"https:\\\/\\\/radioljubuski.ba\\\/index.php\\\/2021\\\/07\\\/19\\\/zvucna-signalizacija-treba-ali-bitniji-je-socijalni-status-slijepih\\\/#primaryimage\"},\"thumbnailUrl\":\"https:\\\/\\\/radioljubuski.ba\\\/wp-content\\\/uploads\\\/2021\\\/07\\\/8-2021-07-19-07-47-57-slijepe-osobe.png\",\"articleSection\":[\"BIH i regija\"],\"inLanguage\":\"hr\"},{\"@type\":\"WebPage\",\"@id\":\"https:\\\/\\\/radioljubuski.ba\\\/index.php\\\/2021\\\/07\\\/19\\\/zvucna-signalizacija-treba-ali-bitniji-je-socijalni-status-slijepih\\\/\",\"url\":\"https:\\\/\\\/radioljubuski.ba\\\/index.php\\\/2021\\\/07\\\/19\\\/zvucna-signalizacija-treba-ali-bitniji-je-socijalni-status-slijepih\\\/\",\"name\":\"Zvu\u010dna signalizacija treba, ali bitniji je socijalni status slijepih - RADIO LJUBU\u0160KI\",\"isPartOf\":{\"@id\":\"https:\\\/\\\/radioljubuski.ba\\\/#website\"},\"primaryImageOfPage\":{\"@id\":\"https:\\\/\\\/radioljubuski.ba\\\/index.php\\\/2021\\\/07\\\/19\\\/zvucna-signalizacija-treba-ali-bitniji-je-socijalni-status-slijepih\\\/#primaryimage\"},\"image\":{\"@id\":\"https:\\\/\\\/radioljubuski.ba\\\/index.php\\\/2021\\\/07\\\/19\\\/zvucna-signalizacija-treba-ali-bitniji-je-socijalni-status-slijepih\\\/#primaryimage\"},\"thumbnailUrl\":\"https:\\\/\\\/radioljubuski.ba\\\/wp-content\\\/uploads\\\/2021\\\/07\\\/8-2021-07-19-07-47-57-slijepe-osobe.png\",\"datePublished\":\"2021-07-19T12:41:43+00:00\",\"dateModified\":\"2021-07-19T12:41:44+00:00\",\"breadcrumb\":{\"@id\":\"https:\\\/\\\/radioljubuski.ba\\\/index.php\\\/2021\\\/07\\\/19\\\/zvucna-signalizacija-treba-ali-bitniji-je-socijalni-status-slijepih\\\/#breadcrumb\"},\"inLanguage\":\"hr\",\"potentialAction\":[{\"@type\":\"ReadAction\",\"target\":[\"https:\\\/\\\/radioljubuski.ba\\\/index.php\\\/2021\\\/07\\\/19\\\/zvucna-signalizacija-treba-ali-bitniji-je-socijalni-status-slijepih\\\/\"]}]},{\"@type\":\"ImageObject\",\"inLanguage\":\"hr\",\"@id\":\"https:\\\/\\\/radioljubuski.ba\\\/index.php\\\/2021\\\/07\\\/19\\\/zvucna-signalizacija-treba-ali-bitniji-je-socijalni-status-slijepih\\\/#primaryimage\",\"url\":\"https:\\\/\\\/radioljubuski.ba\\\/wp-content\\\/uploads\\\/2021\\\/07\\\/8-2021-07-19-07-47-57-slijepe-osobe.png\",\"contentUrl\":\"https:\\\/\\\/radioljubuski.ba\\\/wp-content\\\/uploads\\\/2021\\\/07\\\/8-2021-07-19-07-47-57-slijepe-osobe.png\",\"width\":1000,\"height\":625},{\"@type\":\"BreadcrumbList\",\"@id\":\"https:\\\/\\\/radioljubuski.ba\\\/index.php\\\/2021\\\/07\\\/19\\\/zvucna-signalizacija-treba-ali-bitniji-je-socijalni-status-slijepih\\\/#breadcrumb\",\"itemListElement\":[{\"@type\":\"ListItem\",\"position\":1,\"name\":\"Po\u010detna stranica\",\"item\":\"https:\\\/\\\/radioljubuski.ba\\\/\"},{\"@type\":\"ListItem\",\"position\":2,\"name\":\"Zvu\u010dna signalizacija treba, ali bitniji je socijalni status slijepih\"}]},{\"@type\":\"WebSite\",\"@id\":\"https:\\\/\\\/radioljubuski.ba\\\/#website\",\"url\":\"https:\\\/\\\/radioljubuski.ba\\\/\",\"name\":\"Radio Ljubu\u0161ki\",\"description\":\"Sun\u010dana frekvencija Hercegovine\",\"publisher\":{\"@id\":\"https:\\\/\\\/radioljubuski.ba\\\/#organization\"},\"potentialAction\":[{\"@type\":\"SearchAction\",\"target\":{\"@type\":\"EntryPoint\",\"urlTemplate\":\"https:\\\/\\\/radioljubuski.ba\\\/?s={search_term_string}\"},\"query-input\":{\"@type\":\"PropertyValueSpecification\",\"valueRequired\":true,\"valueName\":\"search_term_string\"}}],\"inLanguage\":\"hr\"},{\"@type\":\"Organization\",\"@id\":\"https:\\\/\\\/radioljubuski.ba\\\/#organization\",\"name\":\"Radio Ljubu\u0161ki\",\"url\":\"https:\\\/\\\/radioljubuski.ba\\\/\",\"logo\":{\"@type\":\"ImageObject\",\"inLanguage\":\"hr\",\"@id\":\"https:\\\/\\\/radioljubuski.ba\\\/#\\\/schema\\\/logo\\\/image\\\/\",\"url\":\"https:\\\/\\\/radioljubuski.ba\\\/wp-content\\\/uploads\\\/2021\\\/02\\\/cropped-Radio_Ljubuski_logo1.jpg\",\"contentUrl\":\"https:\\\/\\\/radioljubuski.ba\\\/wp-content\\\/uploads\\\/2021\\\/02\\\/cropped-Radio_Ljubuski_logo1.jpg\",\"width\":512,\"height\":512,\"caption\":\"Radio Ljubu\u0161ki\"},\"image\":{\"@id\":\"https:\\\/\\\/radioljubuski.ba\\\/#\\\/schema\\\/logo\\\/image\\\/\"},\"sameAs\":[\"https:\\\/\\\/www.facebook.com\\\/Radiio-Ljubuski-1490835324566332\",\"https:\\\/\\\/x.com\\\/radioljubuski\",\"https:\\\/\\\/hr.linkedin.com\\\/company\\\/radio-ljubuski\",\"https:\\\/\\\/www.youtube.com\\\/channel\\\/UCHYaeO_n0Db3tjNGudGpXyw\"]},{\"@type\":\"Person\",\"@id\":\"https:\\\/\\\/radioljubuski.ba\\\/#\\\/schema\\\/person\\\/19fc700381a780f69665d7956c469e3b\",\"name\":\"Radio Ljubu\u0161ki\"}]}<\/script>\n<!-- \/ Yoast SEO plugin. -->","yoast_head_json":{"title":"Zvu\u010dna signalizacija treba, ali bitniji je socijalni status slijepih - RADIO LJUBU\u0160KI","robots":{"index":"index","follow":"follow","max-snippet":"max-snippet:-1","max-image-preview":"max-image-preview:large","max-video-preview":"max-video-preview:-1"},"canonical":"https:\/\/radioljubuski.ba\/index.php\/2021\/07\/19\/zvucna-signalizacija-treba-ali-bitniji-je-socijalni-status-slijepih\/","og_locale":"hr_HR","og_type":"article","og_title":"Zvu\u010dna signalizacija treba, ali bitniji je socijalni status slijepih - RADIO LJUBU\u0160KI","og_description":"Slijepe i slabovidne osobe \u017eive na marginama dru\u0161tva. Nemaju dovoljno potrebnih pomagala i sredstava za \u017eivot dostojan \u010dovjeka. Tu\u0111a njega i pomo\u0107 u mnogim slu\u010dajevima izostaje, te se ove osobe \u010desto ograni\u010davaju na \u017eivot u zatvorenom prostoru. Veliki problem predstavlja i ote\u017eano zapo\u0161ljavanje, edukacija slijepe i slabovide djece u \u0161kolama, kao i dru\u0161tveni \u017eivot. Miroslav [&hellip;]","og_url":"https:\/\/radioljubuski.ba\/index.php\/2021\/07\/19\/zvucna-signalizacija-treba-ali-bitniji-je-socijalni-status-slijepih\/","og_site_name":"RADIO LJUBU\u0160KI","article_publisher":"https:\/\/www.facebook.com\/Radiio-Ljubuski-1490835324566332","article_published_time":"2021-07-19T12:41:43+00:00","article_modified_time":"2021-07-19T12:41:44+00:00","og_image":[{"width":1000,"height":625,"url":"https:\/\/radioljubuski.ba\/wp-content\/uploads\/2021\/07\/8-2021-07-19-07-47-57-slijepe-osobe.png","type":"image\/png"}],"author":"Radio Ljubu\u0161ki","twitter_card":"summary_large_image","twitter_creator":"@radioljubuski","twitter_site":"@radioljubuski","twitter_misc":{"Napisao\/la":"Radio Ljubu\u0161ki","Procijenjeno vrijeme \u010ditanja":"2 minute"},"schema":{"@context":"https:\/\/schema.org","@graph":[{"@type":"Article","@id":"https:\/\/radioljubuski.ba\/index.php\/2021\/07\/19\/zvucna-signalizacija-treba-ali-bitniji-je-socijalni-status-slijepih\/#article","isPartOf":{"@id":"https:\/\/radioljubuski.ba\/index.php\/2021\/07\/19\/zvucna-signalizacija-treba-ali-bitniji-je-socijalni-status-slijepih\/"},"author":{"name":"Radio Ljubu\u0161ki","@id":"https:\/\/radioljubuski.ba\/#\/schema\/person\/19fc700381a780f69665d7956c469e3b"},"headline":"Zvu\u010dna signalizacija treba, ali bitniji je socijalni status slijepih","datePublished":"2021-07-19T12:41:43+00:00","dateModified":"2021-07-19T12:41:44+00:00","mainEntityOfPage":{"@id":"https:\/\/radioljubuski.ba\/index.php\/2021\/07\/19\/zvucna-signalizacija-treba-ali-bitniji-je-socijalni-status-slijepih\/"},"wordCount":357,"publisher":{"@id":"https:\/\/radioljubuski.ba\/#organization"},"image":{"@id":"https:\/\/radioljubuski.ba\/index.php\/2021\/07\/19\/zvucna-signalizacija-treba-ali-bitniji-je-socijalni-status-slijepih\/#primaryimage"},"thumbnailUrl":"https:\/\/radioljubuski.ba\/wp-content\/uploads\/2021\/07\/8-2021-07-19-07-47-57-slijepe-osobe.png","articleSection":["BIH i regija"],"inLanguage":"hr"},{"@type":"WebPage","@id":"https:\/\/radioljubuski.ba\/index.php\/2021\/07\/19\/zvucna-signalizacija-treba-ali-bitniji-je-socijalni-status-slijepih\/","url":"https:\/\/radioljubuski.ba\/index.php\/2021\/07\/19\/zvucna-signalizacija-treba-ali-bitniji-je-socijalni-status-slijepih\/","name":"Zvu\u010dna signalizacija treba, ali bitniji je socijalni status slijepih - RADIO LJUBU\u0160KI","isPartOf":{"@id":"https:\/\/radioljubuski.ba\/#website"},"primaryImageOfPage":{"@id":"https:\/\/radioljubuski.ba\/index.php\/2021\/07\/19\/zvucna-signalizacija-treba-ali-bitniji-je-socijalni-status-slijepih\/#primaryimage"},"image":{"@id":"https:\/\/radioljubuski.ba\/index.php\/2021\/07\/19\/zvucna-signalizacija-treba-ali-bitniji-je-socijalni-status-slijepih\/#primaryimage"},"thumbnailUrl":"https:\/\/radioljubuski.ba\/wp-content\/uploads\/2021\/07\/8-2021-07-19-07-47-57-slijepe-osobe.png","datePublished":"2021-07-19T12:41:43+00:00","dateModified":"2021-07-19T12:41:44+00:00","breadcrumb":{"@id":"https:\/\/radioljubuski.ba\/index.php\/2021\/07\/19\/zvucna-signalizacija-treba-ali-bitniji-je-socijalni-status-slijepih\/#breadcrumb"},"inLanguage":"hr","potentialAction":[{"@type":"ReadAction","target":["https:\/\/radioljubuski.ba\/index.php\/2021\/07\/19\/zvucna-signalizacija-treba-ali-bitniji-je-socijalni-status-slijepih\/"]}]},{"@type":"ImageObject","inLanguage":"hr","@id":"https:\/\/radioljubuski.ba\/index.php\/2021\/07\/19\/zvucna-signalizacija-treba-ali-bitniji-je-socijalni-status-slijepih\/#primaryimage","url":"https:\/\/radioljubuski.ba\/wp-content\/uploads\/2021\/07\/8-2021-07-19-07-47-57-slijepe-osobe.png","contentUrl":"https:\/\/radioljubuski.ba\/wp-content\/uploads\/2021\/07\/8-2021-07-19-07-47-57-slijepe-osobe.png","width":1000,"height":625},{"@type":"BreadcrumbList","@id":"https:\/\/radioljubuski.ba\/index.php\/2021\/07\/19\/zvucna-signalizacija-treba-ali-bitniji-je-socijalni-status-slijepih\/#breadcrumb","itemListElement":[{"@type":"ListItem","position":1,"name":"Po\u010detna stranica","item":"https:\/\/radioljubuski.ba\/"},{"@type":"ListItem","position":2,"name":"Zvu\u010dna signalizacija treba, ali bitniji je socijalni status slijepih"}]},{"@type":"WebSite","@id":"https:\/\/radioljubuski.ba\/#website","url":"https:\/\/radioljubuski.ba\/","name":"Radio Ljubu\u0161ki","description":"Sun\u010dana frekvencija Hercegovine","publisher":{"@id":"https:\/\/radioljubuski.ba\/#organization"},"potentialAction":[{"@type":"SearchAction","target":{"@type":"EntryPoint","urlTemplate":"https:\/\/radioljubuski.ba\/?s={search_term_string}"},"query-input":{"@type":"PropertyValueSpecification","valueRequired":true,"valueName":"search_term_string"}}],"inLanguage":"hr"},{"@type":"Organization","@id":"https:\/\/radioljubuski.ba\/#organization","name":"Radio Ljubu\u0161ki","url":"https:\/\/radioljubuski.ba\/","logo":{"@type":"ImageObject","inLanguage":"hr","@id":"https:\/\/radioljubuski.ba\/#\/schema\/logo\/image\/","url":"https:\/\/radioljubuski.ba\/wp-content\/uploads\/2021\/02\/cropped-Radio_Ljubuski_logo1.jpg","contentUrl":"https:\/\/radioljubuski.ba\/wp-content\/uploads\/2021\/02\/cropped-Radio_Ljubuski_logo1.jpg","width":512,"height":512,"caption":"Radio Ljubu\u0161ki"},"image":{"@id":"https:\/\/radioljubuski.ba\/#\/schema\/logo\/image\/"},"sameAs":["https:\/\/www.facebook.com\/Radiio-Ljubuski-1490835324566332","https:\/\/x.com\/radioljubuski","https:\/\/hr.linkedin.com\/company\/radio-ljubuski","https:\/\/www.youtube.com\/channel\/UCHYaeO_n0Db3tjNGudGpXyw"]},{"@type":"Person","@id":"https:\/\/radioljubuski.ba\/#\/schema\/person\/19fc700381a780f69665d7956c469e3b","name":"Radio Ljubu\u0161ki"}]}},"_links":{"self":[{"href":"https:\/\/radioljubuski.ba\/index.php\/wp-json\/wp\/v2\/posts\/44104","targetHints":{"allow":["GET"]}}],"collection":[{"href":"https:\/\/radioljubuski.ba\/index.php\/wp-json\/wp\/v2\/posts"}],"about":[{"href":"https:\/\/radioljubuski.ba\/index.php\/wp-json\/wp\/v2\/types\/post"}],"author":[{"embeddable":true,"href":"https:\/\/radioljubuski.ba\/index.php\/wp-json\/wp\/v2\/users\/2"}],"replies":[{"embeddable":true,"href":"https:\/\/radioljubuski.ba\/index.php\/wp-json\/wp\/v2\/comments?post=44104"}],"version-history":[{"count":1,"href":"https:\/\/radioljubuski.ba\/index.php\/wp-json\/wp\/v2\/posts\/44104\/revisions"}],"predecessor-version":[{"id":44106,"href":"https:\/\/radioljubuski.ba\/index.php\/wp-json\/wp\/v2\/posts\/44104\/revisions\/44106"}],"wp:featuredmedia":[{"embeddable":true,"href":"https:\/\/radioljubuski.ba\/index.php\/wp-json\/wp\/v2\/media\/44105"}],"wp:attachment":[{"href":"https:\/\/radioljubuski.ba\/index.php\/wp-json\/wp\/v2\/media?parent=44104"}],"wp:term":[{"taxonomy":"category","embeddable":true,"href":"https:\/\/radioljubuski.ba\/index.php\/wp-json\/wp\/v2\/categories?post=44104"},{"taxonomy":"post_tag","embeddable":true,"href":"https:\/\/radioljubuski.ba\/index.php\/wp-json\/wp\/v2\/tags?post=44104"}],"curies":[{"name":"wp","href":"https:\/\/api.w.org\/{rel}","templated":true}]}}