{"id":44133,"date":"2021-07-19T14:01:50","date_gmt":"2021-07-19T13:01:50","guid":{"rendered":"https:\/\/radioljubuski.ba\/?p=44133"},"modified":"2021-07-19T14:01:50","modified_gmt":"2021-07-19T13:01:50","slug":"susret-svecenika-redovnika-i-redovnica-na-bilima","status":"publish","type":"post","link":"https:\/\/radioljubuski.ba\/index.php\/2021\/07\/19\/susret-svecenika-redovnika-i-redovnica-na-bilima\/","title":{"rendered":"Susret sve\u0107enika, redovnika i redovnica na Bilima"},"content":{"rendered":"\n<p>Trinaesti put sve\u0107enici, redovnici i redovnice ro\u0111eni ili su iz obitelji koje su nastanjene u Brotnju izme\u0111u Ilindana i sv. Jakova organiziraju na dogovorenom mjestu okupljanje. Ove godine odlu\u010dili smo se okupiti na Groblju mira na Bilima u \u010detvrtak 22. srpnja u 10 sati.<\/p>\n\n\n\n<p>Do sada smo se okupljali u jednoj od bro\u0107anskih \u017eupa, te u Miletini u samostanu \u010dasnih sestara franjevki. Ove godine odlu\u010dili smo po\u0107i na Bile.<\/p>\n\n\n\n<p>Za\u0161to na Bile? Zbog toga \u0161to je na Bilima u tijeku izgradnja Groblja mira na kojem \u0107e biti postavljeni kri\u017eevi sviju \u017ertava Drugoga svjetskog rata i pora\u0107a. Ve\u0107 su postavljeni kri\u017eevi sviju poginulih, ubijenih i nestalih sve\u0107enika, redovnika, redovnica i bogoslova. Po\u0107i \u0107emo na Bile, pomoliti se za sve poginule i prinijeti euharistijsku gozbu za njihov pokoj. Sve\u0107enici neka ponesu albu i ljubi\u010dastu \u0161tolu.<\/p>\n\n\n\n<p>Nadalje, u tijeku je postavljanje kri\u017eeva sviju poginulih, ubijenih i nestalih s podru\u010dja Brotnja. Do 21. kolovoza ove godine trebali bi biti postavljeni kri\u017eevi poginulih, ubijenih i nestalih Brotnjaka.<br>Bilo bi dobro da svi sve\u0107enici, redovnici i redovnice s podru\u010dja Brotnja nazo\u010de ovom skupu, da se pomolimo i prinesemo euharistijsku gozbu ne samo za sve\u0107enike, redovnike i redovnice pobijene i nestale u Drugom svjetskom ratu, nego za sve \u017ertve Drugoga svjetskog rata i pora\u0107a.<\/p>\n\n\n\n<p><strong>Kako do\u0107i do Groblja mira: mo\u017ee se do\u0107i s vi\u0161e pravaca<\/strong><br>\u2013 od Mostara (asfaltni put) preko Cima, Goranaca. U Gorancima prate\u0107i putokaz s natpisom \u201cGroblje mira\u201d lako \u0107e\u0161 biti na cilju,<br>\u2013 od \u0160irokog Brijega (asfaltni put), pro\u0111e se Kne\u0161polje, kod restorana \u201c\u0160a\u0161kura\u201d prati skretnicu prema Groblju mira, preko Grabove Drage, Misi\u0161ta i ponovo \u0107e\u0161 biti na cilju,<br>\u2013 iz Brotnja do Groblja mira (asfaltni put) mo\u017ee\u0161 preko Mostara (dalje preko Cima i Goronaca), ili na kru\u017enom toku u Kru\u0161evu \u2013 na Vardi, uputiti se prema Pologu, Dobri\u010du i kod \u201c\u0160a\u0161kura\u201d prate\u0107i putokaz krenuti preko Grabove Drage, Misi\u0161ta do cilja,<br>\u2013 od Crn\u010da (makadam),<br>\u2013 iz Rakitna preko Klanaca (makadam),<br>\u2013 s Vrdi preko Vratinca (makadam).<\/p>\n\n\n\n<p><strong>Upozorenje starijim osobama: Nema nigdje \u0161etnje i pje\u0161a\u010denja. Autom se mo\u017ee do\u0107i do velikoga parkirali\u0161te oko groblja, ide se pje\u0161ice prema crkvi ne vi\u0161e od desetak metara.<\/strong><br><strong>Okupljanje je izme\u0111u 9 i 10 sati. Program zapo\u010dinje u 10 sati.<\/strong><\/p>\n\n\n\n<p>Izvor:crkva na kamenu<\/p>\n","protected":false},"excerpt":{"rendered":"<p>Trinaesti put sve\u0107enici, redovnici i redovnice ro\u0111eni ili su iz obitelji koje su nastanjene u Brotnju izme\u0111u Ilindana i sv. Jakova organiziraju na dogovorenom mjestu okupljanje. Ove godine odlu\u010dili smo se okupiti na Groblju mira na Bilima u \u010detvrtak 22. srpnja u 10 sati. Do sada smo se okupljali u jednoj od bro\u0107anskih \u017eupa, te [&hellip;]<\/p>\n","protected":false},"author":2,"featured_media":44134,"comment_status":"closed","ping_status":"closed","sticky":false,"template":"","format":"standard","meta":{"h5ap_radio_sources":[],"footnotes":""},"categories":[1],"tags":[],"class_list":["post-44133","post","type-post","status-publish","format-standard","has-post-thumbnail","hentry","category-bihiregija"],"yoast_head":"<!-- This site is optimized with the Yoast SEO plugin v27.5 - https:\/\/yoast.com\/product\/yoast-seo-wordpress\/ -->\n<title>Susret sve\u0107enika, redovnika i redovnica na Bilima - RADIO LJUBU\u0160KI<\/title>\n<meta name=\"robots\" content=\"index, follow, max-snippet:-1, max-image-preview:large, max-video-preview:-1\" \/>\n<link rel=\"canonical\" href=\"https:\/\/radioljubuski.ba\/index.php\/2021\/07\/19\/susret-svecenika-redovnika-i-redovnica-na-bilima\/\" \/>\n<meta property=\"og:locale\" content=\"hr_HR\" \/>\n<meta property=\"og:type\" content=\"article\" \/>\n<meta property=\"og:title\" content=\"Susret sve\u0107enika, redovnika i redovnica na Bilima - RADIO LJUBU\u0160KI\" \/>\n<meta property=\"og:description\" content=\"Trinaesti put sve\u0107enici, redovnici i redovnice ro\u0111eni ili su iz obitelji koje su nastanjene u Brotnju izme\u0111u Ilindana i sv. Jakova organiziraju na dogovorenom mjestu okupljanje. Ove godine odlu\u010dili smo se okupiti na Groblju mira na Bilima u \u010detvrtak 22. srpnja u 10 sati. Do sada smo se okupljali u jednoj od bro\u0107anskih \u017eupa, te [&hellip;]\" \/>\n<meta property=\"og:url\" content=\"https:\/\/radioljubuski.ba\/index.php\/2021\/07\/19\/susret-svecenika-redovnika-i-redovnica-na-bilima\/\" \/>\n<meta property=\"og:site_name\" content=\"RADIO LJUBU\u0160KI\" \/>\n<meta property=\"article:publisher\" content=\"https:\/\/www.facebook.com\/Radiio-Ljubuski-1490835324566332\" \/>\n<meta property=\"article:published_time\" content=\"2021-07-19T13:01:50+00:00\" \/>\n<meta property=\"og:image\" content=\"https:\/\/radioljubuski.ba\/wp-content\/uploads\/2021\/07\/2-2021-07-19-11-34-10-groblje.jpg\" \/>\n\t<meta property=\"og:image:width\" content=\"1000\" \/>\n\t<meta property=\"og:image:height\" content=\"625\" \/>\n\t<meta property=\"og:image:type\" content=\"image\/jpeg\" \/>\n<meta name=\"author\" content=\"Radio Ljubu\u0161ki\" \/>\n<meta name=\"twitter:card\" content=\"summary_large_image\" \/>\n<meta name=\"twitter:creator\" content=\"@radioljubuski\" \/>\n<meta name=\"twitter:site\" content=\"@radioljubuski\" \/>\n<meta name=\"twitter:label1\" content=\"Napisao\/la\" \/>\n\t<meta name=\"twitter:data1\" content=\"Radio Ljubu\u0161ki\" \/>\n\t<meta name=\"twitter:label2\" content=\"Procijenjeno vrijeme \u010ditanja\" \/>\n\t<meta name=\"twitter:data2\" content=\"2 minute\" \/>\n<script type=\"application\/ld+json\" class=\"yoast-schema-graph\">{\"@context\":\"https:\\\/\\\/schema.org\",\"@graph\":[{\"@type\":\"Article\",\"@id\":\"https:\\\/\\\/radioljubuski.ba\\\/index.php\\\/2021\\\/07\\\/19\\\/susret-svecenika-redovnika-i-redovnica-na-bilima\\\/#article\",\"isPartOf\":{\"@id\":\"https:\\\/\\\/radioljubuski.ba\\\/index.php\\\/2021\\\/07\\\/19\\\/susret-svecenika-redovnika-i-redovnica-na-bilima\\\/\"},\"author\":{\"name\":\"Radio Ljubu\u0161ki\",\"@id\":\"https:\\\/\\\/radioljubuski.ba\\\/#\\\/schema\\\/person\\\/19fc700381a780f69665d7956c469e3b\"},\"headline\":\"Susret sve\u0107enika, redovnika i redovnica na Bilima\",\"datePublished\":\"2021-07-19T13:01:50+00:00\",\"mainEntityOfPage\":{\"@id\":\"https:\\\/\\\/radioljubuski.ba\\\/index.php\\\/2021\\\/07\\\/19\\\/susret-svecenika-redovnika-i-redovnica-na-bilima\\\/\"},\"wordCount\":411,\"publisher\":{\"@id\":\"https:\\\/\\\/radioljubuski.ba\\\/#organization\"},\"image\":{\"@id\":\"https:\\\/\\\/radioljubuski.ba\\\/index.php\\\/2021\\\/07\\\/19\\\/susret-svecenika-redovnika-i-redovnica-na-bilima\\\/#primaryimage\"},\"thumbnailUrl\":\"https:\\\/\\\/radioljubuski.ba\\\/wp-content\\\/uploads\\\/2021\\\/07\\\/2-2021-07-19-11-34-10-groblje.jpg\",\"articleSection\":[\"BIH i regija\"],\"inLanguage\":\"hr\"},{\"@type\":\"WebPage\",\"@id\":\"https:\\\/\\\/radioljubuski.ba\\\/index.php\\\/2021\\\/07\\\/19\\\/susret-svecenika-redovnika-i-redovnica-na-bilima\\\/\",\"url\":\"https:\\\/\\\/radioljubuski.ba\\\/index.php\\\/2021\\\/07\\\/19\\\/susret-svecenika-redovnika-i-redovnica-na-bilima\\\/\",\"name\":\"Susret sve\u0107enika, redovnika i redovnica na Bilima - RADIO LJUBU\u0160KI\",\"isPartOf\":{\"@id\":\"https:\\\/\\\/radioljubuski.ba\\\/#website\"},\"primaryImageOfPage\":{\"@id\":\"https:\\\/\\\/radioljubuski.ba\\\/index.php\\\/2021\\\/07\\\/19\\\/susret-svecenika-redovnika-i-redovnica-na-bilima\\\/#primaryimage\"},\"image\":{\"@id\":\"https:\\\/\\\/radioljubuski.ba\\\/index.php\\\/2021\\\/07\\\/19\\\/susret-svecenika-redovnika-i-redovnica-na-bilima\\\/#primaryimage\"},\"thumbnailUrl\":\"https:\\\/\\\/radioljubuski.ba\\\/wp-content\\\/uploads\\\/2021\\\/07\\\/2-2021-07-19-11-34-10-groblje.jpg\",\"datePublished\":\"2021-07-19T13:01:50+00:00\",\"breadcrumb\":{\"@id\":\"https:\\\/\\\/radioljubuski.ba\\\/index.php\\\/2021\\\/07\\\/19\\\/susret-svecenika-redovnika-i-redovnica-na-bilima\\\/#breadcrumb\"},\"inLanguage\":\"hr\",\"potentialAction\":[{\"@type\":\"ReadAction\",\"target\":[\"https:\\\/\\\/radioljubuski.ba\\\/index.php\\\/2021\\\/07\\\/19\\\/susret-svecenika-redovnika-i-redovnica-na-bilima\\\/\"]}]},{\"@type\":\"ImageObject\",\"inLanguage\":\"hr\",\"@id\":\"https:\\\/\\\/radioljubuski.ba\\\/index.php\\\/2021\\\/07\\\/19\\\/susret-svecenika-redovnika-i-redovnica-na-bilima\\\/#primaryimage\",\"url\":\"https:\\\/\\\/radioljubuski.ba\\\/wp-content\\\/uploads\\\/2021\\\/07\\\/2-2021-07-19-11-34-10-groblje.jpg\",\"contentUrl\":\"https:\\\/\\\/radioljubuski.ba\\\/wp-content\\\/uploads\\\/2021\\\/07\\\/2-2021-07-19-11-34-10-groblje.jpg\",\"width\":1000,\"height\":625},{\"@type\":\"BreadcrumbList\",\"@id\":\"https:\\\/\\\/radioljubuski.ba\\\/index.php\\\/2021\\\/07\\\/19\\\/susret-svecenika-redovnika-i-redovnica-na-bilima\\\/#breadcrumb\",\"itemListElement\":[{\"@type\":\"ListItem\",\"position\":1,\"name\":\"Po\u010detna stranica\",\"item\":\"https:\\\/\\\/radioljubuski.ba\\\/\"},{\"@type\":\"ListItem\",\"position\":2,\"name\":\"Susret sve\u0107enika, redovnika i redovnica na Bilima\"}]},{\"@type\":\"WebSite\",\"@id\":\"https:\\\/\\\/radioljubuski.ba\\\/#website\",\"url\":\"https:\\\/\\\/radioljubuski.ba\\\/\",\"name\":\"Radio Ljubu\u0161ki\",\"description\":\"Sun\u010dana frekvencija Hercegovine\",\"publisher\":{\"@id\":\"https:\\\/\\\/radioljubuski.ba\\\/#organization\"},\"potentialAction\":[{\"@type\":\"SearchAction\",\"target\":{\"@type\":\"EntryPoint\",\"urlTemplate\":\"https:\\\/\\\/radioljubuski.ba\\\/?s={search_term_string}\"},\"query-input\":{\"@type\":\"PropertyValueSpecification\",\"valueRequired\":true,\"valueName\":\"search_term_string\"}}],\"inLanguage\":\"hr\"},{\"@type\":\"Organization\",\"@id\":\"https:\\\/\\\/radioljubuski.ba\\\/#organization\",\"name\":\"Radio Ljubu\u0161ki\",\"url\":\"https:\\\/\\\/radioljubuski.ba\\\/\",\"logo\":{\"@type\":\"ImageObject\",\"inLanguage\":\"hr\",\"@id\":\"https:\\\/\\\/radioljubuski.ba\\\/#\\\/schema\\\/logo\\\/image\\\/\",\"url\":\"https:\\\/\\\/radioljubuski.ba\\\/wp-content\\\/uploads\\\/2021\\\/02\\\/cropped-Radio_Ljubuski_logo1.jpg\",\"contentUrl\":\"https:\\\/\\\/radioljubuski.ba\\\/wp-content\\\/uploads\\\/2021\\\/02\\\/cropped-Radio_Ljubuski_logo1.jpg\",\"width\":512,\"height\":512,\"caption\":\"Radio Ljubu\u0161ki\"},\"image\":{\"@id\":\"https:\\\/\\\/radioljubuski.ba\\\/#\\\/schema\\\/logo\\\/image\\\/\"},\"sameAs\":[\"https:\\\/\\\/www.facebook.com\\\/Radiio-Ljubuski-1490835324566332\",\"https:\\\/\\\/x.com\\\/radioljubuski\",\"https:\\\/\\\/hr.linkedin.com\\\/company\\\/radio-ljubuski\",\"https:\\\/\\\/www.youtube.com\\\/channel\\\/UCHYaeO_n0Db3tjNGudGpXyw\"]},{\"@type\":\"Person\",\"@id\":\"https:\\\/\\\/radioljubuski.ba\\\/#\\\/schema\\\/person\\\/19fc700381a780f69665d7956c469e3b\",\"name\":\"Radio Ljubu\u0161ki\"}]}<\/script>\n<!-- \/ Yoast SEO plugin. -->","yoast_head_json":{"title":"Susret sve\u0107enika, redovnika i redovnica na Bilima - RADIO LJUBU\u0160KI","robots":{"index":"index","follow":"follow","max-snippet":"max-snippet:-1","max-image-preview":"max-image-preview:large","max-video-preview":"max-video-preview:-1"},"canonical":"https:\/\/radioljubuski.ba\/index.php\/2021\/07\/19\/susret-svecenika-redovnika-i-redovnica-na-bilima\/","og_locale":"hr_HR","og_type":"article","og_title":"Susret sve\u0107enika, redovnika i redovnica na Bilima - RADIO LJUBU\u0160KI","og_description":"Trinaesti put sve\u0107enici, redovnici i redovnice ro\u0111eni ili su iz obitelji koje su nastanjene u Brotnju izme\u0111u Ilindana i sv. Jakova organiziraju na dogovorenom mjestu okupljanje. Ove godine odlu\u010dili smo se okupiti na Groblju mira na Bilima u \u010detvrtak 22. srpnja u 10 sati. Do sada smo se okupljali u jednoj od bro\u0107anskih \u017eupa, te [&hellip;]","og_url":"https:\/\/radioljubuski.ba\/index.php\/2021\/07\/19\/susret-svecenika-redovnika-i-redovnica-na-bilima\/","og_site_name":"RADIO LJUBU\u0160KI","article_publisher":"https:\/\/www.facebook.com\/Radiio-Ljubuski-1490835324566332","article_published_time":"2021-07-19T13:01:50+00:00","og_image":[{"width":1000,"height":625,"url":"https:\/\/radioljubuski.ba\/wp-content\/uploads\/2021\/07\/2-2021-07-19-11-34-10-groblje.jpg","type":"image\/jpeg"}],"author":"Radio Ljubu\u0161ki","twitter_card":"summary_large_image","twitter_creator":"@radioljubuski","twitter_site":"@radioljubuski","twitter_misc":{"Napisao\/la":"Radio Ljubu\u0161ki","Procijenjeno vrijeme \u010ditanja":"2 minute"},"schema":{"@context":"https:\/\/schema.org","@graph":[{"@type":"Article","@id":"https:\/\/radioljubuski.ba\/index.php\/2021\/07\/19\/susret-svecenika-redovnika-i-redovnica-na-bilima\/#article","isPartOf":{"@id":"https:\/\/radioljubuski.ba\/index.php\/2021\/07\/19\/susret-svecenika-redovnika-i-redovnica-na-bilima\/"},"author":{"name":"Radio Ljubu\u0161ki","@id":"https:\/\/radioljubuski.ba\/#\/schema\/person\/19fc700381a780f69665d7956c469e3b"},"headline":"Susret sve\u0107enika, redovnika i redovnica na Bilima","datePublished":"2021-07-19T13:01:50+00:00","mainEntityOfPage":{"@id":"https:\/\/radioljubuski.ba\/index.php\/2021\/07\/19\/susret-svecenika-redovnika-i-redovnica-na-bilima\/"},"wordCount":411,"publisher":{"@id":"https:\/\/radioljubuski.ba\/#organization"},"image":{"@id":"https:\/\/radioljubuski.ba\/index.php\/2021\/07\/19\/susret-svecenika-redovnika-i-redovnica-na-bilima\/#primaryimage"},"thumbnailUrl":"https:\/\/radioljubuski.ba\/wp-content\/uploads\/2021\/07\/2-2021-07-19-11-34-10-groblje.jpg","articleSection":["BIH i regija"],"inLanguage":"hr"},{"@type":"WebPage","@id":"https:\/\/radioljubuski.ba\/index.php\/2021\/07\/19\/susret-svecenika-redovnika-i-redovnica-na-bilima\/","url":"https:\/\/radioljubuski.ba\/index.php\/2021\/07\/19\/susret-svecenika-redovnika-i-redovnica-na-bilima\/","name":"Susret sve\u0107enika, redovnika i redovnica na Bilima - RADIO LJUBU\u0160KI","isPartOf":{"@id":"https:\/\/radioljubuski.ba\/#website"},"primaryImageOfPage":{"@id":"https:\/\/radioljubuski.ba\/index.php\/2021\/07\/19\/susret-svecenika-redovnika-i-redovnica-na-bilima\/#primaryimage"},"image":{"@id":"https:\/\/radioljubuski.ba\/index.php\/2021\/07\/19\/susret-svecenika-redovnika-i-redovnica-na-bilima\/#primaryimage"},"thumbnailUrl":"https:\/\/radioljubuski.ba\/wp-content\/uploads\/2021\/07\/2-2021-07-19-11-34-10-groblje.jpg","datePublished":"2021-07-19T13:01:50+00:00","breadcrumb":{"@id":"https:\/\/radioljubuski.ba\/index.php\/2021\/07\/19\/susret-svecenika-redovnika-i-redovnica-na-bilima\/#breadcrumb"},"inLanguage":"hr","potentialAction":[{"@type":"ReadAction","target":["https:\/\/radioljubuski.ba\/index.php\/2021\/07\/19\/susret-svecenika-redovnika-i-redovnica-na-bilima\/"]}]},{"@type":"ImageObject","inLanguage":"hr","@id":"https:\/\/radioljubuski.ba\/index.php\/2021\/07\/19\/susret-svecenika-redovnika-i-redovnica-na-bilima\/#primaryimage","url":"https:\/\/radioljubuski.ba\/wp-content\/uploads\/2021\/07\/2-2021-07-19-11-34-10-groblje.jpg","contentUrl":"https:\/\/radioljubuski.ba\/wp-content\/uploads\/2021\/07\/2-2021-07-19-11-34-10-groblje.jpg","width":1000,"height":625},{"@type":"BreadcrumbList","@id":"https:\/\/radioljubuski.ba\/index.php\/2021\/07\/19\/susret-svecenika-redovnika-i-redovnica-na-bilima\/#breadcrumb","itemListElement":[{"@type":"ListItem","position":1,"name":"Po\u010detna stranica","item":"https:\/\/radioljubuski.ba\/"},{"@type":"ListItem","position":2,"name":"Susret sve\u0107enika, redovnika i redovnica na Bilima"}]},{"@type":"WebSite","@id":"https:\/\/radioljubuski.ba\/#website","url":"https:\/\/radioljubuski.ba\/","name":"Radio Ljubu\u0161ki","description":"Sun\u010dana frekvencija Hercegovine","publisher":{"@id":"https:\/\/radioljubuski.ba\/#organization"},"potentialAction":[{"@type":"SearchAction","target":{"@type":"EntryPoint","urlTemplate":"https:\/\/radioljubuski.ba\/?s={search_term_string}"},"query-input":{"@type":"PropertyValueSpecification","valueRequired":true,"valueName":"search_term_string"}}],"inLanguage":"hr"},{"@type":"Organization","@id":"https:\/\/radioljubuski.ba\/#organization","name":"Radio Ljubu\u0161ki","url":"https:\/\/radioljubuski.ba\/","logo":{"@type":"ImageObject","inLanguage":"hr","@id":"https:\/\/radioljubuski.ba\/#\/schema\/logo\/image\/","url":"https:\/\/radioljubuski.ba\/wp-content\/uploads\/2021\/02\/cropped-Radio_Ljubuski_logo1.jpg","contentUrl":"https:\/\/radioljubuski.ba\/wp-content\/uploads\/2021\/02\/cropped-Radio_Ljubuski_logo1.jpg","width":512,"height":512,"caption":"Radio Ljubu\u0161ki"},"image":{"@id":"https:\/\/radioljubuski.ba\/#\/schema\/logo\/image\/"},"sameAs":["https:\/\/www.facebook.com\/Radiio-Ljubuski-1490835324566332","https:\/\/x.com\/radioljubuski","https:\/\/hr.linkedin.com\/company\/radio-ljubuski","https:\/\/www.youtube.com\/channel\/UCHYaeO_n0Db3tjNGudGpXyw"]},{"@type":"Person","@id":"https:\/\/radioljubuski.ba\/#\/schema\/person\/19fc700381a780f69665d7956c469e3b","name":"Radio Ljubu\u0161ki"}]}},"_links":{"self":[{"href":"https:\/\/radioljubuski.ba\/index.php\/wp-json\/wp\/v2\/posts\/44133","targetHints":{"allow":["GET"]}}],"collection":[{"href":"https:\/\/radioljubuski.ba\/index.php\/wp-json\/wp\/v2\/posts"}],"about":[{"href":"https:\/\/radioljubuski.ba\/index.php\/wp-json\/wp\/v2\/types\/post"}],"author":[{"embeddable":true,"href":"https:\/\/radioljubuski.ba\/index.php\/wp-json\/wp\/v2\/users\/2"}],"replies":[{"embeddable":true,"href":"https:\/\/radioljubuski.ba\/index.php\/wp-json\/wp\/v2\/comments?post=44133"}],"version-history":[{"count":1,"href":"https:\/\/radioljubuski.ba\/index.php\/wp-json\/wp\/v2\/posts\/44133\/revisions"}],"predecessor-version":[{"id":44135,"href":"https:\/\/radioljubuski.ba\/index.php\/wp-json\/wp\/v2\/posts\/44133\/revisions\/44135"}],"wp:featuredmedia":[{"embeddable":true,"href":"https:\/\/radioljubuski.ba\/index.php\/wp-json\/wp\/v2\/media\/44134"}],"wp:attachment":[{"href":"https:\/\/radioljubuski.ba\/index.php\/wp-json\/wp\/v2\/media?parent=44133"}],"wp:term":[{"taxonomy":"category","embeddable":true,"href":"https:\/\/radioljubuski.ba\/index.php\/wp-json\/wp\/v2\/categories?post=44133"},{"taxonomy":"post_tag","embeddable":true,"href":"https:\/\/radioljubuski.ba\/index.php\/wp-json\/wp\/v2\/tags?post=44133"}],"curies":[{"name":"wp","href":"https:\/\/api.w.org\/{rel}","templated":true}]}}