{"id":44286,"date":"2021-07-20T13:15:08","date_gmt":"2021-07-20T12:15:08","guid":{"rendered":"https:\/\/radioljubuski.ba\/?p=44286"},"modified":"2021-07-20T13:15:08","modified_gmt":"2021-07-20T12:15:08","slug":"ulazimo-u-stabilnije-razdoblje-na-pomolu-novi-toplinski-val","status":"publish","type":"post","link":"https:\/\/radioljubuski.ba\/index.php\/2021\/07\/20\/ulazimo-u-stabilnije-razdoblje-na-pomolu-novi-toplinski-val\/","title":{"rendered":"Ulazimo u stabilnije razdoblje, na pomolu novi toplinski val"},"content":{"rendered":"\n<p>Donosimo vremensku prognozu meteorologinje Tee Bla\u017eevi\u0107, pi\u0161e N1.<\/p>\n\n\n\n<p>Sa sjeverozapada ja\u010da greben anticiklone, situacija je sve bolja. Iako jo\u0161 po visini kru\u017ei manja koli\u010dina vla\u017enog zraka, u dijelu Istre ima jutros slabe oborine. U nastavku dana ki\u0161e i pljuskova jo\u0161 mo\u017ee biti u Gorskom kotaru i Lici, na istoku zemlje, poslijepodne i u zaobalju Rijeke, ali i na krajnjem zapadu, uz granicu sa Slovenijom. Oborina \u0107e biti slaba, i bit \u0107e svakako sun\u010danije u odnosu na ju\u010der.<\/p>\n\n\n\n<p>Dobra vijest je i da \u0107e bura slabjeti i okretati na sjeverozapadnjak, danas poslijepodne. Srijeda \u0107e od jutra biti uglavnom suha i prete\u017eno sun\u010dana, i \u010dini se da \u0107e to biti uvod u stabilnije razdoblje. Na pomolu je i novi toplinski val, u koji bismo mogli u\u0107i na samom kraju tjedna, kako sada stvari stoje.<\/p>\n\n\n\n<p>Izvor:N1<\/p>\n","protected":false},"excerpt":{"rendered":"<p>Donosimo vremensku prognozu meteorologinje Tee Bla\u017eevi\u0107, pi\u0161e N1. Sa sjeverozapada ja\u010da greben anticiklone, situacija je sve bolja. Iako jo\u0161 po visini kru\u017ei manja koli\u010dina vla\u017enog zraka, u dijelu Istre ima jutros slabe oborine. U nastavku dana ki\u0161e i pljuskova jo\u0161 mo\u017ee biti u Gorskom kotaru i Lici, na istoku zemlje, poslijepodne i u zaobalju Rijeke, [&hellip;]<\/p>\n","protected":false},"author":2,"featured_media":44289,"comment_status":"closed","ping_status":"closed","sticky":false,"template":"","format":"standard","meta":{"h5ap_radio_sources":[],"footnotes":""},"categories":[1],"tags":[],"class_list":["post-44286","post","type-post","status-publish","format-standard","has-post-thumbnail","hentry","category-bihiregija"],"yoast_head":"<!-- This site is optimized with the Yoast SEO plugin v27.5 - https:\/\/yoast.com\/product\/yoast-seo-wordpress\/ -->\n<title>Ulazimo u stabilnije razdoblje, na pomolu novi toplinski val - RADIO LJUBU\u0160KI<\/title>\n<meta name=\"robots\" content=\"index, follow, max-snippet:-1, max-image-preview:large, max-video-preview:-1\" \/>\n<link rel=\"canonical\" href=\"https:\/\/radioljubuski.ba\/index.php\/2021\/07\/20\/ulazimo-u-stabilnije-razdoblje-na-pomolu-novi-toplinski-val\/\" \/>\n<meta property=\"og:locale\" content=\"hr_HR\" \/>\n<meta property=\"og:type\" content=\"article\" \/>\n<meta property=\"og:title\" content=\"Ulazimo u stabilnije razdoblje, na pomolu novi toplinski val - RADIO LJUBU\u0160KI\" \/>\n<meta property=\"og:description\" content=\"Donosimo vremensku prognozu meteorologinje Tee Bla\u017eevi\u0107, pi\u0161e N1. Sa sjeverozapada ja\u010da greben anticiklone, situacija je sve bolja. Iako jo\u0161 po visini kru\u017ei manja koli\u010dina vla\u017enog zraka, u dijelu Istre ima jutros slabe oborine. U nastavku dana ki\u0161e i pljuskova jo\u0161 mo\u017ee biti u Gorskom kotaru i Lici, na istoku zemlje, poslijepodne i u zaobalju Rijeke, [&hellip;]\" \/>\n<meta property=\"og:url\" content=\"https:\/\/radioljubuski.ba\/index.php\/2021\/07\/20\/ulazimo-u-stabilnije-razdoblje-na-pomolu-novi-toplinski-val\/\" \/>\n<meta property=\"og:site_name\" content=\"RADIO LJUBU\u0160KI\" \/>\n<meta property=\"article:publisher\" content=\"https:\/\/www.facebook.com\/Radiio-Ljubuski-1490835324566332\" \/>\n<meta property=\"article:published_time\" content=\"2021-07-20T12:15:08+00:00\" \/>\n<meta property=\"og:image\" content=\"https:\/\/radioljubuski.ba\/wp-content\/uploads\/2021\/07\/AwjcEom3_toplinski_val.jpg\" \/>\n\t<meta property=\"og:image:width\" content=\"1000\" \/>\n\t<meta property=\"og:image:height\" content=\"625\" \/>\n\t<meta property=\"og:image:type\" content=\"image\/jpeg\" \/>\n<meta name=\"author\" content=\"Radio Ljubu\u0161ki\" \/>\n<meta name=\"twitter:card\" content=\"summary_large_image\" \/>\n<meta name=\"twitter:creator\" content=\"@radioljubuski\" \/>\n<meta name=\"twitter:site\" content=\"@radioljubuski\" \/>\n<meta name=\"twitter:label1\" content=\"Napisao\/la\" \/>\n\t<meta name=\"twitter:data1\" content=\"Radio Ljubu\u0161ki\" \/>\n\t<meta name=\"twitter:label2\" content=\"Procijenjeno vrijeme \u010ditanja\" \/>\n\t<meta name=\"twitter:data2\" content=\"1 minuta\" \/>\n<script type=\"application\/ld+json\" class=\"yoast-schema-graph\">{\"@context\":\"https:\\\/\\\/schema.org\",\"@graph\":[{\"@type\":\"Article\",\"@id\":\"https:\\\/\\\/radioljubuski.ba\\\/index.php\\\/2021\\\/07\\\/20\\\/ulazimo-u-stabilnije-razdoblje-na-pomolu-novi-toplinski-val\\\/#article\",\"isPartOf\":{\"@id\":\"https:\\\/\\\/radioljubuski.ba\\\/index.php\\\/2021\\\/07\\\/20\\\/ulazimo-u-stabilnije-razdoblje-na-pomolu-novi-toplinski-val\\\/\"},\"author\":{\"name\":\"Radio Ljubu\u0161ki\",\"@id\":\"https:\\\/\\\/radioljubuski.ba\\\/#\\\/schema\\\/person\\\/19fc700381a780f69665d7956c469e3b\"},\"headline\":\"Ulazimo u stabilnije razdoblje, na pomolu novi toplinski val\",\"datePublished\":\"2021-07-20T12:15:08+00:00\",\"mainEntityOfPage\":{\"@id\":\"https:\\\/\\\/radioljubuski.ba\\\/index.php\\\/2021\\\/07\\\/20\\\/ulazimo-u-stabilnije-razdoblje-na-pomolu-novi-toplinski-val\\\/\"},\"wordCount\":156,\"publisher\":{\"@id\":\"https:\\\/\\\/radioljubuski.ba\\\/#organization\"},\"image\":{\"@id\":\"https:\\\/\\\/radioljubuski.ba\\\/index.php\\\/2021\\\/07\\\/20\\\/ulazimo-u-stabilnije-razdoblje-na-pomolu-novi-toplinski-val\\\/#primaryimage\"},\"thumbnailUrl\":\"https:\\\/\\\/radioljubuski.ba\\\/wp-content\\\/uploads\\\/2021\\\/07\\\/AwjcEom3_toplinski_val.jpg\",\"articleSection\":[\"BIH i regija\"],\"inLanguage\":\"hr\"},{\"@type\":\"WebPage\",\"@id\":\"https:\\\/\\\/radioljubuski.ba\\\/index.php\\\/2021\\\/07\\\/20\\\/ulazimo-u-stabilnije-razdoblje-na-pomolu-novi-toplinski-val\\\/\",\"url\":\"https:\\\/\\\/radioljubuski.ba\\\/index.php\\\/2021\\\/07\\\/20\\\/ulazimo-u-stabilnije-razdoblje-na-pomolu-novi-toplinski-val\\\/\",\"name\":\"Ulazimo u stabilnije razdoblje, na pomolu novi toplinski val - RADIO LJUBU\u0160KI\",\"isPartOf\":{\"@id\":\"https:\\\/\\\/radioljubuski.ba\\\/#website\"},\"primaryImageOfPage\":{\"@id\":\"https:\\\/\\\/radioljubuski.ba\\\/index.php\\\/2021\\\/07\\\/20\\\/ulazimo-u-stabilnije-razdoblje-na-pomolu-novi-toplinski-val\\\/#primaryimage\"},\"image\":{\"@id\":\"https:\\\/\\\/radioljubuski.ba\\\/index.php\\\/2021\\\/07\\\/20\\\/ulazimo-u-stabilnije-razdoblje-na-pomolu-novi-toplinski-val\\\/#primaryimage\"},\"thumbnailUrl\":\"https:\\\/\\\/radioljubuski.ba\\\/wp-content\\\/uploads\\\/2021\\\/07\\\/AwjcEom3_toplinski_val.jpg\",\"datePublished\":\"2021-07-20T12:15:08+00:00\",\"breadcrumb\":{\"@id\":\"https:\\\/\\\/radioljubuski.ba\\\/index.php\\\/2021\\\/07\\\/20\\\/ulazimo-u-stabilnije-razdoblje-na-pomolu-novi-toplinski-val\\\/#breadcrumb\"},\"inLanguage\":\"hr\",\"potentialAction\":[{\"@type\":\"ReadAction\",\"target\":[\"https:\\\/\\\/radioljubuski.ba\\\/index.php\\\/2021\\\/07\\\/20\\\/ulazimo-u-stabilnije-razdoblje-na-pomolu-novi-toplinski-val\\\/\"]}]},{\"@type\":\"ImageObject\",\"inLanguage\":\"hr\",\"@id\":\"https:\\\/\\\/radioljubuski.ba\\\/index.php\\\/2021\\\/07\\\/20\\\/ulazimo-u-stabilnije-razdoblje-na-pomolu-novi-toplinski-val\\\/#primaryimage\",\"url\":\"https:\\\/\\\/radioljubuski.ba\\\/wp-content\\\/uploads\\\/2021\\\/07\\\/AwjcEom3_toplinski_val.jpg\",\"contentUrl\":\"https:\\\/\\\/radioljubuski.ba\\\/wp-content\\\/uploads\\\/2021\\\/07\\\/AwjcEom3_toplinski_val.jpg\",\"width\":1000,\"height\":625},{\"@type\":\"BreadcrumbList\",\"@id\":\"https:\\\/\\\/radioljubuski.ba\\\/index.php\\\/2021\\\/07\\\/20\\\/ulazimo-u-stabilnije-razdoblje-na-pomolu-novi-toplinski-val\\\/#breadcrumb\",\"itemListElement\":[{\"@type\":\"ListItem\",\"position\":1,\"name\":\"Po\u010detna stranica\",\"item\":\"https:\\\/\\\/radioljubuski.ba\\\/\"},{\"@type\":\"ListItem\",\"position\":2,\"name\":\"Ulazimo u stabilnije razdoblje, na pomolu novi toplinski val\"}]},{\"@type\":\"WebSite\",\"@id\":\"https:\\\/\\\/radioljubuski.ba\\\/#website\",\"url\":\"https:\\\/\\\/radioljubuski.ba\\\/\",\"name\":\"Radio Ljubu\u0161ki\",\"description\":\"Sun\u010dana frekvencija Hercegovine\",\"publisher\":{\"@id\":\"https:\\\/\\\/radioljubuski.ba\\\/#organization\"},\"potentialAction\":[{\"@type\":\"SearchAction\",\"target\":{\"@type\":\"EntryPoint\",\"urlTemplate\":\"https:\\\/\\\/radioljubuski.ba\\\/?s={search_term_string}\"},\"query-input\":{\"@type\":\"PropertyValueSpecification\",\"valueRequired\":true,\"valueName\":\"search_term_string\"}}],\"inLanguage\":\"hr\"},{\"@type\":\"Organization\",\"@id\":\"https:\\\/\\\/radioljubuski.ba\\\/#organization\",\"name\":\"Radio Ljubu\u0161ki\",\"url\":\"https:\\\/\\\/radioljubuski.ba\\\/\",\"logo\":{\"@type\":\"ImageObject\",\"inLanguage\":\"hr\",\"@id\":\"https:\\\/\\\/radioljubuski.ba\\\/#\\\/schema\\\/logo\\\/image\\\/\",\"url\":\"https:\\\/\\\/radioljubuski.ba\\\/wp-content\\\/uploads\\\/2021\\\/02\\\/cropped-Radio_Ljubuski_logo1.jpg\",\"contentUrl\":\"https:\\\/\\\/radioljubuski.ba\\\/wp-content\\\/uploads\\\/2021\\\/02\\\/cropped-Radio_Ljubuski_logo1.jpg\",\"width\":512,\"height\":512,\"caption\":\"Radio Ljubu\u0161ki\"},\"image\":{\"@id\":\"https:\\\/\\\/radioljubuski.ba\\\/#\\\/schema\\\/logo\\\/image\\\/\"},\"sameAs\":[\"https:\\\/\\\/www.facebook.com\\\/Radiio-Ljubuski-1490835324566332\",\"https:\\\/\\\/x.com\\\/radioljubuski\",\"https:\\\/\\\/hr.linkedin.com\\\/company\\\/radio-ljubuski\",\"https:\\\/\\\/www.youtube.com\\\/channel\\\/UCHYaeO_n0Db3tjNGudGpXyw\"]},{\"@type\":\"Person\",\"@id\":\"https:\\\/\\\/radioljubuski.ba\\\/#\\\/schema\\\/person\\\/19fc700381a780f69665d7956c469e3b\",\"name\":\"Radio Ljubu\u0161ki\"}]}<\/script>\n<!-- \/ Yoast SEO plugin. -->","yoast_head_json":{"title":"Ulazimo u stabilnije razdoblje, na pomolu novi toplinski val - RADIO LJUBU\u0160KI","robots":{"index":"index","follow":"follow","max-snippet":"max-snippet:-1","max-image-preview":"max-image-preview:large","max-video-preview":"max-video-preview:-1"},"canonical":"https:\/\/radioljubuski.ba\/index.php\/2021\/07\/20\/ulazimo-u-stabilnije-razdoblje-na-pomolu-novi-toplinski-val\/","og_locale":"hr_HR","og_type":"article","og_title":"Ulazimo u stabilnije razdoblje, na pomolu novi toplinski val - RADIO LJUBU\u0160KI","og_description":"Donosimo vremensku prognozu meteorologinje Tee Bla\u017eevi\u0107, pi\u0161e N1. Sa sjeverozapada ja\u010da greben anticiklone, situacija je sve bolja. Iako jo\u0161 po visini kru\u017ei manja koli\u010dina vla\u017enog zraka, u dijelu Istre ima jutros slabe oborine. U nastavku dana ki\u0161e i pljuskova jo\u0161 mo\u017ee biti u Gorskom kotaru i Lici, na istoku zemlje, poslijepodne i u zaobalju Rijeke, [&hellip;]","og_url":"https:\/\/radioljubuski.ba\/index.php\/2021\/07\/20\/ulazimo-u-stabilnije-razdoblje-na-pomolu-novi-toplinski-val\/","og_site_name":"RADIO LJUBU\u0160KI","article_publisher":"https:\/\/www.facebook.com\/Radiio-Ljubuski-1490835324566332","article_published_time":"2021-07-20T12:15:08+00:00","og_image":[{"width":1000,"height":625,"url":"https:\/\/radioljubuski.ba\/wp-content\/uploads\/2021\/07\/AwjcEom3_toplinski_val.jpg","type":"image\/jpeg"}],"author":"Radio Ljubu\u0161ki","twitter_card":"summary_large_image","twitter_creator":"@radioljubuski","twitter_site":"@radioljubuski","twitter_misc":{"Napisao\/la":"Radio Ljubu\u0161ki","Procijenjeno vrijeme \u010ditanja":"1 minuta"},"schema":{"@context":"https:\/\/schema.org","@graph":[{"@type":"Article","@id":"https:\/\/radioljubuski.ba\/index.php\/2021\/07\/20\/ulazimo-u-stabilnije-razdoblje-na-pomolu-novi-toplinski-val\/#article","isPartOf":{"@id":"https:\/\/radioljubuski.ba\/index.php\/2021\/07\/20\/ulazimo-u-stabilnije-razdoblje-na-pomolu-novi-toplinski-val\/"},"author":{"name":"Radio Ljubu\u0161ki","@id":"https:\/\/radioljubuski.ba\/#\/schema\/person\/19fc700381a780f69665d7956c469e3b"},"headline":"Ulazimo u stabilnije razdoblje, na pomolu novi toplinski val","datePublished":"2021-07-20T12:15:08+00:00","mainEntityOfPage":{"@id":"https:\/\/radioljubuski.ba\/index.php\/2021\/07\/20\/ulazimo-u-stabilnije-razdoblje-na-pomolu-novi-toplinski-val\/"},"wordCount":156,"publisher":{"@id":"https:\/\/radioljubuski.ba\/#organization"},"image":{"@id":"https:\/\/radioljubuski.ba\/index.php\/2021\/07\/20\/ulazimo-u-stabilnije-razdoblje-na-pomolu-novi-toplinski-val\/#primaryimage"},"thumbnailUrl":"https:\/\/radioljubuski.ba\/wp-content\/uploads\/2021\/07\/AwjcEom3_toplinski_val.jpg","articleSection":["BIH i regija"],"inLanguage":"hr"},{"@type":"WebPage","@id":"https:\/\/radioljubuski.ba\/index.php\/2021\/07\/20\/ulazimo-u-stabilnije-razdoblje-na-pomolu-novi-toplinski-val\/","url":"https:\/\/radioljubuski.ba\/index.php\/2021\/07\/20\/ulazimo-u-stabilnije-razdoblje-na-pomolu-novi-toplinski-val\/","name":"Ulazimo u stabilnije razdoblje, na pomolu novi toplinski val - RADIO LJUBU\u0160KI","isPartOf":{"@id":"https:\/\/radioljubuski.ba\/#website"},"primaryImageOfPage":{"@id":"https:\/\/radioljubuski.ba\/index.php\/2021\/07\/20\/ulazimo-u-stabilnije-razdoblje-na-pomolu-novi-toplinski-val\/#primaryimage"},"image":{"@id":"https:\/\/radioljubuski.ba\/index.php\/2021\/07\/20\/ulazimo-u-stabilnije-razdoblje-na-pomolu-novi-toplinski-val\/#primaryimage"},"thumbnailUrl":"https:\/\/radioljubuski.ba\/wp-content\/uploads\/2021\/07\/AwjcEom3_toplinski_val.jpg","datePublished":"2021-07-20T12:15:08+00:00","breadcrumb":{"@id":"https:\/\/radioljubuski.ba\/index.php\/2021\/07\/20\/ulazimo-u-stabilnije-razdoblje-na-pomolu-novi-toplinski-val\/#breadcrumb"},"inLanguage":"hr","potentialAction":[{"@type":"ReadAction","target":["https:\/\/radioljubuski.ba\/index.php\/2021\/07\/20\/ulazimo-u-stabilnije-razdoblje-na-pomolu-novi-toplinski-val\/"]}]},{"@type":"ImageObject","inLanguage":"hr","@id":"https:\/\/radioljubuski.ba\/index.php\/2021\/07\/20\/ulazimo-u-stabilnije-razdoblje-na-pomolu-novi-toplinski-val\/#primaryimage","url":"https:\/\/radioljubuski.ba\/wp-content\/uploads\/2021\/07\/AwjcEom3_toplinski_val.jpg","contentUrl":"https:\/\/radioljubuski.ba\/wp-content\/uploads\/2021\/07\/AwjcEom3_toplinski_val.jpg","width":1000,"height":625},{"@type":"BreadcrumbList","@id":"https:\/\/radioljubuski.ba\/index.php\/2021\/07\/20\/ulazimo-u-stabilnije-razdoblje-na-pomolu-novi-toplinski-val\/#breadcrumb","itemListElement":[{"@type":"ListItem","position":1,"name":"Po\u010detna stranica","item":"https:\/\/radioljubuski.ba\/"},{"@type":"ListItem","position":2,"name":"Ulazimo u stabilnije razdoblje, na pomolu novi toplinski val"}]},{"@type":"WebSite","@id":"https:\/\/radioljubuski.ba\/#website","url":"https:\/\/radioljubuski.ba\/","name":"Radio Ljubu\u0161ki","description":"Sun\u010dana frekvencija Hercegovine","publisher":{"@id":"https:\/\/radioljubuski.ba\/#organization"},"potentialAction":[{"@type":"SearchAction","target":{"@type":"EntryPoint","urlTemplate":"https:\/\/radioljubuski.ba\/?s={search_term_string}"},"query-input":{"@type":"PropertyValueSpecification","valueRequired":true,"valueName":"search_term_string"}}],"inLanguage":"hr"},{"@type":"Organization","@id":"https:\/\/radioljubuski.ba\/#organization","name":"Radio Ljubu\u0161ki","url":"https:\/\/radioljubuski.ba\/","logo":{"@type":"ImageObject","inLanguage":"hr","@id":"https:\/\/radioljubuski.ba\/#\/schema\/logo\/image\/","url":"https:\/\/radioljubuski.ba\/wp-content\/uploads\/2021\/02\/cropped-Radio_Ljubuski_logo1.jpg","contentUrl":"https:\/\/radioljubuski.ba\/wp-content\/uploads\/2021\/02\/cropped-Radio_Ljubuski_logo1.jpg","width":512,"height":512,"caption":"Radio Ljubu\u0161ki"},"image":{"@id":"https:\/\/radioljubuski.ba\/#\/schema\/logo\/image\/"},"sameAs":["https:\/\/www.facebook.com\/Radiio-Ljubuski-1490835324566332","https:\/\/x.com\/radioljubuski","https:\/\/hr.linkedin.com\/company\/radio-ljubuski","https:\/\/www.youtube.com\/channel\/UCHYaeO_n0Db3tjNGudGpXyw"]},{"@type":"Person","@id":"https:\/\/radioljubuski.ba\/#\/schema\/person\/19fc700381a780f69665d7956c469e3b","name":"Radio Ljubu\u0161ki"}]}},"_links":{"self":[{"href":"https:\/\/radioljubuski.ba\/index.php\/wp-json\/wp\/v2\/posts\/44286","targetHints":{"allow":["GET"]}}],"collection":[{"href":"https:\/\/radioljubuski.ba\/index.php\/wp-json\/wp\/v2\/posts"}],"about":[{"href":"https:\/\/radioljubuski.ba\/index.php\/wp-json\/wp\/v2\/types\/post"}],"author":[{"embeddable":true,"href":"https:\/\/radioljubuski.ba\/index.php\/wp-json\/wp\/v2\/users\/2"}],"replies":[{"embeddable":true,"href":"https:\/\/radioljubuski.ba\/index.php\/wp-json\/wp\/v2\/comments?post=44286"}],"version-history":[{"count":1,"href":"https:\/\/radioljubuski.ba\/index.php\/wp-json\/wp\/v2\/posts\/44286\/revisions"}],"predecessor-version":[{"id":44290,"href":"https:\/\/radioljubuski.ba\/index.php\/wp-json\/wp\/v2\/posts\/44286\/revisions\/44290"}],"wp:featuredmedia":[{"embeddable":true,"href":"https:\/\/radioljubuski.ba\/index.php\/wp-json\/wp\/v2\/media\/44289"}],"wp:attachment":[{"href":"https:\/\/radioljubuski.ba\/index.php\/wp-json\/wp\/v2\/media?parent=44286"}],"wp:term":[{"taxonomy":"category","embeddable":true,"href":"https:\/\/radioljubuski.ba\/index.php\/wp-json\/wp\/v2\/categories?post=44286"},{"taxonomy":"post_tag","embeddable":true,"href":"https:\/\/radioljubuski.ba\/index.php\/wp-json\/wp\/v2\/tags?post=44286"}],"curies":[{"name":"wp","href":"https:\/\/api.w.org\/{rel}","templated":true}]}}