{"id":44292,"date":"2021-07-20T13:17:30","date_gmt":"2021-07-20T12:17:30","guid":{"rendered":"https:\/\/radioljubuski.ba\/?p=44292"},"modified":"2021-07-20T13:17:33","modified_gmt":"2021-07-20T12:17:33","slug":"priprema-za-rimac-fs-alpe-adria-nova-ekipa-fsracing-teama-mostar-pravi-treci-bolid","status":"publish","type":"post","link":"https:\/\/radioljubuski.ba\/index.php\/2021\/07\/20\/priprema-za-rimac-fs-alpe-adria-nova-ekipa-fsracing-teama-mostar-pravi-treci-bolid\/","title":{"rendered":"Priprema za Rimac FS Alpe Adria: Nova ekipa FSRacing Teama Mostar pravi tre\u0107i bolid"},"content":{"rendered":"\n<p>FSRacing team Fakulteta Strojarstva, ra\u010dunarstva i elektrotehnike Sveu\u010dili\u0161ta u Mostaru sudjeluje u projektu Formula Student koji je do sada prvi studentski projekt ovakve prirode i jedan od najve\u0107ih studentskih projekata na podru\u010dju Bosne i Hercegovine do sada. Sam projekt najve\u0107e je i najbolje natjecanje u oblasti motornih sportova u Europi. Osim studenata strojarstva, ra\u010dunarstva i elektrotehnike u ovaj projekt su se uklju\u010dile studentice ekonomije i studentica odnosa s javno\u0161\u0107u, pi\u0161e Dnevnik.ba. &nbsp;<\/p>\n\n\n\n<p>Osnova projekta Formula Student je izazvati studente iz cijelog svijeta koji kao zadatak imaju samostalno dizajnirati, izgraditi i marketin\u0161ki razviti svoj jednosjedni trka\u0107i automobil (bolid) kao proizvod spreman za tr\u017ei\u0161te. Voditelj projekta Mario \u010cori\u0107 je za Dnevnik.ba izjavio kako su &nbsp;2020. godine &nbsp;bili sprije\u010deni nastaviti s radom FSRacing Teama \u0161to ih je dosta unazadilo. \u201cVe\u0107ina kolega iz pro\u0161log tima je zavr\u0161ila fakultet te smo ostali samo trojica. Kako je projekt formula student obilje\u017eio na\u0161e studiranje i dao nam mogu\u0107nost za pronalazak inovativnih tehni\u010dkih rje\u0161enja te primjena teorijskog znanja u stvarnom okru\u017eenju, bilo bi nam jako \u017eao da se ovakav projekt ne nastavi.<\/p>\n\n\n\n<p>Nakon pauze od godinu dana primili smo nove \u010dlanove, detaljno ih upoznali s projektom formula student te njihovim obavezama i prednostima samog projekta\u201d, izjavio je \u010cori\u0107. FSRacing Team je sveu\u010dili\u0161ni projekt koji su studenti samoinicijativno pokrenuli 2013. godine te odr\u017eali sve do danas uz minimalnu podr\u0161ku vodstva Sveu\u010dili\u0161ta u Mostaru. \u201cNovi studenti rade punom parom u prostorijama Fakulteta strojarstva, ra\u010dunarstva i elektrotehnike. Glavni cilj nam je odlazak na natjecanje Rimac FS Alpe Adria kako bi novim \u010dlanovima predstavili izazove koji ih o\u010dekuju te od njih stvorili funkcionalnu ekipu za nove izazove\u201d, dodao je. &nbsp;<\/p>\n\n\n\n<p>Tako\u0111er, istaknuo je kako planiraju imati funkcionalan bolid za sezonu 2022. s kojim \u0107e oti\u0107i na neko od me\u0111unarodnih natjecanja i tako predstaviti Sveu\u010dili\u0161te u Mostaru i dr\u017eavu u najboljem svjetlu. &nbsp;\u201cFSRacing ne planira stati samo tu ve\u0107 nastavlja raditi sporedno i na novom projektu koji \u0107emo uskoro predstaviti javnosti\u201d, istaknuo je \u010cori\u0107. &nbsp;<\/p>\n\n\n\n<p>Uz mnogo ulo\u017eenog vremena i truda, te sponzorstva i donacija FSRacing team je uspje\u0161no realizirao bolid \u201dPoskok\u201d (lat. Ammodytes 2b) odnosno s kojim &nbsp;\u0107e se predstavio na natjecanju pod nazivom Rimac Formula Student Alpe Adria &nbsp;u Rijeci 26. kolovoza 2021. Na natjecanju \u0107e sudjelovalo preko 40 ekipa sa sveu\u010dili\u0161ta iz Hrvatske, Slovenije, Srbije, Njema\u010dke, Francuske, \u010ce\u0161ke, Velike Britanije, Finske i drugih zemalja \u0161irom Europe i svijeta.<\/p>\n\n\n\n<p>Uz tako veliku konkurenciju FSRacing team kao prvi i jedini tim iz BiH imati \u0107e te\u017eak zadatak kako pobijediti protivnike. &nbsp;S velikom \u017eeljom za usavr\u0161avanjem svojih performansi i teoretskog znanja, te jo\u0161 ve\u0107eg razvoja iskustva , vje\u0161tine i profesionalnosti projekt je nastavljen. Zainteresiranost studenata za sudjelovanje u ovom projektu je sve ve\u0107a i ve\u0107a \u0161to je rezultiralo primanjem novih \u010dlanova. Danas se tim sastoji od petnaest &nbsp;\u010dlanova koji su podijeljeni na dio za \u201dfinancije i marketing\u201d te \u201dtehni\u010dki\u201d dio.<\/p>\n\n\n\n<p>Cilj tima je izgraditi novi, ve\u0107 izmodelirani bolid koji \u0107e biti bolji i profitabilniji od prethodnog i s kojim \u0107e na sljede\u0107em natjecanju predstaviti ne samo Sveu\u010dili\u0161te u Mostaru, nego i BiH u cjelini. Kako bi se projekt uspje\u0161no realizirao potrebna je podr\u0161ka svih mogu\u0107ih sponzora\/donatora koji imaju \u017eelju pomo\u0107i studentima i sudjelovati u ovom zaista velikom projektu \u2013 prvom u Bosni i Hercegovini ovakve prirode.<\/p>\n\n\n\n<p>Svi zainteresirani sponzori\/donatori koji su voljni sudjelovati bilo u vidu financijske potpore ili donacijom materijala, te uslugama izrade mogu se javiti na slu\u017ebeni e-mail tima: fsracing.mo@gmail.com i fsracing@fsre.sum.ba&nbsp;<\/p>\n\n\n\n<p>Izvor:dnevnik.ba<\/p>\n","protected":false},"excerpt":{"rendered":"<p>FSRacing team Fakulteta Strojarstva, ra\u010dunarstva i elektrotehnike Sveu\u010dili\u0161ta u Mostaru sudjeluje u projektu Formula Student koji je do sada prvi studentski projekt ovakve prirode i jedan od najve\u0107ih studentskih projekata na podru\u010dju Bosne i Hercegovine do sada. Sam projekt najve\u0107e je i najbolje natjecanje u oblasti motornih sportova u Europi. Osim studenata strojarstva, ra\u010dunarstva i [&hellip;]<\/p>\n","protected":false},"author":2,"featured_media":44293,"comment_status":"closed","ping_status":"closed","sticky":false,"template":"","format":"standard","meta":{"h5ap_radio_sources":[],"footnotes":""},"categories":[1],"tags":[],"class_list":["post-44292","post","type-post","status-publish","format-standard","has-post-thumbnail","hentry","category-bihiregija"],"yoast_head":"<!-- This site is optimized with the Yoast SEO plugin v27.5 - https:\/\/yoast.com\/product\/yoast-seo-wordpress\/ -->\n<title>Priprema za Rimac FS Alpe Adria: Nova ekipa FSRacing Teama Mostar pravi tre\u0107i bolid - RADIO LJUBU\u0160KI<\/title>\n<meta name=\"robots\" content=\"index, follow, max-snippet:-1, max-image-preview:large, max-video-preview:-1\" \/>\n<link rel=\"canonical\" href=\"https:\/\/radioljubuski.ba\/index.php\/2021\/07\/20\/priprema-za-rimac-fs-alpe-adria-nova-ekipa-fsracing-teama-mostar-pravi-treci-bolid\/\" \/>\n<meta property=\"og:locale\" content=\"hr_HR\" \/>\n<meta property=\"og:type\" content=\"article\" \/>\n<meta property=\"og:title\" content=\"Priprema za Rimac FS Alpe Adria: Nova ekipa FSRacing Teama Mostar pravi tre\u0107i bolid - RADIO LJUBU\u0160KI\" \/>\n<meta property=\"og:description\" content=\"FSRacing team Fakulteta Strojarstva, ra\u010dunarstva i elektrotehnike Sveu\u010dili\u0161ta u Mostaru sudjeluje u projektu Formula Student koji je do sada prvi studentski projekt ovakve prirode i jedan od najve\u0107ih studentskih projekata na podru\u010dju Bosne i Hercegovine do sada. Sam projekt najve\u0107e je i najbolje natjecanje u oblasti motornih sportova u Europi. Osim studenata strojarstva, ra\u010dunarstva i [&hellip;]\" \/>\n<meta property=\"og:url\" content=\"https:\/\/radioljubuski.ba\/index.php\/2021\/07\/20\/priprema-za-rimac-fs-alpe-adria-nova-ekipa-fsracing-teama-mostar-pravi-treci-bolid\/\" \/>\n<meta property=\"og:site_name\" content=\"RADIO LJUBU\u0160KI\" \/>\n<meta property=\"article:publisher\" content=\"https:\/\/www.facebook.com\/Radiio-Ljubuski-1490835324566332\" \/>\n<meta property=\"article:published_time\" content=\"2021-07-20T12:17:30+00:00\" \/>\n<meta property=\"article:modified_time\" content=\"2021-07-20T12:17:33+00:00\" \/>\n<meta property=\"og:image\" content=\"https:\/\/radioljubuski.ba\/wp-content\/uploads\/2021\/07\/9-2021-07-20-13-30-42-formulaa.png\" \/>\n\t<meta property=\"og:image:width\" content=\"1000\" \/>\n\t<meta property=\"og:image:height\" content=\"625\" \/>\n\t<meta property=\"og:image:type\" content=\"image\/png\" \/>\n<meta name=\"author\" content=\"Radio Ljubu\u0161ki\" \/>\n<meta name=\"twitter:card\" content=\"summary_large_image\" \/>\n<meta name=\"twitter:creator\" content=\"@radioljubuski\" \/>\n<meta name=\"twitter:site\" content=\"@radioljubuski\" \/>\n<meta name=\"twitter:label1\" content=\"Napisao\/la\" \/>\n\t<meta name=\"twitter:data1\" content=\"Radio Ljubu\u0161ki\" \/>\n\t<meta name=\"twitter:label2\" content=\"Procijenjeno vrijeme \u010ditanja\" \/>\n\t<meta name=\"twitter:data2\" content=\"3 minute\" \/>\n<script type=\"application\/ld+json\" class=\"yoast-schema-graph\">{\"@context\":\"https:\\\/\\\/schema.org\",\"@graph\":[{\"@type\":\"Article\",\"@id\":\"https:\\\/\\\/radioljubuski.ba\\\/index.php\\\/2021\\\/07\\\/20\\\/priprema-za-rimac-fs-alpe-adria-nova-ekipa-fsracing-teama-mostar-pravi-treci-bolid\\\/#article\",\"isPartOf\":{\"@id\":\"https:\\\/\\\/radioljubuski.ba\\\/index.php\\\/2021\\\/07\\\/20\\\/priprema-za-rimac-fs-alpe-adria-nova-ekipa-fsracing-teama-mostar-pravi-treci-bolid\\\/\"},\"author\":{\"name\":\"Radio Ljubu\u0161ki\",\"@id\":\"https:\\\/\\\/radioljubuski.ba\\\/#\\\/schema\\\/person\\\/19fc700381a780f69665d7956c469e3b\"},\"headline\":\"Priprema za Rimac FS Alpe Adria: Nova ekipa FSRacing Teama Mostar pravi tre\u0107i bolid\",\"datePublished\":\"2021-07-20T12:17:30+00:00\",\"dateModified\":\"2021-07-20T12:17:33+00:00\",\"mainEntityOfPage\":{\"@id\":\"https:\\\/\\\/radioljubuski.ba\\\/index.php\\\/2021\\\/07\\\/20\\\/priprema-za-rimac-fs-alpe-adria-nova-ekipa-fsracing-teama-mostar-pravi-treci-bolid\\\/\"},\"wordCount\":648,\"publisher\":{\"@id\":\"https:\\\/\\\/radioljubuski.ba\\\/#organization\"},\"image\":{\"@id\":\"https:\\\/\\\/radioljubuski.ba\\\/index.php\\\/2021\\\/07\\\/20\\\/priprema-za-rimac-fs-alpe-adria-nova-ekipa-fsracing-teama-mostar-pravi-treci-bolid\\\/#primaryimage\"},\"thumbnailUrl\":\"https:\\\/\\\/radioljubuski.ba\\\/wp-content\\\/uploads\\\/2021\\\/07\\\/9-2021-07-20-13-30-42-formulaa.png\",\"articleSection\":[\"BIH i regija\"],\"inLanguage\":\"hr\"},{\"@type\":\"WebPage\",\"@id\":\"https:\\\/\\\/radioljubuski.ba\\\/index.php\\\/2021\\\/07\\\/20\\\/priprema-za-rimac-fs-alpe-adria-nova-ekipa-fsracing-teama-mostar-pravi-treci-bolid\\\/\",\"url\":\"https:\\\/\\\/radioljubuski.ba\\\/index.php\\\/2021\\\/07\\\/20\\\/priprema-za-rimac-fs-alpe-adria-nova-ekipa-fsracing-teama-mostar-pravi-treci-bolid\\\/\",\"name\":\"Priprema za Rimac FS Alpe Adria: Nova ekipa FSRacing Teama Mostar pravi tre\u0107i bolid - RADIO LJUBU\u0160KI\",\"isPartOf\":{\"@id\":\"https:\\\/\\\/radioljubuski.ba\\\/#website\"},\"primaryImageOfPage\":{\"@id\":\"https:\\\/\\\/radioljubuski.ba\\\/index.php\\\/2021\\\/07\\\/20\\\/priprema-za-rimac-fs-alpe-adria-nova-ekipa-fsracing-teama-mostar-pravi-treci-bolid\\\/#primaryimage\"},\"image\":{\"@id\":\"https:\\\/\\\/radioljubuski.ba\\\/index.php\\\/2021\\\/07\\\/20\\\/priprema-za-rimac-fs-alpe-adria-nova-ekipa-fsracing-teama-mostar-pravi-treci-bolid\\\/#primaryimage\"},\"thumbnailUrl\":\"https:\\\/\\\/radioljubuski.ba\\\/wp-content\\\/uploads\\\/2021\\\/07\\\/9-2021-07-20-13-30-42-formulaa.png\",\"datePublished\":\"2021-07-20T12:17:30+00:00\",\"dateModified\":\"2021-07-20T12:17:33+00:00\",\"breadcrumb\":{\"@id\":\"https:\\\/\\\/radioljubuski.ba\\\/index.php\\\/2021\\\/07\\\/20\\\/priprema-za-rimac-fs-alpe-adria-nova-ekipa-fsracing-teama-mostar-pravi-treci-bolid\\\/#breadcrumb\"},\"inLanguage\":\"hr\",\"potentialAction\":[{\"@type\":\"ReadAction\",\"target\":[\"https:\\\/\\\/radioljubuski.ba\\\/index.php\\\/2021\\\/07\\\/20\\\/priprema-za-rimac-fs-alpe-adria-nova-ekipa-fsracing-teama-mostar-pravi-treci-bolid\\\/\"]}]},{\"@type\":\"ImageObject\",\"inLanguage\":\"hr\",\"@id\":\"https:\\\/\\\/radioljubuski.ba\\\/index.php\\\/2021\\\/07\\\/20\\\/priprema-za-rimac-fs-alpe-adria-nova-ekipa-fsracing-teama-mostar-pravi-treci-bolid\\\/#primaryimage\",\"url\":\"https:\\\/\\\/radioljubuski.ba\\\/wp-content\\\/uploads\\\/2021\\\/07\\\/9-2021-07-20-13-30-42-formulaa.png\",\"contentUrl\":\"https:\\\/\\\/radioljubuski.ba\\\/wp-content\\\/uploads\\\/2021\\\/07\\\/9-2021-07-20-13-30-42-formulaa.png\",\"width\":1000,\"height\":625},{\"@type\":\"BreadcrumbList\",\"@id\":\"https:\\\/\\\/radioljubuski.ba\\\/index.php\\\/2021\\\/07\\\/20\\\/priprema-za-rimac-fs-alpe-adria-nova-ekipa-fsracing-teama-mostar-pravi-treci-bolid\\\/#breadcrumb\",\"itemListElement\":[{\"@type\":\"ListItem\",\"position\":1,\"name\":\"Po\u010detna stranica\",\"item\":\"https:\\\/\\\/radioljubuski.ba\\\/\"},{\"@type\":\"ListItem\",\"position\":2,\"name\":\"Priprema za Rimac FS Alpe Adria: Nova ekipa FSRacing Teama Mostar pravi tre\u0107i bolid\"}]},{\"@type\":\"WebSite\",\"@id\":\"https:\\\/\\\/radioljubuski.ba\\\/#website\",\"url\":\"https:\\\/\\\/radioljubuski.ba\\\/\",\"name\":\"Radio Ljubu\u0161ki\",\"description\":\"Sun\u010dana frekvencija Hercegovine\",\"publisher\":{\"@id\":\"https:\\\/\\\/radioljubuski.ba\\\/#organization\"},\"potentialAction\":[{\"@type\":\"SearchAction\",\"target\":{\"@type\":\"EntryPoint\",\"urlTemplate\":\"https:\\\/\\\/radioljubuski.ba\\\/?s={search_term_string}\"},\"query-input\":{\"@type\":\"PropertyValueSpecification\",\"valueRequired\":true,\"valueName\":\"search_term_string\"}}],\"inLanguage\":\"hr\"},{\"@type\":\"Organization\",\"@id\":\"https:\\\/\\\/radioljubuski.ba\\\/#organization\",\"name\":\"Radio Ljubu\u0161ki\",\"url\":\"https:\\\/\\\/radioljubuski.ba\\\/\",\"logo\":{\"@type\":\"ImageObject\",\"inLanguage\":\"hr\",\"@id\":\"https:\\\/\\\/radioljubuski.ba\\\/#\\\/schema\\\/logo\\\/image\\\/\",\"url\":\"https:\\\/\\\/radioljubuski.ba\\\/wp-content\\\/uploads\\\/2021\\\/02\\\/cropped-Radio_Ljubuski_logo1.jpg\",\"contentUrl\":\"https:\\\/\\\/radioljubuski.ba\\\/wp-content\\\/uploads\\\/2021\\\/02\\\/cropped-Radio_Ljubuski_logo1.jpg\",\"width\":512,\"height\":512,\"caption\":\"Radio Ljubu\u0161ki\"},\"image\":{\"@id\":\"https:\\\/\\\/radioljubuski.ba\\\/#\\\/schema\\\/logo\\\/image\\\/\"},\"sameAs\":[\"https:\\\/\\\/www.facebook.com\\\/Radiio-Ljubuski-1490835324566332\",\"https:\\\/\\\/x.com\\\/radioljubuski\",\"https:\\\/\\\/hr.linkedin.com\\\/company\\\/radio-ljubuski\",\"https:\\\/\\\/www.youtube.com\\\/channel\\\/UCHYaeO_n0Db3tjNGudGpXyw\"]},{\"@type\":\"Person\",\"@id\":\"https:\\\/\\\/radioljubuski.ba\\\/#\\\/schema\\\/person\\\/19fc700381a780f69665d7956c469e3b\",\"name\":\"Radio Ljubu\u0161ki\"}]}<\/script>\n<!-- \/ Yoast SEO plugin. -->","yoast_head_json":{"title":"Priprema za Rimac FS Alpe Adria: Nova ekipa FSRacing Teama Mostar pravi tre\u0107i bolid - RADIO LJUBU\u0160KI","robots":{"index":"index","follow":"follow","max-snippet":"max-snippet:-1","max-image-preview":"max-image-preview:large","max-video-preview":"max-video-preview:-1"},"canonical":"https:\/\/radioljubuski.ba\/index.php\/2021\/07\/20\/priprema-za-rimac-fs-alpe-adria-nova-ekipa-fsracing-teama-mostar-pravi-treci-bolid\/","og_locale":"hr_HR","og_type":"article","og_title":"Priprema za Rimac FS Alpe Adria: Nova ekipa FSRacing Teama Mostar pravi tre\u0107i bolid - RADIO LJUBU\u0160KI","og_description":"FSRacing team Fakulteta Strojarstva, ra\u010dunarstva i elektrotehnike Sveu\u010dili\u0161ta u Mostaru sudjeluje u projektu Formula Student koji je do sada prvi studentski projekt ovakve prirode i jedan od najve\u0107ih studentskih projekata na podru\u010dju Bosne i Hercegovine do sada. Sam projekt najve\u0107e je i najbolje natjecanje u oblasti motornih sportova u Europi. Osim studenata strojarstva, ra\u010dunarstva i [&hellip;]","og_url":"https:\/\/radioljubuski.ba\/index.php\/2021\/07\/20\/priprema-za-rimac-fs-alpe-adria-nova-ekipa-fsracing-teama-mostar-pravi-treci-bolid\/","og_site_name":"RADIO LJUBU\u0160KI","article_publisher":"https:\/\/www.facebook.com\/Radiio-Ljubuski-1490835324566332","article_published_time":"2021-07-20T12:17:30+00:00","article_modified_time":"2021-07-20T12:17:33+00:00","og_image":[{"width":1000,"height":625,"url":"https:\/\/radioljubuski.ba\/wp-content\/uploads\/2021\/07\/9-2021-07-20-13-30-42-formulaa.png","type":"image\/png"}],"author":"Radio Ljubu\u0161ki","twitter_card":"summary_large_image","twitter_creator":"@radioljubuski","twitter_site":"@radioljubuski","twitter_misc":{"Napisao\/la":"Radio Ljubu\u0161ki","Procijenjeno vrijeme \u010ditanja":"3 minute"},"schema":{"@context":"https:\/\/schema.org","@graph":[{"@type":"Article","@id":"https:\/\/radioljubuski.ba\/index.php\/2021\/07\/20\/priprema-za-rimac-fs-alpe-adria-nova-ekipa-fsracing-teama-mostar-pravi-treci-bolid\/#article","isPartOf":{"@id":"https:\/\/radioljubuski.ba\/index.php\/2021\/07\/20\/priprema-za-rimac-fs-alpe-adria-nova-ekipa-fsracing-teama-mostar-pravi-treci-bolid\/"},"author":{"name":"Radio Ljubu\u0161ki","@id":"https:\/\/radioljubuski.ba\/#\/schema\/person\/19fc700381a780f69665d7956c469e3b"},"headline":"Priprema za Rimac FS Alpe Adria: Nova ekipa FSRacing Teama Mostar pravi tre\u0107i bolid","datePublished":"2021-07-20T12:17:30+00:00","dateModified":"2021-07-20T12:17:33+00:00","mainEntityOfPage":{"@id":"https:\/\/radioljubuski.ba\/index.php\/2021\/07\/20\/priprema-za-rimac-fs-alpe-adria-nova-ekipa-fsracing-teama-mostar-pravi-treci-bolid\/"},"wordCount":648,"publisher":{"@id":"https:\/\/radioljubuski.ba\/#organization"},"image":{"@id":"https:\/\/radioljubuski.ba\/index.php\/2021\/07\/20\/priprema-za-rimac-fs-alpe-adria-nova-ekipa-fsracing-teama-mostar-pravi-treci-bolid\/#primaryimage"},"thumbnailUrl":"https:\/\/radioljubuski.ba\/wp-content\/uploads\/2021\/07\/9-2021-07-20-13-30-42-formulaa.png","articleSection":["BIH i regija"],"inLanguage":"hr"},{"@type":"WebPage","@id":"https:\/\/radioljubuski.ba\/index.php\/2021\/07\/20\/priprema-za-rimac-fs-alpe-adria-nova-ekipa-fsracing-teama-mostar-pravi-treci-bolid\/","url":"https:\/\/radioljubuski.ba\/index.php\/2021\/07\/20\/priprema-za-rimac-fs-alpe-adria-nova-ekipa-fsracing-teama-mostar-pravi-treci-bolid\/","name":"Priprema za Rimac FS Alpe Adria: Nova ekipa FSRacing Teama Mostar pravi tre\u0107i bolid - RADIO LJUBU\u0160KI","isPartOf":{"@id":"https:\/\/radioljubuski.ba\/#website"},"primaryImageOfPage":{"@id":"https:\/\/radioljubuski.ba\/index.php\/2021\/07\/20\/priprema-za-rimac-fs-alpe-adria-nova-ekipa-fsracing-teama-mostar-pravi-treci-bolid\/#primaryimage"},"image":{"@id":"https:\/\/radioljubuski.ba\/index.php\/2021\/07\/20\/priprema-za-rimac-fs-alpe-adria-nova-ekipa-fsracing-teama-mostar-pravi-treci-bolid\/#primaryimage"},"thumbnailUrl":"https:\/\/radioljubuski.ba\/wp-content\/uploads\/2021\/07\/9-2021-07-20-13-30-42-formulaa.png","datePublished":"2021-07-20T12:17:30+00:00","dateModified":"2021-07-20T12:17:33+00:00","breadcrumb":{"@id":"https:\/\/radioljubuski.ba\/index.php\/2021\/07\/20\/priprema-za-rimac-fs-alpe-adria-nova-ekipa-fsracing-teama-mostar-pravi-treci-bolid\/#breadcrumb"},"inLanguage":"hr","potentialAction":[{"@type":"ReadAction","target":["https:\/\/radioljubuski.ba\/index.php\/2021\/07\/20\/priprema-za-rimac-fs-alpe-adria-nova-ekipa-fsracing-teama-mostar-pravi-treci-bolid\/"]}]},{"@type":"ImageObject","inLanguage":"hr","@id":"https:\/\/radioljubuski.ba\/index.php\/2021\/07\/20\/priprema-za-rimac-fs-alpe-adria-nova-ekipa-fsracing-teama-mostar-pravi-treci-bolid\/#primaryimage","url":"https:\/\/radioljubuski.ba\/wp-content\/uploads\/2021\/07\/9-2021-07-20-13-30-42-formulaa.png","contentUrl":"https:\/\/radioljubuski.ba\/wp-content\/uploads\/2021\/07\/9-2021-07-20-13-30-42-formulaa.png","width":1000,"height":625},{"@type":"BreadcrumbList","@id":"https:\/\/radioljubuski.ba\/index.php\/2021\/07\/20\/priprema-za-rimac-fs-alpe-adria-nova-ekipa-fsracing-teama-mostar-pravi-treci-bolid\/#breadcrumb","itemListElement":[{"@type":"ListItem","position":1,"name":"Po\u010detna stranica","item":"https:\/\/radioljubuski.ba\/"},{"@type":"ListItem","position":2,"name":"Priprema za Rimac FS Alpe Adria: Nova ekipa FSRacing Teama Mostar pravi tre\u0107i bolid"}]},{"@type":"WebSite","@id":"https:\/\/radioljubuski.ba\/#website","url":"https:\/\/radioljubuski.ba\/","name":"Radio Ljubu\u0161ki","description":"Sun\u010dana frekvencija Hercegovine","publisher":{"@id":"https:\/\/radioljubuski.ba\/#organization"},"potentialAction":[{"@type":"SearchAction","target":{"@type":"EntryPoint","urlTemplate":"https:\/\/radioljubuski.ba\/?s={search_term_string}"},"query-input":{"@type":"PropertyValueSpecification","valueRequired":true,"valueName":"search_term_string"}}],"inLanguage":"hr"},{"@type":"Organization","@id":"https:\/\/radioljubuski.ba\/#organization","name":"Radio Ljubu\u0161ki","url":"https:\/\/radioljubuski.ba\/","logo":{"@type":"ImageObject","inLanguage":"hr","@id":"https:\/\/radioljubuski.ba\/#\/schema\/logo\/image\/","url":"https:\/\/radioljubuski.ba\/wp-content\/uploads\/2021\/02\/cropped-Radio_Ljubuski_logo1.jpg","contentUrl":"https:\/\/radioljubuski.ba\/wp-content\/uploads\/2021\/02\/cropped-Radio_Ljubuski_logo1.jpg","width":512,"height":512,"caption":"Radio Ljubu\u0161ki"},"image":{"@id":"https:\/\/radioljubuski.ba\/#\/schema\/logo\/image\/"},"sameAs":["https:\/\/www.facebook.com\/Radiio-Ljubuski-1490835324566332","https:\/\/x.com\/radioljubuski","https:\/\/hr.linkedin.com\/company\/radio-ljubuski","https:\/\/www.youtube.com\/channel\/UCHYaeO_n0Db3tjNGudGpXyw"]},{"@type":"Person","@id":"https:\/\/radioljubuski.ba\/#\/schema\/person\/19fc700381a780f69665d7956c469e3b","name":"Radio Ljubu\u0161ki"}]}},"_links":{"self":[{"href":"https:\/\/radioljubuski.ba\/index.php\/wp-json\/wp\/v2\/posts\/44292","targetHints":{"allow":["GET"]}}],"collection":[{"href":"https:\/\/radioljubuski.ba\/index.php\/wp-json\/wp\/v2\/posts"}],"about":[{"href":"https:\/\/radioljubuski.ba\/index.php\/wp-json\/wp\/v2\/types\/post"}],"author":[{"embeddable":true,"href":"https:\/\/radioljubuski.ba\/index.php\/wp-json\/wp\/v2\/users\/2"}],"replies":[{"embeddable":true,"href":"https:\/\/radioljubuski.ba\/index.php\/wp-json\/wp\/v2\/comments?post=44292"}],"version-history":[{"count":1,"href":"https:\/\/radioljubuski.ba\/index.php\/wp-json\/wp\/v2\/posts\/44292\/revisions"}],"predecessor-version":[{"id":44294,"href":"https:\/\/radioljubuski.ba\/index.php\/wp-json\/wp\/v2\/posts\/44292\/revisions\/44294"}],"wp:featuredmedia":[{"embeddable":true,"href":"https:\/\/radioljubuski.ba\/index.php\/wp-json\/wp\/v2\/media\/44293"}],"wp:attachment":[{"href":"https:\/\/radioljubuski.ba\/index.php\/wp-json\/wp\/v2\/media?parent=44292"}],"wp:term":[{"taxonomy":"category","embeddable":true,"href":"https:\/\/radioljubuski.ba\/index.php\/wp-json\/wp\/v2\/categories?post=44292"},{"taxonomy":"post_tag","embeddable":true,"href":"https:\/\/radioljubuski.ba\/index.php\/wp-json\/wp\/v2\/tags?post=44292"}],"curies":[{"name":"wp","href":"https:\/\/api.w.org\/{rel}","templated":true}]}}