{"id":44295,"date":"2021-07-20T13:19:22","date_gmt":"2021-07-20T12:19:22","guid":{"rendered":"https:\/\/radioljubuski.ba\/?p=44295"},"modified":"2021-07-20T13:19:24","modified_gmt":"2021-07-20T12:19:24","slug":"njemacka-kao-da-je-bih-vlada-nije-reagirala-na-alarmne-signale-iako-je-za-njih-znala","status":"publish","type":"post","link":"https:\/\/radioljubuski.ba\/index.php\/2021\/07\/20\/njemacka-kao-da-je-bih-vlada-nije-reagirala-na-alarmne-signale-iako-je-za-njih-znala\/","title":{"rendered":"Njema\u010dka kao da je BiH: Vlada nije reagirala na alarmne signale iako je za njih znala"},"content":{"rendered":"\n<p>Prema iskazima stru\u010dnjaka zadu\u017eenih za upozoravanje na opasnost od ekstremnih padalina, vodenih bujica i poplava, njema\u010dka vlada nije reagirala na alarmne signale iako je za njih znala tri do \u010detiri dana prije katastrofe. <\/p>\n\n\n\n<p>Prvi je izvijestio britanski list Sunday Times: prve naznake katastrofe bile su vidljive ve\u0107 9. srpnja i to promatranjem preko satelita. Tijekom narednih nekoliko dana, kako pi\u0161e ovaj list, tim znanstvenika je poslao seriju prognoza koje su bile tako temeljne \u201eda se sada \u010ditaju kao mra\u010dna predskazanja&#8221;. <\/p>\n\n\n\n<p>Tu je stajalo da \u0107e Porajnje pogoditi \u201eekstremna poplava, posebno du\u017e rijeka Erft i Ahr, kao i u gradovima poput Hagena ili Altene&#8221;. Bez obzira na to \u0161to su u upozorenju vrlo precizno navo\u0111ene regije koje je 14. srpnja pogodila vodena stihija, mnoge od njenih \u017ertava su bile zate\u010dene razvojem doga\u0111aja, izjavila je za britanski list Hannah Cloke, profesorica hidrologije na britanskom univerzitetu Reading i jedna od osniva\u010da Europskog sustava za upozoravanje od poplava EFAS. <\/p>\n\n\n\n<p>To je ona nazvala \u201emonumentalnim propustom sustava&#8221;, dodav\u0161i: \u201e\u010cinjenica da ljudi nisu evakuirani ili da nisu dobili upozorenja, ukazuje da je ne\u0161to oti\u0161lo u sasvim krivom pravcu&#8221;. <\/p>\n\n\n\n<p><strong>I Njema\u010dka meteorolo\u0161ka slu\u017eba je pravovremeno upozorila nadle\u017ene <\/strong><\/p>\n\n\n\n<p>Hannah Cloke je i za njema\u010dki javni servis ZDF 18.7. rekla da su upozorenja s odgovaraju\u0107im podacima poslana na veliko podru\u010dje koje je bilo u opasnosti, ali \u201eda je taj lanac upozorenja negdje pukao i da ona nisu stigla do ljudi&#8221;. <\/p>\n\n\n\n<p>I ministarstvo unutarnjih poslova savezne zemlje Sjeverne Rajne-Vestfalije je u me\u0111uvremenu priznalo da poplave nisu bile iznena\u0111enje. Njema\u010dki tabloid Bild pi\u0161e da su se zvani\u010dna upozorenja na ekstremno nevrijeme konkretizirala u ponedjeljak, 12. srpnja, te da je zbog toga bilo poja\u010dano promatranje s ciljem da se prepozna ho\u0107e li nekom okrugu ili gradu biti potrebna pomo\u0107 izvana. Ali ono nije imalo rezultata. <\/p>\n\n\n\n<p>Oglasila se i Njema\u010dka meteorolo\u0161ka slu\u017eba DWD. Njen glasnogovornik Andreas Friedrich je za Bild izjavio da je ta slu\u017eba tri dana prije katastrofe upozorila sva nadle\u017ena mjesta na veliku opasnost. <\/p>\n\n\n\n<p>\u201eOvaj put su na\u0161a upozorenja bila to\u010dna \u2013 to nije uvijek slu\u010daj. Sada su na\u0161i ra\u010dunari pravovremeno pokazali da \u0107e do\u0107i do ekstremnih padavina. \u201eNa\u0161i modeli su nas naveli da upozorimo na opasnost od ekstremnog nevremena \u2013 tri dana ranije! To upozorenje je poslano svim centrima za procjenu stanja i slu\u017ebama za za\u0161titu od katastrofa pogo\u0111enih saveznih pokrajina.&#8221; <\/p>\n\n\n\n<p><strong>Tko je kriv? <\/strong><\/p>\n\n\n\n<p>Friedrich je naglasio da njegova slu\u017eba upozorenja na ekstremno nevrijeme izdaje veoma rijetko \u2013 jednom ili dvaput godi\u0161nje. Po njegovim rije\u010dima, u takvim prilikama bi mediji trebalo da hitno prenesu to upozorenje javnosti, na primjer, ono bi na televiziji ili radiju trebalo ponavljati svakih sat vremena ili \u010de\u0161\u0107e. Jedna od mjera bi bila i uklju\u010divanje sirena za slu\u010daj opasnosti. <\/p>\n\n\n\n<p>Ni\u0161ta od toga se nije dogodilo. Ni Hannah Cloke ni Andreas Friedrich nisu optu\u017eivali neke konkretne instance koje su zakazale, smatraju\u0107i da to nije njihov posao. Zato je o\u0161tro reagirala parlamentarna opozicija. Tako Stranka slobodnih demokrata FDP (Liberali) smatra da najve\u0107u krivicu snosi savezni ministar unutarnjih poslova Horst Seehofer (CSU). Potpredsjednik zastupni\u010dkog kluba Liberala u Bundestagu, Michael Theurer je rekao da je ovo \u201eslika velikog nedostatka u sistemu, za koji ministar unutarnjih poslova Seehofer neposredno snosi osobnu odgovornost.&#8221; <\/p>\n\n\n\n<p>Stranka Ljevice je ve\u0107 zatra\u017eila Seehoferovu ostavku. \u0160efica stranke Susanne Hennig-Wellsow je rekla da vlada ili nije ozbiljno shvatila upozorenje, ili ga nije uz dovoljan pritisak prenijela na nadle\u017ene organe vlasti, prenosi DW. <\/p>\n\n\n\n<p><strong>Izvor: Bljesak.info<\/strong><\/p>\n","protected":false},"excerpt":{"rendered":"<p>Prema iskazima stru\u010dnjaka zadu\u017eenih za upozoravanje na opasnost od ekstremnih padalina, vodenih bujica i poplava, njema\u010dka vlada nije reagirala na alarmne signale iako je za njih znala tri do \u010detiri dana prije katastrofe. Prvi je izvijestio britanski list Sunday Times: prve naznake katastrofe bile su vidljive ve\u0107 9. srpnja i to promatranjem preko satelita. Tijekom [&hellip;]<\/p>\n","protected":false},"author":2,"featured_media":43254,"comment_status":"closed","ping_status":"closed","sticky":false,"template":"","format":"standard","meta":{"h5ap_radio_sources":[],"footnotes":""},"categories":[1],"tags":[],"class_list":["post-44295","post","type-post","status-publish","format-standard","has-post-thumbnail","hentry","category-bihiregija"],"yoast_head":"<!-- This site is optimized with the Yoast SEO plugin v27.5 - https:\/\/yoast.com\/product\/yoast-seo-wordpress\/ -->\n<title>Njema\u010dka kao da je BiH: Vlada nije reagirala na alarmne signale iako je za njih znala - RADIO LJUBU\u0160KI<\/title>\n<meta name=\"robots\" content=\"index, follow, max-snippet:-1, max-image-preview:large, max-video-preview:-1\" \/>\n<link rel=\"canonical\" href=\"https:\/\/radioljubuski.ba\/index.php\/2021\/07\/20\/njemacka-kao-da-je-bih-vlada-nije-reagirala-na-alarmne-signale-iako-je-za-njih-znala\/\" \/>\n<meta property=\"og:locale\" content=\"hr_HR\" \/>\n<meta property=\"og:type\" content=\"article\" \/>\n<meta property=\"og:title\" content=\"Njema\u010dka kao da je BiH: Vlada nije reagirala na alarmne signale iako je za njih znala - RADIO LJUBU\u0160KI\" \/>\n<meta property=\"og:description\" content=\"Prema iskazima stru\u010dnjaka zadu\u017eenih za upozoravanje na opasnost od ekstremnih padalina, vodenih bujica i poplava, njema\u010dka vlada nije reagirala na alarmne signale iako je za njih znala tri do \u010detiri dana prije katastrofe. Prvi je izvijestio britanski list Sunday Times: prve naznake katastrofe bile su vidljive ve\u0107 9. srpnja i to promatranjem preko satelita. Tijekom [&hellip;]\" \/>\n<meta property=\"og:url\" content=\"https:\/\/radioljubuski.ba\/index.php\/2021\/07\/20\/njemacka-kao-da-je-bih-vlada-nije-reagirala-na-alarmne-signale-iako-je-za-njih-znala\/\" \/>\n<meta property=\"og:site_name\" content=\"RADIO LJUBU\u0160KI\" \/>\n<meta property=\"article:publisher\" content=\"https:\/\/www.facebook.com\/Radiio-Ljubuski-1490835324566332\" \/>\n<meta property=\"article:published_time\" content=\"2021-07-20T12:19:22+00:00\" \/>\n<meta property=\"article:modified_time\" content=\"2021-07-20T12:19:24+00:00\" \/>\n<meta property=\"og:image\" content=\"https:\/\/radioljubuski.ba\/wp-content\/uploads\/2021\/07\/8-2021-07-16-08-52-25-njemacka-katastrofa.jpg\" \/>\n\t<meta property=\"og:image:width\" content=\"1000\" \/>\n\t<meta property=\"og:image:height\" content=\"625\" \/>\n\t<meta property=\"og:image:type\" content=\"image\/jpeg\" \/>\n<meta name=\"author\" content=\"Radio Ljubu\u0161ki\" \/>\n<meta name=\"twitter:card\" content=\"summary_large_image\" \/>\n<meta name=\"twitter:creator\" content=\"@radioljubuski\" \/>\n<meta name=\"twitter:site\" content=\"@radioljubuski\" \/>\n<meta name=\"twitter:label1\" content=\"Napisao\/la\" \/>\n\t<meta name=\"twitter:data1\" content=\"Radio Ljubu\u0161ki\" \/>\n\t<meta name=\"twitter:label2\" content=\"Procijenjeno vrijeme \u010ditanja\" \/>\n\t<meta name=\"twitter:data2\" content=\"3 minute\" \/>\n<script type=\"application\/ld+json\" class=\"yoast-schema-graph\">{\"@context\":\"https:\\\/\\\/schema.org\",\"@graph\":[{\"@type\":\"Article\",\"@id\":\"https:\\\/\\\/radioljubuski.ba\\\/index.php\\\/2021\\\/07\\\/20\\\/njemacka-kao-da-je-bih-vlada-nije-reagirala-na-alarmne-signale-iako-je-za-njih-znala\\\/#article\",\"isPartOf\":{\"@id\":\"https:\\\/\\\/radioljubuski.ba\\\/index.php\\\/2021\\\/07\\\/20\\\/njemacka-kao-da-je-bih-vlada-nije-reagirala-na-alarmne-signale-iako-je-za-njih-znala\\\/\"},\"author\":{\"name\":\"Radio Ljubu\u0161ki\",\"@id\":\"https:\\\/\\\/radioljubuski.ba\\\/#\\\/schema\\\/person\\\/19fc700381a780f69665d7956c469e3b\"},\"headline\":\"Njema\u010dka kao da je BiH: Vlada nije reagirala na alarmne signale iako je za njih znala\",\"datePublished\":\"2021-07-20T12:19:22+00:00\",\"dateModified\":\"2021-07-20T12:19:24+00:00\",\"mainEntityOfPage\":{\"@id\":\"https:\\\/\\\/radioljubuski.ba\\\/index.php\\\/2021\\\/07\\\/20\\\/njemacka-kao-da-je-bih-vlada-nije-reagirala-na-alarmne-signale-iako-je-za-njih-znala\\\/\"},\"wordCount\":622,\"publisher\":{\"@id\":\"https:\\\/\\\/radioljubuski.ba\\\/#organization\"},\"image\":{\"@id\":\"https:\\\/\\\/radioljubuski.ba\\\/index.php\\\/2021\\\/07\\\/20\\\/njemacka-kao-da-je-bih-vlada-nije-reagirala-na-alarmne-signale-iako-je-za-njih-znala\\\/#primaryimage\"},\"thumbnailUrl\":\"https:\\\/\\\/radioljubuski.ba\\\/wp-content\\\/uploads\\\/2021\\\/07\\\/8-2021-07-16-08-52-25-njemacka-katastrofa.jpg\",\"articleSection\":[\"BIH i regija\"],\"inLanguage\":\"hr\"},{\"@type\":\"WebPage\",\"@id\":\"https:\\\/\\\/radioljubuski.ba\\\/index.php\\\/2021\\\/07\\\/20\\\/njemacka-kao-da-je-bih-vlada-nije-reagirala-na-alarmne-signale-iako-je-za-njih-znala\\\/\",\"url\":\"https:\\\/\\\/radioljubuski.ba\\\/index.php\\\/2021\\\/07\\\/20\\\/njemacka-kao-da-je-bih-vlada-nije-reagirala-na-alarmne-signale-iako-je-za-njih-znala\\\/\",\"name\":\"Njema\u010dka kao da je BiH: Vlada nije reagirala na alarmne signale iako je za njih znala - RADIO LJUBU\u0160KI\",\"isPartOf\":{\"@id\":\"https:\\\/\\\/radioljubuski.ba\\\/#website\"},\"primaryImageOfPage\":{\"@id\":\"https:\\\/\\\/radioljubuski.ba\\\/index.php\\\/2021\\\/07\\\/20\\\/njemacka-kao-da-je-bih-vlada-nije-reagirala-na-alarmne-signale-iako-je-za-njih-znala\\\/#primaryimage\"},\"image\":{\"@id\":\"https:\\\/\\\/radioljubuski.ba\\\/index.php\\\/2021\\\/07\\\/20\\\/njemacka-kao-da-je-bih-vlada-nije-reagirala-na-alarmne-signale-iako-je-za-njih-znala\\\/#primaryimage\"},\"thumbnailUrl\":\"https:\\\/\\\/radioljubuski.ba\\\/wp-content\\\/uploads\\\/2021\\\/07\\\/8-2021-07-16-08-52-25-njemacka-katastrofa.jpg\",\"datePublished\":\"2021-07-20T12:19:22+00:00\",\"dateModified\":\"2021-07-20T12:19:24+00:00\",\"breadcrumb\":{\"@id\":\"https:\\\/\\\/radioljubuski.ba\\\/index.php\\\/2021\\\/07\\\/20\\\/njemacka-kao-da-je-bih-vlada-nije-reagirala-na-alarmne-signale-iako-je-za-njih-znala\\\/#breadcrumb\"},\"inLanguage\":\"hr\",\"potentialAction\":[{\"@type\":\"ReadAction\",\"target\":[\"https:\\\/\\\/radioljubuski.ba\\\/index.php\\\/2021\\\/07\\\/20\\\/njemacka-kao-da-je-bih-vlada-nije-reagirala-na-alarmne-signale-iako-je-za-njih-znala\\\/\"]}]},{\"@type\":\"ImageObject\",\"inLanguage\":\"hr\",\"@id\":\"https:\\\/\\\/radioljubuski.ba\\\/index.php\\\/2021\\\/07\\\/20\\\/njemacka-kao-da-je-bih-vlada-nije-reagirala-na-alarmne-signale-iako-je-za-njih-znala\\\/#primaryimage\",\"url\":\"https:\\\/\\\/radioljubuski.ba\\\/wp-content\\\/uploads\\\/2021\\\/07\\\/8-2021-07-16-08-52-25-njemacka-katastrofa.jpg\",\"contentUrl\":\"https:\\\/\\\/radioljubuski.ba\\\/wp-content\\\/uploads\\\/2021\\\/07\\\/8-2021-07-16-08-52-25-njemacka-katastrofa.jpg\",\"width\":1000,\"height\":625},{\"@type\":\"BreadcrumbList\",\"@id\":\"https:\\\/\\\/radioljubuski.ba\\\/index.php\\\/2021\\\/07\\\/20\\\/njemacka-kao-da-je-bih-vlada-nije-reagirala-na-alarmne-signale-iako-je-za-njih-znala\\\/#breadcrumb\",\"itemListElement\":[{\"@type\":\"ListItem\",\"position\":1,\"name\":\"Po\u010detna stranica\",\"item\":\"https:\\\/\\\/radioljubuski.ba\\\/\"},{\"@type\":\"ListItem\",\"position\":2,\"name\":\"Njema\u010dka kao da je BiH: Vlada nije reagirala na alarmne signale iako je za njih znala\"}]},{\"@type\":\"WebSite\",\"@id\":\"https:\\\/\\\/radioljubuski.ba\\\/#website\",\"url\":\"https:\\\/\\\/radioljubuski.ba\\\/\",\"name\":\"Radio Ljubu\u0161ki\",\"description\":\"Sun\u010dana frekvencija Hercegovine\",\"publisher\":{\"@id\":\"https:\\\/\\\/radioljubuski.ba\\\/#organization\"},\"potentialAction\":[{\"@type\":\"SearchAction\",\"target\":{\"@type\":\"EntryPoint\",\"urlTemplate\":\"https:\\\/\\\/radioljubuski.ba\\\/?s={search_term_string}\"},\"query-input\":{\"@type\":\"PropertyValueSpecification\",\"valueRequired\":true,\"valueName\":\"search_term_string\"}}],\"inLanguage\":\"hr\"},{\"@type\":\"Organization\",\"@id\":\"https:\\\/\\\/radioljubuski.ba\\\/#organization\",\"name\":\"Radio Ljubu\u0161ki\",\"url\":\"https:\\\/\\\/radioljubuski.ba\\\/\",\"logo\":{\"@type\":\"ImageObject\",\"inLanguage\":\"hr\",\"@id\":\"https:\\\/\\\/radioljubuski.ba\\\/#\\\/schema\\\/logo\\\/image\\\/\",\"url\":\"https:\\\/\\\/radioljubuski.ba\\\/wp-content\\\/uploads\\\/2021\\\/02\\\/cropped-Radio_Ljubuski_logo1.jpg\",\"contentUrl\":\"https:\\\/\\\/radioljubuski.ba\\\/wp-content\\\/uploads\\\/2021\\\/02\\\/cropped-Radio_Ljubuski_logo1.jpg\",\"width\":512,\"height\":512,\"caption\":\"Radio Ljubu\u0161ki\"},\"image\":{\"@id\":\"https:\\\/\\\/radioljubuski.ba\\\/#\\\/schema\\\/logo\\\/image\\\/\"},\"sameAs\":[\"https:\\\/\\\/www.facebook.com\\\/Radiio-Ljubuski-1490835324566332\",\"https:\\\/\\\/x.com\\\/radioljubuski\",\"https:\\\/\\\/hr.linkedin.com\\\/company\\\/radio-ljubuski\",\"https:\\\/\\\/www.youtube.com\\\/channel\\\/UCHYaeO_n0Db3tjNGudGpXyw\"]},{\"@type\":\"Person\",\"@id\":\"https:\\\/\\\/radioljubuski.ba\\\/#\\\/schema\\\/person\\\/19fc700381a780f69665d7956c469e3b\",\"name\":\"Radio Ljubu\u0161ki\"}]}<\/script>\n<!-- \/ Yoast SEO plugin. -->","yoast_head_json":{"title":"Njema\u010dka kao da je BiH: Vlada nije reagirala na alarmne signale iako je za njih znala - RADIO LJUBU\u0160KI","robots":{"index":"index","follow":"follow","max-snippet":"max-snippet:-1","max-image-preview":"max-image-preview:large","max-video-preview":"max-video-preview:-1"},"canonical":"https:\/\/radioljubuski.ba\/index.php\/2021\/07\/20\/njemacka-kao-da-je-bih-vlada-nije-reagirala-na-alarmne-signale-iako-je-za-njih-znala\/","og_locale":"hr_HR","og_type":"article","og_title":"Njema\u010dka kao da je BiH: Vlada nije reagirala na alarmne signale iako je za njih znala - RADIO LJUBU\u0160KI","og_description":"Prema iskazima stru\u010dnjaka zadu\u017eenih za upozoravanje na opasnost od ekstremnih padalina, vodenih bujica i poplava, njema\u010dka vlada nije reagirala na alarmne signale iako je za njih znala tri do \u010detiri dana prije katastrofe. Prvi je izvijestio britanski list Sunday Times: prve naznake katastrofe bile su vidljive ve\u0107 9. srpnja i to promatranjem preko satelita. Tijekom [&hellip;]","og_url":"https:\/\/radioljubuski.ba\/index.php\/2021\/07\/20\/njemacka-kao-da-je-bih-vlada-nije-reagirala-na-alarmne-signale-iako-je-za-njih-znala\/","og_site_name":"RADIO LJUBU\u0160KI","article_publisher":"https:\/\/www.facebook.com\/Radiio-Ljubuski-1490835324566332","article_published_time":"2021-07-20T12:19:22+00:00","article_modified_time":"2021-07-20T12:19:24+00:00","og_image":[{"width":1000,"height":625,"url":"https:\/\/radioljubuski.ba\/wp-content\/uploads\/2021\/07\/8-2021-07-16-08-52-25-njemacka-katastrofa.jpg","type":"image\/jpeg"}],"author":"Radio Ljubu\u0161ki","twitter_card":"summary_large_image","twitter_creator":"@radioljubuski","twitter_site":"@radioljubuski","twitter_misc":{"Napisao\/la":"Radio Ljubu\u0161ki","Procijenjeno vrijeme \u010ditanja":"3 minute"},"schema":{"@context":"https:\/\/schema.org","@graph":[{"@type":"Article","@id":"https:\/\/radioljubuski.ba\/index.php\/2021\/07\/20\/njemacka-kao-da-je-bih-vlada-nije-reagirala-na-alarmne-signale-iako-je-za-njih-znala\/#article","isPartOf":{"@id":"https:\/\/radioljubuski.ba\/index.php\/2021\/07\/20\/njemacka-kao-da-je-bih-vlada-nije-reagirala-na-alarmne-signale-iako-je-za-njih-znala\/"},"author":{"name":"Radio Ljubu\u0161ki","@id":"https:\/\/radioljubuski.ba\/#\/schema\/person\/19fc700381a780f69665d7956c469e3b"},"headline":"Njema\u010dka kao da je BiH: Vlada nije reagirala na alarmne signale iako je za njih znala","datePublished":"2021-07-20T12:19:22+00:00","dateModified":"2021-07-20T12:19:24+00:00","mainEntityOfPage":{"@id":"https:\/\/radioljubuski.ba\/index.php\/2021\/07\/20\/njemacka-kao-da-je-bih-vlada-nije-reagirala-na-alarmne-signale-iako-je-za-njih-znala\/"},"wordCount":622,"publisher":{"@id":"https:\/\/radioljubuski.ba\/#organization"},"image":{"@id":"https:\/\/radioljubuski.ba\/index.php\/2021\/07\/20\/njemacka-kao-da-je-bih-vlada-nije-reagirala-na-alarmne-signale-iako-je-za-njih-znala\/#primaryimage"},"thumbnailUrl":"https:\/\/radioljubuski.ba\/wp-content\/uploads\/2021\/07\/8-2021-07-16-08-52-25-njemacka-katastrofa.jpg","articleSection":["BIH i regija"],"inLanguage":"hr"},{"@type":"WebPage","@id":"https:\/\/radioljubuski.ba\/index.php\/2021\/07\/20\/njemacka-kao-da-je-bih-vlada-nije-reagirala-na-alarmne-signale-iako-je-za-njih-znala\/","url":"https:\/\/radioljubuski.ba\/index.php\/2021\/07\/20\/njemacka-kao-da-je-bih-vlada-nije-reagirala-na-alarmne-signale-iako-je-za-njih-znala\/","name":"Njema\u010dka kao da je BiH: Vlada nije reagirala na alarmne signale iako je za njih znala - RADIO LJUBU\u0160KI","isPartOf":{"@id":"https:\/\/radioljubuski.ba\/#website"},"primaryImageOfPage":{"@id":"https:\/\/radioljubuski.ba\/index.php\/2021\/07\/20\/njemacka-kao-da-je-bih-vlada-nije-reagirala-na-alarmne-signale-iako-je-za-njih-znala\/#primaryimage"},"image":{"@id":"https:\/\/radioljubuski.ba\/index.php\/2021\/07\/20\/njemacka-kao-da-je-bih-vlada-nije-reagirala-na-alarmne-signale-iako-je-za-njih-znala\/#primaryimage"},"thumbnailUrl":"https:\/\/radioljubuski.ba\/wp-content\/uploads\/2021\/07\/8-2021-07-16-08-52-25-njemacka-katastrofa.jpg","datePublished":"2021-07-20T12:19:22+00:00","dateModified":"2021-07-20T12:19:24+00:00","breadcrumb":{"@id":"https:\/\/radioljubuski.ba\/index.php\/2021\/07\/20\/njemacka-kao-da-je-bih-vlada-nije-reagirala-na-alarmne-signale-iako-je-za-njih-znala\/#breadcrumb"},"inLanguage":"hr","potentialAction":[{"@type":"ReadAction","target":["https:\/\/radioljubuski.ba\/index.php\/2021\/07\/20\/njemacka-kao-da-je-bih-vlada-nije-reagirala-na-alarmne-signale-iako-je-za-njih-znala\/"]}]},{"@type":"ImageObject","inLanguage":"hr","@id":"https:\/\/radioljubuski.ba\/index.php\/2021\/07\/20\/njemacka-kao-da-je-bih-vlada-nije-reagirala-na-alarmne-signale-iako-je-za-njih-znala\/#primaryimage","url":"https:\/\/radioljubuski.ba\/wp-content\/uploads\/2021\/07\/8-2021-07-16-08-52-25-njemacka-katastrofa.jpg","contentUrl":"https:\/\/radioljubuski.ba\/wp-content\/uploads\/2021\/07\/8-2021-07-16-08-52-25-njemacka-katastrofa.jpg","width":1000,"height":625},{"@type":"BreadcrumbList","@id":"https:\/\/radioljubuski.ba\/index.php\/2021\/07\/20\/njemacka-kao-da-je-bih-vlada-nije-reagirala-na-alarmne-signale-iako-je-za-njih-znala\/#breadcrumb","itemListElement":[{"@type":"ListItem","position":1,"name":"Po\u010detna stranica","item":"https:\/\/radioljubuski.ba\/"},{"@type":"ListItem","position":2,"name":"Njema\u010dka kao da je BiH: Vlada nije reagirala na alarmne signale iako je za njih znala"}]},{"@type":"WebSite","@id":"https:\/\/radioljubuski.ba\/#website","url":"https:\/\/radioljubuski.ba\/","name":"Radio Ljubu\u0161ki","description":"Sun\u010dana frekvencija Hercegovine","publisher":{"@id":"https:\/\/radioljubuski.ba\/#organization"},"potentialAction":[{"@type":"SearchAction","target":{"@type":"EntryPoint","urlTemplate":"https:\/\/radioljubuski.ba\/?s={search_term_string}"},"query-input":{"@type":"PropertyValueSpecification","valueRequired":true,"valueName":"search_term_string"}}],"inLanguage":"hr"},{"@type":"Organization","@id":"https:\/\/radioljubuski.ba\/#organization","name":"Radio Ljubu\u0161ki","url":"https:\/\/radioljubuski.ba\/","logo":{"@type":"ImageObject","inLanguage":"hr","@id":"https:\/\/radioljubuski.ba\/#\/schema\/logo\/image\/","url":"https:\/\/radioljubuski.ba\/wp-content\/uploads\/2021\/02\/cropped-Radio_Ljubuski_logo1.jpg","contentUrl":"https:\/\/radioljubuski.ba\/wp-content\/uploads\/2021\/02\/cropped-Radio_Ljubuski_logo1.jpg","width":512,"height":512,"caption":"Radio Ljubu\u0161ki"},"image":{"@id":"https:\/\/radioljubuski.ba\/#\/schema\/logo\/image\/"},"sameAs":["https:\/\/www.facebook.com\/Radiio-Ljubuski-1490835324566332","https:\/\/x.com\/radioljubuski","https:\/\/hr.linkedin.com\/company\/radio-ljubuski","https:\/\/www.youtube.com\/channel\/UCHYaeO_n0Db3tjNGudGpXyw"]},{"@type":"Person","@id":"https:\/\/radioljubuski.ba\/#\/schema\/person\/19fc700381a780f69665d7956c469e3b","name":"Radio Ljubu\u0161ki"}]}},"_links":{"self":[{"href":"https:\/\/radioljubuski.ba\/index.php\/wp-json\/wp\/v2\/posts\/44295","targetHints":{"allow":["GET"]}}],"collection":[{"href":"https:\/\/radioljubuski.ba\/index.php\/wp-json\/wp\/v2\/posts"}],"about":[{"href":"https:\/\/radioljubuski.ba\/index.php\/wp-json\/wp\/v2\/types\/post"}],"author":[{"embeddable":true,"href":"https:\/\/radioljubuski.ba\/index.php\/wp-json\/wp\/v2\/users\/2"}],"replies":[{"embeddable":true,"href":"https:\/\/radioljubuski.ba\/index.php\/wp-json\/wp\/v2\/comments?post=44295"}],"version-history":[{"count":1,"href":"https:\/\/radioljubuski.ba\/index.php\/wp-json\/wp\/v2\/posts\/44295\/revisions"}],"predecessor-version":[{"id":44299,"href":"https:\/\/radioljubuski.ba\/index.php\/wp-json\/wp\/v2\/posts\/44295\/revisions\/44299"}],"wp:featuredmedia":[{"embeddable":true,"href":"https:\/\/radioljubuski.ba\/index.php\/wp-json\/wp\/v2\/media\/43254"}],"wp:attachment":[{"href":"https:\/\/radioljubuski.ba\/index.php\/wp-json\/wp\/v2\/media?parent=44295"}],"wp:term":[{"taxonomy":"category","embeddable":true,"href":"https:\/\/radioljubuski.ba\/index.php\/wp-json\/wp\/v2\/categories?post=44295"},{"taxonomy":"post_tag","embeddable":true,"href":"https:\/\/radioljubuski.ba\/index.php\/wp-json\/wp\/v2\/tags?post=44295"}],"curies":[{"name":"wp","href":"https:\/\/api.w.org\/{rel}","templated":true}]}}