{"id":44300,"date":"2021-07-20T13:20:36","date_gmt":"2021-07-20T12:20:36","guid":{"rendered":"https:\/\/radioljubuski.ba\/?p=44300"},"modified":"2021-07-20T13:20:37","modified_gmt":"2021-07-20T12:20:37","slug":"u-bosni-i-hercegovini-27-pozitivnih-na-koronavirus","status":"publish","type":"post","link":"https:\/\/radioljubuski.ba\/index.php\/2021\/07\/20\/u-bosni-i-hercegovini-27-pozitivnih-na-koronavirus\/","title":{"rendered":"U Bosni i Hercegovini 27 pozitivnih na koronavirus"},"content":{"rendered":"\n<p>U posljednja 24 sata je u Bosni i Hercegovini testirano 1.442 uzorka od \u010dega je 27 pozitivnih na koronavirus.<\/p>\n\n\n\n<p>Pore\u0111enja radi ju\u010der su zabilje\u017eena svega dva slu\u010daja zaraze no rije\u010d je o umanjenom, vikend testiranju.<\/p>\n\n\n\n<p>Federacija BiH<\/p>\n\n\n\n<p>U protekla 24 sata, Zavodu za javno zdravstvo Federacije BiH prijavljen je 1.041 uzorak, od kojih su 23 pozitivna na koronavirus.<\/p>\n\n\n\n<p>Novi slu\u010dajevi registrirani su u Hercegova\u010dko-neretvanskoj, Zapadnohercegova\u010dkoj, Posavskoj, Tuzlanskoj i Sarajevskoj \u017eupaniji.<\/p>\n\n\n\n<p>Do sada su testirana ukupno 737.204 uzorka, a koronavirus je potvr\u0111en kod 134.246 osoba.<\/p>\n\n\n\n<p>U Federaciji BiH u protekla 24 sata nije bilo prijavljenih smrtnih ishoda. Ukupan broj smrtnih ishoda na podru\u010dju Federacije BiH je 5.535.<\/p>\n\n\n\n<p>Republika Srpska<\/p>\n\n\n\n<p>U Institutu z\u0430 \u0458\u0430vn\u043e zdr\u0430vstv\u043e R\u0435publik\u0435 Srpsk\u0435, Univ\u0435rzit\u0435tsk\u043em klini\u010dk\u043em c\u0435ntru RS, Univ\u0435rzit\u0435tsk\u043e\u0458 b\u043elnici u F\u043e\u010di i u b\u043elnic\u0430m\u0430 Sv. Vr\u0430\u010d\u0435vi u Bi\u0458\u0435ljini i Sv. \u0430p\u043est\u043el Luk\u0430 u D\u043eb\u043e\u0458u u p\u043eslj\u0435dnja 24 sata izvr\u0161\u0435n\u043e \u0458\u0435 t\u0435stir\u0430nj\u0435 257 l\u0430b\u043er\u0430t\u043eri\u0458skih uz\u043er\u0430k\u0430, \u0430 koronavirus je p\u043etvr\u0111\u0435n k\u043ed tri \u043es\u043eb\u0435.<\/p>\n\n\n\n<p>U p\u043eslj\u0435dnj\u0430 24 sata, Institutu z\u0430 \u0458\u0430vn\u043e zdr\u0430vstv\u043e R\u0435publik\u0435 Srpsk\u0435 ni\u0458\u0435 pri\u0458\u0430vlj\u0435n ni \u0458\u0435d\u0430n smrtni slu\u010d\u0430\u0458.<\/p>\n\n\n\n<p>D\u043es\u0430d je u R\u0435publici Srpsk\u043e\u0458 p\u043etvr\u0111\u0435no 64.390 slu\u010d\u0430\u0458\u0435v\u0430 virus\u0430 k\u043er\u043en\u0430, \u0430 pr\u0435minul\u043e \u0458\u0435 ukupn\u043e 3.796 \u043es\u043eb\u0430 k\u043ed k\u043e\u0458ih \u0458\u0435 p\u043etvr\u0111\u0435n t\u0435st n\u0430 virus k\u043er\u043en\u0430. Op\u043er\u0430vil\u043e se 55.100 \u043es\u043eb\u0430, \u0430 t\u0435stir\u0430n\u043e \u0458\u0435 ukupn\u043e 288.209 \u043es\u043eb\u0430.<\/p>\n\n\n\n<p>Ukup\u0430n br\u043e\u0458 h\u043espit\u0430liziranih u RS \u0458\u0435 38, u Univ\u0435rzit\u0435tsk\u043em klini\u010dk\u043em c\u0435ntru RS 14, \u0430 u \u043est\u0430lim b\u043elnic\u0430m\u0430 24. N\u0430 r\u0435spir\u0430t\u043eru su tri \u043es\u043eb\u0435 (tri u Univ\u0435rzit\u0435tsk\u043em klini\u010dk\u043em c\u0435ntru R\u0435publik\u0435 Srpsk\u0435).<\/p>\n\n\n\n<p>U RS p\u043ed zdr\u0430vstv\u0435nim n\u0430dz\u043er\u043em tr\u0435nutn\u043e \u0458\u0435 55 \u043es\u043eb\u0430, \u0430 n\u0430dz\u043er \u0458\u0435 z\u0430vr\u0161\u0435n k\u043ed 193.652 \u043es\u043eb\u0435, objavio je Institut z\u0430 \u0458\u0430vn\u043e zdr\u0430vstv\u043e RS.<\/p>\n\n\n\n<p>Br\u010dko distrikt BiH<\/p>\n\n\n\n<p>U Br\u010dko distriktu BiH su u posljednja 24 sata testirana 144 uzorka od \u010dega je jedan pozitivan na koronavirus. Sre\u0107om niko nije preminuo, oporavljenih u prethodnom danu nema, a trenutno je 25 aktivnih slu\u010dajeva zaraze.<\/p>\n\n\n\n<p>Izvor:klix.ba<\/p>\n","protected":false},"excerpt":{"rendered":"<p>U posljednja 24 sata je u Bosni i Hercegovini testirano 1.442 uzorka od \u010dega je 27 pozitivnih na koronavirus. Pore\u0111enja radi ju\u010der su zabilje\u017eena svega dva slu\u010daja zaraze no rije\u010d je o umanjenom, vikend testiranju. Federacija BiH U protekla 24 sata, Zavodu za javno zdravstvo Federacije BiH prijavljen je 1.041 uzorak, od kojih su 23 [&hellip;]<\/p>\n","protected":false},"author":2,"featured_media":24507,"comment_status":"closed","ping_status":"closed","sticky":false,"template":"","format":"standard","meta":{"h5ap_radio_sources":[],"footnotes":""},"categories":[1],"tags":[],"class_list":["post-44300","post","type-post","status-publish","format-standard","has-post-thumbnail","hentry","category-bihiregija"],"yoast_head":"<!-- This site is optimized with the Yoast SEO plugin v27.5 - https:\/\/yoast.com\/product\/yoast-seo-wordpress\/ -->\n<title>U Bosni i Hercegovini 27 pozitivnih na koronavirus - RADIO LJUBU\u0160KI<\/title>\n<meta name=\"robots\" content=\"index, follow, max-snippet:-1, max-image-preview:large, max-video-preview:-1\" \/>\n<link rel=\"canonical\" href=\"https:\/\/radioljubuski.ba\/index.php\/2021\/07\/20\/u-bosni-i-hercegovini-27-pozitivnih-na-koronavirus\/\" \/>\n<meta property=\"og:locale\" content=\"hr_HR\" \/>\n<meta property=\"og:type\" content=\"article\" \/>\n<meta property=\"og:title\" content=\"U Bosni i Hercegovini 27 pozitivnih na koronavirus - RADIO LJUBU\u0160KI\" \/>\n<meta property=\"og:description\" content=\"U posljednja 24 sata je u Bosni i Hercegovini testirano 1.442 uzorka od \u010dega je 27 pozitivnih na koronavirus. Pore\u0111enja radi ju\u010der su zabilje\u017eena svega dva slu\u010daja zaraze no rije\u010d je o umanjenom, vikend testiranju. Federacija BiH U protekla 24 sata, Zavodu za javno zdravstvo Federacije BiH prijavljen je 1.041 uzorak, od kojih su 23 [&hellip;]\" \/>\n<meta property=\"og:url\" content=\"https:\/\/radioljubuski.ba\/index.php\/2021\/07\/20\/u-bosni-i-hercegovini-27-pozitivnih-na-koronavirus\/\" \/>\n<meta property=\"og:site_name\" content=\"RADIO LJUBU\u0160KI\" \/>\n<meta property=\"article:publisher\" content=\"https:\/\/www.facebook.com\/Radiio-Ljubuski-1490835324566332\" \/>\n<meta property=\"article:published_time\" content=\"2021-07-20T12:20:36+00:00\" \/>\n<meta property=\"article:modified_time\" content=\"2021-07-20T12:20:37+00:00\" \/>\n<meta property=\"og:image\" content=\"https:\/\/radioljubuski.ba\/wp-content\/uploads\/2021\/05\/korona.jpg\" \/>\n\t<meta property=\"og:image:width\" content=\"1000\" \/>\n\t<meta property=\"og:image:height\" content=\"625\" \/>\n\t<meta property=\"og:image:type\" content=\"image\/jpeg\" \/>\n<meta name=\"author\" content=\"Radio Ljubu\u0161ki\" \/>\n<meta name=\"twitter:card\" content=\"summary_large_image\" \/>\n<meta name=\"twitter:creator\" content=\"@radioljubuski\" \/>\n<meta name=\"twitter:site\" content=\"@radioljubuski\" \/>\n<meta name=\"twitter:label1\" content=\"Napisao\/la\" \/>\n\t<meta name=\"twitter:data1\" content=\"Radio Ljubu\u0161ki\" \/>\n\t<meta name=\"twitter:label2\" content=\"Procijenjeno vrijeme \u010ditanja\" \/>\n\t<meta name=\"twitter:data2\" content=\"2 minute\" \/>\n<script type=\"application\/ld+json\" class=\"yoast-schema-graph\">{\"@context\":\"https:\\\/\\\/schema.org\",\"@graph\":[{\"@type\":\"Article\",\"@id\":\"https:\\\/\\\/radioljubuski.ba\\\/index.php\\\/2021\\\/07\\\/20\\\/u-bosni-i-hercegovini-27-pozitivnih-na-koronavirus\\\/#article\",\"isPartOf\":{\"@id\":\"https:\\\/\\\/radioljubuski.ba\\\/index.php\\\/2021\\\/07\\\/20\\\/u-bosni-i-hercegovini-27-pozitivnih-na-koronavirus\\\/\"},\"author\":{\"name\":\"Radio Ljubu\u0161ki\",\"@id\":\"https:\\\/\\\/radioljubuski.ba\\\/#\\\/schema\\\/person\\\/19fc700381a780f69665d7956c469e3b\"},\"headline\":\"U Bosni i Hercegovini 27 pozitivnih na koronavirus\",\"datePublished\":\"2021-07-20T12:20:36+00:00\",\"dateModified\":\"2021-07-20T12:20:37+00:00\",\"mainEntityOfPage\":{\"@id\":\"https:\\\/\\\/radioljubuski.ba\\\/index.php\\\/2021\\\/07\\\/20\\\/u-bosni-i-hercegovini-27-pozitivnih-na-koronavirus\\\/\"},\"wordCount\":305,\"publisher\":{\"@id\":\"https:\\\/\\\/radioljubuski.ba\\\/#organization\"},\"image\":{\"@id\":\"https:\\\/\\\/radioljubuski.ba\\\/index.php\\\/2021\\\/07\\\/20\\\/u-bosni-i-hercegovini-27-pozitivnih-na-koronavirus\\\/#primaryimage\"},\"thumbnailUrl\":\"https:\\\/\\\/radioljubuski.ba\\\/wp-content\\\/uploads\\\/2021\\\/05\\\/korona.jpg\",\"articleSection\":[\"BIH i regija\"],\"inLanguage\":\"hr\"},{\"@type\":\"WebPage\",\"@id\":\"https:\\\/\\\/radioljubuski.ba\\\/index.php\\\/2021\\\/07\\\/20\\\/u-bosni-i-hercegovini-27-pozitivnih-na-koronavirus\\\/\",\"url\":\"https:\\\/\\\/radioljubuski.ba\\\/index.php\\\/2021\\\/07\\\/20\\\/u-bosni-i-hercegovini-27-pozitivnih-na-koronavirus\\\/\",\"name\":\"U Bosni i Hercegovini 27 pozitivnih na koronavirus - RADIO LJUBU\u0160KI\",\"isPartOf\":{\"@id\":\"https:\\\/\\\/radioljubuski.ba\\\/#website\"},\"primaryImageOfPage\":{\"@id\":\"https:\\\/\\\/radioljubuski.ba\\\/index.php\\\/2021\\\/07\\\/20\\\/u-bosni-i-hercegovini-27-pozitivnih-na-koronavirus\\\/#primaryimage\"},\"image\":{\"@id\":\"https:\\\/\\\/radioljubuski.ba\\\/index.php\\\/2021\\\/07\\\/20\\\/u-bosni-i-hercegovini-27-pozitivnih-na-koronavirus\\\/#primaryimage\"},\"thumbnailUrl\":\"https:\\\/\\\/radioljubuski.ba\\\/wp-content\\\/uploads\\\/2021\\\/05\\\/korona.jpg\",\"datePublished\":\"2021-07-20T12:20:36+00:00\",\"dateModified\":\"2021-07-20T12:20:37+00:00\",\"breadcrumb\":{\"@id\":\"https:\\\/\\\/radioljubuski.ba\\\/index.php\\\/2021\\\/07\\\/20\\\/u-bosni-i-hercegovini-27-pozitivnih-na-koronavirus\\\/#breadcrumb\"},\"inLanguage\":\"hr\",\"potentialAction\":[{\"@type\":\"ReadAction\",\"target\":[\"https:\\\/\\\/radioljubuski.ba\\\/index.php\\\/2021\\\/07\\\/20\\\/u-bosni-i-hercegovini-27-pozitivnih-na-koronavirus\\\/\"]}]},{\"@type\":\"ImageObject\",\"inLanguage\":\"hr\",\"@id\":\"https:\\\/\\\/radioljubuski.ba\\\/index.php\\\/2021\\\/07\\\/20\\\/u-bosni-i-hercegovini-27-pozitivnih-na-koronavirus\\\/#primaryimage\",\"url\":\"https:\\\/\\\/radioljubuski.ba\\\/wp-content\\\/uploads\\\/2021\\\/05\\\/korona.jpg\",\"contentUrl\":\"https:\\\/\\\/radioljubuski.ba\\\/wp-content\\\/uploads\\\/2021\\\/05\\\/korona.jpg\",\"width\":1000,\"height\":625},{\"@type\":\"BreadcrumbList\",\"@id\":\"https:\\\/\\\/radioljubuski.ba\\\/index.php\\\/2021\\\/07\\\/20\\\/u-bosni-i-hercegovini-27-pozitivnih-na-koronavirus\\\/#breadcrumb\",\"itemListElement\":[{\"@type\":\"ListItem\",\"position\":1,\"name\":\"Po\u010detna stranica\",\"item\":\"https:\\\/\\\/radioljubuski.ba\\\/\"},{\"@type\":\"ListItem\",\"position\":2,\"name\":\"U Bosni i Hercegovini 27 pozitivnih na koronavirus\"}]},{\"@type\":\"WebSite\",\"@id\":\"https:\\\/\\\/radioljubuski.ba\\\/#website\",\"url\":\"https:\\\/\\\/radioljubuski.ba\\\/\",\"name\":\"Radio Ljubu\u0161ki\",\"description\":\"Sun\u010dana frekvencija Hercegovine\",\"publisher\":{\"@id\":\"https:\\\/\\\/radioljubuski.ba\\\/#organization\"},\"potentialAction\":[{\"@type\":\"SearchAction\",\"target\":{\"@type\":\"EntryPoint\",\"urlTemplate\":\"https:\\\/\\\/radioljubuski.ba\\\/?s={search_term_string}\"},\"query-input\":{\"@type\":\"PropertyValueSpecification\",\"valueRequired\":true,\"valueName\":\"search_term_string\"}}],\"inLanguage\":\"hr\"},{\"@type\":\"Organization\",\"@id\":\"https:\\\/\\\/radioljubuski.ba\\\/#organization\",\"name\":\"Radio Ljubu\u0161ki\",\"url\":\"https:\\\/\\\/radioljubuski.ba\\\/\",\"logo\":{\"@type\":\"ImageObject\",\"inLanguage\":\"hr\",\"@id\":\"https:\\\/\\\/radioljubuski.ba\\\/#\\\/schema\\\/logo\\\/image\\\/\",\"url\":\"https:\\\/\\\/radioljubuski.ba\\\/wp-content\\\/uploads\\\/2021\\\/02\\\/cropped-Radio_Ljubuski_logo1.jpg\",\"contentUrl\":\"https:\\\/\\\/radioljubuski.ba\\\/wp-content\\\/uploads\\\/2021\\\/02\\\/cropped-Radio_Ljubuski_logo1.jpg\",\"width\":512,\"height\":512,\"caption\":\"Radio Ljubu\u0161ki\"},\"image\":{\"@id\":\"https:\\\/\\\/radioljubuski.ba\\\/#\\\/schema\\\/logo\\\/image\\\/\"},\"sameAs\":[\"https:\\\/\\\/www.facebook.com\\\/Radiio-Ljubuski-1490835324566332\",\"https:\\\/\\\/x.com\\\/radioljubuski\",\"https:\\\/\\\/hr.linkedin.com\\\/company\\\/radio-ljubuski\",\"https:\\\/\\\/www.youtube.com\\\/channel\\\/UCHYaeO_n0Db3tjNGudGpXyw\"]},{\"@type\":\"Person\",\"@id\":\"https:\\\/\\\/radioljubuski.ba\\\/#\\\/schema\\\/person\\\/19fc700381a780f69665d7956c469e3b\",\"name\":\"Radio Ljubu\u0161ki\"}]}<\/script>\n<!-- \/ Yoast SEO plugin. -->","yoast_head_json":{"title":"U Bosni i Hercegovini 27 pozitivnih na koronavirus - RADIO LJUBU\u0160KI","robots":{"index":"index","follow":"follow","max-snippet":"max-snippet:-1","max-image-preview":"max-image-preview:large","max-video-preview":"max-video-preview:-1"},"canonical":"https:\/\/radioljubuski.ba\/index.php\/2021\/07\/20\/u-bosni-i-hercegovini-27-pozitivnih-na-koronavirus\/","og_locale":"hr_HR","og_type":"article","og_title":"U Bosni i Hercegovini 27 pozitivnih na koronavirus - RADIO LJUBU\u0160KI","og_description":"U posljednja 24 sata je u Bosni i Hercegovini testirano 1.442 uzorka od \u010dega je 27 pozitivnih na koronavirus. Pore\u0111enja radi ju\u010der su zabilje\u017eena svega dva slu\u010daja zaraze no rije\u010d je o umanjenom, vikend testiranju. Federacija BiH U protekla 24 sata, Zavodu za javno zdravstvo Federacije BiH prijavljen je 1.041 uzorak, od kojih su 23 [&hellip;]","og_url":"https:\/\/radioljubuski.ba\/index.php\/2021\/07\/20\/u-bosni-i-hercegovini-27-pozitivnih-na-koronavirus\/","og_site_name":"RADIO LJUBU\u0160KI","article_publisher":"https:\/\/www.facebook.com\/Radiio-Ljubuski-1490835324566332","article_published_time":"2021-07-20T12:20:36+00:00","article_modified_time":"2021-07-20T12:20:37+00:00","og_image":[{"width":1000,"height":625,"url":"https:\/\/radioljubuski.ba\/wp-content\/uploads\/2021\/05\/korona.jpg","type":"image\/jpeg"}],"author":"Radio Ljubu\u0161ki","twitter_card":"summary_large_image","twitter_creator":"@radioljubuski","twitter_site":"@radioljubuski","twitter_misc":{"Napisao\/la":"Radio Ljubu\u0161ki","Procijenjeno vrijeme \u010ditanja":"2 minute"},"schema":{"@context":"https:\/\/schema.org","@graph":[{"@type":"Article","@id":"https:\/\/radioljubuski.ba\/index.php\/2021\/07\/20\/u-bosni-i-hercegovini-27-pozitivnih-na-koronavirus\/#article","isPartOf":{"@id":"https:\/\/radioljubuski.ba\/index.php\/2021\/07\/20\/u-bosni-i-hercegovini-27-pozitivnih-na-koronavirus\/"},"author":{"name":"Radio Ljubu\u0161ki","@id":"https:\/\/radioljubuski.ba\/#\/schema\/person\/19fc700381a780f69665d7956c469e3b"},"headline":"U Bosni i Hercegovini 27 pozitivnih na koronavirus","datePublished":"2021-07-20T12:20:36+00:00","dateModified":"2021-07-20T12:20:37+00:00","mainEntityOfPage":{"@id":"https:\/\/radioljubuski.ba\/index.php\/2021\/07\/20\/u-bosni-i-hercegovini-27-pozitivnih-na-koronavirus\/"},"wordCount":305,"publisher":{"@id":"https:\/\/radioljubuski.ba\/#organization"},"image":{"@id":"https:\/\/radioljubuski.ba\/index.php\/2021\/07\/20\/u-bosni-i-hercegovini-27-pozitivnih-na-koronavirus\/#primaryimage"},"thumbnailUrl":"https:\/\/radioljubuski.ba\/wp-content\/uploads\/2021\/05\/korona.jpg","articleSection":["BIH i regija"],"inLanguage":"hr"},{"@type":"WebPage","@id":"https:\/\/radioljubuski.ba\/index.php\/2021\/07\/20\/u-bosni-i-hercegovini-27-pozitivnih-na-koronavirus\/","url":"https:\/\/radioljubuski.ba\/index.php\/2021\/07\/20\/u-bosni-i-hercegovini-27-pozitivnih-na-koronavirus\/","name":"U Bosni i Hercegovini 27 pozitivnih na koronavirus - RADIO LJUBU\u0160KI","isPartOf":{"@id":"https:\/\/radioljubuski.ba\/#website"},"primaryImageOfPage":{"@id":"https:\/\/radioljubuski.ba\/index.php\/2021\/07\/20\/u-bosni-i-hercegovini-27-pozitivnih-na-koronavirus\/#primaryimage"},"image":{"@id":"https:\/\/radioljubuski.ba\/index.php\/2021\/07\/20\/u-bosni-i-hercegovini-27-pozitivnih-na-koronavirus\/#primaryimage"},"thumbnailUrl":"https:\/\/radioljubuski.ba\/wp-content\/uploads\/2021\/05\/korona.jpg","datePublished":"2021-07-20T12:20:36+00:00","dateModified":"2021-07-20T12:20:37+00:00","breadcrumb":{"@id":"https:\/\/radioljubuski.ba\/index.php\/2021\/07\/20\/u-bosni-i-hercegovini-27-pozitivnih-na-koronavirus\/#breadcrumb"},"inLanguage":"hr","potentialAction":[{"@type":"ReadAction","target":["https:\/\/radioljubuski.ba\/index.php\/2021\/07\/20\/u-bosni-i-hercegovini-27-pozitivnih-na-koronavirus\/"]}]},{"@type":"ImageObject","inLanguage":"hr","@id":"https:\/\/radioljubuski.ba\/index.php\/2021\/07\/20\/u-bosni-i-hercegovini-27-pozitivnih-na-koronavirus\/#primaryimage","url":"https:\/\/radioljubuski.ba\/wp-content\/uploads\/2021\/05\/korona.jpg","contentUrl":"https:\/\/radioljubuski.ba\/wp-content\/uploads\/2021\/05\/korona.jpg","width":1000,"height":625},{"@type":"BreadcrumbList","@id":"https:\/\/radioljubuski.ba\/index.php\/2021\/07\/20\/u-bosni-i-hercegovini-27-pozitivnih-na-koronavirus\/#breadcrumb","itemListElement":[{"@type":"ListItem","position":1,"name":"Po\u010detna stranica","item":"https:\/\/radioljubuski.ba\/"},{"@type":"ListItem","position":2,"name":"U Bosni i Hercegovini 27 pozitivnih na koronavirus"}]},{"@type":"WebSite","@id":"https:\/\/radioljubuski.ba\/#website","url":"https:\/\/radioljubuski.ba\/","name":"Radio Ljubu\u0161ki","description":"Sun\u010dana frekvencija Hercegovine","publisher":{"@id":"https:\/\/radioljubuski.ba\/#organization"},"potentialAction":[{"@type":"SearchAction","target":{"@type":"EntryPoint","urlTemplate":"https:\/\/radioljubuski.ba\/?s={search_term_string}"},"query-input":{"@type":"PropertyValueSpecification","valueRequired":true,"valueName":"search_term_string"}}],"inLanguage":"hr"},{"@type":"Organization","@id":"https:\/\/radioljubuski.ba\/#organization","name":"Radio Ljubu\u0161ki","url":"https:\/\/radioljubuski.ba\/","logo":{"@type":"ImageObject","inLanguage":"hr","@id":"https:\/\/radioljubuski.ba\/#\/schema\/logo\/image\/","url":"https:\/\/radioljubuski.ba\/wp-content\/uploads\/2021\/02\/cropped-Radio_Ljubuski_logo1.jpg","contentUrl":"https:\/\/radioljubuski.ba\/wp-content\/uploads\/2021\/02\/cropped-Radio_Ljubuski_logo1.jpg","width":512,"height":512,"caption":"Radio Ljubu\u0161ki"},"image":{"@id":"https:\/\/radioljubuski.ba\/#\/schema\/logo\/image\/"},"sameAs":["https:\/\/www.facebook.com\/Radiio-Ljubuski-1490835324566332","https:\/\/x.com\/radioljubuski","https:\/\/hr.linkedin.com\/company\/radio-ljubuski","https:\/\/www.youtube.com\/channel\/UCHYaeO_n0Db3tjNGudGpXyw"]},{"@type":"Person","@id":"https:\/\/radioljubuski.ba\/#\/schema\/person\/19fc700381a780f69665d7956c469e3b","name":"Radio Ljubu\u0161ki"}]}},"_links":{"self":[{"href":"https:\/\/radioljubuski.ba\/index.php\/wp-json\/wp\/v2\/posts\/44300","targetHints":{"allow":["GET"]}}],"collection":[{"href":"https:\/\/radioljubuski.ba\/index.php\/wp-json\/wp\/v2\/posts"}],"about":[{"href":"https:\/\/radioljubuski.ba\/index.php\/wp-json\/wp\/v2\/types\/post"}],"author":[{"embeddable":true,"href":"https:\/\/radioljubuski.ba\/index.php\/wp-json\/wp\/v2\/users\/2"}],"replies":[{"embeddable":true,"href":"https:\/\/radioljubuski.ba\/index.php\/wp-json\/wp\/v2\/comments?post=44300"}],"version-history":[{"count":1,"href":"https:\/\/radioljubuski.ba\/index.php\/wp-json\/wp\/v2\/posts\/44300\/revisions"}],"predecessor-version":[{"id":44301,"href":"https:\/\/radioljubuski.ba\/index.php\/wp-json\/wp\/v2\/posts\/44300\/revisions\/44301"}],"wp:featuredmedia":[{"embeddable":true,"href":"https:\/\/radioljubuski.ba\/index.php\/wp-json\/wp\/v2\/media\/24507"}],"wp:attachment":[{"href":"https:\/\/radioljubuski.ba\/index.php\/wp-json\/wp\/v2\/media?parent=44300"}],"wp:term":[{"taxonomy":"category","embeddable":true,"href":"https:\/\/radioljubuski.ba\/index.php\/wp-json\/wp\/v2\/categories?post=44300"},{"taxonomy":"post_tag","embeddable":true,"href":"https:\/\/radioljubuski.ba\/index.php\/wp-json\/wp\/v2\/tags?post=44300"}],"curies":[{"name":"wp","href":"https:\/\/api.w.org\/{rel}","templated":true}]}}