{"id":44305,"date":"2021-07-20T13:23:46","date_gmt":"2021-07-20T12:23:46","guid":{"rendered":"https:\/\/radioljubuski.ba\/?p=44305"},"modified":"2021-07-20T13:23:51","modified_gmt":"2021-07-20T12:23:51","slug":"sutra-ekshumacija-na-rostovu-kriju-li-se-tu-tijela-i-preostalih-15-nasilno-odvedenih-hrvata-iz-bugojna","status":"publish","type":"post","link":"https:\/\/radioljubuski.ba\/index.php\/2021\/07\/20\/sutra-ekshumacija-na-rostovu-kriju-li-se-tu-tijela-i-preostalih-15-nasilno-odvedenih-hrvata-iz-bugojna\/","title":{"rendered":"Sutra ekshumacija na Rostovu, kriju li se tu tijela i preostalih 15 nasilno odvedenih Hrvata iz Bugojna"},"content":{"rendered":"\n<p>Na lokaciji Tvrdulje na Rostovu nadomak Bugojna u srijedu, 21. srpnja, po nalogu Tu\u017eiteljstva BiH nastavlja se potraga za tijelima preostalih 15 hrvatskih logora\u0161a koji su u ratu nasilno odvedeni iz logora Armije RBiH u Bugojnu. Potvrdio nam je to Marko Juri\u0161i\u0107, \u010dlan Instituta za nestale osobe BiH. &#8211; Nakon gotovo godinu dana nastavljamo potragu za tijelima nestalih Hrvata. U me\u0111uvremenu smo istragom na terenu do\u0161li do pouzdanih informacija kako bi lokacija Rostova, na kojem smo u ljeto pro\u0161le godine ekshumirali \u010detiri tijela iz skupine od 19 nasilno odvedenih logora\u0161a, mogla kriti i tijela preostalih 15 za kojima se jo\u0161 uvijek traga &#8211; objasnio nam je Juri\u0161i\u0107, pi\u0161e Ve\u010dernji list BiH. &nbsp;<\/p>\n\n\n\n<p>Stradanja Hrvata<\/p>\n\n\n\n<p>Podsje\u0107amo, prije godinu dana na Rostovu ekshumirana su tijela Zorana Gali\u0107a, Dragana Mili\u010devi\u0107a, Ante Markulja i Franje Jezid\u017ei\u0107a, koja su nakon identifikacije u laboratoriju Me\u0111unarodnog povjerenstva za nestale osobe u Haagu proljetos pokopana u Bugojnu i Mostaru. Ekshumacije koje se nastavljaju u srijedu, prema o\u010dekivanjima, trebale bi rasvijetliti sudbinu jo\u0161 15 nasilno odvedenih hrvatskih logora\u0161a iz skupine koja je nakon rata brojala 21 logora\u0161a. Za posmrtnim ostacima preostalih 15 njihove obitelji tragaju gotovo 28 godina. Jo\u0161 uvijek se tra\u017ee: Branko Crnjak, Miroslav Dilber, Niko D\u017eaja, Jadranko Gvozden, Dragan Erkapi\u0107, Perica Kova\u010devi\u0107, Perica Crnjak, Zdravko Juri\u010di\u0107, Ivo Milo\u0161, Nikica Milo\u0161, Nikica Milo\u0161 Kardelj, Mario Suba\u0161i\u0107, Niko Zlatuni\u0107, Stipica Zeli\u0107 i Mihovil Struji\u0107. Po\u010detak ekshumacija na Rostovu u ljeto pro\u0161le godine obilje\u017eilo je imenovanje Selme Cikoti\u0107a dr\u017eavnim ministrom sigurnosti. Cikoti\u0107a, kao ratnog zapovjednika Operativne skupine Zapad Armije RBiH, osim D\u017eevada Mla\u0107e, predsjednika Ratnog predsjedni\u0161tva, Hrvati Bugojna smatraju najodgovornijim za nasilna odvo\u0111enja i nestanak hrvatskih logora\u0161a, ali i progon 16 tisu\u0107a Hrvata iz Bugojna te brojne zlo\u010dine nad hrvatskim stanovni\u0161tvom, kao i plja\u010dku i uni\u0161tavanje imovine u vlasni\u0161tvu Hrvata, kao i katoli\u010dkih vjerskih objekata.<\/p>\n\n\n\n<p>Kosti klju\u010dni dokaz<\/p>\n\n\n\n<p>Cikoti\u0107a s nestankom hrvatskih logora\u0161a povezuje i ratna prepiska s njegovim nadre\u0111enim. Prema saznanjima hrvatskih stradalni\u010dkih udruga u Bugojnu, Cikoti\u0107 je poku\u0161ao zaustaviti nastavak potrage na Rostovu, ali mu to o\u010dito nije uspjelo. S tim je za nedavnoga posjeta sredi\u0161njoj Bosni upoznat i predsjednik Hrvatske Zoran Milanovi\u0107. Ekshumacije i nastavak potrage po\u010dinju samo nekoliko dana nakon Milanovi\u0107eva posjeta. Slu\u010dajno ili ne, doznat \u0107e se jer ni\u0161ta, pa ni kosti nasilno odvedenih, ne mo\u017ee ostati skriveno. One su klju\u010dan dokaz zlo\u010dina koji bi morao na optu\u017eeni\u010dku klupu kona\u010dno dovesti i glavne kreatore etni\u010dkog \u010di\u0161\u0107enja Bugojna, Selmu Cikoti\u0107a i D\u017eevada Mla\u0107u.\u2022<\/p>\n\n\n\n<p>Izvor:vecernji.ba<\/p>\n","protected":false},"excerpt":{"rendered":"<p>Na lokaciji Tvrdulje na Rostovu nadomak Bugojna u srijedu, 21. srpnja, po nalogu Tu\u017eiteljstva BiH nastavlja se potraga za tijelima preostalih 15 hrvatskih logora\u0161a koji su u ratu nasilno odvedeni iz logora Armije RBiH u Bugojnu. Potvrdio nam je to Marko Juri\u0161i\u0107, \u010dlan Instituta za nestale osobe BiH. &#8211; Nakon gotovo godinu dana nastavljamo potragu [&hellip;]<\/p>\n","protected":false},"author":2,"featured_media":44306,"comment_status":"closed","ping_status":"closed","sticky":false,"template":"","format":"standard","meta":{"h5ap_radio_sources":[],"footnotes":""},"categories":[1],"tags":[],"class_list":["post-44305","post","type-post","status-publish","format-standard","has-post-thumbnail","hentry","category-bihiregija"],"yoast_head":"<!-- This site is optimized with the Yoast SEO plugin v27.5 - https:\/\/yoast.com\/product\/yoast-seo-wordpress\/ -->\n<title>Sutra ekshumacija na Rostovu, kriju li se tu tijela i preostalih 15 nasilno odvedenih Hrvata iz Bugojna - RADIO LJUBU\u0160KI<\/title>\n<meta name=\"robots\" content=\"index, follow, max-snippet:-1, max-image-preview:large, max-video-preview:-1\" \/>\n<link rel=\"canonical\" href=\"https:\/\/radioljubuski.ba\/index.php\/2021\/07\/20\/sutra-ekshumacija-na-rostovu-kriju-li-se-tu-tijela-i-preostalih-15-nasilno-odvedenih-hrvata-iz-bugojna\/\" \/>\n<meta property=\"og:locale\" content=\"hr_HR\" \/>\n<meta property=\"og:type\" content=\"article\" \/>\n<meta property=\"og:title\" content=\"Sutra ekshumacija na Rostovu, kriju li se tu tijela i preostalih 15 nasilno odvedenih Hrvata iz Bugojna - RADIO LJUBU\u0160KI\" \/>\n<meta property=\"og:description\" content=\"Na lokaciji Tvrdulje na Rostovu nadomak Bugojna u srijedu, 21. srpnja, po nalogu Tu\u017eiteljstva BiH nastavlja se potraga za tijelima preostalih 15 hrvatskih logora\u0161a koji su u ratu nasilno odvedeni iz logora Armije RBiH u Bugojnu. Potvrdio nam je to Marko Juri\u0161i\u0107, \u010dlan Instituta za nestale osobe BiH. &#8211; Nakon gotovo godinu dana nastavljamo potragu [&hellip;]\" \/>\n<meta property=\"og:url\" content=\"https:\/\/radioljubuski.ba\/index.php\/2021\/07\/20\/sutra-ekshumacija-na-rostovu-kriju-li-se-tu-tijela-i-preostalih-15-nasilno-odvedenih-hrvata-iz-bugojna\/\" \/>\n<meta property=\"og:site_name\" content=\"RADIO LJUBU\u0160KI\" \/>\n<meta property=\"article:publisher\" content=\"https:\/\/www.facebook.com\/Radiio-Ljubuski-1490835324566332\" \/>\n<meta property=\"article:published_time\" content=\"2021-07-20T12:23:46+00:00\" \/>\n<meta property=\"article:modified_time\" content=\"2021-07-20T12:23:51+00:00\" \/>\n<meta property=\"og:image\" content=\"https:\/\/radioljubuski.ba\/wp-content\/uploads\/2021\/07\/9-2021-07-20-10-42-47-vevevew.png\" \/>\n\t<meta property=\"og:image:width\" content=\"1000\" \/>\n\t<meta property=\"og:image:height\" content=\"625\" \/>\n\t<meta property=\"og:image:type\" content=\"image\/png\" \/>\n<meta name=\"author\" content=\"Radio Ljubu\u0161ki\" \/>\n<meta name=\"twitter:card\" content=\"summary_large_image\" \/>\n<meta name=\"twitter:creator\" content=\"@radioljubuski\" \/>\n<meta name=\"twitter:site\" content=\"@radioljubuski\" \/>\n<meta name=\"twitter:label1\" content=\"Napisao\/la\" \/>\n\t<meta name=\"twitter:data1\" content=\"Radio Ljubu\u0161ki\" \/>\n\t<meta name=\"twitter:label2\" content=\"Procijenjeno vrijeme \u010ditanja\" \/>\n\t<meta name=\"twitter:data2\" content=\"2 minute\" \/>\n<script type=\"application\/ld+json\" class=\"yoast-schema-graph\">{\"@context\":\"https:\\\/\\\/schema.org\",\"@graph\":[{\"@type\":\"Article\",\"@id\":\"https:\\\/\\\/radioljubuski.ba\\\/index.php\\\/2021\\\/07\\\/20\\\/sutra-ekshumacija-na-rostovu-kriju-li-se-tu-tijela-i-preostalih-15-nasilno-odvedenih-hrvata-iz-bugojna\\\/#article\",\"isPartOf\":{\"@id\":\"https:\\\/\\\/radioljubuski.ba\\\/index.php\\\/2021\\\/07\\\/20\\\/sutra-ekshumacija-na-rostovu-kriju-li-se-tu-tijela-i-preostalih-15-nasilno-odvedenih-hrvata-iz-bugojna\\\/\"},\"author\":{\"name\":\"Radio Ljubu\u0161ki\",\"@id\":\"https:\\\/\\\/radioljubuski.ba\\\/#\\\/schema\\\/person\\\/19fc700381a780f69665d7956c469e3b\"},\"headline\":\"Sutra ekshumacija na Rostovu, kriju li se tu tijela i preostalih 15 nasilno odvedenih Hrvata iz Bugojna\",\"datePublished\":\"2021-07-20T12:23:46+00:00\",\"dateModified\":\"2021-07-20T12:23:51+00:00\",\"mainEntityOfPage\":{\"@id\":\"https:\\\/\\\/radioljubuski.ba\\\/index.php\\\/2021\\\/07\\\/20\\\/sutra-ekshumacija-na-rostovu-kriju-li-se-tu-tijela-i-preostalih-15-nasilno-odvedenih-hrvata-iz-bugojna\\\/\"},\"wordCount\":473,\"publisher\":{\"@id\":\"https:\\\/\\\/radioljubuski.ba\\\/#organization\"},\"image\":{\"@id\":\"https:\\\/\\\/radioljubuski.ba\\\/index.php\\\/2021\\\/07\\\/20\\\/sutra-ekshumacija-na-rostovu-kriju-li-se-tu-tijela-i-preostalih-15-nasilno-odvedenih-hrvata-iz-bugojna\\\/#primaryimage\"},\"thumbnailUrl\":\"https:\\\/\\\/radioljubuski.ba\\\/wp-content\\\/uploads\\\/2021\\\/07\\\/9-2021-07-20-10-42-47-vevevew.png\",\"articleSection\":[\"BIH i regija\"],\"inLanguage\":\"hr\"},{\"@type\":\"WebPage\",\"@id\":\"https:\\\/\\\/radioljubuski.ba\\\/index.php\\\/2021\\\/07\\\/20\\\/sutra-ekshumacija-na-rostovu-kriju-li-se-tu-tijela-i-preostalih-15-nasilno-odvedenih-hrvata-iz-bugojna\\\/\",\"url\":\"https:\\\/\\\/radioljubuski.ba\\\/index.php\\\/2021\\\/07\\\/20\\\/sutra-ekshumacija-na-rostovu-kriju-li-se-tu-tijela-i-preostalih-15-nasilno-odvedenih-hrvata-iz-bugojna\\\/\",\"name\":\"Sutra ekshumacija na Rostovu, kriju li se tu tijela i preostalih 15 nasilno odvedenih Hrvata iz Bugojna - RADIO LJUBU\u0160KI\",\"isPartOf\":{\"@id\":\"https:\\\/\\\/radioljubuski.ba\\\/#website\"},\"primaryImageOfPage\":{\"@id\":\"https:\\\/\\\/radioljubuski.ba\\\/index.php\\\/2021\\\/07\\\/20\\\/sutra-ekshumacija-na-rostovu-kriju-li-se-tu-tijela-i-preostalih-15-nasilno-odvedenih-hrvata-iz-bugojna\\\/#primaryimage\"},\"image\":{\"@id\":\"https:\\\/\\\/radioljubuski.ba\\\/index.php\\\/2021\\\/07\\\/20\\\/sutra-ekshumacija-na-rostovu-kriju-li-se-tu-tijela-i-preostalih-15-nasilno-odvedenih-hrvata-iz-bugojna\\\/#primaryimage\"},\"thumbnailUrl\":\"https:\\\/\\\/radioljubuski.ba\\\/wp-content\\\/uploads\\\/2021\\\/07\\\/9-2021-07-20-10-42-47-vevevew.png\",\"datePublished\":\"2021-07-20T12:23:46+00:00\",\"dateModified\":\"2021-07-20T12:23:51+00:00\",\"breadcrumb\":{\"@id\":\"https:\\\/\\\/radioljubuski.ba\\\/index.php\\\/2021\\\/07\\\/20\\\/sutra-ekshumacija-na-rostovu-kriju-li-se-tu-tijela-i-preostalih-15-nasilno-odvedenih-hrvata-iz-bugojna\\\/#breadcrumb\"},\"inLanguage\":\"hr\",\"potentialAction\":[{\"@type\":\"ReadAction\",\"target\":[\"https:\\\/\\\/radioljubuski.ba\\\/index.php\\\/2021\\\/07\\\/20\\\/sutra-ekshumacija-na-rostovu-kriju-li-se-tu-tijela-i-preostalih-15-nasilno-odvedenih-hrvata-iz-bugojna\\\/\"]}]},{\"@type\":\"ImageObject\",\"inLanguage\":\"hr\",\"@id\":\"https:\\\/\\\/radioljubuski.ba\\\/index.php\\\/2021\\\/07\\\/20\\\/sutra-ekshumacija-na-rostovu-kriju-li-se-tu-tijela-i-preostalih-15-nasilno-odvedenih-hrvata-iz-bugojna\\\/#primaryimage\",\"url\":\"https:\\\/\\\/radioljubuski.ba\\\/wp-content\\\/uploads\\\/2021\\\/07\\\/9-2021-07-20-10-42-47-vevevew.png\",\"contentUrl\":\"https:\\\/\\\/radioljubuski.ba\\\/wp-content\\\/uploads\\\/2021\\\/07\\\/9-2021-07-20-10-42-47-vevevew.png\",\"width\":1000,\"height\":625},{\"@type\":\"BreadcrumbList\",\"@id\":\"https:\\\/\\\/radioljubuski.ba\\\/index.php\\\/2021\\\/07\\\/20\\\/sutra-ekshumacija-na-rostovu-kriju-li-se-tu-tijela-i-preostalih-15-nasilno-odvedenih-hrvata-iz-bugojna\\\/#breadcrumb\",\"itemListElement\":[{\"@type\":\"ListItem\",\"position\":1,\"name\":\"Po\u010detna stranica\",\"item\":\"https:\\\/\\\/radioljubuski.ba\\\/\"},{\"@type\":\"ListItem\",\"position\":2,\"name\":\"Sutra ekshumacija na Rostovu, kriju li se tu tijela i preostalih 15 nasilno odvedenih Hrvata iz Bugojna\"}]},{\"@type\":\"WebSite\",\"@id\":\"https:\\\/\\\/radioljubuski.ba\\\/#website\",\"url\":\"https:\\\/\\\/radioljubuski.ba\\\/\",\"name\":\"Radio Ljubu\u0161ki\",\"description\":\"Sun\u010dana frekvencija Hercegovine\",\"publisher\":{\"@id\":\"https:\\\/\\\/radioljubuski.ba\\\/#organization\"},\"potentialAction\":[{\"@type\":\"SearchAction\",\"target\":{\"@type\":\"EntryPoint\",\"urlTemplate\":\"https:\\\/\\\/radioljubuski.ba\\\/?s={search_term_string}\"},\"query-input\":{\"@type\":\"PropertyValueSpecification\",\"valueRequired\":true,\"valueName\":\"search_term_string\"}}],\"inLanguage\":\"hr\"},{\"@type\":\"Organization\",\"@id\":\"https:\\\/\\\/radioljubuski.ba\\\/#organization\",\"name\":\"Radio Ljubu\u0161ki\",\"url\":\"https:\\\/\\\/radioljubuski.ba\\\/\",\"logo\":{\"@type\":\"ImageObject\",\"inLanguage\":\"hr\",\"@id\":\"https:\\\/\\\/radioljubuski.ba\\\/#\\\/schema\\\/logo\\\/image\\\/\",\"url\":\"https:\\\/\\\/radioljubuski.ba\\\/wp-content\\\/uploads\\\/2021\\\/02\\\/cropped-Radio_Ljubuski_logo1.jpg\",\"contentUrl\":\"https:\\\/\\\/radioljubuski.ba\\\/wp-content\\\/uploads\\\/2021\\\/02\\\/cropped-Radio_Ljubuski_logo1.jpg\",\"width\":512,\"height\":512,\"caption\":\"Radio Ljubu\u0161ki\"},\"image\":{\"@id\":\"https:\\\/\\\/radioljubuski.ba\\\/#\\\/schema\\\/logo\\\/image\\\/\"},\"sameAs\":[\"https:\\\/\\\/www.facebook.com\\\/Radiio-Ljubuski-1490835324566332\",\"https:\\\/\\\/x.com\\\/radioljubuski\",\"https:\\\/\\\/hr.linkedin.com\\\/company\\\/radio-ljubuski\",\"https:\\\/\\\/www.youtube.com\\\/channel\\\/UCHYaeO_n0Db3tjNGudGpXyw\"]},{\"@type\":\"Person\",\"@id\":\"https:\\\/\\\/radioljubuski.ba\\\/#\\\/schema\\\/person\\\/19fc700381a780f69665d7956c469e3b\",\"name\":\"Radio Ljubu\u0161ki\"}]}<\/script>\n<!-- \/ Yoast SEO plugin. -->","yoast_head_json":{"title":"Sutra ekshumacija na Rostovu, kriju li se tu tijela i preostalih 15 nasilno odvedenih Hrvata iz Bugojna - RADIO LJUBU\u0160KI","robots":{"index":"index","follow":"follow","max-snippet":"max-snippet:-1","max-image-preview":"max-image-preview:large","max-video-preview":"max-video-preview:-1"},"canonical":"https:\/\/radioljubuski.ba\/index.php\/2021\/07\/20\/sutra-ekshumacija-na-rostovu-kriju-li-se-tu-tijela-i-preostalih-15-nasilno-odvedenih-hrvata-iz-bugojna\/","og_locale":"hr_HR","og_type":"article","og_title":"Sutra ekshumacija na Rostovu, kriju li se tu tijela i preostalih 15 nasilno odvedenih Hrvata iz Bugojna - RADIO LJUBU\u0160KI","og_description":"Na lokaciji Tvrdulje na Rostovu nadomak Bugojna u srijedu, 21. srpnja, po nalogu Tu\u017eiteljstva BiH nastavlja se potraga za tijelima preostalih 15 hrvatskih logora\u0161a koji su u ratu nasilno odvedeni iz logora Armije RBiH u Bugojnu. Potvrdio nam je to Marko Juri\u0161i\u0107, \u010dlan Instituta za nestale osobe BiH. &#8211; Nakon gotovo godinu dana nastavljamo potragu [&hellip;]","og_url":"https:\/\/radioljubuski.ba\/index.php\/2021\/07\/20\/sutra-ekshumacija-na-rostovu-kriju-li-se-tu-tijela-i-preostalih-15-nasilno-odvedenih-hrvata-iz-bugojna\/","og_site_name":"RADIO LJUBU\u0160KI","article_publisher":"https:\/\/www.facebook.com\/Radiio-Ljubuski-1490835324566332","article_published_time":"2021-07-20T12:23:46+00:00","article_modified_time":"2021-07-20T12:23:51+00:00","og_image":[{"width":1000,"height":625,"url":"https:\/\/radioljubuski.ba\/wp-content\/uploads\/2021\/07\/9-2021-07-20-10-42-47-vevevew.png","type":"image\/png"}],"author":"Radio Ljubu\u0161ki","twitter_card":"summary_large_image","twitter_creator":"@radioljubuski","twitter_site":"@radioljubuski","twitter_misc":{"Napisao\/la":"Radio Ljubu\u0161ki","Procijenjeno vrijeme \u010ditanja":"2 minute"},"schema":{"@context":"https:\/\/schema.org","@graph":[{"@type":"Article","@id":"https:\/\/radioljubuski.ba\/index.php\/2021\/07\/20\/sutra-ekshumacija-na-rostovu-kriju-li-se-tu-tijela-i-preostalih-15-nasilno-odvedenih-hrvata-iz-bugojna\/#article","isPartOf":{"@id":"https:\/\/radioljubuski.ba\/index.php\/2021\/07\/20\/sutra-ekshumacija-na-rostovu-kriju-li-se-tu-tijela-i-preostalih-15-nasilno-odvedenih-hrvata-iz-bugojna\/"},"author":{"name":"Radio Ljubu\u0161ki","@id":"https:\/\/radioljubuski.ba\/#\/schema\/person\/19fc700381a780f69665d7956c469e3b"},"headline":"Sutra ekshumacija na Rostovu, kriju li se tu tijela i preostalih 15 nasilno odvedenih Hrvata iz Bugojna","datePublished":"2021-07-20T12:23:46+00:00","dateModified":"2021-07-20T12:23:51+00:00","mainEntityOfPage":{"@id":"https:\/\/radioljubuski.ba\/index.php\/2021\/07\/20\/sutra-ekshumacija-na-rostovu-kriju-li-se-tu-tijela-i-preostalih-15-nasilno-odvedenih-hrvata-iz-bugojna\/"},"wordCount":473,"publisher":{"@id":"https:\/\/radioljubuski.ba\/#organization"},"image":{"@id":"https:\/\/radioljubuski.ba\/index.php\/2021\/07\/20\/sutra-ekshumacija-na-rostovu-kriju-li-se-tu-tijela-i-preostalih-15-nasilno-odvedenih-hrvata-iz-bugojna\/#primaryimage"},"thumbnailUrl":"https:\/\/radioljubuski.ba\/wp-content\/uploads\/2021\/07\/9-2021-07-20-10-42-47-vevevew.png","articleSection":["BIH i regija"],"inLanguage":"hr"},{"@type":"WebPage","@id":"https:\/\/radioljubuski.ba\/index.php\/2021\/07\/20\/sutra-ekshumacija-na-rostovu-kriju-li-se-tu-tijela-i-preostalih-15-nasilno-odvedenih-hrvata-iz-bugojna\/","url":"https:\/\/radioljubuski.ba\/index.php\/2021\/07\/20\/sutra-ekshumacija-na-rostovu-kriju-li-se-tu-tijela-i-preostalih-15-nasilno-odvedenih-hrvata-iz-bugojna\/","name":"Sutra ekshumacija na Rostovu, kriju li se tu tijela i preostalih 15 nasilno odvedenih Hrvata iz Bugojna - RADIO LJUBU\u0160KI","isPartOf":{"@id":"https:\/\/radioljubuski.ba\/#website"},"primaryImageOfPage":{"@id":"https:\/\/radioljubuski.ba\/index.php\/2021\/07\/20\/sutra-ekshumacija-na-rostovu-kriju-li-se-tu-tijela-i-preostalih-15-nasilno-odvedenih-hrvata-iz-bugojna\/#primaryimage"},"image":{"@id":"https:\/\/radioljubuski.ba\/index.php\/2021\/07\/20\/sutra-ekshumacija-na-rostovu-kriju-li-se-tu-tijela-i-preostalih-15-nasilno-odvedenih-hrvata-iz-bugojna\/#primaryimage"},"thumbnailUrl":"https:\/\/radioljubuski.ba\/wp-content\/uploads\/2021\/07\/9-2021-07-20-10-42-47-vevevew.png","datePublished":"2021-07-20T12:23:46+00:00","dateModified":"2021-07-20T12:23:51+00:00","breadcrumb":{"@id":"https:\/\/radioljubuski.ba\/index.php\/2021\/07\/20\/sutra-ekshumacija-na-rostovu-kriju-li-se-tu-tijela-i-preostalih-15-nasilno-odvedenih-hrvata-iz-bugojna\/#breadcrumb"},"inLanguage":"hr","potentialAction":[{"@type":"ReadAction","target":["https:\/\/radioljubuski.ba\/index.php\/2021\/07\/20\/sutra-ekshumacija-na-rostovu-kriju-li-se-tu-tijela-i-preostalih-15-nasilno-odvedenih-hrvata-iz-bugojna\/"]}]},{"@type":"ImageObject","inLanguage":"hr","@id":"https:\/\/radioljubuski.ba\/index.php\/2021\/07\/20\/sutra-ekshumacija-na-rostovu-kriju-li-se-tu-tijela-i-preostalih-15-nasilno-odvedenih-hrvata-iz-bugojna\/#primaryimage","url":"https:\/\/radioljubuski.ba\/wp-content\/uploads\/2021\/07\/9-2021-07-20-10-42-47-vevevew.png","contentUrl":"https:\/\/radioljubuski.ba\/wp-content\/uploads\/2021\/07\/9-2021-07-20-10-42-47-vevevew.png","width":1000,"height":625},{"@type":"BreadcrumbList","@id":"https:\/\/radioljubuski.ba\/index.php\/2021\/07\/20\/sutra-ekshumacija-na-rostovu-kriju-li-se-tu-tijela-i-preostalih-15-nasilno-odvedenih-hrvata-iz-bugojna\/#breadcrumb","itemListElement":[{"@type":"ListItem","position":1,"name":"Po\u010detna stranica","item":"https:\/\/radioljubuski.ba\/"},{"@type":"ListItem","position":2,"name":"Sutra ekshumacija na Rostovu, kriju li se tu tijela i preostalih 15 nasilno odvedenih Hrvata iz Bugojna"}]},{"@type":"WebSite","@id":"https:\/\/radioljubuski.ba\/#website","url":"https:\/\/radioljubuski.ba\/","name":"Radio Ljubu\u0161ki","description":"Sun\u010dana frekvencija Hercegovine","publisher":{"@id":"https:\/\/radioljubuski.ba\/#organization"},"potentialAction":[{"@type":"SearchAction","target":{"@type":"EntryPoint","urlTemplate":"https:\/\/radioljubuski.ba\/?s={search_term_string}"},"query-input":{"@type":"PropertyValueSpecification","valueRequired":true,"valueName":"search_term_string"}}],"inLanguage":"hr"},{"@type":"Organization","@id":"https:\/\/radioljubuski.ba\/#organization","name":"Radio Ljubu\u0161ki","url":"https:\/\/radioljubuski.ba\/","logo":{"@type":"ImageObject","inLanguage":"hr","@id":"https:\/\/radioljubuski.ba\/#\/schema\/logo\/image\/","url":"https:\/\/radioljubuski.ba\/wp-content\/uploads\/2021\/02\/cropped-Radio_Ljubuski_logo1.jpg","contentUrl":"https:\/\/radioljubuski.ba\/wp-content\/uploads\/2021\/02\/cropped-Radio_Ljubuski_logo1.jpg","width":512,"height":512,"caption":"Radio Ljubu\u0161ki"},"image":{"@id":"https:\/\/radioljubuski.ba\/#\/schema\/logo\/image\/"},"sameAs":["https:\/\/www.facebook.com\/Radiio-Ljubuski-1490835324566332","https:\/\/x.com\/radioljubuski","https:\/\/hr.linkedin.com\/company\/radio-ljubuski","https:\/\/www.youtube.com\/channel\/UCHYaeO_n0Db3tjNGudGpXyw"]},{"@type":"Person","@id":"https:\/\/radioljubuski.ba\/#\/schema\/person\/19fc700381a780f69665d7956c469e3b","name":"Radio Ljubu\u0161ki"}]}},"_links":{"self":[{"href":"https:\/\/radioljubuski.ba\/index.php\/wp-json\/wp\/v2\/posts\/44305","targetHints":{"allow":["GET"]}}],"collection":[{"href":"https:\/\/radioljubuski.ba\/index.php\/wp-json\/wp\/v2\/posts"}],"about":[{"href":"https:\/\/radioljubuski.ba\/index.php\/wp-json\/wp\/v2\/types\/post"}],"author":[{"embeddable":true,"href":"https:\/\/radioljubuski.ba\/index.php\/wp-json\/wp\/v2\/users\/2"}],"replies":[{"embeddable":true,"href":"https:\/\/radioljubuski.ba\/index.php\/wp-json\/wp\/v2\/comments?post=44305"}],"version-history":[{"count":1,"href":"https:\/\/radioljubuski.ba\/index.php\/wp-json\/wp\/v2\/posts\/44305\/revisions"}],"predecessor-version":[{"id":44307,"href":"https:\/\/radioljubuski.ba\/index.php\/wp-json\/wp\/v2\/posts\/44305\/revisions\/44307"}],"wp:featuredmedia":[{"embeddable":true,"href":"https:\/\/radioljubuski.ba\/index.php\/wp-json\/wp\/v2\/media\/44306"}],"wp:attachment":[{"href":"https:\/\/radioljubuski.ba\/index.php\/wp-json\/wp\/v2\/media?parent=44305"}],"wp:term":[{"taxonomy":"category","embeddable":true,"href":"https:\/\/radioljubuski.ba\/index.php\/wp-json\/wp\/v2\/categories?post=44305"},{"taxonomy":"post_tag","embeddable":true,"href":"https:\/\/radioljubuski.ba\/index.php\/wp-json\/wp\/v2\/tags?post=44305"}],"curies":[{"name":"wp","href":"https:\/\/api.w.org\/{rel}","templated":true}]}}