{"id":44311,"date":"2021-07-20T13:26:21","date_gmt":"2021-07-20T12:26:21","guid":{"rendered":"https:\/\/radioljubuski.ba\/?p=44311"},"modified":"2021-07-20T13:26:24","modified_gmt":"2021-07-20T12:26:24","slug":"grlic-radman-rasvijetliti-sudbinu-nestalih-i-ubijenih-hrvata-bugojna","status":"publish","type":"post","link":"https:\/\/radioljubuski.ba\/index.php\/2021\/07\/20\/grlic-radman-rasvijetliti-sudbinu-nestalih-i-ubijenih-hrvata-bugojna\/","title":{"rendered":"Grli\u0107-Radman: Rasvijetliti sudbinu nestalih i ubijenih Hrvata Bugojna"},"content":{"rendered":"\n<p>Ministar vanjskih i europskih poslova Gordan Grli\u0107 Radman izrazio je u utorak o\u010dekivanje da \u0107e se rasvijetliti sudbina nestalih i ubijenih Hrvata u Bugojnu u sredi\u0161njoj Bosni, gdje je u utorak polo\u017eio vijenac te sudjelovao na misi u \u017eupi Kandiji koja je za vrijeme rata bila posve uni\u0161tena.<\/p>\n\n\n\n<p>&nbsp;&#8220;Jako je va\u017eno rasvijetliti mra\u010dnu pro\u0161lost da bismo mogli zajedno \u017eivjeti, da bismo otvorili novo poglavlje su\u017eivota. Va\u017eno je rasvijetliti pro\u0161lost, sudbinu nestalih, poginulih. Njihove obitelji su jo\u0161 \u017eive&#8221;, rekao je ministar Grli\u0107 Radman u mjestu Kandiji.<\/p>\n\n\n\n<p>Hrvati u Bugojnu obilje\u017eavaju 28. godi\u0161njicu od stradanja tijekom ratnih sukoba s bo\u0161nja\u010dkom Armijom BiH. Oko 16.000 Hrvata je prognano u ljeto 1993. godine, ubijeno je oko 300, a za jo\u0161 15 najvi\u0161ih hrvatskih vojnih i politi\u010dkih du\u017enosnika te srednjobosanske op\u0107ine, koji su najprije zarobljeni i odvedeni u logore, a zatim ubijeni, jo\u0161 uvijek se traga. Sutra \u0107e se na lokaciji Rostova nastaviti iskopavanja u potrazi za njihovim tijelima. Na tome podru\u010dju pro\u0161le godine ekshumirani su ostaci \u010detvorice nestalih Bugojanaca.<br>Hrvatski \u0161ef diplomacije Grli\u0107 Radman u mjestu Kandiji polo\u017eio je vijenac za hrvatske \u017ertve iz Domovinskog i drugih ratova, te je nazo\u010dio svetoj misi povodom svetkovine sv. Ilije Proroka. Ocijenio je kako je Bugojno danas test svima u Bosni i Hercegovini kako bi se &#8220;vratio duh zajedni\u0161tva, tolerancije, multietni\u010dnosti&#8221;.<br>&#8220;\u017dalosna je \u010dinjenica da u usporedbi s vremenom prije ratnih sukoba ovdje \u017eivjelo oko 16.000 Hrvata, a danas svega 2.500. Ovdje bi trebalo stvoriti preduvjete za njihov povratak&#8221;, rekao je hrvatski \u0161ef diplomacije. Najavio je nastavak potpore hrvatske Vlade.<\/p>\n\n\n\n<p>&#8220;Tu \u0107e Vlada Republike Hrvatske i sve njezine institucije pomo\u0107i odgovaraju\u0107im projektima prekograni\u010dne suradnje i preko EU fondova. Siguran sam da \u0107e se Hrvati Bugojna mo\u0107i vratiti u svoj zavi\u010daj i da \u0107e se opet ovdje njegovati i isticati hrvatski identitet uz po\u0161tovanje svih ostalih vjera i nacija kao \u0161to je to bilo nekada&#8221;, istaknuo je.<\/p>\n\n\n\n<p>Pri tome je izrazio o\u010dekivanje da \u0107e Hrvati u Bugojnu i cijeloj zemlji ostvariti jednakopravnost. &#8220;Hrvatski narod u BiH je autohton i vjerujem da \u0107e se to pokazati i u novom izbornom zakonu gdje \u0107e Hrvati mo\u0107i birati legitimne politi\u010dke predstavnike u najvi\u0161e tijela kao \u0161to je to predvi\u0111eno Daytonsko-pari\u0161kim mirovnim sporazumom&#8221;, dodao je.<\/p>\n\n\n\n<p>Predsjednik lokalnog HDZ-a BiH i Gradskog vije\u0107a Bugojna izrazio je o\u010dekivanje da \u0107e Vlada RH nastaviti podr\u017eavati opstanak tamo\u0161njih Hrvata, \u0161to po njemu ponajprije ovisi o otvaranju novih radnih mjesta.<\/p>\n\n\n\n<p>Izvor:pogled.ba<\/p>\n","protected":false},"excerpt":{"rendered":"<p>Ministar vanjskih i europskih poslova Gordan Grli\u0107 Radman izrazio je u utorak o\u010dekivanje da \u0107e se rasvijetliti sudbina nestalih i ubijenih Hrvata u Bugojnu u sredi\u0161njoj Bosni, gdje je u utorak polo\u017eio vijenac te sudjelovao na misi u \u017eupi Kandiji koja je za vrijeme rata bila posve uni\u0161tena. &nbsp;&#8220;Jako je va\u017eno rasvijetliti mra\u010dnu pro\u0161lost da [&hellip;]<\/p>\n","protected":false},"author":2,"featured_media":44206,"comment_status":"closed","ping_status":"closed","sticky":false,"template":"","format":"standard","meta":{"h5ap_radio_sources":[],"footnotes":""},"categories":[1],"tags":[],"class_list":["post-44311","post","type-post","status-publish","format-standard","has-post-thumbnail","hentry","category-bihiregija"],"yoast_head":"<!-- This site is optimized with the Yoast SEO plugin v27.5 - https:\/\/yoast.com\/product\/yoast-seo-wordpress\/ -->\n<title>Grli\u0107-Radman: Rasvijetliti sudbinu nestalih i ubijenih Hrvata Bugojna - RADIO LJUBU\u0160KI<\/title>\n<meta name=\"robots\" content=\"index, follow, max-snippet:-1, max-image-preview:large, max-video-preview:-1\" \/>\n<link rel=\"canonical\" href=\"https:\/\/radioljubuski.ba\/index.php\/2021\/07\/20\/grlic-radman-rasvijetliti-sudbinu-nestalih-i-ubijenih-hrvata-bugojna\/\" \/>\n<meta property=\"og:locale\" content=\"hr_HR\" \/>\n<meta property=\"og:type\" content=\"article\" \/>\n<meta property=\"og:title\" content=\"Grli\u0107-Radman: Rasvijetliti sudbinu nestalih i ubijenih Hrvata Bugojna - RADIO LJUBU\u0160KI\" \/>\n<meta property=\"og:description\" content=\"Ministar vanjskih i europskih poslova Gordan Grli\u0107 Radman izrazio je u utorak o\u010dekivanje da \u0107e se rasvijetliti sudbina nestalih i ubijenih Hrvata u Bugojnu u sredi\u0161njoj Bosni, gdje je u utorak polo\u017eio vijenac te sudjelovao na misi u \u017eupi Kandiji koja je za vrijeme rata bila posve uni\u0161tena. &nbsp;&#8220;Jako je va\u017eno rasvijetliti mra\u010dnu pro\u0161lost da [&hellip;]\" \/>\n<meta property=\"og:url\" content=\"https:\/\/radioljubuski.ba\/index.php\/2021\/07\/20\/grlic-radman-rasvijetliti-sudbinu-nestalih-i-ubijenih-hrvata-bugojna\/\" \/>\n<meta property=\"og:site_name\" content=\"RADIO LJUBU\u0160KI\" \/>\n<meta property=\"article:publisher\" content=\"https:\/\/www.facebook.com\/Radiio-Ljubuski-1490835324566332\" \/>\n<meta property=\"article:published_time\" content=\"2021-07-20T12:26:21+00:00\" \/>\n<meta property=\"article:modified_time\" content=\"2021-07-20T12:26:24+00:00\" \/>\n<meta property=\"og:image\" content=\"https:\/\/radioljubuski.ba\/wp-content\/uploads\/2021\/07\/3-2021-05-06-21-25-24-grlic.jpg\" \/>\n\t<meta property=\"og:image:width\" content=\"1000\" \/>\n\t<meta property=\"og:image:height\" content=\"625\" \/>\n\t<meta property=\"og:image:type\" content=\"image\/jpeg\" \/>\n<meta name=\"author\" content=\"Radio Ljubu\u0161ki\" \/>\n<meta name=\"twitter:card\" content=\"summary_large_image\" \/>\n<meta name=\"twitter:creator\" content=\"@radioljubuski\" \/>\n<meta name=\"twitter:site\" content=\"@radioljubuski\" \/>\n<meta name=\"twitter:label1\" content=\"Napisao\/la\" \/>\n\t<meta name=\"twitter:data1\" content=\"Radio Ljubu\u0161ki\" \/>\n\t<meta name=\"twitter:label2\" content=\"Procijenjeno vrijeme \u010ditanja\" \/>\n\t<meta name=\"twitter:data2\" content=\"2 minute\" \/>\n<script type=\"application\/ld+json\" class=\"yoast-schema-graph\">{\"@context\":\"https:\\\/\\\/schema.org\",\"@graph\":[{\"@type\":\"Article\",\"@id\":\"https:\\\/\\\/radioljubuski.ba\\\/index.php\\\/2021\\\/07\\\/20\\\/grlic-radman-rasvijetliti-sudbinu-nestalih-i-ubijenih-hrvata-bugojna\\\/#article\",\"isPartOf\":{\"@id\":\"https:\\\/\\\/radioljubuski.ba\\\/index.php\\\/2021\\\/07\\\/20\\\/grlic-radman-rasvijetliti-sudbinu-nestalih-i-ubijenih-hrvata-bugojna\\\/\"},\"author\":{\"name\":\"Radio Ljubu\u0161ki\",\"@id\":\"https:\\\/\\\/radioljubuski.ba\\\/#\\\/schema\\\/person\\\/19fc700381a780f69665d7956c469e3b\"},\"headline\":\"Grli\u0107-Radman: Rasvijetliti sudbinu nestalih i ubijenih Hrvata Bugojna\",\"datePublished\":\"2021-07-20T12:26:21+00:00\",\"dateModified\":\"2021-07-20T12:26:24+00:00\",\"mainEntityOfPage\":{\"@id\":\"https:\\\/\\\/radioljubuski.ba\\\/index.php\\\/2021\\\/07\\\/20\\\/grlic-radman-rasvijetliti-sudbinu-nestalih-i-ubijenih-hrvata-bugojna\\\/\"},\"wordCount\":439,\"publisher\":{\"@id\":\"https:\\\/\\\/radioljubuski.ba\\\/#organization\"},\"image\":{\"@id\":\"https:\\\/\\\/radioljubuski.ba\\\/index.php\\\/2021\\\/07\\\/20\\\/grlic-radman-rasvijetliti-sudbinu-nestalih-i-ubijenih-hrvata-bugojna\\\/#primaryimage\"},\"thumbnailUrl\":\"https:\\\/\\\/radioljubuski.ba\\\/wp-content\\\/uploads\\\/2021\\\/07\\\/3-2021-05-06-21-25-24-grlic.jpg\",\"articleSection\":[\"BIH i regija\"],\"inLanguage\":\"hr\"},{\"@type\":\"WebPage\",\"@id\":\"https:\\\/\\\/radioljubuski.ba\\\/index.php\\\/2021\\\/07\\\/20\\\/grlic-radman-rasvijetliti-sudbinu-nestalih-i-ubijenih-hrvata-bugojna\\\/\",\"url\":\"https:\\\/\\\/radioljubuski.ba\\\/index.php\\\/2021\\\/07\\\/20\\\/grlic-radman-rasvijetliti-sudbinu-nestalih-i-ubijenih-hrvata-bugojna\\\/\",\"name\":\"Grli\u0107-Radman: Rasvijetliti sudbinu nestalih i ubijenih Hrvata Bugojna - RADIO LJUBU\u0160KI\",\"isPartOf\":{\"@id\":\"https:\\\/\\\/radioljubuski.ba\\\/#website\"},\"primaryImageOfPage\":{\"@id\":\"https:\\\/\\\/radioljubuski.ba\\\/index.php\\\/2021\\\/07\\\/20\\\/grlic-radman-rasvijetliti-sudbinu-nestalih-i-ubijenih-hrvata-bugojna\\\/#primaryimage\"},\"image\":{\"@id\":\"https:\\\/\\\/radioljubuski.ba\\\/index.php\\\/2021\\\/07\\\/20\\\/grlic-radman-rasvijetliti-sudbinu-nestalih-i-ubijenih-hrvata-bugojna\\\/#primaryimage\"},\"thumbnailUrl\":\"https:\\\/\\\/radioljubuski.ba\\\/wp-content\\\/uploads\\\/2021\\\/07\\\/3-2021-05-06-21-25-24-grlic.jpg\",\"datePublished\":\"2021-07-20T12:26:21+00:00\",\"dateModified\":\"2021-07-20T12:26:24+00:00\",\"breadcrumb\":{\"@id\":\"https:\\\/\\\/radioljubuski.ba\\\/index.php\\\/2021\\\/07\\\/20\\\/grlic-radman-rasvijetliti-sudbinu-nestalih-i-ubijenih-hrvata-bugojna\\\/#breadcrumb\"},\"inLanguage\":\"hr\",\"potentialAction\":[{\"@type\":\"ReadAction\",\"target\":[\"https:\\\/\\\/radioljubuski.ba\\\/index.php\\\/2021\\\/07\\\/20\\\/grlic-radman-rasvijetliti-sudbinu-nestalih-i-ubijenih-hrvata-bugojna\\\/\"]}]},{\"@type\":\"ImageObject\",\"inLanguage\":\"hr\",\"@id\":\"https:\\\/\\\/radioljubuski.ba\\\/index.php\\\/2021\\\/07\\\/20\\\/grlic-radman-rasvijetliti-sudbinu-nestalih-i-ubijenih-hrvata-bugojna\\\/#primaryimage\",\"url\":\"https:\\\/\\\/radioljubuski.ba\\\/wp-content\\\/uploads\\\/2021\\\/07\\\/3-2021-05-06-21-25-24-grlic.jpg\",\"contentUrl\":\"https:\\\/\\\/radioljubuski.ba\\\/wp-content\\\/uploads\\\/2021\\\/07\\\/3-2021-05-06-21-25-24-grlic.jpg\",\"width\":1000,\"height\":625},{\"@type\":\"BreadcrumbList\",\"@id\":\"https:\\\/\\\/radioljubuski.ba\\\/index.php\\\/2021\\\/07\\\/20\\\/grlic-radman-rasvijetliti-sudbinu-nestalih-i-ubijenih-hrvata-bugojna\\\/#breadcrumb\",\"itemListElement\":[{\"@type\":\"ListItem\",\"position\":1,\"name\":\"Po\u010detna stranica\",\"item\":\"https:\\\/\\\/radioljubuski.ba\\\/\"},{\"@type\":\"ListItem\",\"position\":2,\"name\":\"Grli\u0107-Radman: Rasvijetliti sudbinu nestalih i ubijenih Hrvata Bugojna\"}]},{\"@type\":\"WebSite\",\"@id\":\"https:\\\/\\\/radioljubuski.ba\\\/#website\",\"url\":\"https:\\\/\\\/radioljubuski.ba\\\/\",\"name\":\"Radio Ljubu\u0161ki\",\"description\":\"Sun\u010dana frekvencija Hercegovine\",\"publisher\":{\"@id\":\"https:\\\/\\\/radioljubuski.ba\\\/#organization\"},\"potentialAction\":[{\"@type\":\"SearchAction\",\"target\":{\"@type\":\"EntryPoint\",\"urlTemplate\":\"https:\\\/\\\/radioljubuski.ba\\\/?s={search_term_string}\"},\"query-input\":{\"@type\":\"PropertyValueSpecification\",\"valueRequired\":true,\"valueName\":\"search_term_string\"}}],\"inLanguage\":\"hr\"},{\"@type\":\"Organization\",\"@id\":\"https:\\\/\\\/radioljubuski.ba\\\/#organization\",\"name\":\"Radio Ljubu\u0161ki\",\"url\":\"https:\\\/\\\/radioljubuski.ba\\\/\",\"logo\":{\"@type\":\"ImageObject\",\"inLanguage\":\"hr\",\"@id\":\"https:\\\/\\\/radioljubuski.ba\\\/#\\\/schema\\\/logo\\\/image\\\/\",\"url\":\"https:\\\/\\\/radioljubuski.ba\\\/wp-content\\\/uploads\\\/2021\\\/02\\\/cropped-Radio_Ljubuski_logo1.jpg\",\"contentUrl\":\"https:\\\/\\\/radioljubuski.ba\\\/wp-content\\\/uploads\\\/2021\\\/02\\\/cropped-Radio_Ljubuski_logo1.jpg\",\"width\":512,\"height\":512,\"caption\":\"Radio Ljubu\u0161ki\"},\"image\":{\"@id\":\"https:\\\/\\\/radioljubuski.ba\\\/#\\\/schema\\\/logo\\\/image\\\/\"},\"sameAs\":[\"https:\\\/\\\/www.facebook.com\\\/Radiio-Ljubuski-1490835324566332\",\"https:\\\/\\\/x.com\\\/radioljubuski\",\"https:\\\/\\\/hr.linkedin.com\\\/company\\\/radio-ljubuski\",\"https:\\\/\\\/www.youtube.com\\\/channel\\\/UCHYaeO_n0Db3tjNGudGpXyw\"]},{\"@type\":\"Person\",\"@id\":\"https:\\\/\\\/radioljubuski.ba\\\/#\\\/schema\\\/person\\\/19fc700381a780f69665d7956c469e3b\",\"name\":\"Radio Ljubu\u0161ki\"}]}<\/script>\n<!-- \/ Yoast SEO plugin. -->","yoast_head_json":{"title":"Grli\u0107-Radman: Rasvijetliti sudbinu nestalih i ubijenih Hrvata Bugojna - RADIO LJUBU\u0160KI","robots":{"index":"index","follow":"follow","max-snippet":"max-snippet:-1","max-image-preview":"max-image-preview:large","max-video-preview":"max-video-preview:-1"},"canonical":"https:\/\/radioljubuski.ba\/index.php\/2021\/07\/20\/grlic-radman-rasvijetliti-sudbinu-nestalih-i-ubijenih-hrvata-bugojna\/","og_locale":"hr_HR","og_type":"article","og_title":"Grli\u0107-Radman: Rasvijetliti sudbinu nestalih i ubijenih Hrvata Bugojna - RADIO LJUBU\u0160KI","og_description":"Ministar vanjskih i europskih poslova Gordan Grli\u0107 Radman izrazio je u utorak o\u010dekivanje da \u0107e se rasvijetliti sudbina nestalih i ubijenih Hrvata u Bugojnu u sredi\u0161njoj Bosni, gdje je u utorak polo\u017eio vijenac te sudjelovao na misi u \u017eupi Kandiji koja je za vrijeme rata bila posve uni\u0161tena. &nbsp;&#8220;Jako je va\u017eno rasvijetliti mra\u010dnu pro\u0161lost da [&hellip;]","og_url":"https:\/\/radioljubuski.ba\/index.php\/2021\/07\/20\/grlic-radman-rasvijetliti-sudbinu-nestalih-i-ubijenih-hrvata-bugojna\/","og_site_name":"RADIO LJUBU\u0160KI","article_publisher":"https:\/\/www.facebook.com\/Radiio-Ljubuski-1490835324566332","article_published_time":"2021-07-20T12:26:21+00:00","article_modified_time":"2021-07-20T12:26:24+00:00","og_image":[{"width":1000,"height":625,"url":"https:\/\/radioljubuski.ba\/wp-content\/uploads\/2021\/07\/3-2021-05-06-21-25-24-grlic.jpg","type":"image\/jpeg"}],"author":"Radio Ljubu\u0161ki","twitter_card":"summary_large_image","twitter_creator":"@radioljubuski","twitter_site":"@radioljubuski","twitter_misc":{"Napisao\/la":"Radio Ljubu\u0161ki","Procijenjeno vrijeme \u010ditanja":"2 minute"},"schema":{"@context":"https:\/\/schema.org","@graph":[{"@type":"Article","@id":"https:\/\/radioljubuski.ba\/index.php\/2021\/07\/20\/grlic-radman-rasvijetliti-sudbinu-nestalih-i-ubijenih-hrvata-bugojna\/#article","isPartOf":{"@id":"https:\/\/radioljubuski.ba\/index.php\/2021\/07\/20\/grlic-radman-rasvijetliti-sudbinu-nestalih-i-ubijenih-hrvata-bugojna\/"},"author":{"name":"Radio Ljubu\u0161ki","@id":"https:\/\/radioljubuski.ba\/#\/schema\/person\/19fc700381a780f69665d7956c469e3b"},"headline":"Grli\u0107-Radman: Rasvijetliti sudbinu nestalih i ubijenih Hrvata Bugojna","datePublished":"2021-07-20T12:26:21+00:00","dateModified":"2021-07-20T12:26:24+00:00","mainEntityOfPage":{"@id":"https:\/\/radioljubuski.ba\/index.php\/2021\/07\/20\/grlic-radman-rasvijetliti-sudbinu-nestalih-i-ubijenih-hrvata-bugojna\/"},"wordCount":439,"publisher":{"@id":"https:\/\/radioljubuski.ba\/#organization"},"image":{"@id":"https:\/\/radioljubuski.ba\/index.php\/2021\/07\/20\/grlic-radman-rasvijetliti-sudbinu-nestalih-i-ubijenih-hrvata-bugojna\/#primaryimage"},"thumbnailUrl":"https:\/\/radioljubuski.ba\/wp-content\/uploads\/2021\/07\/3-2021-05-06-21-25-24-grlic.jpg","articleSection":["BIH i regija"],"inLanguage":"hr"},{"@type":"WebPage","@id":"https:\/\/radioljubuski.ba\/index.php\/2021\/07\/20\/grlic-radman-rasvijetliti-sudbinu-nestalih-i-ubijenih-hrvata-bugojna\/","url":"https:\/\/radioljubuski.ba\/index.php\/2021\/07\/20\/grlic-radman-rasvijetliti-sudbinu-nestalih-i-ubijenih-hrvata-bugojna\/","name":"Grli\u0107-Radman: Rasvijetliti sudbinu nestalih i ubijenih Hrvata Bugojna - RADIO LJUBU\u0160KI","isPartOf":{"@id":"https:\/\/radioljubuski.ba\/#website"},"primaryImageOfPage":{"@id":"https:\/\/radioljubuski.ba\/index.php\/2021\/07\/20\/grlic-radman-rasvijetliti-sudbinu-nestalih-i-ubijenih-hrvata-bugojna\/#primaryimage"},"image":{"@id":"https:\/\/radioljubuski.ba\/index.php\/2021\/07\/20\/grlic-radman-rasvijetliti-sudbinu-nestalih-i-ubijenih-hrvata-bugojna\/#primaryimage"},"thumbnailUrl":"https:\/\/radioljubuski.ba\/wp-content\/uploads\/2021\/07\/3-2021-05-06-21-25-24-grlic.jpg","datePublished":"2021-07-20T12:26:21+00:00","dateModified":"2021-07-20T12:26:24+00:00","breadcrumb":{"@id":"https:\/\/radioljubuski.ba\/index.php\/2021\/07\/20\/grlic-radman-rasvijetliti-sudbinu-nestalih-i-ubijenih-hrvata-bugojna\/#breadcrumb"},"inLanguage":"hr","potentialAction":[{"@type":"ReadAction","target":["https:\/\/radioljubuski.ba\/index.php\/2021\/07\/20\/grlic-radman-rasvijetliti-sudbinu-nestalih-i-ubijenih-hrvata-bugojna\/"]}]},{"@type":"ImageObject","inLanguage":"hr","@id":"https:\/\/radioljubuski.ba\/index.php\/2021\/07\/20\/grlic-radman-rasvijetliti-sudbinu-nestalih-i-ubijenih-hrvata-bugojna\/#primaryimage","url":"https:\/\/radioljubuski.ba\/wp-content\/uploads\/2021\/07\/3-2021-05-06-21-25-24-grlic.jpg","contentUrl":"https:\/\/radioljubuski.ba\/wp-content\/uploads\/2021\/07\/3-2021-05-06-21-25-24-grlic.jpg","width":1000,"height":625},{"@type":"BreadcrumbList","@id":"https:\/\/radioljubuski.ba\/index.php\/2021\/07\/20\/grlic-radman-rasvijetliti-sudbinu-nestalih-i-ubijenih-hrvata-bugojna\/#breadcrumb","itemListElement":[{"@type":"ListItem","position":1,"name":"Po\u010detna stranica","item":"https:\/\/radioljubuski.ba\/"},{"@type":"ListItem","position":2,"name":"Grli\u0107-Radman: Rasvijetliti sudbinu nestalih i ubijenih Hrvata Bugojna"}]},{"@type":"WebSite","@id":"https:\/\/radioljubuski.ba\/#website","url":"https:\/\/radioljubuski.ba\/","name":"Radio Ljubu\u0161ki","description":"Sun\u010dana frekvencija Hercegovine","publisher":{"@id":"https:\/\/radioljubuski.ba\/#organization"},"potentialAction":[{"@type":"SearchAction","target":{"@type":"EntryPoint","urlTemplate":"https:\/\/radioljubuski.ba\/?s={search_term_string}"},"query-input":{"@type":"PropertyValueSpecification","valueRequired":true,"valueName":"search_term_string"}}],"inLanguage":"hr"},{"@type":"Organization","@id":"https:\/\/radioljubuski.ba\/#organization","name":"Radio Ljubu\u0161ki","url":"https:\/\/radioljubuski.ba\/","logo":{"@type":"ImageObject","inLanguage":"hr","@id":"https:\/\/radioljubuski.ba\/#\/schema\/logo\/image\/","url":"https:\/\/radioljubuski.ba\/wp-content\/uploads\/2021\/02\/cropped-Radio_Ljubuski_logo1.jpg","contentUrl":"https:\/\/radioljubuski.ba\/wp-content\/uploads\/2021\/02\/cropped-Radio_Ljubuski_logo1.jpg","width":512,"height":512,"caption":"Radio Ljubu\u0161ki"},"image":{"@id":"https:\/\/radioljubuski.ba\/#\/schema\/logo\/image\/"},"sameAs":["https:\/\/www.facebook.com\/Radiio-Ljubuski-1490835324566332","https:\/\/x.com\/radioljubuski","https:\/\/hr.linkedin.com\/company\/radio-ljubuski","https:\/\/www.youtube.com\/channel\/UCHYaeO_n0Db3tjNGudGpXyw"]},{"@type":"Person","@id":"https:\/\/radioljubuski.ba\/#\/schema\/person\/19fc700381a780f69665d7956c469e3b","name":"Radio Ljubu\u0161ki"}]}},"_links":{"self":[{"href":"https:\/\/radioljubuski.ba\/index.php\/wp-json\/wp\/v2\/posts\/44311","targetHints":{"allow":["GET"]}}],"collection":[{"href":"https:\/\/radioljubuski.ba\/index.php\/wp-json\/wp\/v2\/posts"}],"about":[{"href":"https:\/\/radioljubuski.ba\/index.php\/wp-json\/wp\/v2\/types\/post"}],"author":[{"embeddable":true,"href":"https:\/\/radioljubuski.ba\/index.php\/wp-json\/wp\/v2\/users\/2"}],"replies":[{"embeddable":true,"href":"https:\/\/radioljubuski.ba\/index.php\/wp-json\/wp\/v2\/comments?post=44311"}],"version-history":[{"count":1,"href":"https:\/\/radioljubuski.ba\/index.php\/wp-json\/wp\/v2\/posts\/44311\/revisions"}],"predecessor-version":[{"id":44312,"href":"https:\/\/radioljubuski.ba\/index.php\/wp-json\/wp\/v2\/posts\/44311\/revisions\/44312"}],"wp:featuredmedia":[{"embeddable":true,"href":"https:\/\/radioljubuski.ba\/index.php\/wp-json\/wp\/v2\/media\/44206"}],"wp:attachment":[{"href":"https:\/\/radioljubuski.ba\/index.php\/wp-json\/wp\/v2\/media?parent=44311"}],"wp:term":[{"taxonomy":"category","embeddable":true,"href":"https:\/\/radioljubuski.ba\/index.php\/wp-json\/wp\/v2\/categories?post=44311"},{"taxonomy":"post_tag","embeddable":true,"href":"https:\/\/radioljubuski.ba\/index.php\/wp-json\/wp\/v2\/tags?post=44311"}],"curies":[{"name":"wp","href":"https:\/\/api.w.org\/{rel}","templated":true}]}}