{"id":44330,"date":"2021-07-20T17:51:31","date_gmt":"2021-07-20T16:51:31","guid":{"rendered":"https:\/\/radioljubuski.ba\/?p=44330"},"modified":"2021-07-20T17:51:33","modified_gmt":"2021-07-20T16:51:33","slug":"miroslav-skoro-podnio-ostavku-na-sve-stranacke-duznosti","status":"publish","type":"post","link":"https:\/\/radioljubuski.ba\/index.php\/2021\/07\/20\/miroslav-skoro-podnio-ostavku-na-sve-stranacke-duznosti\/","title":{"rendered":"Miroslav \u0160koro podnio ostavku na sve strana\u010dke du\u017enosti"},"content":{"rendered":"\n<p>Miroslav \u0160koro podnio je ostavku na mjesto predsjednika Domovinskog pokreta i na sve strana\u010dke funkcije.<\/p>\n\n\n\n<p>Objavio je to na Facebooku.<\/p>\n\n\n\n<p>&#8216;Po\u0161tovani,<\/p>\n\n\n\n<p>ovim putem podnosim neopozivu ostavku na du\u017enost predsjednika stranke Domovinski pokret, sa sjedi\u0161tem u Zagrebu, kao i na sve ostale du\u017enosti u stranci, s danom 20. srpnja 2021. godine.<\/p>\n\n\n\n<p>Ostavku podnosim jer smatram da je sazrelo vrijeme da Domovinski pokret nastavi svoje uspje\u0161no politi\u010dko djelovanje pod drugim, novim vodstvom. Ponosan sam \u0161to smo uspjeli oformiti politi\u010dku stranku DP, koju je hrvatski narod prepoznao kao opciju koja \u017eeli, mo\u017ee i zna o\u010duvati hrvatske nacionalne interese, vrijednosti koje su utkane u na\u0161e dr\u017eavne i narodne temelje. Bila mi je iznimna \u010dast i najiskrenije vam zahvaljujem na ukazanom povjerenju, koje sam dobio odlukom da budem prvi predsjednik Domovinskog pokreta. U tek ne\u0161to vi\u0161e od godine dana od osnutka na\u0161e stranke, zajedni\u010dkim smo naporima ostvarili velike uspjehe na dr\u017eavnim i lokalnim izborima, nametnuv\u0161i se, uz potvrdu volje bira\u010da, kao tre\u0107a snaga i tre\u0107a opcija u Republici Hrvatskoj. To, kao i beskompromisno politi\u010dko zalaganje za klju\u010dne nacionalne interese i slobode svakog na\u0161eg dr\u017eavljana \u2013 nitko nam ne mo\u017ee osporiti.<\/p>\n\n\n\n<p>Iako se ovim putem, iz posve osobnih razloga, odri\u010dem prava biti biran na du\u017enosti i u tijela Domovinskog pokreta, ostat \u0107u i dalje vjerni \u010dlan stranke i svojim sudjelovanjem u njezinom radu te svim prate\u0107im aktivnostima, bez zadr\u0161ke \u0107u pridonositi ostvarenju na\u0161ih strana\u010dkih interesa.<\/p>\n\n\n\n<p>Vrijedilo je!<\/p>\n\n\n\n<p>S po\u0161tovanjem,<\/p>\n\n\n\n<p>dr. sc. Miroslav \u0160koro&#8217;<\/p>\n\n\n\n<iframe loading=\"lazy\" src=\"https:\/\/www.facebook.com\/plugins\/post.php?href=https%3A%2F%2Fwww.facebook.com%2FMiroslavSkoroofficial%2Fposts%2F4248004631933503&#038;show_text=true&#038;width=500\" width=\"500\" height=\"754\" style=\"border:none;overflow:hidden\" scrolling=\"no\" frameborder=\"0\" allowfullscreen=\"true\" allow=\"autoplay; clipboard-write; encrypted-media; picture-in-picture; web-share\"><\/iframe>\n\n\n\n<p>Izvor:pogled.ba<\/p>\n","protected":false},"excerpt":{"rendered":"<p>Miroslav \u0160koro podnio je ostavku na mjesto predsjednika Domovinskog pokreta i na sve strana\u010dke funkcije. Objavio je to na Facebooku. &#8216;Po\u0161tovani, ovim putem podnosim neopozivu ostavku na du\u017enost predsjednika stranke Domovinski pokret, sa sjedi\u0161tem u Zagrebu, kao i na sve ostale du\u017enosti u stranci, s danom 20. srpnja 2021. godine. Ostavku podnosim jer smatram da [&hellip;]<\/p>\n","protected":false},"author":2,"featured_media":44331,"comment_status":"closed","ping_status":"closed","sticky":false,"template":"","format":"standard","meta":{"h5ap_radio_sources":[],"footnotes":""},"categories":[1],"tags":[],"class_list":["post-44330","post","type-post","status-publish","format-standard","has-post-thumbnail","hentry","category-bihiregija"],"yoast_head":"<!-- This site is optimized with the Yoast SEO plugin v27.5 - https:\/\/yoast.com\/product\/yoast-seo-wordpress\/ -->\n<title>Miroslav \u0160koro podnio ostavku na sve strana\u010dke du\u017enosti - RADIO LJUBU\u0160KI<\/title>\n<meta name=\"robots\" content=\"index, follow, max-snippet:-1, max-image-preview:large, max-video-preview:-1\" \/>\n<link rel=\"canonical\" href=\"https:\/\/radioljubuski.ba\/index.php\/2021\/07\/20\/miroslav-skoro-podnio-ostavku-na-sve-stranacke-duznosti\/\" \/>\n<meta property=\"og:locale\" content=\"hr_HR\" \/>\n<meta property=\"og:type\" content=\"article\" \/>\n<meta property=\"og:title\" content=\"Miroslav \u0160koro podnio ostavku na sve strana\u010dke du\u017enosti - RADIO LJUBU\u0160KI\" \/>\n<meta property=\"og:description\" content=\"Miroslav \u0160koro podnio je ostavku na mjesto predsjednika Domovinskog pokreta i na sve strana\u010dke funkcije. Objavio je to na Facebooku. &#8216;Po\u0161tovani, ovim putem podnosim neopozivu ostavku na du\u017enost predsjednika stranke Domovinski pokret, sa sjedi\u0161tem u Zagrebu, kao i na sve ostale du\u017enosti u stranci, s danom 20. srpnja 2021. godine. Ostavku podnosim jer smatram da [&hellip;]\" \/>\n<meta property=\"og:url\" content=\"https:\/\/radioljubuski.ba\/index.php\/2021\/07\/20\/miroslav-skoro-podnio-ostavku-na-sve-stranacke-duznosti\/\" \/>\n<meta property=\"og:site_name\" content=\"RADIO LJUBU\u0160KI\" \/>\n<meta property=\"article:publisher\" content=\"https:\/\/www.facebook.com\/Radiio-Ljubuski-1490835324566332\" \/>\n<meta property=\"article:published_time\" content=\"2021-07-20T16:51:31+00:00\" \/>\n<meta property=\"article:modified_time\" content=\"2021-07-20T16:51:33+00:00\" \/>\n<meta property=\"og:image\" content=\"https:\/\/radioljubuski.ba\/wp-content\/uploads\/2021\/07\/HBEsSi01_61797502_miroslav_skoro.jpg\" \/>\n\t<meta property=\"og:image:width\" content=\"1000\" \/>\n\t<meta property=\"og:image:height\" content=\"625\" \/>\n\t<meta property=\"og:image:type\" content=\"image\/jpeg\" \/>\n<meta name=\"author\" content=\"Radio Ljubu\u0161ki\" \/>\n<meta name=\"twitter:card\" content=\"summary_large_image\" \/>\n<meta name=\"twitter:creator\" content=\"@radioljubuski\" \/>\n<meta name=\"twitter:site\" content=\"@radioljubuski\" \/>\n<meta name=\"twitter:label1\" content=\"Napisao\/la\" \/>\n\t<meta name=\"twitter:data1\" content=\"Radio Ljubu\u0161ki\" \/>\n\t<meta name=\"twitter:label2\" content=\"Procijenjeno vrijeme \u010ditanja\" \/>\n\t<meta name=\"twitter:data2\" content=\"2 minute\" \/>\n<script type=\"application\/ld+json\" class=\"yoast-schema-graph\">{\"@context\":\"https:\\\/\\\/schema.org\",\"@graph\":[{\"@type\":\"Article\",\"@id\":\"https:\\\/\\\/radioljubuski.ba\\\/index.php\\\/2021\\\/07\\\/20\\\/miroslav-skoro-podnio-ostavku-na-sve-stranacke-duznosti\\\/#article\",\"isPartOf\":{\"@id\":\"https:\\\/\\\/radioljubuski.ba\\\/index.php\\\/2021\\\/07\\\/20\\\/miroslav-skoro-podnio-ostavku-na-sve-stranacke-duznosti\\\/\"},\"author\":{\"name\":\"Radio Ljubu\u0161ki\",\"@id\":\"https:\\\/\\\/radioljubuski.ba\\\/#\\\/schema\\\/person\\\/19fc700381a780f69665d7956c469e3b\"},\"headline\":\"Miroslav \u0160koro podnio ostavku na sve strana\u010dke du\u017enosti\",\"datePublished\":\"2021-07-20T16:51:31+00:00\",\"dateModified\":\"2021-07-20T16:51:33+00:00\",\"mainEntityOfPage\":{\"@id\":\"https:\\\/\\\/radioljubuski.ba\\\/index.php\\\/2021\\\/07\\\/20\\\/miroslav-skoro-podnio-ostavku-na-sve-stranacke-duznosti\\\/\"},\"wordCount\":280,\"publisher\":{\"@id\":\"https:\\\/\\\/radioljubuski.ba\\\/#organization\"},\"image\":{\"@id\":\"https:\\\/\\\/radioljubuski.ba\\\/index.php\\\/2021\\\/07\\\/20\\\/miroslav-skoro-podnio-ostavku-na-sve-stranacke-duznosti\\\/#primaryimage\"},\"thumbnailUrl\":\"https:\\\/\\\/radioljubuski.ba\\\/wp-content\\\/uploads\\\/2021\\\/07\\\/HBEsSi01_61797502_miroslav_skoro.jpg\",\"articleSection\":[\"BIH i regija\"],\"inLanguage\":\"hr\"},{\"@type\":\"WebPage\",\"@id\":\"https:\\\/\\\/radioljubuski.ba\\\/index.php\\\/2021\\\/07\\\/20\\\/miroslav-skoro-podnio-ostavku-na-sve-stranacke-duznosti\\\/\",\"url\":\"https:\\\/\\\/radioljubuski.ba\\\/index.php\\\/2021\\\/07\\\/20\\\/miroslav-skoro-podnio-ostavku-na-sve-stranacke-duznosti\\\/\",\"name\":\"Miroslav \u0160koro podnio ostavku na sve strana\u010dke du\u017enosti - RADIO LJUBU\u0160KI\",\"isPartOf\":{\"@id\":\"https:\\\/\\\/radioljubuski.ba\\\/#website\"},\"primaryImageOfPage\":{\"@id\":\"https:\\\/\\\/radioljubuski.ba\\\/index.php\\\/2021\\\/07\\\/20\\\/miroslav-skoro-podnio-ostavku-na-sve-stranacke-duznosti\\\/#primaryimage\"},\"image\":{\"@id\":\"https:\\\/\\\/radioljubuski.ba\\\/index.php\\\/2021\\\/07\\\/20\\\/miroslav-skoro-podnio-ostavku-na-sve-stranacke-duznosti\\\/#primaryimage\"},\"thumbnailUrl\":\"https:\\\/\\\/radioljubuski.ba\\\/wp-content\\\/uploads\\\/2021\\\/07\\\/HBEsSi01_61797502_miroslav_skoro.jpg\",\"datePublished\":\"2021-07-20T16:51:31+00:00\",\"dateModified\":\"2021-07-20T16:51:33+00:00\",\"breadcrumb\":{\"@id\":\"https:\\\/\\\/radioljubuski.ba\\\/index.php\\\/2021\\\/07\\\/20\\\/miroslav-skoro-podnio-ostavku-na-sve-stranacke-duznosti\\\/#breadcrumb\"},\"inLanguage\":\"hr\",\"potentialAction\":[{\"@type\":\"ReadAction\",\"target\":[\"https:\\\/\\\/radioljubuski.ba\\\/index.php\\\/2021\\\/07\\\/20\\\/miroslav-skoro-podnio-ostavku-na-sve-stranacke-duznosti\\\/\"]}]},{\"@type\":\"ImageObject\",\"inLanguage\":\"hr\",\"@id\":\"https:\\\/\\\/radioljubuski.ba\\\/index.php\\\/2021\\\/07\\\/20\\\/miroslav-skoro-podnio-ostavku-na-sve-stranacke-duznosti\\\/#primaryimage\",\"url\":\"https:\\\/\\\/radioljubuski.ba\\\/wp-content\\\/uploads\\\/2021\\\/07\\\/HBEsSi01_61797502_miroslav_skoro.jpg\",\"contentUrl\":\"https:\\\/\\\/radioljubuski.ba\\\/wp-content\\\/uploads\\\/2021\\\/07\\\/HBEsSi01_61797502_miroslav_skoro.jpg\",\"width\":1000,\"height\":625},{\"@type\":\"BreadcrumbList\",\"@id\":\"https:\\\/\\\/radioljubuski.ba\\\/index.php\\\/2021\\\/07\\\/20\\\/miroslav-skoro-podnio-ostavku-na-sve-stranacke-duznosti\\\/#breadcrumb\",\"itemListElement\":[{\"@type\":\"ListItem\",\"position\":1,\"name\":\"Po\u010detna stranica\",\"item\":\"https:\\\/\\\/radioljubuski.ba\\\/\"},{\"@type\":\"ListItem\",\"position\":2,\"name\":\"Miroslav \u0160koro podnio ostavku na sve strana\u010dke du\u017enosti\"}]},{\"@type\":\"WebSite\",\"@id\":\"https:\\\/\\\/radioljubuski.ba\\\/#website\",\"url\":\"https:\\\/\\\/radioljubuski.ba\\\/\",\"name\":\"Radio Ljubu\u0161ki\",\"description\":\"Sun\u010dana frekvencija Hercegovine\",\"publisher\":{\"@id\":\"https:\\\/\\\/radioljubuski.ba\\\/#organization\"},\"potentialAction\":[{\"@type\":\"SearchAction\",\"target\":{\"@type\":\"EntryPoint\",\"urlTemplate\":\"https:\\\/\\\/radioljubuski.ba\\\/?s={search_term_string}\"},\"query-input\":{\"@type\":\"PropertyValueSpecification\",\"valueRequired\":true,\"valueName\":\"search_term_string\"}}],\"inLanguage\":\"hr\"},{\"@type\":\"Organization\",\"@id\":\"https:\\\/\\\/radioljubuski.ba\\\/#organization\",\"name\":\"Radio Ljubu\u0161ki\",\"url\":\"https:\\\/\\\/radioljubuski.ba\\\/\",\"logo\":{\"@type\":\"ImageObject\",\"inLanguage\":\"hr\",\"@id\":\"https:\\\/\\\/radioljubuski.ba\\\/#\\\/schema\\\/logo\\\/image\\\/\",\"url\":\"https:\\\/\\\/radioljubuski.ba\\\/wp-content\\\/uploads\\\/2021\\\/02\\\/cropped-Radio_Ljubuski_logo1.jpg\",\"contentUrl\":\"https:\\\/\\\/radioljubuski.ba\\\/wp-content\\\/uploads\\\/2021\\\/02\\\/cropped-Radio_Ljubuski_logo1.jpg\",\"width\":512,\"height\":512,\"caption\":\"Radio Ljubu\u0161ki\"},\"image\":{\"@id\":\"https:\\\/\\\/radioljubuski.ba\\\/#\\\/schema\\\/logo\\\/image\\\/\"},\"sameAs\":[\"https:\\\/\\\/www.facebook.com\\\/Radiio-Ljubuski-1490835324566332\",\"https:\\\/\\\/x.com\\\/radioljubuski\",\"https:\\\/\\\/hr.linkedin.com\\\/company\\\/radio-ljubuski\",\"https:\\\/\\\/www.youtube.com\\\/channel\\\/UCHYaeO_n0Db3tjNGudGpXyw\"]},{\"@type\":\"Person\",\"@id\":\"https:\\\/\\\/radioljubuski.ba\\\/#\\\/schema\\\/person\\\/19fc700381a780f69665d7956c469e3b\",\"name\":\"Radio Ljubu\u0161ki\"}]}<\/script>\n<!-- \/ Yoast SEO plugin. -->","yoast_head_json":{"title":"Miroslav \u0160koro podnio ostavku na sve strana\u010dke du\u017enosti - RADIO LJUBU\u0160KI","robots":{"index":"index","follow":"follow","max-snippet":"max-snippet:-1","max-image-preview":"max-image-preview:large","max-video-preview":"max-video-preview:-1"},"canonical":"https:\/\/radioljubuski.ba\/index.php\/2021\/07\/20\/miroslav-skoro-podnio-ostavku-na-sve-stranacke-duznosti\/","og_locale":"hr_HR","og_type":"article","og_title":"Miroslav \u0160koro podnio ostavku na sve strana\u010dke du\u017enosti - RADIO LJUBU\u0160KI","og_description":"Miroslav \u0160koro podnio je ostavku na mjesto predsjednika Domovinskog pokreta i na sve strana\u010dke funkcije. Objavio je to na Facebooku. &#8216;Po\u0161tovani, ovim putem podnosim neopozivu ostavku na du\u017enost predsjednika stranke Domovinski pokret, sa sjedi\u0161tem u Zagrebu, kao i na sve ostale du\u017enosti u stranci, s danom 20. srpnja 2021. godine. Ostavku podnosim jer smatram da [&hellip;]","og_url":"https:\/\/radioljubuski.ba\/index.php\/2021\/07\/20\/miroslav-skoro-podnio-ostavku-na-sve-stranacke-duznosti\/","og_site_name":"RADIO LJUBU\u0160KI","article_publisher":"https:\/\/www.facebook.com\/Radiio-Ljubuski-1490835324566332","article_published_time":"2021-07-20T16:51:31+00:00","article_modified_time":"2021-07-20T16:51:33+00:00","og_image":[{"width":1000,"height":625,"url":"https:\/\/radioljubuski.ba\/wp-content\/uploads\/2021\/07\/HBEsSi01_61797502_miroslav_skoro.jpg","type":"image\/jpeg"}],"author":"Radio Ljubu\u0161ki","twitter_card":"summary_large_image","twitter_creator":"@radioljubuski","twitter_site":"@radioljubuski","twitter_misc":{"Napisao\/la":"Radio Ljubu\u0161ki","Procijenjeno vrijeme \u010ditanja":"2 minute"},"schema":{"@context":"https:\/\/schema.org","@graph":[{"@type":"Article","@id":"https:\/\/radioljubuski.ba\/index.php\/2021\/07\/20\/miroslav-skoro-podnio-ostavku-na-sve-stranacke-duznosti\/#article","isPartOf":{"@id":"https:\/\/radioljubuski.ba\/index.php\/2021\/07\/20\/miroslav-skoro-podnio-ostavku-na-sve-stranacke-duznosti\/"},"author":{"name":"Radio Ljubu\u0161ki","@id":"https:\/\/radioljubuski.ba\/#\/schema\/person\/19fc700381a780f69665d7956c469e3b"},"headline":"Miroslav \u0160koro podnio ostavku na sve strana\u010dke du\u017enosti","datePublished":"2021-07-20T16:51:31+00:00","dateModified":"2021-07-20T16:51:33+00:00","mainEntityOfPage":{"@id":"https:\/\/radioljubuski.ba\/index.php\/2021\/07\/20\/miroslav-skoro-podnio-ostavku-na-sve-stranacke-duznosti\/"},"wordCount":280,"publisher":{"@id":"https:\/\/radioljubuski.ba\/#organization"},"image":{"@id":"https:\/\/radioljubuski.ba\/index.php\/2021\/07\/20\/miroslav-skoro-podnio-ostavku-na-sve-stranacke-duznosti\/#primaryimage"},"thumbnailUrl":"https:\/\/radioljubuski.ba\/wp-content\/uploads\/2021\/07\/HBEsSi01_61797502_miroslav_skoro.jpg","articleSection":["BIH i regija"],"inLanguage":"hr"},{"@type":"WebPage","@id":"https:\/\/radioljubuski.ba\/index.php\/2021\/07\/20\/miroslav-skoro-podnio-ostavku-na-sve-stranacke-duznosti\/","url":"https:\/\/radioljubuski.ba\/index.php\/2021\/07\/20\/miroslav-skoro-podnio-ostavku-na-sve-stranacke-duznosti\/","name":"Miroslav \u0160koro podnio ostavku na sve strana\u010dke du\u017enosti - RADIO LJUBU\u0160KI","isPartOf":{"@id":"https:\/\/radioljubuski.ba\/#website"},"primaryImageOfPage":{"@id":"https:\/\/radioljubuski.ba\/index.php\/2021\/07\/20\/miroslav-skoro-podnio-ostavku-na-sve-stranacke-duznosti\/#primaryimage"},"image":{"@id":"https:\/\/radioljubuski.ba\/index.php\/2021\/07\/20\/miroslav-skoro-podnio-ostavku-na-sve-stranacke-duznosti\/#primaryimage"},"thumbnailUrl":"https:\/\/radioljubuski.ba\/wp-content\/uploads\/2021\/07\/HBEsSi01_61797502_miroslav_skoro.jpg","datePublished":"2021-07-20T16:51:31+00:00","dateModified":"2021-07-20T16:51:33+00:00","breadcrumb":{"@id":"https:\/\/radioljubuski.ba\/index.php\/2021\/07\/20\/miroslav-skoro-podnio-ostavku-na-sve-stranacke-duznosti\/#breadcrumb"},"inLanguage":"hr","potentialAction":[{"@type":"ReadAction","target":["https:\/\/radioljubuski.ba\/index.php\/2021\/07\/20\/miroslav-skoro-podnio-ostavku-na-sve-stranacke-duznosti\/"]}]},{"@type":"ImageObject","inLanguage":"hr","@id":"https:\/\/radioljubuski.ba\/index.php\/2021\/07\/20\/miroslav-skoro-podnio-ostavku-na-sve-stranacke-duznosti\/#primaryimage","url":"https:\/\/radioljubuski.ba\/wp-content\/uploads\/2021\/07\/HBEsSi01_61797502_miroslav_skoro.jpg","contentUrl":"https:\/\/radioljubuski.ba\/wp-content\/uploads\/2021\/07\/HBEsSi01_61797502_miroslav_skoro.jpg","width":1000,"height":625},{"@type":"BreadcrumbList","@id":"https:\/\/radioljubuski.ba\/index.php\/2021\/07\/20\/miroslav-skoro-podnio-ostavku-na-sve-stranacke-duznosti\/#breadcrumb","itemListElement":[{"@type":"ListItem","position":1,"name":"Po\u010detna stranica","item":"https:\/\/radioljubuski.ba\/"},{"@type":"ListItem","position":2,"name":"Miroslav \u0160koro podnio ostavku na sve strana\u010dke du\u017enosti"}]},{"@type":"WebSite","@id":"https:\/\/radioljubuski.ba\/#website","url":"https:\/\/radioljubuski.ba\/","name":"Radio Ljubu\u0161ki","description":"Sun\u010dana frekvencija Hercegovine","publisher":{"@id":"https:\/\/radioljubuski.ba\/#organization"},"potentialAction":[{"@type":"SearchAction","target":{"@type":"EntryPoint","urlTemplate":"https:\/\/radioljubuski.ba\/?s={search_term_string}"},"query-input":{"@type":"PropertyValueSpecification","valueRequired":true,"valueName":"search_term_string"}}],"inLanguage":"hr"},{"@type":"Organization","@id":"https:\/\/radioljubuski.ba\/#organization","name":"Radio Ljubu\u0161ki","url":"https:\/\/radioljubuski.ba\/","logo":{"@type":"ImageObject","inLanguage":"hr","@id":"https:\/\/radioljubuski.ba\/#\/schema\/logo\/image\/","url":"https:\/\/radioljubuski.ba\/wp-content\/uploads\/2021\/02\/cropped-Radio_Ljubuski_logo1.jpg","contentUrl":"https:\/\/radioljubuski.ba\/wp-content\/uploads\/2021\/02\/cropped-Radio_Ljubuski_logo1.jpg","width":512,"height":512,"caption":"Radio Ljubu\u0161ki"},"image":{"@id":"https:\/\/radioljubuski.ba\/#\/schema\/logo\/image\/"},"sameAs":["https:\/\/www.facebook.com\/Radiio-Ljubuski-1490835324566332","https:\/\/x.com\/radioljubuski","https:\/\/hr.linkedin.com\/company\/radio-ljubuski","https:\/\/www.youtube.com\/channel\/UCHYaeO_n0Db3tjNGudGpXyw"]},{"@type":"Person","@id":"https:\/\/radioljubuski.ba\/#\/schema\/person\/19fc700381a780f69665d7956c469e3b","name":"Radio Ljubu\u0161ki"}]}},"_links":{"self":[{"href":"https:\/\/radioljubuski.ba\/index.php\/wp-json\/wp\/v2\/posts\/44330","targetHints":{"allow":["GET"]}}],"collection":[{"href":"https:\/\/radioljubuski.ba\/index.php\/wp-json\/wp\/v2\/posts"}],"about":[{"href":"https:\/\/radioljubuski.ba\/index.php\/wp-json\/wp\/v2\/types\/post"}],"author":[{"embeddable":true,"href":"https:\/\/radioljubuski.ba\/index.php\/wp-json\/wp\/v2\/users\/2"}],"replies":[{"embeddable":true,"href":"https:\/\/radioljubuski.ba\/index.php\/wp-json\/wp\/v2\/comments?post=44330"}],"version-history":[{"count":1,"href":"https:\/\/radioljubuski.ba\/index.php\/wp-json\/wp\/v2\/posts\/44330\/revisions"}],"predecessor-version":[{"id":44332,"href":"https:\/\/radioljubuski.ba\/index.php\/wp-json\/wp\/v2\/posts\/44330\/revisions\/44332"}],"wp:featuredmedia":[{"embeddable":true,"href":"https:\/\/radioljubuski.ba\/index.php\/wp-json\/wp\/v2\/media\/44331"}],"wp:attachment":[{"href":"https:\/\/radioljubuski.ba\/index.php\/wp-json\/wp\/v2\/media?parent=44330"}],"wp:term":[{"taxonomy":"category","embeddable":true,"href":"https:\/\/radioljubuski.ba\/index.php\/wp-json\/wp\/v2\/categories?post=44330"},{"taxonomy":"post_tag","embeddable":true,"href":"https:\/\/radioljubuski.ba\/index.php\/wp-json\/wp\/v2\/tags?post=44330"}],"curies":[{"name":"wp","href":"https:\/\/api.w.org\/{rel}","templated":true}]}}