{"id":44333,"date":"2021-07-20T17:53:31","date_gmt":"2021-07-20T16:53:31","guid":{"rendered":"https:\/\/radioljubuski.ba\/?p=44333"},"modified":"2021-07-20T17:53:34","modified_gmt":"2021-07-20T16:53:34","slug":"u-sloveniji-velik-broj-novih-zaraza-upozorenja-na-novi-val","status":"publish","type":"post","link":"https:\/\/radioljubuski.ba\/index.php\/2021\/07\/20\/u-sloveniji-velik-broj-novih-zaraza-upozorenja-na-novi-val\/","title":{"rendered":"U Sloveniji velik broj novih zaraza, upozorenja na novi val"},"content":{"rendered":"\n<p>U Sloveniji je u zadnja 24 sata potvr\u0111eno 88 novih slu\u010dajeva koronavirusa, \u0161to je najve\u0107i broj dnevnih zaraza nakon 17. lipnja, zbog \u010dega zdravstvene vlasti ponovo upozoravaju na dolaze\u0107i novi val i potrebu poja\u010danog cijepljenja.<\/p>\n\n\n\n<p>Jedna od mjera za ve\u0107i odaziv na cijepljenje je odluka vlade da se od 23. kolovoza ukine besplatno testiranje za gra\u0111ane, osim za osobe koje se zbog zdravstvenih razloga ne smiju cijepiti, te necijepljene zdravstvene radnike, osoblje u domovima za starije ili na izdr\u017eavanju kazne i sli\u010dne slu\u010dajeve.<\/p>\n\n\n\n<p>Vlada je do sada za brze testove potro\u0161ila 50 milijuna eura i skoro 70 milijuna za PCR testove, dok je lije\u010denje onih koji su zavr\u0161ili u bolnici stajalo oko 200 milijuna, kazao je u utorak u izjavi za novinare Janez Poklukar, ministar zdravstva. Zato \u0107e se broj mjesta za testiranje smanjivati i oni vi\u0161e osim za posebne kategorije ne\u0107e biti besplatni, no vlada priprema uredbu po kojoj bi se cijena testova za pla\u0107anje maksimirala na 12 eura.<\/p>\n\n\n\n<p>Kako su u petak na konferenciji za novinare kazali ministar zdravstva Poklukar i direktor Instituta za javno zdravlje (NIJZ) Milan Krek, i u Sloveniji i cijeloj Europi trendovi su takvi da raste incidencija zaraza kao i reprodukcijski broj \u0161irenja, sve je prisutnija i zaraznija delta varijanta.<\/p>\n\n\n\n<p>Poklukar je izrazio zabrinutost podacima iz Portugala, gdje je dominantna delta varijanta, jer se pokazalo da i mla\u0111e zara\u017eene osobe od 20 do 40 godina \u010de\u0161\u0107e imaju te\u017ei tijek bolesti i du\u017ei oporavak, zbog \u010dega je kampanju cijepljenja potrebno ubrzati, dok bi za populaciju stariju od 50 godina trebalo posti\u0107i procijepljenost od preko 80 posto.<\/p>\n\n\n\n<p>Svijet ide u novi val epidemije, preporu\u010dujemo svima koji ovog ljeta putuju da se prije odlaska na odmor cijepe, kazao je Krek, dodav\u0161i da je pro\u0161log tjedna u Sloveniji zabilje\u017een i ve\u0107i broj uvo\u017eenih slu\u010dajeva zaraze, me\u0111u njima i 42 iz Hrvatske, te 57 iz \u0160panjolske.<\/p>\n\n\n\n<p>Udio delta varijante me\u0111u zara\u017eenima u Sloveniji se pove\u0107ava, kazao je Krek, dodav\u0161i kako se i Slovenija vjerojatno kre\u0107e prema tre\u0107em valu, zbog \u010dega je potrebno jo\u0161 intenzivnije cijepljenje, ali i pridr\u017eavanje osnovnih protuepidemijskih mjera, kao \u0161to su no\u0161enje maske, fizi\u010dka distanca i provjetravanje prostorija.<\/p>\n\n\n\n<p>\u201cO nama samima ovisi kako \u0107e se taj novi val kod nas kretati\u201d, dodao je.<\/p>\n\n\n\n<p>Slovenska vlada na Twitteru je u utorak objavila da je u 24 sata sa 1734 PCR testova bilo potvr\u0111eno 88 zaraza, ali da ve\u0107 osmi dan za redom nije bilo novih smrtnih slu\u010dajeva.<\/p>\n\n\n\n<p>Udio pozitivnih testova na koronavirus pove\u0107an je na tjednoj i dnevnoj razini i iznosi 5,1, sedmodnevni prosjek zaraza u jednom danu iznosi 54, dok je broj aktivnih slu\u010dajeva zaraze porastao na 799.<\/p>\n\n\n\n<p>Izvor:pogled.ba<\/p>\n","protected":false},"excerpt":{"rendered":"<p>U Sloveniji je u zadnja 24 sata potvr\u0111eno 88 novih slu\u010dajeva koronavirusa, \u0161to je najve\u0107i broj dnevnih zaraza nakon 17. lipnja, zbog \u010dega zdravstvene vlasti ponovo upozoravaju na dolaze\u0107i novi val i potrebu poja\u010danog cijepljenja. Jedna od mjera za ve\u0107i odaziv na cijepljenje je odluka vlade da se od 23. kolovoza ukine besplatno testiranje za [&hellip;]<\/p>\n","protected":false},"author":2,"featured_media":44334,"comment_status":"closed","ping_status":"closed","sticky":false,"template":"","format":"standard","meta":{"h5ap_radio_sources":[],"footnotes":""},"categories":[1],"tags":[],"class_list":["post-44333","post","type-post","status-publish","format-standard","has-post-thumbnail","hentry","category-bihiregija"],"yoast_head":"<!-- This site is optimized with the Yoast SEO plugin v27.5 - https:\/\/yoast.com\/product\/yoast-seo-wordpress\/ -->\n<title>U Sloveniji velik broj novih zaraza, upozorenja na novi val - RADIO LJUBU\u0160KI<\/title>\n<meta name=\"robots\" content=\"index, follow, max-snippet:-1, max-image-preview:large, max-video-preview:-1\" \/>\n<link rel=\"canonical\" href=\"https:\/\/radioljubuski.ba\/index.php\/2021\/07\/20\/u-sloveniji-velik-broj-novih-zaraza-upozorenja-na-novi-val\/\" \/>\n<meta property=\"og:locale\" content=\"hr_HR\" \/>\n<meta property=\"og:type\" content=\"article\" \/>\n<meta property=\"og:title\" content=\"U Sloveniji velik broj novih zaraza, upozorenja na novi val - RADIO LJUBU\u0160KI\" \/>\n<meta property=\"og:description\" content=\"U Sloveniji je u zadnja 24 sata potvr\u0111eno 88 novih slu\u010dajeva koronavirusa, \u0161to je najve\u0107i broj dnevnih zaraza nakon 17. lipnja, zbog \u010dega zdravstvene vlasti ponovo upozoravaju na dolaze\u0107i novi val i potrebu poja\u010danog cijepljenja. Jedna od mjera za ve\u0107i odaziv na cijepljenje je odluka vlade da se od 23. kolovoza ukine besplatno testiranje za [&hellip;]\" \/>\n<meta property=\"og:url\" content=\"https:\/\/radioljubuski.ba\/index.php\/2021\/07\/20\/u-sloveniji-velik-broj-novih-zaraza-upozorenja-na-novi-val\/\" \/>\n<meta property=\"og:site_name\" content=\"RADIO LJUBU\u0160KI\" \/>\n<meta property=\"article:publisher\" content=\"https:\/\/www.facebook.com\/Radiio-Ljubuski-1490835324566332\" \/>\n<meta property=\"article:published_time\" content=\"2021-07-20T16:53:31+00:00\" \/>\n<meta property=\"article:modified_time\" content=\"2021-07-20T16:53:34+00:00\" \/>\n<meta property=\"og:image\" content=\"https:\/\/radioljubuski.ba\/wp-content\/uploads\/2021\/07\/2-2021-05-08-11-57-08-KAfic-slovenija.jpg\" \/>\n\t<meta property=\"og:image:width\" content=\"1000\" \/>\n\t<meta property=\"og:image:height\" content=\"625\" \/>\n\t<meta property=\"og:image:type\" content=\"image\/jpeg\" \/>\n<meta name=\"author\" content=\"Radio Ljubu\u0161ki\" \/>\n<meta name=\"twitter:card\" content=\"summary_large_image\" \/>\n<meta name=\"twitter:creator\" content=\"@radioljubuski\" \/>\n<meta name=\"twitter:site\" content=\"@radioljubuski\" \/>\n<meta name=\"twitter:label1\" content=\"Napisao\/la\" \/>\n\t<meta name=\"twitter:data1\" content=\"Radio Ljubu\u0161ki\" \/>\n\t<meta name=\"twitter:label2\" content=\"Procijenjeno vrijeme \u010ditanja\" \/>\n\t<meta name=\"twitter:data2\" content=\"2 minute\" \/>\n<script type=\"application\/ld+json\" class=\"yoast-schema-graph\">{\"@context\":\"https:\\\/\\\/schema.org\",\"@graph\":[{\"@type\":\"Article\",\"@id\":\"https:\\\/\\\/radioljubuski.ba\\\/index.php\\\/2021\\\/07\\\/20\\\/u-sloveniji-velik-broj-novih-zaraza-upozorenja-na-novi-val\\\/#article\",\"isPartOf\":{\"@id\":\"https:\\\/\\\/radioljubuski.ba\\\/index.php\\\/2021\\\/07\\\/20\\\/u-sloveniji-velik-broj-novih-zaraza-upozorenja-na-novi-val\\\/\"},\"author\":{\"name\":\"Radio Ljubu\u0161ki\",\"@id\":\"https:\\\/\\\/radioljubuski.ba\\\/#\\\/schema\\\/person\\\/19fc700381a780f69665d7956c469e3b\"},\"headline\":\"U Sloveniji velik broj novih zaraza, upozorenja na novi val\",\"datePublished\":\"2021-07-20T16:53:31+00:00\",\"dateModified\":\"2021-07-20T16:53:34+00:00\",\"mainEntityOfPage\":{\"@id\":\"https:\\\/\\\/radioljubuski.ba\\\/index.php\\\/2021\\\/07\\\/20\\\/u-sloveniji-velik-broj-novih-zaraza-upozorenja-na-novi-val\\\/\"},\"wordCount\":468,\"publisher\":{\"@id\":\"https:\\\/\\\/radioljubuski.ba\\\/#organization\"},\"image\":{\"@id\":\"https:\\\/\\\/radioljubuski.ba\\\/index.php\\\/2021\\\/07\\\/20\\\/u-sloveniji-velik-broj-novih-zaraza-upozorenja-na-novi-val\\\/#primaryimage\"},\"thumbnailUrl\":\"https:\\\/\\\/radioljubuski.ba\\\/wp-content\\\/uploads\\\/2021\\\/07\\\/2-2021-05-08-11-57-08-KAfic-slovenija.jpg\",\"articleSection\":[\"BIH i regija\"],\"inLanguage\":\"hr\"},{\"@type\":\"WebPage\",\"@id\":\"https:\\\/\\\/radioljubuski.ba\\\/index.php\\\/2021\\\/07\\\/20\\\/u-sloveniji-velik-broj-novih-zaraza-upozorenja-na-novi-val\\\/\",\"url\":\"https:\\\/\\\/radioljubuski.ba\\\/index.php\\\/2021\\\/07\\\/20\\\/u-sloveniji-velik-broj-novih-zaraza-upozorenja-na-novi-val\\\/\",\"name\":\"U Sloveniji velik broj novih zaraza, upozorenja na novi val - RADIO LJUBU\u0160KI\",\"isPartOf\":{\"@id\":\"https:\\\/\\\/radioljubuski.ba\\\/#website\"},\"primaryImageOfPage\":{\"@id\":\"https:\\\/\\\/radioljubuski.ba\\\/index.php\\\/2021\\\/07\\\/20\\\/u-sloveniji-velik-broj-novih-zaraza-upozorenja-na-novi-val\\\/#primaryimage\"},\"image\":{\"@id\":\"https:\\\/\\\/radioljubuski.ba\\\/index.php\\\/2021\\\/07\\\/20\\\/u-sloveniji-velik-broj-novih-zaraza-upozorenja-na-novi-val\\\/#primaryimage\"},\"thumbnailUrl\":\"https:\\\/\\\/radioljubuski.ba\\\/wp-content\\\/uploads\\\/2021\\\/07\\\/2-2021-05-08-11-57-08-KAfic-slovenija.jpg\",\"datePublished\":\"2021-07-20T16:53:31+00:00\",\"dateModified\":\"2021-07-20T16:53:34+00:00\",\"breadcrumb\":{\"@id\":\"https:\\\/\\\/radioljubuski.ba\\\/index.php\\\/2021\\\/07\\\/20\\\/u-sloveniji-velik-broj-novih-zaraza-upozorenja-na-novi-val\\\/#breadcrumb\"},\"inLanguage\":\"hr\",\"potentialAction\":[{\"@type\":\"ReadAction\",\"target\":[\"https:\\\/\\\/radioljubuski.ba\\\/index.php\\\/2021\\\/07\\\/20\\\/u-sloveniji-velik-broj-novih-zaraza-upozorenja-na-novi-val\\\/\"]}]},{\"@type\":\"ImageObject\",\"inLanguage\":\"hr\",\"@id\":\"https:\\\/\\\/radioljubuski.ba\\\/index.php\\\/2021\\\/07\\\/20\\\/u-sloveniji-velik-broj-novih-zaraza-upozorenja-na-novi-val\\\/#primaryimage\",\"url\":\"https:\\\/\\\/radioljubuski.ba\\\/wp-content\\\/uploads\\\/2021\\\/07\\\/2-2021-05-08-11-57-08-KAfic-slovenija.jpg\",\"contentUrl\":\"https:\\\/\\\/radioljubuski.ba\\\/wp-content\\\/uploads\\\/2021\\\/07\\\/2-2021-05-08-11-57-08-KAfic-slovenija.jpg\",\"width\":1000,\"height\":625},{\"@type\":\"BreadcrumbList\",\"@id\":\"https:\\\/\\\/radioljubuski.ba\\\/index.php\\\/2021\\\/07\\\/20\\\/u-sloveniji-velik-broj-novih-zaraza-upozorenja-na-novi-val\\\/#breadcrumb\",\"itemListElement\":[{\"@type\":\"ListItem\",\"position\":1,\"name\":\"Po\u010detna stranica\",\"item\":\"https:\\\/\\\/radioljubuski.ba\\\/\"},{\"@type\":\"ListItem\",\"position\":2,\"name\":\"U Sloveniji velik broj novih zaraza, upozorenja na novi val\"}]},{\"@type\":\"WebSite\",\"@id\":\"https:\\\/\\\/radioljubuski.ba\\\/#website\",\"url\":\"https:\\\/\\\/radioljubuski.ba\\\/\",\"name\":\"Radio Ljubu\u0161ki\",\"description\":\"Sun\u010dana frekvencija Hercegovine\",\"publisher\":{\"@id\":\"https:\\\/\\\/radioljubuski.ba\\\/#organization\"},\"potentialAction\":[{\"@type\":\"SearchAction\",\"target\":{\"@type\":\"EntryPoint\",\"urlTemplate\":\"https:\\\/\\\/radioljubuski.ba\\\/?s={search_term_string}\"},\"query-input\":{\"@type\":\"PropertyValueSpecification\",\"valueRequired\":true,\"valueName\":\"search_term_string\"}}],\"inLanguage\":\"hr\"},{\"@type\":\"Organization\",\"@id\":\"https:\\\/\\\/radioljubuski.ba\\\/#organization\",\"name\":\"Radio Ljubu\u0161ki\",\"url\":\"https:\\\/\\\/radioljubuski.ba\\\/\",\"logo\":{\"@type\":\"ImageObject\",\"inLanguage\":\"hr\",\"@id\":\"https:\\\/\\\/radioljubuski.ba\\\/#\\\/schema\\\/logo\\\/image\\\/\",\"url\":\"https:\\\/\\\/radioljubuski.ba\\\/wp-content\\\/uploads\\\/2021\\\/02\\\/cropped-Radio_Ljubuski_logo1.jpg\",\"contentUrl\":\"https:\\\/\\\/radioljubuski.ba\\\/wp-content\\\/uploads\\\/2021\\\/02\\\/cropped-Radio_Ljubuski_logo1.jpg\",\"width\":512,\"height\":512,\"caption\":\"Radio Ljubu\u0161ki\"},\"image\":{\"@id\":\"https:\\\/\\\/radioljubuski.ba\\\/#\\\/schema\\\/logo\\\/image\\\/\"},\"sameAs\":[\"https:\\\/\\\/www.facebook.com\\\/Radiio-Ljubuski-1490835324566332\",\"https:\\\/\\\/x.com\\\/radioljubuski\",\"https:\\\/\\\/hr.linkedin.com\\\/company\\\/radio-ljubuski\",\"https:\\\/\\\/www.youtube.com\\\/channel\\\/UCHYaeO_n0Db3tjNGudGpXyw\"]},{\"@type\":\"Person\",\"@id\":\"https:\\\/\\\/radioljubuski.ba\\\/#\\\/schema\\\/person\\\/19fc700381a780f69665d7956c469e3b\",\"name\":\"Radio Ljubu\u0161ki\"}]}<\/script>\n<!-- \/ Yoast SEO plugin. -->","yoast_head_json":{"title":"U Sloveniji velik broj novih zaraza, upozorenja na novi val - RADIO LJUBU\u0160KI","robots":{"index":"index","follow":"follow","max-snippet":"max-snippet:-1","max-image-preview":"max-image-preview:large","max-video-preview":"max-video-preview:-1"},"canonical":"https:\/\/radioljubuski.ba\/index.php\/2021\/07\/20\/u-sloveniji-velik-broj-novih-zaraza-upozorenja-na-novi-val\/","og_locale":"hr_HR","og_type":"article","og_title":"U Sloveniji velik broj novih zaraza, upozorenja na novi val - RADIO LJUBU\u0160KI","og_description":"U Sloveniji je u zadnja 24 sata potvr\u0111eno 88 novih slu\u010dajeva koronavirusa, \u0161to je najve\u0107i broj dnevnih zaraza nakon 17. lipnja, zbog \u010dega zdravstvene vlasti ponovo upozoravaju na dolaze\u0107i novi val i potrebu poja\u010danog cijepljenja. Jedna od mjera za ve\u0107i odaziv na cijepljenje je odluka vlade da se od 23. kolovoza ukine besplatno testiranje za [&hellip;]","og_url":"https:\/\/radioljubuski.ba\/index.php\/2021\/07\/20\/u-sloveniji-velik-broj-novih-zaraza-upozorenja-na-novi-val\/","og_site_name":"RADIO LJUBU\u0160KI","article_publisher":"https:\/\/www.facebook.com\/Radiio-Ljubuski-1490835324566332","article_published_time":"2021-07-20T16:53:31+00:00","article_modified_time":"2021-07-20T16:53:34+00:00","og_image":[{"width":1000,"height":625,"url":"https:\/\/radioljubuski.ba\/wp-content\/uploads\/2021\/07\/2-2021-05-08-11-57-08-KAfic-slovenija.jpg","type":"image\/jpeg"}],"author":"Radio Ljubu\u0161ki","twitter_card":"summary_large_image","twitter_creator":"@radioljubuski","twitter_site":"@radioljubuski","twitter_misc":{"Napisao\/la":"Radio Ljubu\u0161ki","Procijenjeno vrijeme \u010ditanja":"2 minute"},"schema":{"@context":"https:\/\/schema.org","@graph":[{"@type":"Article","@id":"https:\/\/radioljubuski.ba\/index.php\/2021\/07\/20\/u-sloveniji-velik-broj-novih-zaraza-upozorenja-na-novi-val\/#article","isPartOf":{"@id":"https:\/\/radioljubuski.ba\/index.php\/2021\/07\/20\/u-sloveniji-velik-broj-novih-zaraza-upozorenja-na-novi-val\/"},"author":{"name":"Radio Ljubu\u0161ki","@id":"https:\/\/radioljubuski.ba\/#\/schema\/person\/19fc700381a780f69665d7956c469e3b"},"headline":"U Sloveniji velik broj novih zaraza, upozorenja na novi val","datePublished":"2021-07-20T16:53:31+00:00","dateModified":"2021-07-20T16:53:34+00:00","mainEntityOfPage":{"@id":"https:\/\/radioljubuski.ba\/index.php\/2021\/07\/20\/u-sloveniji-velik-broj-novih-zaraza-upozorenja-na-novi-val\/"},"wordCount":468,"publisher":{"@id":"https:\/\/radioljubuski.ba\/#organization"},"image":{"@id":"https:\/\/radioljubuski.ba\/index.php\/2021\/07\/20\/u-sloveniji-velik-broj-novih-zaraza-upozorenja-na-novi-val\/#primaryimage"},"thumbnailUrl":"https:\/\/radioljubuski.ba\/wp-content\/uploads\/2021\/07\/2-2021-05-08-11-57-08-KAfic-slovenija.jpg","articleSection":["BIH i regija"],"inLanguage":"hr"},{"@type":"WebPage","@id":"https:\/\/radioljubuski.ba\/index.php\/2021\/07\/20\/u-sloveniji-velik-broj-novih-zaraza-upozorenja-na-novi-val\/","url":"https:\/\/radioljubuski.ba\/index.php\/2021\/07\/20\/u-sloveniji-velik-broj-novih-zaraza-upozorenja-na-novi-val\/","name":"U Sloveniji velik broj novih zaraza, upozorenja na novi val - RADIO LJUBU\u0160KI","isPartOf":{"@id":"https:\/\/radioljubuski.ba\/#website"},"primaryImageOfPage":{"@id":"https:\/\/radioljubuski.ba\/index.php\/2021\/07\/20\/u-sloveniji-velik-broj-novih-zaraza-upozorenja-na-novi-val\/#primaryimage"},"image":{"@id":"https:\/\/radioljubuski.ba\/index.php\/2021\/07\/20\/u-sloveniji-velik-broj-novih-zaraza-upozorenja-na-novi-val\/#primaryimage"},"thumbnailUrl":"https:\/\/radioljubuski.ba\/wp-content\/uploads\/2021\/07\/2-2021-05-08-11-57-08-KAfic-slovenija.jpg","datePublished":"2021-07-20T16:53:31+00:00","dateModified":"2021-07-20T16:53:34+00:00","breadcrumb":{"@id":"https:\/\/radioljubuski.ba\/index.php\/2021\/07\/20\/u-sloveniji-velik-broj-novih-zaraza-upozorenja-na-novi-val\/#breadcrumb"},"inLanguage":"hr","potentialAction":[{"@type":"ReadAction","target":["https:\/\/radioljubuski.ba\/index.php\/2021\/07\/20\/u-sloveniji-velik-broj-novih-zaraza-upozorenja-na-novi-val\/"]}]},{"@type":"ImageObject","inLanguage":"hr","@id":"https:\/\/radioljubuski.ba\/index.php\/2021\/07\/20\/u-sloveniji-velik-broj-novih-zaraza-upozorenja-na-novi-val\/#primaryimage","url":"https:\/\/radioljubuski.ba\/wp-content\/uploads\/2021\/07\/2-2021-05-08-11-57-08-KAfic-slovenija.jpg","contentUrl":"https:\/\/radioljubuski.ba\/wp-content\/uploads\/2021\/07\/2-2021-05-08-11-57-08-KAfic-slovenija.jpg","width":1000,"height":625},{"@type":"BreadcrumbList","@id":"https:\/\/radioljubuski.ba\/index.php\/2021\/07\/20\/u-sloveniji-velik-broj-novih-zaraza-upozorenja-na-novi-val\/#breadcrumb","itemListElement":[{"@type":"ListItem","position":1,"name":"Po\u010detna stranica","item":"https:\/\/radioljubuski.ba\/"},{"@type":"ListItem","position":2,"name":"U Sloveniji velik broj novih zaraza, upozorenja na novi val"}]},{"@type":"WebSite","@id":"https:\/\/radioljubuski.ba\/#website","url":"https:\/\/radioljubuski.ba\/","name":"Radio Ljubu\u0161ki","description":"Sun\u010dana frekvencija Hercegovine","publisher":{"@id":"https:\/\/radioljubuski.ba\/#organization"},"potentialAction":[{"@type":"SearchAction","target":{"@type":"EntryPoint","urlTemplate":"https:\/\/radioljubuski.ba\/?s={search_term_string}"},"query-input":{"@type":"PropertyValueSpecification","valueRequired":true,"valueName":"search_term_string"}}],"inLanguage":"hr"},{"@type":"Organization","@id":"https:\/\/radioljubuski.ba\/#organization","name":"Radio Ljubu\u0161ki","url":"https:\/\/radioljubuski.ba\/","logo":{"@type":"ImageObject","inLanguage":"hr","@id":"https:\/\/radioljubuski.ba\/#\/schema\/logo\/image\/","url":"https:\/\/radioljubuski.ba\/wp-content\/uploads\/2021\/02\/cropped-Radio_Ljubuski_logo1.jpg","contentUrl":"https:\/\/radioljubuski.ba\/wp-content\/uploads\/2021\/02\/cropped-Radio_Ljubuski_logo1.jpg","width":512,"height":512,"caption":"Radio Ljubu\u0161ki"},"image":{"@id":"https:\/\/radioljubuski.ba\/#\/schema\/logo\/image\/"},"sameAs":["https:\/\/www.facebook.com\/Radiio-Ljubuski-1490835324566332","https:\/\/x.com\/radioljubuski","https:\/\/hr.linkedin.com\/company\/radio-ljubuski","https:\/\/www.youtube.com\/channel\/UCHYaeO_n0Db3tjNGudGpXyw"]},{"@type":"Person","@id":"https:\/\/radioljubuski.ba\/#\/schema\/person\/19fc700381a780f69665d7956c469e3b","name":"Radio Ljubu\u0161ki"}]}},"_links":{"self":[{"href":"https:\/\/radioljubuski.ba\/index.php\/wp-json\/wp\/v2\/posts\/44333","targetHints":{"allow":["GET"]}}],"collection":[{"href":"https:\/\/radioljubuski.ba\/index.php\/wp-json\/wp\/v2\/posts"}],"about":[{"href":"https:\/\/radioljubuski.ba\/index.php\/wp-json\/wp\/v2\/types\/post"}],"author":[{"embeddable":true,"href":"https:\/\/radioljubuski.ba\/index.php\/wp-json\/wp\/v2\/users\/2"}],"replies":[{"embeddable":true,"href":"https:\/\/radioljubuski.ba\/index.php\/wp-json\/wp\/v2\/comments?post=44333"}],"version-history":[{"count":1,"href":"https:\/\/radioljubuski.ba\/index.php\/wp-json\/wp\/v2\/posts\/44333\/revisions"}],"predecessor-version":[{"id":44335,"href":"https:\/\/radioljubuski.ba\/index.php\/wp-json\/wp\/v2\/posts\/44333\/revisions\/44335"}],"wp:featuredmedia":[{"embeddable":true,"href":"https:\/\/radioljubuski.ba\/index.php\/wp-json\/wp\/v2\/media\/44334"}],"wp:attachment":[{"href":"https:\/\/radioljubuski.ba\/index.php\/wp-json\/wp\/v2\/media?parent=44333"}],"wp:term":[{"taxonomy":"category","embeddable":true,"href":"https:\/\/radioljubuski.ba\/index.php\/wp-json\/wp\/v2\/categories?post=44333"},{"taxonomy":"post_tag","embeddable":true,"href":"https:\/\/radioljubuski.ba\/index.php\/wp-json\/wp\/v2\/tags?post=44333"}],"curies":[{"name":"wp","href":"https:\/\/api.w.org\/{rel}","templated":true}]}}