{"id":44378,"date":"2021-07-20T19:00:58","date_gmt":"2021-07-20T18:00:58","guid":{"rendered":"https:\/\/radioljubuski.ba\/?p=44378"},"modified":"2021-07-20T19:01:01","modified_gmt":"2021-07-20T18:01:01","slug":"dinamo-protiv-omonije-na-maksimiru-poznati-su-sastavi","status":"publish","type":"post","link":"https:\/\/radioljubuski.ba\/index.php\/2021\/07\/20\/dinamo-protiv-omonije-na-maksimiru-poznati-su-sastavi\/","title":{"rendered":"Dinamo protiv Omonije na Maksimiru, poznati su sastavi"},"content":{"rendered":"\n<p><strong>Nogometa\u0161i Dinama od 20 sati igraju na Maksimiru prvi dvoboj drugog pretkola Lige prvaka protiv ciparske Omonije.<\/strong><\/p>\n\n\n\n<p>U prvom pretkolu Dinamo je pro\u0161ao islandski Valur.<\/p>\n\n\n\n<p><\/p>\n\n\n\n<p>Dinamo &#8211; Omonia<\/p>\n\n\n\n<p>SASTAVI:<br><br>DINAMO: Livakovi\u0107 &#8211; Moubandje, Theophile-Catherine, Lauritsen, Ristovski &#8211; Jaki\u0107 &#8211; Or\u0161i\u0107, Ademi, Majer, Ivanu\u0161ec &#8211; Petkovi\u0107<br><br>OMONIA: Fabiano &#8211; Lecjaks, Hubo\u010dan, Lang, Shehu &#8211; Jordi Gomez, Diskerud, Kousoulos &#8211; Bautheac, \u0160\u010depovi\u0107, Duri\u0161<\/p>\n\n\n\n<blockquote class=\"twitter-tweet\"><p lang=\"sl\" dir=\"ltr\">Trening \u26bd\ufe0f\ud83d\udcaa\ud83c\udffb\ud83d\ude0a\ud83d\udc99 <a href=\"https:\/\/twitter.com\/hashtag\/dinamozagreb?src=hash&amp;ref_src=twsrc%5Etfw\">#dinamozagreb<\/a> <br><br>\ud83d\udcf7 Matija Habljak\/Pixsell <a href=\"https:\/\/t.co\/XuveiztN9A\">pic.twitter.com\/XuveiztN9A<\/a><\/p>&mdash; GNK Dinamo (@gnkdinamo) <a href=\"https:\/\/twitter.com\/gnkdinamo\/status\/1417400696039694362?ref_src=twsrc%5Etfw\">July 20, 2021<\/a><\/blockquote> <script async src=\"https:\/\/platform.twitter.com\/widgets.js\" charset=\"utf-8\"><\/script>\n\n\n\n<p>&#8211; Omonia Nikozija je pred nama. Izuzetno zahtjevan protivnik, protivnik koji je satkan od vrlo iskusnih igra\u010da. Imaju trenera koji zna igrati na rezultat. O\u010dekujemo te\u0161ku i rovovsku bitku, ali uloga favorita je na nama te \u0107emo se poku\u0161ati postaviti autoritativno i prona\u0107i put za prolazak do tre\u0107eg pretkola, rekao je uo\u010di utakmice trener Dinama&nbsp;<strong>Damir Krznar<\/strong>.<br><br>&#8211; Dinamo je dobra mom\u010dad, pobijedili su Tottenham. Igrali su protiv Harryja Kanea, imali su igra\u010de na Euru. Ne\u0107u izdvajati imena. Bit \u0107e ovo dobar test na\u0161e pripremljenosti, najavio je trener gostiju, Norve\u017eanin<strong>&nbsp;Henning Berg<\/strong>.<\/p>\n\n\n\n<p>Izvor:hrt.hr<\/p>\n","protected":false},"excerpt":{"rendered":"<p>Nogometa\u0161i Dinama od 20 sati igraju na Maksimiru prvi dvoboj drugog pretkola Lige prvaka protiv ciparske Omonije. U prvom pretkolu Dinamo je pro\u0161ao islandski Valur. Dinamo &#8211; Omonia SASTAVI: DINAMO: Livakovi\u0107 &#8211; Moubandje, Theophile-Catherine, Lauritsen, Ristovski &#8211; Jaki\u0107 &#8211; Or\u0161i\u0107, Ademi, Majer, Ivanu\u0161ec &#8211; Petkovi\u0107 OMONIA: Fabiano &#8211; Lecjaks, Hubo\u010dan, Lang, Shehu &#8211; Jordi Gomez, [&hellip;]<\/p>\n","protected":false},"author":2,"featured_media":0,"comment_status":"closed","ping_status":"closed","sticky":false,"template":"","format":"standard","meta":{"h5ap_radio_sources":[],"footnotes":""},"categories":[7],"tags":[],"class_list":["post-44378","post","type-post","status-publish","format-standard","hentry","category-sport"],"yoast_head":"<!-- This site is optimized with the Yoast SEO plugin v27.5 - https:\/\/yoast.com\/product\/yoast-seo-wordpress\/ -->\n<title>Dinamo protiv Omonije na Maksimiru, poznati su sastavi - RADIO LJUBU\u0160KI<\/title>\n<meta name=\"robots\" content=\"index, follow, max-snippet:-1, max-image-preview:large, max-video-preview:-1\" \/>\n<link rel=\"canonical\" href=\"https:\/\/radioljubuski.ba\/index.php\/2021\/07\/20\/dinamo-protiv-omonije-na-maksimiru-poznati-su-sastavi\/\" \/>\n<meta property=\"og:locale\" content=\"hr_HR\" \/>\n<meta property=\"og:type\" content=\"article\" \/>\n<meta property=\"og:title\" content=\"Dinamo protiv Omonije na Maksimiru, poznati su sastavi - RADIO LJUBU\u0160KI\" \/>\n<meta property=\"og:description\" content=\"Nogometa\u0161i Dinama od 20 sati igraju na Maksimiru prvi dvoboj drugog pretkola Lige prvaka protiv ciparske Omonije. U prvom pretkolu Dinamo je pro\u0161ao islandski Valur. Dinamo &#8211; Omonia SASTAVI: DINAMO: Livakovi\u0107 &#8211; Moubandje, Theophile-Catherine, Lauritsen, Ristovski &#8211; Jaki\u0107 &#8211; Or\u0161i\u0107, Ademi, Majer, Ivanu\u0161ec &#8211; Petkovi\u0107 OMONIA: Fabiano &#8211; Lecjaks, Hubo\u010dan, Lang, Shehu &#8211; Jordi Gomez, [&hellip;]\" \/>\n<meta property=\"og:url\" content=\"https:\/\/radioljubuski.ba\/index.php\/2021\/07\/20\/dinamo-protiv-omonije-na-maksimiru-poznati-su-sastavi\/\" \/>\n<meta property=\"og:site_name\" content=\"RADIO LJUBU\u0160KI\" \/>\n<meta property=\"article:publisher\" content=\"https:\/\/www.facebook.com\/Radiio-Ljubuski-1490835324566332\" \/>\n<meta property=\"article:published_time\" content=\"2021-07-20T18:00:58+00:00\" \/>\n<meta property=\"article:modified_time\" content=\"2021-07-20T18:01:01+00:00\" \/>\n<meta property=\"og:image\" content=\"https:\/\/radioljubuski.ba\/wp-content\/uploads\/2021\/07\/pxl-190721-33745458-20210719124053.jpg\" \/>\n\t<meta property=\"og:image:width\" content=\"1600\" \/>\n\t<meta property=\"og:image:height\" content=\"1110\" \/>\n\t<meta property=\"og:image:type\" content=\"image\/jpeg\" \/>\n<meta name=\"author\" content=\"Radio Ljubu\u0161ki\" \/>\n<meta name=\"twitter:card\" content=\"summary_large_image\" \/>\n<meta name=\"twitter:creator\" content=\"@radioljubuski\" \/>\n<meta name=\"twitter:site\" content=\"@radioljubuski\" \/>\n<meta name=\"twitter:label1\" content=\"Napisao\/la\" \/>\n\t<meta name=\"twitter:data1\" content=\"Radio Ljubu\u0161ki\" \/>\n\t<meta name=\"twitter:label2\" content=\"Procijenjeno vrijeme \u010ditanja\" \/>\n\t<meta name=\"twitter:data2\" content=\"1 minuta\" \/>\n<script type=\"application\/ld+json\" class=\"yoast-schema-graph\">{\"@context\":\"https:\\\/\\\/schema.org\",\"@graph\":[{\"@type\":\"Article\",\"@id\":\"https:\\\/\\\/radioljubuski.ba\\\/index.php\\\/2021\\\/07\\\/20\\\/dinamo-protiv-omonije-na-maksimiru-poznati-su-sastavi\\\/#article\",\"isPartOf\":{\"@id\":\"https:\\\/\\\/radioljubuski.ba\\\/index.php\\\/2021\\\/07\\\/20\\\/dinamo-protiv-omonije-na-maksimiru-poznati-su-sastavi\\\/\"},\"author\":{\"name\":\"Radio Ljubu\u0161ki\",\"@id\":\"https:\\\/\\\/radioljubuski.ba\\\/#\\\/schema\\\/person\\\/19fc700381a780f69665d7956c469e3b\"},\"headline\":\"Dinamo protiv Omonije na Maksimiru, poznati su sastavi\",\"datePublished\":\"2021-07-20T18:00:58+00:00\",\"dateModified\":\"2021-07-20T18:01:01+00:00\",\"mainEntityOfPage\":{\"@id\":\"https:\\\/\\\/radioljubuski.ba\\\/index.php\\\/2021\\\/07\\\/20\\\/dinamo-protiv-omonije-na-maksimiru-poznati-su-sastavi\\\/\"},\"wordCount\":197,\"publisher\":{\"@id\":\"https:\\\/\\\/radioljubuski.ba\\\/#organization\"},\"articleSection\":[\"\u0160port\"],\"inLanguage\":\"hr\"},{\"@type\":\"WebPage\",\"@id\":\"https:\\\/\\\/radioljubuski.ba\\\/index.php\\\/2021\\\/07\\\/20\\\/dinamo-protiv-omonije-na-maksimiru-poznati-su-sastavi\\\/\",\"url\":\"https:\\\/\\\/radioljubuski.ba\\\/index.php\\\/2021\\\/07\\\/20\\\/dinamo-protiv-omonije-na-maksimiru-poznati-su-sastavi\\\/\",\"name\":\"Dinamo protiv Omonije na Maksimiru, poznati su sastavi - RADIO LJUBU\u0160KI\",\"isPartOf\":{\"@id\":\"https:\\\/\\\/radioljubuski.ba\\\/#website\"},\"datePublished\":\"2021-07-20T18:00:58+00:00\",\"dateModified\":\"2021-07-20T18:01:01+00:00\",\"breadcrumb\":{\"@id\":\"https:\\\/\\\/radioljubuski.ba\\\/index.php\\\/2021\\\/07\\\/20\\\/dinamo-protiv-omonije-na-maksimiru-poznati-su-sastavi\\\/#breadcrumb\"},\"inLanguage\":\"hr\",\"potentialAction\":[{\"@type\":\"ReadAction\",\"target\":[\"https:\\\/\\\/radioljubuski.ba\\\/index.php\\\/2021\\\/07\\\/20\\\/dinamo-protiv-omonije-na-maksimiru-poznati-su-sastavi\\\/\"]}]},{\"@type\":\"BreadcrumbList\",\"@id\":\"https:\\\/\\\/radioljubuski.ba\\\/index.php\\\/2021\\\/07\\\/20\\\/dinamo-protiv-omonije-na-maksimiru-poznati-su-sastavi\\\/#breadcrumb\",\"itemListElement\":[{\"@type\":\"ListItem\",\"position\":1,\"name\":\"Po\u010detna stranica\",\"item\":\"https:\\\/\\\/radioljubuski.ba\\\/\"},{\"@type\":\"ListItem\",\"position\":2,\"name\":\"Dinamo protiv Omonije na Maksimiru, poznati su sastavi\"}]},{\"@type\":\"WebSite\",\"@id\":\"https:\\\/\\\/radioljubuski.ba\\\/#website\",\"url\":\"https:\\\/\\\/radioljubuski.ba\\\/\",\"name\":\"Radio Ljubu\u0161ki\",\"description\":\"Sun\u010dana frekvencija Hercegovine\",\"publisher\":{\"@id\":\"https:\\\/\\\/radioljubuski.ba\\\/#organization\"},\"potentialAction\":[{\"@type\":\"SearchAction\",\"target\":{\"@type\":\"EntryPoint\",\"urlTemplate\":\"https:\\\/\\\/radioljubuski.ba\\\/?s={search_term_string}\"},\"query-input\":{\"@type\":\"PropertyValueSpecification\",\"valueRequired\":true,\"valueName\":\"search_term_string\"}}],\"inLanguage\":\"hr\"},{\"@type\":\"Organization\",\"@id\":\"https:\\\/\\\/radioljubuski.ba\\\/#organization\",\"name\":\"Radio Ljubu\u0161ki\",\"url\":\"https:\\\/\\\/radioljubuski.ba\\\/\",\"logo\":{\"@type\":\"ImageObject\",\"inLanguage\":\"hr\",\"@id\":\"https:\\\/\\\/radioljubuski.ba\\\/#\\\/schema\\\/logo\\\/image\\\/\",\"url\":\"https:\\\/\\\/radioljubuski.ba\\\/wp-content\\\/uploads\\\/2021\\\/02\\\/cropped-Radio_Ljubuski_logo1.jpg\",\"contentUrl\":\"https:\\\/\\\/radioljubuski.ba\\\/wp-content\\\/uploads\\\/2021\\\/02\\\/cropped-Radio_Ljubuski_logo1.jpg\",\"width\":512,\"height\":512,\"caption\":\"Radio Ljubu\u0161ki\"},\"image\":{\"@id\":\"https:\\\/\\\/radioljubuski.ba\\\/#\\\/schema\\\/logo\\\/image\\\/\"},\"sameAs\":[\"https:\\\/\\\/www.facebook.com\\\/Radiio-Ljubuski-1490835324566332\",\"https:\\\/\\\/x.com\\\/radioljubuski\",\"https:\\\/\\\/hr.linkedin.com\\\/company\\\/radio-ljubuski\",\"https:\\\/\\\/www.youtube.com\\\/channel\\\/UCHYaeO_n0Db3tjNGudGpXyw\"]},{\"@type\":\"Person\",\"@id\":\"https:\\\/\\\/radioljubuski.ba\\\/#\\\/schema\\\/person\\\/19fc700381a780f69665d7956c469e3b\",\"name\":\"Radio Ljubu\u0161ki\"}]}<\/script>\n<!-- \/ Yoast SEO plugin. -->","yoast_head_json":{"title":"Dinamo protiv Omonije na Maksimiru, poznati su sastavi - RADIO LJUBU\u0160KI","robots":{"index":"index","follow":"follow","max-snippet":"max-snippet:-1","max-image-preview":"max-image-preview:large","max-video-preview":"max-video-preview:-1"},"canonical":"https:\/\/radioljubuski.ba\/index.php\/2021\/07\/20\/dinamo-protiv-omonije-na-maksimiru-poznati-su-sastavi\/","og_locale":"hr_HR","og_type":"article","og_title":"Dinamo protiv Omonije na Maksimiru, poznati su sastavi - RADIO LJUBU\u0160KI","og_description":"Nogometa\u0161i Dinama od 20 sati igraju na Maksimiru prvi dvoboj drugog pretkola Lige prvaka protiv ciparske Omonije. U prvom pretkolu Dinamo je pro\u0161ao islandski Valur. Dinamo &#8211; Omonia SASTAVI: DINAMO: Livakovi\u0107 &#8211; Moubandje, Theophile-Catherine, Lauritsen, Ristovski &#8211; Jaki\u0107 &#8211; Or\u0161i\u0107, Ademi, Majer, Ivanu\u0161ec &#8211; Petkovi\u0107 OMONIA: Fabiano &#8211; Lecjaks, Hubo\u010dan, Lang, Shehu &#8211; Jordi Gomez, [&hellip;]","og_url":"https:\/\/radioljubuski.ba\/index.php\/2021\/07\/20\/dinamo-protiv-omonije-na-maksimiru-poznati-su-sastavi\/","og_site_name":"RADIO LJUBU\u0160KI","article_publisher":"https:\/\/www.facebook.com\/Radiio-Ljubuski-1490835324566332","article_published_time":"2021-07-20T18:00:58+00:00","article_modified_time":"2021-07-20T18:01:01+00:00","og_image":[{"width":1600,"height":1110,"url":"https:\/\/radioljubuski.ba\/wp-content\/uploads\/2021\/07\/pxl-190721-33745458-20210719124053.jpg","type":"image\/jpeg"}],"author":"Radio Ljubu\u0161ki","twitter_card":"summary_large_image","twitter_creator":"@radioljubuski","twitter_site":"@radioljubuski","twitter_misc":{"Napisao\/la":"Radio Ljubu\u0161ki","Procijenjeno vrijeme \u010ditanja":"1 minuta"},"schema":{"@context":"https:\/\/schema.org","@graph":[{"@type":"Article","@id":"https:\/\/radioljubuski.ba\/index.php\/2021\/07\/20\/dinamo-protiv-omonije-na-maksimiru-poznati-su-sastavi\/#article","isPartOf":{"@id":"https:\/\/radioljubuski.ba\/index.php\/2021\/07\/20\/dinamo-protiv-omonije-na-maksimiru-poznati-su-sastavi\/"},"author":{"name":"Radio Ljubu\u0161ki","@id":"https:\/\/radioljubuski.ba\/#\/schema\/person\/19fc700381a780f69665d7956c469e3b"},"headline":"Dinamo protiv Omonije na Maksimiru, poznati su sastavi","datePublished":"2021-07-20T18:00:58+00:00","dateModified":"2021-07-20T18:01:01+00:00","mainEntityOfPage":{"@id":"https:\/\/radioljubuski.ba\/index.php\/2021\/07\/20\/dinamo-protiv-omonije-na-maksimiru-poznati-su-sastavi\/"},"wordCount":197,"publisher":{"@id":"https:\/\/radioljubuski.ba\/#organization"},"articleSection":["\u0160port"],"inLanguage":"hr"},{"@type":"WebPage","@id":"https:\/\/radioljubuski.ba\/index.php\/2021\/07\/20\/dinamo-protiv-omonije-na-maksimiru-poznati-su-sastavi\/","url":"https:\/\/radioljubuski.ba\/index.php\/2021\/07\/20\/dinamo-protiv-omonije-na-maksimiru-poznati-su-sastavi\/","name":"Dinamo protiv Omonije na Maksimiru, poznati su sastavi - RADIO LJUBU\u0160KI","isPartOf":{"@id":"https:\/\/radioljubuski.ba\/#website"},"datePublished":"2021-07-20T18:00:58+00:00","dateModified":"2021-07-20T18:01:01+00:00","breadcrumb":{"@id":"https:\/\/radioljubuski.ba\/index.php\/2021\/07\/20\/dinamo-protiv-omonije-na-maksimiru-poznati-su-sastavi\/#breadcrumb"},"inLanguage":"hr","potentialAction":[{"@type":"ReadAction","target":["https:\/\/radioljubuski.ba\/index.php\/2021\/07\/20\/dinamo-protiv-omonije-na-maksimiru-poznati-su-sastavi\/"]}]},{"@type":"BreadcrumbList","@id":"https:\/\/radioljubuski.ba\/index.php\/2021\/07\/20\/dinamo-protiv-omonije-na-maksimiru-poznati-su-sastavi\/#breadcrumb","itemListElement":[{"@type":"ListItem","position":1,"name":"Po\u010detna stranica","item":"https:\/\/radioljubuski.ba\/"},{"@type":"ListItem","position":2,"name":"Dinamo protiv Omonije na Maksimiru, poznati su sastavi"}]},{"@type":"WebSite","@id":"https:\/\/radioljubuski.ba\/#website","url":"https:\/\/radioljubuski.ba\/","name":"Radio Ljubu\u0161ki","description":"Sun\u010dana frekvencija Hercegovine","publisher":{"@id":"https:\/\/radioljubuski.ba\/#organization"},"potentialAction":[{"@type":"SearchAction","target":{"@type":"EntryPoint","urlTemplate":"https:\/\/radioljubuski.ba\/?s={search_term_string}"},"query-input":{"@type":"PropertyValueSpecification","valueRequired":true,"valueName":"search_term_string"}}],"inLanguage":"hr"},{"@type":"Organization","@id":"https:\/\/radioljubuski.ba\/#organization","name":"Radio Ljubu\u0161ki","url":"https:\/\/radioljubuski.ba\/","logo":{"@type":"ImageObject","inLanguage":"hr","@id":"https:\/\/radioljubuski.ba\/#\/schema\/logo\/image\/","url":"https:\/\/radioljubuski.ba\/wp-content\/uploads\/2021\/02\/cropped-Radio_Ljubuski_logo1.jpg","contentUrl":"https:\/\/radioljubuski.ba\/wp-content\/uploads\/2021\/02\/cropped-Radio_Ljubuski_logo1.jpg","width":512,"height":512,"caption":"Radio Ljubu\u0161ki"},"image":{"@id":"https:\/\/radioljubuski.ba\/#\/schema\/logo\/image\/"},"sameAs":["https:\/\/www.facebook.com\/Radiio-Ljubuski-1490835324566332","https:\/\/x.com\/radioljubuski","https:\/\/hr.linkedin.com\/company\/radio-ljubuski","https:\/\/www.youtube.com\/channel\/UCHYaeO_n0Db3tjNGudGpXyw"]},{"@type":"Person","@id":"https:\/\/radioljubuski.ba\/#\/schema\/person\/19fc700381a780f69665d7956c469e3b","name":"Radio Ljubu\u0161ki"}]}},"_links":{"self":[{"href":"https:\/\/radioljubuski.ba\/index.php\/wp-json\/wp\/v2\/posts\/44378","targetHints":{"allow":["GET"]}}],"collection":[{"href":"https:\/\/radioljubuski.ba\/index.php\/wp-json\/wp\/v2\/posts"}],"about":[{"href":"https:\/\/radioljubuski.ba\/index.php\/wp-json\/wp\/v2\/types\/post"}],"author":[{"embeddable":true,"href":"https:\/\/radioljubuski.ba\/index.php\/wp-json\/wp\/v2\/users\/2"}],"replies":[{"embeddable":true,"href":"https:\/\/radioljubuski.ba\/index.php\/wp-json\/wp\/v2\/comments?post=44378"}],"version-history":[{"count":1,"href":"https:\/\/radioljubuski.ba\/index.php\/wp-json\/wp\/v2\/posts\/44378\/revisions"}],"predecessor-version":[{"id":44380,"href":"https:\/\/radioljubuski.ba\/index.php\/wp-json\/wp\/v2\/posts\/44378\/revisions\/44380"}],"wp:attachment":[{"href":"https:\/\/radioljubuski.ba\/index.php\/wp-json\/wp\/v2\/media?parent=44378"}],"wp:term":[{"taxonomy":"category","embeddable":true,"href":"https:\/\/radioljubuski.ba\/index.php\/wp-json\/wp\/v2\/categories?post=44378"},{"taxonomy":"post_tag","embeddable":true,"href":"https:\/\/radioljubuski.ba\/index.php\/wp-json\/wp\/v2\/tags?post=44378"}],"curies":[{"name":"wp","href":"https:\/\/api.w.org\/{rel}","templated":true}]}}