{"id":44436,"date":"2021-07-20T22:31:21","date_gmt":"2021-07-20T21:31:21","guid":{"rendered":"https:\/\/radioljubuski.ba\/?p=44436"},"modified":"2021-07-20T22:31:24","modified_gmt":"2021-07-20T21:31:24","slug":"kerr-thompson-daleko-od-povratka-ali-i-trcanje-je-napredak","status":"publish","type":"post","link":"https:\/\/radioljubuski.ba\/index.php\/2021\/07\/20\/kerr-thompson-daleko-od-povratka-ali-i-trcanje-je-napredak\/","title":{"rendered":"Kerr: Thompson daleko od povratka, ali i tr\u010danje je napredak"},"content":{"rendered":"\n<p><strong>Jedan od najboljih \u0161utera u NBA ligi Klay Thompson (31), koji je propustio dvije sezone zbog ozljeda, vjerojatno \u0107e propustiti i po\u010detak predstoje\u0107e sezone (2021.-2022.) dok se oporavlja od ozljede Ahilove tetive. No, trener Golden State Warriorsa Steve Kerr isti\u010de da njegov oporavak ipak napreduje.<\/strong><\/p>\n\n\n\n<p>&#8211; Thompson je jo\u0161 daleko od toga da \u0107e mo\u0107i po\u010deti igrati, ali kada mo\u017eete ponovno tr\u010dati to je veliki napredak. Boli vas dok tr\u010dite, ali to je dobar osje\u0107aj jer ste ve\u0107 dugo bili van terena. Tako\u0111er, to pozitivno djeluje na psihu igra\u010da, izjavio je za ameri\u010dke medije Steve Kerr.<\/p>\n\n\n\n<p>Klay Thompson je u finalu doigravanja 2019. godine protiv Toronto Raptorsa zaradio te\u0161ku ozljedu koljena, a onda je u studenome pro\u0161le godine pripremaju\u0107i se za povratak na teren ozlijedio Ahilovu tetivu.<\/p>\n\n\n\n<p>Izvor:hrt.hr<\/p>\n","protected":false},"excerpt":{"rendered":"<p>Jedan od najboljih \u0161utera u NBA ligi Klay Thompson (31), koji je propustio dvije sezone zbog ozljeda, vjerojatno \u0107e propustiti i po\u010detak predstoje\u0107e sezone (2021.-2022.) dok se oporavlja od ozljede Ahilove tetive. No, trener Golden State Warriorsa Steve Kerr isti\u010de da njegov oporavak ipak napreduje. &#8211; Thompson je jo\u0161 daleko od toga da \u0107e mo\u0107i [&hellip;]<\/p>\n","protected":false},"author":2,"featured_media":44437,"comment_status":"closed","ping_status":"closed","sticky":false,"template":"","format":"standard","meta":{"h5ap_radio_sources":[],"footnotes":""},"categories":[7],"tags":[],"class_list":["post-44436","post","type-post","status-publish","format-standard","has-post-thumbnail","hentry","category-sport"],"yoast_head":"<!-- This site is optimized with the Yoast SEO plugin v27.5 - https:\/\/yoast.com\/product\/yoast-seo-wordpress\/ -->\n<title>Kerr: Thompson daleko od povratka, ali i tr\u010danje je napredak - RADIO LJUBU\u0160KI<\/title>\n<meta name=\"robots\" content=\"index, follow, max-snippet:-1, max-image-preview:large, max-video-preview:-1\" \/>\n<link rel=\"canonical\" href=\"https:\/\/radioljubuski.ba\/index.php\/2021\/07\/20\/kerr-thompson-daleko-od-povratka-ali-i-trcanje-je-napredak\/\" \/>\n<meta property=\"og:locale\" content=\"hr_HR\" \/>\n<meta property=\"og:type\" content=\"article\" \/>\n<meta property=\"og:title\" content=\"Kerr: Thompson daleko od povratka, ali i tr\u010danje je napredak - RADIO LJUBU\u0160KI\" \/>\n<meta property=\"og:description\" content=\"Jedan od najboljih \u0161utera u NBA ligi Klay Thompson (31), koji je propustio dvije sezone zbog ozljeda, vjerojatno \u0107e propustiti i po\u010detak predstoje\u0107e sezone (2021.-2022.) dok se oporavlja od ozljede Ahilove tetive. No, trener Golden State Warriorsa Steve Kerr isti\u010de da njegov oporavak ipak napreduje. &#8211; Thompson je jo\u0161 daleko od toga da \u0107e mo\u0107i [&hellip;]\" \/>\n<meta property=\"og:url\" content=\"https:\/\/radioljubuski.ba\/index.php\/2021\/07\/20\/kerr-thompson-daleko-od-povratka-ali-i-trcanje-je-napredak\/\" \/>\n<meta property=\"og:site_name\" content=\"RADIO LJUBU\u0160KI\" \/>\n<meta property=\"article:publisher\" content=\"https:\/\/www.facebook.com\/Radiio-Ljubuski-1490835324566332\" \/>\n<meta property=\"article:published_time\" content=\"2021-07-20T21:31:21+00:00\" \/>\n<meta property=\"article:modified_time\" content=\"2021-07-20T21:31:24+00:00\" \/>\n<meta property=\"og:image\" content=\"https:\/\/radioljubuski.ba\/wp-content\/uploads\/2021\/07\/273343.jpg\" \/>\n\t<meta property=\"og:image:width\" content=\"730\" \/>\n\t<meta property=\"og:image:height\" content=\"487\" \/>\n\t<meta property=\"og:image:type\" content=\"image\/jpeg\" \/>\n<meta name=\"author\" content=\"Radio Ljubu\u0161ki\" \/>\n<meta name=\"twitter:card\" content=\"summary_large_image\" \/>\n<meta name=\"twitter:creator\" content=\"@radioljubuski\" \/>\n<meta name=\"twitter:site\" content=\"@radioljubuski\" \/>\n<meta name=\"twitter:label1\" content=\"Napisao\/la\" \/>\n\t<meta name=\"twitter:data1\" content=\"Radio Ljubu\u0161ki\" \/>\n\t<meta name=\"twitter:label2\" content=\"Procijenjeno vrijeme \u010ditanja\" \/>\n\t<meta name=\"twitter:data2\" content=\"1 minuta\" \/>\n<script type=\"application\/ld+json\" class=\"yoast-schema-graph\">{\"@context\":\"https:\\\/\\\/schema.org\",\"@graph\":[{\"@type\":\"Article\",\"@id\":\"https:\\\/\\\/radioljubuski.ba\\\/index.php\\\/2021\\\/07\\\/20\\\/kerr-thompson-daleko-od-povratka-ali-i-trcanje-je-napredak\\\/#article\",\"isPartOf\":{\"@id\":\"https:\\\/\\\/radioljubuski.ba\\\/index.php\\\/2021\\\/07\\\/20\\\/kerr-thompson-daleko-od-povratka-ali-i-trcanje-je-napredak\\\/\"},\"author\":{\"name\":\"Radio Ljubu\u0161ki\",\"@id\":\"https:\\\/\\\/radioljubuski.ba\\\/#\\\/schema\\\/person\\\/19fc700381a780f69665d7956c469e3b\"},\"headline\":\"Kerr: Thompson daleko od povratka, ali i tr\u010danje je napredak\",\"datePublished\":\"2021-07-20T21:31:21+00:00\",\"dateModified\":\"2021-07-20T21:31:24+00:00\",\"mainEntityOfPage\":{\"@id\":\"https:\\\/\\\/radioljubuski.ba\\\/index.php\\\/2021\\\/07\\\/20\\\/kerr-thompson-daleko-od-povratka-ali-i-trcanje-je-napredak\\\/\"},\"wordCount\":154,\"publisher\":{\"@id\":\"https:\\\/\\\/radioljubuski.ba\\\/#organization\"},\"image\":{\"@id\":\"https:\\\/\\\/radioljubuski.ba\\\/index.php\\\/2021\\\/07\\\/20\\\/kerr-thompson-daleko-od-povratka-ali-i-trcanje-je-napredak\\\/#primaryimage\"},\"thumbnailUrl\":\"https:\\\/\\\/radioljubuski.ba\\\/wp-content\\\/uploads\\\/2021\\\/07\\\/273343.jpg\",\"articleSection\":[\"\u0160port\"],\"inLanguage\":\"hr\"},{\"@type\":\"WebPage\",\"@id\":\"https:\\\/\\\/radioljubuski.ba\\\/index.php\\\/2021\\\/07\\\/20\\\/kerr-thompson-daleko-od-povratka-ali-i-trcanje-je-napredak\\\/\",\"url\":\"https:\\\/\\\/radioljubuski.ba\\\/index.php\\\/2021\\\/07\\\/20\\\/kerr-thompson-daleko-od-povratka-ali-i-trcanje-je-napredak\\\/\",\"name\":\"Kerr: Thompson daleko od povratka, ali i tr\u010danje je napredak - RADIO LJUBU\u0160KI\",\"isPartOf\":{\"@id\":\"https:\\\/\\\/radioljubuski.ba\\\/#website\"},\"primaryImageOfPage\":{\"@id\":\"https:\\\/\\\/radioljubuski.ba\\\/index.php\\\/2021\\\/07\\\/20\\\/kerr-thompson-daleko-od-povratka-ali-i-trcanje-je-napredak\\\/#primaryimage\"},\"image\":{\"@id\":\"https:\\\/\\\/radioljubuski.ba\\\/index.php\\\/2021\\\/07\\\/20\\\/kerr-thompson-daleko-od-povratka-ali-i-trcanje-je-napredak\\\/#primaryimage\"},\"thumbnailUrl\":\"https:\\\/\\\/radioljubuski.ba\\\/wp-content\\\/uploads\\\/2021\\\/07\\\/273343.jpg\",\"datePublished\":\"2021-07-20T21:31:21+00:00\",\"dateModified\":\"2021-07-20T21:31:24+00:00\",\"breadcrumb\":{\"@id\":\"https:\\\/\\\/radioljubuski.ba\\\/index.php\\\/2021\\\/07\\\/20\\\/kerr-thompson-daleko-od-povratka-ali-i-trcanje-je-napredak\\\/#breadcrumb\"},\"inLanguage\":\"hr\",\"potentialAction\":[{\"@type\":\"ReadAction\",\"target\":[\"https:\\\/\\\/radioljubuski.ba\\\/index.php\\\/2021\\\/07\\\/20\\\/kerr-thompson-daleko-od-povratka-ali-i-trcanje-je-napredak\\\/\"]}]},{\"@type\":\"ImageObject\",\"inLanguage\":\"hr\",\"@id\":\"https:\\\/\\\/radioljubuski.ba\\\/index.php\\\/2021\\\/07\\\/20\\\/kerr-thompson-daleko-od-povratka-ali-i-trcanje-je-napredak\\\/#primaryimage\",\"url\":\"https:\\\/\\\/radioljubuski.ba\\\/wp-content\\\/uploads\\\/2021\\\/07\\\/273343.jpg\",\"contentUrl\":\"https:\\\/\\\/radioljubuski.ba\\\/wp-content\\\/uploads\\\/2021\\\/07\\\/273343.jpg\",\"width\":730,\"height\":487},{\"@type\":\"BreadcrumbList\",\"@id\":\"https:\\\/\\\/radioljubuski.ba\\\/index.php\\\/2021\\\/07\\\/20\\\/kerr-thompson-daleko-od-povratka-ali-i-trcanje-je-napredak\\\/#breadcrumb\",\"itemListElement\":[{\"@type\":\"ListItem\",\"position\":1,\"name\":\"Po\u010detna stranica\",\"item\":\"https:\\\/\\\/radioljubuski.ba\\\/\"},{\"@type\":\"ListItem\",\"position\":2,\"name\":\"Kerr: Thompson daleko od povratka, ali i tr\u010danje je napredak\"}]},{\"@type\":\"WebSite\",\"@id\":\"https:\\\/\\\/radioljubuski.ba\\\/#website\",\"url\":\"https:\\\/\\\/radioljubuski.ba\\\/\",\"name\":\"Radio Ljubu\u0161ki\",\"description\":\"Sun\u010dana frekvencija Hercegovine\",\"publisher\":{\"@id\":\"https:\\\/\\\/radioljubuski.ba\\\/#organization\"},\"potentialAction\":[{\"@type\":\"SearchAction\",\"target\":{\"@type\":\"EntryPoint\",\"urlTemplate\":\"https:\\\/\\\/radioljubuski.ba\\\/?s={search_term_string}\"},\"query-input\":{\"@type\":\"PropertyValueSpecification\",\"valueRequired\":true,\"valueName\":\"search_term_string\"}}],\"inLanguage\":\"hr\"},{\"@type\":\"Organization\",\"@id\":\"https:\\\/\\\/radioljubuski.ba\\\/#organization\",\"name\":\"Radio Ljubu\u0161ki\",\"url\":\"https:\\\/\\\/radioljubuski.ba\\\/\",\"logo\":{\"@type\":\"ImageObject\",\"inLanguage\":\"hr\",\"@id\":\"https:\\\/\\\/radioljubuski.ba\\\/#\\\/schema\\\/logo\\\/image\\\/\",\"url\":\"https:\\\/\\\/radioljubuski.ba\\\/wp-content\\\/uploads\\\/2021\\\/02\\\/cropped-Radio_Ljubuski_logo1.jpg\",\"contentUrl\":\"https:\\\/\\\/radioljubuski.ba\\\/wp-content\\\/uploads\\\/2021\\\/02\\\/cropped-Radio_Ljubuski_logo1.jpg\",\"width\":512,\"height\":512,\"caption\":\"Radio Ljubu\u0161ki\"},\"image\":{\"@id\":\"https:\\\/\\\/radioljubuski.ba\\\/#\\\/schema\\\/logo\\\/image\\\/\"},\"sameAs\":[\"https:\\\/\\\/www.facebook.com\\\/Radiio-Ljubuski-1490835324566332\",\"https:\\\/\\\/x.com\\\/radioljubuski\",\"https:\\\/\\\/hr.linkedin.com\\\/company\\\/radio-ljubuski\",\"https:\\\/\\\/www.youtube.com\\\/channel\\\/UCHYaeO_n0Db3tjNGudGpXyw\"]},{\"@type\":\"Person\",\"@id\":\"https:\\\/\\\/radioljubuski.ba\\\/#\\\/schema\\\/person\\\/19fc700381a780f69665d7956c469e3b\",\"name\":\"Radio Ljubu\u0161ki\"}]}<\/script>\n<!-- \/ Yoast SEO plugin. -->","yoast_head_json":{"title":"Kerr: Thompson daleko od povratka, ali i tr\u010danje je napredak - RADIO LJUBU\u0160KI","robots":{"index":"index","follow":"follow","max-snippet":"max-snippet:-1","max-image-preview":"max-image-preview:large","max-video-preview":"max-video-preview:-1"},"canonical":"https:\/\/radioljubuski.ba\/index.php\/2021\/07\/20\/kerr-thompson-daleko-od-povratka-ali-i-trcanje-je-napredak\/","og_locale":"hr_HR","og_type":"article","og_title":"Kerr: Thompson daleko od povratka, ali i tr\u010danje je napredak - RADIO LJUBU\u0160KI","og_description":"Jedan od najboljih \u0161utera u NBA ligi Klay Thompson (31), koji je propustio dvije sezone zbog ozljeda, vjerojatno \u0107e propustiti i po\u010detak predstoje\u0107e sezone (2021.-2022.) dok se oporavlja od ozljede Ahilove tetive. No, trener Golden State Warriorsa Steve Kerr isti\u010de da njegov oporavak ipak napreduje. &#8211; Thompson je jo\u0161 daleko od toga da \u0107e mo\u0107i [&hellip;]","og_url":"https:\/\/radioljubuski.ba\/index.php\/2021\/07\/20\/kerr-thompson-daleko-od-povratka-ali-i-trcanje-je-napredak\/","og_site_name":"RADIO LJUBU\u0160KI","article_publisher":"https:\/\/www.facebook.com\/Radiio-Ljubuski-1490835324566332","article_published_time":"2021-07-20T21:31:21+00:00","article_modified_time":"2021-07-20T21:31:24+00:00","og_image":[{"width":730,"height":487,"url":"https:\/\/radioljubuski.ba\/wp-content\/uploads\/2021\/07\/273343.jpg","type":"image\/jpeg"}],"author":"Radio Ljubu\u0161ki","twitter_card":"summary_large_image","twitter_creator":"@radioljubuski","twitter_site":"@radioljubuski","twitter_misc":{"Napisao\/la":"Radio Ljubu\u0161ki","Procijenjeno vrijeme \u010ditanja":"1 minuta"},"schema":{"@context":"https:\/\/schema.org","@graph":[{"@type":"Article","@id":"https:\/\/radioljubuski.ba\/index.php\/2021\/07\/20\/kerr-thompson-daleko-od-povratka-ali-i-trcanje-je-napredak\/#article","isPartOf":{"@id":"https:\/\/radioljubuski.ba\/index.php\/2021\/07\/20\/kerr-thompson-daleko-od-povratka-ali-i-trcanje-je-napredak\/"},"author":{"name":"Radio Ljubu\u0161ki","@id":"https:\/\/radioljubuski.ba\/#\/schema\/person\/19fc700381a780f69665d7956c469e3b"},"headline":"Kerr: Thompson daleko od povratka, ali i tr\u010danje je napredak","datePublished":"2021-07-20T21:31:21+00:00","dateModified":"2021-07-20T21:31:24+00:00","mainEntityOfPage":{"@id":"https:\/\/radioljubuski.ba\/index.php\/2021\/07\/20\/kerr-thompson-daleko-od-povratka-ali-i-trcanje-je-napredak\/"},"wordCount":154,"publisher":{"@id":"https:\/\/radioljubuski.ba\/#organization"},"image":{"@id":"https:\/\/radioljubuski.ba\/index.php\/2021\/07\/20\/kerr-thompson-daleko-od-povratka-ali-i-trcanje-je-napredak\/#primaryimage"},"thumbnailUrl":"https:\/\/radioljubuski.ba\/wp-content\/uploads\/2021\/07\/273343.jpg","articleSection":["\u0160port"],"inLanguage":"hr"},{"@type":"WebPage","@id":"https:\/\/radioljubuski.ba\/index.php\/2021\/07\/20\/kerr-thompson-daleko-od-povratka-ali-i-trcanje-je-napredak\/","url":"https:\/\/radioljubuski.ba\/index.php\/2021\/07\/20\/kerr-thompson-daleko-od-povratka-ali-i-trcanje-je-napredak\/","name":"Kerr: Thompson daleko od povratka, ali i tr\u010danje je napredak - RADIO LJUBU\u0160KI","isPartOf":{"@id":"https:\/\/radioljubuski.ba\/#website"},"primaryImageOfPage":{"@id":"https:\/\/radioljubuski.ba\/index.php\/2021\/07\/20\/kerr-thompson-daleko-od-povratka-ali-i-trcanje-je-napredak\/#primaryimage"},"image":{"@id":"https:\/\/radioljubuski.ba\/index.php\/2021\/07\/20\/kerr-thompson-daleko-od-povratka-ali-i-trcanje-je-napredak\/#primaryimage"},"thumbnailUrl":"https:\/\/radioljubuski.ba\/wp-content\/uploads\/2021\/07\/273343.jpg","datePublished":"2021-07-20T21:31:21+00:00","dateModified":"2021-07-20T21:31:24+00:00","breadcrumb":{"@id":"https:\/\/radioljubuski.ba\/index.php\/2021\/07\/20\/kerr-thompson-daleko-od-povratka-ali-i-trcanje-je-napredak\/#breadcrumb"},"inLanguage":"hr","potentialAction":[{"@type":"ReadAction","target":["https:\/\/radioljubuski.ba\/index.php\/2021\/07\/20\/kerr-thompson-daleko-od-povratka-ali-i-trcanje-je-napredak\/"]}]},{"@type":"ImageObject","inLanguage":"hr","@id":"https:\/\/radioljubuski.ba\/index.php\/2021\/07\/20\/kerr-thompson-daleko-od-povratka-ali-i-trcanje-je-napredak\/#primaryimage","url":"https:\/\/radioljubuski.ba\/wp-content\/uploads\/2021\/07\/273343.jpg","contentUrl":"https:\/\/radioljubuski.ba\/wp-content\/uploads\/2021\/07\/273343.jpg","width":730,"height":487},{"@type":"BreadcrumbList","@id":"https:\/\/radioljubuski.ba\/index.php\/2021\/07\/20\/kerr-thompson-daleko-od-povratka-ali-i-trcanje-je-napredak\/#breadcrumb","itemListElement":[{"@type":"ListItem","position":1,"name":"Po\u010detna stranica","item":"https:\/\/radioljubuski.ba\/"},{"@type":"ListItem","position":2,"name":"Kerr: Thompson daleko od povratka, ali i tr\u010danje je napredak"}]},{"@type":"WebSite","@id":"https:\/\/radioljubuski.ba\/#website","url":"https:\/\/radioljubuski.ba\/","name":"Radio Ljubu\u0161ki","description":"Sun\u010dana frekvencija Hercegovine","publisher":{"@id":"https:\/\/radioljubuski.ba\/#organization"},"potentialAction":[{"@type":"SearchAction","target":{"@type":"EntryPoint","urlTemplate":"https:\/\/radioljubuski.ba\/?s={search_term_string}"},"query-input":{"@type":"PropertyValueSpecification","valueRequired":true,"valueName":"search_term_string"}}],"inLanguage":"hr"},{"@type":"Organization","@id":"https:\/\/radioljubuski.ba\/#organization","name":"Radio Ljubu\u0161ki","url":"https:\/\/radioljubuski.ba\/","logo":{"@type":"ImageObject","inLanguage":"hr","@id":"https:\/\/radioljubuski.ba\/#\/schema\/logo\/image\/","url":"https:\/\/radioljubuski.ba\/wp-content\/uploads\/2021\/02\/cropped-Radio_Ljubuski_logo1.jpg","contentUrl":"https:\/\/radioljubuski.ba\/wp-content\/uploads\/2021\/02\/cropped-Radio_Ljubuski_logo1.jpg","width":512,"height":512,"caption":"Radio Ljubu\u0161ki"},"image":{"@id":"https:\/\/radioljubuski.ba\/#\/schema\/logo\/image\/"},"sameAs":["https:\/\/www.facebook.com\/Radiio-Ljubuski-1490835324566332","https:\/\/x.com\/radioljubuski","https:\/\/hr.linkedin.com\/company\/radio-ljubuski","https:\/\/www.youtube.com\/channel\/UCHYaeO_n0Db3tjNGudGpXyw"]},{"@type":"Person","@id":"https:\/\/radioljubuski.ba\/#\/schema\/person\/19fc700381a780f69665d7956c469e3b","name":"Radio Ljubu\u0161ki"}]}},"_links":{"self":[{"href":"https:\/\/radioljubuski.ba\/index.php\/wp-json\/wp\/v2\/posts\/44436","targetHints":{"allow":["GET"]}}],"collection":[{"href":"https:\/\/radioljubuski.ba\/index.php\/wp-json\/wp\/v2\/posts"}],"about":[{"href":"https:\/\/radioljubuski.ba\/index.php\/wp-json\/wp\/v2\/types\/post"}],"author":[{"embeddable":true,"href":"https:\/\/radioljubuski.ba\/index.php\/wp-json\/wp\/v2\/users\/2"}],"replies":[{"embeddable":true,"href":"https:\/\/radioljubuski.ba\/index.php\/wp-json\/wp\/v2\/comments?post=44436"}],"version-history":[{"count":1,"href":"https:\/\/radioljubuski.ba\/index.php\/wp-json\/wp\/v2\/posts\/44436\/revisions"}],"predecessor-version":[{"id":44438,"href":"https:\/\/radioljubuski.ba\/index.php\/wp-json\/wp\/v2\/posts\/44436\/revisions\/44438"}],"wp:featuredmedia":[{"embeddable":true,"href":"https:\/\/radioljubuski.ba\/index.php\/wp-json\/wp\/v2\/media\/44437"}],"wp:attachment":[{"href":"https:\/\/radioljubuski.ba\/index.php\/wp-json\/wp\/v2\/media?parent=44436"}],"wp:term":[{"taxonomy":"category","embeddable":true,"href":"https:\/\/radioljubuski.ba\/index.php\/wp-json\/wp\/v2\/categories?post=44436"},{"taxonomy":"post_tag","embeddable":true,"href":"https:\/\/radioljubuski.ba\/index.php\/wp-json\/wp\/v2\/tags?post=44436"}],"curies":[{"name":"wp","href":"https:\/\/api.w.org\/{rel}","templated":true}]}}