{"id":44581,"date":"2021-07-21T09:17:09","date_gmt":"2021-07-21T08:17:09","guid":{"rendered":"https:\/\/radioljubuski.ba\/?p=44581"},"modified":"2021-07-21T09:17:10","modified_gmt":"2021-07-21T08:17:10","slug":"pocele-pripreme-za-skolsku-godinu-roditelji-i-skolarci-u-potrazi-za-knjigama","status":"publish","type":"post","link":"https:\/\/radioljubuski.ba\/index.php\/2021\/07\/21\/pocele-pripreme-za-skolsku-godinu-roditelji-i-skolarci-u-potrazi-za-knjigama\/","title":{"rendered":"Po\u010dele pripreme za \u0161kolsku godinu, roditelji i \u0161kolarci u potrazi za knjigama"},"content":{"rendered":"\n<p>Iako je jo\u0161 uvijek rano govoriti o slu\u017ebenom po\u010detku nove \u0161kolske godine, za pripremu, odnosno kupnju ud\u017ebenika i \u0161kolskog pribora, pravo je vrijeme. Roditelji ve\u0107 u raznim Facebook grupama nude i tra\u017ee rabljene ud\u017ebenike jer na taj na\u010din, ka\u017eu, tro\u0161kove poku\u0161avaju svesti na minimum, pi\u0161e Ve\u010dernji list BiH. &nbsp;<\/p>\n\n\n\n<p>Rabljeni ud\u017ebenici<\/p>\n\n\n\n<p>&#8211; Svake godine djeci za \u0161kolu kupujemo rabljene ud\u017ebenike jer je na taj na\u010din lak\u0161e izdr\u017eati tro\u0161ak koji donosi nova \u0161kolska godina. Imam dvoje djece, jedno je 6. razred, a drugo je ove godine zavr\u0161ni razred srednje \u0161kole. Tro\u0161ak kupnje knjiga poku\u0161avamo malo ubla\u017eiti prodajom njihovih starih ud\u017ebenika i kupnjom rabljenih za idu\u0107i razred. Tako radimo ve\u0107 godinama, ud\u017ebenike kupimo rabljene, a radne bilje\u017enice nove. No, ove godine puno je manje ud\u017ebenika u prodaji, ne znam za\u0161to.<\/p>\n\n\n\n<p>Za sada je potra\u017enja primjetno manja, mo\u017eda bude vi\u0161a pred po\u010detak nove \u0161kolske godine &#8211; pri\u010da nam u razgovoru Mostarka Ljilja isti\u010du\u0107i da ve\u0107 krajem tjedne po\u010dinju pripreme za novu \u0161kolsku godinu. &#8211; Ja poku\u0161avam sve rije\u0161iti odmah po zavr\u0161etku razreda, tako da svaki mjesec kupujem pone\u0161to. Jedan mjesec knjige, drugi bilje\u017enice, olovke, bojice, tre\u0107i opremu za tjelesni, ruksake&#8230; Tako je lak\u0161e izdr\u017eati po\u010detak nove \u0161kolske godine jer svi roditelji znaju kako to nije mali tro\u0161ak. Za dvoje djece, ako im trebaju i ruksaci, uz nove knjige bilo bi potrebno oko 900 maraka, ali taj tro\u0161ak uz rabljene knjige sigurno prepolovimo. Ako na to dodamo i novu odje\u0107u, tenisice, jakne&#8230;, tro\u0161kovi znatno rastu &#8211; ka\u017ee nam u razgovoru Mostarka Ljilja, majka dvoje \u0161kolaraca. Za sve roditelje koji svojim \u0161kolarcima \u017eele kupiti nove knjige zavirili smo u mostarske knji\u017eare kako bismo provjerili je li bilo promjene u cijenama.<\/p>\n\n\n\n<p>&#8211; Ni ove godine nije do\u0161lo do promjene u cijenama knjiga, a kupnja se ve\u0107 pomalo zahuktava &#8211; kazali su nam iz jedne mostarske knji\u017eare. Kako veliki broj mostarskih osnovno\u0161kolaca u\u010di iz knjiga razli\u010ditih nakladnika, koje prethodno \u0161kola odredi, uzeli smo prosje\u010dne cijene knjiga. Cijena ud\u017ebenika, radnih bilje\u017enica i vje\u017ebenica kre\u0107e se izme\u0111u 10 i 20 KM. Tako roditelji samo za ud\u017ebenike jednog prva\u0161i\u0107a moraju izdvojiti oko 100 KM. Na to treba dodati ruksak, \u0161kolski pribor, bilje\u017enice, opremu za tjelesni odgoj.<\/p>\n\n\n\n<p>Za komplet ud\u017ebenika za u\u010denike \u010detvrtog razreda potrebno je izdvojiti oko 170 maraka. Za osnovce u vi\u0161im razredima, osmim i devetim, cijene su znatno vi\u0161e. Komplet ud\u017ebenika za osmi razred devetogodi\u0161nje \u0161kole ko\u0161ta oko 345 KM, dok \u0107e roditelji djeteta koji upisuje deveti razred izdvojiti oko 335 maraka. Ovo su, podsje\u0107amo, okvirne cijene prosje\u010dnog ud\u017ebenika te kona\u010dni iznos ovisi o izboru konkretnog ud\u017ebenika od nekoliko mogu\u0107ih nakladnika. I to je tek po\u010detak. I njima, naravno, treba pridodati \u0161kolski pribor i opremu.<\/p>\n\n\n\n<p>Knjige, prijevoz&#8230;<\/p>\n\n\n\n<p>Kada je pak rije\u010d o ruksacima, i njihove cijene variraju, \u0161to svakako ovisi o kvaliteti i veli\u010dini ruksaka. Tako se ruksaci u mostarskim knji\u017earama mogu na\u0107i po cijeni od 30 pa do 120 maraka. Bogate pernice, koje ina\u010de vole svi osnovci, a koje sadr\u017ee sav pribor od olovke, flomastera, bojica, gumice, \u0161iljila, ravnala, rasporeda sati&#8230;, u knji\u017earama se mogu kupiti po cijeni od dvadesetak maraka.<\/p>\n\n\n\n<p>Budu\u0107i da spremanje djeteta za novu \u0161kolsku godinu nije ni lagan ni jeftin zadatak za roditelje, lokalne zajednice u BiH potrudile su se barem na neki na\u010din umanjiti im taj teret. Neke daju pribor i \u0161kolske torbe, neke kupuju knjige, organiziraju besplatan prijevoz&#8230; kako bi \u0161kolarci lak\u0161e pristupili novim \u0161kolskim obvezama.<\/p>\n\n\n\n<p>Izvor:vecernji.ba<\/p>\n","protected":false},"excerpt":{"rendered":"<p>Iako je jo\u0161 uvijek rano govoriti o slu\u017ebenom po\u010detku nove \u0161kolske godine, za pripremu, odnosno kupnju ud\u017ebenika i \u0161kolskog pribora, pravo je vrijeme. Roditelji ve\u0107 u raznim Facebook grupama nude i tra\u017ee rabljene ud\u017ebenike jer na taj na\u010din, ka\u017eu, tro\u0161kove poku\u0161avaju svesti na minimum, pi\u0161e Ve\u010dernji list BiH. &nbsp; Rabljeni ud\u017ebenici &#8211; Svake godine djeci [&hellip;]<\/p>\n","protected":false},"author":2,"featured_media":44582,"comment_status":"closed","ping_status":"closed","sticky":false,"template":"","format":"standard","meta":{"h5ap_radio_sources":[],"footnotes":""},"categories":[1],"tags":[],"class_list":["post-44581","post","type-post","status-publish","format-standard","has-post-thumbnail","hentry","category-bihiregija"],"yoast_head":"<!-- This site is optimized with the Yoast SEO plugin v27.5 - https:\/\/yoast.com\/product\/yoast-seo-wordpress\/ -->\n<title>Po\u010dele pripreme za \u0161kolsku godinu, roditelji i \u0161kolarci u potrazi za knjigama - RADIO LJUBU\u0160KI<\/title>\n<meta name=\"robots\" content=\"index, follow, max-snippet:-1, max-image-preview:large, max-video-preview:-1\" \/>\n<link rel=\"canonical\" href=\"https:\/\/radioljubuski.ba\/index.php\/2021\/07\/21\/pocele-pripreme-za-skolsku-godinu-roditelji-i-skolarci-u-potrazi-za-knjigama\/\" \/>\n<meta property=\"og:locale\" content=\"hr_HR\" \/>\n<meta property=\"og:type\" content=\"article\" \/>\n<meta property=\"og:title\" content=\"Po\u010dele pripreme za \u0161kolsku godinu, roditelji i \u0161kolarci u potrazi za knjigama - RADIO LJUBU\u0160KI\" \/>\n<meta property=\"og:description\" content=\"Iako je jo\u0161 uvijek rano govoriti o slu\u017ebenom po\u010detku nove \u0161kolske godine, za pripremu, odnosno kupnju ud\u017ebenika i \u0161kolskog pribora, pravo je vrijeme. Roditelji ve\u0107 u raznim Facebook grupama nude i tra\u017ee rabljene ud\u017ebenike jer na taj na\u010din, ka\u017eu, tro\u0161kove poku\u0161avaju svesti na minimum, pi\u0161e Ve\u010dernji list BiH. &nbsp; Rabljeni ud\u017ebenici &#8211; Svake godine djeci [&hellip;]\" \/>\n<meta property=\"og:url\" content=\"https:\/\/radioljubuski.ba\/index.php\/2021\/07\/21\/pocele-pripreme-za-skolsku-godinu-roditelji-i-skolarci-u-potrazi-za-knjigama\/\" \/>\n<meta property=\"og:site_name\" content=\"RADIO LJUBU\u0160KI\" \/>\n<meta property=\"article:publisher\" content=\"https:\/\/www.facebook.com\/Radiio-Ljubuski-1490835324566332\" \/>\n<meta property=\"article:published_time\" content=\"2021-07-21T08:17:09+00:00\" \/>\n<meta property=\"article:modified_time\" content=\"2021-07-21T08:17:10+00:00\" \/>\n<meta property=\"og:image\" content=\"https:\/\/radioljubuski.ba\/wp-content\/uploads\/2021\/07\/R16jFaU3_Knjige_s648x380.jpg\" \/>\n\t<meta property=\"og:image:width\" content=\"1000\" \/>\n\t<meta property=\"og:image:height\" content=\"625\" \/>\n\t<meta property=\"og:image:type\" content=\"image\/jpeg\" \/>\n<meta name=\"author\" content=\"Radio Ljubu\u0161ki\" \/>\n<meta name=\"twitter:card\" content=\"summary_large_image\" \/>\n<meta name=\"twitter:creator\" content=\"@radioljubuski\" \/>\n<meta name=\"twitter:site\" content=\"@radioljubuski\" \/>\n<meta name=\"twitter:label1\" content=\"Napisao\/la\" \/>\n\t<meta name=\"twitter:data1\" content=\"Radio Ljubu\u0161ki\" \/>\n\t<meta name=\"twitter:label2\" content=\"Procijenjeno vrijeme \u010ditanja\" \/>\n\t<meta name=\"twitter:data2\" content=\"3 minute\" \/>\n<script type=\"application\/ld+json\" class=\"yoast-schema-graph\">{\"@context\":\"https:\\\/\\\/schema.org\",\"@graph\":[{\"@type\":\"Article\",\"@id\":\"https:\\\/\\\/radioljubuski.ba\\\/index.php\\\/2021\\\/07\\\/21\\\/pocele-pripreme-za-skolsku-godinu-roditelji-i-skolarci-u-potrazi-za-knjigama\\\/#article\",\"isPartOf\":{\"@id\":\"https:\\\/\\\/radioljubuski.ba\\\/index.php\\\/2021\\\/07\\\/21\\\/pocele-pripreme-za-skolsku-godinu-roditelji-i-skolarci-u-potrazi-za-knjigama\\\/\"},\"author\":{\"name\":\"Radio Ljubu\u0161ki\",\"@id\":\"https:\\\/\\\/radioljubuski.ba\\\/#\\\/schema\\\/person\\\/19fc700381a780f69665d7956c469e3b\"},\"headline\":\"Po\u010dele pripreme za \u0161kolsku godinu, roditelji i \u0161kolarci u potrazi za knjigama\",\"datePublished\":\"2021-07-21T08:17:09+00:00\",\"dateModified\":\"2021-07-21T08:17:10+00:00\",\"mainEntityOfPage\":{\"@id\":\"https:\\\/\\\/radioljubuski.ba\\\/index.php\\\/2021\\\/07\\\/21\\\/pocele-pripreme-za-skolsku-godinu-roditelji-i-skolarci-u-potrazi-za-knjigama\\\/\"},\"wordCount\":649,\"publisher\":{\"@id\":\"https:\\\/\\\/radioljubuski.ba\\\/#organization\"},\"image\":{\"@id\":\"https:\\\/\\\/radioljubuski.ba\\\/index.php\\\/2021\\\/07\\\/21\\\/pocele-pripreme-za-skolsku-godinu-roditelji-i-skolarci-u-potrazi-za-knjigama\\\/#primaryimage\"},\"thumbnailUrl\":\"https:\\\/\\\/radioljubuski.ba\\\/wp-content\\\/uploads\\\/2021\\\/07\\\/R16jFaU3_Knjige_s648x380.jpg\",\"articleSection\":[\"BIH i regija\"],\"inLanguage\":\"hr\"},{\"@type\":\"WebPage\",\"@id\":\"https:\\\/\\\/radioljubuski.ba\\\/index.php\\\/2021\\\/07\\\/21\\\/pocele-pripreme-za-skolsku-godinu-roditelji-i-skolarci-u-potrazi-za-knjigama\\\/\",\"url\":\"https:\\\/\\\/radioljubuski.ba\\\/index.php\\\/2021\\\/07\\\/21\\\/pocele-pripreme-za-skolsku-godinu-roditelji-i-skolarci-u-potrazi-za-knjigama\\\/\",\"name\":\"Po\u010dele pripreme za \u0161kolsku godinu, roditelji i \u0161kolarci u potrazi za knjigama - RADIO LJUBU\u0160KI\",\"isPartOf\":{\"@id\":\"https:\\\/\\\/radioljubuski.ba\\\/#website\"},\"primaryImageOfPage\":{\"@id\":\"https:\\\/\\\/radioljubuski.ba\\\/index.php\\\/2021\\\/07\\\/21\\\/pocele-pripreme-za-skolsku-godinu-roditelji-i-skolarci-u-potrazi-za-knjigama\\\/#primaryimage\"},\"image\":{\"@id\":\"https:\\\/\\\/radioljubuski.ba\\\/index.php\\\/2021\\\/07\\\/21\\\/pocele-pripreme-za-skolsku-godinu-roditelji-i-skolarci-u-potrazi-za-knjigama\\\/#primaryimage\"},\"thumbnailUrl\":\"https:\\\/\\\/radioljubuski.ba\\\/wp-content\\\/uploads\\\/2021\\\/07\\\/R16jFaU3_Knjige_s648x380.jpg\",\"datePublished\":\"2021-07-21T08:17:09+00:00\",\"dateModified\":\"2021-07-21T08:17:10+00:00\",\"breadcrumb\":{\"@id\":\"https:\\\/\\\/radioljubuski.ba\\\/index.php\\\/2021\\\/07\\\/21\\\/pocele-pripreme-za-skolsku-godinu-roditelji-i-skolarci-u-potrazi-za-knjigama\\\/#breadcrumb\"},\"inLanguage\":\"hr\",\"potentialAction\":[{\"@type\":\"ReadAction\",\"target\":[\"https:\\\/\\\/radioljubuski.ba\\\/index.php\\\/2021\\\/07\\\/21\\\/pocele-pripreme-za-skolsku-godinu-roditelji-i-skolarci-u-potrazi-za-knjigama\\\/\"]}]},{\"@type\":\"ImageObject\",\"inLanguage\":\"hr\",\"@id\":\"https:\\\/\\\/radioljubuski.ba\\\/index.php\\\/2021\\\/07\\\/21\\\/pocele-pripreme-za-skolsku-godinu-roditelji-i-skolarci-u-potrazi-za-knjigama\\\/#primaryimage\",\"url\":\"https:\\\/\\\/radioljubuski.ba\\\/wp-content\\\/uploads\\\/2021\\\/07\\\/R16jFaU3_Knjige_s648x380.jpg\",\"contentUrl\":\"https:\\\/\\\/radioljubuski.ba\\\/wp-content\\\/uploads\\\/2021\\\/07\\\/R16jFaU3_Knjige_s648x380.jpg\",\"width\":1000,\"height\":625},{\"@type\":\"BreadcrumbList\",\"@id\":\"https:\\\/\\\/radioljubuski.ba\\\/index.php\\\/2021\\\/07\\\/21\\\/pocele-pripreme-za-skolsku-godinu-roditelji-i-skolarci-u-potrazi-za-knjigama\\\/#breadcrumb\",\"itemListElement\":[{\"@type\":\"ListItem\",\"position\":1,\"name\":\"Po\u010detna stranica\",\"item\":\"https:\\\/\\\/radioljubuski.ba\\\/\"},{\"@type\":\"ListItem\",\"position\":2,\"name\":\"Po\u010dele pripreme za \u0161kolsku godinu, roditelji i \u0161kolarci u potrazi za knjigama\"}]},{\"@type\":\"WebSite\",\"@id\":\"https:\\\/\\\/radioljubuski.ba\\\/#website\",\"url\":\"https:\\\/\\\/radioljubuski.ba\\\/\",\"name\":\"Radio Ljubu\u0161ki\",\"description\":\"Sun\u010dana frekvencija Hercegovine\",\"publisher\":{\"@id\":\"https:\\\/\\\/radioljubuski.ba\\\/#organization\"},\"potentialAction\":[{\"@type\":\"SearchAction\",\"target\":{\"@type\":\"EntryPoint\",\"urlTemplate\":\"https:\\\/\\\/radioljubuski.ba\\\/?s={search_term_string}\"},\"query-input\":{\"@type\":\"PropertyValueSpecification\",\"valueRequired\":true,\"valueName\":\"search_term_string\"}}],\"inLanguage\":\"hr\"},{\"@type\":\"Organization\",\"@id\":\"https:\\\/\\\/radioljubuski.ba\\\/#organization\",\"name\":\"Radio Ljubu\u0161ki\",\"url\":\"https:\\\/\\\/radioljubuski.ba\\\/\",\"logo\":{\"@type\":\"ImageObject\",\"inLanguage\":\"hr\",\"@id\":\"https:\\\/\\\/radioljubuski.ba\\\/#\\\/schema\\\/logo\\\/image\\\/\",\"url\":\"https:\\\/\\\/radioljubuski.ba\\\/wp-content\\\/uploads\\\/2021\\\/02\\\/cropped-Radio_Ljubuski_logo1.jpg\",\"contentUrl\":\"https:\\\/\\\/radioljubuski.ba\\\/wp-content\\\/uploads\\\/2021\\\/02\\\/cropped-Radio_Ljubuski_logo1.jpg\",\"width\":512,\"height\":512,\"caption\":\"Radio Ljubu\u0161ki\"},\"image\":{\"@id\":\"https:\\\/\\\/radioljubuski.ba\\\/#\\\/schema\\\/logo\\\/image\\\/\"},\"sameAs\":[\"https:\\\/\\\/www.facebook.com\\\/Radiio-Ljubuski-1490835324566332\",\"https:\\\/\\\/x.com\\\/radioljubuski\",\"https:\\\/\\\/hr.linkedin.com\\\/company\\\/radio-ljubuski\",\"https:\\\/\\\/www.youtube.com\\\/channel\\\/UCHYaeO_n0Db3tjNGudGpXyw\"]},{\"@type\":\"Person\",\"@id\":\"https:\\\/\\\/radioljubuski.ba\\\/#\\\/schema\\\/person\\\/19fc700381a780f69665d7956c469e3b\",\"name\":\"Radio Ljubu\u0161ki\"}]}<\/script>\n<!-- \/ Yoast SEO plugin. -->","yoast_head_json":{"title":"Po\u010dele pripreme za \u0161kolsku godinu, roditelji i \u0161kolarci u potrazi za knjigama - RADIO LJUBU\u0160KI","robots":{"index":"index","follow":"follow","max-snippet":"max-snippet:-1","max-image-preview":"max-image-preview:large","max-video-preview":"max-video-preview:-1"},"canonical":"https:\/\/radioljubuski.ba\/index.php\/2021\/07\/21\/pocele-pripreme-za-skolsku-godinu-roditelji-i-skolarci-u-potrazi-za-knjigama\/","og_locale":"hr_HR","og_type":"article","og_title":"Po\u010dele pripreme za \u0161kolsku godinu, roditelji i \u0161kolarci u potrazi za knjigama - RADIO LJUBU\u0160KI","og_description":"Iako je jo\u0161 uvijek rano govoriti o slu\u017ebenom po\u010detku nove \u0161kolske godine, za pripremu, odnosno kupnju ud\u017ebenika i \u0161kolskog pribora, pravo je vrijeme. Roditelji ve\u0107 u raznim Facebook grupama nude i tra\u017ee rabljene ud\u017ebenike jer na taj na\u010din, ka\u017eu, tro\u0161kove poku\u0161avaju svesti na minimum, pi\u0161e Ve\u010dernji list BiH. &nbsp; Rabljeni ud\u017ebenici &#8211; Svake godine djeci [&hellip;]","og_url":"https:\/\/radioljubuski.ba\/index.php\/2021\/07\/21\/pocele-pripreme-za-skolsku-godinu-roditelji-i-skolarci-u-potrazi-za-knjigama\/","og_site_name":"RADIO LJUBU\u0160KI","article_publisher":"https:\/\/www.facebook.com\/Radiio-Ljubuski-1490835324566332","article_published_time":"2021-07-21T08:17:09+00:00","article_modified_time":"2021-07-21T08:17:10+00:00","og_image":[{"width":1000,"height":625,"url":"https:\/\/radioljubuski.ba\/wp-content\/uploads\/2021\/07\/R16jFaU3_Knjige_s648x380.jpg","type":"image\/jpeg"}],"author":"Radio Ljubu\u0161ki","twitter_card":"summary_large_image","twitter_creator":"@radioljubuski","twitter_site":"@radioljubuski","twitter_misc":{"Napisao\/la":"Radio Ljubu\u0161ki","Procijenjeno vrijeme \u010ditanja":"3 minute"},"schema":{"@context":"https:\/\/schema.org","@graph":[{"@type":"Article","@id":"https:\/\/radioljubuski.ba\/index.php\/2021\/07\/21\/pocele-pripreme-za-skolsku-godinu-roditelji-i-skolarci-u-potrazi-za-knjigama\/#article","isPartOf":{"@id":"https:\/\/radioljubuski.ba\/index.php\/2021\/07\/21\/pocele-pripreme-za-skolsku-godinu-roditelji-i-skolarci-u-potrazi-za-knjigama\/"},"author":{"name":"Radio Ljubu\u0161ki","@id":"https:\/\/radioljubuski.ba\/#\/schema\/person\/19fc700381a780f69665d7956c469e3b"},"headline":"Po\u010dele pripreme za \u0161kolsku godinu, roditelji i \u0161kolarci u potrazi za knjigama","datePublished":"2021-07-21T08:17:09+00:00","dateModified":"2021-07-21T08:17:10+00:00","mainEntityOfPage":{"@id":"https:\/\/radioljubuski.ba\/index.php\/2021\/07\/21\/pocele-pripreme-za-skolsku-godinu-roditelji-i-skolarci-u-potrazi-za-knjigama\/"},"wordCount":649,"publisher":{"@id":"https:\/\/radioljubuski.ba\/#organization"},"image":{"@id":"https:\/\/radioljubuski.ba\/index.php\/2021\/07\/21\/pocele-pripreme-za-skolsku-godinu-roditelji-i-skolarci-u-potrazi-za-knjigama\/#primaryimage"},"thumbnailUrl":"https:\/\/radioljubuski.ba\/wp-content\/uploads\/2021\/07\/R16jFaU3_Knjige_s648x380.jpg","articleSection":["BIH i regija"],"inLanguage":"hr"},{"@type":"WebPage","@id":"https:\/\/radioljubuski.ba\/index.php\/2021\/07\/21\/pocele-pripreme-za-skolsku-godinu-roditelji-i-skolarci-u-potrazi-za-knjigama\/","url":"https:\/\/radioljubuski.ba\/index.php\/2021\/07\/21\/pocele-pripreme-za-skolsku-godinu-roditelji-i-skolarci-u-potrazi-za-knjigama\/","name":"Po\u010dele pripreme za \u0161kolsku godinu, roditelji i \u0161kolarci u potrazi za knjigama - RADIO LJUBU\u0160KI","isPartOf":{"@id":"https:\/\/radioljubuski.ba\/#website"},"primaryImageOfPage":{"@id":"https:\/\/radioljubuski.ba\/index.php\/2021\/07\/21\/pocele-pripreme-za-skolsku-godinu-roditelji-i-skolarci-u-potrazi-za-knjigama\/#primaryimage"},"image":{"@id":"https:\/\/radioljubuski.ba\/index.php\/2021\/07\/21\/pocele-pripreme-za-skolsku-godinu-roditelji-i-skolarci-u-potrazi-za-knjigama\/#primaryimage"},"thumbnailUrl":"https:\/\/radioljubuski.ba\/wp-content\/uploads\/2021\/07\/R16jFaU3_Knjige_s648x380.jpg","datePublished":"2021-07-21T08:17:09+00:00","dateModified":"2021-07-21T08:17:10+00:00","breadcrumb":{"@id":"https:\/\/radioljubuski.ba\/index.php\/2021\/07\/21\/pocele-pripreme-za-skolsku-godinu-roditelji-i-skolarci-u-potrazi-za-knjigama\/#breadcrumb"},"inLanguage":"hr","potentialAction":[{"@type":"ReadAction","target":["https:\/\/radioljubuski.ba\/index.php\/2021\/07\/21\/pocele-pripreme-za-skolsku-godinu-roditelji-i-skolarci-u-potrazi-za-knjigama\/"]}]},{"@type":"ImageObject","inLanguage":"hr","@id":"https:\/\/radioljubuski.ba\/index.php\/2021\/07\/21\/pocele-pripreme-za-skolsku-godinu-roditelji-i-skolarci-u-potrazi-za-knjigama\/#primaryimage","url":"https:\/\/radioljubuski.ba\/wp-content\/uploads\/2021\/07\/R16jFaU3_Knjige_s648x380.jpg","contentUrl":"https:\/\/radioljubuski.ba\/wp-content\/uploads\/2021\/07\/R16jFaU3_Knjige_s648x380.jpg","width":1000,"height":625},{"@type":"BreadcrumbList","@id":"https:\/\/radioljubuski.ba\/index.php\/2021\/07\/21\/pocele-pripreme-za-skolsku-godinu-roditelji-i-skolarci-u-potrazi-za-knjigama\/#breadcrumb","itemListElement":[{"@type":"ListItem","position":1,"name":"Po\u010detna stranica","item":"https:\/\/radioljubuski.ba\/"},{"@type":"ListItem","position":2,"name":"Po\u010dele pripreme za \u0161kolsku godinu, roditelji i \u0161kolarci u potrazi za knjigama"}]},{"@type":"WebSite","@id":"https:\/\/radioljubuski.ba\/#website","url":"https:\/\/radioljubuski.ba\/","name":"Radio Ljubu\u0161ki","description":"Sun\u010dana frekvencija Hercegovine","publisher":{"@id":"https:\/\/radioljubuski.ba\/#organization"},"potentialAction":[{"@type":"SearchAction","target":{"@type":"EntryPoint","urlTemplate":"https:\/\/radioljubuski.ba\/?s={search_term_string}"},"query-input":{"@type":"PropertyValueSpecification","valueRequired":true,"valueName":"search_term_string"}}],"inLanguage":"hr"},{"@type":"Organization","@id":"https:\/\/radioljubuski.ba\/#organization","name":"Radio Ljubu\u0161ki","url":"https:\/\/radioljubuski.ba\/","logo":{"@type":"ImageObject","inLanguage":"hr","@id":"https:\/\/radioljubuski.ba\/#\/schema\/logo\/image\/","url":"https:\/\/radioljubuski.ba\/wp-content\/uploads\/2021\/02\/cropped-Radio_Ljubuski_logo1.jpg","contentUrl":"https:\/\/radioljubuski.ba\/wp-content\/uploads\/2021\/02\/cropped-Radio_Ljubuski_logo1.jpg","width":512,"height":512,"caption":"Radio Ljubu\u0161ki"},"image":{"@id":"https:\/\/radioljubuski.ba\/#\/schema\/logo\/image\/"},"sameAs":["https:\/\/www.facebook.com\/Radiio-Ljubuski-1490835324566332","https:\/\/x.com\/radioljubuski","https:\/\/hr.linkedin.com\/company\/radio-ljubuski","https:\/\/www.youtube.com\/channel\/UCHYaeO_n0Db3tjNGudGpXyw"]},{"@type":"Person","@id":"https:\/\/radioljubuski.ba\/#\/schema\/person\/19fc700381a780f69665d7956c469e3b","name":"Radio Ljubu\u0161ki"}]}},"_links":{"self":[{"href":"https:\/\/radioljubuski.ba\/index.php\/wp-json\/wp\/v2\/posts\/44581","targetHints":{"allow":["GET"]}}],"collection":[{"href":"https:\/\/radioljubuski.ba\/index.php\/wp-json\/wp\/v2\/posts"}],"about":[{"href":"https:\/\/radioljubuski.ba\/index.php\/wp-json\/wp\/v2\/types\/post"}],"author":[{"embeddable":true,"href":"https:\/\/radioljubuski.ba\/index.php\/wp-json\/wp\/v2\/users\/2"}],"replies":[{"embeddable":true,"href":"https:\/\/radioljubuski.ba\/index.php\/wp-json\/wp\/v2\/comments?post=44581"}],"version-history":[{"count":1,"href":"https:\/\/radioljubuski.ba\/index.php\/wp-json\/wp\/v2\/posts\/44581\/revisions"}],"predecessor-version":[{"id":44583,"href":"https:\/\/radioljubuski.ba\/index.php\/wp-json\/wp\/v2\/posts\/44581\/revisions\/44583"}],"wp:featuredmedia":[{"embeddable":true,"href":"https:\/\/radioljubuski.ba\/index.php\/wp-json\/wp\/v2\/media\/44582"}],"wp:attachment":[{"href":"https:\/\/radioljubuski.ba\/index.php\/wp-json\/wp\/v2\/media?parent=44581"}],"wp:term":[{"taxonomy":"category","embeddable":true,"href":"https:\/\/radioljubuski.ba\/index.php\/wp-json\/wp\/v2\/categories?post=44581"},{"taxonomy":"post_tag","embeddable":true,"href":"https:\/\/radioljubuski.ba\/index.php\/wp-json\/wp\/v2\/tags?post=44581"}],"curies":[{"name":"wp","href":"https:\/\/api.w.org\/{rel}","templated":true}]}}