{"id":44726,"date":"2021-07-21T12:33:05","date_gmt":"2021-07-21T11:33:05","guid":{"rendered":"https:\/\/radioljubuski.ba\/?p=44726"},"modified":"2021-07-21T12:33:06","modified_gmt":"2021-07-21T11:33:06","slug":"giannisu-uspjelo-nesto-sto-je-uradio-jos-samo-jordan","status":"publish","type":"post","link":"https:\/\/radioljubuski.ba\/index.php\/2021\/07\/21\/giannisu-uspjelo-nesto-sto-je-uradio-jos-samo-jordan\/","title":{"rendered":"Giannisu uspjelo ne\u0161to \u0161to je uradio jo\u0161 samo Jordan"},"content":{"rendered":"\n<p>Giannis Antetokounmpo je najbolje ostavio za kraj, za \u0161estu utakmicu NBA Finala u kojoj su Milwaukee Bucksi pred svojim navija\u010dima svladali Phoenix Sunse sa 105-98 i nakon 50 godina \u010dekanja po drugi put osvojili trofej Larryja O&#8217;Briena, a njihov najbolji igra\u010d je dvoboj zavr\u0161io s 50 ko\u0161eva, 14 skokova i pet blokada.<\/p>\n\n\n\n<p>Bila je to predstava za pam\u0107enje, utakmica u kojoj je gr\u010dki ko\u0161arka\u0161 stavio uskli\u010dnik na dominantan nastup u ovogodi\u0161njem NBA Finalu u kojem je jednoglasno progla\u0161en najkorisnijim igra\u010dem s prosjekom od 35,2 ko\u0161a i 13,2 skoka. U drugom poluvremenu \u0161este utakmice ubacio je 33 ko\u0161a.<\/p>\n\n\n\n<p>Ni najve\u0107i kriti\u010dari ne\u0107e mo\u0107i na\u0107i Grku zamjerku, a Antetokounmpo je do\u010dekao iskupljenje za razo\u010daravaju\u0107e rezultate Bucksa u posljednje dvije sezone, kad su u doigravanje ulazili kao favoriti za naslov, no Grk nije uspijevao opravdati nagrade za najboljeg igra\u010da igra\u010da osnovnog dijela sezone.<\/p>\n\n\n\n<p>&#8211; Ovo je bio posao koji smo morali dovr\u0161iti&#8230; Ovo je moj grad. Vjerovali su u mene. \u017delio sam dovr\u0161iti posao, rekao je osvaja\u010d trofeja Billa Russella za najboljeg igra\u010da NBA Finala.<\/p>\n\n\n\n<p>Tako se Giannis pridru\u017eio<strong> Michaelu Jordanu<\/strong> kao jedini ko\u0161arka\u0161 u povijesti NBA lige koji je uspio kroz karijeru osvojiti MVP naslove u osnovnom dijelu sezone i u finalu te biti progla\u0161en najboljim obrambenim igra\u010dem.<\/p>\n\n\n\n<p>Nakon dvije godine koje su zavr\u0161avale razo\u010daranjima, 2019. porazom u finalu Istoka od Toronto Raptorsa nakon vodstva od 2-0, a pro\u0161le godine ve\u0107 u konferencijskom polufinalu kad je Miami Heat slavio (1-4) &#8216;pod balonom&#8217; u Orlandu, Antetokounmpo je mogao odabrati druga\u010diji put. Imao je mogu\u0107nost oti\u0107i iz Milwaukeeja i krenuti po naslov u nekoj drugoj mom\u010dadi. No, u prosincu 2020. je potpisao novi, petogodi\u0161nji ugovor s Bucksima vrijedan 228 milijuna dolara i ispunio obe\u0107anje ve\u0107 u prvoj sezoni.<\/p>\n\n\n\n<p>&#8211; To je moja tvrdoglava strana. Lako je oti\u0107i u neku supermom\u010dad i osvojiti prvenstvo, odigrati svoju ulogu. To je lako. No, ovo je moja mom\u010dad. Uspjeli smo. Samo treba vjerovati. Nadam se da sam dao nadu ljudima \u0161irom svijeta da vjeruju u svoje u snove. Ja sam prvak, izjavio je gr\u010dki doseljenik afri\u010dkog porijekla.<\/p>\n\n\n\n<p>Iako \u0107e statistika upu\u0107ivati na zaklju\u010dak da su Bucksi &#8220;\u0161ou jednog \u010dovjeka&#8221;, Giannis ne bi do naslova mogao sam. Trebao je pomo\u0107. Kao \u0161to je prije 50 godina pobjedni\u010dka mom\u010dad Milwaukeeja imala <strong>Lewa Alcindora<\/strong>, koji je kasnije postao <strong>Kareem Abdul-Jabbar<\/strong>, i velikog <strong>Oscara Robertsona<\/strong>, tako je i Giannis imao najve\u0107eg pomo\u0107nika u <strong>Khrisu Middletonu<\/strong>, igra\u010da koji je hladan kad su utakmice na vagi, \u0161to je dokazao i u \u0161estoj utakmici.<\/p>\n\n\n\n<p>Middleton je na ulazu u posljednju minutu pogodio dalekometnu dvicu za 102-96, a do kraja slomio svaku nadu Sunsa u preokret kad je 12 sekukndi poslije pogodio oba bacanja za 104-96.<\/p>\n\n\n\n<p>&#8211; Bio je sjajan, vodio nas je kad bih ja pao, rekao je Antetokunmpo.<\/p>\n\n\n\n<p>&#8211; Ne marim za ono \u0161to drugi ljudi govore. Unutar zidova na\u0161e svla\u010dionice znali smo \u0161to moramo u\u010diniti. Svaki dan smo stavljali izazove pred sebe. Svaki dan smo nastojali biti bolji vo\u0111e i bolji suigra\u010di, izjavio je Middleton.<\/p>\n\n\n\n<p>Tre\u0107i va\u017ean kota\u010di\u0107 mom\u010dadi <strong>Mikea Budenholzera<\/strong>, Bucksi su dodali uo\u010di ove sezone, dovo\u0111enjem <strong>Jruea Holidaya<\/strong>. Ulo\u017eili su mnogo u nekada\u0161njeg razigrava\u010da New Orleans Pelicansa, ali naplata je stigla ve\u0107 u prvoj sezoni. Holiday je odigrao svoju ulogu na oba kraja terena, a finalnu seriju je zavr\u0161io s prosjekom od 16,5 ko\u0161eva, 9,2 asistencije i 6,5 skokova.<\/p>\n\n\n\n<p>Phoenix je nakon dvije uvjerljive pobjede u dvije doma\u0107e utakmice na otvaranju NBA Finala, bio na pravom putu prema prvom naslovu u klupskoj povijesti. No, od sljede\u0107e \u010detiri utakmice, od kojih su tri odlu\u010dene u neizvjesnim zavr\u0161nicama, Sunsi nisu imali \u010dovjeka koji bi ih prelomio na njihovu stranu, a Bucksi jesu i to na razli\u010dite na\u010dine. Giannisovim blokadama, Middletonovim ko\u0161evima, Holidayevim ukradenim loptama. Vidio je to i trener Phoenixa <strong>Monty Williams <\/strong>koji je nakon dvoboja nakratko svratio i u svla\u010dionicu pobjednika kako bi im jo\u0161 jednom \u010destitao na zaslu\u017eenom trijumfu.<\/p>\n\n\n\n<p>&#8211; Vidio sam mom\u010dad koja ima mnogo iskustva u situacijama koje donosi doigravanje. Zato \u0161to su ve\u0107 pro\u0161li mnoge takve trenutke, imali su tu malu prednost na svojoj strani, zaklju\u010dio je trener Sunsa, koji je tako\u0111er prvi put vodio mom\u010dad u doigravanju.<\/p>\n\n\n\n<p><strong>Chris Paul<\/strong> je tako ostao bez trofeja o kojem sanja otkako je prije 16 godina do\u0161ao u NBA ligu. Njegovih 26 ko\u0161eva i pet asistencija nije bilo dovoljno da bi se do\u0161lo do pobjede u Fiserv Forumu i odlu\u010duju\u0107e sedme utakmice u Phoenixu. Za 36-godi\u0161njeg Paula to je bio prvi nastup u velikom NBA Finalu u kojem je nakon dvije utakmice izgledao kao pobjednik. No, da bi se na\u0161ao na toj listi, morat \u0107e se vratiti i sljede\u0107e godine, \u0161to namjerava u\u010diniti.<\/p>\n\n\n\n<p>&#8211; Svi u na\u0161oj svla\u010dionici znaju da smo bili dovoljno dobri, ali nije bilo dovoljno. Moramo prona\u0107i odgovor za\u0161to je tako zavr\u0161ilo. Ja moram pogledati prema sebi i vidjeti kako mogu biti jo\u0161 bolji, \u0161to sam mogao napraviti te poku\u0161ati ponovno sljede\u0107e sezone, zaklju\u010dio je Chris Paul.<\/p>\n\n\n\n<p><strong>Dario \u0160ari\u0107 <\/strong>se nije uspio pridru\u017eiti <strong>Toniju Kuko\u010du<\/strong> i <strong>\u017danu Tabaku<\/strong>, jedinim hrvatskim ko\u0161arka\u0161ima koji su osjetili slast pobjede u NBA Finalu i osvajanje \u0161ampionskog prstena. \u0160tovi\u0161e, \u0160iben\u010danin je te\u0161kom ozljedom koljena u prvoj utakmici finala ostao bez prilike boriti se za svoju mom\u010dad. Pred njim je sada borba za uspje\u0161an povratak na parket nakon dugotrajnog oporavka, najdu\u017eeg u karijeri.<\/p>\n\n\n\n<p>Pred Bucksima je novi te\u017eak zadatak &#8211; obrana naslova. Mom\u010dad \u0107e ostati na okupu, a Giannis je ve\u0107 najavio da njegovi apetiti nisu zadovoljeni.<\/p>\n\n\n\n<p>&#8211; Jednom kad se nau\u017eivamo ovoga, moramo se vratiti poslu. Graditi na ovome. Nadam se da mo\u017eemo ovo ponoviti.<\/p>\n\n\n\n<p>Izvor:hrt.hr<\/p>\n","protected":false},"excerpt":{"rendered":"<p>Giannis Antetokounmpo je najbolje ostavio za kraj, za \u0161estu utakmicu NBA Finala u kojoj su Milwaukee Bucksi pred svojim navija\u010dima svladali Phoenix Sunse sa 105-98 i nakon 50 godina \u010dekanja po drugi put osvojili trofej Larryja O&#8217;Briena, a njihov najbolji igra\u010d je dvoboj zavr\u0161io s 50 ko\u0161eva, 14 skokova i pet blokada. Bila je to [&hellip;]<\/p>\n","protected":false},"author":2,"featured_media":44727,"comment_status":"closed","ping_status":"closed","sticky":false,"template":"","format":"standard","meta":{"h5ap_radio_sources":[],"footnotes":""},"categories":[7],"tags":[],"class_list":["post-44726","post","type-post","status-publish","format-standard","has-post-thumbnail","hentry","category-sport"],"yoast_head":"<!-- This site is optimized with the Yoast SEO plugin v27.5 - https:\/\/yoast.com\/product\/yoast-seo-wordpress\/ -->\n<title>Giannisu uspjelo ne\u0161to \u0161to je uradio jo\u0161 samo Jordan - RADIO LJUBU\u0160KI<\/title>\n<meta name=\"robots\" content=\"index, follow, max-snippet:-1, max-image-preview:large, max-video-preview:-1\" \/>\n<link rel=\"canonical\" href=\"https:\/\/radioljubuski.ba\/index.php\/2021\/07\/21\/giannisu-uspjelo-nesto-sto-je-uradio-jos-samo-jordan\/\" \/>\n<meta property=\"og:locale\" content=\"hr_HR\" \/>\n<meta property=\"og:type\" content=\"article\" \/>\n<meta property=\"og:title\" content=\"Giannisu uspjelo ne\u0161to \u0161to je uradio jo\u0161 samo Jordan - RADIO LJUBU\u0160KI\" \/>\n<meta property=\"og:description\" content=\"Giannis Antetokounmpo je najbolje ostavio za kraj, za \u0161estu utakmicu NBA Finala u kojoj su Milwaukee Bucksi pred svojim navija\u010dima svladali Phoenix Sunse sa 105-98 i nakon 50 godina \u010dekanja po drugi put osvojili trofej Larryja O&#8217;Briena, a njihov najbolji igra\u010d je dvoboj zavr\u0161io s 50 ko\u0161eva, 14 skokova i pet blokada. Bila je to [&hellip;]\" \/>\n<meta property=\"og:url\" content=\"https:\/\/radioljubuski.ba\/index.php\/2021\/07\/21\/giannisu-uspjelo-nesto-sto-je-uradio-jos-samo-jordan\/\" \/>\n<meta property=\"og:site_name\" content=\"RADIO LJUBU\u0160KI\" \/>\n<meta property=\"article:publisher\" content=\"https:\/\/www.facebook.com\/Radiio-Ljubuski-1490835324566332\" \/>\n<meta property=\"article:published_time\" content=\"2021-07-21T11:33:05+00:00\" \/>\n<meta property=\"article:modified_time\" content=\"2021-07-21T11:33:06+00:00\" \/>\n<meta property=\"og:image\" content=\"https:\/\/radioljubuski.ba\/wp-content\/uploads\/2021\/07\/indeksiraj2-8.jpg\" \/>\n\t<meta property=\"og:image:width\" content=\"293\" \/>\n\t<meta property=\"og:image:height\" content=\"172\" \/>\n\t<meta property=\"og:image:type\" content=\"image\/jpeg\" \/>\n<meta name=\"author\" content=\"Radio Ljubu\u0161ki\" \/>\n<meta name=\"twitter:card\" content=\"summary_large_image\" \/>\n<meta name=\"twitter:creator\" content=\"@radioljubuski\" \/>\n<meta name=\"twitter:site\" content=\"@radioljubuski\" \/>\n<meta name=\"twitter:label1\" content=\"Napisao\/la\" \/>\n\t<meta name=\"twitter:data1\" content=\"Radio Ljubu\u0161ki\" \/>\n\t<meta name=\"twitter:label2\" content=\"Procijenjeno vrijeme \u010ditanja\" \/>\n\t<meta name=\"twitter:data2\" content=\"4 minute\" \/>\n<script type=\"application\/ld+json\" class=\"yoast-schema-graph\">{\"@context\":\"https:\\\/\\\/schema.org\",\"@graph\":[{\"@type\":\"Article\",\"@id\":\"https:\\\/\\\/radioljubuski.ba\\\/index.php\\\/2021\\\/07\\\/21\\\/giannisu-uspjelo-nesto-sto-je-uradio-jos-samo-jordan\\\/#article\",\"isPartOf\":{\"@id\":\"https:\\\/\\\/radioljubuski.ba\\\/index.php\\\/2021\\\/07\\\/21\\\/giannisu-uspjelo-nesto-sto-je-uradio-jos-samo-jordan\\\/\"},\"author\":{\"name\":\"Radio Ljubu\u0161ki\",\"@id\":\"https:\\\/\\\/radioljubuski.ba\\\/#\\\/schema\\\/person\\\/19fc700381a780f69665d7956c469e3b\"},\"headline\":\"Giannisu uspjelo ne\u0161to \u0161to je uradio jo\u0161 samo Jordan\",\"datePublished\":\"2021-07-21T11:33:05+00:00\",\"dateModified\":\"2021-07-21T11:33:06+00:00\",\"mainEntityOfPage\":{\"@id\":\"https:\\\/\\\/radioljubuski.ba\\\/index.php\\\/2021\\\/07\\\/21\\\/giannisu-uspjelo-nesto-sto-je-uradio-jos-samo-jordan\\\/\"},\"wordCount\":1021,\"publisher\":{\"@id\":\"https:\\\/\\\/radioljubuski.ba\\\/#organization\"},\"image\":{\"@id\":\"https:\\\/\\\/radioljubuski.ba\\\/index.php\\\/2021\\\/07\\\/21\\\/giannisu-uspjelo-nesto-sto-je-uradio-jos-samo-jordan\\\/#primaryimage\"},\"thumbnailUrl\":\"https:\\\/\\\/radioljubuski.ba\\\/wp-content\\\/uploads\\\/2021\\\/07\\\/indeksiraj2-8.jpg\",\"articleSection\":[\"\u0160port\"],\"inLanguage\":\"hr\"},{\"@type\":\"WebPage\",\"@id\":\"https:\\\/\\\/radioljubuski.ba\\\/index.php\\\/2021\\\/07\\\/21\\\/giannisu-uspjelo-nesto-sto-je-uradio-jos-samo-jordan\\\/\",\"url\":\"https:\\\/\\\/radioljubuski.ba\\\/index.php\\\/2021\\\/07\\\/21\\\/giannisu-uspjelo-nesto-sto-je-uradio-jos-samo-jordan\\\/\",\"name\":\"Giannisu uspjelo ne\u0161to \u0161to je uradio jo\u0161 samo Jordan - RADIO LJUBU\u0160KI\",\"isPartOf\":{\"@id\":\"https:\\\/\\\/radioljubuski.ba\\\/#website\"},\"primaryImageOfPage\":{\"@id\":\"https:\\\/\\\/radioljubuski.ba\\\/index.php\\\/2021\\\/07\\\/21\\\/giannisu-uspjelo-nesto-sto-je-uradio-jos-samo-jordan\\\/#primaryimage\"},\"image\":{\"@id\":\"https:\\\/\\\/radioljubuski.ba\\\/index.php\\\/2021\\\/07\\\/21\\\/giannisu-uspjelo-nesto-sto-je-uradio-jos-samo-jordan\\\/#primaryimage\"},\"thumbnailUrl\":\"https:\\\/\\\/radioljubuski.ba\\\/wp-content\\\/uploads\\\/2021\\\/07\\\/indeksiraj2-8.jpg\",\"datePublished\":\"2021-07-21T11:33:05+00:00\",\"dateModified\":\"2021-07-21T11:33:06+00:00\",\"breadcrumb\":{\"@id\":\"https:\\\/\\\/radioljubuski.ba\\\/index.php\\\/2021\\\/07\\\/21\\\/giannisu-uspjelo-nesto-sto-je-uradio-jos-samo-jordan\\\/#breadcrumb\"},\"inLanguage\":\"hr\",\"potentialAction\":[{\"@type\":\"ReadAction\",\"target\":[\"https:\\\/\\\/radioljubuski.ba\\\/index.php\\\/2021\\\/07\\\/21\\\/giannisu-uspjelo-nesto-sto-je-uradio-jos-samo-jordan\\\/\"]}]},{\"@type\":\"ImageObject\",\"inLanguage\":\"hr\",\"@id\":\"https:\\\/\\\/radioljubuski.ba\\\/index.php\\\/2021\\\/07\\\/21\\\/giannisu-uspjelo-nesto-sto-je-uradio-jos-samo-jordan\\\/#primaryimage\",\"url\":\"https:\\\/\\\/radioljubuski.ba\\\/wp-content\\\/uploads\\\/2021\\\/07\\\/indeksiraj2-8.jpg\",\"contentUrl\":\"https:\\\/\\\/radioljubuski.ba\\\/wp-content\\\/uploads\\\/2021\\\/07\\\/indeksiraj2-8.jpg\",\"width\":293,\"height\":172},{\"@type\":\"BreadcrumbList\",\"@id\":\"https:\\\/\\\/radioljubuski.ba\\\/index.php\\\/2021\\\/07\\\/21\\\/giannisu-uspjelo-nesto-sto-je-uradio-jos-samo-jordan\\\/#breadcrumb\",\"itemListElement\":[{\"@type\":\"ListItem\",\"position\":1,\"name\":\"Po\u010detna stranica\",\"item\":\"https:\\\/\\\/radioljubuski.ba\\\/\"},{\"@type\":\"ListItem\",\"position\":2,\"name\":\"Giannisu uspjelo ne\u0161to \u0161to je uradio jo\u0161 samo Jordan\"}]},{\"@type\":\"WebSite\",\"@id\":\"https:\\\/\\\/radioljubuski.ba\\\/#website\",\"url\":\"https:\\\/\\\/radioljubuski.ba\\\/\",\"name\":\"Radio Ljubu\u0161ki\",\"description\":\"Sun\u010dana frekvencija Hercegovine\",\"publisher\":{\"@id\":\"https:\\\/\\\/radioljubuski.ba\\\/#organization\"},\"potentialAction\":[{\"@type\":\"SearchAction\",\"target\":{\"@type\":\"EntryPoint\",\"urlTemplate\":\"https:\\\/\\\/radioljubuski.ba\\\/?s={search_term_string}\"},\"query-input\":{\"@type\":\"PropertyValueSpecification\",\"valueRequired\":true,\"valueName\":\"search_term_string\"}}],\"inLanguage\":\"hr\"},{\"@type\":\"Organization\",\"@id\":\"https:\\\/\\\/radioljubuski.ba\\\/#organization\",\"name\":\"Radio Ljubu\u0161ki\",\"url\":\"https:\\\/\\\/radioljubuski.ba\\\/\",\"logo\":{\"@type\":\"ImageObject\",\"inLanguage\":\"hr\",\"@id\":\"https:\\\/\\\/radioljubuski.ba\\\/#\\\/schema\\\/logo\\\/image\\\/\",\"url\":\"https:\\\/\\\/radioljubuski.ba\\\/wp-content\\\/uploads\\\/2021\\\/02\\\/cropped-Radio_Ljubuski_logo1.jpg\",\"contentUrl\":\"https:\\\/\\\/radioljubuski.ba\\\/wp-content\\\/uploads\\\/2021\\\/02\\\/cropped-Radio_Ljubuski_logo1.jpg\",\"width\":512,\"height\":512,\"caption\":\"Radio Ljubu\u0161ki\"},\"image\":{\"@id\":\"https:\\\/\\\/radioljubuski.ba\\\/#\\\/schema\\\/logo\\\/image\\\/\"},\"sameAs\":[\"https:\\\/\\\/www.facebook.com\\\/Radiio-Ljubuski-1490835324566332\",\"https:\\\/\\\/x.com\\\/radioljubuski\",\"https:\\\/\\\/hr.linkedin.com\\\/company\\\/radio-ljubuski\",\"https:\\\/\\\/www.youtube.com\\\/channel\\\/UCHYaeO_n0Db3tjNGudGpXyw\"]},{\"@type\":\"Person\",\"@id\":\"https:\\\/\\\/radioljubuski.ba\\\/#\\\/schema\\\/person\\\/19fc700381a780f69665d7956c469e3b\",\"name\":\"Radio Ljubu\u0161ki\"}]}<\/script>\n<!-- \/ Yoast SEO plugin. -->","yoast_head_json":{"title":"Giannisu uspjelo ne\u0161to \u0161to je uradio jo\u0161 samo Jordan - RADIO LJUBU\u0160KI","robots":{"index":"index","follow":"follow","max-snippet":"max-snippet:-1","max-image-preview":"max-image-preview:large","max-video-preview":"max-video-preview:-1"},"canonical":"https:\/\/radioljubuski.ba\/index.php\/2021\/07\/21\/giannisu-uspjelo-nesto-sto-je-uradio-jos-samo-jordan\/","og_locale":"hr_HR","og_type":"article","og_title":"Giannisu uspjelo ne\u0161to \u0161to je uradio jo\u0161 samo Jordan - RADIO LJUBU\u0160KI","og_description":"Giannis Antetokounmpo je najbolje ostavio za kraj, za \u0161estu utakmicu NBA Finala u kojoj su Milwaukee Bucksi pred svojim navija\u010dima svladali Phoenix Sunse sa 105-98 i nakon 50 godina \u010dekanja po drugi put osvojili trofej Larryja O&#8217;Briena, a njihov najbolji igra\u010d je dvoboj zavr\u0161io s 50 ko\u0161eva, 14 skokova i pet blokada. Bila je to [&hellip;]","og_url":"https:\/\/radioljubuski.ba\/index.php\/2021\/07\/21\/giannisu-uspjelo-nesto-sto-je-uradio-jos-samo-jordan\/","og_site_name":"RADIO LJUBU\u0160KI","article_publisher":"https:\/\/www.facebook.com\/Radiio-Ljubuski-1490835324566332","article_published_time":"2021-07-21T11:33:05+00:00","article_modified_time":"2021-07-21T11:33:06+00:00","og_image":[{"width":293,"height":172,"url":"https:\/\/radioljubuski.ba\/wp-content\/uploads\/2021\/07\/indeksiraj2-8.jpg","type":"image\/jpeg"}],"author":"Radio Ljubu\u0161ki","twitter_card":"summary_large_image","twitter_creator":"@radioljubuski","twitter_site":"@radioljubuski","twitter_misc":{"Napisao\/la":"Radio Ljubu\u0161ki","Procijenjeno vrijeme \u010ditanja":"4 minute"},"schema":{"@context":"https:\/\/schema.org","@graph":[{"@type":"Article","@id":"https:\/\/radioljubuski.ba\/index.php\/2021\/07\/21\/giannisu-uspjelo-nesto-sto-je-uradio-jos-samo-jordan\/#article","isPartOf":{"@id":"https:\/\/radioljubuski.ba\/index.php\/2021\/07\/21\/giannisu-uspjelo-nesto-sto-je-uradio-jos-samo-jordan\/"},"author":{"name":"Radio Ljubu\u0161ki","@id":"https:\/\/radioljubuski.ba\/#\/schema\/person\/19fc700381a780f69665d7956c469e3b"},"headline":"Giannisu uspjelo ne\u0161to \u0161to je uradio jo\u0161 samo Jordan","datePublished":"2021-07-21T11:33:05+00:00","dateModified":"2021-07-21T11:33:06+00:00","mainEntityOfPage":{"@id":"https:\/\/radioljubuski.ba\/index.php\/2021\/07\/21\/giannisu-uspjelo-nesto-sto-je-uradio-jos-samo-jordan\/"},"wordCount":1021,"publisher":{"@id":"https:\/\/radioljubuski.ba\/#organization"},"image":{"@id":"https:\/\/radioljubuski.ba\/index.php\/2021\/07\/21\/giannisu-uspjelo-nesto-sto-je-uradio-jos-samo-jordan\/#primaryimage"},"thumbnailUrl":"https:\/\/radioljubuski.ba\/wp-content\/uploads\/2021\/07\/indeksiraj2-8.jpg","articleSection":["\u0160port"],"inLanguage":"hr"},{"@type":"WebPage","@id":"https:\/\/radioljubuski.ba\/index.php\/2021\/07\/21\/giannisu-uspjelo-nesto-sto-je-uradio-jos-samo-jordan\/","url":"https:\/\/radioljubuski.ba\/index.php\/2021\/07\/21\/giannisu-uspjelo-nesto-sto-je-uradio-jos-samo-jordan\/","name":"Giannisu uspjelo ne\u0161to \u0161to je uradio jo\u0161 samo Jordan - RADIO LJUBU\u0160KI","isPartOf":{"@id":"https:\/\/radioljubuski.ba\/#website"},"primaryImageOfPage":{"@id":"https:\/\/radioljubuski.ba\/index.php\/2021\/07\/21\/giannisu-uspjelo-nesto-sto-je-uradio-jos-samo-jordan\/#primaryimage"},"image":{"@id":"https:\/\/radioljubuski.ba\/index.php\/2021\/07\/21\/giannisu-uspjelo-nesto-sto-je-uradio-jos-samo-jordan\/#primaryimage"},"thumbnailUrl":"https:\/\/radioljubuski.ba\/wp-content\/uploads\/2021\/07\/indeksiraj2-8.jpg","datePublished":"2021-07-21T11:33:05+00:00","dateModified":"2021-07-21T11:33:06+00:00","breadcrumb":{"@id":"https:\/\/radioljubuski.ba\/index.php\/2021\/07\/21\/giannisu-uspjelo-nesto-sto-je-uradio-jos-samo-jordan\/#breadcrumb"},"inLanguage":"hr","potentialAction":[{"@type":"ReadAction","target":["https:\/\/radioljubuski.ba\/index.php\/2021\/07\/21\/giannisu-uspjelo-nesto-sto-je-uradio-jos-samo-jordan\/"]}]},{"@type":"ImageObject","inLanguage":"hr","@id":"https:\/\/radioljubuski.ba\/index.php\/2021\/07\/21\/giannisu-uspjelo-nesto-sto-je-uradio-jos-samo-jordan\/#primaryimage","url":"https:\/\/radioljubuski.ba\/wp-content\/uploads\/2021\/07\/indeksiraj2-8.jpg","contentUrl":"https:\/\/radioljubuski.ba\/wp-content\/uploads\/2021\/07\/indeksiraj2-8.jpg","width":293,"height":172},{"@type":"BreadcrumbList","@id":"https:\/\/radioljubuski.ba\/index.php\/2021\/07\/21\/giannisu-uspjelo-nesto-sto-je-uradio-jos-samo-jordan\/#breadcrumb","itemListElement":[{"@type":"ListItem","position":1,"name":"Po\u010detna stranica","item":"https:\/\/radioljubuski.ba\/"},{"@type":"ListItem","position":2,"name":"Giannisu uspjelo ne\u0161to \u0161to je uradio jo\u0161 samo Jordan"}]},{"@type":"WebSite","@id":"https:\/\/radioljubuski.ba\/#website","url":"https:\/\/radioljubuski.ba\/","name":"Radio Ljubu\u0161ki","description":"Sun\u010dana frekvencija Hercegovine","publisher":{"@id":"https:\/\/radioljubuski.ba\/#organization"},"potentialAction":[{"@type":"SearchAction","target":{"@type":"EntryPoint","urlTemplate":"https:\/\/radioljubuski.ba\/?s={search_term_string}"},"query-input":{"@type":"PropertyValueSpecification","valueRequired":true,"valueName":"search_term_string"}}],"inLanguage":"hr"},{"@type":"Organization","@id":"https:\/\/radioljubuski.ba\/#organization","name":"Radio Ljubu\u0161ki","url":"https:\/\/radioljubuski.ba\/","logo":{"@type":"ImageObject","inLanguage":"hr","@id":"https:\/\/radioljubuski.ba\/#\/schema\/logo\/image\/","url":"https:\/\/radioljubuski.ba\/wp-content\/uploads\/2021\/02\/cropped-Radio_Ljubuski_logo1.jpg","contentUrl":"https:\/\/radioljubuski.ba\/wp-content\/uploads\/2021\/02\/cropped-Radio_Ljubuski_logo1.jpg","width":512,"height":512,"caption":"Radio Ljubu\u0161ki"},"image":{"@id":"https:\/\/radioljubuski.ba\/#\/schema\/logo\/image\/"},"sameAs":["https:\/\/www.facebook.com\/Radiio-Ljubuski-1490835324566332","https:\/\/x.com\/radioljubuski","https:\/\/hr.linkedin.com\/company\/radio-ljubuski","https:\/\/www.youtube.com\/channel\/UCHYaeO_n0Db3tjNGudGpXyw"]},{"@type":"Person","@id":"https:\/\/radioljubuski.ba\/#\/schema\/person\/19fc700381a780f69665d7956c469e3b","name":"Radio Ljubu\u0161ki"}]}},"_links":{"self":[{"href":"https:\/\/radioljubuski.ba\/index.php\/wp-json\/wp\/v2\/posts\/44726","targetHints":{"allow":["GET"]}}],"collection":[{"href":"https:\/\/radioljubuski.ba\/index.php\/wp-json\/wp\/v2\/posts"}],"about":[{"href":"https:\/\/radioljubuski.ba\/index.php\/wp-json\/wp\/v2\/types\/post"}],"author":[{"embeddable":true,"href":"https:\/\/radioljubuski.ba\/index.php\/wp-json\/wp\/v2\/users\/2"}],"replies":[{"embeddable":true,"href":"https:\/\/radioljubuski.ba\/index.php\/wp-json\/wp\/v2\/comments?post=44726"}],"version-history":[{"count":1,"href":"https:\/\/radioljubuski.ba\/index.php\/wp-json\/wp\/v2\/posts\/44726\/revisions"}],"predecessor-version":[{"id":44728,"href":"https:\/\/radioljubuski.ba\/index.php\/wp-json\/wp\/v2\/posts\/44726\/revisions\/44728"}],"wp:featuredmedia":[{"embeddable":true,"href":"https:\/\/radioljubuski.ba\/index.php\/wp-json\/wp\/v2\/media\/44727"}],"wp:attachment":[{"href":"https:\/\/radioljubuski.ba\/index.php\/wp-json\/wp\/v2\/media?parent=44726"}],"wp:term":[{"taxonomy":"category","embeddable":true,"href":"https:\/\/radioljubuski.ba\/index.php\/wp-json\/wp\/v2\/categories?post=44726"},{"taxonomy":"post_tag","embeddable":true,"href":"https:\/\/radioljubuski.ba\/index.php\/wp-json\/wp\/v2\/tags?post=44726"}],"curies":[{"name":"wp","href":"https:\/\/api.w.org\/{rel}","templated":true}]}}