{"id":44990,"date":"2021-07-22T08:27:54","date_gmt":"2021-07-22T07:27:54","guid":{"rendered":"https:\/\/radioljubuski.ba\/?p=44990"},"modified":"2021-07-22T08:27:55","modified_gmt":"2021-07-22T07:27:55","slug":"vakula-upozorava-previse-ekstrema-na-puno-mjesta-u-svijetu","status":"publish","type":"post","link":"https:\/\/radioljubuski.ba\/index.php\/2021\/07\/22\/vakula-upozorava-previse-ekstrema-na-puno-mjesta-u-svijetu\/","title":{"rendered":"Vakula upozorava: Previ\u0161e ekstrema na puno mjesta u svijetu"},"content":{"rendered":"\n<p>Obilne ki\u0161e koje su prouzro\u010dile smrtonosne poplave \u0161irom zapadne Njema\u010dke i Belgije izazvale su uzbunu, a mnogi se pitaju jesu li za to odgovorne klimatske promjene.<\/p>\n\n\n\n<p>&#8211; Rije\u010d je o ljetnom europskom monsunu. O\u010dekuju se grmljavinska nevremena koja mogu biti i ja\u010da. Mo\u017ee se re\u0107i da to ima veze s globalnim zatopljenjem, jer se u tim klimatskim scenarijima govorilo o pove\u0107anju \u010destine i ja\u010dine ekstrema, uklju\u010duju\u0107i poplave, su\u0161e i visoke temperature, rekao je Kre\u0161o Pand\u017ei\u0107, Dr\u017eavni hidrometeorolo\u0161ki zavod.<\/p>\n\n\n\n<p>HRT-ov meteorolog Zoran Vakula istaknuo je kako nisu iznena\u0111enje lokalni pljuskovi pra\u0107eni grmljavinom, nevremena&#8230;, ali je za ovu godinu zanimljivo to \u0161to je previ\u0161e ekstrema na puno mjesta u svijetu.<\/p>\n\n\n\n<p>&#8211; Znalo ih je biti i prije, ali u\u010destalost tih pojava je zabrinjavaju\u0107a, rekao je.<\/p>\n\n\n\n<p>Na pitanje je li se scenarij u Njema\u010dkoj i Belgiji mogao izbje\u0107i Pand\u017ei\u0107 je rekao kako ne postoji mehanizam umjetnog sprje\u010davanja tih pojava, ali da su se mogle ubla\u017eiti posljedice.&nbsp;<\/p>\n\n\n\n<p>Vakula je istaknuo da je problem u tome \u0161to se upozorenja ne shva\u0107aju ozbiljno.<\/p>\n\n\n\n<p>&#8211; Mi dajemo u sustavu meteoalarma &#8211; sustav upozorenja na opasne pojave &#8211; naran\u010dasto, nekad i crveno upozorenje i unato\u010d tome opet vidimo automobile koji se kre\u0107u, prevrnute kamione&#8230; Problem je \u0161to se upozorenja ne shva\u0107aju ozbiljno, a pitanje je i da su u Njema\u010dkoj shvatili ozbiljno, bi li i\u0161li na evakuaciju tako velikog broja ljudi, istaknuo je.&nbsp;<\/p>\n\n\n\n<p>Dodao je da se nalazimo na vrhuncu toplog dijela \u017eivota zemaljske kugle kojem je \u010dovjek barem malo, ali i vi\u0161e, pridonio svojim neodgovornim pona\u0161anjem prema prirodi.<\/p>\n\n\n\n<p>&#8211; Gradnja nije kakva bi trebala biti. Mi mijenjamo uobi\u010dajene tokove rijeka i dovodimo sebe u opasnost. Projektiranje bi trebalo biti smi\u0161ljenije, trebali bi paziti kako se priroda ina\u010de pona\u0161a i onda paziti da ne djelujemo previ\u0161e na to njezino uobi\u010dajeno pona\u0161anje, rekao je Vakula.&nbsp;<\/p>\n\n\n\n<p>&#8211; Nije sve nepovratno izgubljeno, rekao je Pand\u017ei\u0107, dodav\u0161i kako se Pari\u0161kim sporazumom definira zaustavljanje globalnog zatopljenja, te da \u0107e se na taj na\u010din ubla\u017eiti i pojava ekstrema.<\/p>\n\n\n\n<p>&#8211; Postoje odre\u0111ene mjere, uvo\u0111enje tzv. zelenog gospodarstva &#8211; zamjena fosilnih goriva sa obnovljivim izvorima energije, uvo\u0111enje elektri\u010dnih automobila, \u0161tednja energije&#8230;. Nema bojazni da \u0107e biti nekakav gubitak, to je investicija u budu\u0107nost, da ne bi do\u0161li u nepovratno stanje, rekao je te dodao: na kraju ovog stolje\u0107a mogli bi se vratiti u prirodno stanje ako se sve ispuni kako je zacrtano.<\/p>\n\n\n\n<p>Izvor:hrt.hr<\/p>\n","protected":false},"excerpt":{"rendered":"<p>Obilne ki\u0161e koje su prouzro\u010dile smrtonosne poplave \u0161irom zapadne Njema\u010dke i Belgije izazvale su uzbunu, a mnogi se pitaju jesu li za to odgovorne klimatske promjene. &#8211; Rije\u010d je o ljetnom europskom monsunu. O\u010dekuju se grmljavinska nevremena koja mogu biti i ja\u010da. Mo\u017ee se re\u0107i da to ima veze s globalnim zatopljenjem, jer se u [&hellip;]<\/p>\n","protected":false},"author":2,"featured_media":44991,"comment_status":"closed","ping_status":"closed","sticky":false,"template":"","format":"standard","meta":{"h5ap_radio_sources":[],"footnotes":""},"categories":[1],"tags":[],"class_list":["post-44990","post","type-post","status-publish","format-standard","has-post-thumbnail","hentry","category-bihiregija"],"yoast_head":"<!-- This site is optimized with the Yoast SEO plugin v27.4 - https:\/\/yoast.com\/product\/yoast-seo-wordpress\/ -->\n<title>Vakula upozorava: Previ\u0161e ekstrema na puno mjesta u svijetu - RADIO LJUBU\u0160KI<\/title>\n<meta name=\"robots\" content=\"index, follow, max-snippet:-1, max-image-preview:large, max-video-preview:-1\" \/>\n<link rel=\"canonical\" href=\"https:\/\/radioljubuski.ba\/index.php\/2021\/07\/22\/vakula-upozorava-previse-ekstrema-na-puno-mjesta-u-svijetu\/\" \/>\n<meta property=\"og:locale\" content=\"hr_HR\" \/>\n<meta property=\"og:type\" content=\"article\" \/>\n<meta property=\"og:title\" content=\"Vakula upozorava: Previ\u0161e ekstrema na puno mjesta u svijetu - RADIO LJUBU\u0160KI\" \/>\n<meta property=\"og:description\" content=\"Obilne ki\u0161e koje su prouzro\u010dile smrtonosne poplave \u0161irom zapadne Njema\u010dke i Belgije izazvale su uzbunu, a mnogi se pitaju jesu li za to odgovorne klimatske promjene. &#8211; Rije\u010d je o ljetnom europskom monsunu. O\u010dekuju se grmljavinska nevremena koja mogu biti i ja\u010da. Mo\u017ee se re\u0107i da to ima veze s globalnim zatopljenjem, jer se u [&hellip;]\" \/>\n<meta property=\"og:url\" content=\"https:\/\/radioljubuski.ba\/index.php\/2021\/07\/22\/vakula-upozorava-previse-ekstrema-na-puno-mjesta-u-svijetu\/\" \/>\n<meta property=\"og:site_name\" content=\"RADIO LJUBU\u0160KI\" \/>\n<meta property=\"article:publisher\" content=\"https:\/\/www.facebook.com\/Radiio-Ljubuski-1490835324566332\" \/>\n<meta property=\"article:published_time\" content=\"2021-07-22T07:27:54+00:00\" \/>\n<meta property=\"article:modified_time\" content=\"2021-07-22T07:27:55+00:00\" \/>\n<meta property=\"og:image\" content=\"https:\/\/radioljubuski.ba\/wp-content\/uploads\/2021\/07\/2-2021-07-22-08-38-47-zoran-vakula.jpg\" \/>\n\t<meta property=\"og:image:width\" content=\"1000\" \/>\n\t<meta property=\"og:image:height\" content=\"625\" \/>\n\t<meta property=\"og:image:type\" content=\"image\/jpeg\" \/>\n<meta name=\"author\" content=\"Radio Ljubu\u0161ki\" \/>\n<meta name=\"twitter:card\" content=\"summary_large_image\" \/>\n<meta name=\"twitter:creator\" content=\"@radioljubuski\" \/>\n<meta name=\"twitter:site\" content=\"@radioljubuski\" \/>\n<meta name=\"twitter:label1\" content=\"Napisao\/la\" \/>\n\t<meta name=\"twitter:data1\" content=\"Radio Ljubu\u0161ki\" \/>\n\t<meta name=\"twitter:label2\" content=\"Procijenjeno vrijeme \u010ditanja\" \/>\n\t<meta name=\"twitter:data2\" content=\"2 minute\" \/>\n<script type=\"application\/ld+json\" class=\"yoast-schema-graph\">{\"@context\":\"https:\\\/\\\/schema.org\",\"@graph\":[{\"@type\":\"Article\",\"@id\":\"https:\\\/\\\/radioljubuski.ba\\\/index.php\\\/2021\\\/07\\\/22\\\/vakula-upozorava-previse-ekstrema-na-puno-mjesta-u-svijetu\\\/#article\",\"isPartOf\":{\"@id\":\"https:\\\/\\\/radioljubuski.ba\\\/index.php\\\/2021\\\/07\\\/22\\\/vakula-upozorava-previse-ekstrema-na-puno-mjesta-u-svijetu\\\/\"},\"author\":{\"name\":\"Radio Ljubu\u0161ki\",\"@id\":\"https:\\\/\\\/radioljubuski.ba\\\/#\\\/schema\\\/person\\\/19fc700381a780f69665d7956c469e3b\"},\"headline\":\"Vakula upozorava: Previ\u0161e ekstrema na puno mjesta u svijetu\",\"datePublished\":\"2021-07-22T07:27:54+00:00\",\"dateModified\":\"2021-07-22T07:27:55+00:00\",\"mainEntityOfPage\":{\"@id\":\"https:\\\/\\\/radioljubuski.ba\\\/index.php\\\/2021\\\/07\\\/22\\\/vakula-upozorava-previse-ekstrema-na-puno-mjesta-u-svijetu\\\/\"},\"wordCount\":455,\"publisher\":{\"@id\":\"https:\\\/\\\/radioljubuski.ba\\\/#organization\"},\"image\":{\"@id\":\"https:\\\/\\\/radioljubuski.ba\\\/index.php\\\/2021\\\/07\\\/22\\\/vakula-upozorava-previse-ekstrema-na-puno-mjesta-u-svijetu\\\/#primaryimage\"},\"thumbnailUrl\":\"https:\\\/\\\/radioljubuski.ba\\\/wp-content\\\/uploads\\\/2021\\\/07\\\/2-2021-07-22-08-38-47-zoran-vakula.jpg\",\"articleSection\":[\"BIH i regija\"],\"inLanguage\":\"hr\"},{\"@type\":\"WebPage\",\"@id\":\"https:\\\/\\\/radioljubuski.ba\\\/index.php\\\/2021\\\/07\\\/22\\\/vakula-upozorava-previse-ekstrema-na-puno-mjesta-u-svijetu\\\/\",\"url\":\"https:\\\/\\\/radioljubuski.ba\\\/index.php\\\/2021\\\/07\\\/22\\\/vakula-upozorava-previse-ekstrema-na-puno-mjesta-u-svijetu\\\/\",\"name\":\"Vakula upozorava: Previ\u0161e ekstrema na puno mjesta u svijetu - RADIO LJUBU\u0160KI\",\"isPartOf\":{\"@id\":\"https:\\\/\\\/radioljubuski.ba\\\/#website\"},\"primaryImageOfPage\":{\"@id\":\"https:\\\/\\\/radioljubuski.ba\\\/index.php\\\/2021\\\/07\\\/22\\\/vakula-upozorava-previse-ekstrema-na-puno-mjesta-u-svijetu\\\/#primaryimage\"},\"image\":{\"@id\":\"https:\\\/\\\/radioljubuski.ba\\\/index.php\\\/2021\\\/07\\\/22\\\/vakula-upozorava-previse-ekstrema-na-puno-mjesta-u-svijetu\\\/#primaryimage\"},\"thumbnailUrl\":\"https:\\\/\\\/radioljubuski.ba\\\/wp-content\\\/uploads\\\/2021\\\/07\\\/2-2021-07-22-08-38-47-zoran-vakula.jpg\",\"datePublished\":\"2021-07-22T07:27:54+00:00\",\"dateModified\":\"2021-07-22T07:27:55+00:00\",\"breadcrumb\":{\"@id\":\"https:\\\/\\\/radioljubuski.ba\\\/index.php\\\/2021\\\/07\\\/22\\\/vakula-upozorava-previse-ekstrema-na-puno-mjesta-u-svijetu\\\/#breadcrumb\"},\"inLanguage\":\"hr\",\"potentialAction\":[{\"@type\":\"ReadAction\",\"target\":[\"https:\\\/\\\/radioljubuski.ba\\\/index.php\\\/2021\\\/07\\\/22\\\/vakula-upozorava-previse-ekstrema-na-puno-mjesta-u-svijetu\\\/\"]}]},{\"@type\":\"ImageObject\",\"inLanguage\":\"hr\",\"@id\":\"https:\\\/\\\/radioljubuski.ba\\\/index.php\\\/2021\\\/07\\\/22\\\/vakula-upozorava-previse-ekstrema-na-puno-mjesta-u-svijetu\\\/#primaryimage\",\"url\":\"https:\\\/\\\/radioljubuski.ba\\\/wp-content\\\/uploads\\\/2021\\\/07\\\/2-2021-07-22-08-38-47-zoran-vakula.jpg\",\"contentUrl\":\"https:\\\/\\\/radioljubuski.ba\\\/wp-content\\\/uploads\\\/2021\\\/07\\\/2-2021-07-22-08-38-47-zoran-vakula.jpg\",\"width\":1000,\"height\":625},{\"@type\":\"BreadcrumbList\",\"@id\":\"https:\\\/\\\/radioljubuski.ba\\\/index.php\\\/2021\\\/07\\\/22\\\/vakula-upozorava-previse-ekstrema-na-puno-mjesta-u-svijetu\\\/#breadcrumb\",\"itemListElement\":[{\"@type\":\"ListItem\",\"position\":1,\"name\":\"Po\u010detna stranica\",\"item\":\"https:\\\/\\\/radioljubuski.ba\\\/\"},{\"@type\":\"ListItem\",\"position\":2,\"name\":\"Vakula upozorava: Previ\u0161e ekstrema na puno mjesta u svijetu\"}]},{\"@type\":\"WebSite\",\"@id\":\"https:\\\/\\\/radioljubuski.ba\\\/#website\",\"url\":\"https:\\\/\\\/radioljubuski.ba\\\/\",\"name\":\"Radio Ljubu\u0161ki\",\"description\":\"Sun\u010dana frekvencija Hercegovine\",\"publisher\":{\"@id\":\"https:\\\/\\\/radioljubuski.ba\\\/#organization\"},\"potentialAction\":[{\"@type\":\"SearchAction\",\"target\":{\"@type\":\"EntryPoint\",\"urlTemplate\":\"https:\\\/\\\/radioljubuski.ba\\\/?s={search_term_string}\"},\"query-input\":{\"@type\":\"PropertyValueSpecification\",\"valueRequired\":true,\"valueName\":\"search_term_string\"}}],\"inLanguage\":\"hr\"},{\"@type\":\"Organization\",\"@id\":\"https:\\\/\\\/radioljubuski.ba\\\/#organization\",\"name\":\"Radio Ljubu\u0161ki\",\"url\":\"https:\\\/\\\/radioljubuski.ba\\\/\",\"logo\":{\"@type\":\"ImageObject\",\"inLanguage\":\"hr\",\"@id\":\"https:\\\/\\\/radioljubuski.ba\\\/#\\\/schema\\\/logo\\\/image\\\/\",\"url\":\"https:\\\/\\\/radioljubuski.ba\\\/wp-content\\\/uploads\\\/2021\\\/02\\\/cropped-Radio_Ljubuski_logo1.jpg\",\"contentUrl\":\"https:\\\/\\\/radioljubuski.ba\\\/wp-content\\\/uploads\\\/2021\\\/02\\\/cropped-Radio_Ljubuski_logo1.jpg\",\"width\":512,\"height\":512,\"caption\":\"Radio Ljubu\u0161ki\"},\"image\":{\"@id\":\"https:\\\/\\\/radioljubuski.ba\\\/#\\\/schema\\\/logo\\\/image\\\/\"},\"sameAs\":[\"https:\\\/\\\/www.facebook.com\\\/Radiio-Ljubuski-1490835324566332\",\"https:\\\/\\\/x.com\\\/radioljubuski\",\"https:\\\/\\\/hr.linkedin.com\\\/company\\\/radio-ljubuski\",\"https:\\\/\\\/www.youtube.com\\\/channel\\\/UCHYaeO_n0Db3tjNGudGpXyw\"]},{\"@type\":\"Person\",\"@id\":\"https:\\\/\\\/radioljubuski.ba\\\/#\\\/schema\\\/person\\\/19fc700381a780f69665d7956c469e3b\",\"name\":\"Radio Ljubu\u0161ki\"}]}<\/script>\n<!-- \/ Yoast SEO plugin. -->","yoast_head_json":{"title":"Vakula upozorava: Previ\u0161e ekstrema na puno mjesta u svijetu - RADIO LJUBU\u0160KI","robots":{"index":"index","follow":"follow","max-snippet":"max-snippet:-1","max-image-preview":"max-image-preview:large","max-video-preview":"max-video-preview:-1"},"canonical":"https:\/\/radioljubuski.ba\/index.php\/2021\/07\/22\/vakula-upozorava-previse-ekstrema-na-puno-mjesta-u-svijetu\/","og_locale":"hr_HR","og_type":"article","og_title":"Vakula upozorava: Previ\u0161e ekstrema na puno mjesta u svijetu - RADIO LJUBU\u0160KI","og_description":"Obilne ki\u0161e koje su prouzro\u010dile smrtonosne poplave \u0161irom zapadne Njema\u010dke i Belgije izazvale su uzbunu, a mnogi se pitaju jesu li za to odgovorne klimatske promjene. &#8211; Rije\u010d je o ljetnom europskom monsunu. O\u010dekuju se grmljavinska nevremena koja mogu biti i ja\u010da. Mo\u017ee se re\u0107i da to ima veze s globalnim zatopljenjem, jer se u [&hellip;]","og_url":"https:\/\/radioljubuski.ba\/index.php\/2021\/07\/22\/vakula-upozorava-previse-ekstrema-na-puno-mjesta-u-svijetu\/","og_site_name":"RADIO LJUBU\u0160KI","article_publisher":"https:\/\/www.facebook.com\/Radiio-Ljubuski-1490835324566332","article_published_time":"2021-07-22T07:27:54+00:00","article_modified_time":"2021-07-22T07:27:55+00:00","og_image":[{"width":1000,"height":625,"url":"https:\/\/radioljubuski.ba\/wp-content\/uploads\/2021\/07\/2-2021-07-22-08-38-47-zoran-vakula.jpg","type":"image\/jpeg"}],"author":"Radio Ljubu\u0161ki","twitter_card":"summary_large_image","twitter_creator":"@radioljubuski","twitter_site":"@radioljubuski","twitter_misc":{"Napisao\/la":"Radio Ljubu\u0161ki","Procijenjeno vrijeme \u010ditanja":"2 minute"},"schema":{"@context":"https:\/\/schema.org","@graph":[{"@type":"Article","@id":"https:\/\/radioljubuski.ba\/index.php\/2021\/07\/22\/vakula-upozorava-previse-ekstrema-na-puno-mjesta-u-svijetu\/#article","isPartOf":{"@id":"https:\/\/radioljubuski.ba\/index.php\/2021\/07\/22\/vakula-upozorava-previse-ekstrema-na-puno-mjesta-u-svijetu\/"},"author":{"name":"Radio Ljubu\u0161ki","@id":"https:\/\/radioljubuski.ba\/#\/schema\/person\/19fc700381a780f69665d7956c469e3b"},"headline":"Vakula upozorava: Previ\u0161e ekstrema na puno mjesta u svijetu","datePublished":"2021-07-22T07:27:54+00:00","dateModified":"2021-07-22T07:27:55+00:00","mainEntityOfPage":{"@id":"https:\/\/radioljubuski.ba\/index.php\/2021\/07\/22\/vakula-upozorava-previse-ekstrema-na-puno-mjesta-u-svijetu\/"},"wordCount":455,"publisher":{"@id":"https:\/\/radioljubuski.ba\/#organization"},"image":{"@id":"https:\/\/radioljubuski.ba\/index.php\/2021\/07\/22\/vakula-upozorava-previse-ekstrema-na-puno-mjesta-u-svijetu\/#primaryimage"},"thumbnailUrl":"https:\/\/radioljubuski.ba\/wp-content\/uploads\/2021\/07\/2-2021-07-22-08-38-47-zoran-vakula.jpg","articleSection":["BIH i regija"],"inLanguage":"hr"},{"@type":"WebPage","@id":"https:\/\/radioljubuski.ba\/index.php\/2021\/07\/22\/vakula-upozorava-previse-ekstrema-na-puno-mjesta-u-svijetu\/","url":"https:\/\/radioljubuski.ba\/index.php\/2021\/07\/22\/vakula-upozorava-previse-ekstrema-na-puno-mjesta-u-svijetu\/","name":"Vakula upozorava: Previ\u0161e ekstrema na puno mjesta u svijetu - RADIO LJUBU\u0160KI","isPartOf":{"@id":"https:\/\/radioljubuski.ba\/#website"},"primaryImageOfPage":{"@id":"https:\/\/radioljubuski.ba\/index.php\/2021\/07\/22\/vakula-upozorava-previse-ekstrema-na-puno-mjesta-u-svijetu\/#primaryimage"},"image":{"@id":"https:\/\/radioljubuski.ba\/index.php\/2021\/07\/22\/vakula-upozorava-previse-ekstrema-na-puno-mjesta-u-svijetu\/#primaryimage"},"thumbnailUrl":"https:\/\/radioljubuski.ba\/wp-content\/uploads\/2021\/07\/2-2021-07-22-08-38-47-zoran-vakula.jpg","datePublished":"2021-07-22T07:27:54+00:00","dateModified":"2021-07-22T07:27:55+00:00","breadcrumb":{"@id":"https:\/\/radioljubuski.ba\/index.php\/2021\/07\/22\/vakula-upozorava-previse-ekstrema-na-puno-mjesta-u-svijetu\/#breadcrumb"},"inLanguage":"hr","potentialAction":[{"@type":"ReadAction","target":["https:\/\/radioljubuski.ba\/index.php\/2021\/07\/22\/vakula-upozorava-previse-ekstrema-na-puno-mjesta-u-svijetu\/"]}]},{"@type":"ImageObject","inLanguage":"hr","@id":"https:\/\/radioljubuski.ba\/index.php\/2021\/07\/22\/vakula-upozorava-previse-ekstrema-na-puno-mjesta-u-svijetu\/#primaryimage","url":"https:\/\/radioljubuski.ba\/wp-content\/uploads\/2021\/07\/2-2021-07-22-08-38-47-zoran-vakula.jpg","contentUrl":"https:\/\/radioljubuski.ba\/wp-content\/uploads\/2021\/07\/2-2021-07-22-08-38-47-zoran-vakula.jpg","width":1000,"height":625},{"@type":"BreadcrumbList","@id":"https:\/\/radioljubuski.ba\/index.php\/2021\/07\/22\/vakula-upozorava-previse-ekstrema-na-puno-mjesta-u-svijetu\/#breadcrumb","itemListElement":[{"@type":"ListItem","position":1,"name":"Po\u010detna stranica","item":"https:\/\/radioljubuski.ba\/"},{"@type":"ListItem","position":2,"name":"Vakula upozorava: Previ\u0161e ekstrema na puno mjesta u svijetu"}]},{"@type":"WebSite","@id":"https:\/\/radioljubuski.ba\/#website","url":"https:\/\/radioljubuski.ba\/","name":"Radio Ljubu\u0161ki","description":"Sun\u010dana frekvencija Hercegovine","publisher":{"@id":"https:\/\/radioljubuski.ba\/#organization"},"potentialAction":[{"@type":"SearchAction","target":{"@type":"EntryPoint","urlTemplate":"https:\/\/radioljubuski.ba\/?s={search_term_string}"},"query-input":{"@type":"PropertyValueSpecification","valueRequired":true,"valueName":"search_term_string"}}],"inLanguage":"hr"},{"@type":"Organization","@id":"https:\/\/radioljubuski.ba\/#organization","name":"Radio Ljubu\u0161ki","url":"https:\/\/radioljubuski.ba\/","logo":{"@type":"ImageObject","inLanguage":"hr","@id":"https:\/\/radioljubuski.ba\/#\/schema\/logo\/image\/","url":"https:\/\/radioljubuski.ba\/wp-content\/uploads\/2021\/02\/cropped-Radio_Ljubuski_logo1.jpg","contentUrl":"https:\/\/radioljubuski.ba\/wp-content\/uploads\/2021\/02\/cropped-Radio_Ljubuski_logo1.jpg","width":512,"height":512,"caption":"Radio Ljubu\u0161ki"},"image":{"@id":"https:\/\/radioljubuski.ba\/#\/schema\/logo\/image\/"},"sameAs":["https:\/\/www.facebook.com\/Radiio-Ljubuski-1490835324566332","https:\/\/x.com\/radioljubuski","https:\/\/hr.linkedin.com\/company\/radio-ljubuski","https:\/\/www.youtube.com\/channel\/UCHYaeO_n0Db3tjNGudGpXyw"]},{"@type":"Person","@id":"https:\/\/radioljubuski.ba\/#\/schema\/person\/19fc700381a780f69665d7956c469e3b","name":"Radio Ljubu\u0161ki"}]}},"_links":{"self":[{"href":"https:\/\/radioljubuski.ba\/index.php\/wp-json\/wp\/v2\/posts\/44990","targetHints":{"allow":["GET"]}}],"collection":[{"href":"https:\/\/radioljubuski.ba\/index.php\/wp-json\/wp\/v2\/posts"}],"about":[{"href":"https:\/\/radioljubuski.ba\/index.php\/wp-json\/wp\/v2\/types\/post"}],"author":[{"embeddable":true,"href":"https:\/\/radioljubuski.ba\/index.php\/wp-json\/wp\/v2\/users\/2"}],"replies":[{"embeddable":true,"href":"https:\/\/radioljubuski.ba\/index.php\/wp-json\/wp\/v2\/comments?post=44990"}],"version-history":[{"count":1,"href":"https:\/\/radioljubuski.ba\/index.php\/wp-json\/wp\/v2\/posts\/44990\/revisions"}],"predecessor-version":[{"id":44992,"href":"https:\/\/radioljubuski.ba\/index.php\/wp-json\/wp\/v2\/posts\/44990\/revisions\/44992"}],"wp:featuredmedia":[{"embeddable":true,"href":"https:\/\/radioljubuski.ba\/index.php\/wp-json\/wp\/v2\/media\/44991"}],"wp:attachment":[{"href":"https:\/\/radioljubuski.ba\/index.php\/wp-json\/wp\/v2\/media?parent=44990"}],"wp:term":[{"taxonomy":"category","embeddable":true,"href":"https:\/\/radioljubuski.ba\/index.php\/wp-json\/wp\/v2\/categories?post=44990"},{"taxonomy":"post_tag","embeddable":true,"href":"https:\/\/radioljubuski.ba\/index.php\/wp-json\/wp\/v2\/tags?post=44990"}],"curies":[{"name":"wp","href":"https:\/\/api.w.org\/{rel}","templated":true}]}}