{"id":45137,"date":"2021-07-22T19:33:38","date_gmt":"2021-07-22T18:33:38","guid":{"rendered":"https:\/\/radioljubuski.ba\/?p=45137"},"modified":"2021-07-22T19:33:39","modified_gmt":"2021-07-22T18:33:39","slug":"potraga-u-austriji-muskarac-iz-bih-nozem-ubo-suprugu-u-vrat-pa-pobjegao-u-boksericama","status":"publish","type":"post","link":"https:\/\/radioljubuski.ba\/index.php\/2021\/07\/22\/potraga-u-austriji-muskarac-iz-bih-nozem-ubo-suprugu-u-vrat-pa-pobjegao-u-boksericama\/","title":{"rendered":"Potraga u Austriji: Mu\u0161karac iz BiH no\u017eem ubo suprugu u vrat pa pobjegao u boksericama"},"content":{"rendered":"\n<p>Austrijska policija traga za Mariom M., Hrvatom podrijetlom iz BiH, koji je osumnji\u010den da je u okrugu Linz-Landa no\u017eem u vrat ubo i te\u0161ko ozlijedio&nbsp; suprugu, 37-godi\u0161nju dr\u017eavljanku Austrije, a potom pobjegao u donjem rublju.<\/p>\n\n\n\n<p><a href=\"https:\/\/www.nezavisne.com\/novosti\/hronika\/Muskarac-iz-BiH-nozem-ubo-suprugu-u-vrat-pa-pobjegao-u-boksericama\/672780\" target=\"_blank\" rel=\"noreferrer noopener\">&#8220;Nezavisne&#8221;<\/a>&nbsp;neslu\u017ebeno saznaju da je mu\u0161karac, kojeg danima tra\u017ee policijske snage, rodom iz Srednjobosanske \u017eupanije.<\/p>\n\n\n\n<p>Kako prenose austrijski mediji sve se desilo u u Astenu, kada je 40-godi\u0161njak u utorak rano ujutro no\u017eem te\u0161ko povrijedio suprugu, a u stanu su bila i djeca starosti 10 i 16 godina.<\/p>\n\n\n\n<p>Mu\u0161karac je, prema pisanju tamo\u0161njih medija, poslije zlo\u010dina pobjegao bez mobilnog telefona i obu\u0107e, a na sebi je imao samo bokserice i majicu.<\/p>\n\n\n\n<p>Navodno je desetogodi\u0161nja k\u0107er pozvala pomo\u0107 oko 4.30.<\/p>\n\n\n\n<p>Kako su djeca ispri\u010dala istra\u017eiteljima, \u010dula se sva\u0111a para, ali nisu vidjeli kako se dogodio fizi\u010dki sukob.<\/p>\n\n\n\n<p>Iako je policija odmah stigla na lice mjesta, do tada je 40-godi\u0161njak ve\u0107 bio pobjegao.<\/p>\n\n\n\n<p>Povrije\u0111ena \u017eena primljena je u bolnicu i utvr\u0111ene su joj ozljede vrata, ali se uspje\u0161no oporavljala.<\/p>\n\n\n\n<p>Istra\u017eitelji sumnjaju da je kazneno djelo po\u010dinjeno tijekom sukoba partnera.<\/p>\n\n\n\n<p>Policija je zaplijenila no\u017e za koji se sumnja da je kori\u0161ten, a postoji mogu\u0107nost da je u pitanju kazneno djelo koje \u0107e biti okvalificirano kao poku\u0161aj ubojstva.<\/p>\n\n\n\n<p>Dr\u017eavno tu\u017eiteljstvo naredilo je uhi\u0107enje i javnu pretragu, a istragu je preuzeo Dr\u017eavni ured kriminalisti\u010dke policije Gornje Austrije.<\/p>\n\n\n\n<p>Lokalni portali su u srijedu pisali da nije bilo ni traga 40-godi\u0161njaku, a policija je pomo\u0107 u njegovom pronalasku potra\u017eila od medija i gra\u0111ana.<\/p>\n\n\n\n<p>U izvje\u0161tajima mediji navode da su brojne patrole koje su bile naoru\u017eane i policijski helikopteri tra\u017eili mu\u0161karca te \u010de\u0161ljali stambeni blok, gledali u podrume i podzemne gara\u017ee, ali u srijedu mu nije bilo traga.<\/p>\n\n\n\n<p>Djeca su ispitana o ovom slu\u010daju i neko vijeme bi trebali ostati kod bake i djeda.<\/p>\n\n\n\n<p>Izvor:nezavisne.com<\/p>\n","protected":false},"excerpt":{"rendered":"<p>Austrijska policija traga za Mariom M., Hrvatom podrijetlom iz BiH, koji je osumnji\u010den da je u okrugu Linz-Landa no\u017eem u vrat ubo i te\u0161ko ozlijedio&nbsp; suprugu, 37-godi\u0161nju dr\u017eavljanku Austrije, a potom pobjegao u donjem rublju. &#8220;Nezavisne&#8221;&nbsp;neslu\u017ebeno saznaju da je mu\u0161karac, kojeg danima tra\u017ee policijske snage, rodom iz Srednjobosanske \u017eupanije. Kako prenose austrijski mediji sve se [&hellip;]<\/p>\n","protected":false},"author":2,"featured_media":45138,"comment_status":"closed","ping_status":"closed","sticky":false,"template":"","format":"standard","meta":{"h5ap_radio_sources":[],"footnotes":""},"categories":[1],"tags":[],"class_list":["post-45137","post","type-post","status-publish","format-standard","has-post-thumbnail","hentry","category-bihiregija"],"yoast_head":"<!-- This site is optimized with the Yoast SEO plugin v27.4 - https:\/\/yoast.com\/product\/yoast-seo-wordpress\/ -->\n<title>Potraga u Austriji: Mu\u0161karac iz BiH no\u017eem ubo suprugu u vrat pa pobjegao u boksericama - RADIO LJUBU\u0160KI<\/title>\n<meta name=\"robots\" content=\"index, follow, max-snippet:-1, max-image-preview:large, max-video-preview:-1\" \/>\n<link rel=\"canonical\" href=\"https:\/\/radioljubuski.ba\/index.php\/2021\/07\/22\/potraga-u-austriji-muskarac-iz-bih-nozem-ubo-suprugu-u-vrat-pa-pobjegao-u-boksericama\/\" \/>\n<meta property=\"og:locale\" content=\"hr_HR\" \/>\n<meta property=\"og:type\" content=\"article\" \/>\n<meta property=\"og:title\" content=\"Potraga u Austriji: Mu\u0161karac iz BiH no\u017eem ubo suprugu u vrat pa pobjegao u boksericama - RADIO LJUBU\u0160KI\" \/>\n<meta property=\"og:description\" content=\"Austrijska policija traga za Mariom M., Hrvatom podrijetlom iz BiH, koji je osumnji\u010den da je u okrugu Linz-Landa no\u017eem u vrat ubo i te\u0161ko ozlijedio&nbsp; suprugu, 37-godi\u0161nju dr\u017eavljanku Austrije, a potom pobjegao u donjem rublju. &#8220;Nezavisne&#8221;&nbsp;neslu\u017ebeno saznaju da je mu\u0161karac, kojeg danima tra\u017ee policijske snage, rodom iz Srednjobosanske \u017eupanije. Kako prenose austrijski mediji sve se [&hellip;]\" \/>\n<meta property=\"og:url\" content=\"https:\/\/radioljubuski.ba\/index.php\/2021\/07\/22\/potraga-u-austriji-muskarac-iz-bih-nozem-ubo-suprugu-u-vrat-pa-pobjegao-u-boksericama\/\" \/>\n<meta property=\"og:site_name\" content=\"RADIO LJUBU\u0160KI\" \/>\n<meta property=\"article:publisher\" content=\"https:\/\/www.facebook.com\/Radiio-Ljubuski-1490835324566332\" \/>\n<meta property=\"article:published_time\" content=\"2021-07-22T18:33:38+00:00\" \/>\n<meta property=\"article:modified_time\" content=\"2021-07-22T18:33:39+00:00\" \/>\n<meta property=\"og:image\" content=\"https:\/\/radioljubuski.ba\/wp-content\/uploads\/2021\/07\/policija-austrija.jpg\" \/>\n\t<meta property=\"og:image:width\" content=\"1000\" \/>\n\t<meta property=\"og:image:height\" content=\"625\" \/>\n\t<meta property=\"og:image:type\" content=\"image\/jpeg\" \/>\n<meta name=\"author\" content=\"Radio Ljubu\u0161ki\" \/>\n<meta name=\"twitter:card\" content=\"summary_large_image\" \/>\n<meta name=\"twitter:creator\" content=\"@radioljubuski\" \/>\n<meta name=\"twitter:site\" content=\"@radioljubuski\" \/>\n<meta name=\"twitter:label1\" content=\"Napisao\/la\" \/>\n\t<meta name=\"twitter:data1\" content=\"Radio Ljubu\u0161ki\" \/>\n\t<meta name=\"twitter:label2\" content=\"Procijenjeno vrijeme \u010ditanja\" \/>\n\t<meta name=\"twitter:data2\" content=\"2 minute\" \/>\n<script type=\"application\/ld+json\" class=\"yoast-schema-graph\">{\"@context\":\"https:\\\/\\\/schema.org\",\"@graph\":[{\"@type\":\"Article\",\"@id\":\"https:\\\/\\\/radioljubuski.ba\\\/index.php\\\/2021\\\/07\\\/22\\\/potraga-u-austriji-muskarac-iz-bih-nozem-ubo-suprugu-u-vrat-pa-pobjegao-u-boksericama\\\/#article\",\"isPartOf\":{\"@id\":\"https:\\\/\\\/radioljubuski.ba\\\/index.php\\\/2021\\\/07\\\/22\\\/potraga-u-austriji-muskarac-iz-bih-nozem-ubo-suprugu-u-vrat-pa-pobjegao-u-boksericama\\\/\"},\"author\":{\"name\":\"Radio Ljubu\u0161ki\",\"@id\":\"https:\\\/\\\/radioljubuski.ba\\\/#\\\/schema\\\/person\\\/19fc700381a780f69665d7956c469e3b\"},\"headline\":\"Potraga u Austriji: Mu\u0161karac iz BiH no\u017eem ubo suprugu u vrat pa pobjegao u boksericama\",\"datePublished\":\"2021-07-22T18:33:38+00:00\",\"dateModified\":\"2021-07-22T18:33:39+00:00\",\"mainEntityOfPage\":{\"@id\":\"https:\\\/\\\/radioljubuski.ba\\\/index.php\\\/2021\\\/07\\\/22\\\/potraga-u-austriji-muskarac-iz-bih-nozem-ubo-suprugu-u-vrat-pa-pobjegao-u-boksericama\\\/\"},\"wordCount\":355,\"publisher\":{\"@id\":\"https:\\\/\\\/radioljubuski.ba\\\/#organization\"},\"image\":{\"@id\":\"https:\\\/\\\/radioljubuski.ba\\\/index.php\\\/2021\\\/07\\\/22\\\/potraga-u-austriji-muskarac-iz-bih-nozem-ubo-suprugu-u-vrat-pa-pobjegao-u-boksericama\\\/#primaryimage\"},\"thumbnailUrl\":\"https:\\\/\\\/radioljubuski.ba\\\/wp-content\\\/uploads\\\/2021\\\/07\\\/policija-austrija.jpg\",\"articleSection\":[\"BIH i regija\"],\"inLanguage\":\"hr\"},{\"@type\":\"WebPage\",\"@id\":\"https:\\\/\\\/radioljubuski.ba\\\/index.php\\\/2021\\\/07\\\/22\\\/potraga-u-austriji-muskarac-iz-bih-nozem-ubo-suprugu-u-vrat-pa-pobjegao-u-boksericama\\\/\",\"url\":\"https:\\\/\\\/radioljubuski.ba\\\/index.php\\\/2021\\\/07\\\/22\\\/potraga-u-austriji-muskarac-iz-bih-nozem-ubo-suprugu-u-vrat-pa-pobjegao-u-boksericama\\\/\",\"name\":\"Potraga u Austriji: Mu\u0161karac iz BiH no\u017eem ubo suprugu u vrat pa pobjegao u boksericama - RADIO LJUBU\u0160KI\",\"isPartOf\":{\"@id\":\"https:\\\/\\\/radioljubuski.ba\\\/#website\"},\"primaryImageOfPage\":{\"@id\":\"https:\\\/\\\/radioljubuski.ba\\\/index.php\\\/2021\\\/07\\\/22\\\/potraga-u-austriji-muskarac-iz-bih-nozem-ubo-suprugu-u-vrat-pa-pobjegao-u-boksericama\\\/#primaryimage\"},\"image\":{\"@id\":\"https:\\\/\\\/radioljubuski.ba\\\/index.php\\\/2021\\\/07\\\/22\\\/potraga-u-austriji-muskarac-iz-bih-nozem-ubo-suprugu-u-vrat-pa-pobjegao-u-boksericama\\\/#primaryimage\"},\"thumbnailUrl\":\"https:\\\/\\\/radioljubuski.ba\\\/wp-content\\\/uploads\\\/2021\\\/07\\\/policija-austrija.jpg\",\"datePublished\":\"2021-07-22T18:33:38+00:00\",\"dateModified\":\"2021-07-22T18:33:39+00:00\",\"breadcrumb\":{\"@id\":\"https:\\\/\\\/radioljubuski.ba\\\/index.php\\\/2021\\\/07\\\/22\\\/potraga-u-austriji-muskarac-iz-bih-nozem-ubo-suprugu-u-vrat-pa-pobjegao-u-boksericama\\\/#breadcrumb\"},\"inLanguage\":\"hr\",\"potentialAction\":[{\"@type\":\"ReadAction\",\"target\":[\"https:\\\/\\\/radioljubuski.ba\\\/index.php\\\/2021\\\/07\\\/22\\\/potraga-u-austriji-muskarac-iz-bih-nozem-ubo-suprugu-u-vrat-pa-pobjegao-u-boksericama\\\/\"]}]},{\"@type\":\"ImageObject\",\"inLanguage\":\"hr\",\"@id\":\"https:\\\/\\\/radioljubuski.ba\\\/index.php\\\/2021\\\/07\\\/22\\\/potraga-u-austriji-muskarac-iz-bih-nozem-ubo-suprugu-u-vrat-pa-pobjegao-u-boksericama\\\/#primaryimage\",\"url\":\"https:\\\/\\\/radioljubuski.ba\\\/wp-content\\\/uploads\\\/2021\\\/07\\\/policija-austrija.jpg\",\"contentUrl\":\"https:\\\/\\\/radioljubuski.ba\\\/wp-content\\\/uploads\\\/2021\\\/07\\\/policija-austrija.jpg\",\"width\":1000,\"height\":625},{\"@type\":\"BreadcrumbList\",\"@id\":\"https:\\\/\\\/radioljubuski.ba\\\/index.php\\\/2021\\\/07\\\/22\\\/potraga-u-austriji-muskarac-iz-bih-nozem-ubo-suprugu-u-vrat-pa-pobjegao-u-boksericama\\\/#breadcrumb\",\"itemListElement\":[{\"@type\":\"ListItem\",\"position\":1,\"name\":\"Po\u010detna stranica\",\"item\":\"https:\\\/\\\/radioljubuski.ba\\\/\"},{\"@type\":\"ListItem\",\"position\":2,\"name\":\"Potraga u Austriji: Mu\u0161karac iz BiH no\u017eem ubo suprugu u vrat pa pobjegao u boksericama\"}]},{\"@type\":\"WebSite\",\"@id\":\"https:\\\/\\\/radioljubuski.ba\\\/#website\",\"url\":\"https:\\\/\\\/radioljubuski.ba\\\/\",\"name\":\"Radio Ljubu\u0161ki\",\"description\":\"Sun\u010dana frekvencija Hercegovine\",\"publisher\":{\"@id\":\"https:\\\/\\\/radioljubuski.ba\\\/#organization\"},\"potentialAction\":[{\"@type\":\"SearchAction\",\"target\":{\"@type\":\"EntryPoint\",\"urlTemplate\":\"https:\\\/\\\/radioljubuski.ba\\\/?s={search_term_string}\"},\"query-input\":{\"@type\":\"PropertyValueSpecification\",\"valueRequired\":true,\"valueName\":\"search_term_string\"}}],\"inLanguage\":\"hr\"},{\"@type\":\"Organization\",\"@id\":\"https:\\\/\\\/radioljubuski.ba\\\/#organization\",\"name\":\"Radio Ljubu\u0161ki\",\"url\":\"https:\\\/\\\/radioljubuski.ba\\\/\",\"logo\":{\"@type\":\"ImageObject\",\"inLanguage\":\"hr\",\"@id\":\"https:\\\/\\\/radioljubuski.ba\\\/#\\\/schema\\\/logo\\\/image\\\/\",\"url\":\"https:\\\/\\\/radioljubuski.ba\\\/wp-content\\\/uploads\\\/2021\\\/02\\\/cropped-Radio_Ljubuski_logo1.jpg\",\"contentUrl\":\"https:\\\/\\\/radioljubuski.ba\\\/wp-content\\\/uploads\\\/2021\\\/02\\\/cropped-Radio_Ljubuski_logo1.jpg\",\"width\":512,\"height\":512,\"caption\":\"Radio Ljubu\u0161ki\"},\"image\":{\"@id\":\"https:\\\/\\\/radioljubuski.ba\\\/#\\\/schema\\\/logo\\\/image\\\/\"},\"sameAs\":[\"https:\\\/\\\/www.facebook.com\\\/Radiio-Ljubuski-1490835324566332\",\"https:\\\/\\\/x.com\\\/radioljubuski\",\"https:\\\/\\\/hr.linkedin.com\\\/company\\\/radio-ljubuski\",\"https:\\\/\\\/www.youtube.com\\\/channel\\\/UCHYaeO_n0Db3tjNGudGpXyw\"]},{\"@type\":\"Person\",\"@id\":\"https:\\\/\\\/radioljubuski.ba\\\/#\\\/schema\\\/person\\\/19fc700381a780f69665d7956c469e3b\",\"name\":\"Radio Ljubu\u0161ki\"}]}<\/script>\n<!-- \/ Yoast SEO plugin. -->","yoast_head_json":{"title":"Potraga u Austriji: Mu\u0161karac iz BiH no\u017eem ubo suprugu u vrat pa pobjegao u boksericama - RADIO LJUBU\u0160KI","robots":{"index":"index","follow":"follow","max-snippet":"max-snippet:-1","max-image-preview":"max-image-preview:large","max-video-preview":"max-video-preview:-1"},"canonical":"https:\/\/radioljubuski.ba\/index.php\/2021\/07\/22\/potraga-u-austriji-muskarac-iz-bih-nozem-ubo-suprugu-u-vrat-pa-pobjegao-u-boksericama\/","og_locale":"hr_HR","og_type":"article","og_title":"Potraga u Austriji: Mu\u0161karac iz BiH no\u017eem ubo suprugu u vrat pa pobjegao u boksericama - RADIO LJUBU\u0160KI","og_description":"Austrijska policija traga za Mariom M., Hrvatom podrijetlom iz BiH, koji je osumnji\u010den da je u okrugu Linz-Landa no\u017eem u vrat ubo i te\u0161ko ozlijedio&nbsp; suprugu, 37-godi\u0161nju dr\u017eavljanku Austrije, a potom pobjegao u donjem rublju. &#8220;Nezavisne&#8221;&nbsp;neslu\u017ebeno saznaju da je mu\u0161karac, kojeg danima tra\u017ee policijske snage, rodom iz Srednjobosanske \u017eupanije. Kako prenose austrijski mediji sve se [&hellip;]","og_url":"https:\/\/radioljubuski.ba\/index.php\/2021\/07\/22\/potraga-u-austriji-muskarac-iz-bih-nozem-ubo-suprugu-u-vrat-pa-pobjegao-u-boksericama\/","og_site_name":"RADIO LJUBU\u0160KI","article_publisher":"https:\/\/www.facebook.com\/Radiio-Ljubuski-1490835324566332","article_published_time":"2021-07-22T18:33:38+00:00","article_modified_time":"2021-07-22T18:33:39+00:00","og_image":[{"width":1000,"height":625,"url":"https:\/\/radioljubuski.ba\/wp-content\/uploads\/2021\/07\/policija-austrija.jpg","type":"image\/jpeg"}],"author":"Radio Ljubu\u0161ki","twitter_card":"summary_large_image","twitter_creator":"@radioljubuski","twitter_site":"@radioljubuski","twitter_misc":{"Napisao\/la":"Radio Ljubu\u0161ki","Procijenjeno vrijeme \u010ditanja":"2 minute"},"schema":{"@context":"https:\/\/schema.org","@graph":[{"@type":"Article","@id":"https:\/\/radioljubuski.ba\/index.php\/2021\/07\/22\/potraga-u-austriji-muskarac-iz-bih-nozem-ubo-suprugu-u-vrat-pa-pobjegao-u-boksericama\/#article","isPartOf":{"@id":"https:\/\/radioljubuski.ba\/index.php\/2021\/07\/22\/potraga-u-austriji-muskarac-iz-bih-nozem-ubo-suprugu-u-vrat-pa-pobjegao-u-boksericama\/"},"author":{"name":"Radio Ljubu\u0161ki","@id":"https:\/\/radioljubuski.ba\/#\/schema\/person\/19fc700381a780f69665d7956c469e3b"},"headline":"Potraga u Austriji: Mu\u0161karac iz BiH no\u017eem ubo suprugu u vrat pa pobjegao u boksericama","datePublished":"2021-07-22T18:33:38+00:00","dateModified":"2021-07-22T18:33:39+00:00","mainEntityOfPage":{"@id":"https:\/\/radioljubuski.ba\/index.php\/2021\/07\/22\/potraga-u-austriji-muskarac-iz-bih-nozem-ubo-suprugu-u-vrat-pa-pobjegao-u-boksericama\/"},"wordCount":355,"publisher":{"@id":"https:\/\/radioljubuski.ba\/#organization"},"image":{"@id":"https:\/\/radioljubuski.ba\/index.php\/2021\/07\/22\/potraga-u-austriji-muskarac-iz-bih-nozem-ubo-suprugu-u-vrat-pa-pobjegao-u-boksericama\/#primaryimage"},"thumbnailUrl":"https:\/\/radioljubuski.ba\/wp-content\/uploads\/2021\/07\/policija-austrija.jpg","articleSection":["BIH i regija"],"inLanguage":"hr"},{"@type":"WebPage","@id":"https:\/\/radioljubuski.ba\/index.php\/2021\/07\/22\/potraga-u-austriji-muskarac-iz-bih-nozem-ubo-suprugu-u-vrat-pa-pobjegao-u-boksericama\/","url":"https:\/\/radioljubuski.ba\/index.php\/2021\/07\/22\/potraga-u-austriji-muskarac-iz-bih-nozem-ubo-suprugu-u-vrat-pa-pobjegao-u-boksericama\/","name":"Potraga u Austriji: Mu\u0161karac iz BiH no\u017eem ubo suprugu u vrat pa pobjegao u boksericama - RADIO LJUBU\u0160KI","isPartOf":{"@id":"https:\/\/radioljubuski.ba\/#website"},"primaryImageOfPage":{"@id":"https:\/\/radioljubuski.ba\/index.php\/2021\/07\/22\/potraga-u-austriji-muskarac-iz-bih-nozem-ubo-suprugu-u-vrat-pa-pobjegao-u-boksericama\/#primaryimage"},"image":{"@id":"https:\/\/radioljubuski.ba\/index.php\/2021\/07\/22\/potraga-u-austriji-muskarac-iz-bih-nozem-ubo-suprugu-u-vrat-pa-pobjegao-u-boksericama\/#primaryimage"},"thumbnailUrl":"https:\/\/radioljubuski.ba\/wp-content\/uploads\/2021\/07\/policija-austrija.jpg","datePublished":"2021-07-22T18:33:38+00:00","dateModified":"2021-07-22T18:33:39+00:00","breadcrumb":{"@id":"https:\/\/radioljubuski.ba\/index.php\/2021\/07\/22\/potraga-u-austriji-muskarac-iz-bih-nozem-ubo-suprugu-u-vrat-pa-pobjegao-u-boksericama\/#breadcrumb"},"inLanguage":"hr","potentialAction":[{"@type":"ReadAction","target":["https:\/\/radioljubuski.ba\/index.php\/2021\/07\/22\/potraga-u-austriji-muskarac-iz-bih-nozem-ubo-suprugu-u-vrat-pa-pobjegao-u-boksericama\/"]}]},{"@type":"ImageObject","inLanguage":"hr","@id":"https:\/\/radioljubuski.ba\/index.php\/2021\/07\/22\/potraga-u-austriji-muskarac-iz-bih-nozem-ubo-suprugu-u-vrat-pa-pobjegao-u-boksericama\/#primaryimage","url":"https:\/\/radioljubuski.ba\/wp-content\/uploads\/2021\/07\/policija-austrija.jpg","contentUrl":"https:\/\/radioljubuski.ba\/wp-content\/uploads\/2021\/07\/policija-austrija.jpg","width":1000,"height":625},{"@type":"BreadcrumbList","@id":"https:\/\/radioljubuski.ba\/index.php\/2021\/07\/22\/potraga-u-austriji-muskarac-iz-bih-nozem-ubo-suprugu-u-vrat-pa-pobjegao-u-boksericama\/#breadcrumb","itemListElement":[{"@type":"ListItem","position":1,"name":"Po\u010detna stranica","item":"https:\/\/radioljubuski.ba\/"},{"@type":"ListItem","position":2,"name":"Potraga u Austriji: Mu\u0161karac iz BiH no\u017eem ubo suprugu u vrat pa pobjegao u boksericama"}]},{"@type":"WebSite","@id":"https:\/\/radioljubuski.ba\/#website","url":"https:\/\/radioljubuski.ba\/","name":"Radio Ljubu\u0161ki","description":"Sun\u010dana frekvencija Hercegovine","publisher":{"@id":"https:\/\/radioljubuski.ba\/#organization"},"potentialAction":[{"@type":"SearchAction","target":{"@type":"EntryPoint","urlTemplate":"https:\/\/radioljubuski.ba\/?s={search_term_string}"},"query-input":{"@type":"PropertyValueSpecification","valueRequired":true,"valueName":"search_term_string"}}],"inLanguage":"hr"},{"@type":"Organization","@id":"https:\/\/radioljubuski.ba\/#organization","name":"Radio Ljubu\u0161ki","url":"https:\/\/radioljubuski.ba\/","logo":{"@type":"ImageObject","inLanguage":"hr","@id":"https:\/\/radioljubuski.ba\/#\/schema\/logo\/image\/","url":"https:\/\/radioljubuski.ba\/wp-content\/uploads\/2021\/02\/cropped-Radio_Ljubuski_logo1.jpg","contentUrl":"https:\/\/radioljubuski.ba\/wp-content\/uploads\/2021\/02\/cropped-Radio_Ljubuski_logo1.jpg","width":512,"height":512,"caption":"Radio Ljubu\u0161ki"},"image":{"@id":"https:\/\/radioljubuski.ba\/#\/schema\/logo\/image\/"},"sameAs":["https:\/\/www.facebook.com\/Radiio-Ljubuski-1490835324566332","https:\/\/x.com\/radioljubuski","https:\/\/hr.linkedin.com\/company\/radio-ljubuski","https:\/\/www.youtube.com\/channel\/UCHYaeO_n0Db3tjNGudGpXyw"]},{"@type":"Person","@id":"https:\/\/radioljubuski.ba\/#\/schema\/person\/19fc700381a780f69665d7956c469e3b","name":"Radio Ljubu\u0161ki"}]}},"_links":{"self":[{"href":"https:\/\/radioljubuski.ba\/index.php\/wp-json\/wp\/v2\/posts\/45137","targetHints":{"allow":["GET"]}}],"collection":[{"href":"https:\/\/radioljubuski.ba\/index.php\/wp-json\/wp\/v2\/posts"}],"about":[{"href":"https:\/\/radioljubuski.ba\/index.php\/wp-json\/wp\/v2\/types\/post"}],"author":[{"embeddable":true,"href":"https:\/\/radioljubuski.ba\/index.php\/wp-json\/wp\/v2\/users\/2"}],"replies":[{"embeddable":true,"href":"https:\/\/radioljubuski.ba\/index.php\/wp-json\/wp\/v2\/comments?post=45137"}],"version-history":[{"count":1,"href":"https:\/\/radioljubuski.ba\/index.php\/wp-json\/wp\/v2\/posts\/45137\/revisions"}],"predecessor-version":[{"id":45139,"href":"https:\/\/radioljubuski.ba\/index.php\/wp-json\/wp\/v2\/posts\/45137\/revisions\/45139"}],"wp:featuredmedia":[{"embeddable":true,"href":"https:\/\/radioljubuski.ba\/index.php\/wp-json\/wp\/v2\/media\/45138"}],"wp:attachment":[{"href":"https:\/\/radioljubuski.ba\/index.php\/wp-json\/wp\/v2\/media?parent=45137"}],"wp:term":[{"taxonomy":"category","embeddable":true,"href":"https:\/\/radioljubuski.ba\/index.php\/wp-json\/wp\/v2\/categories?post=45137"},{"taxonomy":"post_tag","embeddable":true,"href":"https:\/\/radioljubuski.ba\/index.php\/wp-json\/wp\/v2\/tags?post=45137"}],"curies":[{"name":"wp","href":"https:\/\/api.w.org\/{rel}","templated":true}]}}