{"id":45770,"date":"2021-07-24T11:51:17","date_gmt":"2021-07-24T10:51:17","guid":{"rendered":"https:\/\/radioljubuski.ba\/?p=45770"},"modified":"2021-07-24T11:51:18","modified_gmt":"2021-07-24T10:51:18","slug":"vrhovni-sud-zasto-celnik-nije-izabran-tko-je-sve-bio-na-celu-i-zasto-je-ovaj-sud-vazan","status":"publish","type":"post","link":"https:\/\/radioljubuski.ba\/index.php\/2021\/07\/24\/vrhovni-sud-zasto-celnik-nije-izabran-tko-je-sve-bio-na-celu-i-zasto-je-ovaj-sud-vazan\/","title":{"rendered":"Vrhovni sud: Za\u0161to \u010delnik nije izabran, tko je sve bio na \u010delu i za\u0161to je ovaj sud va\u017ean?"},"content":{"rendered":"\n<p>Predsjedniku Vrhovnoga suda Republike Hrvatske sucu <strong>\u0110uri Sessi<\/strong> 20. srpnja 2021. prestao je mandat na du\u017enosti predsjednika suda, zbog \u010dinjenice da Sabor ni nakon dva javna poziva nije izabrao osobu koja bi ga naslijedila.<\/p>\n\n\n\n<p><strong>Najvi\u0161im sudom privremeno \u0107e upravljati zamjenik predsjednika Marin Mr\u010dela<\/strong><\/p>\n\n\n\n<p>Situacija prestanka du\u017enosti predvi\u0111ena je u Zakonu o sudovima. Do izbora novog predsjednika poslove sudske uprave obavljat \u0107e zamjenik predsjednika, \u010dije su ovlasti odre\u0111ene zakonom koji je donio Hrvatski sabor. Demokratski legitimitet postoji jer su zakon donijeli demokratski izabrani predstavnici.<\/p>\n\n\n\n<p><strong>\u201cDugotrajnost sudskih postupaka najve\u0107i je problem.<\/strong> U obavljanju poslova sudske uprave nastavit \u0107e se poduzimanje radnji radi nastavljanja trenda smanjenja broja predmeta i njihova br\u017eeg rje\u0161avanja. Bez obzira na to koliko \u0107e situacija do izbora novog predsjednika trajati i kako \u0107e zavr\u0161iti, suci nastavljaju obna\u0161ati sudbenu vlast jer tako odre\u0111uje Ustav i zakoni iz kojih suci crpe legitimitet. Zato nema ustavne krize.<strong> Suci nisu \u201cproizveli\u201d ovu situaciju niti \u017eele biti dio dnevnopoliti\u010dkih su\u010deljavanja.<\/strong> Sucima je svejedno koja je politi\u010dka opcija na vlasti sve dok se po\u0161tuje samostalnost i neovisnost sudbene vlasti koja je odre\u0111ena Ustavom Republike Hrvatske.\u201d, stoji u priop\u0107enju kojeg je u utorak objavio glasnogovornik Vrhovnog suda, sudac \u017deljko Pajali\u0107.<\/p>\n\n\n\n<p>Premijer Andrej Plenkovi\u0107 odbacio je krajem lipnja teze da \u0107e zbog zbog neizbora predsjednika Vrhovnog suda do\u0107i do ustavne krize i do zastoja reforme pravosu\u0111a.<\/p>\n\n\n\n<p>\u201cNema nikakve ustavne krize, ne znam \u010dija je to teza, tko to govori govori krivo i lo\u0161e, to jednostavno nije to\u010dno, ni\u0161ta se dramati\u010dno ne doga\u0111a. Imamo proces koji nije uspio u prvom ni u drugom krugu, i\u0107i \u0107e tre\u0107i poziv pa se nadam da \u0107e uspjeti\u201d, rekao je premijer novinarima, napomenuv\u0161i da predsjednik Republike predla\u017ee a Sabor, odnosno parlamentarnu ve\u0107ina odlu\u010duje. Upitan brine li ga kao premijera scenarij po kojem Vrhovni sud vi\u0161e ne bi imao izabranog \u010delnog \u010dovjeka, Plenkovi\u0107 je upitao tko je taj koji govori o vi\u0161egodi\u0161njem scenariju neizbora. \u201cImate predsjednika Vrhovnog suda kojeg bira Sabor, imate zamjenika predsjednika koji \u0107e obavljati poslove i proces \u0107e trajati dalje\u201d, rekao je premijer. Zaklju\u010dio je da se zbog toga ne\u0107e ni\u0161ta \u010dudno dogoditi i da \u0107e Vrhovni sud i dr\u017eava funkcionirati.<\/p>\n\n\n\n<p><strong>Za\u0161to jo\u0161 nemamo predsjednika Vrhovnog suda?<\/strong><\/p>\n\n\n\n<p>Na \u010delu Vrhovnog suda Sessa bio je od 20. srpnja 2017. Prijavio se i za novi mandat na prvom javnom pozivu raspisanom u velja\u010di, koji je Dr\u017eavno sudbeno vije\u0107e (DSV) raspisalo ove godine po novim zakonskim odredbama, no predsjednik RH Zoran Milanovi\u0107 nije ga predlo\u017eio Saboru, kao niti ostalo troje kandidata koji su se prijavili.<\/p>\n\n\n\n<p>Na drugom pozivu, Milanovi\u0107 je ustrajao na kandidatkinji Zlati \u0110ur\u0111evi\u0107. Prijedlog predsjednika Zorana Milanovi\u0107a odbio je 81 zastupnik. Osim ve\u0107ine vladaju\u0107e koalicije, povjerenje profesorici \u0110ur\u0111evi\u0107 uskratili su i Hrvatski suverenisti i Domovinski pokret \u2013 iz vi\u0161e razli\u010ditih razloga.<\/p>\n\n\n\n<p>Na drugi DSV-ov javni poziv, raspisan nakon \u0161to je Ustavni sud zaklju\u010dio da predsjednik RH Saboru mo\u017ee predlo\u017eiti samo kandidata koji se prijavio na javni poziv DSV-a, Sessa se nije javio jer ga predsjednik, koji je na toj du\u017enosti \u017eelio profesoricu sa zagreba\u010dkog Pravnog fakulteta Zlatu \u0110ur\u0111evi\u0107, o\u010dito ne \u017eeli predlo\u017eiti Saboru za imenovanje.<\/p>\n\n\n\n<p><strong>Za\u0161to je Vrhovni sud va\u017ean?<\/strong><\/p>\n\n\n\n<p>U Republici Hrvatskoj sudbenu vlast obavljaju redovni i specijalizirani sudovi te Vrhovni sud Republike Hrvatske.<\/p>\n\n\n\n<p>Najvi\u0161i sud u Republici Hrvatskoj je Vrhovni sud Republike Hrvatske (\u010dlanak 14. Zakona o sudovima). Prema Ustavu Republike Hrvatske Vrhovni sud Republike Hrvatske osigurava jedinstvenu primjenu zakona i ravnopravnost gra\u0111ana.<\/p>\n\n\n\n<p>Vrhovni sud Republike Hrvatske:<\/p>\n\n\n\n<p><em>osigurava jedinstvenu primjenu zakona i ravnopravnost gra\u0111ana, te jednakost svih pred zakonom,<\/em><br><em>razmatra aktualna pitanja sudske prakse,<\/em><br><em>odlu\u010duje o izvanrednim pravnim lijekovima protiv pravomo\u0107nih odluka sudova u Republici Hrvatskoj (reviziji i drugim izvanrednim pravnim lijekovima),<\/em><br><em>skrbi o stru\u010dnom usavr\u0161avanju sudaca,<\/em><br><em>odlu\u010duje o \u017ealbama protiv prvostupanjskih odluka \u017eupanijskih sudova i Visokoga trgova\u010dkog suda Republike Hrvatske i protiv vlastitih prvostupanjskih odluka, ako zakonom nije druga\u010dije odre\u0111eno,<\/em><br><em>u kaznenom postupku odlu\u010duje u tre\u0107em stupnju o \u017ealbama protiv presuda donesenih u drugom stupnju u slu\u010dajevima propisanim Zakonom o kaznenom postupku (\u010dlanak 411.)<\/em><br><em>rje\u0161ava sukob o nadle\u017enosti izme\u0111u sudova na podru\u010dju Republike Hrvatske ako im je zajedni\u010dki neposredno vi\u0161i sud,<\/em><br><em>obavlja druge poslove odre\u0111ene zakonom.<\/em><\/p>\n\n\n\n<p>Vrhovni sud Republike Hrvatske ima dva odjela:<\/p>\n\n\n\n<ul class=\"wp-block-list\"><li><strong>Kazneni odjel<\/strong>&nbsp;\u2013 obuhva\u0107a podru\u010dja kaznenog, prekr\u0161ajnog prava, te stegovnih postupaka prema propisima o odvjetni\u0161tvu i javnom bilje\u017eni\u0161tvu,<\/li><li><strong>Gra\u0111anski odjel<\/strong> \u2013 obuhva\u0107a podru\u010dja gra\u0111anskoga, trgova\u010dkog i upravnog prava.<\/li><\/ul>\n\n\n\n<p><strong>Kako se bira predsjednik Vrhovnog suda?<\/strong><\/p>\n\n\n\n<p>Vrhovni sud ima predsjednika i 41 suca, \u0161to je utvr\u0111eno okvirnim mjerilima ministra pravosu\u0111a.<\/p>\n\n\n\n<p>Predsjednik Vrhovnog suda Republike Hrvatske predstavlja Vrhovni sud Republike Hrvatske, obavlja poslove sudske uprave i druge poslove odre\u0111ene zakonom i Poslovnikom o radu Vrhovnog suda Republike Hrvatske.<\/p>\n\n\n\n<p>Predsjednika Vrhovnog suda Republike Hrvatske, uz prethodno mi\u0161ljenje Op\u0107e sjednice Vrhovnog suda Republike Hrvatske i nadle\u017enog odbora Hrvatskoga sabora, na prijedlog Predsjednika Republike bira i razrje\u0161uje Hrvatski sabor. Predsjednik Vrhovnog suda Republike Hrvatske bira se na \u010detiri godine. Predsjednik Vrhovnog suda Republike Hrvatske po polo\u017eaju obna\u0161a du\u017enost predsjednika Dr\u017eavnog izbornog povjerenstva Republike Hrvatske.<\/p>\n\n\n\n<p><strong>Tko je sve bio na \u010delu Vrhovnog suda?<\/strong><\/p>\n\n\n\n<p>1. 1990. 1992. Vidovi\u0107, Vjekoslav<br>2. 1992. 1992. Crni\u0107, Zlatko<br>3. 1992. 1995. Vukovi\u0107, Milan<br>4. 1995. 1997. Oluji\u0107, Krunislav<br>5. 1997. 1999. Vukovi\u0107, Milan<br>6. 1999. 2001. Ramu\u0161\u0107ak, Marijan<br>7. 2001. 2005. Crni\u0107, Ivica<br>8. 2005. 2017. Hrvatin, Branko<br>9. 2017. 2021. Sessa, \u0110uro<\/p>\n\n\n\n<p><em>Izvor: narod.hr<\/em><\/p>\n","protected":false},"excerpt":{"rendered":"<p>Predsjedniku Vrhovnoga suda Republike Hrvatske sucu \u0110uri Sessi 20. srpnja 2021. prestao je mandat na du\u017enosti predsjednika suda, zbog \u010dinjenice da Sabor ni nakon dva javna poziva nije izabrao osobu koja bi ga naslijedila. Najvi\u0161im sudom privremeno \u0107e upravljati zamjenik predsjednika Marin Mr\u010dela Situacija prestanka du\u017enosti predvi\u0111ena je u Zakonu o sudovima. Do izbora novog [&hellip;]<\/p>\n","protected":false},"author":2,"featured_media":45771,"comment_status":"closed","ping_status":"closed","sticky":false,"template":"","format":"standard","meta":{"h5ap_radio_sources":[],"footnotes":""},"categories":[1],"tags":[],"class_list":["post-45770","post","type-post","status-publish","format-standard","has-post-thumbnail","hentry","category-bihiregija"],"yoast_head":"<!-- This site is optimized with the Yoast SEO plugin v27.5 - https:\/\/yoast.com\/product\/yoast-seo-wordpress\/ -->\n<title>Vrhovni sud: Za\u0161to \u010delnik nije izabran, tko je sve bio na \u010delu i za\u0161to je ovaj sud va\u017ean? - RADIO LJUBU\u0160KI<\/title>\n<meta name=\"robots\" content=\"index, follow, max-snippet:-1, max-image-preview:large, max-video-preview:-1\" \/>\n<link rel=\"canonical\" href=\"https:\/\/radioljubuski.ba\/index.php\/2021\/07\/24\/vrhovni-sud-zasto-celnik-nije-izabran-tko-je-sve-bio-na-celu-i-zasto-je-ovaj-sud-vazan\/\" \/>\n<meta property=\"og:locale\" content=\"hr_HR\" \/>\n<meta property=\"og:type\" content=\"article\" \/>\n<meta property=\"og:title\" content=\"Vrhovni sud: Za\u0161to \u010delnik nije izabran, tko je sve bio na \u010delu i za\u0161to je ovaj sud va\u017ean? - RADIO LJUBU\u0160KI\" \/>\n<meta property=\"og:description\" content=\"Predsjedniku Vrhovnoga suda Republike Hrvatske sucu \u0110uri Sessi 20. srpnja 2021. prestao je mandat na du\u017enosti predsjednika suda, zbog \u010dinjenice da Sabor ni nakon dva javna poziva nije izabrao osobu koja bi ga naslijedila. Najvi\u0161im sudom privremeno \u0107e upravljati zamjenik predsjednika Marin Mr\u010dela Situacija prestanka du\u017enosti predvi\u0111ena je u Zakonu o sudovima. Do izbora novog [&hellip;]\" \/>\n<meta property=\"og:url\" content=\"https:\/\/radioljubuski.ba\/index.php\/2021\/07\/24\/vrhovni-sud-zasto-celnik-nije-izabran-tko-je-sve-bio-na-celu-i-zasto-je-ovaj-sud-vazan\/\" \/>\n<meta property=\"og:site_name\" content=\"RADIO LJUBU\u0160KI\" \/>\n<meta property=\"article:publisher\" content=\"https:\/\/www.facebook.com\/Radiio-Ljubuski-1490835324566332\" \/>\n<meta property=\"article:published_time\" content=\"2021-07-24T10:51:17+00:00\" \/>\n<meta property=\"article:modified_time\" content=\"2021-07-24T10:51:18+00:00\" \/>\n<meta property=\"og:image\" content=\"https:\/\/radioljubuski.ba\/wp-content\/uploads\/2021\/07\/vrhovni-sud-republike-hrvatske-696x473-1.jpg\" \/>\n\t<meta property=\"og:image:width\" content=\"696\" \/>\n\t<meta property=\"og:image:height\" content=\"473\" \/>\n\t<meta property=\"og:image:type\" content=\"image\/jpeg\" \/>\n<meta name=\"author\" content=\"Radio Ljubu\u0161ki\" \/>\n<meta name=\"twitter:card\" content=\"summary_large_image\" \/>\n<meta name=\"twitter:creator\" content=\"@radioljubuski\" \/>\n<meta name=\"twitter:site\" content=\"@radioljubuski\" \/>\n<meta name=\"twitter:label1\" content=\"Napisao\/la\" \/>\n\t<meta name=\"twitter:data1\" content=\"Radio Ljubu\u0161ki\" \/>\n\t<meta name=\"twitter:label2\" content=\"Procijenjeno vrijeme \u010ditanja\" \/>\n\t<meta name=\"twitter:data2\" content=\"4 minute\" \/>\n<script type=\"application\/ld+json\" class=\"yoast-schema-graph\">{\"@context\":\"https:\\\/\\\/schema.org\",\"@graph\":[{\"@type\":\"Article\",\"@id\":\"https:\\\/\\\/radioljubuski.ba\\\/index.php\\\/2021\\\/07\\\/24\\\/vrhovni-sud-zasto-celnik-nije-izabran-tko-je-sve-bio-na-celu-i-zasto-je-ovaj-sud-vazan\\\/#article\",\"isPartOf\":{\"@id\":\"https:\\\/\\\/radioljubuski.ba\\\/index.php\\\/2021\\\/07\\\/24\\\/vrhovni-sud-zasto-celnik-nije-izabran-tko-je-sve-bio-na-celu-i-zasto-je-ovaj-sud-vazan\\\/\"},\"author\":{\"name\":\"Radio Ljubu\u0161ki\",\"@id\":\"https:\\\/\\\/radioljubuski.ba\\\/#\\\/schema\\\/person\\\/19fc700381a780f69665d7956c469e3b\"},\"headline\":\"Vrhovni sud: Za\u0161to \u010delnik nije izabran, tko je sve bio na \u010delu i za\u0161to je ovaj sud va\u017ean?\",\"datePublished\":\"2021-07-24T10:51:17+00:00\",\"dateModified\":\"2021-07-24T10:51:18+00:00\",\"mainEntityOfPage\":{\"@id\":\"https:\\\/\\\/radioljubuski.ba\\\/index.php\\\/2021\\\/07\\\/24\\\/vrhovni-sud-zasto-celnik-nije-izabran-tko-je-sve-bio-na-celu-i-zasto-je-ovaj-sud-vazan\\\/\"},\"wordCount\":947,\"publisher\":{\"@id\":\"https:\\\/\\\/radioljubuski.ba\\\/#organization\"},\"image\":{\"@id\":\"https:\\\/\\\/radioljubuski.ba\\\/index.php\\\/2021\\\/07\\\/24\\\/vrhovni-sud-zasto-celnik-nije-izabran-tko-je-sve-bio-na-celu-i-zasto-je-ovaj-sud-vazan\\\/#primaryimage\"},\"thumbnailUrl\":\"https:\\\/\\\/radioljubuski.ba\\\/wp-content\\\/uploads\\\/2021\\\/07\\\/vrhovni-sud-republike-hrvatske-696x473-1.jpg\",\"articleSection\":[\"BIH i regija\"],\"inLanguage\":\"hr\"},{\"@type\":\"WebPage\",\"@id\":\"https:\\\/\\\/radioljubuski.ba\\\/index.php\\\/2021\\\/07\\\/24\\\/vrhovni-sud-zasto-celnik-nije-izabran-tko-je-sve-bio-na-celu-i-zasto-je-ovaj-sud-vazan\\\/\",\"url\":\"https:\\\/\\\/radioljubuski.ba\\\/index.php\\\/2021\\\/07\\\/24\\\/vrhovni-sud-zasto-celnik-nije-izabran-tko-je-sve-bio-na-celu-i-zasto-je-ovaj-sud-vazan\\\/\",\"name\":\"Vrhovni sud: Za\u0161to \u010delnik nije izabran, tko je sve bio na \u010delu i za\u0161to je ovaj sud va\u017ean? - RADIO LJUBU\u0160KI\",\"isPartOf\":{\"@id\":\"https:\\\/\\\/radioljubuski.ba\\\/#website\"},\"primaryImageOfPage\":{\"@id\":\"https:\\\/\\\/radioljubuski.ba\\\/index.php\\\/2021\\\/07\\\/24\\\/vrhovni-sud-zasto-celnik-nije-izabran-tko-je-sve-bio-na-celu-i-zasto-je-ovaj-sud-vazan\\\/#primaryimage\"},\"image\":{\"@id\":\"https:\\\/\\\/radioljubuski.ba\\\/index.php\\\/2021\\\/07\\\/24\\\/vrhovni-sud-zasto-celnik-nije-izabran-tko-je-sve-bio-na-celu-i-zasto-je-ovaj-sud-vazan\\\/#primaryimage\"},\"thumbnailUrl\":\"https:\\\/\\\/radioljubuski.ba\\\/wp-content\\\/uploads\\\/2021\\\/07\\\/vrhovni-sud-republike-hrvatske-696x473-1.jpg\",\"datePublished\":\"2021-07-24T10:51:17+00:00\",\"dateModified\":\"2021-07-24T10:51:18+00:00\",\"breadcrumb\":{\"@id\":\"https:\\\/\\\/radioljubuski.ba\\\/index.php\\\/2021\\\/07\\\/24\\\/vrhovni-sud-zasto-celnik-nije-izabran-tko-je-sve-bio-na-celu-i-zasto-je-ovaj-sud-vazan\\\/#breadcrumb\"},\"inLanguage\":\"hr\",\"potentialAction\":[{\"@type\":\"ReadAction\",\"target\":[\"https:\\\/\\\/radioljubuski.ba\\\/index.php\\\/2021\\\/07\\\/24\\\/vrhovni-sud-zasto-celnik-nije-izabran-tko-je-sve-bio-na-celu-i-zasto-je-ovaj-sud-vazan\\\/\"]}]},{\"@type\":\"ImageObject\",\"inLanguage\":\"hr\",\"@id\":\"https:\\\/\\\/radioljubuski.ba\\\/index.php\\\/2021\\\/07\\\/24\\\/vrhovni-sud-zasto-celnik-nije-izabran-tko-je-sve-bio-na-celu-i-zasto-je-ovaj-sud-vazan\\\/#primaryimage\",\"url\":\"https:\\\/\\\/radioljubuski.ba\\\/wp-content\\\/uploads\\\/2021\\\/07\\\/vrhovni-sud-republike-hrvatske-696x473-1.jpg\",\"contentUrl\":\"https:\\\/\\\/radioljubuski.ba\\\/wp-content\\\/uploads\\\/2021\\\/07\\\/vrhovni-sud-republike-hrvatske-696x473-1.jpg\",\"width\":696,\"height\":473},{\"@type\":\"BreadcrumbList\",\"@id\":\"https:\\\/\\\/radioljubuski.ba\\\/index.php\\\/2021\\\/07\\\/24\\\/vrhovni-sud-zasto-celnik-nije-izabran-tko-je-sve-bio-na-celu-i-zasto-je-ovaj-sud-vazan\\\/#breadcrumb\",\"itemListElement\":[{\"@type\":\"ListItem\",\"position\":1,\"name\":\"Po\u010detna stranica\",\"item\":\"https:\\\/\\\/radioljubuski.ba\\\/\"},{\"@type\":\"ListItem\",\"position\":2,\"name\":\"Vrhovni sud: Za\u0161to \u010delnik nije izabran, tko je sve bio na \u010delu i za\u0161to je ovaj sud va\u017ean?\"}]},{\"@type\":\"WebSite\",\"@id\":\"https:\\\/\\\/radioljubuski.ba\\\/#website\",\"url\":\"https:\\\/\\\/radioljubuski.ba\\\/\",\"name\":\"Radio Ljubu\u0161ki\",\"description\":\"Sun\u010dana frekvencija Hercegovine\",\"publisher\":{\"@id\":\"https:\\\/\\\/radioljubuski.ba\\\/#organization\"},\"potentialAction\":[{\"@type\":\"SearchAction\",\"target\":{\"@type\":\"EntryPoint\",\"urlTemplate\":\"https:\\\/\\\/radioljubuski.ba\\\/?s={search_term_string}\"},\"query-input\":{\"@type\":\"PropertyValueSpecification\",\"valueRequired\":true,\"valueName\":\"search_term_string\"}}],\"inLanguage\":\"hr\"},{\"@type\":\"Organization\",\"@id\":\"https:\\\/\\\/radioljubuski.ba\\\/#organization\",\"name\":\"Radio Ljubu\u0161ki\",\"url\":\"https:\\\/\\\/radioljubuski.ba\\\/\",\"logo\":{\"@type\":\"ImageObject\",\"inLanguage\":\"hr\",\"@id\":\"https:\\\/\\\/radioljubuski.ba\\\/#\\\/schema\\\/logo\\\/image\\\/\",\"url\":\"https:\\\/\\\/radioljubuski.ba\\\/wp-content\\\/uploads\\\/2021\\\/02\\\/cropped-Radio_Ljubuski_logo1.jpg\",\"contentUrl\":\"https:\\\/\\\/radioljubuski.ba\\\/wp-content\\\/uploads\\\/2021\\\/02\\\/cropped-Radio_Ljubuski_logo1.jpg\",\"width\":512,\"height\":512,\"caption\":\"Radio Ljubu\u0161ki\"},\"image\":{\"@id\":\"https:\\\/\\\/radioljubuski.ba\\\/#\\\/schema\\\/logo\\\/image\\\/\"},\"sameAs\":[\"https:\\\/\\\/www.facebook.com\\\/Radiio-Ljubuski-1490835324566332\",\"https:\\\/\\\/x.com\\\/radioljubuski\",\"https:\\\/\\\/hr.linkedin.com\\\/company\\\/radio-ljubuski\",\"https:\\\/\\\/www.youtube.com\\\/channel\\\/UCHYaeO_n0Db3tjNGudGpXyw\"]},{\"@type\":\"Person\",\"@id\":\"https:\\\/\\\/radioljubuski.ba\\\/#\\\/schema\\\/person\\\/19fc700381a780f69665d7956c469e3b\",\"name\":\"Radio Ljubu\u0161ki\"}]}<\/script>\n<!-- \/ Yoast SEO plugin. -->","yoast_head_json":{"title":"Vrhovni sud: Za\u0161to \u010delnik nije izabran, tko je sve bio na \u010delu i za\u0161to je ovaj sud va\u017ean? - RADIO LJUBU\u0160KI","robots":{"index":"index","follow":"follow","max-snippet":"max-snippet:-1","max-image-preview":"max-image-preview:large","max-video-preview":"max-video-preview:-1"},"canonical":"https:\/\/radioljubuski.ba\/index.php\/2021\/07\/24\/vrhovni-sud-zasto-celnik-nije-izabran-tko-je-sve-bio-na-celu-i-zasto-je-ovaj-sud-vazan\/","og_locale":"hr_HR","og_type":"article","og_title":"Vrhovni sud: Za\u0161to \u010delnik nije izabran, tko je sve bio na \u010delu i za\u0161to je ovaj sud va\u017ean? - RADIO LJUBU\u0160KI","og_description":"Predsjedniku Vrhovnoga suda Republike Hrvatske sucu \u0110uri Sessi 20. srpnja 2021. prestao je mandat na du\u017enosti predsjednika suda, zbog \u010dinjenice da Sabor ni nakon dva javna poziva nije izabrao osobu koja bi ga naslijedila. Najvi\u0161im sudom privremeno \u0107e upravljati zamjenik predsjednika Marin Mr\u010dela Situacija prestanka du\u017enosti predvi\u0111ena je u Zakonu o sudovima. Do izbora novog [&hellip;]","og_url":"https:\/\/radioljubuski.ba\/index.php\/2021\/07\/24\/vrhovni-sud-zasto-celnik-nije-izabran-tko-je-sve-bio-na-celu-i-zasto-je-ovaj-sud-vazan\/","og_site_name":"RADIO LJUBU\u0160KI","article_publisher":"https:\/\/www.facebook.com\/Radiio-Ljubuski-1490835324566332","article_published_time":"2021-07-24T10:51:17+00:00","article_modified_time":"2021-07-24T10:51:18+00:00","og_image":[{"width":696,"height":473,"url":"https:\/\/radioljubuski.ba\/wp-content\/uploads\/2021\/07\/vrhovni-sud-republike-hrvatske-696x473-1.jpg","type":"image\/jpeg"}],"author":"Radio Ljubu\u0161ki","twitter_card":"summary_large_image","twitter_creator":"@radioljubuski","twitter_site":"@radioljubuski","twitter_misc":{"Napisao\/la":"Radio Ljubu\u0161ki","Procijenjeno vrijeme \u010ditanja":"4 minute"},"schema":{"@context":"https:\/\/schema.org","@graph":[{"@type":"Article","@id":"https:\/\/radioljubuski.ba\/index.php\/2021\/07\/24\/vrhovni-sud-zasto-celnik-nije-izabran-tko-je-sve-bio-na-celu-i-zasto-je-ovaj-sud-vazan\/#article","isPartOf":{"@id":"https:\/\/radioljubuski.ba\/index.php\/2021\/07\/24\/vrhovni-sud-zasto-celnik-nije-izabran-tko-je-sve-bio-na-celu-i-zasto-je-ovaj-sud-vazan\/"},"author":{"name":"Radio Ljubu\u0161ki","@id":"https:\/\/radioljubuski.ba\/#\/schema\/person\/19fc700381a780f69665d7956c469e3b"},"headline":"Vrhovni sud: Za\u0161to \u010delnik nije izabran, tko je sve bio na \u010delu i za\u0161to je ovaj sud va\u017ean?","datePublished":"2021-07-24T10:51:17+00:00","dateModified":"2021-07-24T10:51:18+00:00","mainEntityOfPage":{"@id":"https:\/\/radioljubuski.ba\/index.php\/2021\/07\/24\/vrhovni-sud-zasto-celnik-nije-izabran-tko-je-sve-bio-na-celu-i-zasto-je-ovaj-sud-vazan\/"},"wordCount":947,"publisher":{"@id":"https:\/\/radioljubuski.ba\/#organization"},"image":{"@id":"https:\/\/radioljubuski.ba\/index.php\/2021\/07\/24\/vrhovni-sud-zasto-celnik-nije-izabran-tko-je-sve-bio-na-celu-i-zasto-je-ovaj-sud-vazan\/#primaryimage"},"thumbnailUrl":"https:\/\/radioljubuski.ba\/wp-content\/uploads\/2021\/07\/vrhovni-sud-republike-hrvatske-696x473-1.jpg","articleSection":["BIH i regija"],"inLanguage":"hr"},{"@type":"WebPage","@id":"https:\/\/radioljubuski.ba\/index.php\/2021\/07\/24\/vrhovni-sud-zasto-celnik-nije-izabran-tko-je-sve-bio-na-celu-i-zasto-je-ovaj-sud-vazan\/","url":"https:\/\/radioljubuski.ba\/index.php\/2021\/07\/24\/vrhovni-sud-zasto-celnik-nije-izabran-tko-je-sve-bio-na-celu-i-zasto-je-ovaj-sud-vazan\/","name":"Vrhovni sud: Za\u0161to \u010delnik nije izabran, tko je sve bio na \u010delu i za\u0161to je ovaj sud va\u017ean? - RADIO LJUBU\u0160KI","isPartOf":{"@id":"https:\/\/radioljubuski.ba\/#website"},"primaryImageOfPage":{"@id":"https:\/\/radioljubuski.ba\/index.php\/2021\/07\/24\/vrhovni-sud-zasto-celnik-nije-izabran-tko-je-sve-bio-na-celu-i-zasto-je-ovaj-sud-vazan\/#primaryimage"},"image":{"@id":"https:\/\/radioljubuski.ba\/index.php\/2021\/07\/24\/vrhovni-sud-zasto-celnik-nije-izabran-tko-je-sve-bio-na-celu-i-zasto-je-ovaj-sud-vazan\/#primaryimage"},"thumbnailUrl":"https:\/\/radioljubuski.ba\/wp-content\/uploads\/2021\/07\/vrhovni-sud-republike-hrvatske-696x473-1.jpg","datePublished":"2021-07-24T10:51:17+00:00","dateModified":"2021-07-24T10:51:18+00:00","breadcrumb":{"@id":"https:\/\/radioljubuski.ba\/index.php\/2021\/07\/24\/vrhovni-sud-zasto-celnik-nije-izabran-tko-je-sve-bio-na-celu-i-zasto-je-ovaj-sud-vazan\/#breadcrumb"},"inLanguage":"hr","potentialAction":[{"@type":"ReadAction","target":["https:\/\/radioljubuski.ba\/index.php\/2021\/07\/24\/vrhovni-sud-zasto-celnik-nije-izabran-tko-je-sve-bio-na-celu-i-zasto-je-ovaj-sud-vazan\/"]}]},{"@type":"ImageObject","inLanguage":"hr","@id":"https:\/\/radioljubuski.ba\/index.php\/2021\/07\/24\/vrhovni-sud-zasto-celnik-nije-izabran-tko-je-sve-bio-na-celu-i-zasto-je-ovaj-sud-vazan\/#primaryimage","url":"https:\/\/radioljubuski.ba\/wp-content\/uploads\/2021\/07\/vrhovni-sud-republike-hrvatske-696x473-1.jpg","contentUrl":"https:\/\/radioljubuski.ba\/wp-content\/uploads\/2021\/07\/vrhovni-sud-republike-hrvatske-696x473-1.jpg","width":696,"height":473},{"@type":"BreadcrumbList","@id":"https:\/\/radioljubuski.ba\/index.php\/2021\/07\/24\/vrhovni-sud-zasto-celnik-nije-izabran-tko-je-sve-bio-na-celu-i-zasto-je-ovaj-sud-vazan\/#breadcrumb","itemListElement":[{"@type":"ListItem","position":1,"name":"Po\u010detna stranica","item":"https:\/\/radioljubuski.ba\/"},{"@type":"ListItem","position":2,"name":"Vrhovni sud: Za\u0161to \u010delnik nije izabran, tko je sve bio na \u010delu i za\u0161to je ovaj sud va\u017ean?"}]},{"@type":"WebSite","@id":"https:\/\/radioljubuski.ba\/#website","url":"https:\/\/radioljubuski.ba\/","name":"Radio Ljubu\u0161ki","description":"Sun\u010dana frekvencija Hercegovine","publisher":{"@id":"https:\/\/radioljubuski.ba\/#organization"},"potentialAction":[{"@type":"SearchAction","target":{"@type":"EntryPoint","urlTemplate":"https:\/\/radioljubuski.ba\/?s={search_term_string}"},"query-input":{"@type":"PropertyValueSpecification","valueRequired":true,"valueName":"search_term_string"}}],"inLanguage":"hr"},{"@type":"Organization","@id":"https:\/\/radioljubuski.ba\/#organization","name":"Radio Ljubu\u0161ki","url":"https:\/\/radioljubuski.ba\/","logo":{"@type":"ImageObject","inLanguage":"hr","@id":"https:\/\/radioljubuski.ba\/#\/schema\/logo\/image\/","url":"https:\/\/radioljubuski.ba\/wp-content\/uploads\/2021\/02\/cropped-Radio_Ljubuski_logo1.jpg","contentUrl":"https:\/\/radioljubuski.ba\/wp-content\/uploads\/2021\/02\/cropped-Radio_Ljubuski_logo1.jpg","width":512,"height":512,"caption":"Radio Ljubu\u0161ki"},"image":{"@id":"https:\/\/radioljubuski.ba\/#\/schema\/logo\/image\/"},"sameAs":["https:\/\/www.facebook.com\/Radiio-Ljubuski-1490835324566332","https:\/\/x.com\/radioljubuski","https:\/\/hr.linkedin.com\/company\/radio-ljubuski","https:\/\/www.youtube.com\/channel\/UCHYaeO_n0Db3tjNGudGpXyw"]},{"@type":"Person","@id":"https:\/\/radioljubuski.ba\/#\/schema\/person\/19fc700381a780f69665d7956c469e3b","name":"Radio Ljubu\u0161ki"}]}},"_links":{"self":[{"href":"https:\/\/radioljubuski.ba\/index.php\/wp-json\/wp\/v2\/posts\/45770","targetHints":{"allow":["GET"]}}],"collection":[{"href":"https:\/\/radioljubuski.ba\/index.php\/wp-json\/wp\/v2\/posts"}],"about":[{"href":"https:\/\/radioljubuski.ba\/index.php\/wp-json\/wp\/v2\/types\/post"}],"author":[{"embeddable":true,"href":"https:\/\/radioljubuski.ba\/index.php\/wp-json\/wp\/v2\/users\/2"}],"replies":[{"embeddable":true,"href":"https:\/\/radioljubuski.ba\/index.php\/wp-json\/wp\/v2\/comments?post=45770"}],"version-history":[{"count":1,"href":"https:\/\/radioljubuski.ba\/index.php\/wp-json\/wp\/v2\/posts\/45770\/revisions"}],"predecessor-version":[{"id":45772,"href":"https:\/\/radioljubuski.ba\/index.php\/wp-json\/wp\/v2\/posts\/45770\/revisions\/45772"}],"wp:featuredmedia":[{"embeddable":true,"href":"https:\/\/radioljubuski.ba\/index.php\/wp-json\/wp\/v2\/media\/45771"}],"wp:attachment":[{"href":"https:\/\/radioljubuski.ba\/index.php\/wp-json\/wp\/v2\/media?parent=45770"}],"wp:term":[{"taxonomy":"category","embeddable":true,"href":"https:\/\/radioljubuski.ba\/index.php\/wp-json\/wp\/v2\/categories?post=45770"},{"taxonomy":"post_tag","embeddable":true,"href":"https:\/\/radioljubuski.ba\/index.php\/wp-json\/wp\/v2\/tags?post=45770"}],"curies":[{"name":"wp","href":"https:\/\/api.w.org\/{rel}","templated":true}]}}