{"id":46125,"date":"2021-07-25T09:11:19","date_gmt":"2021-07-25T08:11:19","guid":{"rendered":"https:\/\/radioljubuski.ba\/?p=46125"},"modified":"2021-07-25T09:11:20","modified_gmt":"2021-07-25T08:11:20","slug":"vucic-hrvati-su-mogli-staviti-teslu-na-najvaznije-novcanice-a-ne-na-sitnis","status":"publish","type":"post","link":"https:\/\/radioljubuski.ba\/index.php\/2021\/07\/25\/vucic-hrvati-su-mogli-staviti-teslu-na-najvaznije-novcanice-a-ne-na-sitnis\/","title":{"rendered":"Vu\u010di\u0107: Hrvati su mogli staviti Teslu na najva\u017enije nov\u010danice, a ne na sitni\u0161"},"content":{"rendered":"\n<p>Burne reakcije Srbije na planove Hrvatske da na kovanice eura stavi slavnoga znanstenika Nikolu Teslu nastavile su se u subotu nave\u010der kada je srbijanski predsjednik Aleksandar Vu\u010di\u0107 izjavio da su Hrvati, ako su ve\u0107 to htjeli, mogli staviti Teslu na najva\u017enije nov\u010danice, a ne na &#8220;sitni\u0161&#8221;.<\/p>\n\n\n\n<p>Kada u\u0111e u eurozonu, Hrvatska planira da se na eurokovanicama od 50, 20 i 10 centina nalazi lik Tesle, ameri\u010dkog izumitelja srpskoga porijekla ro\u0111enog u Hrvatskoj koji je gotovo cijeli \u017eivot radio u SAD-u gdje je i ostvario sve izume.<\/p>\n\n\n\n<p>Hrvatski predsjednik Zoran Milanovi\u0107 u subotu je predlo\u017eio Srbiji da i ona predlo\u017ei Teslu kada u\u0111e u eurozonu i sugerirao da ta zemlja ima veze s Teslom koliko i s Bruceom Leeom.<\/p>\n\n\n\n<p>Vu\u010di\u0107 ka\u017ee da je Tesla \u201cgenij koji pripada \u010dovje\u010danstvu\u201d pa \u201cnije nikakav problem da pripada i Hrvatima, ali ne zato \u0161to je Hrvat ili zato \u0161to je iz Hrvatske\u201d.<\/p>\n\n\n\n<p>\u201cA Nikolu Teslu, ako su ve\u0107 htjeli, mogli su staviti na najva\u017enije nov\u010danice, a ne na sitni\u0161\u201d, rekao je Vu\u010di\u0107 u intervjuu za provladinu komercijalnu TV Pink.<\/p>\n\n\n\n<p>Srbijanski predsjednik osporava Tesline veze s dana\u0161njom Hrvatskom. Tesla je bio \u201cAmerikanac srpskog podrijetla, ro\u0111en kao Srbin, od oca Srbina i majke Srpkinje i \u010dija je obitelj ubijana i stradala upravo zato \u0161to je pripadala srpskom rodu\u201d, rekao je.<\/p>\n\n\n\n<p>Vu\u010di\u0107 smatra da je Srbija vezana uz Teslu jer je to mati\u010dna dr\u017eava njegova naroda i jer je sam za sebe govorio da je Amerikanac i Srbin.<\/p>\n\n\n\n<p>Ustvrdio je i da ne postoje dokazi o Teslinoj izjavi da se ponosi svojim srpskim rodom i hrvatskom domovinom i da je to prije nekoliko desetlje\u0107a \u201cizmi\u0161ljeno zbog bratstva i jedinstva\u201d.<\/p>\n\n\n\n<p>Hrvatska narodna banka je u srijedu predlo\u017eila da na hrvatskim kovanicama eura budu \u0161ahovnica, karta Hrvatske, kuna, glagoljica i Nikola Tesla.<\/p>\n\n\n\n<p>Taj je prijedlog ponovno pokrenuo raspravu o tome kome vi\u0161e pripada veliki znanstvenik u koju se uklju\u010dila i Narodna banka Srbije ocijeniv\u0161i kako bi stavljanje Teslina lika na hrvatske kovanice eura \u201cpredstavljalo prisvajanje kulturnog i znanstvenog naslije\u0111a srpskog naroda\u201d.<\/p>\n\n\n\n<p>Izvor:pogled.ba<\/p>\n","protected":false},"excerpt":{"rendered":"<p>Burne reakcije Srbije na planove Hrvatske da na kovanice eura stavi slavnoga znanstenika Nikolu Teslu nastavile su se u subotu nave\u010der kada je srbijanski predsjednik Aleksandar Vu\u010di\u0107 izjavio da su Hrvati, ako su ve\u0107 to htjeli, mogli staviti Teslu na najva\u017enije nov\u010danice, a ne na &#8220;sitni\u0161&#8221;. Kada u\u0111e u eurozonu, Hrvatska planira da se na [&hellip;]<\/p>\n","protected":false},"author":2,"featured_media":2842,"comment_status":"closed","ping_status":"closed","sticky":false,"template":"","format":"standard","meta":{"h5ap_radio_sources":[],"footnotes":""},"categories":[1],"tags":[],"class_list":["post-46125","post","type-post","status-publish","format-standard","has-post-thumbnail","hentry","category-bihiregija"],"yoast_head":"<!-- This site is optimized with the Yoast SEO plugin v27.5 - https:\/\/yoast.com\/product\/yoast-seo-wordpress\/ -->\n<title>Vu\u010di\u0107: Hrvati su mogli staviti Teslu na najva\u017enije nov\u010danice, a ne na sitni\u0161 - RADIO LJUBU\u0160KI<\/title>\n<meta name=\"robots\" content=\"index, follow, max-snippet:-1, max-image-preview:large, max-video-preview:-1\" \/>\n<link rel=\"canonical\" href=\"https:\/\/radioljubuski.ba\/index.php\/2021\/07\/25\/vucic-hrvati-su-mogli-staviti-teslu-na-najvaznije-novcanice-a-ne-na-sitnis\/\" \/>\n<meta property=\"og:locale\" content=\"hr_HR\" \/>\n<meta property=\"og:type\" content=\"article\" \/>\n<meta property=\"og:title\" content=\"Vu\u010di\u0107: Hrvati su mogli staviti Teslu na najva\u017enije nov\u010danice, a ne na sitni\u0161 - RADIO LJUBU\u0160KI\" \/>\n<meta property=\"og:description\" content=\"Burne reakcije Srbije na planove Hrvatske da na kovanice eura stavi slavnoga znanstenika Nikolu Teslu nastavile su se u subotu nave\u010der kada je srbijanski predsjednik Aleksandar Vu\u010di\u0107 izjavio da su Hrvati, ako su ve\u0107 to htjeli, mogli staviti Teslu na najva\u017enije nov\u010danice, a ne na &#8220;sitni\u0161&#8221;. Kada u\u0111e u eurozonu, Hrvatska planira da se na [&hellip;]\" \/>\n<meta property=\"og:url\" content=\"https:\/\/radioljubuski.ba\/index.php\/2021\/07\/25\/vucic-hrvati-su-mogli-staviti-teslu-na-najvaznije-novcanice-a-ne-na-sitnis\/\" \/>\n<meta property=\"og:site_name\" content=\"RADIO LJUBU\u0160KI\" \/>\n<meta property=\"article:publisher\" content=\"https:\/\/www.facebook.com\/Radiio-Ljubuski-1490835324566332\" \/>\n<meta property=\"article:published_time\" content=\"2021-07-25T08:11:19+00:00\" \/>\n<meta property=\"article:modified_time\" content=\"2021-07-25T08:11:20+00:00\" \/>\n<meta property=\"og:image\" content=\"https:\/\/radioljubuski.ba\/wp-content\/uploads\/2021\/03\/vucic_afp.jpg\" \/>\n\t<meta property=\"og:image:width\" content=\"840\" \/>\n\t<meta property=\"og:image:height\" content=\"470\" \/>\n\t<meta property=\"og:image:type\" content=\"image\/jpeg\" \/>\n<meta name=\"author\" content=\"Radio Ljubu\u0161ki\" \/>\n<meta name=\"twitter:card\" content=\"summary_large_image\" \/>\n<meta name=\"twitter:creator\" content=\"@radioljubuski\" \/>\n<meta name=\"twitter:site\" content=\"@radioljubuski\" \/>\n<meta name=\"twitter:label1\" content=\"Napisao\/la\" \/>\n\t<meta name=\"twitter:data1\" content=\"Radio Ljubu\u0161ki\" \/>\n\t<meta name=\"twitter:label2\" content=\"Procijenjeno vrijeme \u010ditanja\" \/>\n\t<meta name=\"twitter:data2\" content=\"2 minute\" \/>\n<script type=\"application\/ld+json\" class=\"yoast-schema-graph\">{\"@context\":\"https:\\\/\\\/schema.org\",\"@graph\":[{\"@type\":\"Article\",\"@id\":\"https:\\\/\\\/radioljubuski.ba\\\/index.php\\\/2021\\\/07\\\/25\\\/vucic-hrvati-su-mogli-staviti-teslu-na-najvaznije-novcanice-a-ne-na-sitnis\\\/#article\",\"isPartOf\":{\"@id\":\"https:\\\/\\\/radioljubuski.ba\\\/index.php\\\/2021\\\/07\\\/25\\\/vucic-hrvati-su-mogli-staviti-teslu-na-najvaznije-novcanice-a-ne-na-sitnis\\\/\"},\"author\":{\"name\":\"Radio Ljubu\u0161ki\",\"@id\":\"https:\\\/\\\/radioljubuski.ba\\\/#\\\/schema\\\/person\\\/19fc700381a780f69665d7956c469e3b\"},\"headline\":\"Vu\u010di\u0107: Hrvati su mogli staviti Teslu na najva\u017enije nov\u010danice, a ne na sitni\u0161\",\"datePublished\":\"2021-07-25T08:11:19+00:00\",\"dateModified\":\"2021-07-25T08:11:20+00:00\",\"mainEntityOfPage\":{\"@id\":\"https:\\\/\\\/radioljubuski.ba\\\/index.php\\\/2021\\\/07\\\/25\\\/vucic-hrvati-su-mogli-staviti-teslu-na-najvaznije-novcanice-a-ne-na-sitnis\\\/\"},\"wordCount\":375,\"publisher\":{\"@id\":\"https:\\\/\\\/radioljubuski.ba\\\/#organization\"},\"image\":{\"@id\":\"https:\\\/\\\/radioljubuski.ba\\\/index.php\\\/2021\\\/07\\\/25\\\/vucic-hrvati-su-mogli-staviti-teslu-na-najvaznije-novcanice-a-ne-na-sitnis\\\/#primaryimage\"},\"thumbnailUrl\":\"https:\\\/\\\/radioljubuski.ba\\\/wp-content\\\/uploads\\\/2021\\\/03\\\/vucic_afp.jpg\",\"articleSection\":[\"BIH i regija\"],\"inLanguage\":\"hr\"},{\"@type\":\"WebPage\",\"@id\":\"https:\\\/\\\/radioljubuski.ba\\\/index.php\\\/2021\\\/07\\\/25\\\/vucic-hrvati-su-mogli-staviti-teslu-na-najvaznije-novcanice-a-ne-na-sitnis\\\/\",\"url\":\"https:\\\/\\\/radioljubuski.ba\\\/index.php\\\/2021\\\/07\\\/25\\\/vucic-hrvati-su-mogli-staviti-teslu-na-najvaznije-novcanice-a-ne-na-sitnis\\\/\",\"name\":\"Vu\u010di\u0107: Hrvati su mogli staviti Teslu na najva\u017enije nov\u010danice, a ne na sitni\u0161 - RADIO LJUBU\u0160KI\",\"isPartOf\":{\"@id\":\"https:\\\/\\\/radioljubuski.ba\\\/#website\"},\"primaryImageOfPage\":{\"@id\":\"https:\\\/\\\/radioljubuski.ba\\\/index.php\\\/2021\\\/07\\\/25\\\/vucic-hrvati-su-mogli-staviti-teslu-na-najvaznije-novcanice-a-ne-na-sitnis\\\/#primaryimage\"},\"image\":{\"@id\":\"https:\\\/\\\/radioljubuski.ba\\\/index.php\\\/2021\\\/07\\\/25\\\/vucic-hrvati-su-mogli-staviti-teslu-na-najvaznije-novcanice-a-ne-na-sitnis\\\/#primaryimage\"},\"thumbnailUrl\":\"https:\\\/\\\/radioljubuski.ba\\\/wp-content\\\/uploads\\\/2021\\\/03\\\/vucic_afp.jpg\",\"datePublished\":\"2021-07-25T08:11:19+00:00\",\"dateModified\":\"2021-07-25T08:11:20+00:00\",\"breadcrumb\":{\"@id\":\"https:\\\/\\\/radioljubuski.ba\\\/index.php\\\/2021\\\/07\\\/25\\\/vucic-hrvati-su-mogli-staviti-teslu-na-najvaznije-novcanice-a-ne-na-sitnis\\\/#breadcrumb\"},\"inLanguage\":\"hr\",\"potentialAction\":[{\"@type\":\"ReadAction\",\"target\":[\"https:\\\/\\\/radioljubuski.ba\\\/index.php\\\/2021\\\/07\\\/25\\\/vucic-hrvati-su-mogli-staviti-teslu-na-najvaznije-novcanice-a-ne-na-sitnis\\\/\"]}]},{\"@type\":\"ImageObject\",\"inLanguage\":\"hr\",\"@id\":\"https:\\\/\\\/radioljubuski.ba\\\/index.php\\\/2021\\\/07\\\/25\\\/vucic-hrvati-su-mogli-staviti-teslu-na-najvaznije-novcanice-a-ne-na-sitnis\\\/#primaryimage\",\"url\":\"https:\\\/\\\/radioljubuski.ba\\\/wp-content\\\/uploads\\\/2021\\\/03\\\/vucic_afp.jpg\",\"contentUrl\":\"https:\\\/\\\/radioljubuski.ba\\\/wp-content\\\/uploads\\\/2021\\\/03\\\/vucic_afp.jpg\",\"width\":840,\"height\":470},{\"@type\":\"BreadcrumbList\",\"@id\":\"https:\\\/\\\/radioljubuski.ba\\\/index.php\\\/2021\\\/07\\\/25\\\/vucic-hrvati-su-mogli-staviti-teslu-na-najvaznije-novcanice-a-ne-na-sitnis\\\/#breadcrumb\",\"itemListElement\":[{\"@type\":\"ListItem\",\"position\":1,\"name\":\"Po\u010detna stranica\",\"item\":\"https:\\\/\\\/radioljubuski.ba\\\/\"},{\"@type\":\"ListItem\",\"position\":2,\"name\":\"Vu\u010di\u0107: Hrvati su mogli staviti Teslu na najva\u017enije nov\u010danice, a ne na sitni\u0161\"}]},{\"@type\":\"WebSite\",\"@id\":\"https:\\\/\\\/radioljubuski.ba\\\/#website\",\"url\":\"https:\\\/\\\/radioljubuski.ba\\\/\",\"name\":\"Radio Ljubu\u0161ki\",\"description\":\"Sun\u010dana frekvencija Hercegovine\",\"publisher\":{\"@id\":\"https:\\\/\\\/radioljubuski.ba\\\/#organization\"},\"potentialAction\":[{\"@type\":\"SearchAction\",\"target\":{\"@type\":\"EntryPoint\",\"urlTemplate\":\"https:\\\/\\\/radioljubuski.ba\\\/?s={search_term_string}\"},\"query-input\":{\"@type\":\"PropertyValueSpecification\",\"valueRequired\":true,\"valueName\":\"search_term_string\"}}],\"inLanguage\":\"hr\"},{\"@type\":\"Organization\",\"@id\":\"https:\\\/\\\/radioljubuski.ba\\\/#organization\",\"name\":\"Radio Ljubu\u0161ki\",\"url\":\"https:\\\/\\\/radioljubuski.ba\\\/\",\"logo\":{\"@type\":\"ImageObject\",\"inLanguage\":\"hr\",\"@id\":\"https:\\\/\\\/radioljubuski.ba\\\/#\\\/schema\\\/logo\\\/image\\\/\",\"url\":\"https:\\\/\\\/radioljubuski.ba\\\/wp-content\\\/uploads\\\/2021\\\/02\\\/cropped-Radio_Ljubuski_logo1.jpg\",\"contentUrl\":\"https:\\\/\\\/radioljubuski.ba\\\/wp-content\\\/uploads\\\/2021\\\/02\\\/cropped-Radio_Ljubuski_logo1.jpg\",\"width\":512,\"height\":512,\"caption\":\"Radio Ljubu\u0161ki\"},\"image\":{\"@id\":\"https:\\\/\\\/radioljubuski.ba\\\/#\\\/schema\\\/logo\\\/image\\\/\"},\"sameAs\":[\"https:\\\/\\\/www.facebook.com\\\/Radiio-Ljubuski-1490835324566332\",\"https:\\\/\\\/x.com\\\/radioljubuski\",\"https:\\\/\\\/hr.linkedin.com\\\/company\\\/radio-ljubuski\",\"https:\\\/\\\/www.youtube.com\\\/channel\\\/UCHYaeO_n0Db3tjNGudGpXyw\"]},{\"@type\":\"Person\",\"@id\":\"https:\\\/\\\/radioljubuski.ba\\\/#\\\/schema\\\/person\\\/19fc700381a780f69665d7956c469e3b\",\"name\":\"Radio Ljubu\u0161ki\"}]}<\/script>\n<!-- \/ Yoast SEO plugin. -->","yoast_head_json":{"title":"Vu\u010di\u0107: Hrvati su mogli staviti Teslu na najva\u017enije nov\u010danice, a ne na sitni\u0161 - RADIO LJUBU\u0160KI","robots":{"index":"index","follow":"follow","max-snippet":"max-snippet:-1","max-image-preview":"max-image-preview:large","max-video-preview":"max-video-preview:-1"},"canonical":"https:\/\/radioljubuski.ba\/index.php\/2021\/07\/25\/vucic-hrvati-su-mogli-staviti-teslu-na-najvaznije-novcanice-a-ne-na-sitnis\/","og_locale":"hr_HR","og_type":"article","og_title":"Vu\u010di\u0107: Hrvati su mogli staviti Teslu na najva\u017enije nov\u010danice, a ne na sitni\u0161 - RADIO LJUBU\u0160KI","og_description":"Burne reakcije Srbije na planove Hrvatske da na kovanice eura stavi slavnoga znanstenika Nikolu Teslu nastavile su se u subotu nave\u010der kada je srbijanski predsjednik Aleksandar Vu\u010di\u0107 izjavio da su Hrvati, ako su ve\u0107 to htjeli, mogli staviti Teslu na najva\u017enije nov\u010danice, a ne na &#8220;sitni\u0161&#8221;. Kada u\u0111e u eurozonu, Hrvatska planira da se na [&hellip;]","og_url":"https:\/\/radioljubuski.ba\/index.php\/2021\/07\/25\/vucic-hrvati-su-mogli-staviti-teslu-na-najvaznije-novcanice-a-ne-na-sitnis\/","og_site_name":"RADIO LJUBU\u0160KI","article_publisher":"https:\/\/www.facebook.com\/Radiio-Ljubuski-1490835324566332","article_published_time":"2021-07-25T08:11:19+00:00","article_modified_time":"2021-07-25T08:11:20+00:00","og_image":[{"width":840,"height":470,"url":"https:\/\/radioljubuski.ba\/wp-content\/uploads\/2021\/03\/vucic_afp.jpg","type":"image\/jpeg"}],"author":"Radio Ljubu\u0161ki","twitter_card":"summary_large_image","twitter_creator":"@radioljubuski","twitter_site":"@radioljubuski","twitter_misc":{"Napisao\/la":"Radio Ljubu\u0161ki","Procijenjeno vrijeme \u010ditanja":"2 minute"},"schema":{"@context":"https:\/\/schema.org","@graph":[{"@type":"Article","@id":"https:\/\/radioljubuski.ba\/index.php\/2021\/07\/25\/vucic-hrvati-su-mogli-staviti-teslu-na-najvaznije-novcanice-a-ne-na-sitnis\/#article","isPartOf":{"@id":"https:\/\/radioljubuski.ba\/index.php\/2021\/07\/25\/vucic-hrvati-su-mogli-staviti-teslu-na-najvaznije-novcanice-a-ne-na-sitnis\/"},"author":{"name":"Radio Ljubu\u0161ki","@id":"https:\/\/radioljubuski.ba\/#\/schema\/person\/19fc700381a780f69665d7956c469e3b"},"headline":"Vu\u010di\u0107: Hrvati su mogli staviti Teslu na najva\u017enije nov\u010danice, a ne na sitni\u0161","datePublished":"2021-07-25T08:11:19+00:00","dateModified":"2021-07-25T08:11:20+00:00","mainEntityOfPage":{"@id":"https:\/\/radioljubuski.ba\/index.php\/2021\/07\/25\/vucic-hrvati-su-mogli-staviti-teslu-na-najvaznije-novcanice-a-ne-na-sitnis\/"},"wordCount":375,"publisher":{"@id":"https:\/\/radioljubuski.ba\/#organization"},"image":{"@id":"https:\/\/radioljubuski.ba\/index.php\/2021\/07\/25\/vucic-hrvati-su-mogli-staviti-teslu-na-najvaznije-novcanice-a-ne-na-sitnis\/#primaryimage"},"thumbnailUrl":"https:\/\/radioljubuski.ba\/wp-content\/uploads\/2021\/03\/vucic_afp.jpg","articleSection":["BIH i regija"],"inLanguage":"hr"},{"@type":"WebPage","@id":"https:\/\/radioljubuski.ba\/index.php\/2021\/07\/25\/vucic-hrvati-su-mogli-staviti-teslu-na-najvaznije-novcanice-a-ne-na-sitnis\/","url":"https:\/\/radioljubuski.ba\/index.php\/2021\/07\/25\/vucic-hrvati-su-mogli-staviti-teslu-na-najvaznije-novcanice-a-ne-na-sitnis\/","name":"Vu\u010di\u0107: Hrvati su mogli staviti Teslu na najva\u017enije nov\u010danice, a ne na sitni\u0161 - RADIO LJUBU\u0160KI","isPartOf":{"@id":"https:\/\/radioljubuski.ba\/#website"},"primaryImageOfPage":{"@id":"https:\/\/radioljubuski.ba\/index.php\/2021\/07\/25\/vucic-hrvati-su-mogli-staviti-teslu-na-najvaznije-novcanice-a-ne-na-sitnis\/#primaryimage"},"image":{"@id":"https:\/\/radioljubuski.ba\/index.php\/2021\/07\/25\/vucic-hrvati-su-mogli-staviti-teslu-na-najvaznije-novcanice-a-ne-na-sitnis\/#primaryimage"},"thumbnailUrl":"https:\/\/radioljubuski.ba\/wp-content\/uploads\/2021\/03\/vucic_afp.jpg","datePublished":"2021-07-25T08:11:19+00:00","dateModified":"2021-07-25T08:11:20+00:00","breadcrumb":{"@id":"https:\/\/radioljubuski.ba\/index.php\/2021\/07\/25\/vucic-hrvati-su-mogli-staviti-teslu-na-najvaznije-novcanice-a-ne-na-sitnis\/#breadcrumb"},"inLanguage":"hr","potentialAction":[{"@type":"ReadAction","target":["https:\/\/radioljubuski.ba\/index.php\/2021\/07\/25\/vucic-hrvati-su-mogli-staviti-teslu-na-najvaznije-novcanice-a-ne-na-sitnis\/"]}]},{"@type":"ImageObject","inLanguage":"hr","@id":"https:\/\/radioljubuski.ba\/index.php\/2021\/07\/25\/vucic-hrvati-su-mogli-staviti-teslu-na-najvaznije-novcanice-a-ne-na-sitnis\/#primaryimage","url":"https:\/\/radioljubuski.ba\/wp-content\/uploads\/2021\/03\/vucic_afp.jpg","contentUrl":"https:\/\/radioljubuski.ba\/wp-content\/uploads\/2021\/03\/vucic_afp.jpg","width":840,"height":470},{"@type":"BreadcrumbList","@id":"https:\/\/radioljubuski.ba\/index.php\/2021\/07\/25\/vucic-hrvati-su-mogli-staviti-teslu-na-najvaznije-novcanice-a-ne-na-sitnis\/#breadcrumb","itemListElement":[{"@type":"ListItem","position":1,"name":"Po\u010detna stranica","item":"https:\/\/radioljubuski.ba\/"},{"@type":"ListItem","position":2,"name":"Vu\u010di\u0107: Hrvati su mogli staviti Teslu na najva\u017enije nov\u010danice, a ne na sitni\u0161"}]},{"@type":"WebSite","@id":"https:\/\/radioljubuski.ba\/#website","url":"https:\/\/radioljubuski.ba\/","name":"Radio Ljubu\u0161ki","description":"Sun\u010dana frekvencija Hercegovine","publisher":{"@id":"https:\/\/radioljubuski.ba\/#organization"},"potentialAction":[{"@type":"SearchAction","target":{"@type":"EntryPoint","urlTemplate":"https:\/\/radioljubuski.ba\/?s={search_term_string}"},"query-input":{"@type":"PropertyValueSpecification","valueRequired":true,"valueName":"search_term_string"}}],"inLanguage":"hr"},{"@type":"Organization","@id":"https:\/\/radioljubuski.ba\/#organization","name":"Radio Ljubu\u0161ki","url":"https:\/\/radioljubuski.ba\/","logo":{"@type":"ImageObject","inLanguage":"hr","@id":"https:\/\/radioljubuski.ba\/#\/schema\/logo\/image\/","url":"https:\/\/radioljubuski.ba\/wp-content\/uploads\/2021\/02\/cropped-Radio_Ljubuski_logo1.jpg","contentUrl":"https:\/\/radioljubuski.ba\/wp-content\/uploads\/2021\/02\/cropped-Radio_Ljubuski_logo1.jpg","width":512,"height":512,"caption":"Radio Ljubu\u0161ki"},"image":{"@id":"https:\/\/radioljubuski.ba\/#\/schema\/logo\/image\/"},"sameAs":["https:\/\/www.facebook.com\/Radiio-Ljubuski-1490835324566332","https:\/\/x.com\/radioljubuski","https:\/\/hr.linkedin.com\/company\/radio-ljubuski","https:\/\/www.youtube.com\/channel\/UCHYaeO_n0Db3tjNGudGpXyw"]},{"@type":"Person","@id":"https:\/\/radioljubuski.ba\/#\/schema\/person\/19fc700381a780f69665d7956c469e3b","name":"Radio Ljubu\u0161ki"}]}},"_links":{"self":[{"href":"https:\/\/radioljubuski.ba\/index.php\/wp-json\/wp\/v2\/posts\/46125","targetHints":{"allow":["GET"]}}],"collection":[{"href":"https:\/\/radioljubuski.ba\/index.php\/wp-json\/wp\/v2\/posts"}],"about":[{"href":"https:\/\/radioljubuski.ba\/index.php\/wp-json\/wp\/v2\/types\/post"}],"author":[{"embeddable":true,"href":"https:\/\/radioljubuski.ba\/index.php\/wp-json\/wp\/v2\/users\/2"}],"replies":[{"embeddable":true,"href":"https:\/\/radioljubuski.ba\/index.php\/wp-json\/wp\/v2\/comments?post=46125"}],"version-history":[{"count":1,"href":"https:\/\/radioljubuski.ba\/index.php\/wp-json\/wp\/v2\/posts\/46125\/revisions"}],"predecessor-version":[{"id":46126,"href":"https:\/\/radioljubuski.ba\/index.php\/wp-json\/wp\/v2\/posts\/46125\/revisions\/46126"}],"wp:featuredmedia":[{"embeddable":true,"href":"https:\/\/radioljubuski.ba\/index.php\/wp-json\/wp\/v2\/media\/2842"}],"wp:attachment":[{"href":"https:\/\/radioljubuski.ba\/index.php\/wp-json\/wp\/v2\/media?parent=46125"}],"wp:term":[{"taxonomy":"category","embeddable":true,"href":"https:\/\/radioljubuski.ba\/index.php\/wp-json\/wp\/v2\/categories?post=46125"},{"taxonomy":"post_tag","embeddable":true,"href":"https:\/\/radioljubuski.ba\/index.php\/wp-json\/wp\/v2\/tags?post=46125"}],"curies":[{"name":"wp","href":"https:\/\/api.w.org\/{rel}","templated":true}]}}