{"id":46373,"date":"2021-07-25T16:33:11","date_gmt":"2021-07-25T15:33:11","guid":{"rendered":"https:\/\/radioljubuski.ba\/?p=46373"},"modified":"2021-07-25T16:33:12","modified_gmt":"2021-07-25T15:33:12","slug":"stanivukovic-u-mostaru-srbi-su-4-kolovoza-dozivjeli-egzodus-i-stradanje-taj-dogadaj-neki-drugi-slave","status":"publish","type":"post","link":"https:\/\/radioljubuski.ba\/index.php\/2021\/07\/25\/stanivukovic-u-mostaru-srbi-su-4-kolovoza-dozivjeli-egzodus-i-stradanje-taj-dogadaj-neki-drugi-slave\/","title":{"rendered":"Stanivukovi\u0107 u Mostaru: Srbi su 4. kolovoza do\u017eivjeli egzodus i stradanje, taj doga\u0111aj neki drugi slave"},"content":{"rendered":"\n<p><strong>Mostovi su tu da nas spajaju, a ne razdvajaju, poru\u010dio je nakon posjete Mostaru gradona\u010delnik Banja Luke Dra\u0161ko Stanivukovi\u0107.<\/strong><\/p>\n\n\n\n<p>On je nakon posjete manastiru i muzeju u \u017ditomisli\u0107u nadomak Mostara rekao da voli Mostar i svoj narod koji u njemu \u017eivi, ali i sve druge, prenosi&nbsp;<a href=\"https:\/\/topportal.info\/stanivukovic-porucio-iz-mostara-ovdje-su-korjeni-naseg-naroda-duboko\/\">Top portal<\/a>.<\/p>\n\n\n\n<p>-Za mene je nezamislivo da bilo koji klub, organizacija ili pojedinac moju ljudsku potrebu da ovdje do\u0111em mo\u017ee osporiti. Danas sam u Mostaru sa svojim narodom, obilazim na\u0161e svetinje i sva druga mjesta. Posjetio sam grob pravog Mostarca Alekse \u0160anti\u0107a i u\u017eivam ovdje. \u017delim poslati odavde poruku da su stavovi koji se razlikuju normalna stvar i da o nekim doga\u0111ajima mo\u017eemo misliti druga\u010dije, ali to ne treba biti ne\u0161to \u0161to \u0107e nas razdvajati, poru\u010dio je Stanivukovi\u0107.<\/p>\n\n\n\n<p>Nagla\u0161ava da on ne\u0107e slati bilo kakav kontrastav ili re\u0107i da netko nije dobrodo\u0161ao u Banja Luku.<\/p>\n\n\n\n<p>-Naprotiv. U Banja Luku su svi dobro do\u0161li. Ja sam ovdje pod utiskom duhovnosti na\u0161ih svetinja. Tu sam da \u0161irim ljubav i me\u0111usobnu suradnju. Mostovi su tu da nas spajaju, a ne razdvajaju, rekao je Stanivukovi\u0107.<\/p>\n\n\n\n<p>Podsje\u0107a da nije komentirao bilo koji zlo\u010din, tragediju ili \u017ertvu, ali da je protiv toga da bilo tko name\u0107e mi\u0161ljenje u BiH.<\/p>\n\n\n\n<p>Pri\u010da da dolazi 4. kolovoz kada Srbi obilje\u017eavaju najve\u0107i egzodus i stradanje, ali da taj doga\u0111aj neki drugi slave.<\/p>\n\n\n\n<p>\u201cTreba li zbog jednog, drugog ili tre\u0107eg stava netko i\u0107i u zatvor. Ja mislim da ne treba i da svatko treba imati svoj pogled. Mislim da nametnuti zakoni neke tre\u0107e strane bilo kome narodu u BiH ne donose dobro\u201d, poru\u010dio je Stanivukovi\u0107 dodaju\u0107i da neki sa strane do\u0111u ovdje, \u201cbace kost\u201d i odu, a narodi koji ovdje \u017eive tu ostaju i moraju se naviknuti da zajedno \u017eive.<\/p>\n\n\n\n<p>Stanivukovi\u0107 smatra da narod misli druga\u010dije od pojedinaca koji dnevnu politiku koriste za druge ciljeve.<\/p>\n\n\n\n<p>-Nema \u0161anse da dopustim da mi dnevna politika \u010dini lo\u0161iju sliku o Mostaru, zaklju\u010dio je Stanivukovi\u0107.<\/p>\n\n\n\n<p>Posebno mu je drago \u0161to je posjetu Mostaru iskoristio za bolje upoznavanje s pravoslavnim svetinjama i znamenitostima Srba.<\/p>\n\n\n\n<p>\u201cKada jednom do\u0111em negdje ja se tu i vra\u0107am. Moramo graditi podr\u0161ku jedni drugima. Moja poruka je gradona\u010delniku Mostara da pomogne Srbima u Mostaru\u201d, ka\u017ee Stanivukovi\u0107 dodaju\u0107i da on gra\u0111anima drugih nacionalnosti u Banja Luci poma\u017ee.<\/p>\n\n\n\n<p>Ka\u017ee da je ovim dolaskom i on sam u obavezi da vidi na koji na\u010din Banja Luka i RS mogu pomo\u0107i Srbima u Mostaru.<\/p>\n\n\n\n<p>\u201cOvdje su korijeni na\u0161ih naroda duboko. Netko tko misli da \u0107e spaljivanjem ili ru\u0161enjem to uni\u0161titi se vara. Ovaj manastir pokazuje da su korijeni na\u0161eg naroda ovdje u Mostaru duboko, ali i da smo spremni da to sve dijelimo sa drugima i da \u017eivimo ovdje kao \u010dovjek s \u010dovjekom\u201d, stav je Stanivukovi\u0107a.<\/p>\n\n\n\n<p>Iguman manastira \u017ditomisli\u0107 Danilo Pavlovi\u0107 rekao je da je posjeta gradona\u010delnika Banja Luke jako bitna.<\/p>\n\n\n\n<p>\u201cJa sam s 26 godina postao iguman manastira \u017ditomisli\u0107. To \u0161to on ima, tu mladost, mislim da je to jako veliki kapital s kojim on mo\u017ee pokrenuti dobre odnose. To \u0161to danas gradona\u010delnik ne mo\u017ee na skokove ne govori o njemu ve\u0107 o ljudima koji nemaju razumijevanja za dobre odnose, ali mislim da nikoga od nas to ne smije pokolebati. Mi smo ljudi koji se intenzivno bavimo su\u017eivotom i dobrim odnosima i nikada ne smijemo da odustanemo\u201d, poru\u010dio je iguman Danilo.<\/p>\n\n\n\n<p>On je poru\u010dio da je manastir \u017ditomisli\u0107 otvoren za sve i mjesto koje okuplja ljude sa svih strana svijeta.<\/p>\n\n\n\n<p>Stanivukovi\u0107 je jutros obi\u0161ao Sabornu crkvu u Mostaru i prisustvovao liturgiji u Staroj crkvi u Bjelu\u0161inama.<\/p>\n\n\n\n<p>\/HMS\/<\/p>\n","protected":false},"excerpt":{"rendered":"<p>Mostovi su tu da nas spajaju, a ne razdvajaju, poru\u010dio je nakon posjete Mostaru gradona\u010delnik Banja Luke Dra\u0161ko Stanivukovi\u0107. On je nakon posjete manastiru i muzeju u \u017ditomisli\u0107u nadomak Mostara rekao da voli Mostar i svoj narod koji u njemu \u017eivi, ali i sve druge, prenosi&nbsp;Top portal. -Za mene je nezamislivo da bilo koji klub, [&hellip;]<\/p>\n","protected":false},"author":2,"featured_media":46374,"comment_status":"closed","ping_status":"closed","sticky":false,"template":"","format":"standard","meta":{"h5ap_radio_sources":[],"footnotes":""},"categories":[1],"tags":[],"class_list":["post-46373","post","type-post","status-publish","format-standard","has-post-thumbnail","hentry","category-bihiregija"],"yoast_head":"<!-- This site is optimized with the Yoast SEO plugin v27.5 - https:\/\/yoast.com\/product\/yoast-seo-wordpress\/ -->\n<title>Stanivukovi\u0107 u Mostaru: Srbi su 4. kolovoza do\u017eivjeli egzodus i stradanje, taj doga\u0111aj neki drugi slave - RADIO LJUBU\u0160KI<\/title>\n<meta name=\"robots\" content=\"index, follow, max-snippet:-1, max-image-preview:large, max-video-preview:-1\" \/>\n<link rel=\"canonical\" href=\"https:\/\/radioljubuski.ba\/index.php\/2021\/07\/25\/stanivukovic-u-mostaru-srbi-su-4-kolovoza-dozivjeli-egzodus-i-stradanje-taj-dogadaj-neki-drugi-slave\/\" \/>\n<meta property=\"og:locale\" content=\"hr_HR\" \/>\n<meta property=\"og:type\" content=\"article\" \/>\n<meta property=\"og:title\" content=\"Stanivukovi\u0107 u Mostaru: Srbi su 4. kolovoza do\u017eivjeli egzodus i stradanje, taj doga\u0111aj neki drugi slave - RADIO LJUBU\u0160KI\" \/>\n<meta property=\"og:description\" content=\"Mostovi su tu da nas spajaju, a ne razdvajaju, poru\u010dio je nakon posjete Mostaru gradona\u010delnik Banja Luke Dra\u0161ko Stanivukovi\u0107. On je nakon posjete manastiru i muzeju u \u017ditomisli\u0107u nadomak Mostara rekao da voli Mostar i svoj narod koji u njemu \u017eivi, ali i sve druge, prenosi&nbsp;Top portal. -Za mene je nezamislivo da bilo koji klub, [&hellip;]\" \/>\n<meta property=\"og:url\" content=\"https:\/\/radioljubuski.ba\/index.php\/2021\/07\/25\/stanivukovic-u-mostaru-srbi-su-4-kolovoza-dozivjeli-egzodus-i-stradanje-taj-dogadaj-neki-drugi-slave\/\" \/>\n<meta property=\"og:site_name\" content=\"RADIO LJUBU\u0160KI\" \/>\n<meta property=\"article:publisher\" content=\"https:\/\/www.facebook.com\/Radiio-Ljubuski-1490835324566332\" \/>\n<meta property=\"article:published_time\" content=\"2021-07-25T15:33:11+00:00\" \/>\n<meta property=\"article:modified_time\" content=\"2021-07-25T15:33:12+00:00\" \/>\n<meta property=\"og:image\" content=\"https:\/\/radioljubuski.ba\/wp-content\/uploads\/2021\/07\/IMG-b9bd298c592a0a5517e3592d495595ae-V-1068x712-1.jpg\" \/>\n\t<meta property=\"og:image:width\" content=\"1068\" \/>\n\t<meta property=\"og:image:height\" content=\"712\" \/>\n\t<meta property=\"og:image:type\" content=\"image\/jpeg\" \/>\n<meta name=\"author\" content=\"Radio Ljubu\u0161ki\" \/>\n<meta name=\"twitter:card\" content=\"summary_large_image\" \/>\n<meta name=\"twitter:creator\" content=\"@radioljubuski\" \/>\n<meta name=\"twitter:site\" content=\"@radioljubuski\" \/>\n<meta name=\"twitter:label1\" content=\"Napisao\/la\" \/>\n\t<meta name=\"twitter:data1\" content=\"Radio Ljubu\u0161ki\" \/>\n\t<meta name=\"twitter:label2\" content=\"Procijenjeno vrijeme \u010ditanja\" \/>\n\t<meta name=\"twitter:data2\" content=\"3 minute\" \/>\n<script type=\"application\/ld+json\" class=\"yoast-schema-graph\">{\"@context\":\"https:\\\/\\\/schema.org\",\"@graph\":[{\"@type\":\"Article\",\"@id\":\"https:\\\/\\\/radioljubuski.ba\\\/index.php\\\/2021\\\/07\\\/25\\\/stanivukovic-u-mostaru-srbi-su-4-kolovoza-dozivjeli-egzodus-i-stradanje-taj-dogadaj-neki-drugi-slave\\\/#article\",\"isPartOf\":{\"@id\":\"https:\\\/\\\/radioljubuski.ba\\\/index.php\\\/2021\\\/07\\\/25\\\/stanivukovic-u-mostaru-srbi-su-4-kolovoza-dozivjeli-egzodus-i-stradanje-taj-dogadaj-neki-drugi-slave\\\/\"},\"author\":{\"name\":\"Radio Ljubu\u0161ki\",\"@id\":\"https:\\\/\\\/radioljubuski.ba\\\/#\\\/schema\\\/person\\\/19fc700381a780f69665d7956c469e3b\"},\"headline\":\"Stanivukovi\u0107 u Mostaru: Srbi su 4. kolovoza do\u017eivjeli egzodus i stradanje, taj doga\u0111aj neki drugi slave\",\"datePublished\":\"2021-07-25T15:33:11+00:00\",\"dateModified\":\"2021-07-25T15:33:12+00:00\",\"mainEntityOfPage\":{\"@id\":\"https:\\\/\\\/radioljubuski.ba\\\/index.php\\\/2021\\\/07\\\/25\\\/stanivukovic-u-mostaru-srbi-su-4-kolovoza-dozivjeli-egzodus-i-stradanje-taj-dogadaj-neki-drugi-slave\\\/\"},\"wordCount\":657,\"publisher\":{\"@id\":\"https:\\\/\\\/radioljubuski.ba\\\/#organization\"},\"image\":{\"@id\":\"https:\\\/\\\/radioljubuski.ba\\\/index.php\\\/2021\\\/07\\\/25\\\/stanivukovic-u-mostaru-srbi-su-4-kolovoza-dozivjeli-egzodus-i-stradanje-taj-dogadaj-neki-drugi-slave\\\/#primaryimage\"},\"thumbnailUrl\":\"https:\\\/\\\/radioljubuski.ba\\\/wp-content\\\/uploads\\\/2021\\\/07\\\/IMG-b9bd298c592a0a5517e3592d495595ae-V-1068x712-1.jpg\",\"articleSection\":[\"BIH i regija\"],\"inLanguage\":\"hr\"},{\"@type\":\"WebPage\",\"@id\":\"https:\\\/\\\/radioljubuski.ba\\\/index.php\\\/2021\\\/07\\\/25\\\/stanivukovic-u-mostaru-srbi-su-4-kolovoza-dozivjeli-egzodus-i-stradanje-taj-dogadaj-neki-drugi-slave\\\/\",\"url\":\"https:\\\/\\\/radioljubuski.ba\\\/index.php\\\/2021\\\/07\\\/25\\\/stanivukovic-u-mostaru-srbi-su-4-kolovoza-dozivjeli-egzodus-i-stradanje-taj-dogadaj-neki-drugi-slave\\\/\",\"name\":\"Stanivukovi\u0107 u Mostaru: Srbi su 4. kolovoza do\u017eivjeli egzodus i stradanje, taj doga\u0111aj neki drugi slave - RADIO LJUBU\u0160KI\",\"isPartOf\":{\"@id\":\"https:\\\/\\\/radioljubuski.ba\\\/#website\"},\"primaryImageOfPage\":{\"@id\":\"https:\\\/\\\/radioljubuski.ba\\\/index.php\\\/2021\\\/07\\\/25\\\/stanivukovic-u-mostaru-srbi-su-4-kolovoza-dozivjeli-egzodus-i-stradanje-taj-dogadaj-neki-drugi-slave\\\/#primaryimage\"},\"image\":{\"@id\":\"https:\\\/\\\/radioljubuski.ba\\\/index.php\\\/2021\\\/07\\\/25\\\/stanivukovic-u-mostaru-srbi-su-4-kolovoza-dozivjeli-egzodus-i-stradanje-taj-dogadaj-neki-drugi-slave\\\/#primaryimage\"},\"thumbnailUrl\":\"https:\\\/\\\/radioljubuski.ba\\\/wp-content\\\/uploads\\\/2021\\\/07\\\/IMG-b9bd298c592a0a5517e3592d495595ae-V-1068x712-1.jpg\",\"datePublished\":\"2021-07-25T15:33:11+00:00\",\"dateModified\":\"2021-07-25T15:33:12+00:00\",\"breadcrumb\":{\"@id\":\"https:\\\/\\\/radioljubuski.ba\\\/index.php\\\/2021\\\/07\\\/25\\\/stanivukovic-u-mostaru-srbi-su-4-kolovoza-dozivjeli-egzodus-i-stradanje-taj-dogadaj-neki-drugi-slave\\\/#breadcrumb\"},\"inLanguage\":\"hr\",\"potentialAction\":[{\"@type\":\"ReadAction\",\"target\":[\"https:\\\/\\\/radioljubuski.ba\\\/index.php\\\/2021\\\/07\\\/25\\\/stanivukovic-u-mostaru-srbi-su-4-kolovoza-dozivjeli-egzodus-i-stradanje-taj-dogadaj-neki-drugi-slave\\\/\"]}]},{\"@type\":\"ImageObject\",\"inLanguage\":\"hr\",\"@id\":\"https:\\\/\\\/radioljubuski.ba\\\/index.php\\\/2021\\\/07\\\/25\\\/stanivukovic-u-mostaru-srbi-su-4-kolovoza-dozivjeli-egzodus-i-stradanje-taj-dogadaj-neki-drugi-slave\\\/#primaryimage\",\"url\":\"https:\\\/\\\/radioljubuski.ba\\\/wp-content\\\/uploads\\\/2021\\\/07\\\/IMG-b9bd298c592a0a5517e3592d495595ae-V-1068x712-1.jpg\",\"contentUrl\":\"https:\\\/\\\/radioljubuski.ba\\\/wp-content\\\/uploads\\\/2021\\\/07\\\/IMG-b9bd298c592a0a5517e3592d495595ae-V-1068x712-1.jpg\",\"width\":1068,\"height\":712},{\"@type\":\"BreadcrumbList\",\"@id\":\"https:\\\/\\\/radioljubuski.ba\\\/index.php\\\/2021\\\/07\\\/25\\\/stanivukovic-u-mostaru-srbi-su-4-kolovoza-dozivjeli-egzodus-i-stradanje-taj-dogadaj-neki-drugi-slave\\\/#breadcrumb\",\"itemListElement\":[{\"@type\":\"ListItem\",\"position\":1,\"name\":\"Po\u010detna stranica\",\"item\":\"https:\\\/\\\/radioljubuski.ba\\\/\"},{\"@type\":\"ListItem\",\"position\":2,\"name\":\"Stanivukovi\u0107 u Mostaru: Srbi su 4. kolovoza do\u017eivjeli egzodus i stradanje, taj doga\u0111aj neki drugi slave\"}]},{\"@type\":\"WebSite\",\"@id\":\"https:\\\/\\\/radioljubuski.ba\\\/#website\",\"url\":\"https:\\\/\\\/radioljubuski.ba\\\/\",\"name\":\"Radio Ljubu\u0161ki\",\"description\":\"Sun\u010dana frekvencija Hercegovine\",\"publisher\":{\"@id\":\"https:\\\/\\\/radioljubuski.ba\\\/#organization\"},\"potentialAction\":[{\"@type\":\"SearchAction\",\"target\":{\"@type\":\"EntryPoint\",\"urlTemplate\":\"https:\\\/\\\/radioljubuski.ba\\\/?s={search_term_string}\"},\"query-input\":{\"@type\":\"PropertyValueSpecification\",\"valueRequired\":true,\"valueName\":\"search_term_string\"}}],\"inLanguage\":\"hr\"},{\"@type\":\"Organization\",\"@id\":\"https:\\\/\\\/radioljubuski.ba\\\/#organization\",\"name\":\"Radio Ljubu\u0161ki\",\"url\":\"https:\\\/\\\/radioljubuski.ba\\\/\",\"logo\":{\"@type\":\"ImageObject\",\"inLanguage\":\"hr\",\"@id\":\"https:\\\/\\\/radioljubuski.ba\\\/#\\\/schema\\\/logo\\\/image\\\/\",\"url\":\"https:\\\/\\\/radioljubuski.ba\\\/wp-content\\\/uploads\\\/2021\\\/02\\\/cropped-Radio_Ljubuski_logo1.jpg\",\"contentUrl\":\"https:\\\/\\\/radioljubuski.ba\\\/wp-content\\\/uploads\\\/2021\\\/02\\\/cropped-Radio_Ljubuski_logo1.jpg\",\"width\":512,\"height\":512,\"caption\":\"Radio Ljubu\u0161ki\"},\"image\":{\"@id\":\"https:\\\/\\\/radioljubuski.ba\\\/#\\\/schema\\\/logo\\\/image\\\/\"},\"sameAs\":[\"https:\\\/\\\/www.facebook.com\\\/Radiio-Ljubuski-1490835324566332\",\"https:\\\/\\\/x.com\\\/radioljubuski\",\"https:\\\/\\\/hr.linkedin.com\\\/company\\\/radio-ljubuski\",\"https:\\\/\\\/www.youtube.com\\\/channel\\\/UCHYaeO_n0Db3tjNGudGpXyw\"]},{\"@type\":\"Person\",\"@id\":\"https:\\\/\\\/radioljubuski.ba\\\/#\\\/schema\\\/person\\\/19fc700381a780f69665d7956c469e3b\",\"name\":\"Radio Ljubu\u0161ki\"}]}<\/script>\n<!-- \/ Yoast SEO plugin. -->","yoast_head_json":{"title":"Stanivukovi\u0107 u Mostaru: Srbi su 4. kolovoza do\u017eivjeli egzodus i stradanje, taj doga\u0111aj neki drugi slave - RADIO LJUBU\u0160KI","robots":{"index":"index","follow":"follow","max-snippet":"max-snippet:-1","max-image-preview":"max-image-preview:large","max-video-preview":"max-video-preview:-1"},"canonical":"https:\/\/radioljubuski.ba\/index.php\/2021\/07\/25\/stanivukovic-u-mostaru-srbi-su-4-kolovoza-dozivjeli-egzodus-i-stradanje-taj-dogadaj-neki-drugi-slave\/","og_locale":"hr_HR","og_type":"article","og_title":"Stanivukovi\u0107 u Mostaru: Srbi su 4. kolovoza do\u017eivjeli egzodus i stradanje, taj doga\u0111aj neki drugi slave - RADIO LJUBU\u0160KI","og_description":"Mostovi su tu da nas spajaju, a ne razdvajaju, poru\u010dio je nakon posjete Mostaru gradona\u010delnik Banja Luke Dra\u0161ko Stanivukovi\u0107. On je nakon posjete manastiru i muzeju u \u017ditomisli\u0107u nadomak Mostara rekao da voli Mostar i svoj narod koji u njemu \u017eivi, ali i sve druge, prenosi&nbsp;Top portal. -Za mene je nezamislivo da bilo koji klub, [&hellip;]","og_url":"https:\/\/radioljubuski.ba\/index.php\/2021\/07\/25\/stanivukovic-u-mostaru-srbi-su-4-kolovoza-dozivjeli-egzodus-i-stradanje-taj-dogadaj-neki-drugi-slave\/","og_site_name":"RADIO LJUBU\u0160KI","article_publisher":"https:\/\/www.facebook.com\/Radiio-Ljubuski-1490835324566332","article_published_time":"2021-07-25T15:33:11+00:00","article_modified_time":"2021-07-25T15:33:12+00:00","og_image":[{"width":1068,"height":712,"url":"https:\/\/radioljubuski.ba\/wp-content\/uploads\/2021\/07\/IMG-b9bd298c592a0a5517e3592d495595ae-V-1068x712-1.jpg","type":"image\/jpeg"}],"author":"Radio Ljubu\u0161ki","twitter_card":"summary_large_image","twitter_creator":"@radioljubuski","twitter_site":"@radioljubuski","twitter_misc":{"Napisao\/la":"Radio Ljubu\u0161ki","Procijenjeno vrijeme \u010ditanja":"3 minute"},"schema":{"@context":"https:\/\/schema.org","@graph":[{"@type":"Article","@id":"https:\/\/radioljubuski.ba\/index.php\/2021\/07\/25\/stanivukovic-u-mostaru-srbi-su-4-kolovoza-dozivjeli-egzodus-i-stradanje-taj-dogadaj-neki-drugi-slave\/#article","isPartOf":{"@id":"https:\/\/radioljubuski.ba\/index.php\/2021\/07\/25\/stanivukovic-u-mostaru-srbi-su-4-kolovoza-dozivjeli-egzodus-i-stradanje-taj-dogadaj-neki-drugi-slave\/"},"author":{"name":"Radio Ljubu\u0161ki","@id":"https:\/\/radioljubuski.ba\/#\/schema\/person\/19fc700381a780f69665d7956c469e3b"},"headline":"Stanivukovi\u0107 u Mostaru: Srbi su 4. kolovoza do\u017eivjeli egzodus i stradanje, taj doga\u0111aj neki drugi slave","datePublished":"2021-07-25T15:33:11+00:00","dateModified":"2021-07-25T15:33:12+00:00","mainEntityOfPage":{"@id":"https:\/\/radioljubuski.ba\/index.php\/2021\/07\/25\/stanivukovic-u-mostaru-srbi-su-4-kolovoza-dozivjeli-egzodus-i-stradanje-taj-dogadaj-neki-drugi-slave\/"},"wordCount":657,"publisher":{"@id":"https:\/\/radioljubuski.ba\/#organization"},"image":{"@id":"https:\/\/radioljubuski.ba\/index.php\/2021\/07\/25\/stanivukovic-u-mostaru-srbi-su-4-kolovoza-dozivjeli-egzodus-i-stradanje-taj-dogadaj-neki-drugi-slave\/#primaryimage"},"thumbnailUrl":"https:\/\/radioljubuski.ba\/wp-content\/uploads\/2021\/07\/IMG-b9bd298c592a0a5517e3592d495595ae-V-1068x712-1.jpg","articleSection":["BIH i regija"],"inLanguage":"hr"},{"@type":"WebPage","@id":"https:\/\/radioljubuski.ba\/index.php\/2021\/07\/25\/stanivukovic-u-mostaru-srbi-su-4-kolovoza-dozivjeli-egzodus-i-stradanje-taj-dogadaj-neki-drugi-slave\/","url":"https:\/\/radioljubuski.ba\/index.php\/2021\/07\/25\/stanivukovic-u-mostaru-srbi-su-4-kolovoza-dozivjeli-egzodus-i-stradanje-taj-dogadaj-neki-drugi-slave\/","name":"Stanivukovi\u0107 u Mostaru: Srbi su 4. kolovoza do\u017eivjeli egzodus i stradanje, taj doga\u0111aj neki drugi slave - RADIO LJUBU\u0160KI","isPartOf":{"@id":"https:\/\/radioljubuski.ba\/#website"},"primaryImageOfPage":{"@id":"https:\/\/radioljubuski.ba\/index.php\/2021\/07\/25\/stanivukovic-u-mostaru-srbi-su-4-kolovoza-dozivjeli-egzodus-i-stradanje-taj-dogadaj-neki-drugi-slave\/#primaryimage"},"image":{"@id":"https:\/\/radioljubuski.ba\/index.php\/2021\/07\/25\/stanivukovic-u-mostaru-srbi-su-4-kolovoza-dozivjeli-egzodus-i-stradanje-taj-dogadaj-neki-drugi-slave\/#primaryimage"},"thumbnailUrl":"https:\/\/radioljubuski.ba\/wp-content\/uploads\/2021\/07\/IMG-b9bd298c592a0a5517e3592d495595ae-V-1068x712-1.jpg","datePublished":"2021-07-25T15:33:11+00:00","dateModified":"2021-07-25T15:33:12+00:00","breadcrumb":{"@id":"https:\/\/radioljubuski.ba\/index.php\/2021\/07\/25\/stanivukovic-u-mostaru-srbi-su-4-kolovoza-dozivjeli-egzodus-i-stradanje-taj-dogadaj-neki-drugi-slave\/#breadcrumb"},"inLanguage":"hr","potentialAction":[{"@type":"ReadAction","target":["https:\/\/radioljubuski.ba\/index.php\/2021\/07\/25\/stanivukovic-u-mostaru-srbi-su-4-kolovoza-dozivjeli-egzodus-i-stradanje-taj-dogadaj-neki-drugi-slave\/"]}]},{"@type":"ImageObject","inLanguage":"hr","@id":"https:\/\/radioljubuski.ba\/index.php\/2021\/07\/25\/stanivukovic-u-mostaru-srbi-su-4-kolovoza-dozivjeli-egzodus-i-stradanje-taj-dogadaj-neki-drugi-slave\/#primaryimage","url":"https:\/\/radioljubuski.ba\/wp-content\/uploads\/2021\/07\/IMG-b9bd298c592a0a5517e3592d495595ae-V-1068x712-1.jpg","contentUrl":"https:\/\/radioljubuski.ba\/wp-content\/uploads\/2021\/07\/IMG-b9bd298c592a0a5517e3592d495595ae-V-1068x712-1.jpg","width":1068,"height":712},{"@type":"BreadcrumbList","@id":"https:\/\/radioljubuski.ba\/index.php\/2021\/07\/25\/stanivukovic-u-mostaru-srbi-su-4-kolovoza-dozivjeli-egzodus-i-stradanje-taj-dogadaj-neki-drugi-slave\/#breadcrumb","itemListElement":[{"@type":"ListItem","position":1,"name":"Po\u010detna stranica","item":"https:\/\/radioljubuski.ba\/"},{"@type":"ListItem","position":2,"name":"Stanivukovi\u0107 u Mostaru: Srbi su 4. kolovoza do\u017eivjeli egzodus i stradanje, taj doga\u0111aj neki drugi slave"}]},{"@type":"WebSite","@id":"https:\/\/radioljubuski.ba\/#website","url":"https:\/\/radioljubuski.ba\/","name":"Radio Ljubu\u0161ki","description":"Sun\u010dana frekvencija Hercegovine","publisher":{"@id":"https:\/\/radioljubuski.ba\/#organization"},"potentialAction":[{"@type":"SearchAction","target":{"@type":"EntryPoint","urlTemplate":"https:\/\/radioljubuski.ba\/?s={search_term_string}"},"query-input":{"@type":"PropertyValueSpecification","valueRequired":true,"valueName":"search_term_string"}}],"inLanguage":"hr"},{"@type":"Organization","@id":"https:\/\/radioljubuski.ba\/#organization","name":"Radio Ljubu\u0161ki","url":"https:\/\/radioljubuski.ba\/","logo":{"@type":"ImageObject","inLanguage":"hr","@id":"https:\/\/radioljubuski.ba\/#\/schema\/logo\/image\/","url":"https:\/\/radioljubuski.ba\/wp-content\/uploads\/2021\/02\/cropped-Radio_Ljubuski_logo1.jpg","contentUrl":"https:\/\/radioljubuski.ba\/wp-content\/uploads\/2021\/02\/cropped-Radio_Ljubuski_logo1.jpg","width":512,"height":512,"caption":"Radio Ljubu\u0161ki"},"image":{"@id":"https:\/\/radioljubuski.ba\/#\/schema\/logo\/image\/"},"sameAs":["https:\/\/www.facebook.com\/Radiio-Ljubuski-1490835324566332","https:\/\/x.com\/radioljubuski","https:\/\/hr.linkedin.com\/company\/radio-ljubuski","https:\/\/www.youtube.com\/channel\/UCHYaeO_n0Db3tjNGudGpXyw"]},{"@type":"Person","@id":"https:\/\/radioljubuski.ba\/#\/schema\/person\/19fc700381a780f69665d7956c469e3b","name":"Radio Ljubu\u0161ki"}]}},"_links":{"self":[{"href":"https:\/\/radioljubuski.ba\/index.php\/wp-json\/wp\/v2\/posts\/46373","targetHints":{"allow":["GET"]}}],"collection":[{"href":"https:\/\/radioljubuski.ba\/index.php\/wp-json\/wp\/v2\/posts"}],"about":[{"href":"https:\/\/radioljubuski.ba\/index.php\/wp-json\/wp\/v2\/types\/post"}],"author":[{"embeddable":true,"href":"https:\/\/radioljubuski.ba\/index.php\/wp-json\/wp\/v2\/users\/2"}],"replies":[{"embeddable":true,"href":"https:\/\/radioljubuski.ba\/index.php\/wp-json\/wp\/v2\/comments?post=46373"}],"version-history":[{"count":1,"href":"https:\/\/radioljubuski.ba\/index.php\/wp-json\/wp\/v2\/posts\/46373\/revisions"}],"predecessor-version":[{"id":46375,"href":"https:\/\/radioljubuski.ba\/index.php\/wp-json\/wp\/v2\/posts\/46373\/revisions\/46375"}],"wp:featuredmedia":[{"embeddable":true,"href":"https:\/\/radioljubuski.ba\/index.php\/wp-json\/wp\/v2\/media\/46374"}],"wp:attachment":[{"href":"https:\/\/radioljubuski.ba\/index.php\/wp-json\/wp\/v2\/media?parent=46373"}],"wp:term":[{"taxonomy":"category","embeddable":true,"href":"https:\/\/radioljubuski.ba\/index.php\/wp-json\/wp\/v2\/categories?post=46373"},{"taxonomy":"post_tag","embeddable":true,"href":"https:\/\/radioljubuski.ba\/index.php\/wp-json\/wp\/v2\/tags?post=46373"}],"curies":[{"name":"wp","href":"https:\/\/api.w.org\/{rel}","templated":true}]}}