{"id":4639,"date":"2021-03-18T10:20:12","date_gmt":"2021-03-18T09:20:12","guid":{"rendered":"https:\/\/radioljubuski.ba\/?p=4639"},"modified":"2021-03-18T10:20:12","modified_gmt":"2021-03-18T09:20:12","slug":"saudijci-zapoceli-s-magaprojektom-usred-bih-nicu-luksuzne-vile-i-stanovi","status":"publish","type":"post","link":"https:\/\/radioljubuski.ba\/index.php\/2021\/03\/18\/saudijci-zapoceli-s-magaprojektom-usred-bih-nicu-luksuzne-vile-i-stanovi\/","title":{"rendered":"Saudijci zapo\u010deli s magaprojektom: Usred BiH ni\u010du luksuzne vile i stanovi"},"content":{"rendered":"\n<h5 class=\"wp-block-heading\">Dar Al Arkan, vode\u0107a kompanija za razvoj nekretnina u Saudijskoj Arabiji, po\u010dela je prodaju nekretnina u okviru svog 500 milijuna saudijskih reala (preko 218 miliona KM) vrijednog projekta izgradnje luksuznih ku\u0107a i stanova za odmor u Bosni i Hercegovini.<\/h5>\n\n\n\n<p>Kako navodi ova kompanija, projekt nudi<strong>&nbsp;priliku za posjedovanje jo\u0161 jednog doma<\/strong>&nbsp;u uto\u010di\u0161tu mira i ti\u0161ine u srcu Europe na lokaciji koja postaje jedna od najpo\u017eeljnijih destinacija za ulaganja i odmore, pi\u0161e&nbsp;<a href=\"https:\/\/www.biznisinfo.ba\/kako-ce-izgledati-megaprojekat-saudijskih-investitora-u-bih\/\">BiznisInfo.ba.<\/a><\/p>\n\n\n\n<p>Potencijalni kupci bit \u0107e pozvani odabrati<strong>&nbsp;omiljeno mjesto i svoj model vile<\/strong>&nbsp;iz niza opcija.<\/p>\n\n\n\n<p><strong>Nazvan Sidra<\/strong>, \u0161to zna\u010di&nbsp;<strong>\u201c\u017eivot me\u0111u \u0161umama\u201d<\/strong>, projekt od 500.000 m2 bit \u0107e okru\u017een&nbsp;<strong>s 20.000 autohtonih stabala<\/strong>&nbsp;i najve\u0107i je pojedina\u010dni projekt nekretnina u Bosni i Hercegovini.<\/p>\n\n\n\n<h4 class=\"wp-block-heading\">Rok za radove 36 mjeseci<\/h4>\n\n\n\n<p>Nudit \u0107e&nbsp;<strong>zatvorenu zajednicu vila<\/strong>&nbsp;visokih specifikacija dizajniranih za moderan \u017eivot, u podru\u010dju klasificiranom kao jedno od najzdravijih i naj\u010di\u0161\u0107ih na Balkanu.<\/p>\n\n\n\n<p>Radovi na lokaciji&nbsp;<strong>po\u010dinju ovog ljeta,<\/strong>&nbsp;a zavr\u0161etak je planiran u roku od 36 mjeseci.<\/p>\n\n\n\n<p><strong>Yousef Bin Abdullah Al Shalash<\/strong>, predsjedavaju\u0107i Dar Al Arkana rekao je ranije kako su ponosni \u0161to saudijski brendovi mogu rasti i u inozemstvu i efikasno se natjecati te \u0161iriti ime Saudijske Arabije.<\/p>\n\n\n\n<p><em>Nakon pokretanja na\u0161eg projekta u Dubaiju, sada se \u0161irimo u BiH koji&nbsp;<strong>predstavlja zlatnu priliku za kupovinu vrhunske nekretnine<\/strong>&nbsp;u vrlo po\u017eeljnoj europskoj destinaciji i vjerujemo da \u0107e privu\u0107i bosanske, saudijske i me\u0111unarodne investitore. Drago nam je \u0161to sura\u0111ujemo s lokalnim bosanskim arhitektima, savjetnicima i izvo\u0111a\u010dima na ovom projektu. Tako\u0111e<strong>r pozdravljam brzu vladinu dodjelu dozvola<\/strong>&nbsp;za po\u010detak projekta, \u0161to tako\u0111er pokazuje \u017eelju BiH da privu\u010de strane investitore<\/em>, kazao je on.<img loading=\"lazy\" decoding=\"async\" src=\"https:\/\/www.jabuka.tv\/wp-content\/uploads\/2021\/03\/sidra-vares-dar-al-arkan-5.jpg\" alt=\"\" width=\"810\" height=\"503\" srcset=\"https:\/\/www.jabuka.tv\/wp-content\/uploads\/2021\/03\/sidra-vares-dar-al-arkan-5.jpg 810w, https:\/\/www.jabuka.tv\/wp-content\/uploads\/2021\/03\/sidra-vares-dar-al-arkan-5-300x186.jpg 300w, https:\/\/www.jabuka.tv\/wp-content\/uploads\/2021\/03\/sidra-vares-dar-al-arkan-5-768x477.jpg 768w\"><\/p>\n\n\n\n<p id=\"caption-attachment-462990\">Projekt \u201cSidra\u201d \u2013 Dar Al Arkan<\/p>\n\n\n\n<p><strong>Emir Ferovi\u0107<\/strong>, direktor operacija kompanije Real Engineering &amp; Consulting koja rukovodi dizajnom i realizacijom projekta kazao je kako je Bosna&nbsp;<strong>kulturalna destinacija koja kombinira povijest<\/strong>,<strong>&nbsp;mediteransku klimu i zadivljuju\u0107e prirodno okru\u017eenje<\/strong>&nbsp;s izvrsnim vezama s ostatkom Europe.<\/p>\n\n\n\n<p><em>Popularnost ove destinacije brzo raste, a ovaj projekt pru\u017ea<strong>&nbsp;priliku za savr\u0161eno ulaganje<\/strong>&nbsp;za one koji \u017eele biti dio luksuznog turisti\u010dkog i ugostiteljskog sektora u zemlji<\/em>, kazao je Ferovi\u0107.<\/p>\n\n\n\n<p>Dodao je \u201cSidra \u0107e biti&nbsp;<strong>prekrasno uto\u010di\u0161te<\/strong>&nbsp;za one koji se \u017eele opustiti u privatnoj zajednici zatvorenih vrata okru\u017eeni luksuznim objektima i uslugama\u201d.<\/p>\n\n\n\n<p>Projekt \u0107e uklju\u010divati&nbsp;<strong>suvremene vile inspirirane lokalnom arhitekturom<\/strong>&nbsp;i odlikovat \u0107e se modernim interijerima koji se skladno stapaju sa spektakularnim pogledom.<\/p>\n\n\n\n<p>Sadr\u017eaji na lokaciji uklju\u010duju sustav zatvorenih vila, kafi\u0107, supermarket, teretanu, spa centar, de\u010dije igrali\u0161te i<strong>&nbsp;butik hotel sa 5 zvjezdica.<\/strong><\/p>\n\n\n\n<p>Ina\u010de, Dar Al Arkan<strong>&nbsp;osnovalo je 1994. \u0161est istaknutih poslovnih obitelji<\/strong>, a rije\u010d je saudijskom dioni\u010dkom dru\u0161tvu sa sjedi\u0161tem u Rijadu. Firma je, kako se navodi, aktivna u izgradnji nekretnina u Saudijskoj Arabiji, s projektima u cijeloj zemlji i u UAE-u. Ima&nbsp;<strong>me\u0111unarodne urede u Dubaiju<\/strong>, Londonu i BiH.<\/p>\n\n\n\n<p>Projekt u Bosni i Hercegovini njihov je<strong>&nbsp;prvi takav iskorak<\/strong>&nbsp;na europsko tlo.<\/p>\n\n\n\n<h4 class=\"wp-block-heading\">Ve\u0107 registrirali dvije tvrtke u BiH<\/h4>\n\n\n\n<p>Ranije je iza\u0161lo u javnost da je ova kompanije&nbsp;<strong>registrirala dvije tvrtke u BiH<\/strong>, kupila zemlji\u0161te u Vare\u0161u te pokrenula proceduru dobivanja dozvola od tamo\u0161njih lokalnih vlasni.<\/p>\n\n\n\n<p>Rije\u010d je o kompanijam<strong>a Prima Real Estate d.o.o. Sarajevo i Luxury Real Estate d.o.o.<\/strong>&nbsp;koje planiraju graditi veliko naselje s vi\u0161e stotina objekata u Op\u0107ini Vare\u0161, na samoj granici sa \u017dupanijom Sarajevo.<img loading=\"lazy\" decoding=\"async\" src=\"https:\/\/www.jabuka.tv\/wp-content\/uploads\/2021\/03\/sidra-vares-dar-al-arkan-1.jpg\" alt=\"\" width=\"810\" height=\"503\" srcset=\"https:\/\/www.jabuka.tv\/wp-content\/uploads\/2021\/03\/sidra-vares-dar-al-arkan-1.jpg 810w, https:\/\/www.jabuka.tv\/wp-content\/uploads\/2021\/03\/sidra-vares-dar-al-arkan-1-300x186.jpg 300w, https:\/\/www.jabuka.tv\/wp-content\/uploads\/2021\/03\/sidra-vares-dar-al-arkan-1-768x477.jpg 768w\"><\/p>\n\n\n\n<p id=\"caption-attachment-462986\">Projekt \u201cSidra\u201d \u2013 Dar Al Arkan<\/p>\n\n\n\n<p>Ovo je<strong>&nbsp;jedan od<\/strong>&nbsp;<strong>najambicioznijih projekata ove vrste u BiH<\/strong>, prakti\u010dno grad u gradu, navodi BiznisInfo.ba.<\/p>\n\n\n\n<p>Op\u0107insko vije\u0107e Vare\u0161 je&nbsp;<strong>30. srpnja 2020.<\/strong>&nbsp;donijelo zaklju\u010dak o prihvatanju Nacrta Regulacijskog plana&nbsp;<strong>\u201cToljenak 1\u201d i Nacrta Odluke o provo\u0111enju Regulacionog plana \u201cToljenak 1\u201d.<\/strong><\/p>\n\n\n\n<p>Obuhvat prostora Nacrta Regulacijskog plana \u201cToljenak 1\u201d&nbsp;<strong>iznosi 54 hektara u vlasni\u0161tvu tvrtki \u201c<\/strong>Prima Real Estate d.o.o.\u201d Sarajevo i \u201cLuxury Real Estate d.o.o.\u201d Sarajevo. Vlasnik kompanija \u201cPrima Real Estate d.o.o.\u201d i \u201cLuxury Real Estate d.o.o.\u201d je upravo kompanija \u201c<strong>Dar Al Arkan Property Development L.L.C.\u201d iz Dubaija.<\/strong><\/p>\n\n\n\n<p><strong>Izvor: Jabuka.tv<\/strong><\/p>\n","protected":false},"excerpt":{"rendered":"<p>Dar Al Arkan, vode\u0107a kompanija za razvoj nekretnina u Saudijskoj Arabiji, po\u010dela je prodaju nekretnina u okviru svog 500 milijuna saudijskih reala (preko 218 miliona KM) vrijednog projekta izgradnje luksuznih ku\u0107a i stanova za odmor u Bosni i Hercegovini. Kako navodi ova kompanija, projekt nudi&nbsp;priliku za posjedovanje jo\u0161 jednog doma&nbsp;u uto\u010di\u0161tu mira i ti\u0161ine u [&hellip;]<\/p>\n","protected":false},"author":2,"featured_media":4640,"comment_status":"closed","ping_status":"closed","sticky":false,"template":"","format":"standard","meta":{"h5ap_radio_sources":[],"footnotes":""},"categories":[1],"tags":[],"class_list":["post-4639","post","type-post","status-publish","format-standard","has-post-thumbnail","hentry","category-bihiregija"],"yoast_head":"<!-- This site is optimized with the Yoast SEO plugin v27.5 - https:\/\/yoast.com\/product\/yoast-seo-wordpress\/ -->\n<title>Saudijci zapo\u010deli s magaprojektom: Usred BiH ni\u010du luksuzne vile i stanovi - RADIO LJUBU\u0160KI<\/title>\n<meta name=\"robots\" content=\"index, follow, max-snippet:-1, max-image-preview:large, max-video-preview:-1\" \/>\n<link rel=\"canonical\" href=\"https:\/\/radioljubuski.ba\/index.php\/2021\/03\/18\/saudijci-zapoceli-s-magaprojektom-usred-bih-nicu-luksuzne-vile-i-stanovi\/\" \/>\n<meta property=\"og:locale\" content=\"hr_HR\" \/>\n<meta property=\"og:type\" content=\"article\" \/>\n<meta property=\"og:title\" content=\"Saudijci zapo\u010deli s magaprojektom: Usred BiH ni\u010du luksuzne vile i stanovi - RADIO LJUBU\u0160KI\" \/>\n<meta property=\"og:description\" content=\"Dar Al Arkan, vode\u0107a kompanija za razvoj nekretnina u Saudijskoj Arabiji, po\u010dela je prodaju nekretnina u okviru svog 500 milijuna saudijskih reala (preko 218 miliona KM) vrijednog projekta izgradnje luksuznih ku\u0107a i stanova za odmor u Bosni i Hercegovini. Kako navodi ova kompanija, projekt nudi&nbsp;priliku za posjedovanje jo\u0161 jednog doma&nbsp;u uto\u010di\u0161tu mira i ti\u0161ine u [&hellip;]\" \/>\n<meta property=\"og:url\" content=\"https:\/\/radioljubuski.ba\/index.php\/2021\/03\/18\/saudijci-zapoceli-s-magaprojektom-usred-bih-nicu-luksuzne-vile-i-stanovi\/\" \/>\n<meta property=\"og:site_name\" content=\"RADIO LJUBU\u0160KI\" \/>\n<meta property=\"article:publisher\" content=\"https:\/\/www.facebook.com\/Radiio-Ljubuski-1490835324566332\" \/>\n<meta property=\"article:published_time\" content=\"2021-03-18T09:20:12+00:00\" \/>\n<meta property=\"og:image\" content=\"https:\/\/radioljubuski.ba\/wp-content\/uploads\/2021\/03\/megaprojekt.jpg\" \/>\n\t<meta property=\"og:image:width\" content=\"810\" \/>\n\t<meta property=\"og:image:height\" content=\"464\" \/>\n\t<meta property=\"og:image:type\" content=\"image\/jpeg\" \/>\n<meta name=\"author\" content=\"Radio Ljubu\u0161ki\" \/>\n<meta name=\"twitter:card\" content=\"summary_large_image\" \/>\n<meta name=\"twitter:creator\" content=\"@radioljubuski\" \/>\n<meta name=\"twitter:site\" content=\"@radioljubuski\" \/>\n<meta name=\"twitter:label1\" content=\"Napisao\/la\" \/>\n\t<meta name=\"twitter:data1\" content=\"Radio Ljubu\u0161ki\" \/>\n\t<meta name=\"twitter:label2\" content=\"Procijenjeno vrijeme \u010ditanja\" \/>\n\t<meta name=\"twitter:data2\" content=\"4 minute\" \/>\n<script type=\"application\/ld+json\" class=\"yoast-schema-graph\">{\"@context\":\"https:\\\/\\\/schema.org\",\"@graph\":[{\"@type\":\"Article\",\"@id\":\"https:\\\/\\\/radioljubuski.ba\\\/index.php\\\/2021\\\/03\\\/18\\\/saudijci-zapoceli-s-magaprojektom-usred-bih-nicu-luksuzne-vile-i-stanovi\\\/#article\",\"isPartOf\":{\"@id\":\"https:\\\/\\\/radioljubuski.ba\\\/index.php\\\/2021\\\/03\\\/18\\\/saudijci-zapoceli-s-magaprojektom-usred-bih-nicu-luksuzne-vile-i-stanovi\\\/\"},\"author\":{\"name\":\"Radio Ljubu\u0161ki\",\"@id\":\"https:\\\/\\\/radioljubuski.ba\\\/#\\\/schema\\\/person\\\/19fc700381a780f69665d7956c469e3b\"},\"headline\":\"Saudijci zapo\u010deli s magaprojektom: Usred BiH ni\u010du luksuzne vile i stanovi\",\"datePublished\":\"2021-03-18T09:20:12+00:00\",\"mainEntityOfPage\":{\"@id\":\"https:\\\/\\\/radioljubuski.ba\\\/index.php\\\/2021\\\/03\\\/18\\\/saudijci-zapoceli-s-magaprojektom-usred-bih-nicu-luksuzne-vile-i-stanovi\\\/\"},\"wordCount\":729,\"publisher\":{\"@id\":\"https:\\\/\\\/radioljubuski.ba\\\/#organization\"},\"image\":{\"@id\":\"https:\\\/\\\/radioljubuski.ba\\\/index.php\\\/2021\\\/03\\\/18\\\/saudijci-zapoceli-s-magaprojektom-usred-bih-nicu-luksuzne-vile-i-stanovi\\\/#primaryimage\"},\"thumbnailUrl\":\"https:\\\/\\\/radioljubuski.ba\\\/wp-content\\\/uploads\\\/2021\\\/03\\\/megaprojekt.jpg\",\"articleSection\":[\"BIH i regija\"],\"inLanguage\":\"hr\"},{\"@type\":\"WebPage\",\"@id\":\"https:\\\/\\\/radioljubuski.ba\\\/index.php\\\/2021\\\/03\\\/18\\\/saudijci-zapoceli-s-magaprojektom-usred-bih-nicu-luksuzne-vile-i-stanovi\\\/\",\"url\":\"https:\\\/\\\/radioljubuski.ba\\\/index.php\\\/2021\\\/03\\\/18\\\/saudijci-zapoceli-s-magaprojektom-usred-bih-nicu-luksuzne-vile-i-stanovi\\\/\",\"name\":\"Saudijci zapo\u010deli s magaprojektom: Usred BiH ni\u010du luksuzne vile i stanovi - RADIO LJUBU\u0160KI\",\"isPartOf\":{\"@id\":\"https:\\\/\\\/radioljubuski.ba\\\/#website\"},\"primaryImageOfPage\":{\"@id\":\"https:\\\/\\\/radioljubuski.ba\\\/index.php\\\/2021\\\/03\\\/18\\\/saudijci-zapoceli-s-magaprojektom-usred-bih-nicu-luksuzne-vile-i-stanovi\\\/#primaryimage\"},\"image\":{\"@id\":\"https:\\\/\\\/radioljubuski.ba\\\/index.php\\\/2021\\\/03\\\/18\\\/saudijci-zapoceli-s-magaprojektom-usred-bih-nicu-luksuzne-vile-i-stanovi\\\/#primaryimage\"},\"thumbnailUrl\":\"https:\\\/\\\/radioljubuski.ba\\\/wp-content\\\/uploads\\\/2021\\\/03\\\/megaprojekt.jpg\",\"datePublished\":\"2021-03-18T09:20:12+00:00\",\"breadcrumb\":{\"@id\":\"https:\\\/\\\/radioljubuski.ba\\\/index.php\\\/2021\\\/03\\\/18\\\/saudijci-zapoceli-s-magaprojektom-usred-bih-nicu-luksuzne-vile-i-stanovi\\\/#breadcrumb\"},\"inLanguage\":\"hr\",\"potentialAction\":[{\"@type\":\"ReadAction\",\"target\":[\"https:\\\/\\\/radioljubuski.ba\\\/index.php\\\/2021\\\/03\\\/18\\\/saudijci-zapoceli-s-magaprojektom-usred-bih-nicu-luksuzne-vile-i-stanovi\\\/\"]}]},{\"@type\":\"ImageObject\",\"inLanguage\":\"hr\",\"@id\":\"https:\\\/\\\/radioljubuski.ba\\\/index.php\\\/2021\\\/03\\\/18\\\/saudijci-zapoceli-s-magaprojektom-usred-bih-nicu-luksuzne-vile-i-stanovi\\\/#primaryimage\",\"url\":\"https:\\\/\\\/radioljubuski.ba\\\/wp-content\\\/uploads\\\/2021\\\/03\\\/megaprojekt.jpg\",\"contentUrl\":\"https:\\\/\\\/radioljubuski.ba\\\/wp-content\\\/uploads\\\/2021\\\/03\\\/megaprojekt.jpg\",\"width\":810,\"height\":464,\"caption\":\"Sidra Dar Al Arkan project - Bosnia\"},{\"@type\":\"BreadcrumbList\",\"@id\":\"https:\\\/\\\/radioljubuski.ba\\\/index.php\\\/2021\\\/03\\\/18\\\/saudijci-zapoceli-s-magaprojektom-usred-bih-nicu-luksuzne-vile-i-stanovi\\\/#breadcrumb\",\"itemListElement\":[{\"@type\":\"ListItem\",\"position\":1,\"name\":\"Po\u010detna stranica\",\"item\":\"https:\\\/\\\/radioljubuski.ba\\\/\"},{\"@type\":\"ListItem\",\"position\":2,\"name\":\"Saudijci zapo\u010deli s magaprojektom: Usred BiH ni\u010du luksuzne vile i stanovi\"}]},{\"@type\":\"WebSite\",\"@id\":\"https:\\\/\\\/radioljubuski.ba\\\/#website\",\"url\":\"https:\\\/\\\/radioljubuski.ba\\\/\",\"name\":\"Radio Ljubu\u0161ki\",\"description\":\"Sun\u010dana frekvencija Hercegovine\",\"publisher\":{\"@id\":\"https:\\\/\\\/radioljubuski.ba\\\/#organization\"},\"potentialAction\":[{\"@type\":\"SearchAction\",\"target\":{\"@type\":\"EntryPoint\",\"urlTemplate\":\"https:\\\/\\\/radioljubuski.ba\\\/?s={search_term_string}\"},\"query-input\":{\"@type\":\"PropertyValueSpecification\",\"valueRequired\":true,\"valueName\":\"search_term_string\"}}],\"inLanguage\":\"hr\"},{\"@type\":\"Organization\",\"@id\":\"https:\\\/\\\/radioljubuski.ba\\\/#organization\",\"name\":\"Radio Ljubu\u0161ki\",\"url\":\"https:\\\/\\\/radioljubuski.ba\\\/\",\"logo\":{\"@type\":\"ImageObject\",\"inLanguage\":\"hr\",\"@id\":\"https:\\\/\\\/radioljubuski.ba\\\/#\\\/schema\\\/logo\\\/image\\\/\",\"url\":\"https:\\\/\\\/radioljubuski.ba\\\/wp-content\\\/uploads\\\/2021\\\/02\\\/cropped-Radio_Ljubuski_logo1.jpg\",\"contentUrl\":\"https:\\\/\\\/radioljubuski.ba\\\/wp-content\\\/uploads\\\/2021\\\/02\\\/cropped-Radio_Ljubuski_logo1.jpg\",\"width\":512,\"height\":512,\"caption\":\"Radio Ljubu\u0161ki\"},\"image\":{\"@id\":\"https:\\\/\\\/radioljubuski.ba\\\/#\\\/schema\\\/logo\\\/image\\\/\"},\"sameAs\":[\"https:\\\/\\\/www.facebook.com\\\/Radiio-Ljubuski-1490835324566332\",\"https:\\\/\\\/x.com\\\/radioljubuski\",\"https:\\\/\\\/hr.linkedin.com\\\/company\\\/radio-ljubuski\",\"https:\\\/\\\/www.youtube.com\\\/channel\\\/UCHYaeO_n0Db3tjNGudGpXyw\"]},{\"@type\":\"Person\",\"@id\":\"https:\\\/\\\/radioljubuski.ba\\\/#\\\/schema\\\/person\\\/19fc700381a780f69665d7956c469e3b\",\"name\":\"Radio Ljubu\u0161ki\"}]}<\/script>\n<!-- \/ Yoast SEO plugin. -->","yoast_head_json":{"title":"Saudijci zapo\u010deli s magaprojektom: Usred BiH ni\u010du luksuzne vile i stanovi - RADIO LJUBU\u0160KI","robots":{"index":"index","follow":"follow","max-snippet":"max-snippet:-1","max-image-preview":"max-image-preview:large","max-video-preview":"max-video-preview:-1"},"canonical":"https:\/\/radioljubuski.ba\/index.php\/2021\/03\/18\/saudijci-zapoceli-s-magaprojektom-usred-bih-nicu-luksuzne-vile-i-stanovi\/","og_locale":"hr_HR","og_type":"article","og_title":"Saudijci zapo\u010deli s magaprojektom: Usred BiH ni\u010du luksuzne vile i stanovi - RADIO LJUBU\u0160KI","og_description":"Dar Al Arkan, vode\u0107a kompanija za razvoj nekretnina u Saudijskoj Arabiji, po\u010dela je prodaju nekretnina u okviru svog 500 milijuna saudijskih reala (preko 218 miliona KM) vrijednog projekta izgradnje luksuznih ku\u0107a i stanova za odmor u Bosni i Hercegovini. Kako navodi ova kompanija, projekt nudi&nbsp;priliku za posjedovanje jo\u0161 jednog doma&nbsp;u uto\u010di\u0161tu mira i ti\u0161ine u [&hellip;]","og_url":"https:\/\/radioljubuski.ba\/index.php\/2021\/03\/18\/saudijci-zapoceli-s-magaprojektom-usred-bih-nicu-luksuzne-vile-i-stanovi\/","og_site_name":"RADIO LJUBU\u0160KI","article_publisher":"https:\/\/www.facebook.com\/Radiio-Ljubuski-1490835324566332","article_published_time":"2021-03-18T09:20:12+00:00","og_image":[{"width":810,"height":464,"url":"https:\/\/radioljubuski.ba\/wp-content\/uploads\/2021\/03\/megaprojekt.jpg","type":"image\/jpeg"}],"author":"Radio Ljubu\u0161ki","twitter_card":"summary_large_image","twitter_creator":"@radioljubuski","twitter_site":"@radioljubuski","twitter_misc":{"Napisao\/la":"Radio Ljubu\u0161ki","Procijenjeno vrijeme \u010ditanja":"4 minute"},"schema":{"@context":"https:\/\/schema.org","@graph":[{"@type":"Article","@id":"https:\/\/radioljubuski.ba\/index.php\/2021\/03\/18\/saudijci-zapoceli-s-magaprojektom-usred-bih-nicu-luksuzne-vile-i-stanovi\/#article","isPartOf":{"@id":"https:\/\/radioljubuski.ba\/index.php\/2021\/03\/18\/saudijci-zapoceli-s-magaprojektom-usred-bih-nicu-luksuzne-vile-i-stanovi\/"},"author":{"name":"Radio Ljubu\u0161ki","@id":"https:\/\/radioljubuski.ba\/#\/schema\/person\/19fc700381a780f69665d7956c469e3b"},"headline":"Saudijci zapo\u010deli s magaprojektom: Usred BiH ni\u010du luksuzne vile i stanovi","datePublished":"2021-03-18T09:20:12+00:00","mainEntityOfPage":{"@id":"https:\/\/radioljubuski.ba\/index.php\/2021\/03\/18\/saudijci-zapoceli-s-magaprojektom-usred-bih-nicu-luksuzne-vile-i-stanovi\/"},"wordCount":729,"publisher":{"@id":"https:\/\/radioljubuski.ba\/#organization"},"image":{"@id":"https:\/\/radioljubuski.ba\/index.php\/2021\/03\/18\/saudijci-zapoceli-s-magaprojektom-usred-bih-nicu-luksuzne-vile-i-stanovi\/#primaryimage"},"thumbnailUrl":"https:\/\/radioljubuski.ba\/wp-content\/uploads\/2021\/03\/megaprojekt.jpg","articleSection":["BIH i regija"],"inLanguage":"hr"},{"@type":"WebPage","@id":"https:\/\/radioljubuski.ba\/index.php\/2021\/03\/18\/saudijci-zapoceli-s-magaprojektom-usred-bih-nicu-luksuzne-vile-i-stanovi\/","url":"https:\/\/radioljubuski.ba\/index.php\/2021\/03\/18\/saudijci-zapoceli-s-magaprojektom-usred-bih-nicu-luksuzne-vile-i-stanovi\/","name":"Saudijci zapo\u010deli s magaprojektom: Usred BiH ni\u010du luksuzne vile i stanovi - RADIO LJUBU\u0160KI","isPartOf":{"@id":"https:\/\/radioljubuski.ba\/#website"},"primaryImageOfPage":{"@id":"https:\/\/radioljubuski.ba\/index.php\/2021\/03\/18\/saudijci-zapoceli-s-magaprojektom-usred-bih-nicu-luksuzne-vile-i-stanovi\/#primaryimage"},"image":{"@id":"https:\/\/radioljubuski.ba\/index.php\/2021\/03\/18\/saudijci-zapoceli-s-magaprojektom-usred-bih-nicu-luksuzne-vile-i-stanovi\/#primaryimage"},"thumbnailUrl":"https:\/\/radioljubuski.ba\/wp-content\/uploads\/2021\/03\/megaprojekt.jpg","datePublished":"2021-03-18T09:20:12+00:00","breadcrumb":{"@id":"https:\/\/radioljubuski.ba\/index.php\/2021\/03\/18\/saudijci-zapoceli-s-magaprojektom-usred-bih-nicu-luksuzne-vile-i-stanovi\/#breadcrumb"},"inLanguage":"hr","potentialAction":[{"@type":"ReadAction","target":["https:\/\/radioljubuski.ba\/index.php\/2021\/03\/18\/saudijci-zapoceli-s-magaprojektom-usred-bih-nicu-luksuzne-vile-i-stanovi\/"]}]},{"@type":"ImageObject","inLanguage":"hr","@id":"https:\/\/radioljubuski.ba\/index.php\/2021\/03\/18\/saudijci-zapoceli-s-magaprojektom-usred-bih-nicu-luksuzne-vile-i-stanovi\/#primaryimage","url":"https:\/\/radioljubuski.ba\/wp-content\/uploads\/2021\/03\/megaprojekt.jpg","contentUrl":"https:\/\/radioljubuski.ba\/wp-content\/uploads\/2021\/03\/megaprojekt.jpg","width":810,"height":464,"caption":"Sidra Dar Al Arkan project - Bosnia"},{"@type":"BreadcrumbList","@id":"https:\/\/radioljubuski.ba\/index.php\/2021\/03\/18\/saudijci-zapoceli-s-magaprojektom-usred-bih-nicu-luksuzne-vile-i-stanovi\/#breadcrumb","itemListElement":[{"@type":"ListItem","position":1,"name":"Po\u010detna stranica","item":"https:\/\/radioljubuski.ba\/"},{"@type":"ListItem","position":2,"name":"Saudijci zapo\u010deli s magaprojektom: Usred BiH ni\u010du luksuzne vile i stanovi"}]},{"@type":"WebSite","@id":"https:\/\/radioljubuski.ba\/#website","url":"https:\/\/radioljubuski.ba\/","name":"Radio Ljubu\u0161ki","description":"Sun\u010dana frekvencija Hercegovine","publisher":{"@id":"https:\/\/radioljubuski.ba\/#organization"},"potentialAction":[{"@type":"SearchAction","target":{"@type":"EntryPoint","urlTemplate":"https:\/\/radioljubuski.ba\/?s={search_term_string}"},"query-input":{"@type":"PropertyValueSpecification","valueRequired":true,"valueName":"search_term_string"}}],"inLanguage":"hr"},{"@type":"Organization","@id":"https:\/\/radioljubuski.ba\/#organization","name":"Radio Ljubu\u0161ki","url":"https:\/\/radioljubuski.ba\/","logo":{"@type":"ImageObject","inLanguage":"hr","@id":"https:\/\/radioljubuski.ba\/#\/schema\/logo\/image\/","url":"https:\/\/radioljubuski.ba\/wp-content\/uploads\/2021\/02\/cropped-Radio_Ljubuski_logo1.jpg","contentUrl":"https:\/\/radioljubuski.ba\/wp-content\/uploads\/2021\/02\/cropped-Radio_Ljubuski_logo1.jpg","width":512,"height":512,"caption":"Radio Ljubu\u0161ki"},"image":{"@id":"https:\/\/radioljubuski.ba\/#\/schema\/logo\/image\/"},"sameAs":["https:\/\/www.facebook.com\/Radiio-Ljubuski-1490835324566332","https:\/\/x.com\/radioljubuski","https:\/\/hr.linkedin.com\/company\/radio-ljubuski","https:\/\/www.youtube.com\/channel\/UCHYaeO_n0Db3tjNGudGpXyw"]},{"@type":"Person","@id":"https:\/\/radioljubuski.ba\/#\/schema\/person\/19fc700381a780f69665d7956c469e3b","name":"Radio Ljubu\u0161ki"}]}},"_links":{"self":[{"href":"https:\/\/radioljubuski.ba\/index.php\/wp-json\/wp\/v2\/posts\/4639","targetHints":{"allow":["GET"]}}],"collection":[{"href":"https:\/\/radioljubuski.ba\/index.php\/wp-json\/wp\/v2\/posts"}],"about":[{"href":"https:\/\/radioljubuski.ba\/index.php\/wp-json\/wp\/v2\/types\/post"}],"author":[{"embeddable":true,"href":"https:\/\/radioljubuski.ba\/index.php\/wp-json\/wp\/v2\/users\/2"}],"replies":[{"embeddable":true,"href":"https:\/\/radioljubuski.ba\/index.php\/wp-json\/wp\/v2\/comments?post=4639"}],"version-history":[{"count":1,"href":"https:\/\/radioljubuski.ba\/index.php\/wp-json\/wp\/v2\/posts\/4639\/revisions"}],"predecessor-version":[{"id":4641,"href":"https:\/\/radioljubuski.ba\/index.php\/wp-json\/wp\/v2\/posts\/4639\/revisions\/4641"}],"wp:featuredmedia":[{"embeddable":true,"href":"https:\/\/radioljubuski.ba\/index.php\/wp-json\/wp\/v2\/media\/4640"}],"wp:attachment":[{"href":"https:\/\/radioljubuski.ba\/index.php\/wp-json\/wp\/v2\/media?parent=4639"}],"wp:term":[{"taxonomy":"category","embeddable":true,"href":"https:\/\/radioljubuski.ba\/index.php\/wp-json\/wp\/v2\/categories?post=4639"},{"taxonomy":"post_tag","embeddable":true,"href":"https:\/\/radioljubuski.ba\/index.php\/wp-json\/wp\/v2\/tags?post=4639"}],"curies":[{"name":"wp","href":"https:\/\/api.w.org\/{rel}","templated":true}]}}