{"id":46527,"date":"2021-07-26T10:55:22","date_gmt":"2021-07-26T09:55:22","guid":{"rendered":"https:\/\/radioljubuski.ba\/?p=46527"},"modified":"2021-07-26T10:55:23","modified_gmt":"2021-07-26T09:55:23","slug":"marinic-cestitke-na-zlatu-mom-sparing-partneru-savseku","status":"publish","type":"post","link":"https:\/\/radioljubuski.ba\/index.php\/2021\/07\/26\/marinic-cestitke-na-zlatu-mom-sparing-partneru-savseku\/","title":{"rendered":"Marini\u0107: \u010cestitke na zlatu mom sparing partneru Sav\u0161eku"},"content":{"rendered":"\n<p>Matija Marini\u0107, najbolji hrvatski kanuist na divljim vodama, zaustavljen je u poluzavr\u0161nici Olimpijskih igara u Tokiju. U polufinalnoj utrci je zauzeo 11. mjesto, a prvih deset se plasiralo u finale.<\/p>\n\n\n\n<p>Matija Marini\u0107, najbolji hrvatski kanuist na divljim vodama, zaustavljen je u poluzavr\u0161nici Olimpijskih igara u Tokiju. U polufinalnoj utrci je zauzeo 11. mjesto, a prvih deset se plasiralo u finale.<br><br>&#8211; Vo\u017enja je i\u0161la dobro sve do 16. vrata gdje sam zapeo u roli. Po\u010delo me izvrtati i pogubio sam se. Nakon toga napravio sam jo\u0161 nekoliko gre\u0161aka. Na kraju vrijeme nije bilo toliko lo\u0161e, ali, na\u017ealost, nisam se uspio plasirati u finale. \u017dao mi je, no ovo je sport. Zahvalan sam svima koji su vjerovali u mene i pru\u017eali mi potporu na putu za Tokio i tijekom boravka ovdje! \u010cestitam Benjaminu Sav\u0161eku iz Slovenije na olimpijskom zlatu.Bio mi je sparing partner na pripremama u Al Ainu i njegova mi je pobjeda donekle umanjila bol koju mi je nanio vlastiti rezultat, rekao je Marini\u0107.<\/p>\n\n\n\n<p>Njegov trener <strong>Stjepan Perestegi<\/strong> nije krio tugu i razo\u010daranje ostvarenim rezultatom.<br><br>&#8211; Iz trenerske perspektive malo sam razo\u010daran. Sanjali smo finale, a 11. mjesto u polufinalu je najgore mjesto. Osje\u0107ate da vam je finale izmaklo za dlaku.<br><br>&#8211; Da se Matiji nije dogodio zastoj u 16. vratima, sigurno bi bio me\u0111u najboljih pet na svijetu. Jedanaesto mjesto ponovo nam ostavlja gorak okus. Naime, zbog istog se mjesta Matija nije plasirao na Olimpijske igre u Rio de Janeiru. Da je tada bio za jedno mjesto bolji, pred Tokio bi ve\u0107 imao jedno iskustvo s Olimpijskih igara. Na idu\u0107im Igrama o\u010dekuje nas ozbiljna borba za odli\u010dje, kazao je Perestegi.<br><br>Zahvalio je Hrvatskom kajaka\u0161kom savezu i Hrvatskom olimpijskom odboru na pripremi za Igre i potporu pru\u017eenu tijekom boravka u Japanu, pogotovo kada je Marini\u0107u odre\u0111ena samoizolacija zbog mogu\u0107eg kontakta s putnikom na letu za Tokio kojem je u Japanu utvr\u0111ena zaraza novim koronavirusom.<\/p>\n\n\n\n<p>Izvor:hrt.hr<\/p>\n","protected":false},"excerpt":{"rendered":"<p>Matija Marini\u0107, najbolji hrvatski kanuist na divljim vodama, zaustavljen je u poluzavr\u0161nici Olimpijskih igara u Tokiju. U polufinalnoj utrci je zauzeo 11. mjesto, a prvih deset se plasiralo u finale. Matija Marini\u0107, najbolji hrvatski kanuist na divljim vodama, zaustavljen je u poluzavr\u0161nici Olimpijskih igara u Tokiju. U polufinalnoj utrci je zauzeo 11. mjesto, a prvih [&hellip;]<\/p>\n","protected":false},"author":2,"featured_media":46528,"comment_status":"closed","ping_status":"closed","sticky":false,"template":"","format":"standard","meta":{"h5ap_radio_sources":[],"footnotes":""},"categories":[7],"tags":[],"class_list":["post-46527","post","type-post","status-publish","format-standard","has-post-thumbnail","hentry","category-sport"],"yoast_head":"<!-- This site is optimized with the Yoast SEO plugin v27.5 - https:\/\/yoast.com\/product\/yoast-seo-wordpress\/ -->\n<title>Marini\u0107: \u010cestitke na zlatu mom sparing partneru Sav\u0161eku - RADIO LJUBU\u0160KI<\/title>\n<meta name=\"robots\" content=\"index, follow, max-snippet:-1, max-image-preview:large, max-video-preview:-1\" \/>\n<link rel=\"canonical\" href=\"https:\/\/radioljubuski.ba\/index.php\/2021\/07\/26\/marinic-cestitke-na-zlatu-mom-sparing-partneru-savseku\/\" \/>\n<meta property=\"og:locale\" content=\"hr_HR\" \/>\n<meta property=\"og:type\" content=\"article\" \/>\n<meta property=\"og:title\" content=\"Marini\u0107: \u010cestitke na zlatu mom sparing partneru Sav\u0161eku - RADIO LJUBU\u0160KI\" \/>\n<meta property=\"og:description\" content=\"Matija Marini\u0107, najbolji hrvatski kanuist na divljim vodama, zaustavljen je u poluzavr\u0161nici Olimpijskih igara u Tokiju. U polufinalnoj utrci je zauzeo 11. mjesto, a prvih deset se plasiralo u finale. Matija Marini\u0107, najbolji hrvatski kanuist na divljim vodama, zaustavljen je u poluzavr\u0161nici Olimpijskih igara u Tokiju. U polufinalnoj utrci je zauzeo 11. mjesto, a prvih [&hellip;]\" \/>\n<meta property=\"og:url\" content=\"https:\/\/radioljubuski.ba\/index.php\/2021\/07\/26\/marinic-cestitke-na-zlatu-mom-sparing-partneru-savseku\/\" \/>\n<meta property=\"og:site_name\" content=\"RADIO LJUBU\u0160KI\" \/>\n<meta property=\"article:publisher\" content=\"https:\/\/www.facebook.com\/Radiio-Ljubuski-1490835324566332\" \/>\n<meta property=\"article:published_time\" content=\"2021-07-26T09:55:22+00:00\" \/>\n<meta property=\"article:modified_time\" content=\"2021-07-26T09:55:23+00:00\" \/>\n<meta property=\"og:image\" content=\"https:\/\/radioljubuski.ba\/wp-content\/uploads\/2021\/07\/274433.jpg\" \/>\n\t<meta property=\"og:image:width\" content=\"730\" \/>\n\t<meta property=\"og:image:height\" content=\"487\" \/>\n\t<meta property=\"og:image:type\" content=\"image\/jpeg\" \/>\n<meta name=\"author\" content=\"Radio Ljubu\u0161ki\" \/>\n<meta name=\"twitter:card\" content=\"summary_large_image\" \/>\n<meta name=\"twitter:creator\" content=\"@radioljubuski\" \/>\n<meta name=\"twitter:site\" content=\"@radioljubuski\" \/>\n<meta name=\"twitter:label1\" content=\"Napisao\/la\" \/>\n\t<meta name=\"twitter:data1\" content=\"Radio Ljubu\u0161ki\" \/>\n\t<meta name=\"twitter:label2\" content=\"Procijenjeno vrijeme \u010ditanja\" \/>\n\t<meta name=\"twitter:data2\" content=\"2 minute\" \/>\n<script type=\"application\/ld+json\" class=\"yoast-schema-graph\">{\"@context\":\"https:\\\/\\\/schema.org\",\"@graph\":[{\"@type\":\"Article\",\"@id\":\"https:\\\/\\\/radioljubuski.ba\\\/index.php\\\/2021\\\/07\\\/26\\\/marinic-cestitke-na-zlatu-mom-sparing-partneru-savseku\\\/#article\",\"isPartOf\":{\"@id\":\"https:\\\/\\\/radioljubuski.ba\\\/index.php\\\/2021\\\/07\\\/26\\\/marinic-cestitke-na-zlatu-mom-sparing-partneru-savseku\\\/\"},\"author\":{\"name\":\"Radio Ljubu\u0161ki\",\"@id\":\"https:\\\/\\\/radioljubuski.ba\\\/#\\\/schema\\\/person\\\/19fc700381a780f69665d7956c469e3b\"},\"headline\":\"Marini\u0107: \u010cestitke na zlatu mom sparing partneru Sav\u0161eku\",\"datePublished\":\"2021-07-26T09:55:22+00:00\",\"dateModified\":\"2021-07-26T09:55:23+00:00\",\"mainEntityOfPage\":{\"@id\":\"https:\\\/\\\/radioljubuski.ba\\\/index.php\\\/2021\\\/07\\\/26\\\/marinic-cestitke-na-zlatu-mom-sparing-partneru-savseku\\\/\"},\"wordCount\":345,\"publisher\":{\"@id\":\"https:\\\/\\\/radioljubuski.ba\\\/#organization\"},\"image\":{\"@id\":\"https:\\\/\\\/radioljubuski.ba\\\/index.php\\\/2021\\\/07\\\/26\\\/marinic-cestitke-na-zlatu-mom-sparing-partneru-savseku\\\/#primaryimage\"},\"thumbnailUrl\":\"https:\\\/\\\/radioljubuski.ba\\\/wp-content\\\/uploads\\\/2021\\\/07\\\/274433.jpg\",\"articleSection\":[\"\u0160port\"],\"inLanguage\":\"hr\"},{\"@type\":\"WebPage\",\"@id\":\"https:\\\/\\\/radioljubuski.ba\\\/index.php\\\/2021\\\/07\\\/26\\\/marinic-cestitke-na-zlatu-mom-sparing-partneru-savseku\\\/\",\"url\":\"https:\\\/\\\/radioljubuski.ba\\\/index.php\\\/2021\\\/07\\\/26\\\/marinic-cestitke-na-zlatu-mom-sparing-partneru-savseku\\\/\",\"name\":\"Marini\u0107: \u010cestitke na zlatu mom sparing partneru Sav\u0161eku - RADIO LJUBU\u0160KI\",\"isPartOf\":{\"@id\":\"https:\\\/\\\/radioljubuski.ba\\\/#website\"},\"primaryImageOfPage\":{\"@id\":\"https:\\\/\\\/radioljubuski.ba\\\/index.php\\\/2021\\\/07\\\/26\\\/marinic-cestitke-na-zlatu-mom-sparing-partneru-savseku\\\/#primaryimage\"},\"image\":{\"@id\":\"https:\\\/\\\/radioljubuski.ba\\\/index.php\\\/2021\\\/07\\\/26\\\/marinic-cestitke-na-zlatu-mom-sparing-partneru-savseku\\\/#primaryimage\"},\"thumbnailUrl\":\"https:\\\/\\\/radioljubuski.ba\\\/wp-content\\\/uploads\\\/2021\\\/07\\\/274433.jpg\",\"datePublished\":\"2021-07-26T09:55:22+00:00\",\"dateModified\":\"2021-07-26T09:55:23+00:00\",\"breadcrumb\":{\"@id\":\"https:\\\/\\\/radioljubuski.ba\\\/index.php\\\/2021\\\/07\\\/26\\\/marinic-cestitke-na-zlatu-mom-sparing-partneru-savseku\\\/#breadcrumb\"},\"inLanguage\":\"hr\",\"potentialAction\":[{\"@type\":\"ReadAction\",\"target\":[\"https:\\\/\\\/radioljubuski.ba\\\/index.php\\\/2021\\\/07\\\/26\\\/marinic-cestitke-na-zlatu-mom-sparing-partneru-savseku\\\/\"]}]},{\"@type\":\"ImageObject\",\"inLanguage\":\"hr\",\"@id\":\"https:\\\/\\\/radioljubuski.ba\\\/index.php\\\/2021\\\/07\\\/26\\\/marinic-cestitke-na-zlatu-mom-sparing-partneru-savseku\\\/#primaryimage\",\"url\":\"https:\\\/\\\/radioljubuski.ba\\\/wp-content\\\/uploads\\\/2021\\\/07\\\/274433.jpg\",\"contentUrl\":\"https:\\\/\\\/radioljubuski.ba\\\/wp-content\\\/uploads\\\/2021\\\/07\\\/274433.jpg\",\"width\":730,\"height\":487},{\"@type\":\"BreadcrumbList\",\"@id\":\"https:\\\/\\\/radioljubuski.ba\\\/index.php\\\/2021\\\/07\\\/26\\\/marinic-cestitke-na-zlatu-mom-sparing-partneru-savseku\\\/#breadcrumb\",\"itemListElement\":[{\"@type\":\"ListItem\",\"position\":1,\"name\":\"Po\u010detna stranica\",\"item\":\"https:\\\/\\\/radioljubuski.ba\\\/\"},{\"@type\":\"ListItem\",\"position\":2,\"name\":\"Marini\u0107: \u010cestitke na zlatu mom sparing partneru Sav\u0161eku\"}]},{\"@type\":\"WebSite\",\"@id\":\"https:\\\/\\\/radioljubuski.ba\\\/#website\",\"url\":\"https:\\\/\\\/radioljubuski.ba\\\/\",\"name\":\"Radio Ljubu\u0161ki\",\"description\":\"Sun\u010dana frekvencija Hercegovine\",\"publisher\":{\"@id\":\"https:\\\/\\\/radioljubuski.ba\\\/#organization\"},\"potentialAction\":[{\"@type\":\"SearchAction\",\"target\":{\"@type\":\"EntryPoint\",\"urlTemplate\":\"https:\\\/\\\/radioljubuski.ba\\\/?s={search_term_string}\"},\"query-input\":{\"@type\":\"PropertyValueSpecification\",\"valueRequired\":true,\"valueName\":\"search_term_string\"}}],\"inLanguage\":\"hr\"},{\"@type\":\"Organization\",\"@id\":\"https:\\\/\\\/radioljubuski.ba\\\/#organization\",\"name\":\"Radio Ljubu\u0161ki\",\"url\":\"https:\\\/\\\/radioljubuski.ba\\\/\",\"logo\":{\"@type\":\"ImageObject\",\"inLanguage\":\"hr\",\"@id\":\"https:\\\/\\\/radioljubuski.ba\\\/#\\\/schema\\\/logo\\\/image\\\/\",\"url\":\"https:\\\/\\\/radioljubuski.ba\\\/wp-content\\\/uploads\\\/2021\\\/02\\\/cropped-Radio_Ljubuski_logo1.jpg\",\"contentUrl\":\"https:\\\/\\\/radioljubuski.ba\\\/wp-content\\\/uploads\\\/2021\\\/02\\\/cropped-Radio_Ljubuski_logo1.jpg\",\"width\":512,\"height\":512,\"caption\":\"Radio Ljubu\u0161ki\"},\"image\":{\"@id\":\"https:\\\/\\\/radioljubuski.ba\\\/#\\\/schema\\\/logo\\\/image\\\/\"},\"sameAs\":[\"https:\\\/\\\/www.facebook.com\\\/Radiio-Ljubuski-1490835324566332\",\"https:\\\/\\\/x.com\\\/radioljubuski\",\"https:\\\/\\\/hr.linkedin.com\\\/company\\\/radio-ljubuski\",\"https:\\\/\\\/www.youtube.com\\\/channel\\\/UCHYaeO_n0Db3tjNGudGpXyw\"]},{\"@type\":\"Person\",\"@id\":\"https:\\\/\\\/radioljubuski.ba\\\/#\\\/schema\\\/person\\\/19fc700381a780f69665d7956c469e3b\",\"name\":\"Radio Ljubu\u0161ki\"}]}<\/script>\n<!-- \/ Yoast SEO plugin. -->","yoast_head_json":{"title":"Marini\u0107: \u010cestitke na zlatu mom sparing partneru Sav\u0161eku - RADIO LJUBU\u0160KI","robots":{"index":"index","follow":"follow","max-snippet":"max-snippet:-1","max-image-preview":"max-image-preview:large","max-video-preview":"max-video-preview:-1"},"canonical":"https:\/\/radioljubuski.ba\/index.php\/2021\/07\/26\/marinic-cestitke-na-zlatu-mom-sparing-partneru-savseku\/","og_locale":"hr_HR","og_type":"article","og_title":"Marini\u0107: \u010cestitke na zlatu mom sparing partneru Sav\u0161eku - RADIO LJUBU\u0160KI","og_description":"Matija Marini\u0107, najbolji hrvatski kanuist na divljim vodama, zaustavljen je u poluzavr\u0161nici Olimpijskih igara u Tokiju. U polufinalnoj utrci je zauzeo 11. mjesto, a prvih deset se plasiralo u finale. Matija Marini\u0107, najbolji hrvatski kanuist na divljim vodama, zaustavljen je u poluzavr\u0161nici Olimpijskih igara u Tokiju. U polufinalnoj utrci je zauzeo 11. mjesto, a prvih [&hellip;]","og_url":"https:\/\/radioljubuski.ba\/index.php\/2021\/07\/26\/marinic-cestitke-na-zlatu-mom-sparing-partneru-savseku\/","og_site_name":"RADIO LJUBU\u0160KI","article_publisher":"https:\/\/www.facebook.com\/Radiio-Ljubuski-1490835324566332","article_published_time":"2021-07-26T09:55:22+00:00","article_modified_time":"2021-07-26T09:55:23+00:00","og_image":[{"width":730,"height":487,"url":"https:\/\/radioljubuski.ba\/wp-content\/uploads\/2021\/07\/274433.jpg","type":"image\/jpeg"}],"author":"Radio Ljubu\u0161ki","twitter_card":"summary_large_image","twitter_creator":"@radioljubuski","twitter_site":"@radioljubuski","twitter_misc":{"Napisao\/la":"Radio Ljubu\u0161ki","Procijenjeno vrijeme \u010ditanja":"2 minute"},"schema":{"@context":"https:\/\/schema.org","@graph":[{"@type":"Article","@id":"https:\/\/radioljubuski.ba\/index.php\/2021\/07\/26\/marinic-cestitke-na-zlatu-mom-sparing-partneru-savseku\/#article","isPartOf":{"@id":"https:\/\/radioljubuski.ba\/index.php\/2021\/07\/26\/marinic-cestitke-na-zlatu-mom-sparing-partneru-savseku\/"},"author":{"name":"Radio Ljubu\u0161ki","@id":"https:\/\/radioljubuski.ba\/#\/schema\/person\/19fc700381a780f69665d7956c469e3b"},"headline":"Marini\u0107: \u010cestitke na zlatu mom sparing partneru Sav\u0161eku","datePublished":"2021-07-26T09:55:22+00:00","dateModified":"2021-07-26T09:55:23+00:00","mainEntityOfPage":{"@id":"https:\/\/radioljubuski.ba\/index.php\/2021\/07\/26\/marinic-cestitke-na-zlatu-mom-sparing-partneru-savseku\/"},"wordCount":345,"publisher":{"@id":"https:\/\/radioljubuski.ba\/#organization"},"image":{"@id":"https:\/\/radioljubuski.ba\/index.php\/2021\/07\/26\/marinic-cestitke-na-zlatu-mom-sparing-partneru-savseku\/#primaryimage"},"thumbnailUrl":"https:\/\/radioljubuski.ba\/wp-content\/uploads\/2021\/07\/274433.jpg","articleSection":["\u0160port"],"inLanguage":"hr"},{"@type":"WebPage","@id":"https:\/\/radioljubuski.ba\/index.php\/2021\/07\/26\/marinic-cestitke-na-zlatu-mom-sparing-partneru-savseku\/","url":"https:\/\/radioljubuski.ba\/index.php\/2021\/07\/26\/marinic-cestitke-na-zlatu-mom-sparing-partneru-savseku\/","name":"Marini\u0107: \u010cestitke na zlatu mom sparing partneru Sav\u0161eku - RADIO LJUBU\u0160KI","isPartOf":{"@id":"https:\/\/radioljubuski.ba\/#website"},"primaryImageOfPage":{"@id":"https:\/\/radioljubuski.ba\/index.php\/2021\/07\/26\/marinic-cestitke-na-zlatu-mom-sparing-partneru-savseku\/#primaryimage"},"image":{"@id":"https:\/\/radioljubuski.ba\/index.php\/2021\/07\/26\/marinic-cestitke-na-zlatu-mom-sparing-partneru-savseku\/#primaryimage"},"thumbnailUrl":"https:\/\/radioljubuski.ba\/wp-content\/uploads\/2021\/07\/274433.jpg","datePublished":"2021-07-26T09:55:22+00:00","dateModified":"2021-07-26T09:55:23+00:00","breadcrumb":{"@id":"https:\/\/radioljubuski.ba\/index.php\/2021\/07\/26\/marinic-cestitke-na-zlatu-mom-sparing-partneru-savseku\/#breadcrumb"},"inLanguage":"hr","potentialAction":[{"@type":"ReadAction","target":["https:\/\/radioljubuski.ba\/index.php\/2021\/07\/26\/marinic-cestitke-na-zlatu-mom-sparing-partneru-savseku\/"]}]},{"@type":"ImageObject","inLanguage":"hr","@id":"https:\/\/radioljubuski.ba\/index.php\/2021\/07\/26\/marinic-cestitke-na-zlatu-mom-sparing-partneru-savseku\/#primaryimage","url":"https:\/\/radioljubuski.ba\/wp-content\/uploads\/2021\/07\/274433.jpg","contentUrl":"https:\/\/radioljubuski.ba\/wp-content\/uploads\/2021\/07\/274433.jpg","width":730,"height":487},{"@type":"BreadcrumbList","@id":"https:\/\/radioljubuski.ba\/index.php\/2021\/07\/26\/marinic-cestitke-na-zlatu-mom-sparing-partneru-savseku\/#breadcrumb","itemListElement":[{"@type":"ListItem","position":1,"name":"Po\u010detna stranica","item":"https:\/\/radioljubuski.ba\/"},{"@type":"ListItem","position":2,"name":"Marini\u0107: \u010cestitke na zlatu mom sparing partneru Sav\u0161eku"}]},{"@type":"WebSite","@id":"https:\/\/radioljubuski.ba\/#website","url":"https:\/\/radioljubuski.ba\/","name":"Radio Ljubu\u0161ki","description":"Sun\u010dana frekvencija Hercegovine","publisher":{"@id":"https:\/\/radioljubuski.ba\/#organization"},"potentialAction":[{"@type":"SearchAction","target":{"@type":"EntryPoint","urlTemplate":"https:\/\/radioljubuski.ba\/?s={search_term_string}"},"query-input":{"@type":"PropertyValueSpecification","valueRequired":true,"valueName":"search_term_string"}}],"inLanguage":"hr"},{"@type":"Organization","@id":"https:\/\/radioljubuski.ba\/#organization","name":"Radio Ljubu\u0161ki","url":"https:\/\/radioljubuski.ba\/","logo":{"@type":"ImageObject","inLanguage":"hr","@id":"https:\/\/radioljubuski.ba\/#\/schema\/logo\/image\/","url":"https:\/\/radioljubuski.ba\/wp-content\/uploads\/2021\/02\/cropped-Radio_Ljubuski_logo1.jpg","contentUrl":"https:\/\/radioljubuski.ba\/wp-content\/uploads\/2021\/02\/cropped-Radio_Ljubuski_logo1.jpg","width":512,"height":512,"caption":"Radio Ljubu\u0161ki"},"image":{"@id":"https:\/\/radioljubuski.ba\/#\/schema\/logo\/image\/"},"sameAs":["https:\/\/www.facebook.com\/Radiio-Ljubuski-1490835324566332","https:\/\/x.com\/radioljubuski","https:\/\/hr.linkedin.com\/company\/radio-ljubuski","https:\/\/www.youtube.com\/channel\/UCHYaeO_n0Db3tjNGudGpXyw"]},{"@type":"Person","@id":"https:\/\/radioljubuski.ba\/#\/schema\/person\/19fc700381a780f69665d7956c469e3b","name":"Radio Ljubu\u0161ki"}]}},"_links":{"self":[{"href":"https:\/\/radioljubuski.ba\/index.php\/wp-json\/wp\/v2\/posts\/46527","targetHints":{"allow":["GET"]}}],"collection":[{"href":"https:\/\/radioljubuski.ba\/index.php\/wp-json\/wp\/v2\/posts"}],"about":[{"href":"https:\/\/radioljubuski.ba\/index.php\/wp-json\/wp\/v2\/types\/post"}],"author":[{"embeddable":true,"href":"https:\/\/radioljubuski.ba\/index.php\/wp-json\/wp\/v2\/users\/2"}],"replies":[{"embeddable":true,"href":"https:\/\/radioljubuski.ba\/index.php\/wp-json\/wp\/v2\/comments?post=46527"}],"version-history":[{"count":1,"href":"https:\/\/radioljubuski.ba\/index.php\/wp-json\/wp\/v2\/posts\/46527\/revisions"}],"predecessor-version":[{"id":46529,"href":"https:\/\/radioljubuski.ba\/index.php\/wp-json\/wp\/v2\/posts\/46527\/revisions\/46529"}],"wp:featuredmedia":[{"embeddable":true,"href":"https:\/\/radioljubuski.ba\/index.php\/wp-json\/wp\/v2\/media\/46528"}],"wp:attachment":[{"href":"https:\/\/radioljubuski.ba\/index.php\/wp-json\/wp\/v2\/media?parent=46527"}],"wp:term":[{"taxonomy":"category","embeddable":true,"href":"https:\/\/radioljubuski.ba\/index.php\/wp-json\/wp\/v2\/categories?post=46527"},{"taxonomy":"post_tag","embeddable":true,"href":"https:\/\/radioljubuski.ba\/index.php\/wp-json\/wp\/v2\/tags?post=46527"}],"curies":[{"name":"wp","href":"https:\/\/api.w.org\/{rel}","templated":true}]}}