{"id":46638,"date":"2021-07-26T14:07:57","date_gmt":"2021-07-26T13:07:57","guid":{"rendered":"https:\/\/radioljubuski.ba\/?p=46638"},"modified":"2021-07-26T14:07:57","modified_gmt":"2021-07-26T13:07:57","slug":"vlasnik-kluba-u-hrvatskoj-u-bih-klubovi-rade-bez-ikakva-ogranicenja-pa-nema-nikakvog-povecanja-zarazenih","status":"publish","type":"post","link":"https:\/\/radioljubuski.ba\/index.php\/2021\/07\/26\/vlasnik-kluba-u-hrvatskoj-u-bih-klubovi-rade-bez-ikakva-ogranicenja-pa-nema-nikakvog-povecanja-zarazenih\/","title":{"rendered":"Vlasnik kluba u Hrvatskoj: U BiH klubovi rade bez ikakva ograni\u010denja pa nema nikakvog pove\u0107anja zara\u017eenih"},"content":{"rendered":"\n<p>Domagoj Petri\u010devi\u0107 iz Udruge no\u0107nih klubova i barova, u N1 Studiju u\u017eivo govorio je o novim mjerama po kojima klubovi ponovno ne smiju raditi dulje od pono\u0107i.<\/p>\n\n\n\n<p>\u201cTo nisu otegotne okolnosti. Ovo je zapravo opet zabrana rada no\u0107nim klubovima. No\u0107ni \u017eivot po\u010dinje u pono\u0107 kada bi mi trebali zatvarati. Mjere nisu razumne, za\u0161to se uporno ka\u017enjava samo jedan segment ugostiteljstva, kao da smo mi krivi za krizu u cijelom cvijetu\u201d, rekao je na po\u010detku.<\/p>\n\n\n\n<p>\u201cPro\u0161le godine je i Crna Gora imala puno gore brojke, i Slovenija, a tamo klubovi nisu radili niti jednog dana. Imamo i sada situaciju da u Crnoj Gori, BiH i Srbiji klubovi rade bez ikakvih ograni\u010denja, a to su i po deset puta ve\u0107i klubovi nego u Hrvatskoj pa nema nikakvog pove\u0107anja zara\u017eenih. Nitko ne potencira da je u Novom Sadu prije 20 dana odr\u017ean Exit festival, gdje je kroz tri dana pro\u0161lo 140.000 ljudi i ni\u0161ta nije dogodilo\u201d, dodaje.<\/p>\n\n\n\n<p>Rekao je kako sada imamo i cjepivo koje su svi \u010dekali, a da se sada svejedno ne mogu vratiti normalnom \u017eivotu i radu.<\/p>\n\n\n\n<p>\u201cNe znamo koji je razlog, valjda opet \u0161titimo ove koji se ne \u017eele cijepiti. Za\u0161to sto\u017eer misli da \u0107e se ljudi cijepiti, a oni i dalje donose zabrane? Neki se jo\u0161 nisu cijepili ni s prvom i drugom dozom, a ve\u0107 najavljuju tre\u0107u, a pritom i ako ste cijepljeni s drugom dozom, ograni\u010den vam je \u017eivot. I cijepljeni i necijepljeni imaju ista prava pa ne znam kako Sto\u017eer misli pridobiti te ljude da se cijepe\u201d, ka\u017ee.<\/p>\n\n\n\n<p>\u201cDo kada ne\u0107e imati tko kontrolirati covid potvrde?\u201d<\/p>\n\n\n\n<p>Isti\u010de i kako se, dok se klubovima ograni\u010dava rad, organiziraju borbe bikova, odnosno bikijade, gdje je izme\u0111u 5000 i 6000 ljudi i to 30 kilometara od Splita.<\/p>\n\n\n\n<p>\u201cNa na\u0161 upit vezano za to \u0161ef na\u0161eg sto\u017eera pita gdje je to, pa vjerojatno na Marsu\u201d, veli. Biv\u0161i \u0161ef sto\u017eera, pak, rekao im je da bi oni dopustili rad klubova, ali da nemaju dovoljno ljudi koji bi kontrolirali klubove i covid potvrde.<\/p>\n\n\n\n<p>\u201cPa do kada misle da ne\u0107e imati tko kontrolirati? Nikakvog plana nema. Svi su se bojali \u0161to \u0107e biti nakon otvaranja Enegleske, a vidimo da tamo brojke padaju.<\/p>\n\n\n\n<p>Klubovi su prakti\u010dki radili samo dva do tri tjedna. Prije toga je bilo samo do pono\u0107i, onda je pu\u0161teno do 6 s samo s covid putovnicama. Onda je do\u0161ao mail od Andrije Mikuli\u0107a u kojem se poziva na zakon od prije 20 godina, da no\u0107ni klubovi u naseljenim podru\u010djima ne mogu raditi iza pono\u0107i. Takvih klubova u Hrvatskpj ima par, na Zr\u0107u mo\u017eda\u201d, obja\u0161njava.<\/p>\n\n\n\n<p>Ka\u017ee kako su mladi revoltirani svima \u0161to se doga\u0111a.<\/p>\n\n\n\n<p>\u201cMi smo zadnja tri tjedna upozoravali ljude da ne \u010dekaju u redovima za testiranje jer nismo htjeli biti testni punktovi, apelirali smo da se cijepe jer su redovi bili po sat vremena. U Hrvatsku mo\u017ee u\u0107i bilo tko, nemaju ni testove ni covid potvrde, a Hrvati imaju QR potvrde. Otvorili smo se potpuno za turizam i \u010dudimo se kako imamo porast. Tako je bilo i pro\u0161le godine.<\/p>\n\n\n\n<p>Bez event industrije, bez ugostiteljstva i no\u0107ne zabave te\u0161ko je da \u0107emo mi u Dalmaciji imat turiste koji dolaze samo zbog mora. \u0160to \u0107e kada je lo\u0161e vrijeme? Dioklecijanovu pala\u010duo bi\u0111ete u 10 minuta. Ne mo\u017eete cijeli dan biti na pla\u017ei, jedino \u0161to mo\u017eete dobiti je suna\u010dnica. Prije Ultre Split je bio grad slu\u010daj, prije toga je bilo 10.000 kreveta, danas imamo 50.000. Split najvi\u0161e dolazaka bilje\u017ei mladih turista od 25 do 35 godina\u201d.<\/p>\n\n\n\n<p>Naposljetku je rekao i da su klubovi, \u0161to se financija ti\u010de, ve\u0107 sada u crvenom, a ako se sve ovo nastavi \u201cne zna \u0161to \u0107e\u201d.<\/p>\n\n\n\n<p>Izvor:N1<\/p>\n","protected":false},"excerpt":{"rendered":"<p>Domagoj Petri\u010devi\u0107 iz Udruge no\u0107nih klubova i barova, u N1 Studiju u\u017eivo govorio je o novim mjerama po kojima klubovi ponovno ne smiju raditi dulje od pono\u0107i. \u201cTo nisu otegotne okolnosti. Ovo je zapravo opet zabrana rada no\u0107nim klubovima. No\u0107ni \u017eivot po\u010dinje u pono\u0107 kada bi mi trebali zatvarati. Mjere nisu razumne, za\u0161to se uporno [&hellip;]<\/p>\n","protected":false},"author":2,"featured_media":46639,"comment_status":"closed","ping_status":"closed","sticky":false,"template":"","format":"standard","meta":{"h5ap_radio_sources":[],"footnotes":""},"categories":[1],"tags":[],"class_list":["post-46638","post","type-post","status-publish","format-standard","has-post-thumbnail","hentry","category-bihiregija"],"yoast_head":"<!-- This site is optimized with the Yoast SEO plugin v27.5 - https:\/\/yoast.com\/product\/yoast-seo-wordpress\/ -->\n<title>Vlasnik kluba u Hrvatskoj: U BiH klubovi rade bez ikakva ograni\u010denja pa nema nikakvog pove\u0107anja zara\u017eenih - RADIO LJUBU\u0160KI<\/title>\n<meta name=\"robots\" content=\"index, follow, max-snippet:-1, max-image-preview:large, max-video-preview:-1\" \/>\n<link rel=\"canonical\" href=\"https:\/\/radioljubuski.ba\/index.php\/2021\/07\/26\/vlasnik-kluba-u-hrvatskoj-u-bih-klubovi-rade-bez-ikakva-ogranicenja-pa-nema-nikakvog-povecanja-zarazenih\/\" \/>\n<meta property=\"og:locale\" content=\"hr_HR\" \/>\n<meta property=\"og:type\" content=\"article\" \/>\n<meta property=\"og:title\" content=\"Vlasnik kluba u Hrvatskoj: U BiH klubovi rade bez ikakva ograni\u010denja pa nema nikakvog pove\u0107anja zara\u017eenih - RADIO LJUBU\u0160KI\" \/>\n<meta property=\"og:description\" content=\"Domagoj Petri\u010devi\u0107 iz Udruge no\u0107nih klubova i barova, u N1 Studiju u\u017eivo govorio je o novim mjerama po kojima klubovi ponovno ne smiju raditi dulje od pono\u0107i. \u201cTo nisu otegotne okolnosti. Ovo je zapravo opet zabrana rada no\u0107nim klubovima. No\u0107ni \u017eivot po\u010dinje u pono\u0107 kada bi mi trebali zatvarati. Mjere nisu razumne, za\u0161to se uporno [&hellip;]\" \/>\n<meta property=\"og:url\" content=\"https:\/\/radioljubuski.ba\/index.php\/2021\/07\/26\/vlasnik-kluba-u-hrvatskoj-u-bih-klubovi-rade-bez-ikakva-ogranicenja-pa-nema-nikakvog-povecanja-zarazenih\/\" \/>\n<meta property=\"og:site_name\" content=\"RADIO LJUBU\u0160KI\" \/>\n<meta property=\"article:publisher\" content=\"https:\/\/www.facebook.com\/Radiio-Ljubuski-1490835324566332\" \/>\n<meta property=\"article:published_time\" content=\"2021-07-26T13:07:57+00:00\" \/>\n<meta property=\"og:image\" content=\"https:\/\/radioljubuski.ba\/wp-content\/uploads\/2021\/07\/b0JW8HmY_zabava.jpg\" \/>\n\t<meta property=\"og:image:width\" content=\"1000\" \/>\n\t<meta property=\"og:image:height\" content=\"625\" \/>\n\t<meta property=\"og:image:type\" content=\"image\/jpeg\" \/>\n<meta name=\"author\" content=\"Radio Ljubu\u0161ki\" \/>\n<meta name=\"twitter:card\" content=\"summary_large_image\" \/>\n<meta name=\"twitter:creator\" content=\"@radioljubuski\" \/>\n<meta name=\"twitter:site\" content=\"@radioljubuski\" \/>\n<meta name=\"twitter:label1\" content=\"Napisao\/la\" \/>\n\t<meta name=\"twitter:data1\" content=\"Radio Ljubu\u0161ki\" \/>\n\t<meta name=\"twitter:label2\" content=\"Procijenjeno vrijeme \u010ditanja\" \/>\n\t<meta name=\"twitter:data2\" content=\"3 minute\" \/>\n<script type=\"application\/ld+json\" class=\"yoast-schema-graph\">{\"@context\":\"https:\\\/\\\/schema.org\",\"@graph\":[{\"@type\":\"Article\",\"@id\":\"https:\\\/\\\/radioljubuski.ba\\\/index.php\\\/2021\\\/07\\\/26\\\/vlasnik-kluba-u-hrvatskoj-u-bih-klubovi-rade-bez-ikakva-ogranicenja-pa-nema-nikakvog-povecanja-zarazenih\\\/#article\",\"isPartOf\":{\"@id\":\"https:\\\/\\\/radioljubuski.ba\\\/index.php\\\/2021\\\/07\\\/26\\\/vlasnik-kluba-u-hrvatskoj-u-bih-klubovi-rade-bez-ikakva-ogranicenja-pa-nema-nikakvog-povecanja-zarazenih\\\/\"},\"author\":{\"name\":\"Radio Ljubu\u0161ki\",\"@id\":\"https:\\\/\\\/radioljubuski.ba\\\/#\\\/schema\\\/person\\\/19fc700381a780f69665d7956c469e3b\"},\"headline\":\"Vlasnik kluba u Hrvatskoj: U BiH klubovi rade bez ikakva ograni\u010denja pa nema nikakvog pove\u0107anja zara\u017eenih\",\"datePublished\":\"2021-07-26T13:07:57+00:00\",\"mainEntityOfPage\":{\"@id\":\"https:\\\/\\\/radioljubuski.ba\\\/index.php\\\/2021\\\/07\\\/26\\\/vlasnik-kluba-u-hrvatskoj-u-bih-klubovi-rade-bez-ikakva-ogranicenja-pa-nema-nikakvog-povecanja-zarazenih\\\/\"},\"wordCount\":669,\"publisher\":{\"@id\":\"https:\\\/\\\/radioljubuski.ba\\\/#organization\"},\"image\":{\"@id\":\"https:\\\/\\\/radioljubuski.ba\\\/index.php\\\/2021\\\/07\\\/26\\\/vlasnik-kluba-u-hrvatskoj-u-bih-klubovi-rade-bez-ikakva-ogranicenja-pa-nema-nikakvog-povecanja-zarazenih\\\/#primaryimage\"},\"thumbnailUrl\":\"https:\\\/\\\/radioljubuski.ba\\\/wp-content\\\/uploads\\\/2021\\\/07\\\/b0JW8HmY_zabava.jpg\",\"articleSection\":[\"BIH i regija\"],\"inLanguage\":\"hr\"},{\"@type\":\"WebPage\",\"@id\":\"https:\\\/\\\/radioljubuski.ba\\\/index.php\\\/2021\\\/07\\\/26\\\/vlasnik-kluba-u-hrvatskoj-u-bih-klubovi-rade-bez-ikakva-ogranicenja-pa-nema-nikakvog-povecanja-zarazenih\\\/\",\"url\":\"https:\\\/\\\/radioljubuski.ba\\\/index.php\\\/2021\\\/07\\\/26\\\/vlasnik-kluba-u-hrvatskoj-u-bih-klubovi-rade-bez-ikakva-ogranicenja-pa-nema-nikakvog-povecanja-zarazenih\\\/\",\"name\":\"Vlasnik kluba u Hrvatskoj: U BiH klubovi rade bez ikakva ograni\u010denja pa nema nikakvog pove\u0107anja zara\u017eenih - RADIO LJUBU\u0160KI\",\"isPartOf\":{\"@id\":\"https:\\\/\\\/radioljubuski.ba\\\/#website\"},\"primaryImageOfPage\":{\"@id\":\"https:\\\/\\\/radioljubuski.ba\\\/index.php\\\/2021\\\/07\\\/26\\\/vlasnik-kluba-u-hrvatskoj-u-bih-klubovi-rade-bez-ikakva-ogranicenja-pa-nema-nikakvog-povecanja-zarazenih\\\/#primaryimage\"},\"image\":{\"@id\":\"https:\\\/\\\/radioljubuski.ba\\\/index.php\\\/2021\\\/07\\\/26\\\/vlasnik-kluba-u-hrvatskoj-u-bih-klubovi-rade-bez-ikakva-ogranicenja-pa-nema-nikakvog-povecanja-zarazenih\\\/#primaryimage\"},\"thumbnailUrl\":\"https:\\\/\\\/radioljubuski.ba\\\/wp-content\\\/uploads\\\/2021\\\/07\\\/b0JW8HmY_zabava.jpg\",\"datePublished\":\"2021-07-26T13:07:57+00:00\",\"breadcrumb\":{\"@id\":\"https:\\\/\\\/radioljubuski.ba\\\/index.php\\\/2021\\\/07\\\/26\\\/vlasnik-kluba-u-hrvatskoj-u-bih-klubovi-rade-bez-ikakva-ogranicenja-pa-nema-nikakvog-povecanja-zarazenih\\\/#breadcrumb\"},\"inLanguage\":\"hr\",\"potentialAction\":[{\"@type\":\"ReadAction\",\"target\":[\"https:\\\/\\\/radioljubuski.ba\\\/index.php\\\/2021\\\/07\\\/26\\\/vlasnik-kluba-u-hrvatskoj-u-bih-klubovi-rade-bez-ikakva-ogranicenja-pa-nema-nikakvog-povecanja-zarazenih\\\/\"]}]},{\"@type\":\"ImageObject\",\"inLanguage\":\"hr\",\"@id\":\"https:\\\/\\\/radioljubuski.ba\\\/index.php\\\/2021\\\/07\\\/26\\\/vlasnik-kluba-u-hrvatskoj-u-bih-klubovi-rade-bez-ikakva-ogranicenja-pa-nema-nikakvog-povecanja-zarazenih\\\/#primaryimage\",\"url\":\"https:\\\/\\\/radioljubuski.ba\\\/wp-content\\\/uploads\\\/2021\\\/07\\\/b0JW8HmY_zabava.jpg\",\"contentUrl\":\"https:\\\/\\\/radioljubuski.ba\\\/wp-content\\\/uploads\\\/2021\\\/07\\\/b0JW8HmY_zabava.jpg\",\"width\":1000,\"height\":625},{\"@type\":\"BreadcrumbList\",\"@id\":\"https:\\\/\\\/radioljubuski.ba\\\/index.php\\\/2021\\\/07\\\/26\\\/vlasnik-kluba-u-hrvatskoj-u-bih-klubovi-rade-bez-ikakva-ogranicenja-pa-nema-nikakvog-povecanja-zarazenih\\\/#breadcrumb\",\"itemListElement\":[{\"@type\":\"ListItem\",\"position\":1,\"name\":\"Po\u010detna stranica\",\"item\":\"https:\\\/\\\/radioljubuski.ba\\\/\"},{\"@type\":\"ListItem\",\"position\":2,\"name\":\"Vlasnik kluba u Hrvatskoj: U BiH klubovi rade bez ikakva ograni\u010denja pa nema nikakvog pove\u0107anja zara\u017eenih\"}]},{\"@type\":\"WebSite\",\"@id\":\"https:\\\/\\\/radioljubuski.ba\\\/#website\",\"url\":\"https:\\\/\\\/radioljubuski.ba\\\/\",\"name\":\"Radio Ljubu\u0161ki\",\"description\":\"Sun\u010dana frekvencija Hercegovine\",\"publisher\":{\"@id\":\"https:\\\/\\\/radioljubuski.ba\\\/#organization\"},\"potentialAction\":[{\"@type\":\"SearchAction\",\"target\":{\"@type\":\"EntryPoint\",\"urlTemplate\":\"https:\\\/\\\/radioljubuski.ba\\\/?s={search_term_string}\"},\"query-input\":{\"@type\":\"PropertyValueSpecification\",\"valueRequired\":true,\"valueName\":\"search_term_string\"}}],\"inLanguage\":\"hr\"},{\"@type\":\"Organization\",\"@id\":\"https:\\\/\\\/radioljubuski.ba\\\/#organization\",\"name\":\"Radio Ljubu\u0161ki\",\"url\":\"https:\\\/\\\/radioljubuski.ba\\\/\",\"logo\":{\"@type\":\"ImageObject\",\"inLanguage\":\"hr\",\"@id\":\"https:\\\/\\\/radioljubuski.ba\\\/#\\\/schema\\\/logo\\\/image\\\/\",\"url\":\"https:\\\/\\\/radioljubuski.ba\\\/wp-content\\\/uploads\\\/2021\\\/02\\\/cropped-Radio_Ljubuski_logo1.jpg\",\"contentUrl\":\"https:\\\/\\\/radioljubuski.ba\\\/wp-content\\\/uploads\\\/2021\\\/02\\\/cropped-Radio_Ljubuski_logo1.jpg\",\"width\":512,\"height\":512,\"caption\":\"Radio Ljubu\u0161ki\"},\"image\":{\"@id\":\"https:\\\/\\\/radioljubuski.ba\\\/#\\\/schema\\\/logo\\\/image\\\/\"},\"sameAs\":[\"https:\\\/\\\/www.facebook.com\\\/Radiio-Ljubuski-1490835324566332\",\"https:\\\/\\\/x.com\\\/radioljubuski\",\"https:\\\/\\\/hr.linkedin.com\\\/company\\\/radio-ljubuski\",\"https:\\\/\\\/www.youtube.com\\\/channel\\\/UCHYaeO_n0Db3tjNGudGpXyw\"]},{\"@type\":\"Person\",\"@id\":\"https:\\\/\\\/radioljubuski.ba\\\/#\\\/schema\\\/person\\\/19fc700381a780f69665d7956c469e3b\",\"name\":\"Radio Ljubu\u0161ki\"}]}<\/script>\n<!-- \/ Yoast SEO plugin. -->","yoast_head_json":{"title":"Vlasnik kluba u Hrvatskoj: U BiH klubovi rade bez ikakva ograni\u010denja pa nema nikakvog pove\u0107anja zara\u017eenih - RADIO LJUBU\u0160KI","robots":{"index":"index","follow":"follow","max-snippet":"max-snippet:-1","max-image-preview":"max-image-preview:large","max-video-preview":"max-video-preview:-1"},"canonical":"https:\/\/radioljubuski.ba\/index.php\/2021\/07\/26\/vlasnik-kluba-u-hrvatskoj-u-bih-klubovi-rade-bez-ikakva-ogranicenja-pa-nema-nikakvog-povecanja-zarazenih\/","og_locale":"hr_HR","og_type":"article","og_title":"Vlasnik kluba u Hrvatskoj: U BiH klubovi rade bez ikakva ograni\u010denja pa nema nikakvog pove\u0107anja zara\u017eenih - RADIO LJUBU\u0160KI","og_description":"Domagoj Petri\u010devi\u0107 iz Udruge no\u0107nih klubova i barova, u N1 Studiju u\u017eivo govorio je o novim mjerama po kojima klubovi ponovno ne smiju raditi dulje od pono\u0107i. \u201cTo nisu otegotne okolnosti. Ovo je zapravo opet zabrana rada no\u0107nim klubovima. No\u0107ni \u017eivot po\u010dinje u pono\u0107 kada bi mi trebali zatvarati. Mjere nisu razumne, za\u0161to se uporno [&hellip;]","og_url":"https:\/\/radioljubuski.ba\/index.php\/2021\/07\/26\/vlasnik-kluba-u-hrvatskoj-u-bih-klubovi-rade-bez-ikakva-ogranicenja-pa-nema-nikakvog-povecanja-zarazenih\/","og_site_name":"RADIO LJUBU\u0160KI","article_publisher":"https:\/\/www.facebook.com\/Radiio-Ljubuski-1490835324566332","article_published_time":"2021-07-26T13:07:57+00:00","og_image":[{"width":1000,"height":625,"url":"https:\/\/radioljubuski.ba\/wp-content\/uploads\/2021\/07\/b0JW8HmY_zabava.jpg","type":"image\/jpeg"}],"author":"Radio Ljubu\u0161ki","twitter_card":"summary_large_image","twitter_creator":"@radioljubuski","twitter_site":"@radioljubuski","twitter_misc":{"Napisao\/la":"Radio Ljubu\u0161ki","Procijenjeno vrijeme \u010ditanja":"3 minute"},"schema":{"@context":"https:\/\/schema.org","@graph":[{"@type":"Article","@id":"https:\/\/radioljubuski.ba\/index.php\/2021\/07\/26\/vlasnik-kluba-u-hrvatskoj-u-bih-klubovi-rade-bez-ikakva-ogranicenja-pa-nema-nikakvog-povecanja-zarazenih\/#article","isPartOf":{"@id":"https:\/\/radioljubuski.ba\/index.php\/2021\/07\/26\/vlasnik-kluba-u-hrvatskoj-u-bih-klubovi-rade-bez-ikakva-ogranicenja-pa-nema-nikakvog-povecanja-zarazenih\/"},"author":{"name":"Radio Ljubu\u0161ki","@id":"https:\/\/radioljubuski.ba\/#\/schema\/person\/19fc700381a780f69665d7956c469e3b"},"headline":"Vlasnik kluba u Hrvatskoj: U BiH klubovi rade bez ikakva ograni\u010denja pa nema nikakvog pove\u0107anja zara\u017eenih","datePublished":"2021-07-26T13:07:57+00:00","mainEntityOfPage":{"@id":"https:\/\/radioljubuski.ba\/index.php\/2021\/07\/26\/vlasnik-kluba-u-hrvatskoj-u-bih-klubovi-rade-bez-ikakva-ogranicenja-pa-nema-nikakvog-povecanja-zarazenih\/"},"wordCount":669,"publisher":{"@id":"https:\/\/radioljubuski.ba\/#organization"},"image":{"@id":"https:\/\/radioljubuski.ba\/index.php\/2021\/07\/26\/vlasnik-kluba-u-hrvatskoj-u-bih-klubovi-rade-bez-ikakva-ogranicenja-pa-nema-nikakvog-povecanja-zarazenih\/#primaryimage"},"thumbnailUrl":"https:\/\/radioljubuski.ba\/wp-content\/uploads\/2021\/07\/b0JW8HmY_zabava.jpg","articleSection":["BIH i regija"],"inLanguage":"hr"},{"@type":"WebPage","@id":"https:\/\/radioljubuski.ba\/index.php\/2021\/07\/26\/vlasnik-kluba-u-hrvatskoj-u-bih-klubovi-rade-bez-ikakva-ogranicenja-pa-nema-nikakvog-povecanja-zarazenih\/","url":"https:\/\/radioljubuski.ba\/index.php\/2021\/07\/26\/vlasnik-kluba-u-hrvatskoj-u-bih-klubovi-rade-bez-ikakva-ogranicenja-pa-nema-nikakvog-povecanja-zarazenih\/","name":"Vlasnik kluba u Hrvatskoj: U BiH klubovi rade bez ikakva ograni\u010denja pa nema nikakvog pove\u0107anja zara\u017eenih - RADIO LJUBU\u0160KI","isPartOf":{"@id":"https:\/\/radioljubuski.ba\/#website"},"primaryImageOfPage":{"@id":"https:\/\/radioljubuski.ba\/index.php\/2021\/07\/26\/vlasnik-kluba-u-hrvatskoj-u-bih-klubovi-rade-bez-ikakva-ogranicenja-pa-nema-nikakvog-povecanja-zarazenih\/#primaryimage"},"image":{"@id":"https:\/\/radioljubuski.ba\/index.php\/2021\/07\/26\/vlasnik-kluba-u-hrvatskoj-u-bih-klubovi-rade-bez-ikakva-ogranicenja-pa-nema-nikakvog-povecanja-zarazenih\/#primaryimage"},"thumbnailUrl":"https:\/\/radioljubuski.ba\/wp-content\/uploads\/2021\/07\/b0JW8HmY_zabava.jpg","datePublished":"2021-07-26T13:07:57+00:00","breadcrumb":{"@id":"https:\/\/radioljubuski.ba\/index.php\/2021\/07\/26\/vlasnik-kluba-u-hrvatskoj-u-bih-klubovi-rade-bez-ikakva-ogranicenja-pa-nema-nikakvog-povecanja-zarazenih\/#breadcrumb"},"inLanguage":"hr","potentialAction":[{"@type":"ReadAction","target":["https:\/\/radioljubuski.ba\/index.php\/2021\/07\/26\/vlasnik-kluba-u-hrvatskoj-u-bih-klubovi-rade-bez-ikakva-ogranicenja-pa-nema-nikakvog-povecanja-zarazenih\/"]}]},{"@type":"ImageObject","inLanguage":"hr","@id":"https:\/\/radioljubuski.ba\/index.php\/2021\/07\/26\/vlasnik-kluba-u-hrvatskoj-u-bih-klubovi-rade-bez-ikakva-ogranicenja-pa-nema-nikakvog-povecanja-zarazenih\/#primaryimage","url":"https:\/\/radioljubuski.ba\/wp-content\/uploads\/2021\/07\/b0JW8HmY_zabava.jpg","contentUrl":"https:\/\/radioljubuski.ba\/wp-content\/uploads\/2021\/07\/b0JW8HmY_zabava.jpg","width":1000,"height":625},{"@type":"BreadcrumbList","@id":"https:\/\/radioljubuski.ba\/index.php\/2021\/07\/26\/vlasnik-kluba-u-hrvatskoj-u-bih-klubovi-rade-bez-ikakva-ogranicenja-pa-nema-nikakvog-povecanja-zarazenih\/#breadcrumb","itemListElement":[{"@type":"ListItem","position":1,"name":"Po\u010detna stranica","item":"https:\/\/radioljubuski.ba\/"},{"@type":"ListItem","position":2,"name":"Vlasnik kluba u Hrvatskoj: U BiH klubovi rade bez ikakva ograni\u010denja pa nema nikakvog pove\u0107anja zara\u017eenih"}]},{"@type":"WebSite","@id":"https:\/\/radioljubuski.ba\/#website","url":"https:\/\/radioljubuski.ba\/","name":"Radio Ljubu\u0161ki","description":"Sun\u010dana frekvencija Hercegovine","publisher":{"@id":"https:\/\/radioljubuski.ba\/#organization"},"potentialAction":[{"@type":"SearchAction","target":{"@type":"EntryPoint","urlTemplate":"https:\/\/radioljubuski.ba\/?s={search_term_string}"},"query-input":{"@type":"PropertyValueSpecification","valueRequired":true,"valueName":"search_term_string"}}],"inLanguage":"hr"},{"@type":"Organization","@id":"https:\/\/radioljubuski.ba\/#organization","name":"Radio Ljubu\u0161ki","url":"https:\/\/radioljubuski.ba\/","logo":{"@type":"ImageObject","inLanguage":"hr","@id":"https:\/\/radioljubuski.ba\/#\/schema\/logo\/image\/","url":"https:\/\/radioljubuski.ba\/wp-content\/uploads\/2021\/02\/cropped-Radio_Ljubuski_logo1.jpg","contentUrl":"https:\/\/radioljubuski.ba\/wp-content\/uploads\/2021\/02\/cropped-Radio_Ljubuski_logo1.jpg","width":512,"height":512,"caption":"Radio Ljubu\u0161ki"},"image":{"@id":"https:\/\/radioljubuski.ba\/#\/schema\/logo\/image\/"},"sameAs":["https:\/\/www.facebook.com\/Radiio-Ljubuski-1490835324566332","https:\/\/x.com\/radioljubuski","https:\/\/hr.linkedin.com\/company\/radio-ljubuski","https:\/\/www.youtube.com\/channel\/UCHYaeO_n0Db3tjNGudGpXyw"]},{"@type":"Person","@id":"https:\/\/radioljubuski.ba\/#\/schema\/person\/19fc700381a780f69665d7956c469e3b","name":"Radio Ljubu\u0161ki"}]}},"_links":{"self":[{"href":"https:\/\/radioljubuski.ba\/index.php\/wp-json\/wp\/v2\/posts\/46638","targetHints":{"allow":["GET"]}}],"collection":[{"href":"https:\/\/radioljubuski.ba\/index.php\/wp-json\/wp\/v2\/posts"}],"about":[{"href":"https:\/\/radioljubuski.ba\/index.php\/wp-json\/wp\/v2\/types\/post"}],"author":[{"embeddable":true,"href":"https:\/\/radioljubuski.ba\/index.php\/wp-json\/wp\/v2\/users\/2"}],"replies":[{"embeddable":true,"href":"https:\/\/radioljubuski.ba\/index.php\/wp-json\/wp\/v2\/comments?post=46638"}],"version-history":[{"count":1,"href":"https:\/\/radioljubuski.ba\/index.php\/wp-json\/wp\/v2\/posts\/46638\/revisions"}],"predecessor-version":[{"id":46640,"href":"https:\/\/radioljubuski.ba\/index.php\/wp-json\/wp\/v2\/posts\/46638\/revisions\/46640"}],"wp:featuredmedia":[{"embeddable":true,"href":"https:\/\/radioljubuski.ba\/index.php\/wp-json\/wp\/v2\/media\/46639"}],"wp:attachment":[{"href":"https:\/\/radioljubuski.ba\/index.php\/wp-json\/wp\/v2\/media?parent=46638"}],"wp:term":[{"taxonomy":"category","embeddable":true,"href":"https:\/\/radioljubuski.ba\/index.php\/wp-json\/wp\/v2\/categories?post=46638"},{"taxonomy":"post_tag","embeddable":true,"href":"https:\/\/radioljubuski.ba\/index.php\/wp-json\/wp\/v2\/tags?post=46638"}],"curies":[{"name":"wp","href":"https:\/\/api.w.org\/{rel}","templated":true}]}}