{"id":46641,"date":"2021-07-26T14:09:05","date_gmt":"2021-07-26T13:09:05","guid":{"rendered":"https:\/\/radioljubuski.ba\/?p=46641"},"modified":"2021-07-26T14:09:06","modified_gmt":"2021-07-26T13:09:06","slug":"mostar-potpisani-ugovori-o-realizaciji-mikrobiznisa-i-drustveno-korisnih-projekata","status":"publish","type":"post","link":"https:\/\/radioljubuski.ba\/index.php\/2021\/07\/26\/mostar-potpisani-ugovori-o-realizaciji-mikrobiznisa-i-drustveno-korisnih-projekata\/","title":{"rendered":"Mostar: Potpisani ugovori o realizaciji mikrobiznisa i dru\u0161tveno-korisnih projekata"},"content":{"rendered":"\n<p>U Mostaru su u ponedjeljak potpisani ugovori o realizaciji mikrobiznisa i dru\u0161tveno-korisnih projekata mladih koje podr\u017eavaju Fondacija Mozaik i Grad Mostar putem Omladinske banke Mostar.<\/p>\n\n\n\n<p>Po rije\u010dima \u010dlana Omladinske banke Mostar Haruna Kurtovi\u0107a, ugovori su potpisani s jedanaest korisnika, i to osam s dru\u0161tveno korisnim projektima i tri mikrobiznisa, \u010dija je vrijednost pojedina\u010dno do 2.000 maraka.<\/p>\n\n\n\n<p>Za projekte ne mogu aplicirati pravne osobe, nego isklju\u010divo neformalne grupe od 3 do 7 \u010dlanova, do 30 godina starosti sa \u017eeljom da urade dru\u0161tveno-koristan projekt u svojoj lokalnoj zajednici, kao \u0161to je ure\u0111enje parka, pru\u017eanje raznih usluga i sl., kazao je.&nbsp;<\/p>\n\n\n\n<p>Dario Tomi\u0107 (30) iz Mostara, koji je aplicirao za projekt mikrobiznisa, se nada da \u0107e njegov projekt za\u017eiviti i da \u0107e mu biti dostatna sredstva.<\/p>\n\n\n\n<p>Kako je pojasnio, rije\u010d &nbsp;je o projektu odr\u017eavanja groblja i grobnih mjesta, a namijenjen je prvenstveno onima koji \u017eive van svog rodnog mjesta i ne mogu obi\u0107i svoje najmilije.<\/p>\n\n\n\n<p>Omer Avdi\u0107 iz Mostara, korisnik dru\u0161tveno korisnog projekta pod nazivom &#8220;Festival kulture mladih&#8221; ka\u017ee kako njegov projekt podrazumjeva organiziranje koncerata, izlo\u017ebi i predstava u lokalnoj zajednici. &nbsp;<\/p>\n\n\n\n<p>Aplicirat se moglo putem javnog poziva koji je raspisala Omladinska banka Mostar na osnovu Memoranduma o suradnji koji je potpisan u svibnju. Nakon toga formiran je Odbor banke kojeg \u010dini 10 aktivnih mladih ljudi koji su pro\u0161li proces apliciranja, intervjuiranja i selekcije od strane Fondacije Mozaik.<\/p>\n\n\n\n<p>Uloga Odbora Omladinske banke Mostar bila je promocija Javnog poziva, a potom mentoriranje projekata, odnosno pru\u017eanje pomo\u0107i projektnim timovima i mikropoduzetnicima kako bi svoje aplikacije uskladili s pravilima i kriterijima.<\/p>\n\n\n\n<p>Poslije toga, svi projekti i mikrobiznisi i\u0161li su na kampanju glasanja, na na\u010din da je svaki pojedinac\/registrirani \u010dlan na platformi lonac.pro mogao glasati za odre\u0111eni projekat ili mikrobiznis, tako da je podr\u017eano ukupno osam projekata s najvi\u0161e osvojenih glasova i tri mikrobiznisa.<\/p>\n\n\n\n<p>Tijekom realizacije proces pra\u0107enja implementacije je izra\u017een, projektne grupe nemaju direktan doticaj s novcem, ve\u0107 se uplate vr\u0161e preko Fondacije Mozaik, prema jasno utvr\u0111enim kriterijima, a kada su u pitanju mikrobiznisi &#8211; potpisnici ugovora obvezuju se da \u0107e minimalno pola godine imati prijavljenog radnika i upla\u0107ivati sve doprinose, pojasnili su iz Omladinske banke Mostar.<\/p>\n\n\n\n<p>Izvor:pogled.ba<\/p>\n","protected":false},"excerpt":{"rendered":"<p>U Mostaru su u ponedjeljak potpisani ugovori o realizaciji mikrobiznisa i dru\u0161tveno-korisnih projekata mladih koje podr\u017eavaju Fondacija Mozaik i Grad Mostar putem Omladinske banke Mostar. Po rije\u010dima \u010dlana Omladinske banke Mostar Haruna Kurtovi\u0107a, ugovori su potpisani s jedanaest korisnika, i to osam s dru\u0161tveno korisnim projektima i tri mikrobiznisa, \u010dija je vrijednost pojedina\u010dno do 2.000 [&hellip;]<\/p>\n","protected":false},"author":2,"featured_media":46642,"comment_status":"closed","ping_status":"closed","sticky":false,"template":"","format":"standard","meta":{"h5ap_radio_sources":[],"footnotes":""},"categories":[1],"tags":[],"class_list":["post-46641","post","type-post","status-publish","format-standard","has-post-thumbnail","hentry","category-bihiregija"],"yoast_head":"<!-- This site is optimized with the Yoast SEO plugin v27.5 - https:\/\/yoast.com\/product\/yoast-seo-wordpress\/ -->\n<title>Mostar: Potpisani ugovori o realizaciji mikrobiznisa i dru\u0161tveno-korisnih projekata - RADIO LJUBU\u0160KI<\/title>\n<meta name=\"robots\" content=\"index, follow, max-snippet:-1, max-image-preview:large, max-video-preview:-1\" \/>\n<link rel=\"canonical\" href=\"https:\/\/radioljubuski.ba\/index.php\/2021\/07\/26\/mostar-potpisani-ugovori-o-realizaciji-mikrobiznisa-i-drustveno-korisnih-projekata\/\" \/>\n<meta property=\"og:locale\" content=\"hr_HR\" \/>\n<meta property=\"og:type\" content=\"article\" \/>\n<meta property=\"og:title\" content=\"Mostar: Potpisani ugovori o realizaciji mikrobiznisa i dru\u0161tveno-korisnih projekata - RADIO LJUBU\u0160KI\" \/>\n<meta property=\"og:description\" content=\"U Mostaru su u ponedjeljak potpisani ugovori o realizaciji mikrobiznisa i dru\u0161tveno-korisnih projekata mladih koje podr\u017eavaju Fondacija Mozaik i Grad Mostar putem Omladinske banke Mostar. Po rije\u010dima \u010dlana Omladinske banke Mostar Haruna Kurtovi\u0107a, ugovori su potpisani s jedanaest korisnika, i to osam s dru\u0161tveno korisnim projektima i tri mikrobiznisa, \u010dija je vrijednost pojedina\u010dno do 2.000 [&hellip;]\" \/>\n<meta property=\"og:url\" content=\"https:\/\/radioljubuski.ba\/index.php\/2021\/07\/26\/mostar-potpisani-ugovori-o-realizaciji-mikrobiznisa-i-drustveno-korisnih-projekata\/\" \/>\n<meta property=\"og:site_name\" content=\"RADIO LJUBU\u0160KI\" \/>\n<meta property=\"article:publisher\" content=\"https:\/\/www.facebook.com\/Radiio-Ljubuski-1490835324566332\" \/>\n<meta property=\"article:published_time\" content=\"2021-07-26T13:09:05+00:00\" \/>\n<meta property=\"article:modified_time\" content=\"2021-07-26T13:09:06+00:00\" \/>\n<meta property=\"og:image\" content=\"https:\/\/radioljubuski.ba\/wp-content\/uploads\/2021\/07\/2-2021-07-26-14-14-54-MIKROBIZNIS-MOSTAR.jpg\" \/>\n\t<meta property=\"og:image:width\" content=\"1000\" \/>\n\t<meta property=\"og:image:height\" content=\"625\" \/>\n\t<meta property=\"og:image:type\" content=\"image\/jpeg\" \/>\n<meta name=\"author\" content=\"Radio Ljubu\u0161ki\" \/>\n<meta name=\"twitter:card\" content=\"summary_large_image\" \/>\n<meta name=\"twitter:creator\" content=\"@radioljubuski\" \/>\n<meta name=\"twitter:site\" content=\"@radioljubuski\" \/>\n<meta name=\"twitter:label1\" content=\"Napisao\/la\" \/>\n\t<meta name=\"twitter:data1\" content=\"Radio Ljubu\u0161ki\" \/>\n\t<meta name=\"twitter:label2\" content=\"Procijenjeno vrijeme \u010ditanja\" \/>\n\t<meta name=\"twitter:data2\" content=\"2 minute\" \/>\n<script type=\"application\/ld+json\" class=\"yoast-schema-graph\">{\"@context\":\"https:\\\/\\\/schema.org\",\"@graph\":[{\"@type\":\"Article\",\"@id\":\"https:\\\/\\\/radioljubuski.ba\\\/index.php\\\/2021\\\/07\\\/26\\\/mostar-potpisani-ugovori-o-realizaciji-mikrobiznisa-i-drustveno-korisnih-projekata\\\/#article\",\"isPartOf\":{\"@id\":\"https:\\\/\\\/radioljubuski.ba\\\/index.php\\\/2021\\\/07\\\/26\\\/mostar-potpisani-ugovori-o-realizaciji-mikrobiznisa-i-drustveno-korisnih-projekata\\\/\"},\"author\":{\"name\":\"Radio Ljubu\u0161ki\",\"@id\":\"https:\\\/\\\/radioljubuski.ba\\\/#\\\/schema\\\/person\\\/19fc700381a780f69665d7956c469e3b\"},\"headline\":\"Mostar: Potpisani ugovori o realizaciji mikrobiznisa i dru\u0161tveno-korisnih projekata\",\"datePublished\":\"2021-07-26T13:09:05+00:00\",\"dateModified\":\"2021-07-26T13:09:06+00:00\",\"mainEntityOfPage\":{\"@id\":\"https:\\\/\\\/radioljubuski.ba\\\/index.php\\\/2021\\\/07\\\/26\\\/mostar-potpisani-ugovori-o-realizaciji-mikrobiznisa-i-drustveno-korisnih-projekata\\\/\"},\"wordCount\":391,\"publisher\":{\"@id\":\"https:\\\/\\\/radioljubuski.ba\\\/#organization\"},\"image\":{\"@id\":\"https:\\\/\\\/radioljubuski.ba\\\/index.php\\\/2021\\\/07\\\/26\\\/mostar-potpisani-ugovori-o-realizaciji-mikrobiznisa-i-drustveno-korisnih-projekata\\\/#primaryimage\"},\"thumbnailUrl\":\"https:\\\/\\\/radioljubuski.ba\\\/wp-content\\\/uploads\\\/2021\\\/07\\\/2-2021-07-26-14-14-54-MIKROBIZNIS-MOSTAR.jpg\",\"articleSection\":[\"BIH i regija\"],\"inLanguage\":\"hr\"},{\"@type\":\"WebPage\",\"@id\":\"https:\\\/\\\/radioljubuski.ba\\\/index.php\\\/2021\\\/07\\\/26\\\/mostar-potpisani-ugovori-o-realizaciji-mikrobiznisa-i-drustveno-korisnih-projekata\\\/\",\"url\":\"https:\\\/\\\/radioljubuski.ba\\\/index.php\\\/2021\\\/07\\\/26\\\/mostar-potpisani-ugovori-o-realizaciji-mikrobiznisa-i-drustveno-korisnih-projekata\\\/\",\"name\":\"Mostar: Potpisani ugovori o realizaciji mikrobiznisa i dru\u0161tveno-korisnih projekata - RADIO LJUBU\u0160KI\",\"isPartOf\":{\"@id\":\"https:\\\/\\\/radioljubuski.ba\\\/#website\"},\"primaryImageOfPage\":{\"@id\":\"https:\\\/\\\/radioljubuski.ba\\\/index.php\\\/2021\\\/07\\\/26\\\/mostar-potpisani-ugovori-o-realizaciji-mikrobiznisa-i-drustveno-korisnih-projekata\\\/#primaryimage\"},\"image\":{\"@id\":\"https:\\\/\\\/radioljubuski.ba\\\/index.php\\\/2021\\\/07\\\/26\\\/mostar-potpisani-ugovori-o-realizaciji-mikrobiznisa-i-drustveno-korisnih-projekata\\\/#primaryimage\"},\"thumbnailUrl\":\"https:\\\/\\\/radioljubuski.ba\\\/wp-content\\\/uploads\\\/2021\\\/07\\\/2-2021-07-26-14-14-54-MIKROBIZNIS-MOSTAR.jpg\",\"datePublished\":\"2021-07-26T13:09:05+00:00\",\"dateModified\":\"2021-07-26T13:09:06+00:00\",\"breadcrumb\":{\"@id\":\"https:\\\/\\\/radioljubuski.ba\\\/index.php\\\/2021\\\/07\\\/26\\\/mostar-potpisani-ugovori-o-realizaciji-mikrobiznisa-i-drustveno-korisnih-projekata\\\/#breadcrumb\"},\"inLanguage\":\"hr\",\"potentialAction\":[{\"@type\":\"ReadAction\",\"target\":[\"https:\\\/\\\/radioljubuski.ba\\\/index.php\\\/2021\\\/07\\\/26\\\/mostar-potpisani-ugovori-o-realizaciji-mikrobiznisa-i-drustveno-korisnih-projekata\\\/\"]}]},{\"@type\":\"ImageObject\",\"inLanguage\":\"hr\",\"@id\":\"https:\\\/\\\/radioljubuski.ba\\\/index.php\\\/2021\\\/07\\\/26\\\/mostar-potpisani-ugovori-o-realizaciji-mikrobiznisa-i-drustveno-korisnih-projekata\\\/#primaryimage\",\"url\":\"https:\\\/\\\/radioljubuski.ba\\\/wp-content\\\/uploads\\\/2021\\\/07\\\/2-2021-07-26-14-14-54-MIKROBIZNIS-MOSTAR.jpg\",\"contentUrl\":\"https:\\\/\\\/radioljubuski.ba\\\/wp-content\\\/uploads\\\/2021\\\/07\\\/2-2021-07-26-14-14-54-MIKROBIZNIS-MOSTAR.jpg\",\"width\":1000,\"height\":625},{\"@type\":\"BreadcrumbList\",\"@id\":\"https:\\\/\\\/radioljubuski.ba\\\/index.php\\\/2021\\\/07\\\/26\\\/mostar-potpisani-ugovori-o-realizaciji-mikrobiznisa-i-drustveno-korisnih-projekata\\\/#breadcrumb\",\"itemListElement\":[{\"@type\":\"ListItem\",\"position\":1,\"name\":\"Po\u010detna stranica\",\"item\":\"https:\\\/\\\/radioljubuski.ba\\\/\"},{\"@type\":\"ListItem\",\"position\":2,\"name\":\"Mostar: Potpisani ugovori o realizaciji mikrobiznisa i dru\u0161tveno-korisnih projekata\"}]},{\"@type\":\"WebSite\",\"@id\":\"https:\\\/\\\/radioljubuski.ba\\\/#website\",\"url\":\"https:\\\/\\\/radioljubuski.ba\\\/\",\"name\":\"Radio Ljubu\u0161ki\",\"description\":\"Sun\u010dana frekvencija Hercegovine\",\"publisher\":{\"@id\":\"https:\\\/\\\/radioljubuski.ba\\\/#organization\"},\"potentialAction\":[{\"@type\":\"SearchAction\",\"target\":{\"@type\":\"EntryPoint\",\"urlTemplate\":\"https:\\\/\\\/radioljubuski.ba\\\/?s={search_term_string}\"},\"query-input\":{\"@type\":\"PropertyValueSpecification\",\"valueRequired\":true,\"valueName\":\"search_term_string\"}}],\"inLanguage\":\"hr\"},{\"@type\":\"Organization\",\"@id\":\"https:\\\/\\\/radioljubuski.ba\\\/#organization\",\"name\":\"Radio Ljubu\u0161ki\",\"url\":\"https:\\\/\\\/radioljubuski.ba\\\/\",\"logo\":{\"@type\":\"ImageObject\",\"inLanguage\":\"hr\",\"@id\":\"https:\\\/\\\/radioljubuski.ba\\\/#\\\/schema\\\/logo\\\/image\\\/\",\"url\":\"https:\\\/\\\/radioljubuski.ba\\\/wp-content\\\/uploads\\\/2021\\\/02\\\/cropped-Radio_Ljubuski_logo1.jpg\",\"contentUrl\":\"https:\\\/\\\/radioljubuski.ba\\\/wp-content\\\/uploads\\\/2021\\\/02\\\/cropped-Radio_Ljubuski_logo1.jpg\",\"width\":512,\"height\":512,\"caption\":\"Radio Ljubu\u0161ki\"},\"image\":{\"@id\":\"https:\\\/\\\/radioljubuski.ba\\\/#\\\/schema\\\/logo\\\/image\\\/\"},\"sameAs\":[\"https:\\\/\\\/www.facebook.com\\\/Radiio-Ljubuski-1490835324566332\",\"https:\\\/\\\/x.com\\\/radioljubuski\",\"https:\\\/\\\/hr.linkedin.com\\\/company\\\/radio-ljubuski\",\"https:\\\/\\\/www.youtube.com\\\/channel\\\/UCHYaeO_n0Db3tjNGudGpXyw\"]},{\"@type\":\"Person\",\"@id\":\"https:\\\/\\\/radioljubuski.ba\\\/#\\\/schema\\\/person\\\/19fc700381a780f69665d7956c469e3b\",\"name\":\"Radio Ljubu\u0161ki\"}]}<\/script>\n<!-- \/ Yoast SEO plugin. -->","yoast_head_json":{"title":"Mostar: Potpisani ugovori o realizaciji mikrobiznisa i dru\u0161tveno-korisnih projekata - RADIO LJUBU\u0160KI","robots":{"index":"index","follow":"follow","max-snippet":"max-snippet:-1","max-image-preview":"max-image-preview:large","max-video-preview":"max-video-preview:-1"},"canonical":"https:\/\/radioljubuski.ba\/index.php\/2021\/07\/26\/mostar-potpisani-ugovori-o-realizaciji-mikrobiznisa-i-drustveno-korisnih-projekata\/","og_locale":"hr_HR","og_type":"article","og_title":"Mostar: Potpisani ugovori o realizaciji mikrobiznisa i dru\u0161tveno-korisnih projekata - RADIO LJUBU\u0160KI","og_description":"U Mostaru su u ponedjeljak potpisani ugovori o realizaciji mikrobiznisa i dru\u0161tveno-korisnih projekata mladih koje podr\u017eavaju Fondacija Mozaik i Grad Mostar putem Omladinske banke Mostar. Po rije\u010dima \u010dlana Omladinske banke Mostar Haruna Kurtovi\u0107a, ugovori su potpisani s jedanaest korisnika, i to osam s dru\u0161tveno korisnim projektima i tri mikrobiznisa, \u010dija je vrijednost pojedina\u010dno do 2.000 [&hellip;]","og_url":"https:\/\/radioljubuski.ba\/index.php\/2021\/07\/26\/mostar-potpisani-ugovori-o-realizaciji-mikrobiznisa-i-drustveno-korisnih-projekata\/","og_site_name":"RADIO LJUBU\u0160KI","article_publisher":"https:\/\/www.facebook.com\/Radiio-Ljubuski-1490835324566332","article_published_time":"2021-07-26T13:09:05+00:00","article_modified_time":"2021-07-26T13:09:06+00:00","og_image":[{"width":1000,"height":625,"url":"https:\/\/radioljubuski.ba\/wp-content\/uploads\/2021\/07\/2-2021-07-26-14-14-54-MIKROBIZNIS-MOSTAR.jpg","type":"image\/jpeg"}],"author":"Radio Ljubu\u0161ki","twitter_card":"summary_large_image","twitter_creator":"@radioljubuski","twitter_site":"@radioljubuski","twitter_misc":{"Napisao\/la":"Radio Ljubu\u0161ki","Procijenjeno vrijeme \u010ditanja":"2 minute"},"schema":{"@context":"https:\/\/schema.org","@graph":[{"@type":"Article","@id":"https:\/\/radioljubuski.ba\/index.php\/2021\/07\/26\/mostar-potpisani-ugovori-o-realizaciji-mikrobiznisa-i-drustveno-korisnih-projekata\/#article","isPartOf":{"@id":"https:\/\/radioljubuski.ba\/index.php\/2021\/07\/26\/mostar-potpisani-ugovori-o-realizaciji-mikrobiznisa-i-drustveno-korisnih-projekata\/"},"author":{"name":"Radio Ljubu\u0161ki","@id":"https:\/\/radioljubuski.ba\/#\/schema\/person\/19fc700381a780f69665d7956c469e3b"},"headline":"Mostar: Potpisani ugovori o realizaciji mikrobiznisa i dru\u0161tveno-korisnih projekata","datePublished":"2021-07-26T13:09:05+00:00","dateModified":"2021-07-26T13:09:06+00:00","mainEntityOfPage":{"@id":"https:\/\/radioljubuski.ba\/index.php\/2021\/07\/26\/mostar-potpisani-ugovori-o-realizaciji-mikrobiznisa-i-drustveno-korisnih-projekata\/"},"wordCount":391,"publisher":{"@id":"https:\/\/radioljubuski.ba\/#organization"},"image":{"@id":"https:\/\/radioljubuski.ba\/index.php\/2021\/07\/26\/mostar-potpisani-ugovori-o-realizaciji-mikrobiznisa-i-drustveno-korisnih-projekata\/#primaryimage"},"thumbnailUrl":"https:\/\/radioljubuski.ba\/wp-content\/uploads\/2021\/07\/2-2021-07-26-14-14-54-MIKROBIZNIS-MOSTAR.jpg","articleSection":["BIH i regija"],"inLanguage":"hr"},{"@type":"WebPage","@id":"https:\/\/radioljubuski.ba\/index.php\/2021\/07\/26\/mostar-potpisani-ugovori-o-realizaciji-mikrobiznisa-i-drustveno-korisnih-projekata\/","url":"https:\/\/radioljubuski.ba\/index.php\/2021\/07\/26\/mostar-potpisani-ugovori-o-realizaciji-mikrobiznisa-i-drustveno-korisnih-projekata\/","name":"Mostar: Potpisani ugovori o realizaciji mikrobiznisa i dru\u0161tveno-korisnih projekata - RADIO LJUBU\u0160KI","isPartOf":{"@id":"https:\/\/radioljubuski.ba\/#website"},"primaryImageOfPage":{"@id":"https:\/\/radioljubuski.ba\/index.php\/2021\/07\/26\/mostar-potpisani-ugovori-o-realizaciji-mikrobiznisa-i-drustveno-korisnih-projekata\/#primaryimage"},"image":{"@id":"https:\/\/radioljubuski.ba\/index.php\/2021\/07\/26\/mostar-potpisani-ugovori-o-realizaciji-mikrobiznisa-i-drustveno-korisnih-projekata\/#primaryimage"},"thumbnailUrl":"https:\/\/radioljubuski.ba\/wp-content\/uploads\/2021\/07\/2-2021-07-26-14-14-54-MIKROBIZNIS-MOSTAR.jpg","datePublished":"2021-07-26T13:09:05+00:00","dateModified":"2021-07-26T13:09:06+00:00","breadcrumb":{"@id":"https:\/\/radioljubuski.ba\/index.php\/2021\/07\/26\/mostar-potpisani-ugovori-o-realizaciji-mikrobiznisa-i-drustveno-korisnih-projekata\/#breadcrumb"},"inLanguage":"hr","potentialAction":[{"@type":"ReadAction","target":["https:\/\/radioljubuski.ba\/index.php\/2021\/07\/26\/mostar-potpisani-ugovori-o-realizaciji-mikrobiznisa-i-drustveno-korisnih-projekata\/"]}]},{"@type":"ImageObject","inLanguage":"hr","@id":"https:\/\/radioljubuski.ba\/index.php\/2021\/07\/26\/mostar-potpisani-ugovori-o-realizaciji-mikrobiznisa-i-drustveno-korisnih-projekata\/#primaryimage","url":"https:\/\/radioljubuski.ba\/wp-content\/uploads\/2021\/07\/2-2021-07-26-14-14-54-MIKROBIZNIS-MOSTAR.jpg","contentUrl":"https:\/\/radioljubuski.ba\/wp-content\/uploads\/2021\/07\/2-2021-07-26-14-14-54-MIKROBIZNIS-MOSTAR.jpg","width":1000,"height":625},{"@type":"BreadcrumbList","@id":"https:\/\/radioljubuski.ba\/index.php\/2021\/07\/26\/mostar-potpisani-ugovori-o-realizaciji-mikrobiznisa-i-drustveno-korisnih-projekata\/#breadcrumb","itemListElement":[{"@type":"ListItem","position":1,"name":"Po\u010detna stranica","item":"https:\/\/radioljubuski.ba\/"},{"@type":"ListItem","position":2,"name":"Mostar: Potpisani ugovori o realizaciji mikrobiznisa i dru\u0161tveno-korisnih projekata"}]},{"@type":"WebSite","@id":"https:\/\/radioljubuski.ba\/#website","url":"https:\/\/radioljubuski.ba\/","name":"Radio Ljubu\u0161ki","description":"Sun\u010dana frekvencija Hercegovine","publisher":{"@id":"https:\/\/radioljubuski.ba\/#organization"},"potentialAction":[{"@type":"SearchAction","target":{"@type":"EntryPoint","urlTemplate":"https:\/\/radioljubuski.ba\/?s={search_term_string}"},"query-input":{"@type":"PropertyValueSpecification","valueRequired":true,"valueName":"search_term_string"}}],"inLanguage":"hr"},{"@type":"Organization","@id":"https:\/\/radioljubuski.ba\/#organization","name":"Radio Ljubu\u0161ki","url":"https:\/\/radioljubuski.ba\/","logo":{"@type":"ImageObject","inLanguage":"hr","@id":"https:\/\/radioljubuski.ba\/#\/schema\/logo\/image\/","url":"https:\/\/radioljubuski.ba\/wp-content\/uploads\/2021\/02\/cropped-Radio_Ljubuski_logo1.jpg","contentUrl":"https:\/\/radioljubuski.ba\/wp-content\/uploads\/2021\/02\/cropped-Radio_Ljubuski_logo1.jpg","width":512,"height":512,"caption":"Radio Ljubu\u0161ki"},"image":{"@id":"https:\/\/radioljubuski.ba\/#\/schema\/logo\/image\/"},"sameAs":["https:\/\/www.facebook.com\/Radiio-Ljubuski-1490835324566332","https:\/\/x.com\/radioljubuski","https:\/\/hr.linkedin.com\/company\/radio-ljubuski","https:\/\/www.youtube.com\/channel\/UCHYaeO_n0Db3tjNGudGpXyw"]},{"@type":"Person","@id":"https:\/\/radioljubuski.ba\/#\/schema\/person\/19fc700381a780f69665d7956c469e3b","name":"Radio Ljubu\u0161ki"}]}},"_links":{"self":[{"href":"https:\/\/radioljubuski.ba\/index.php\/wp-json\/wp\/v2\/posts\/46641","targetHints":{"allow":["GET"]}}],"collection":[{"href":"https:\/\/radioljubuski.ba\/index.php\/wp-json\/wp\/v2\/posts"}],"about":[{"href":"https:\/\/radioljubuski.ba\/index.php\/wp-json\/wp\/v2\/types\/post"}],"author":[{"embeddable":true,"href":"https:\/\/radioljubuski.ba\/index.php\/wp-json\/wp\/v2\/users\/2"}],"replies":[{"embeddable":true,"href":"https:\/\/radioljubuski.ba\/index.php\/wp-json\/wp\/v2\/comments?post=46641"}],"version-history":[{"count":1,"href":"https:\/\/radioljubuski.ba\/index.php\/wp-json\/wp\/v2\/posts\/46641\/revisions"}],"predecessor-version":[{"id":46643,"href":"https:\/\/radioljubuski.ba\/index.php\/wp-json\/wp\/v2\/posts\/46641\/revisions\/46643"}],"wp:featuredmedia":[{"embeddable":true,"href":"https:\/\/radioljubuski.ba\/index.php\/wp-json\/wp\/v2\/media\/46642"}],"wp:attachment":[{"href":"https:\/\/radioljubuski.ba\/index.php\/wp-json\/wp\/v2\/media?parent=46641"}],"wp:term":[{"taxonomy":"category","embeddable":true,"href":"https:\/\/radioljubuski.ba\/index.php\/wp-json\/wp\/v2\/categories?post=46641"},{"taxonomy":"post_tag","embeddable":true,"href":"https:\/\/radioljubuski.ba\/index.php\/wp-json\/wp\/v2\/tags?post=46641"}],"curies":[{"name":"wp","href":"https:\/\/api.w.org\/{rel}","templated":true}]}}