{"id":46777,"date":"2021-07-27T10:30:57","date_gmt":"2021-07-27T09:30:57","guid":{"rendered":"https:\/\/radioljubuski.ba\/?p=46777"},"modified":"2021-07-27T10:30:58","modified_gmt":"2021-07-27T09:30:58","slug":"fra-miljenko-stojic-zelimo-da-nasi-susjedi-osjete-toplinu-nase-krscanske-ljubavi","status":"publish","type":"post","link":"https:\/\/radioljubuski.ba\/index.php\/2021\/07\/27\/fra-miljenko-stojic-zelimo-da-nasi-susjedi-osjete-toplinu-nase-krscanske-ljubavi\/","title":{"rendered":"Fra Miljenko Stoji\u0107: \u017delimo da na\u0161i susjedi osjete toplinu na\u0161e kr\u0161\u0107anske ljubavi"},"content":{"rendered":"\n<p>U \u0160vicarskoj sam upoznao jednu udrugu REGA (Rettungsgeselschaft \u2013 dru\u0161tvo za spa\u0161avanje). U\u010dlanio sam se u ovu udrugu. Ima oko 3,7 milijuna \u010dlanskih iskaznica (\u010dlanova je jo\u0161 vi\u0161e jer postoje obiteljske iskaznice) u dr\u017eavi koja ima oko 8,3 milijuna stanovnika. Pomislio sam: kako bi bilo dobro kad bi ljudi kod nas bili svjesni kao \u0161to su tamo.<\/p>\n\n\n\n<p>Mi u Udruzi imamo oko 300 \u010dlanova, a najmanje je onih koji redovito upla\u0107uju \u010dlanarinu. Ali \u010dine \u010duda \u2013 imaju \u010dak i avionski prijevoz bolesnika u slu\u010daju oboljenja ili nesre\u0107e. Prijevoz je besplatan za sve \u010dlanove Udruge. Na inicijativu fra Miljenka Mike Stoji\u0107a, nakon opse\u017enih priprema i savjetovanja, u travnju 2011. godine utemeljena je Humanitarna udruga \u201cFra Didak Bunti\u0107\u201d \u010citluk. Udruga nosi ime slavnog hercegova\u010dkog fratra dobrotvora fra Didaka Bunti\u0107a koji je rodom iz op\u0107ine \u010citluk. Kako danas stoji Udruga, najbolje zna fra Miljenko Mika Stoji\u0107, predsjednik i osniva\u010d Udruge, koji je trenuta\u010dno na slu\u017ebi u \u0160vicarskoj, pi\u0161e Ve\u010dernji list BiH.<\/p>\n\n\n\n<p><strong>&nbsp;Kada ste osnovali Udrugu, \u0161to vam je bila osnovna namjera?<\/strong><\/p>\n\n\n\n<p>&#8211; Svjedoci smo da je svaki dan te\u017ee onima koji su siroma\u0161ni, bolesni, ugro\u017eeni, stari i nemo\u0107ni. Kao vjernici kr\u0161\u0107ani, katolici ne smijemo o\u010dajavati i zdvajati, nego nam je du\u017enost pomo\u0107i onima kojima je na\u0161a pomo\u0107 najpotrebnija. Mi vjernici ne smijemo ostati gluhi ni nijemi ni pasivni na Isusov poziv na djelatnu i djelotvornu ljubav.<\/p>\n\n\n\n<p>Ljubav se pokazuje djelima, isto tako i vjera. Ako spojimo u djelo vjeru i ljubav, onda \u0107e rezultat biti nada \u2013 nada za sve one koji su o\u010dajni, osamljeni, beznadni, siroma\u0161ni, ostavljeni ugro\u017eeni. Ljubavi ima me\u0111u nama, ima je jer je pokazujemo darivanjem. No, ima onih \u010dija je ljubav zaspala. Treba je probuditi. Ljubav treba i organizirati. Evo, mi to radimo na razini Brotnja, na razini na\u0161e op\u0107ine \u010citluk. To je na\u0161 prostor. Ali od 2011., otkako smo utemeljili Udrugu, mi smo pro\u0161irili podru\u010dje svoga djelovanja jer ne \u017eelimo postaviti granice ni dobroti ni potrebnicima. K tomu, sura\u0111ujemo i s Udrugom \u201cKap ljubavi\u201d iz Tomislavgrada te s Humanitarnom organizacijom \u201cKruh svetog Ante\u201d iz Sarajeva. U posljednje vrijeme sura\u0111ujemo i s Udrugom \u201cMarijine ruke\u201d iz Me\u0111ugorja. &nbsp;<\/p>\n\n\n\n<p><strong>Otkuda ideja o ovakvoj udruzi?<\/strong><\/p>\n\n\n\n<p>&#8211; Kad sam bio u SAD-u prije tridesetak godina, to\u010dnije u ljeto 1990. godine, vidio sam kako funkcionira jedna ameri\u010dka \u017eupa koja ima 1200 vjernika. Zadivila me njihova aktivnost, sloga i u\u010dinkovitost. Karakteristi\u010dno je za Amerikance da su oni u vjeri ili-ili, tj. ili su aktivni \u010dlanovi \u017eupe ili bje\u017ee od \u017eupe, ali kad se odmaknu od \u017eupe, odmaknu se potpuno. Vi\u0161e ih ni tra\u010d ne povezuje sa \u017eupom.<\/p>\n\n\n\n<p>Kod njih je pravilo \u201cpoljubi i ostavi\u201d ako ti se ne\u0161to ne svi\u0111a. Barem je tako u to vrijeme bilo na terenu koji je meni bio dostupan. Kad sam se vratio u domovinu, odmah sam s nekoliko \u017eupljana podijelio ove informacije i iskustvo i mi smo u \u0160. Brijegu utemeljili udrugu koju smo nazvali Hrvatska vjerni\u010dka zajednica \u201cFra Didak Bunti\u0107\u201d. Ta udruga djelovala je jedno vrijeme i \u010dim se promijenila vlast, mi smo je registrirali kao udrugu gra\u0111ana na Vi\u0161em sudu u Mostaru. Na dokumentu o registraciji novo je zaglavlje, ali je ostao pe\u010dat Socijalisti\u010dke Republike Bosne i Hercegovine. Zahvaljuju\u0107i ovoj udruzi, u\u010dinili smo mnogo dobra na prostoru op\u0107ine \u0160iroki Brijeg, ali i \u0161ire. Na\u017ealost, kad sam oti\u0161ao iz \u0160. Brijega, ova se udruga polako gasila, jedino je jedan vrlo dobri i odani voza\u010d, Milijan Mi\u0107o Mandi\u0107, nastavio raditi za bolesne u suradnji s \u010d. s. Tje\u0161imirom Grgi\u0107, koja je kao medicinska sestra bila djelatnica Doma zdravlja u \u0160. Brijegu, a nakon radnog vremena 8 sati radila je za bolesnike na prostoru op\u0107ine \u0160. Brijeg. &nbsp;<\/p>\n\n\n\n<p><strong>Odluka o ponovnom osnivanju Udruge?<\/strong><\/p>\n\n\n\n<p>&#8211; Jednom prigodom, dok je u Gradni\u0107ima bio \u017eupnik fra Marinko \u0160akota (sada\u0161nji me\u0111ugorski \u017eupnik), dobio sam priznanje na Danima fra Didaka Bunti\u0107a za nasljedovanje fra Didakova humanitarnog rada. Tada sam u sebi \u010dvrsto odlu\u010dio i rekao naglas pred okupljenima u Gradni\u0107ima da \u017eelim obnoviti rad spomenute udruge ovdje u \u010citluku, u Brotnju, na sli\u010dan na\u010din kako je to bilo u \u0160irokom Brijegu.<\/p>\n\n\n\n<p>Mnoge obveze u \u017eupi \u010citluk i u Bro\u0107anskom dekanatu te obveze oko organizacije hodo\u010da\u0161\u0107a u Svetu Zemlju i druga sveti\u0161ta prije\u010dile su me u mojoj namjeri. No, kad sam dobio du\u017enost u Caritasu Biskupske konferencije BiH u Sarajevu, nakon uvodnih snala\u017eenja i ulaska u posao, odlu\u010dio sam ostvariti spomenutu namjeru. Rekao sam sam sebi: ako mogu obavljati ovu du\u017enost za BK BiH, onda svakako to isto \u017eelim i moram na poseban na\u010din za svoj kraj \u2013 organizirati pomo\u0107 za potrebite \u2013 na manjem prostoru, ali u\u010dinkovitije. Mnogo mi je pomogao velikodu\u0161ni pravnik g. Damir Barbari\u0107 iz \u0160. Brijega, koji mi je besplatno uradio Statut Udruge i obavio sve poslove oko pravne registracije Udruge. &nbsp;<\/p>\n\n\n\n<p><strong>\u010cemu ovakva udruga?<\/strong><\/p>\n\n\n\n<p>&#8211; Osnovali smo Udrugu koja \u0107e biti na\u0161a, za nas. \u017delimo da na\u0161i susjedi osjete toplinu na\u0161e kr\u0161\u0107anske ljubavi. Ako je fra Didak Bunti\u0107 u svoje vrijeme u\u010dinio do danas nenadma\u0161eno djelo, \u0161to nas prije\u010di da mi danas uradimo malo vi\u0161e dobra nego \u0161to ga \u010dinimo? Mo\u017ee se! A pogotovo \u0107emo mo\u0107i ako nam se pridru\u017ei ve\u0107i broj ljudi i ako nas bude mnogo.<\/p>\n\n\n\n<p>Du\u017enost je \u010dlanova raditi na \u0161irenju Udruge. Svaki \u010dlan Udruge du\u017ean je, po naravi stvari, raditi na \u0161irenju Udruge. To \u0107e pomo\u0107i da ona postane poznata i u\u010dinkovita. \u0160to bude ve\u0107i broj ljudi uklju\u010den u Udrugu, ona \u0107e mo\u0107i bolje djelovati i obrnuto. &nbsp;<\/p>\n\n\n\n<p><strong>Glavne zada\u0107e i ciljevi Udruge?<\/strong><\/p>\n\n\n\n<p>&#8211; Pomagati siroma\u0161nima, bolesnima i svim potrebitima! Isto tako, cilj nam je odgajati i poticati svekoliko pu\u010danstvo na darivanje i humanitarni rad. Na poseban na\u010din \u017eelimo poticati \u010dlanove obitelji i rodbinu da se brinu za svoje, a ne da to uvijek prebacuju na druge kako, na\u017ealost, \u010desto mo\u017eemo vidjeti iz djelovanja i izvje\u0161\u0107a, slu\u017ebenih i neslu\u017ebenih, raznih dobrotvornih udruga i ustanova. &nbsp;<\/p>\n\n\n\n<p><strong>Koji su ciljevi djelovanja Udruge?<\/strong><\/p>\n\n\n\n<p>&#8211; Prije svega, pomagati bolesnima i siroma\u0161nima; brinuti se za ugro\u017eene svih vrsta; pomagati djeci bez roditelja ili djeci iz razorenih brakova; stipendirati najsiroma\u0161nije studente; brinuti se za nezbrinute starce i starice, posebno one koji nemaju potomstva ili su napu\u0161teni; organizirati ku\u0107nu njegu za te\u0161ke bolesnike; organizirati palijativnu njegu za bolesnike; aktivirati mlade u svim navedenim aktivnostima da se odmaknu od ovisnosti; pomagati organizacijama koje se brinu o ovisnicima; pomagati fizi\u010dkim i pravnim osobama koje proizvode ekolo\u0161ku hranu; pomagati ekolo\u0161kim udrugama i pokretima; organizirati ekolo\u0161ke akcije u cilju o\u010duvanja okoli\u0161a od zaga\u0111enja. &nbsp;<\/p>\n\n\n\n<p><strong>Udruga nosi ime slavnog hercegova\u010dkog fratra, dobrotvora fra Didaka Bunti\u0107a.<\/strong><\/p>\n\n\n\n<p>&#8211; Kako je fra Didak rodom iz op\u0107ine \u010citluk, a Udruga upravo \u017eeli djelovati na prostoru op\u0107ine \u010citluk, slijede\u0107i misli i djela velikog franjevca koji je spa\u0161avao Hercegovinu od gladi, posebice u razdoblju od 1914. do 1920. godine, razumno je bilo i Udrugu nazvati po njegovu imenu. &nbsp;<\/p>\n\n\n\n<p><strong>Stanje danas?<\/strong><\/p>\n\n\n\n<p>&#8211; Trudili smo se i trudit \u0107emo se da Udruga vr\u0161i svoju misiju. Trenuta\u010dno imamo na raspolaganju oko 120 elektri\u010dnih kreveta za bolesnike. Djelujemo mnogo \u0161ire od prostora op\u0107ine \u010citluk. Sura\u0111ujemo s Udrugom \u201cKap ljubavi\u201d iz Tomislavgrada. Njima smo darovali 20-ak elektri\u010dnih kreveta. Darovali smo i Humanitarno-karitativnoj organizaciji \u201cKruh svetog Ante\u201d, Sarajevo, deset elektri\u010dnih kreveta za potrebe bolesnika u Sarajevu i 16 kreveta za potrebe bolesnika u Posavini (skladi\u0161te u Ora\u0161ju). Imamo i drugih medicinskih pomagala koja besplatno iznajmljujemo bolesnicima. Budu\u0107i da sam ja na radu u \u0160vicarskoj, sve upravne poslove Udruge vr\u0161i tajnik Pero Petru\u0161i\u0107. Skladi\u0161te vodi predsjednik MZ-a Dragi\u0107ina Mate Stoji\u0107. Obojica rade kao volonteri. &nbsp;<\/p>\n\n\n\n<p><strong>Godi\u0161nja skup\u0161tina Udruge?<\/strong><\/p>\n\n\n\n<p>&#8211; Pro\u0161le godine zbog situacije s koronavirusom nismo mogli odr\u017eati godi\u0161nju skup\u0161tinu. Ove godine skup\u0161tina \u0107e biti u subotu, 31. srpnja 2021., s po\u010detkom u 17 sati kod crkve u \u010cerinu. \u010clanovi mogu do\u0107i i uplatiti \u010dlanarinu kojom podr\u017eavaju rad na\u0161e Udruge.<\/p>\n\n\n\n<p>Izvor:vecernji.ba<\/p>\n","protected":false},"excerpt":{"rendered":"<p>U \u0160vicarskoj sam upoznao jednu udrugu REGA (Rettungsgeselschaft \u2013 dru\u0161tvo za spa\u0161avanje). U\u010dlanio sam se u ovu udrugu. Ima oko 3,7 milijuna \u010dlanskih iskaznica (\u010dlanova je jo\u0161 vi\u0161e jer postoje obiteljske iskaznice) u dr\u017eavi koja ima oko 8,3 milijuna stanovnika. Pomislio sam: kako bi bilo dobro kad bi ljudi kod nas bili svjesni kao \u0161to [&hellip;]<\/p>\n","protected":false},"author":2,"featured_media":46778,"comment_status":"closed","ping_status":"closed","sticky":false,"template":"","format":"standard","meta":{"h5ap_radio_sources":[],"footnotes":""},"categories":[1],"tags":[],"class_list":["post-46777","post","type-post","status-publish","format-standard","has-post-thumbnail","hentry","category-bihiregija"],"yoast_head":"<!-- This site is optimized with the Yoast SEO plugin v27.5 - https:\/\/yoast.com\/product\/yoast-seo-wordpress\/ -->\n<title>Fra Miljenko Stoji\u0107: \u017delimo da na\u0161i susjedi osjete toplinu na\u0161e kr\u0161\u0107anske ljubavi - RADIO LJUBU\u0160KI<\/title>\n<meta name=\"robots\" content=\"index, follow, max-snippet:-1, max-image-preview:large, max-video-preview:-1\" \/>\n<link rel=\"canonical\" href=\"https:\/\/radioljubuski.ba\/index.php\/2021\/07\/27\/fra-miljenko-stojic-zelimo-da-nasi-susjedi-osjete-toplinu-nase-krscanske-ljubavi\/\" \/>\n<meta property=\"og:locale\" content=\"hr_HR\" \/>\n<meta property=\"og:type\" content=\"article\" \/>\n<meta property=\"og:title\" content=\"Fra Miljenko Stoji\u0107: \u017delimo da na\u0161i susjedi osjete toplinu na\u0161e kr\u0161\u0107anske ljubavi - RADIO LJUBU\u0160KI\" \/>\n<meta property=\"og:description\" content=\"U \u0160vicarskoj sam upoznao jednu udrugu REGA (Rettungsgeselschaft \u2013 dru\u0161tvo za spa\u0161avanje). U\u010dlanio sam se u ovu udrugu. Ima oko 3,7 milijuna \u010dlanskih iskaznica (\u010dlanova je jo\u0161 vi\u0161e jer postoje obiteljske iskaznice) u dr\u017eavi koja ima oko 8,3 milijuna stanovnika. Pomislio sam: kako bi bilo dobro kad bi ljudi kod nas bili svjesni kao \u0161to [&hellip;]\" \/>\n<meta property=\"og:url\" content=\"https:\/\/radioljubuski.ba\/index.php\/2021\/07\/27\/fra-miljenko-stojic-zelimo-da-nasi-susjedi-osjete-toplinu-nase-krscanske-ljubavi\/\" \/>\n<meta property=\"og:site_name\" content=\"RADIO LJUBU\u0160KI\" \/>\n<meta property=\"article:publisher\" content=\"https:\/\/www.facebook.com\/Radiio-Ljubuski-1490835324566332\" \/>\n<meta property=\"article:published_time\" content=\"2021-07-27T09:30:57+00:00\" \/>\n<meta property=\"article:modified_time\" content=\"2021-07-27T09:30:58+00:00\" \/>\n<meta property=\"og:image\" content=\"https:\/\/radioljubuski.ba\/wp-content\/uploads\/2021\/07\/2-2021-07-27-10-06-34-FRA-MILJENKO-STOJIC.jpg\" \/>\n\t<meta property=\"og:image:width\" content=\"1000\" \/>\n\t<meta property=\"og:image:height\" content=\"625\" \/>\n\t<meta property=\"og:image:type\" content=\"image\/jpeg\" \/>\n<meta name=\"author\" content=\"Radio Ljubu\u0161ki\" \/>\n<meta name=\"twitter:card\" content=\"summary_large_image\" \/>\n<meta name=\"twitter:creator\" content=\"@radioljubuski\" \/>\n<meta name=\"twitter:site\" content=\"@radioljubuski\" \/>\n<meta name=\"twitter:label1\" content=\"Napisao\/la\" \/>\n\t<meta name=\"twitter:data1\" content=\"Radio Ljubu\u0161ki\" \/>\n\t<meta name=\"twitter:label2\" content=\"Procijenjeno vrijeme \u010ditanja\" \/>\n\t<meta name=\"twitter:data2\" content=\"6 minuta\" \/>\n<script type=\"application\/ld+json\" class=\"yoast-schema-graph\">{\"@context\":\"https:\\\/\\\/schema.org\",\"@graph\":[{\"@type\":\"Article\",\"@id\":\"https:\\\/\\\/radioljubuski.ba\\\/index.php\\\/2021\\\/07\\\/27\\\/fra-miljenko-stojic-zelimo-da-nasi-susjedi-osjete-toplinu-nase-krscanske-ljubavi\\\/#article\",\"isPartOf\":{\"@id\":\"https:\\\/\\\/radioljubuski.ba\\\/index.php\\\/2021\\\/07\\\/27\\\/fra-miljenko-stojic-zelimo-da-nasi-susjedi-osjete-toplinu-nase-krscanske-ljubavi\\\/\"},\"author\":{\"name\":\"Radio Ljubu\u0161ki\",\"@id\":\"https:\\\/\\\/radioljubuski.ba\\\/#\\\/schema\\\/person\\\/19fc700381a780f69665d7956c469e3b\"},\"headline\":\"Fra Miljenko Stoji\u0107: \u017delimo da na\u0161i susjedi osjete toplinu na\u0161e kr\u0161\u0107anske ljubavi\",\"datePublished\":\"2021-07-27T09:30:57+00:00\",\"dateModified\":\"2021-07-27T09:30:58+00:00\",\"mainEntityOfPage\":{\"@id\":\"https:\\\/\\\/radioljubuski.ba\\\/index.php\\\/2021\\\/07\\\/27\\\/fra-miljenko-stojic-zelimo-da-nasi-susjedi-osjete-toplinu-nase-krscanske-ljubavi\\\/\"},\"wordCount\":1413,\"publisher\":{\"@id\":\"https:\\\/\\\/radioljubuski.ba\\\/#organization\"},\"image\":{\"@id\":\"https:\\\/\\\/radioljubuski.ba\\\/index.php\\\/2021\\\/07\\\/27\\\/fra-miljenko-stojic-zelimo-da-nasi-susjedi-osjete-toplinu-nase-krscanske-ljubavi\\\/#primaryimage\"},\"thumbnailUrl\":\"https:\\\/\\\/radioljubuski.ba\\\/wp-content\\\/uploads\\\/2021\\\/07\\\/2-2021-07-27-10-06-34-FRA-MILJENKO-STOJIC.jpg\",\"articleSection\":[\"BIH i regija\"],\"inLanguage\":\"hr\"},{\"@type\":\"WebPage\",\"@id\":\"https:\\\/\\\/radioljubuski.ba\\\/index.php\\\/2021\\\/07\\\/27\\\/fra-miljenko-stojic-zelimo-da-nasi-susjedi-osjete-toplinu-nase-krscanske-ljubavi\\\/\",\"url\":\"https:\\\/\\\/radioljubuski.ba\\\/index.php\\\/2021\\\/07\\\/27\\\/fra-miljenko-stojic-zelimo-da-nasi-susjedi-osjete-toplinu-nase-krscanske-ljubavi\\\/\",\"name\":\"Fra Miljenko Stoji\u0107: \u017delimo da na\u0161i susjedi osjete toplinu na\u0161e kr\u0161\u0107anske ljubavi - RADIO LJUBU\u0160KI\",\"isPartOf\":{\"@id\":\"https:\\\/\\\/radioljubuski.ba\\\/#website\"},\"primaryImageOfPage\":{\"@id\":\"https:\\\/\\\/radioljubuski.ba\\\/index.php\\\/2021\\\/07\\\/27\\\/fra-miljenko-stojic-zelimo-da-nasi-susjedi-osjete-toplinu-nase-krscanske-ljubavi\\\/#primaryimage\"},\"image\":{\"@id\":\"https:\\\/\\\/radioljubuski.ba\\\/index.php\\\/2021\\\/07\\\/27\\\/fra-miljenko-stojic-zelimo-da-nasi-susjedi-osjete-toplinu-nase-krscanske-ljubavi\\\/#primaryimage\"},\"thumbnailUrl\":\"https:\\\/\\\/radioljubuski.ba\\\/wp-content\\\/uploads\\\/2021\\\/07\\\/2-2021-07-27-10-06-34-FRA-MILJENKO-STOJIC.jpg\",\"datePublished\":\"2021-07-27T09:30:57+00:00\",\"dateModified\":\"2021-07-27T09:30:58+00:00\",\"breadcrumb\":{\"@id\":\"https:\\\/\\\/radioljubuski.ba\\\/index.php\\\/2021\\\/07\\\/27\\\/fra-miljenko-stojic-zelimo-da-nasi-susjedi-osjete-toplinu-nase-krscanske-ljubavi\\\/#breadcrumb\"},\"inLanguage\":\"hr\",\"potentialAction\":[{\"@type\":\"ReadAction\",\"target\":[\"https:\\\/\\\/radioljubuski.ba\\\/index.php\\\/2021\\\/07\\\/27\\\/fra-miljenko-stojic-zelimo-da-nasi-susjedi-osjete-toplinu-nase-krscanske-ljubavi\\\/\"]}]},{\"@type\":\"ImageObject\",\"inLanguage\":\"hr\",\"@id\":\"https:\\\/\\\/radioljubuski.ba\\\/index.php\\\/2021\\\/07\\\/27\\\/fra-miljenko-stojic-zelimo-da-nasi-susjedi-osjete-toplinu-nase-krscanske-ljubavi\\\/#primaryimage\",\"url\":\"https:\\\/\\\/radioljubuski.ba\\\/wp-content\\\/uploads\\\/2021\\\/07\\\/2-2021-07-27-10-06-34-FRA-MILJENKO-STOJIC.jpg\",\"contentUrl\":\"https:\\\/\\\/radioljubuski.ba\\\/wp-content\\\/uploads\\\/2021\\\/07\\\/2-2021-07-27-10-06-34-FRA-MILJENKO-STOJIC.jpg\",\"width\":1000,\"height\":625},{\"@type\":\"BreadcrumbList\",\"@id\":\"https:\\\/\\\/radioljubuski.ba\\\/index.php\\\/2021\\\/07\\\/27\\\/fra-miljenko-stojic-zelimo-da-nasi-susjedi-osjete-toplinu-nase-krscanske-ljubavi\\\/#breadcrumb\",\"itemListElement\":[{\"@type\":\"ListItem\",\"position\":1,\"name\":\"Po\u010detna stranica\",\"item\":\"https:\\\/\\\/radioljubuski.ba\\\/\"},{\"@type\":\"ListItem\",\"position\":2,\"name\":\"Fra Miljenko Stoji\u0107: \u017delimo da na\u0161i susjedi osjete toplinu na\u0161e kr\u0161\u0107anske ljubavi\"}]},{\"@type\":\"WebSite\",\"@id\":\"https:\\\/\\\/radioljubuski.ba\\\/#website\",\"url\":\"https:\\\/\\\/radioljubuski.ba\\\/\",\"name\":\"Radio Ljubu\u0161ki\",\"description\":\"Sun\u010dana frekvencija Hercegovine\",\"publisher\":{\"@id\":\"https:\\\/\\\/radioljubuski.ba\\\/#organization\"},\"potentialAction\":[{\"@type\":\"SearchAction\",\"target\":{\"@type\":\"EntryPoint\",\"urlTemplate\":\"https:\\\/\\\/radioljubuski.ba\\\/?s={search_term_string}\"},\"query-input\":{\"@type\":\"PropertyValueSpecification\",\"valueRequired\":true,\"valueName\":\"search_term_string\"}}],\"inLanguage\":\"hr\"},{\"@type\":\"Organization\",\"@id\":\"https:\\\/\\\/radioljubuski.ba\\\/#organization\",\"name\":\"Radio Ljubu\u0161ki\",\"url\":\"https:\\\/\\\/radioljubuski.ba\\\/\",\"logo\":{\"@type\":\"ImageObject\",\"inLanguage\":\"hr\",\"@id\":\"https:\\\/\\\/radioljubuski.ba\\\/#\\\/schema\\\/logo\\\/image\\\/\",\"url\":\"https:\\\/\\\/radioljubuski.ba\\\/wp-content\\\/uploads\\\/2021\\\/02\\\/cropped-Radio_Ljubuski_logo1.jpg\",\"contentUrl\":\"https:\\\/\\\/radioljubuski.ba\\\/wp-content\\\/uploads\\\/2021\\\/02\\\/cropped-Radio_Ljubuski_logo1.jpg\",\"width\":512,\"height\":512,\"caption\":\"Radio Ljubu\u0161ki\"},\"image\":{\"@id\":\"https:\\\/\\\/radioljubuski.ba\\\/#\\\/schema\\\/logo\\\/image\\\/\"},\"sameAs\":[\"https:\\\/\\\/www.facebook.com\\\/Radiio-Ljubuski-1490835324566332\",\"https:\\\/\\\/x.com\\\/radioljubuski\",\"https:\\\/\\\/hr.linkedin.com\\\/company\\\/radio-ljubuski\",\"https:\\\/\\\/www.youtube.com\\\/channel\\\/UCHYaeO_n0Db3tjNGudGpXyw\"]},{\"@type\":\"Person\",\"@id\":\"https:\\\/\\\/radioljubuski.ba\\\/#\\\/schema\\\/person\\\/19fc700381a780f69665d7956c469e3b\",\"name\":\"Radio Ljubu\u0161ki\"}]}<\/script>\n<!-- \/ Yoast SEO plugin. -->","yoast_head_json":{"title":"Fra Miljenko Stoji\u0107: \u017delimo da na\u0161i susjedi osjete toplinu na\u0161e kr\u0161\u0107anske ljubavi - RADIO LJUBU\u0160KI","robots":{"index":"index","follow":"follow","max-snippet":"max-snippet:-1","max-image-preview":"max-image-preview:large","max-video-preview":"max-video-preview:-1"},"canonical":"https:\/\/radioljubuski.ba\/index.php\/2021\/07\/27\/fra-miljenko-stojic-zelimo-da-nasi-susjedi-osjete-toplinu-nase-krscanske-ljubavi\/","og_locale":"hr_HR","og_type":"article","og_title":"Fra Miljenko Stoji\u0107: \u017delimo da na\u0161i susjedi osjete toplinu na\u0161e kr\u0161\u0107anske ljubavi - RADIO LJUBU\u0160KI","og_description":"U \u0160vicarskoj sam upoznao jednu udrugu REGA (Rettungsgeselschaft \u2013 dru\u0161tvo za spa\u0161avanje). U\u010dlanio sam se u ovu udrugu. Ima oko 3,7 milijuna \u010dlanskih iskaznica (\u010dlanova je jo\u0161 vi\u0161e jer postoje obiteljske iskaznice) u dr\u017eavi koja ima oko 8,3 milijuna stanovnika. Pomislio sam: kako bi bilo dobro kad bi ljudi kod nas bili svjesni kao \u0161to [&hellip;]","og_url":"https:\/\/radioljubuski.ba\/index.php\/2021\/07\/27\/fra-miljenko-stojic-zelimo-da-nasi-susjedi-osjete-toplinu-nase-krscanske-ljubavi\/","og_site_name":"RADIO LJUBU\u0160KI","article_publisher":"https:\/\/www.facebook.com\/Radiio-Ljubuski-1490835324566332","article_published_time":"2021-07-27T09:30:57+00:00","article_modified_time":"2021-07-27T09:30:58+00:00","og_image":[{"width":1000,"height":625,"url":"https:\/\/radioljubuski.ba\/wp-content\/uploads\/2021\/07\/2-2021-07-27-10-06-34-FRA-MILJENKO-STOJIC.jpg","type":"image\/jpeg"}],"author":"Radio Ljubu\u0161ki","twitter_card":"summary_large_image","twitter_creator":"@radioljubuski","twitter_site":"@radioljubuski","twitter_misc":{"Napisao\/la":"Radio Ljubu\u0161ki","Procijenjeno vrijeme \u010ditanja":"6 minuta"},"schema":{"@context":"https:\/\/schema.org","@graph":[{"@type":"Article","@id":"https:\/\/radioljubuski.ba\/index.php\/2021\/07\/27\/fra-miljenko-stojic-zelimo-da-nasi-susjedi-osjete-toplinu-nase-krscanske-ljubavi\/#article","isPartOf":{"@id":"https:\/\/radioljubuski.ba\/index.php\/2021\/07\/27\/fra-miljenko-stojic-zelimo-da-nasi-susjedi-osjete-toplinu-nase-krscanske-ljubavi\/"},"author":{"name":"Radio Ljubu\u0161ki","@id":"https:\/\/radioljubuski.ba\/#\/schema\/person\/19fc700381a780f69665d7956c469e3b"},"headline":"Fra Miljenko Stoji\u0107: \u017delimo da na\u0161i susjedi osjete toplinu na\u0161e kr\u0161\u0107anske ljubavi","datePublished":"2021-07-27T09:30:57+00:00","dateModified":"2021-07-27T09:30:58+00:00","mainEntityOfPage":{"@id":"https:\/\/radioljubuski.ba\/index.php\/2021\/07\/27\/fra-miljenko-stojic-zelimo-da-nasi-susjedi-osjete-toplinu-nase-krscanske-ljubavi\/"},"wordCount":1413,"publisher":{"@id":"https:\/\/radioljubuski.ba\/#organization"},"image":{"@id":"https:\/\/radioljubuski.ba\/index.php\/2021\/07\/27\/fra-miljenko-stojic-zelimo-da-nasi-susjedi-osjete-toplinu-nase-krscanske-ljubavi\/#primaryimage"},"thumbnailUrl":"https:\/\/radioljubuski.ba\/wp-content\/uploads\/2021\/07\/2-2021-07-27-10-06-34-FRA-MILJENKO-STOJIC.jpg","articleSection":["BIH i regija"],"inLanguage":"hr"},{"@type":"WebPage","@id":"https:\/\/radioljubuski.ba\/index.php\/2021\/07\/27\/fra-miljenko-stojic-zelimo-da-nasi-susjedi-osjete-toplinu-nase-krscanske-ljubavi\/","url":"https:\/\/radioljubuski.ba\/index.php\/2021\/07\/27\/fra-miljenko-stojic-zelimo-da-nasi-susjedi-osjete-toplinu-nase-krscanske-ljubavi\/","name":"Fra Miljenko Stoji\u0107: \u017delimo da na\u0161i susjedi osjete toplinu na\u0161e kr\u0161\u0107anske ljubavi - RADIO LJUBU\u0160KI","isPartOf":{"@id":"https:\/\/radioljubuski.ba\/#website"},"primaryImageOfPage":{"@id":"https:\/\/radioljubuski.ba\/index.php\/2021\/07\/27\/fra-miljenko-stojic-zelimo-da-nasi-susjedi-osjete-toplinu-nase-krscanske-ljubavi\/#primaryimage"},"image":{"@id":"https:\/\/radioljubuski.ba\/index.php\/2021\/07\/27\/fra-miljenko-stojic-zelimo-da-nasi-susjedi-osjete-toplinu-nase-krscanske-ljubavi\/#primaryimage"},"thumbnailUrl":"https:\/\/radioljubuski.ba\/wp-content\/uploads\/2021\/07\/2-2021-07-27-10-06-34-FRA-MILJENKO-STOJIC.jpg","datePublished":"2021-07-27T09:30:57+00:00","dateModified":"2021-07-27T09:30:58+00:00","breadcrumb":{"@id":"https:\/\/radioljubuski.ba\/index.php\/2021\/07\/27\/fra-miljenko-stojic-zelimo-da-nasi-susjedi-osjete-toplinu-nase-krscanske-ljubavi\/#breadcrumb"},"inLanguage":"hr","potentialAction":[{"@type":"ReadAction","target":["https:\/\/radioljubuski.ba\/index.php\/2021\/07\/27\/fra-miljenko-stojic-zelimo-da-nasi-susjedi-osjete-toplinu-nase-krscanske-ljubavi\/"]}]},{"@type":"ImageObject","inLanguage":"hr","@id":"https:\/\/radioljubuski.ba\/index.php\/2021\/07\/27\/fra-miljenko-stojic-zelimo-da-nasi-susjedi-osjete-toplinu-nase-krscanske-ljubavi\/#primaryimage","url":"https:\/\/radioljubuski.ba\/wp-content\/uploads\/2021\/07\/2-2021-07-27-10-06-34-FRA-MILJENKO-STOJIC.jpg","contentUrl":"https:\/\/radioljubuski.ba\/wp-content\/uploads\/2021\/07\/2-2021-07-27-10-06-34-FRA-MILJENKO-STOJIC.jpg","width":1000,"height":625},{"@type":"BreadcrumbList","@id":"https:\/\/radioljubuski.ba\/index.php\/2021\/07\/27\/fra-miljenko-stojic-zelimo-da-nasi-susjedi-osjete-toplinu-nase-krscanske-ljubavi\/#breadcrumb","itemListElement":[{"@type":"ListItem","position":1,"name":"Po\u010detna stranica","item":"https:\/\/radioljubuski.ba\/"},{"@type":"ListItem","position":2,"name":"Fra Miljenko Stoji\u0107: \u017delimo da na\u0161i susjedi osjete toplinu na\u0161e kr\u0161\u0107anske ljubavi"}]},{"@type":"WebSite","@id":"https:\/\/radioljubuski.ba\/#website","url":"https:\/\/radioljubuski.ba\/","name":"Radio Ljubu\u0161ki","description":"Sun\u010dana frekvencija Hercegovine","publisher":{"@id":"https:\/\/radioljubuski.ba\/#organization"},"potentialAction":[{"@type":"SearchAction","target":{"@type":"EntryPoint","urlTemplate":"https:\/\/radioljubuski.ba\/?s={search_term_string}"},"query-input":{"@type":"PropertyValueSpecification","valueRequired":true,"valueName":"search_term_string"}}],"inLanguage":"hr"},{"@type":"Organization","@id":"https:\/\/radioljubuski.ba\/#organization","name":"Radio Ljubu\u0161ki","url":"https:\/\/radioljubuski.ba\/","logo":{"@type":"ImageObject","inLanguage":"hr","@id":"https:\/\/radioljubuski.ba\/#\/schema\/logo\/image\/","url":"https:\/\/radioljubuski.ba\/wp-content\/uploads\/2021\/02\/cropped-Radio_Ljubuski_logo1.jpg","contentUrl":"https:\/\/radioljubuski.ba\/wp-content\/uploads\/2021\/02\/cropped-Radio_Ljubuski_logo1.jpg","width":512,"height":512,"caption":"Radio Ljubu\u0161ki"},"image":{"@id":"https:\/\/radioljubuski.ba\/#\/schema\/logo\/image\/"},"sameAs":["https:\/\/www.facebook.com\/Radiio-Ljubuski-1490835324566332","https:\/\/x.com\/radioljubuski","https:\/\/hr.linkedin.com\/company\/radio-ljubuski","https:\/\/www.youtube.com\/channel\/UCHYaeO_n0Db3tjNGudGpXyw"]},{"@type":"Person","@id":"https:\/\/radioljubuski.ba\/#\/schema\/person\/19fc700381a780f69665d7956c469e3b","name":"Radio Ljubu\u0161ki"}]}},"_links":{"self":[{"href":"https:\/\/radioljubuski.ba\/index.php\/wp-json\/wp\/v2\/posts\/46777","targetHints":{"allow":["GET"]}}],"collection":[{"href":"https:\/\/radioljubuski.ba\/index.php\/wp-json\/wp\/v2\/posts"}],"about":[{"href":"https:\/\/radioljubuski.ba\/index.php\/wp-json\/wp\/v2\/types\/post"}],"author":[{"embeddable":true,"href":"https:\/\/radioljubuski.ba\/index.php\/wp-json\/wp\/v2\/users\/2"}],"replies":[{"embeddable":true,"href":"https:\/\/radioljubuski.ba\/index.php\/wp-json\/wp\/v2\/comments?post=46777"}],"version-history":[{"count":1,"href":"https:\/\/radioljubuski.ba\/index.php\/wp-json\/wp\/v2\/posts\/46777\/revisions"}],"predecessor-version":[{"id":46779,"href":"https:\/\/radioljubuski.ba\/index.php\/wp-json\/wp\/v2\/posts\/46777\/revisions\/46779"}],"wp:featuredmedia":[{"embeddable":true,"href":"https:\/\/radioljubuski.ba\/index.php\/wp-json\/wp\/v2\/media\/46778"}],"wp:attachment":[{"href":"https:\/\/radioljubuski.ba\/index.php\/wp-json\/wp\/v2\/media?parent=46777"}],"wp:term":[{"taxonomy":"category","embeddable":true,"href":"https:\/\/radioljubuski.ba\/index.php\/wp-json\/wp\/v2\/categories?post=46777"},{"taxonomy":"post_tag","embeddable":true,"href":"https:\/\/radioljubuski.ba\/index.php\/wp-json\/wp\/v2\/tags?post=46777"}],"curies":[{"name":"wp","href":"https:\/\/api.w.org\/{rel}","templated":true}]}}