{"id":46935,"date":"2021-07-27T13:23:08","date_gmt":"2021-07-27T12:23:08","guid":{"rendered":"https:\/\/radioljubuski.ba\/?p=46935"},"modified":"2021-07-27T13:23:08","modified_gmt":"2021-07-27T12:23:08","slug":"wwf-ovo-istrazivanje-gotovo-polovica-eu-ribara-zaraduje-ispod-minimalca","status":"publish","type":"post","link":"https:\/\/radioljubuski.ba\/index.php\/2021\/07\/27\/wwf-ovo-istrazivanje-gotovo-polovica-eu-ribara-zaraduje-ispod-minimalca\/","title":{"rendered":"WWF-ovo istra\u017eivanje: Gotovo polovica EU ribara zara\u0111uje ispod minimalca"},"content":{"rendered":"\n<p>Veliki broj ribara Europske Unije, to\u010dnije 43 posto, u 2018. godini je prema prijavljenim podacima zara\u0111ivalo manje od nacionalne minimalne pla\u0107e, a me\u0111u onima koji rade na plovilima manjim od 12 metara, \u010dak i 70 posto, pokazuje WWF-ovo istra\u017eivanje.<\/p>\n\n\n\n<p>Voditeljica Ureda za morsku politiku pri europskom uredu WWF-a &nbsp;Antonia Leroy ka\u017ee da mnogi ribari rade za vrlo lo\u0161e pla\u0107e u industriji koja se jedva financijski odr\u017eava i \u010desto se nalazi na drugoj strani zakona.<\/p>\n\n\n\n<p>\u201eTo mora prestati. EU mora temeljiti svoju ribarstvenu politiku na boljem razumijevanju povezanosti radnih uvjeta i financijske stabilnosti s ekolo\u0161kom odr\u017eivo\u0161\u0107u. Ljudima je potreban po\u0161ten posao koji je istovremeno i ekolo\u0161ki odr\u017eiv.\u201c, kazala je prema priop\u0107enju WWF-a.<\/p>\n\n\n\n<p>Dostojan \u017eivotni standard je samo jedan od obaveznih socioekonomskih ciljeva Zajedni\u010dke ribarstvene politike EU-a (ZRP) za koji je studija pokazala da se \u010desto ne provodi u praksi. Posebno zabrinjava otkri\u0107a studije je da je od 2012. do 2018. petnaest flota zemalja \u010dlanica zabilje\u017eilo negativnu neto dobit. Iako je uobi\u010dajeno da poslovanja ponekad do\u017eivljavaju gubitke, malo je vjerojatno da s takvim gubicima nastave raditi.<\/p>\n\n\n\n<p>Nadalje, 19 plovila \u010dlanica EU uklju\u010deno je u ilegalne ribolovne poslove izvan voda Europske Unije, od kojih 11 iz \u0160panjolske, \u0161to pokazuje potrebu za poja\u010danim mjerama nadzora, te postavljanjem sustava nacionalnih sankcija.<\/p>\n\n\n\n<p>Polovina prekr\u0161aja u koje su uklju\u010dena plovila \u010dlanica EU se odnose na kori\u0161tenje povla\u010dnih ribolovnih alata koji dodiruju morsko dno, a kojima je potrebno vi\u0161e goriva po jedinici ulova nego ostalim ribolovnim alatima. Uz to, povla\u010dna ribolovna oprema je izuzetno \u0161tetna za morske ekosustave i \u017eivot na morskom dnu. WWF poziva na ukidanje velikih poreznih olak\u0161ica na gorivo za ribolovne alate koji se vuku po morskom dnu u aktivnostima koje odudaraju od europskog cilja za o\u010duvanje dobrog stanja morskog okoli\u0161a i ciljeva postavljenih u Strategiji EU-a o biolo\u0161koj raznolikosti.<\/p>\n\n\n\n<p>Pozitivno otkri\u0107e analize je pad broja slu\u010dajeva nepo\u0161tivanja ZRP-a izme\u0111u 2013. i 2018., istovremeno s pove\u0107anjem broja inspekcija, \u0161to ukazuje na nu\u017enost stalnog ulaganja u nadzor i kontrolu flota.<\/p>\n\n\n\n<p>S obzirom na evaluaciju Zajedni\u010dke ribarstvene politike koju EU zapo\u010dinje ove godine, WWF nagla\u0161ava potrebu za boljim razumijevanjem socioekonomske dimenzije ribarstvene politike, nu\u017ene za unaprije\u0111enje sektora. Potrebni su ve\u0107i ekonomski poticaji kako bi se mogao osigurati po\u0161ten i odr\u017eiv prijelaz na ribarstvo s malim utjecajem sukladan ZRP-u i ciljevima za\u0161tite okoli\u0161a Europske Unije, koji istovremeno osigurava egzistenciju obalnih zajednica za generacije koje dolaze, ka\u017ee se u priop\u0107enju.<\/p>\n\n\n\n<p>Izvor:pogled.ba<\/p>\n","protected":false},"excerpt":{"rendered":"<p>Veliki broj ribara Europske Unije, to\u010dnije 43 posto, u 2018. godini je prema prijavljenim podacima zara\u0111ivalo manje od nacionalne minimalne pla\u0107e, a me\u0111u onima koji rade na plovilima manjim od 12 metara, \u010dak i 70 posto, pokazuje WWF-ovo istra\u017eivanje. Voditeljica Ureda za morsku politiku pri europskom uredu WWF-a &nbsp;Antonia Leroy ka\u017ee da mnogi ribari rade [&hellip;]<\/p>\n","protected":false},"author":2,"featured_media":46936,"comment_status":"closed","ping_status":"closed","sticky":false,"template":"","format":"standard","meta":{"h5ap_radio_sources":[],"footnotes":""},"categories":[1],"tags":[],"class_list":["post-46935","post","type-post","status-publish","format-standard","has-post-thumbnail","hentry","category-bihiregija"],"yoast_head":"<!-- This site is optimized with the Yoast SEO plugin v27.5 - https:\/\/yoast.com\/product\/yoast-seo-wordpress\/ -->\n<title>WWF-ovo istra\u017eivanje: Gotovo polovica EU ribara zara\u0111uje ispod minimalca - RADIO LJUBU\u0160KI<\/title>\n<meta name=\"robots\" content=\"index, follow, max-snippet:-1, max-image-preview:large, max-video-preview:-1\" \/>\n<link rel=\"canonical\" href=\"https:\/\/radioljubuski.ba\/index.php\/2021\/07\/27\/wwf-ovo-istrazivanje-gotovo-polovica-eu-ribara-zaraduje-ispod-minimalca\/\" \/>\n<meta property=\"og:locale\" content=\"hr_HR\" \/>\n<meta property=\"og:type\" content=\"article\" \/>\n<meta property=\"og:title\" content=\"WWF-ovo istra\u017eivanje: Gotovo polovica EU ribara zara\u0111uje ispod minimalca - RADIO LJUBU\u0160KI\" \/>\n<meta property=\"og:description\" content=\"Veliki broj ribara Europske Unije, to\u010dnije 43 posto, u 2018. godini je prema prijavljenim podacima zara\u0111ivalo manje od nacionalne minimalne pla\u0107e, a me\u0111u onima koji rade na plovilima manjim od 12 metara, \u010dak i 70 posto, pokazuje WWF-ovo istra\u017eivanje. Voditeljica Ureda za morsku politiku pri europskom uredu WWF-a &nbsp;Antonia Leroy ka\u017ee da mnogi ribari rade [&hellip;]\" \/>\n<meta property=\"og:url\" content=\"https:\/\/radioljubuski.ba\/index.php\/2021\/07\/27\/wwf-ovo-istrazivanje-gotovo-polovica-eu-ribara-zaraduje-ispod-minimalca\/\" \/>\n<meta property=\"og:site_name\" content=\"RADIO LJUBU\u0160KI\" \/>\n<meta property=\"article:publisher\" content=\"https:\/\/www.facebook.com\/Radiio-Ljubuski-1490835324566332\" \/>\n<meta property=\"article:published_time\" content=\"2021-07-27T12:23:08+00:00\" \/>\n<meta property=\"og:image\" content=\"https:\/\/radioljubuski.ba\/wp-content\/uploads\/2021\/07\/7854_ribari_mrezama_izlovili_torbu_sa_200_000_km.jpg\" \/>\n\t<meta property=\"og:image:width\" content=\"1000\" \/>\n\t<meta property=\"og:image:height\" content=\"625\" \/>\n\t<meta property=\"og:image:type\" content=\"image\/jpeg\" \/>\n<meta name=\"author\" content=\"Radio Ljubu\u0161ki\" \/>\n<meta name=\"twitter:card\" content=\"summary_large_image\" \/>\n<meta name=\"twitter:creator\" content=\"@radioljubuski\" \/>\n<meta name=\"twitter:site\" content=\"@radioljubuski\" \/>\n<meta name=\"twitter:label1\" content=\"Napisao\/la\" \/>\n\t<meta name=\"twitter:data1\" content=\"Radio Ljubu\u0161ki\" \/>\n\t<meta name=\"twitter:label2\" content=\"Procijenjeno vrijeme \u010ditanja\" \/>\n\t<meta name=\"twitter:data2\" content=\"2 minute\" \/>\n<script type=\"application\/ld+json\" class=\"yoast-schema-graph\">{\"@context\":\"https:\\\/\\\/schema.org\",\"@graph\":[{\"@type\":\"Article\",\"@id\":\"https:\\\/\\\/radioljubuski.ba\\\/index.php\\\/2021\\\/07\\\/27\\\/wwf-ovo-istrazivanje-gotovo-polovica-eu-ribara-zaraduje-ispod-minimalca\\\/#article\",\"isPartOf\":{\"@id\":\"https:\\\/\\\/radioljubuski.ba\\\/index.php\\\/2021\\\/07\\\/27\\\/wwf-ovo-istrazivanje-gotovo-polovica-eu-ribara-zaraduje-ispod-minimalca\\\/\"},\"author\":{\"name\":\"Radio Ljubu\u0161ki\",\"@id\":\"https:\\\/\\\/radioljubuski.ba\\\/#\\\/schema\\\/person\\\/19fc700381a780f69665d7956c469e3b\"},\"headline\":\"WWF-ovo istra\u017eivanje: Gotovo polovica EU ribara zara\u0111uje ispod minimalca\",\"datePublished\":\"2021-07-27T12:23:08+00:00\",\"mainEntityOfPage\":{\"@id\":\"https:\\\/\\\/radioljubuski.ba\\\/index.php\\\/2021\\\/07\\\/27\\\/wwf-ovo-istrazivanje-gotovo-polovica-eu-ribara-zaraduje-ispod-minimalca\\\/\"},\"wordCount\":447,\"publisher\":{\"@id\":\"https:\\\/\\\/radioljubuski.ba\\\/#organization\"},\"image\":{\"@id\":\"https:\\\/\\\/radioljubuski.ba\\\/index.php\\\/2021\\\/07\\\/27\\\/wwf-ovo-istrazivanje-gotovo-polovica-eu-ribara-zaraduje-ispod-minimalca\\\/#primaryimage\"},\"thumbnailUrl\":\"https:\\\/\\\/radioljubuski.ba\\\/wp-content\\\/uploads\\\/2021\\\/07\\\/7854_ribari_mrezama_izlovili_torbu_sa_200_000_km.jpg\",\"articleSection\":[\"BIH i regija\"],\"inLanguage\":\"hr\"},{\"@type\":\"WebPage\",\"@id\":\"https:\\\/\\\/radioljubuski.ba\\\/index.php\\\/2021\\\/07\\\/27\\\/wwf-ovo-istrazivanje-gotovo-polovica-eu-ribara-zaraduje-ispod-minimalca\\\/\",\"url\":\"https:\\\/\\\/radioljubuski.ba\\\/index.php\\\/2021\\\/07\\\/27\\\/wwf-ovo-istrazivanje-gotovo-polovica-eu-ribara-zaraduje-ispod-minimalca\\\/\",\"name\":\"WWF-ovo istra\u017eivanje: Gotovo polovica EU ribara zara\u0111uje ispod minimalca - RADIO LJUBU\u0160KI\",\"isPartOf\":{\"@id\":\"https:\\\/\\\/radioljubuski.ba\\\/#website\"},\"primaryImageOfPage\":{\"@id\":\"https:\\\/\\\/radioljubuski.ba\\\/index.php\\\/2021\\\/07\\\/27\\\/wwf-ovo-istrazivanje-gotovo-polovica-eu-ribara-zaraduje-ispod-minimalca\\\/#primaryimage\"},\"image\":{\"@id\":\"https:\\\/\\\/radioljubuski.ba\\\/index.php\\\/2021\\\/07\\\/27\\\/wwf-ovo-istrazivanje-gotovo-polovica-eu-ribara-zaraduje-ispod-minimalca\\\/#primaryimage\"},\"thumbnailUrl\":\"https:\\\/\\\/radioljubuski.ba\\\/wp-content\\\/uploads\\\/2021\\\/07\\\/7854_ribari_mrezama_izlovili_torbu_sa_200_000_km.jpg\",\"datePublished\":\"2021-07-27T12:23:08+00:00\",\"breadcrumb\":{\"@id\":\"https:\\\/\\\/radioljubuski.ba\\\/index.php\\\/2021\\\/07\\\/27\\\/wwf-ovo-istrazivanje-gotovo-polovica-eu-ribara-zaraduje-ispod-minimalca\\\/#breadcrumb\"},\"inLanguage\":\"hr\",\"potentialAction\":[{\"@type\":\"ReadAction\",\"target\":[\"https:\\\/\\\/radioljubuski.ba\\\/index.php\\\/2021\\\/07\\\/27\\\/wwf-ovo-istrazivanje-gotovo-polovica-eu-ribara-zaraduje-ispod-minimalca\\\/\"]}]},{\"@type\":\"ImageObject\",\"inLanguage\":\"hr\",\"@id\":\"https:\\\/\\\/radioljubuski.ba\\\/index.php\\\/2021\\\/07\\\/27\\\/wwf-ovo-istrazivanje-gotovo-polovica-eu-ribara-zaraduje-ispod-minimalca\\\/#primaryimage\",\"url\":\"https:\\\/\\\/radioljubuski.ba\\\/wp-content\\\/uploads\\\/2021\\\/07\\\/7854_ribari_mrezama_izlovili_torbu_sa_200_000_km.jpg\",\"contentUrl\":\"https:\\\/\\\/radioljubuski.ba\\\/wp-content\\\/uploads\\\/2021\\\/07\\\/7854_ribari_mrezama_izlovili_torbu_sa_200_000_km.jpg\",\"width\":1000,\"height\":625},{\"@type\":\"BreadcrumbList\",\"@id\":\"https:\\\/\\\/radioljubuski.ba\\\/index.php\\\/2021\\\/07\\\/27\\\/wwf-ovo-istrazivanje-gotovo-polovica-eu-ribara-zaraduje-ispod-minimalca\\\/#breadcrumb\",\"itemListElement\":[{\"@type\":\"ListItem\",\"position\":1,\"name\":\"Po\u010detna stranica\",\"item\":\"https:\\\/\\\/radioljubuski.ba\\\/\"},{\"@type\":\"ListItem\",\"position\":2,\"name\":\"WWF-ovo istra\u017eivanje: Gotovo polovica EU ribara zara\u0111uje ispod minimalca\"}]},{\"@type\":\"WebSite\",\"@id\":\"https:\\\/\\\/radioljubuski.ba\\\/#website\",\"url\":\"https:\\\/\\\/radioljubuski.ba\\\/\",\"name\":\"Radio Ljubu\u0161ki\",\"description\":\"Sun\u010dana frekvencija Hercegovine\",\"publisher\":{\"@id\":\"https:\\\/\\\/radioljubuski.ba\\\/#organization\"},\"potentialAction\":[{\"@type\":\"SearchAction\",\"target\":{\"@type\":\"EntryPoint\",\"urlTemplate\":\"https:\\\/\\\/radioljubuski.ba\\\/?s={search_term_string}\"},\"query-input\":{\"@type\":\"PropertyValueSpecification\",\"valueRequired\":true,\"valueName\":\"search_term_string\"}}],\"inLanguage\":\"hr\"},{\"@type\":\"Organization\",\"@id\":\"https:\\\/\\\/radioljubuski.ba\\\/#organization\",\"name\":\"Radio Ljubu\u0161ki\",\"url\":\"https:\\\/\\\/radioljubuski.ba\\\/\",\"logo\":{\"@type\":\"ImageObject\",\"inLanguage\":\"hr\",\"@id\":\"https:\\\/\\\/radioljubuski.ba\\\/#\\\/schema\\\/logo\\\/image\\\/\",\"url\":\"https:\\\/\\\/radioljubuski.ba\\\/wp-content\\\/uploads\\\/2021\\\/02\\\/cropped-Radio_Ljubuski_logo1.jpg\",\"contentUrl\":\"https:\\\/\\\/radioljubuski.ba\\\/wp-content\\\/uploads\\\/2021\\\/02\\\/cropped-Radio_Ljubuski_logo1.jpg\",\"width\":512,\"height\":512,\"caption\":\"Radio Ljubu\u0161ki\"},\"image\":{\"@id\":\"https:\\\/\\\/radioljubuski.ba\\\/#\\\/schema\\\/logo\\\/image\\\/\"},\"sameAs\":[\"https:\\\/\\\/www.facebook.com\\\/Radiio-Ljubuski-1490835324566332\",\"https:\\\/\\\/x.com\\\/radioljubuski\",\"https:\\\/\\\/hr.linkedin.com\\\/company\\\/radio-ljubuski\",\"https:\\\/\\\/www.youtube.com\\\/channel\\\/UCHYaeO_n0Db3tjNGudGpXyw\"]},{\"@type\":\"Person\",\"@id\":\"https:\\\/\\\/radioljubuski.ba\\\/#\\\/schema\\\/person\\\/19fc700381a780f69665d7956c469e3b\",\"name\":\"Radio Ljubu\u0161ki\"}]}<\/script>\n<!-- \/ Yoast SEO plugin. -->","yoast_head_json":{"title":"WWF-ovo istra\u017eivanje: Gotovo polovica EU ribara zara\u0111uje ispod minimalca - RADIO LJUBU\u0160KI","robots":{"index":"index","follow":"follow","max-snippet":"max-snippet:-1","max-image-preview":"max-image-preview:large","max-video-preview":"max-video-preview:-1"},"canonical":"https:\/\/radioljubuski.ba\/index.php\/2021\/07\/27\/wwf-ovo-istrazivanje-gotovo-polovica-eu-ribara-zaraduje-ispod-minimalca\/","og_locale":"hr_HR","og_type":"article","og_title":"WWF-ovo istra\u017eivanje: Gotovo polovica EU ribara zara\u0111uje ispod minimalca - RADIO LJUBU\u0160KI","og_description":"Veliki broj ribara Europske Unije, to\u010dnije 43 posto, u 2018. godini je prema prijavljenim podacima zara\u0111ivalo manje od nacionalne minimalne pla\u0107e, a me\u0111u onima koji rade na plovilima manjim od 12 metara, \u010dak i 70 posto, pokazuje WWF-ovo istra\u017eivanje. Voditeljica Ureda za morsku politiku pri europskom uredu WWF-a &nbsp;Antonia Leroy ka\u017ee da mnogi ribari rade [&hellip;]","og_url":"https:\/\/radioljubuski.ba\/index.php\/2021\/07\/27\/wwf-ovo-istrazivanje-gotovo-polovica-eu-ribara-zaraduje-ispod-minimalca\/","og_site_name":"RADIO LJUBU\u0160KI","article_publisher":"https:\/\/www.facebook.com\/Radiio-Ljubuski-1490835324566332","article_published_time":"2021-07-27T12:23:08+00:00","og_image":[{"width":1000,"height":625,"url":"https:\/\/radioljubuski.ba\/wp-content\/uploads\/2021\/07\/7854_ribari_mrezama_izlovili_torbu_sa_200_000_km.jpg","type":"image\/jpeg"}],"author":"Radio Ljubu\u0161ki","twitter_card":"summary_large_image","twitter_creator":"@radioljubuski","twitter_site":"@radioljubuski","twitter_misc":{"Napisao\/la":"Radio Ljubu\u0161ki","Procijenjeno vrijeme \u010ditanja":"2 minute"},"schema":{"@context":"https:\/\/schema.org","@graph":[{"@type":"Article","@id":"https:\/\/radioljubuski.ba\/index.php\/2021\/07\/27\/wwf-ovo-istrazivanje-gotovo-polovica-eu-ribara-zaraduje-ispod-minimalca\/#article","isPartOf":{"@id":"https:\/\/radioljubuski.ba\/index.php\/2021\/07\/27\/wwf-ovo-istrazivanje-gotovo-polovica-eu-ribara-zaraduje-ispod-minimalca\/"},"author":{"name":"Radio Ljubu\u0161ki","@id":"https:\/\/radioljubuski.ba\/#\/schema\/person\/19fc700381a780f69665d7956c469e3b"},"headline":"WWF-ovo istra\u017eivanje: Gotovo polovica EU ribara zara\u0111uje ispod minimalca","datePublished":"2021-07-27T12:23:08+00:00","mainEntityOfPage":{"@id":"https:\/\/radioljubuski.ba\/index.php\/2021\/07\/27\/wwf-ovo-istrazivanje-gotovo-polovica-eu-ribara-zaraduje-ispod-minimalca\/"},"wordCount":447,"publisher":{"@id":"https:\/\/radioljubuski.ba\/#organization"},"image":{"@id":"https:\/\/radioljubuski.ba\/index.php\/2021\/07\/27\/wwf-ovo-istrazivanje-gotovo-polovica-eu-ribara-zaraduje-ispod-minimalca\/#primaryimage"},"thumbnailUrl":"https:\/\/radioljubuski.ba\/wp-content\/uploads\/2021\/07\/7854_ribari_mrezama_izlovili_torbu_sa_200_000_km.jpg","articleSection":["BIH i regija"],"inLanguage":"hr"},{"@type":"WebPage","@id":"https:\/\/radioljubuski.ba\/index.php\/2021\/07\/27\/wwf-ovo-istrazivanje-gotovo-polovica-eu-ribara-zaraduje-ispod-minimalca\/","url":"https:\/\/radioljubuski.ba\/index.php\/2021\/07\/27\/wwf-ovo-istrazivanje-gotovo-polovica-eu-ribara-zaraduje-ispod-minimalca\/","name":"WWF-ovo istra\u017eivanje: Gotovo polovica EU ribara zara\u0111uje ispod minimalca - RADIO LJUBU\u0160KI","isPartOf":{"@id":"https:\/\/radioljubuski.ba\/#website"},"primaryImageOfPage":{"@id":"https:\/\/radioljubuski.ba\/index.php\/2021\/07\/27\/wwf-ovo-istrazivanje-gotovo-polovica-eu-ribara-zaraduje-ispod-minimalca\/#primaryimage"},"image":{"@id":"https:\/\/radioljubuski.ba\/index.php\/2021\/07\/27\/wwf-ovo-istrazivanje-gotovo-polovica-eu-ribara-zaraduje-ispod-minimalca\/#primaryimage"},"thumbnailUrl":"https:\/\/radioljubuski.ba\/wp-content\/uploads\/2021\/07\/7854_ribari_mrezama_izlovili_torbu_sa_200_000_km.jpg","datePublished":"2021-07-27T12:23:08+00:00","breadcrumb":{"@id":"https:\/\/radioljubuski.ba\/index.php\/2021\/07\/27\/wwf-ovo-istrazivanje-gotovo-polovica-eu-ribara-zaraduje-ispod-minimalca\/#breadcrumb"},"inLanguage":"hr","potentialAction":[{"@type":"ReadAction","target":["https:\/\/radioljubuski.ba\/index.php\/2021\/07\/27\/wwf-ovo-istrazivanje-gotovo-polovica-eu-ribara-zaraduje-ispod-minimalca\/"]}]},{"@type":"ImageObject","inLanguage":"hr","@id":"https:\/\/radioljubuski.ba\/index.php\/2021\/07\/27\/wwf-ovo-istrazivanje-gotovo-polovica-eu-ribara-zaraduje-ispod-minimalca\/#primaryimage","url":"https:\/\/radioljubuski.ba\/wp-content\/uploads\/2021\/07\/7854_ribari_mrezama_izlovili_torbu_sa_200_000_km.jpg","contentUrl":"https:\/\/radioljubuski.ba\/wp-content\/uploads\/2021\/07\/7854_ribari_mrezama_izlovili_torbu_sa_200_000_km.jpg","width":1000,"height":625},{"@type":"BreadcrumbList","@id":"https:\/\/radioljubuski.ba\/index.php\/2021\/07\/27\/wwf-ovo-istrazivanje-gotovo-polovica-eu-ribara-zaraduje-ispod-minimalca\/#breadcrumb","itemListElement":[{"@type":"ListItem","position":1,"name":"Po\u010detna stranica","item":"https:\/\/radioljubuski.ba\/"},{"@type":"ListItem","position":2,"name":"WWF-ovo istra\u017eivanje: Gotovo polovica EU ribara zara\u0111uje ispod minimalca"}]},{"@type":"WebSite","@id":"https:\/\/radioljubuski.ba\/#website","url":"https:\/\/radioljubuski.ba\/","name":"Radio Ljubu\u0161ki","description":"Sun\u010dana frekvencija Hercegovine","publisher":{"@id":"https:\/\/radioljubuski.ba\/#organization"},"potentialAction":[{"@type":"SearchAction","target":{"@type":"EntryPoint","urlTemplate":"https:\/\/radioljubuski.ba\/?s={search_term_string}"},"query-input":{"@type":"PropertyValueSpecification","valueRequired":true,"valueName":"search_term_string"}}],"inLanguage":"hr"},{"@type":"Organization","@id":"https:\/\/radioljubuski.ba\/#organization","name":"Radio Ljubu\u0161ki","url":"https:\/\/radioljubuski.ba\/","logo":{"@type":"ImageObject","inLanguage":"hr","@id":"https:\/\/radioljubuski.ba\/#\/schema\/logo\/image\/","url":"https:\/\/radioljubuski.ba\/wp-content\/uploads\/2021\/02\/cropped-Radio_Ljubuski_logo1.jpg","contentUrl":"https:\/\/radioljubuski.ba\/wp-content\/uploads\/2021\/02\/cropped-Radio_Ljubuski_logo1.jpg","width":512,"height":512,"caption":"Radio Ljubu\u0161ki"},"image":{"@id":"https:\/\/radioljubuski.ba\/#\/schema\/logo\/image\/"},"sameAs":["https:\/\/www.facebook.com\/Radiio-Ljubuski-1490835324566332","https:\/\/x.com\/radioljubuski","https:\/\/hr.linkedin.com\/company\/radio-ljubuski","https:\/\/www.youtube.com\/channel\/UCHYaeO_n0Db3tjNGudGpXyw"]},{"@type":"Person","@id":"https:\/\/radioljubuski.ba\/#\/schema\/person\/19fc700381a780f69665d7956c469e3b","name":"Radio Ljubu\u0161ki"}]}},"_links":{"self":[{"href":"https:\/\/radioljubuski.ba\/index.php\/wp-json\/wp\/v2\/posts\/46935","targetHints":{"allow":["GET"]}}],"collection":[{"href":"https:\/\/radioljubuski.ba\/index.php\/wp-json\/wp\/v2\/posts"}],"about":[{"href":"https:\/\/radioljubuski.ba\/index.php\/wp-json\/wp\/v2\/types\/post"}],"author":[{"embeddable":true,"href":"https:\/\/radioljubuski.ba\/index.php\/wp-json\/wp\/v2\/users\/2"}],"replies":[{"embeddable":true,"href":"https:\/\/radioljubuski.ba\/index.php\/wp-json\/wp\/v2\/comments?post=46935"}],"version-history":[{"count":1,"href":"https:\/\/radioljubuski.ba\/index.php\/wp-json\/wp\/v2\/posts\/46935\/revisions"}],"predecessor-version":[{"id":46937,"href":"https:\/\/radioljubuski.ba\/index.php\/wp-json\/wp\/v2\/posts\/46935\/revisions\/46937"}],"wp:featuredmedia":[{"embeddable":true,"href":"https:\/\/radioljubuski.ba\/index.php\/wp-json\/wp\/v2\/media\/46936"}],"wp:attachment":[{"href":"https:\/\/radioljubuski.ba\/index.php\/wp-json\/wp\/v2\/media?parent=46935"}],"wp:term":[{"taxonomy":"category","embeddable":true,"href":"https:\/\/radioljubuski.ba\/index.php\/wp-json\/wp\/v2\/categories?post=46935"},{"taxonomy":"post_tag","embeddable":true,"href":"https:\/\/radioljubuski.ba\/index.php\/wp-json\/wp\/v2\/tags?post=46935"}],"curies":[{"name":"wp","href":"https:\/\/api.w.org\/{rel}","templated":true}]}}