{"id":46938,"date":"2021-07-27T13:24:32","date_gmt":"2021-07-27T12:24:32","guid":{"rendered":"https:\/\/radioljubuski.ba\/?p=46938"},"modified":"2021-07-27T13:24:34","modified_gmt":"2021-07-27T12:24:34","slug":"regiju-trese-inflacija-cijene-u-bih-nastavit-ce-da-rastu","status":"publish","type":"post","link":"https:\/\/radioljubuski.ba\/index.php\/2021\/07\/27\/regiju-trese-inflacija-cijene-u-bih-nastavit-ce-da-rastu\/","title":{"rendered":"Regiju &#8220;trese&#8221; inflacija, cijene u BiH nastavit \u0107e da rastu"},"content":{"rendered":"\n<p>U regiji zapadnog Balkana je proteklih mjeseci nakon vi\u0161e godina deflacije do\u0161lo do naglog pove\u0107anja cijena, navedeno je u novom kvartalnom izvje\u0161taju o stanju ekonomija zemalja kandidata i potencijalnih kandidata za \u010dlanstvo u EU Europske komisije.<\/p>\n\n\n\n<p>Kako je navedeno, BiH je jedna od zadnjih zemalja u kojoj su deflacijski trendovi, po\u010detkom travnja ove godine, zamijenjeni inflacijom, koja, kako je nagla\u0161eno, u svibnju iznosi 1,7 posto. Kao glavni faktori za pove\u0107anje cijena navedeni su globalni trendovi, koji se odnose na pove\u0107anje cijena energije, prijevoza i hrane.<\/p>\n\n\n\n<p>Ina\u010de, u Europskoj centralnoj banci isti\u010du da su u eurozoni, za koju je konvertibilna marka BiH direktno vezana, glavni faktori za pove\u0107anje inflacije po\u010detkom ove godine problemi u snabdijevanju i smanjena proizvodnja zbog covida, koja je sada izazvala manjak robe, a problem predstavlja i smanjena proizvodnja \u010dipova, \u0161to se odra\u017eava na cijene automobila, elektronike i druge robe u kojoj se koristi informacijska tehnologija.<\/p>\n\n\n\n<p>Kada je rije\u010d o BiH, u izvje\u0161taju nagla\u0161avaju da je jo\u0161 po\u010detkom 2021. godine u BiH deflacija, odnosno smanjenje cijena, bila 1,2 posto u odnosu na isti period lani.<\/p>\n\n\n\n<p>&#8220;Pove\u0107anje cijena je krenulo u travnju, kada je inflacija iznosila 0,9 posto, a dodatno je porasla u svibnju 1,7 posto. Pritisak je prouzrokovan prvenstveno u sektoru prijevoza, ali su cijene tekstila nastavile pad za otprilike deset posto&#8221;, naglasili su oni.<\/p>\n\n\n\n<p>\u0160to se ti\u010de cijena hrane i bezalkoholnih pi\u0107a, za koje je nagla\u0161eno da \u010dine 32 posto potro\u0161a\u010dke korpe, istaknuto je da su u travnju i svibnju porasle za jedan do 1,5 posto, dok su alkohol i cigarete skuplji za oko dva posto.<\/p>\n\n\n\n<p>U periodu kada jo\u0161 nije po\u010dela inflacija, u Europskoj komisiji isti\u010du da su pla\u0107e realno porasle za \u010detiri posto, a da je glavni pokreta\u010d bio odljev radne snage.<\/p>\n\n\n\n<p>Ameri\u010dka i Europska centralna banka predvi\u0111aju da \u0107e inflacija sigurno nastaviti barem do kraja godine, a da \u0107e onda cijene po\u010deti da se stabilizira. Ako se ova predvi\u0111anja poka\u017eu to\u010dnim, mo\u017ee se o\u010dekivati i da \u0107e cijene u BiH nastaviti da rastu i da bi do kraja godine mogle biti vi\u0161e i do deset posto u odnosu na vrijeme pred koronu. U Ameri\u010dkoj centralnoj banci, pak, upozoravaju i da neke cijene koje sada rastu su padale u vrijeme korone, pa se mo\u017ee \u010diniti da je inflacija mnogo ve\u0107a nego \u0161to su cijene realno porasle.<\/p>\n\n\n\n<p>U Njema\u010dkoj, za \u010dije tr\u017ei\u0161te je BiH vezana, isti\u010du da je za dio inflacije odgovoran i rast cijena fosilnih goriva zbog pla\u0107anja CO2 emisija, a i oni predvi\u0111aju da \u0107e cijene u toj zemlji rasti barem do kraja godine.<\/p>\n\n\n\n<p>U izvje\u0161taju Europske komisije su navedene i neke pozitivne vijesti, koje se odnose na ja\u010danje izvoza, uop\u0107eno potro\u0161nje i industrijske proizvodnje, \u0161to se tuma\u010di znakom da po\u010dinje oporavak poslije pandemije.<\/p>\n\n\n\n<p>&#8220;Podaci potvr\u0111uju da je oporavak u prvih pet mjeseci ove godine podr\u017ean industrijom i proizvodnjom elektri\u010dne energije. U maju je industrijski rast iznosio 15,2 posto u odnosu na isti period lani, a baziran je na sna\u017enom rastu proizvodnje kapitalnih dobara i \u0161iroke potro\u0161nje&#8221;, naglasili su oni.<\/p>\n\n\n\n<p>U BiH je u prvom kvartalu, kako je istaknuto, registrirano 22.000 manje zaposlenih nego lani, odnosno 2,2 &nbsp;posto, ali je, kako su naglasili, u istom periodu registrirana zaposlenost bila ve\u0107a za 4,6 posto nego godinu dana ranije. Najvi\u0161e novonezaposlenih je do\u0161lo iz sektora trgovine ili usluge, a novozaposleni uglavnom dolaze iz Informacionih tehnologija i iz sektora zdravstva.<\/p>\n\n\n\n<p>Izvor:nezavisne.com<\/p>\n","protected":false},"excerpt":{"rendered":"<p>U regiji zapadnog Balkana je proteklih mjeseci nakon vi\u0161e godina deflacije do\u0161lo do naglog pove\u0107anja cijena, navedeno je u novom kvartalnom izvje\u0161taju o stanju ekonomija zemalja kandidata i potencijalnih kandidata za \u010dlanstvo u EU Europske komisije. Kako je navedeno, BiH je jedna od zadnjih zemalja u kojoj su deflacijski trendovi, po\u010detkom travnja ove godine, zamijenjeni [&hellip;]<\/p>\n","protected":false},"author":2,"featured_media":39002,"comment_status":"closed","ping_status":"closed","sticky":false,"template":"","format":"standard","meta":{"h5ap_radio_sources":[],"footnotes":""},"categories":[1],"tags":[],"class_list":["post-46938","post","type-post","status-publish","format-standard","has-post-thumbnail","hentry","category-bihiregija"],"yoast_head":"<!-- This site is optimized with the Yoast SEO plugin v27.5 - https:\/\/yoast.com\/product\/yoast-seo-wordpress\/ -->\n<title>Regiju &quot;trese&quot; inflacija, cijene u BiH nastavit \u0107e da rastu - RADIO LJUBU\u0160KI<\/title>\n<meta name=\"robots\" content=\"index, follow, max-snippet:-1, max-image-preview:large, max-video-preview:-1\" \/>\n<link rel=\"canonical\" href=\"https:\/\/radioljubuski.ba\/index.php\/2021\/07\/27\/regiju-trese-inflacija-cijene-u-bih-nastavit-ce-da-rastu\/\" \/>\n<meta property=\"og:locale\" content=\"hr_HR\" \/>\n<meta property=\"og:type\" content=\"article\" \/>\n<meta property=\"og:title\" content=\"Regiju &quot;trese&quot; inflacija, cijene u BiH nastavit \u0107e da rastu - RADIO LJUBU\u0160KI\" \/>\n<meta property=\"og:description\" content=\"U regiji zapadnog Balkana je proteklih mjeseci nakon vi\u0161e godina deflacije do\u0161lo do naglog pove\u0107anja cijena, navedeno je u novom kvartalnom izvje\u0161taju o stanju ekonomija zemalja kandidata i potencijalnih kandidata za \u010dlanstvo u EU Europske komisije. Kako je navedeno, BiH je jedna od zadnjih zemalja u kojoj su deflacijski trendovi, po\u010detkom travnja ove godine, zamijenjeni [&hellip;]\" \/>\n<meta property=\"og:url\" content=\"https:\/\/radioljubuski.ba\/index.php\/2021\/07\/27\/regiju-trese-inflacija-cijene-u-bih-nastavit-ce-da-rastu\/\" \/>\n<meta property=\"og:site_name\" content=\"RADIO LJUBU\u0160KI\" \/>\n<meta property=\"article:publisher\" content=\"https:\/\/www.facebook.com\/Radiio-Ljubuski-1490835324566332\" \/>\n<meta property=\"article:published_time\" content=\"2021-07-27T12:24:32+00:00\" \/>\n<meta property=\"article:modified_time\" content=\"2021-07-27T12:24:34+00:00\" \/>\n<meta property=\"og:image\" content=\"https:\/\/radioljubuski.ba\/wp-content\/uploads\/2021\/07\/prodavnica.jpg\" \/>\n\t<meta property=\"og:image:width\" content=\"1000\" \/>\n\t<meta property=\"og:image:height\" content=\"625\" \/>\n\t<meta property=\"og:image:type\" content=\"image\/jpeg\" \/>\n<meta name=\"author\" content=\"Radio Ljubu\u0161ki\" \/>\n<meta name=\"twitter:card\" content=\"summary_large_image\" \/>\n<meta name=\"twitter:creator\" content=\"@radioljubuski\" \/>\n<meta name=\"twitter:site\" content=\"@radioljubuski\" \/>\n<meta name=\"twitter:label1\" content=\"Napisao\/la\" \/>\n\t<meta name=\"twitter:data1\" content=\"Radio Ljubu\u0161ki\" \/>\n\t<meta name=\"twitter:label2\" content=\"Procijenjeno vrijeme \u010ditanja\" \/>\n\t<meta name=\"twitter:data2\" content=\"3 minute\" \/>\n<script type=\"application\/ld+json\" class=\"yoast-schema-graph\">{\"@context\":\"https:\\\/\\\/schema.org\",\"@graph\":[{\"@type\":\"Article\",\"@id\":\"https:\\\/\\\/radioljubuski.ba\\\/index.php\\\/2021\\\/07\\\/27\\\/regiju-trese-inflacija-cijene-u-bih-nastavit-ce-da-rastu\\\/#article\",\"isPartOf\":{\"@id\":\"https:\\\/\\\/radioljubuski.ba\\\/index.php\\\/2021\\\/07\\\/27\\\/regiju-trese-inflacija-cijene-u-bih-nastavit-ce-da-rastu\\\/\"},\"author\":{\"name\":\"Radio Ljubu\u0161ki\",\"@id\":\"https:\\\/\\\/radioljubuski.ba\\\/#\\\/schema\\\/person\\\/19fc700381a780f69665d7956c469e3b\"},\"headline\":\"Regiju &#8220;trese&#8221; inflacija, cijene u BiH nastavit \u0107e da rastu\",\"datePublished\":\"2021-07-27T12:24:32+00:00\",\"dateModified\":\"2021-07-27T12:24:34+00:00\",\"mainEntityOfPage\":{\"@id\":\"https:\\\/\\\/radioljubuski.ba\\\/index.php\\\/2021\\\/07\\\/27\\\/regiju-trese-inflacija-cijene-u-bih-nastavit-ce-da-rastu\\\/\"},\"wordCount\":613,\"publisher\":{\"@id\":\"https:\\\/\\\/radioljubuski.ba\\\/#organization\"},\"image\":{\"@id\":\"https:\\\/\\\/radioljubuski.ba\\\/index.php\\\/2021\\\/07\\\/27\\\/regiju-trese-inflacija-cijene-u-bih-nastavit-ce-da-rastu\\\/#primaryimage\"},\"thumbnailUrl\":\"https:\\\/\\\/radioljubuski.ba\\\/wp-content\\\/uploads\\\/2021\\\/07\\\/prodavnica.jpg\",\"articleSection\":[\"BIH i regija\"],\"inLanguage\":\"hr\"},{\"@type\":\"WebPage\",\"@id\":\"https:\\\/\\\/radioljubuski.ba\\\/index.php\\\/2021\\\/07\\\/27\\\/regiju-trese-inflacija-cijene-u-bih-nastavit-ce-da-rastu\\\/\",\"url\":\"https:\\\/\\\/radioljubuski.ba\\\/index.php\\\/2021\\\/07\\\/27\\\/regiju-trese-inflacija-cijene-u-bih-nastavit-ce-da-rastu\\\/\",\"name\":\"Regiju \\\"trese\\\" inflacija, cijene u BiH nastavit \u0107e da rastu - RADIO LJUBU\u0160KI\",\"isPartOf\":{\"@id\":\"https:\\\/\\\/radioljubuski.ba\\\/#website\"},\"primaryImageOfPage\":{\"@id\":\"https:\\\/\\\/radioljubuski.ba\\\/index.php\\\/2021\\\/07\\\/27\\\/regiju-trese-inflacija-cijene-u-bih-nastavit-ce-da-rastu\\\/#primaryimage\"},\"image\":{\"@id\":\"https:\\\/\\\/radioljubuski.ba\\\/index.php\\\/2021\\\/07\\\/27\\\/regiju-trese-inflacija-cijene-u-bih-nastavit-ce-da-rastu\\\/#primaryimage\"},\"thumbnailUrl\":\"https:\\\/\\\/radioljubuski.ba\\\/wp-content\\\/uploads\\\/2021\\\/07\\\/prodavnica.jpg\",\"datePublished\":\"2021-07-27T12:24:32+00:00\",\"dateModified\":\"2021-07-27T12:24:34+00:00\",\"breadcrumb\":{\"@id\":\"https:\\\/\\\/radioljubuski.ba\\\/index.php\\\/2021\\\/07\\\/27\\\/regiju-trese-inflacija-cijene-u-bih-nastavit-ce-da-rastu\\\/#breadcrumb\"},\"inLanguage\":\"hr\",\"potentialAction\":[{\"@type\":\"ReadAction\",\"target\":[\"https:\\\/\\\/radioljubuski.ba\\\/index.php\\\/2021\\\/07\\\/27\\\/regiju-trese-inflacija-cijene-u-bih-nastavit-ce-da-rastu\\\/\"]}]},{\"@type\":\"ImageObject\",\"inLanguage\":\"hr\",\"@id\":\"https:\\\/\\\/radioljubuski.ba\\\/index.php\\\/2021\\\/07\\\/27\\\/regiju-trese-inflacija-cijene-u-bih-nastavit-ce-da-rastu\\\/#primaryimage\",\"url\":\"https:\\\/\\\/radioljubuski.ba\\\/wp-content\\\/uploads\\\/2021\\\/07\\\/prodavnica.jpg\",\"contentUrl\":\"https:\\\/\\\/radioljubuski.ba\\\/wp-content\\\/uploads\\\/2021\\\/07\\\/prodavnica.jpg\",\"width\":1000,\"height\":625},{\"@type\":\"BreadcrumbList\",\"@id\":\"https:\\\/\\\/radioljubuski.ba\\\/index.php\\\/2021\\\/07\\\/27\\\/regiju-trese-inflacija-cijene-u-bih-nastavit-ce-da-rastu\\\/#breadcrumb\",\"itemListElement\":[{\"@type\":\"ListItem\",\"position\":1,\"name\":\"Po\u010detna stranica\",\"item\":\"https:\\\/\\\/radioljubuski.ba\\\/\"},{\"@type\":\"ListItem\",\"position\":2,\"name\":\"Regiju &#8220;trese&#8221; inflacija, cijene u BiH nastavit \u0107e da rastu\"}]},{\"@type\":\"WebSite\",\"@id\":\"https:\\\/\\\/radioljubuski.ba\\\/#website\",\"url\":\"https:\\\/\\\/radioljubuski.ba\\\/\",\"name\":\"Radio Ljubu\u0161ki\",\"description\":\"Sun\u010dana frekvencija Hercegovine\",\"publisher\":{\"@id\":\"https:\\\/\\\/radioljubuski.ba\\\/#organization\"},\"potentialAction\":[{\"@type\":\"SearchAction\",\"target\":{\"@type\":\"EntryPoint\",\"urlTemplate\":\"https:\\\/\\\/radioljubuski.ba\\\/?s={search_term_string}\"},\"query-input\":{\"@type\":\"PropertyValueSpecification\",\"valueRequired\":true,\"valueName\":\"search_term_string\"}}],\"inLanguage\":\"hr\"},{\"@type\":\"Organization\",\"@id\":\"https:\\\/\\\/radioljubuski.ba\\\/#organization\",\"name\":\"Radio Ljubu\u0161ki\",\"url\":\"https:\\\/\\\/radioljubuski.ba\\\/\",\"logo\":{\"@type\":\"ImageObject\",\"inLanguage\":\"hr\",\"@id\":\"https:\\\/\\\/radioljubuski.ba\\\/#\\\/schema\\\/logo\\\/image\\\/\",\"url\":\"https:\\\/\\\/radioljubuski.ba\\\/wp-content\\\/uploads\\\/2021\\\/02\\\/cropped-Radio_Ljubuski_logo1.jpg\",\"contentUrl\":\"https:\\\/\\\/radioljubuski.ba\\\/wp-content\\\/uploads\\\/2021\\\/02\\\/cropped-Radio_Ljubuski_logo1.jpg\",\"width\":512,\"height\":512,\"caption\":\"Radio Ljubu\u0161ki\"},\"image\":{\"@id\":\"https:\\\/\\\/radioljubuski.ba\\\/#\\\/schema\\\/logo\\\/image\\\/\"},\"sameAs\":[\"https:\\\/\\\/www.facebook.com\\\/Radiio-Ljubuski-1490835324566332\",\"https:\\\/\\\/x.com\\\/radioljubuski\",\"https:\\\/\\\/hr.linkedin.com\\\/company\\\/radio-ljubuski\",\"https:\\\/\\\/www.youtube.com\\\/channel\\\/UCHYaeO_n0Db3tjNGudGpXyw\"]},{\"@type\":\"Person\",\"@id\":\"https:\\\/\\\/radioljubuski.ba\\\/#\\\/schema\\\/person\\\/19fc700381a780f69665d7956c469e3b\",\"name\":\"Radio Ljubu\u0161ki\"}]}<\/script>\n<!-- \/ Yoast SEO plugin. -->","yoast_head_json":{"title":"Regiju \"trese\" inflacija, cijene u BiH nastavit \u0107e da rastu - RADIO LJUBU\u0160KI","robots":{"index":"index","follow":"follow","max-snippet":"max-snippet:-1","max-image-preview":"max-image-preview:large","max-video-preview":"max-video-preview:-1"},"canonical":"https:\/\/radioljubuski.ba\/index.php\/2021\/07\/27\/regiju-trese-inflacija-cijene-u-bih-nastavit-ce-da-rastu\/","og_locale":"hr_HR","og_type":"article","og_title":"Regiju \"trese\" inflacija, cijene u BiH nastavit \u0107e da rastu - RADIO LJUBU\u0160KI","og_description":"U regiji zapadnog Balkana je proteklih mjeseci nakon vi\u0161e godina deflacije do\u0161lo do naglog pove\u0107anja cijena, navedeno je u novom kvartalnom izvje\u0161taju o stanju ekonomija zemalja kandidata i potencijalnih kandidata za \u010dlanstvo u EU Europske komisije. Kako je navedeno, BiH je jedna od zadnjih zemalja u kojoj su deflacijski trendovi, po\u010detkom travnja ove godine, zamijenjeni [&hellip;]","og_url":"https:\/\/radioljubuski.ba\/index.php\/2021\/07\/27\/regiju-trese-inflacija-cijene-u-bih-nastavit-ce-da-rastu\/","og_site_name":"RADIO LJUBU\u0160KI","article_publisher":"https:\/\/www.facebook.com\/Radiio-Ljubuski-1490835324566332","article_published_time":"2021-07-27T12:24:32+00:00","article_modified_time":"2021-07-27T12:24:34+00:00","og_image":[{"width":1000,"height":625,"url":"https:\/\/radioljubuski.ba\/wp-content\/uploads\/2021\/07\/prodavnica.jpg","type":"image\/jpeg"}],"author":"Radio Ljubu\u0161ki","twitter_card":"summary_large_image","twitter_creator":"@radioljubuski","twitter_site":"@radioljubuski","twitter_misc":{"Napisao\/la":"Radio Ljubu\u0161ki","Procijenjeno vrijeme \u010ditanja":"3 minute"},"schema":{"@context":"https:\/\/schema.org","@graph":[{"@type":"Article","@id":"https:\/\/radioljubuski.ba\/index.php\/2021\/07\/27\/regiju-trese-inflacija-cijene-u-bih-nastavit-ce-da-rastu\/#article","isPartOf":{"@id":"https:\/\/radioljubuski.ba\/index.php\/2021\/07\/27\/regiju-trese-inflacija-cijene-u-bih-nastavit-ce-da-rastu\/"},"author":{"name":"Radio Ljubu\u0161ki","@id":"https:\/\/radioljubuski.ba\/#\/schema\/person\/19fc700381a780f69665d7956c469e3b"},"headline":"Regiju &#8220;trese&#8221; inflacija, cijene u BiH nastavit \u0107e da rastu","datePublished":"2021-07-27T12:24:32+00:00","dateModified":"2021-07-27T12:24:34+00:00","mainEntityOfPage":{"@id":"https:\/\/radioljubuski.ba\/index.php\/2021\/07\/27\/regiju-trese-inflacija-cijene-u-bih-nastavit-ce-da-rastu\/"},"wordCount":613,"publisher":{"@id":"https:\/\/radioljubuski.ba\/#organization"},"image":{"@id":"https:\/\/radioljubuski.ba\/index.php\/2021\/07\/27\/regiju-trese-inflacija-cijene-u-bih-nastavit-ce-da-rastu\/#primaryimage"},"thumbnailUrl":"https:\/\/radioljubuski.ba\/wp-content\/uploads\/2021\/07\/prodavnica.jpg","articleSection":["BIH i regija"],"inLanguage":"hr"},{"@type":"WebPage","@id":"https:\/\/radioljubuski.ba\/index.php\/2021\/07\/27\/regiju-trese-inflacija-cijene-u-bih-nastavit-ce-da-rastu\/","url":"https:\/\/radioljubuski.ba\/index.php\/2021\/07\/27\/regiju-trese-inflacija-cijene-u-bih-nastavit-ce-da-rastu\/","name":"Regiju \"trese\" inflacija, cijene u BiH nastavit \u0107e da rastu - RADIO LJUBU\u0160KI","isPartOf":{"@id":"https:\/\/radioljubuski.ba\/#website"},"primaryImageOfPage":{"@id":"https:\/\/radioljubuski.ba\/index.php\/2021\/07\/27\/regiju-trese-inflacija-cijene-u-bih-nastavit-ce-da-rastu\/#primaryimage"},"image":{"@id":"https:\/\/radioljubuski.ba\/index.php\/2021\/07\/27\/regiju-trese-inflacija-cijene-u-bih-nastavit-ce-da-rastu\/#primaryimage"},"thumbnailUrl":"https:\/\/radioljubuski.ba\/wp-content\/uploads\/2021\/07\/prodavnica.jpg","datePublished":"2021-07-27T12:24:32+00:00","dateModified":"2021-07-27T12:24:34+00:00","breadcrumb":{"@id":"https:\/\/radioljubuski.ba\/index.php\/2021\/07\/27\/regiju-trese-inflacija-cijene-u-bih-nastavit-ce-da-rastu\/#breadcrumb"},"inLanguage":"hr","potentialAction":[{"@type":"ReadAction","target":["https:\/\/radioljubuski.ba\/index.php\/2021\/07\/27\/regiju-trese-inflacija-cijene-u-bih-nastavit-ce-da-rastu\/"]}]},{"@type":"ImageObject","inLanguage":"hr","@id":"https:\/\/radioljubuski.ba\/index.php\/2021\/07\/27\/regiju-trese-inflacija-cijene-u-bih-nastavit-ce-da-rastu\/#primaryimage","url":"https:\/\/radioljubuski.ba\/wp-content\/uploads\/2021\/07\/prodavnica.jpg","contentUrl":"https:\/\/radioljubuski.ba\/wp-content\/uploads\/2021\/07\/prodavnica.jpg","width":1000,"height":625},{"@type":"BreadcrumbList","@id":"https:\/\/radioljubuski.ba\/index.php\/2021\/07\/27\/regiju-trese-inflacija-cijene-u-bih-nastavit-ce-da-rastu\/#breadcrumb","itemListElement":[{"@type":"ListItem","position":1,"name":"Po\u010detna stranica","item":"https:\/\/radioljubuski.ba\/"},{"@type":"ListItem","position":2,"name":"Regiju &#8220;trese&#8221; inflacija, cijene u BiH nastavit \u0107e da rastu"}]},{"@type":"WebSite","@id":"https:\/\/radioljubuski.ba\/#website","url":"https:\/\/radioljubuski.ba\/","name":"Radio Ljubu\u0161ki","description":"Sun\u010dana frekvencija Hercegovine","publisher":{"@id":"https:\/\/radioljubuski.ba\/#organization"},"potentialAction":[{"@type":"SearchAction","target":{"@type":"EntryPoint","urlTemplate":"https:\/\/radioljubuski.ba\/?s={search_term_string}"},"query-input":{"@type":"PropertyValueSpecification","valueRequired":true,"valueName":"search_term_string"}}],"inLanguage":"hr"},{"@type":"Organization","@id":"https:\/\/radioljubuski.ba\/#organization","name":"Radio Ljubu\u0161ki","url":"https:\/\/radioljubuski.ba\/","logo":{"@type":"ImageObject","inLanguage":"hr","@id":"https:\/\/radioljubuski.ba\/#\/schema\/logo\/image\/","url":"https:\/\/radioljubuski.ba\/wp-content\/uploads\/2021\/02\/cropped-Radio_Ljubuski_logo1.jpg","contentUrl":"https:\/\/radioljubuski.ba\/wp-content\/uploads\/2021\/02\/cropped-Radio_Ljubuski_logo1.jpg","width":512,"height":512,"caption":"Radio Ljubu\u0161ki"},"image":{"@id":"https:\/\/radioljubuski.ba\/#\/schema\/logo\/image\/"},"sameAs":["https:\/\/www.facebook.com\/Radiio-Ljubuski-1490835324566332","https:\/\/x.com\/radioljubuski","https:\/\/hr.linkedin.com\/company\/radio-ljubuski","https:\/\/www.youtube.com\/channel\/UCHYaeO_n0Db3tjNGudGpXyw"]},{"@type":"Person","@id":"https:\/\/radioljubuski.ba\/#\/schema\/person\/19fc700381a780f69665d7956c469e3b","name":"Radio Ljubu\u0161ki"}]}},"_links":{"self":[{"href":"https:\/\/radioljubuski.ba\/index.php\/wp-json\/wp\/v2\/posts\/46938","targetHints":{"allow":["GET"]}}],"collection":[{"href":"https:\/\/radioljubuski.ba\/index.php\/wp-json\/wp\/v2\/posts"}],"about":[{"href":"https:\/\/radioljubuski.ba\/index.php\/wp-json\/wp\/v2\/types\/post"}],"author":[{"embeddable":true,"href":"https:\/\/radioljubuski.ba\/index.php\/wp-json\/wp\/v2\/users\/2"}],"replies":[{"embeddable":true,"href":"https:\/\/radioljubuski.ba\/index.php\/wp-json\/wp\/v2\/comments?post=46938"}],"version-history":[{"count":1,"href":"https:\/\/radioljubuski.ba\/index.php\/wp-json\/wp\/v2\/posts\/46938\/revisions"}],"predecessor-version":[{"id":46939,"href":"https:\/\/radioljubuski.ba\/index.php\/wp-json\/wp\/v2\/posts\/46938\/revisions\/46939"}],"wp:featuredmedia":[{"embeddable":true,"href":"https:\/\/radioljubuski.ba\/index.php\/wp-json\/wp\/v2\/media\/39002"}],"wp:attachment":[{"href":"https:\/\/radioljubuski.ba\/index.php\/wp-json\/wp\/v2\/media?parent=46938"}],"wp:term":[{"taxonomy":"category","embeddable":true,"href":"https:\/\/radioljubuski.ba\/index.php\/wp-json\/wp\/v2\/categories?post=46938"},{"taxonomy":"post_tag","embeddable":true,"href":"https:\/\/radioljubuski.ba\/index.php\/wp-json\/wp\/v2\/tags?post=46938"}],"curies":[{"name":"wp","href":"https:\/\/api.w.org\/{rel}","templated":true}]}}