{"id":46982,"date":"2021-07-27T13:53:49","date_gmt":"2021-07-27T12:53:49","guid":{"rendered":"https:\/\/radioljubuski.ba\/?p=46982"},"modified":"2021-07-27T13:53:50","modified_gmt":"2021-07-27T12:53:50","slug":"uvodenje-cjepiva-u-australiji-kolosalni-neuspjeh-kaze-bivsi-premijer-turnbull","status":"publish","type":"post","link":"https:\/\/radioljubuski.ba\/index.php\/2021\/07\/27\/uvodenje-cjepiva-u-australiji-kolosalni-neuspjeh-kaze-bivsi-premijer-turnbull\/","title":{"rendered":"Uvo\u0111enje cjepiva u Australiji &#8216;kolosalni neuspjeh&#8217;, ka\u017ee biv\u0161i premijer Turnbull"},"content":{"rendered":"\n<p>Uvo\u0111enje cjepiva u Australiju bio je &#8220;kolosalni neuspjeh&#8221; jer vlada nije kupila dovoljno cjepiva pa \u0107e stoga dr\u017eavne granice vjerojatno ostati zatvorene barem do po\u010detka 2022. godine, rekao je biv\u0161i premijer Malcolm Turnbull za BBC.<\/p>\n\n\n\n<p>Premijer <strong>Scott Morrison<\/strong>, kritiziran zbog sporog uvo\u0111enja cjepiva, rekao je da bolja opskrba cjepivom ne\u0107e osigurati izlazak Novog Ju\u017enog Walesa iz pet tjedana karantene, ali da je bilo potrebno u\u010dinkovito i pravilno provedeno zatvaranje.<\/p>\n\n\n\n<p>Turnbull je rekao da australska vlada nije kupila dovoljno cjepiva, osigurav\u0161i samo obilnu opskrbu dozama AstraZenece, premda postoji veliko kolebanje oko tog cjepiva te da nije kupljeno dovoljno drugih cjepiva.<\/p>\n\n\n\n<p>&#8211; To je najve\u0107i neuspjeh dr\u017eavne uprave kojeg se mogu sjetiti, rekao je Turnbull, koji je bio premijer od 2015. do 2018. godine, prije nego \u0161to ga je Morrison svrgnuo s \u010delnog mjesta stranke pa time i s premijerske du\u017enosti.<\/p>\n\n\n\n<p>&#8211; Bio je to kolosalni neuspjeh, a problem je \u0161to ne mo\u017eete vratiti vrijeme i popraviti ono \u0161to je trebalo biti u\u010dinjeno pro\u0161le godine, dodao je.<\/p>\n\n\n\n<p>&#8211; Sam razlog zbog kojeg smo zatvoreni, \u0161to je tako frustriraju\u0107e kad se otvore toliki drugi dijelovi svijeta, jednostavno je u tome \u0161to na\u0161a vlada nije kupila dovoljno cjepiva, rekao je za BBC.<\/p>\n\n\n\n<p>Do sada je potpuno cijepljeno samo oko 16 posto Australaca starijih od 16 godina pa je glavni regulator za lijekove u zemlji tijekom vikenda promijenio preporuku da potakne \u0161ire uzimanje AstraZenecinog cjepiva.<\/p>\n\n\n\n<p>Izvor:hrt.hr<\/p>\n","protected":false},"excerpt":{"rendered":"<p>Uvo\u0111enje cjepiva u Australiju bio je &#8220;kolosalni neuspjeh&#8221; jer vlada nije kupila dovoljno cjepiva pa \u0107e stoga dr\u017eavne granice vjerojatno ostati zatvorene barem do po\u010detka 2022. godine, rekao je biv\u0161i premijer Malcolm Turnbull za BBC. Premijer Scott Morrison, kritiziran zbog sporog uvo\u0111enja cjepiva, rekao je da bolja opskrba cjepivom ne\u0107e osigurati izlazak Novog Ju\u017enog Walesa [&hellip;]<\/p>\n","protected":false},"author":2,"featured_media":46983,"comment_status":"closed","ping_status":"closed","sticky":false,"template":"","format":"standard","meta":{"h5ap_radio_sources":[],"footnotes":""},"categories":[1],"tags":[],"class_list":["post-46982","post","type-post","status-publish","format-standard","has-post-thumbnail","hentry","category-bihiregija"],"yoast_head":"<!-- This site is optimized with the Yoast SEO plugin v27.5 - https:\/\/yoast.com\/product\/yoast-seo-wordpress\/ -->\n<title>Uvo\u0111enje cjepiva u Australiji &#039;kolosalni neuspjeh&#039;, ka\u017ee biv\u0161i premijer Turnbull - RADIO LJUBU\u0160KI<\/title>\n<meta name=\"robots\" content=\"index, follow, max-snippet:-1, max-image-preview:large, max-video-preview:-1\" \/>\n<link rel=\"canonical\" href=\"https:\/\/radioljubuski.ba\/index.php\/2021\/07\/27\/uvodenje-cjepiva-u-australiji-kolosalni-neuspjeh-kaze-bivsi-premijer-turnbull\/\" \/>\n<meta property=\"og:locale\" content=\"hr_HR\" \/>\n<meta property=\"og:type\" content=\"article\" \/>\n<meta property=\"og:title\" content=\"Uvo\u0111enje cjepiva u Australiji &#039;kolosalni neuspjeh&#039;, ka\u017ee biv\u0161i premijer Turnbull - RADIO LJUBU\u0160KI\" \/>\n<meta property=\"og:description\" content=\"Uvo\u0111enje cjepiva u Australiju bio je &#8220;kolosalni neuspjeh&#8221; jer vlada nije kupila dovoljno cjepiva pa \u0107e stoga dr\u017eavne granice vjerojatno ostati zatvorene barem do po\u010detka 2022. godine, rekao je biv\u0161i premijer Malcolm Turnbull za BBC. Premijer Scott Morrison, kritiziran zbog sporog uvo\u0111enja cjepiva, rekao je da bolja opskrba cjepivom ne\u0107e osigurati izlazak Novog Ju\u017enog Walesa [&hellip;]\" \/>\n<meta property=\"og:url\" content=\"https:\/\/radioljubuski.ba\/index.php\/2021\/07\/27\/uvodenje-cjepiva-u-australiji-kolosalni-neuspjeh-kaze-bivsi-premijer-turnbull\/\" \/>\n<meta property=\"og:site_name\" content=\"RADIO LJUBU\u0160KI\" \/>\n<meta property=\"article:publisher\" content=\"https:\/\/www.facebook.com\/Radiio-Ljubuski-1490835324566332\" \/>\n<meta property=\"article:published_time\" content=\"2021-07-27T12:53:49+00:00\" \/>\n<meta property=\"article:modified_time\" content=\"2021-07-27T12:53:50+00:00\" \/>\n<meta property=\"og:image\" content=\"https:\/\/radioljubuski.ba\/wp-content\/uploads\/2021\/07\/indeksiraj-23.jpg\" \/>\n\t<meta property=\"og:image:width\" content=\"275\" \/>\n\t<meta property=\"og:image:height\" content=\"183\" \/>\n\t<meta property=\"og:image:type\" content=\"image\/jpeg\" \/>\n<meta name=\"author\" content=\"Radio Ljubu\u0161ki\" \/>\n<meta name=\"twitter:card\" content=\"summary_large_image\" \/>\n<meta name=\"twitter:creator\" content=\"@radioljubuski\" \/>\n<meta name=\"twitter:site\" content=\"@radioljubuski\" \/>\n<meta name=\"twitter:label1\" content=\"Napisao\/la\" \/>\n\t<meta name=\"twitter:data1\" content=\"Radio Ljubu\u0161ki\" \/>\n\t<meta name=\"twitter:label2\" content=\"Procijenjeno vrijeme \u010ditanja\" \/>\n\t<meta name=\"twitter:data2\" content=\"1 minuta\" \/>\n<script type=\"application\/ld+json\" class=\"yoast-schema-graph\">{\"@context\":\"https:\\\/\\\/schema.org\",\"@graph\":[{\"@type\":\"Article\",\"@id\":\"https:\\\/\\\/radioljubuski.ba\\\/index.php\\\/2021\\\/07\\\/27\\\/uvodenje-cjepiva-u-australiji-kolosalni-neuspjeh-kaze-bivsi-premijer-turnbull\\\/#article\",\"isPartOf\":{\"@id\":\"https:\\\/\\\/radioljubuski.ba\\\/index.php\\\/2021\\\/07\\\/27\\\/uvodenje-cjepiva-u-australiji-kolosalni-neuspjeh-kaze-bivsi-premijer-turnbull\\\/\"},\"author\":{\"name\":\"Radio Ljubu\u0161ki\",\"@id\":\"https:\\\/\\\/radioljubuski.ba\\\/#\\\/schema\\\/person\\\/19fc700381a780f69665d7956c469e3b\"},\"headline\":\"Uvo\u0111enje cjepiva u Australiji &#8216;kolosalni neuspjeh&#8217;, ka\u017ee biv\u0161i premijer Turnbull\",\"datePublished\":\"2021-07-27T12:53:49+00:00\",\"dateModified\":\"2021-07-27T12:53:50+00:00\",\"mainEntityOfPage\":{\"@id\":\"https:\\\/\\\/radioljubuski.ba\\\/index.php\\\/2021\\\/07\\\/27\\\/uvodenje-cjepiva-u-australiji-kolosalni-neuspjeh-kaze-bivsi-premijer-turnbull\\\/\"},\"wordCount\":258,\"publisher\":{\"@id\":\"https:\\\/\\\/radioljubuski.ba\\\/#organization\"},\"image\":{\"@id\":\"https:\\\/\\\/radioljubuski.ba\\\/index.php\\\/2021\\\/07\\\/27\\\/uvodenje-cjepiva-u-australiji-kolosalni-neuspjeh-kaze-bivsi-premijer-turnbull\\\/#primaryimage\"},\"thumbnailUrl\":\"https:\\\/\\\/radioljubuski.ba\\\/wp-content\\\/uploads\\\/2021\\\/07\\\/indeksiraj-23.jpg\",\"articleSection\":[\"BIH i regija\"],\"inLanguage\":\"hr\"},{\"@type\":\"WebPage\",\"@id\":\"https:\\\/\\\/radioljubuski.ba\\\/index.php\\\/2021\\\/07\\\/27\\\/uvodenje-cjepiva-u-australiji-kolosalni-neuspjeh-kaze-bivsi-premijer-turnbull\\\/\",\"url\":\"https:\\\/\\\/radioljubuski.ba\\\/index.php\\\/2021\\\/07\\\/27\\\/uvodenje-cjepiva-u-australiji-kolosalni-neuspjeh-kaze-bivsi-premijer-turnbull\\\/\",\"name\":\"Uvo\u0111enje cjepiva u Australiji 'kolosalni neuspjeh', ka\u017ee biv\u0161i premijer Turnbull - RADIO LJUBU\u0160KI\",\"isPartOf\":{\"@id\":\"https:\\\/\\\/radioljubuski.ba\\\/#website\"},\"primaryImageOfPage\":{\"@id\":\"https:\\\/\\\/radioljubuski.ba\\\/index.php\\\/2021\\\/07\\\/27\\\/uvodenje-cjepiva-u-australiji-kolosalni-neuspjeh-kaze-bivsi-premijer-turnbull\\\/#primaryimage\"},\"image\":{\"@id\":\"https:\\\/\\\/radioljubuski.ba\\\/index.php\\\/2021\\\/07\\\/27\\\/uvodenje-cjepiva-u-australiji-kolosalni-neuspjeh-kaze-bivsi-premijer-turnbull\\\/#primaryimage\"},\"thumbnailUrl\":\"https:\\\/\\\/radioljubuski.ba\\\/wp-content\\\/uploads\\\/2021\\\/07\\\/indeksiraj-23.jpg\",\"datePublished\":\"2021-07-27T12:53:49+00:00\",\"dateModified\":\"2021-07-27T12:53:50+00:00\",\"breadcrumb\":{\"@id\":\"https:\\\/\\\/radioljubuski.ba\\\/index.php\\\/2021\\\/07\\\/27\\\/uvodenje-cjepiva-u-australiji-kolosalni-neuspjeh-kaze-bivsi-premijer-turnbull\\\/#breadcrumb\"},\"inLanguage\":\"hr\",\"potentialAction\":[{\"@type\":\"ReadAction\",\"target\":[\"https:\\\/\\\/radioljubuski.ba\\\/index.php\\\/2021\\\/07\\\/27\\\/uvodenje-cjepiva-u-australiji-kolosalni-neuspjeh-kaze-bivsi-premijer-turnbull\\\/\"]}]},{\"@type\":\"ImageObject\",\"inLanguage\":\"hr\",\"@id\":\"https:\\\/\\\/radioljubuski.ba\\\/index.php\\\/2021\\\/07\\\/27\\\/uvodenje-cjepiva-u-australiji-kolosalni-neuspjeh-kaze-bivsi-premijer-turnbull\\\/#primaryimage\",\"url\":\"https:\\\/\\\/radioljubuski.ba\\\/wp-content\\\/uploads\\\/2021\\\/07\\\/indeksiraj-23.jpg\",\"contentUrl\":\"https:\\\/\\\/radioljubuski.ba\\\/wp-content\\\/uploads\\\/2021\\\/07\\\/indeksiraj-23.jpg\",\"width\":275,\"height\":183},{\"@type\":\"BreadcrumbList\",\"@id\":\"https:\\\/\\\/radioljubuski.ba\\\/index.php\\\/2021\\\/07\\\/27\\\/uvodenje-cjepiva-u-australiji-kolosalni-neuspjeh-kaze-bivsi-premijer-turnbull\\\/#breadcrumb\",\"itemListElement\":[{\"@type\":\"ListItem\",\"position\":1,\"name\":\"Po\u010detna stranica\",\"item\":\"https:\\\/\\\/radioljubuski.ba\\\/\"},{\"@type\":\"ListItem\",\"position\":2,\"name\":\"Uvo\u0111enje cjepiva u Australiji &#8216;kolosalni neuspjeh&#8217;, ka\u017ee biv\u0161i premijer Turnbull\"}]},{\"@type\":\"WebSite\",\"@id\":\"https:\\\/\\\/radioljubuski.ba\\\/#website\",\"url\":\"https:\\\/\\\/radioljubuski.ba\\\/\",\"name\":\"Radio Ljubu\u0161ki\",\"description\":\"Sun\u010dana frekvencija Hercegovine\",\"publisher\":{\"@id\":\"https:\\\/\\\/radioljubuski.ba\\\/#organization\"},\"potentialAction\":[{\"@type\":\"SearchAction\",\"target\":{\"@type\":\"EntryPoint\",\"urlTemplate\":\"https:\\\/\\\/radioljubuski.ba\\\/?s={search_term_string}\"},\"query-input\":{\"@type\":\"PropertyValueSpecification\",\"valueRequired\":true,\"valueName\":\"search_term_string\"}}],\"inLanguage\":\"hr\"},{\"@type\":\"Organization\",\"@id\":\"https:\\\/\\\/radioljubuski.ba\\\/#organization\",\"name\":\"Radio Ljubu\u0161ki\",\"url\":\"https:\\\/\\\/radioljubuski.ba\\\/\",\"logo\":{\"@type\":\"ImageObject\",\"inLanguage\":\"hr\",\"@id\":\"https:\\\/\\\/radioljubuski.ba\\\/#\\\/schema\\\/logo\\\/image\\\/\",\"url\":\"https:\\\/\\\/radioljubuski.ba\\\/wp-content\\\/uploads\\\/2021\\\/02\\\/cropped-Radio_Ljubuski_logo1.jpg\",\"contentUrl\":\"https:\\\/\\\/radioljubuski.ba\\\/wp-content\\\/uploads\\\/2021\\\/02\\\/cropped-Radio_Ljubuski_logo1.jpg\",\"width\":512,\"height\":512,\"caption\":\"Radio Ljubu\u0161ki\"},\"image\":{\"@id\":\"https:\\\/\\\/radioljubuski.ba\\\/#\\\/schema\\\/logo\\\/image\\\/\"},\"sameAs\":[\"https:\\\/\\\/www.facebook.com\\\/Radiio-Ljubuski-1490835324566332\",\"https:\\\/\\\/x.com\\\/radioljubuski\",\"https:\\\/\\\/hr.linkedin.com\\\/company\\\/radio-ljubuski\",\"https:\\\/\\\/www.youtube.com\\\/channel\\\/UCHYaeO_n0Db3tjNGudGpXyw\"]},{\"@type\":\"Person\",\"@id\":\"https:\\\/\\\/radioljubuski.ba\\\/#\\\/schema\\\/person\\\/19fc700381a780f69665d7956c469e3b\",\"name\":\"Radio Ljubu\u0161ki\"}]}<\/script>\n<!-- \/ Yoast SEO plugin. -->","yoast_head_json":{"title":"Uvo\u0111enje cjepiva u Australiji 'kolosalni neuspjeh', ka\u017ee biv\u0161i premijer Turnbull - RADIO LJUBU\u0160KI","robots":{"index":"index","follow":"follow","max-snippet":"max-snippet:-1","max-image-preview":"max-image-preview:large","max-video-preview":"max-video-preview:-1"},"canonical":"https:\/\/radioljubuski.ba\/index.php\/2021\/07\/27\/uvodenje-cjepiva-u-australiji-kolosalni-neuspjeh-kaze-bivsi-premijer-turnbull\/","og_locale":"hr_HR","og_type":"article","og_title":"Uvo\u0111enje cjepiva u Australiji 'kolosalni neuspjeh', ka\u017ee biv\u0161i premijer Turnbull - RADIO LJUBU\u0160KI","og_description":"Uvo\u0111enje cjepiva u Australiju bio je &#8220;kolosalni neuspjeh&#8221; jer vlada nije kupila dovoljno cjepiva pa \u0107e stoga dr\u017eavne granice vjerojatno ostati zatvorene barem do po\u010detka 2022. godine, rekao je biv\u0161i premijer Malcolm Turnbull za BBC. Premijer Scott Morrison, kritiziran zbog sporog uvo\u0111enja cjepiva, rekao je da bolja opskrba cjepivom ne\u0107e osigurati izlazak Novog Ju\u017enog Walesa [&hellip;]","og_url":"https:\/\/radioljubuski.ba\/index.php\/2021\/07\/27\/uvodenje-cjepiva-u-australiji-kolosalni-neuspjeh-kaze-bivsi-premijer-turnbull\/","og_site_name":"RADIO LJUBU\u0160KI","article_publisher":"https:\/\/www.facebook.com\/Radiio-Ljubuski-1490835324566332","article_published_time":"2021-07-27T12:53:49+00:00","article_modified_time":"2021-07-27T12:53:50+00:00","og_image":[{"width":275,"height":183,"url":"https:\/\/radioljubuski.ba\/wp-content\/uploads\/2021\/07\/indeksiraj-23.jpg","type":"image\/jpeg"}],"author":"Radio Ljubu\u0161ki","twitter_card":"summary_large_image","twitter_creator":"@radioljubuski","twitter_site":"@radioljubuski","twitter_misc":{"Napisao\/la":"Radio Ljubu\u0161ki","Procijenjeno vrijeme \u010ditanja":"1 minuta"},"schema":{"@context":"https:\/\/schema.org","@graph":[{"@type":"Article","@id":"https:\/\/radioljubuski.ba\/index.php\/2021\/07\/27\/uvodenje-cjepiva-u-australiji-kolosalni-neuspjeh-kaze-bivsi-premijer-turnbull\/#article","isPartOf":{"@id":"https:\/\/radioljubuski.ba\/index.php\/2021\/07\/27\/uvodenje-cjepiva-u-australiji-kolosalni-neuspjeh-kaze-bivsi-premijer-turnbull\/"},"author":{"name":"Radio Ljubu\u0161ki","@id":"https:\/\/radioljubuski.ba\/#\/schema\/person\/19fc700381a780f69665d7956c469e3b"},"headline":"Uvo\u0111enje cjepiva u Australiji &#8216;kolosalni neuspjeh&#8217;, ka\u017ee biv\u0161i premijer Turnbull","datePublished":"2021-07-27T12:53:49+00:00","dateModified":"2021-07-27T12:53:50+00:00","mainEntityOfPage":{"@id":"https:\/\/radioljubuski.ba\/index.php\/2021\/07\/27\/uvodenje-cjepiva-u-australiji-kolosalni-neuspjeh-kaze-bivsi-premijer-turnbull\/"},"wordCount":258,"publisher":{"@id":"https:\/\/radioljubuski.ba\/#organization"},"image":{"@id":"https:\/\/radioljubuski.ba\/index.php\/2021\/07\/27\/uvodenje-cjepiva-u-australiji-kolosalni-neuspjeh-kaze-bivsi-premijer-turnbull\/#primaryimage"},"thumbnailUrl":"https:\/\/radioljubuski.ba\/wp-content\/uploads\/2021\/07\/indeksiraj-23.jpg","articleSection":["BIH i regija"],"inLanguage":"hr"},{"@type":"WebPage","@id":"https:\/\/radioljubuski.ba\/index.php\/2021\/07\/27\/uvodenje-cjepiva-u-australiji-kolosalni-neuspjeh-kaze-bivsi-premijer-turnbull\/","url":"https:\/\/radioljubuski.ba\/index.php\/2021\/07\/27\/uvodenje-cjepiva-u-australiji-kolosalni-neuspjeh-kaze-bivsi-premijer-turnbull\/","name":"Uvo\u0111enje cjepiva u Australiji 'kolosalni neuspjeh', ka\u017ee biv\u0161i premijer Turnbull - RADIO LJUBU\u0160KI","isPartOf":{"@id":"https:\/\/radioljubuski.ba\/#website"},"primaryImageOfPage":{"@id":"https:\/\/radioljubuski.ba\/index.php\/2021\/07\/27\/uvodenje-cjepiva-u-australiji-kolosalni-neuspjeh-kaze-bivsi-premijer-turnbull\/#primaryimage"},"image":{"@id":"https:\/\/radioljubuski.ba\/index.php\/2021\/07\/27\/uvodenje-cjepiva-u-australiji-kolosalni-neuspjeh-kaze-bivsi-premijer-turnbull\/#primaryimage"},"thumbnailUrl":"https:\/\/radioljubuski.ba\/wp-content\/uploads\/2021\/07\/indeksiraj-23.jpg","datePublished":"2021-07-27T12:53:49+00:00","dateModified":"2021-07-27T12:53:50+00:00","breadcrumb":{"@id":"https:\/\/radioljubuski.ba\/index.php\/2021\/07\/27\/uvodenje-cjepiva-u-australiji-kolosalni-neuspjeh-kaze-bivsi-premijer-turnbull\/#breadcrumb"},"inLanguage":"hr","potentialAction":[{"@type":"ReadAction","target":["https:\/\/radioljubuski.ba\/index.php\/2021\/07\/27\/uvodenje-cjepiva-u-australiji-kolosalni-neuspjeh-kaze-bivsi-premijer-turnbull\/"]}]},{"@type":"ImageObject","inLanguage":"hr","@id":"https:\/\/radioljubuski.ba\/index.php\/2021\/07\/27\/uvodenje-cjepiva-u-australiji-kolosalni-neuspjeh-kaze-bivsi-premijer-turnbull\/#primaryimage","url":"https:\/\/radioljubuski.ba\/wp-content\/uploads\/2021\/07\/indeksiraj-23.jpg","contentUrl":"https:\/\/radioljubuski.ba\/wp-content\/uploads\/2021\/07\/indeksiraj-23.jpg","width":275,"height":183},{"@type":"BreadcrumbList","@id":"https:\/\/radioljubuski.ba\/index.php\/2021\/07\/27\/uvodenje-cjepiva-u-australiji-kolosalni-neuspjeh-kaze-bivsi-premijer-turnbull\/#breadcrumb","itemListElement":[{"@type":"ListItem","position":1,"name":"Po\u010detna stranica","item":"https:\/\/radioljubuski.ba\/"},{"@type":"ListItem","position":2,"name":"Uvo\u0111enje cjepiva u Australiji &#8216;kolosalni neuspjeh&#8217;, ka\u017ee biv\u0161i premijer Turnbull"}]},{"@type":"WebSite","@id":"https:\/\/radioljubuski.ba\/#website","url":"https:\/\/radioljubuski.ba\/","name":"Radio Ljubu\u0161ki","description":"Sun\u010dana frekvencija Hercegovine","publisher":{"@id":"https:\/\/radioljubuski.ba\/#organization"},"potentialAction":[{"@type":"SearchAction","target":{"@type":"EntryPoint","urlTemplate":"https:\/\/radioljubuski.ba\/?s={search_term_string}"},"query-input":{"@type":"PropertyValueSpecification","valueRequired":true,"valueName":"search_term_string"}}],"inLanguage":"hr"},{"@type":"Organization","@id":"https:\/\/radioljubuski.ba\/#organization","name":"Radio Ljubu\u0161ki","url":"https:\/\/radioljubuski.ba\/","logo":{"@type":"ImageObject","inLanguage":"hr","@id":"https:\/\/radioljubuski.ba\/#\/schema\/logo\/image\/","url":"https:\/\/radioljubuski.ba\/wp-content\/uploads\/2021\/02\/cropped-Radio_Ljubuski_logo1.jpg","contentUrl":"https:\/\/radioljubuski.ba\/wp-content\/uploads\/2021\/02\/cropped-Radio_Ljubuski_logo1.jpg","width":512,"height":512,"caption":"Radio Ljubu\u0161ki"},"image":{"@id":"https:\/\/radioljubuski.ba\/#\/schema\/logo\/image\/"},"sameAs":["https:\/\/www.facebook.com\/Radiio-Ljubuski-1490835324566332","https:\/\/x.com\/radioljubuski","https:\/\/hr.linkedin.com\/company\/radio-ljubuski","https:\/\/www.youtube.com\/channel\/UCHYaeO_n0Db3tjNGudGpXyw"]},{"@type":"Person","@id":"https:\/\/radioljubuski.ba\/#\/schema\/person\/19fc700381a780f69665d7956c469e3b","name":"Radio Ljubu\u0161ki"}]}},"_links":{"self":[{"href":"https:\/\/radioljubuski.ba\/index.php\/wp-json\/wp\/v2\/posts\/46982","targetHints":{"allow":["GET"]}}],"collection":[{"href":"https:\/\/radioljubuski.ba\/index.php\/wp-json\/wp\/v2\/posts"}],"about":[{"href":"https:\/\/radioljubuski.ba\/index.php\/wp-json\/wp\/v2\/types\/post"}],"author":[{"embeddable":true,"href":"https:\/\/radioljubuski.ba\/index.php\/wp-json\/wp\/v2\/users\/2"}],"replies":[{"embeddable":true,"href":"https:\/\/radioljubuski.ba\/index.php\/wp-json\/wp\/v2\/comments?post=46982"}],"version-history":[{"count":1,"href":"https:\/\/radioljubuski.ba\/index.php\/wp-json\/wp\/v2\/posts\/46982\/revisions"}],"predecessor-version":[{"id":46984,"href":"https:\/\/radioljubuski.ba\/index.php\/wp-json\/wp\/v2\/posts\/46982\/revisions\/46984"}],"wp:featuredmedia":[{"embeddable":true,"href":"https:\/\/radioljubuski.ba\/index.php\/wp-json\/wp\/v2\/media\/46983"}],"wp:attachment":[{"href":"https:\/\/radioljubuski.ba\/index.php\/wp-json\/wp\/v2\/media?parent=46982"}],"wp:term":[{"taxonomy":"category","embeddable":true,"href":"https:\/\/radioljubuski.ba\/index.php\/wp-json\/wp\/v2\/categories?post=46982"},{"taxonomy":"post_tag","embeddable":true,"href":"https:\/\/radioljubuski.ba\/index.php\/wp-json\/wp\/v2\/tags?post=46982"}],"curies":[{"name":"wp","href":"https:\/\/api.w.org\/{rel}","templated":true}]}}