{"id":46985,"date":"2021-07-27T13:56:20","date_gmt":"2021-07-27T12:56:20","guid":{"rendered":"https:\/\/radioljubuski.ba\/?p=46985"},"modified":"2021-07-27T13:56:22","modified_gmt":"2021-07-27T12:56:22","slug":"kubansko-veleposlanstvo-u-parizu-napadnuto-molotovljevim-koktelima","status":"publish","type":"post","link":"https:\/\/radioljubuski.ba\/index.php\/2021\/07\/27\/kubansko-veleposlanstvo-u-parizu-napadnuto-molotovljevim-koktelima\/","title":{"rendered":"Kubansko veleposlanstvo u Parizu napadnuto molotovljevim koktelima"},"content":{"rendered":"\n<p>Kubansko veleposlanstvo u Parizu priop\u0107ilo je u utorak da je njihova zgrada napadnuta molotovljevim koktelima, \u0161to je nanijelo ozbiljnu materijalnu \u0161tetu, ali diplomatsko osoblje nije ozlije\u0111eno. <\/p>\n\n\n\n<blockquote class=\"twitter-tweet\"><p lang=\"es\" dir=\"ltr\">Denunciamos el ataque terrorista con cocteles molotov contra nuestra Embajada en Par\u00eds.<br><br>Los responsables directos de estos actos son quienes incitan a la violencia y al odio contra nuestro pa\u00eds.<a href=\"https:\/\/twitter.com\/hashtag\/NoAlTerrorismo?src=hash&amp;ref_src=twsrc%5Etfw\">#NoAlTerrorismo<\/a> <a href=\"https:\/\/t.co\/G7vQ5Tpflb\">pic.twitter.com\/G7vQ5Tpflb<\/a><\/p>&mdash; Canciller\u00eda de Cuba (@CubaMINREX) <a href=\"https:\/\/twitter.com\/CubaMINREX\/status\/1419831075950538766?ref_src=twsrc%5Etfw\">July 27, 2021<\/a><\/blockquote> <script async src=\"https:\/\/platform.twitter.com\/widgets.js\" charset=\"utf-8\"><\/script> \n\n\n\n<p>Veleposlanstvo je na svom slu\u017ebenom Twitteru objavilo fotografije o\u0161te\u0107enja na zgradi i osudilo napad. Nije re\u010deno tko bi mogao biti odgovoran.<\/p>\n\n\n\n<p>&#8211; Izravno odgovorni za ta djela su oni koji poti\u010du nasilje i mr\u017enju protiv na\u0161e zemlje, objavilo je kubansko ministarstvo vanjskih poslova na Twitteru.<\/p>\n\n\n\n<p>Glasnogovornik policije nije imao neposredan komentar.<\/p>\n\n\n\n<p>Kubu potresaju prosvjedi protiv duboke ekonomske krize, vladina postupanja s pandemijom koronavirusa i ograni\u010davanja gra\u0111anskih sloboda, \u0161to je navelo zemlju koju vode komunisti da ograni\u010di pristup dru\u0161tvenim mre\u017eama i platformama za razmjenu poruka.<\/p>\n\n\n\n<p>Ministri vanjskih poslova Sjedinjenih Dr\u017eava i 20 drugih zemalja osudili su u ponedjeljak masovna uhi\u0107enja na Kubi i pozvali na potpuno vra\u0107anje pristupa internetu.<\/p>\n\n\n\n<p>Izvor:hrt.hr<\/p>\n","protected":false},"excerpt":{"rendered":"<p>Kubansko veleposlanstvo u Parizu priop\u0107ilo je u utorak da je njihova zgrada napadnuta molotovljevim koktelima, \u0161to je nanijelo ozbiljnu materijalnu \u0161tetu, ali diplomatsko osoblje nije ozlije\u0111eno. Denunciamos el ataque terrorista con cocteles molotov contra nuestra Embajada en Par\u00eds. Los responsables directos de estos actos son quienes incitan a la violencia y al odio contra nuestro [&hellip;]<\/p>\n","protected":false},"author":2,"featured_media":46986,"comment_status":"closed","ping_status":"closed","sticky":false,"template":"","format":"standard","meta":{"h5ap_radio_sources":[],"footnotes":""},"categories":[1],"tags":[],"class_list":["post-46985","post","type-post","status-publish","format-standard","has-post-thumbnail","hentry","category-bihiregija"],"yoast_head":"<!-- This site is optimized with the Yoast SEO plugin v27.5 - https:\/\/yoast.com\/product\/yoast-seo-wordpress\/ -->\n<title>Kubansko veleposlanstvo u Parizu napadnuto molotovljevim koktelima - RADIO LJUBU\u0160KI<\/title>\n<meta name=\"robots\" content=\"index, follow, max-snippet:-1, max-image-preview:large, max-video-preview:-1\" \/>\n<link rel=\"canonical\" href=\"https:\/\/radioljubuski.ba\/index.php\/2021\/07\/27\/kubansko-veleposlanstvo-u-parizu-napadnuto-molotovljevim-koktelima\/\" \/>\n<meta property=\"og:locale\" content=\"hr_HR\" \/>\n<meta property=\"og:type\" content=\"article\" \/>\n<meta property=\"og:title\" content=\"Kubansko veleposlanstvo u Parizu napadnuto molotovljevim koktelima - RADIO LJUBU\u0160KI\" \/>\n<meta property=\"og:description\" content=\"Kubansko veleposlanstvo u Parizu priop\u0107ilo je u utorak da je njihova zgrada napadnuta molotovljevim koktelima, \u0161to je nanijelo ozbiljnu materijalnu \u0161tetu, ali diplomatsko osoblje nije ozlije\u0111eno. Denunciamos el ataque terrorista con cocteles molotov contra nuestra Embajada en Par\u00eds. Los responsables directos de estos actos son quienes incitan a la violencia y al odio contra nuestro [&hellip;]\" \/>\n<meta property=\"og:url\" content=\"https:\/\/radioljubuski.ba\/index.php\/2021\/07\/27\/kubansko-veleposlanstvo-u-parizu-napadnuto-molotovljevim-koktelima\/\" \/>\n<meta property=\"og:site_name\" content=\"RADIO LJUBU\u0160KI\" \/>\n<meta property=\"article:publisher\" content=\"https:\/\/www.facebook.com\/Radiio-Ljubuski-1490835324566332\" \/>\n<meta property=\"article:published_time\" content=\"2021-07-27T12:56:20+00:00\" \/>\n<meta property=\"article:modified_time\" content=\"2021-07-27T12:56:22+00:00\" \/>\n<meta property=\"og:image\" content=\"https:\/\/radioljubuski.ba\/wp-content\/uploads\/2021\/07\/indeksiraj1-10.jpg\" \/>\n\t<meta property=\"og:image:width\" content=\"275\" \/>\n\t<meta property=\"og:image:height\" content=\"183\" \/>\n\t<meta property=\"og:image:type\" content=\"image\/jpeg\" \/>\n<meta name=\"author\" content=\"Radio Ljubu\u0161ki\" \/>\n<meta name=\"twitter:card\" content=\"summary_large_image\" \/>\n<meta name=\"twitter:creator\" content=\"@radioljubuski\" \/>\n<meta name=\"twitter:site\" content=\"@radioljubuski\" \/>\n<meta name=\"twitter:label1\" content=\"Napisao\/la\" \/>\n\t<meta name=\"twitter:data1\" content=\"Radio Ljubu\u0161ki\" \/>\n\t<meta name=\"twitter:label2\" content=\"Procijenjeno vrijeme \u010ditanja\" \/>\n\t<meta name=\"twitter:data2\" content=\"1 minuta\" \/>\n<script type=\"application\/ld+json\" class=\"yoast-schema-graph\">{\"@context\":\"https:\\\/\\\/schema.org\",\"@graph\":[{\"@type\":\"Article\",\"@id\":\"https:\\\/\\\/radioljubuski.ba\\\/index.php\\\/2021\\\/07\\\/27\\\/kubansko-veleposlanstvo-u-parizu-napadnuto-molotovljevim-koktelima\\\/#article\",\"isPartOf\":{\"@id\":\"https:\\\/\\\/radioljubuski.ba\\\/index.php\\\/2021\\\/07\\\/27\\\/kubansko-veleposlanstvo-u-parizu-napadnuto-molotovljevim-koktelima\\\/\"},\"author\":{\"name\":\"Radio Ljubu\u0161ki\",\"@id\":\"https:\\\/\\\/radioljubuski.ba\\\/#\\\/schema\\\/person\\\/19fc700381a780f69665d7956c469e3b\"},\"headline\":\"Kubansko veleposlanstvo u Parizu napadnuto molotovljevim koktelima\",\"datePublished\":\"2021-07-27T12:56:20+00:00\",\"dateModified\":\"2021-07-27T12:56:22+00:00\",\"mainEntityOfPage\":{\"@id\":\"https:\\\/\\\/radioljubuski.ba\\\/index.php\\\/2021\\\/07\\\/27\\\/kubansko-veleposlanstvo-u-parizu-napadnuto-molotovljevim-koktelima\\\/\"},\"wordCount\":206,\"publisher\":{\"@id\":\"https:\\\/\\\/radioljubuski.ba\\\/#organization\"},\"image\":{\"@id\":\"https:\\\/\\\/radioljubuski.ba\\\/index.php\\\/2021\\\/07\\\/27\\\/kubansko-veleposlanstvo-u-parizu-napadnuto-molotovljevim-koktelima\\\/#primaryimage\"},\"thumbnailUrl\":\"https:\\\/\\\/radioljubuski.ba\\\/wp-content\\\/uploads\\\/2021\\\/07\\\/indeksiraj1-10.jpg\",\"articleSection\":[\"BIH i regija\"],\"inLanguage\":\"hr\"},{\"@type\":\"WebPage\",\"@id\":\"https:\\\/\\\/radioljubuski.ba\\\/index.php\\\/2021\\\/07\\\/27\\\/kubansko-veleposlanstvo-u-parizu-napadnuto-molotovljevim-koktelima\\\/\",\"url\":\"https:\\\/\\\/radioljubuski.ba\\\/index.php\\\/2021\\\/07\\\/27\\\/kubansko-veleposlanstvo-u-parizu-napadnuto-molotovljevim-koktelima\\\/\",\"name\":\"Kubansko veleposlanstvo u Parizu napadnuto molotovljevim koktelima - RADIO LJUBU\u0160KI\",\"isPartOf\":{\"@id\":\"https:\\\/\\\/radioljubuski.ba\\\/#website\"},\"primaryImageOfPage\":{\"@id\":\"https:\\\/\\\/radioljubuski.ba\\\/index.php\\\/2021\\\/07\\\/27\\\/kubansko-veleposlanstvo-u-parizu-napadnuto-molotovljevim-koktelima\\\/#primaryimage\"},\"image\":{\"@id\":\"https:\\\/\\\/radioljubuski.ba\\\/index.php\\\/2021\\\/07\\\/27\\\/kubansko-veleposlanstvo-u-parizu-napadnuto-molotovljevim-koktelima\\\/#primaryimage\"},\"thumbnailUrl\":\"https:\\\/\\\/radioljubuski.ba\\\/wp-content\\\/uploads\\\/2021\\\/07\\\/indeksiraj1-10.jpg\",\"datePublished\":\"2021-07-27T12:56:20+00:00\",\"dateModified\":\"2021-07-27T12:56:22+00:00\",\"breadcrumb\":{\"@id\":\"https:\\\/\\\/radioljubuski.ba\\\/index.php\\\/2021\\\/07\\\/27\\\/kubansko-veleposlanstvo-u-parizu-napadnuto-molotovljevim-koktelima\\\/#breadcrumb\"},\"inLanguage\":\"hr\",\"potentialAction\":[{\"@type\":\"ReadAction\",\"target\":[\"https:\\\/\\\/radioljubuski.ba\\\/index.php\\\/2021\\\/07\\\/27\\\/kubansko-veleposlanstvo-u-parizu-napadnuto-molotovljevim-koktelima\\\/\"]}]},{\"@type\":\"ImageObject\",\"inLanguage\":\"hr\",\"@id\":\"https:\\\/\\\/radioljubuski.ba\\\/index.php\\\/2021\\\/07\\\/27\\\/kubansko-veleposlanstvo-u-parizu-napadnuto-molotovljevim-koktelima\\\/#primaryimage\",\"url\":\"https:\\\/\\\/radioljubuski.ba\\\/wp-content\\\/uploads\\\/2021\\\/07\\\/indeksiraj1-10.jpg\",\"contentUrl\":\"https:\\\/\\\/radioljubuski.ba\\\/wp-content\\\/uploads\\\/2021\\\/07\\\/indeksiraj1-10.jpg\",\"width\":275,\"height\":183},{\"@type\":\"BreadcrumbList\",\"@id\":\"https:\\\/\\\/radioljubuski.ba\\\/index.php\\\/2021\\\/07\\\/27\\\/kubansko-veleposlanstvo-u-parizu-napadnuto-molotovljevim-koktelima\\\/#breadcrumb\",\"itemListElement\":[{\"@type\":\"ListItem\",\"position\":1,\"name\":\"Po\u010detna stranica\",\"item\":\"https:\\\/\\\/radioljubuski.ba\\\/\"},{\"@type\":\"ListItem\",\"position\":2,\"name\":\"Kubansko veleposlanstvo u Parizu napadnuto molotovljevim koktelima\"}]},{\"@type\":\"WebSite\",\"@id\":\"https:\\\/\\\/radioljubuski.ba\\\/#website\",\"url\":\"https:\\\/\\\/radioljubuski.ba\\\/\",\"name\":\"Radio Ljubu\u0161ki\",\"description\":\"Sun\u010dana frekvencija Hercegovine\",\"publisher\":{\"@id\":\"https:\\\/\\\/radioljubuski.ba\\\/#organization\"},\"potentialAction\":[{\"@type\":\"SearchAction\",\"target\":{\"@type\":\"EntryPoint\",\"urlTemplate\":\"https:\\\/\\\/radioljubuski.ba\\\/?s={search_term_string}\"},\"query-input\":{\"@type\":\"PropertyValueSpecification\",\"valueRequired\":true,\"valueName\":\"search_term_string\"}}],\"inLanguage\":\"hr\"},{\"@type\":\"Organization\",\"@id\":\"https:\\\/\\\/radioljubuski.ba\\\/#organization\",\"name\":\"Radio Ljubu\u0161ki\",\"url\":\"https:\\\/\\\/radioljubuski.ba\\\/\",\"logo\":{\"@type\":\"ImageObject\",\"inLanguage\":\"hr\",\"@id\":\"https:\\\/\\\/radioljubuski.ba\\\/#\\\/schema\\\/logo\\\/image\\\/\",\"url\":\"https:\\\/\\\/radioljubuski.ba\\\/wp-content\\\/uploads\\\/2021\\\/02\\\/cropped-Radio_Ljubuski_logo1.jpg\",\"contentUrl\":\"https:\\\/\\\/radioljubuski.ba\\\/wp-content\\\/uploads\\\/2021\\\/02\\\/cropped-Radio_Ljubuski_logo1.jpg\",\"width\":512,\"height\":512,\"caption\":\"Radio Ljubu\u0161ki\"},\"image\":{\"@id\":\"https:\\\/\\\/radioljubuski.ba\\\/#\\\/schema\\\/logo\\\/image\\\/\"},\"sameAs\":[\"https:\\\/\\\/www.facebook.com\\\/Radiio-Ljubuski-1490835324566332\",\"https:\\\/\\\/x.com\\\/radioljubuski\",\"https:\\\/\\\/hr.linkedin.com\\\/company\\\/radio-ljubuski\",\"https:\\\/\\\/www.youtube.com\\\/channel\\\/UCHYaeO_n0Db3tjNGudGpXyw\"]},{\"@type\":\"Person\",\"@id\":\"https:\\\/\\\/radioljubuski.ba\\\/#\\\/schema\\\/person\\\/19fc700381a780f69665d7956c469e3b\",\"name\":\"Radio Ljubu\u0161ki\"}]}<\/script>\n<!-- \/ Yoast SEO plugin. -->","yoast_head_json":{"title":"Kubansko veleposlanstvo u Parizu napadnuto molotovljevim koktelima - RADIO LJUBU\u0160KI","robots":{"index":"index","follow":"follow","max-snippet":"max-snippet:-1","max-image-preview":"max-image-preview:large","max-video-preview":"max-video-preview:-1"},"canonical":"https:\/\/radioljubuski.ba\/index.php\/2021\/07\/27\/kubansko-veleposlanstvo-u-parizu-napadnuto-molotovljevim-koktelima\/","og_locale":"hr_HR","og_type":"article","og_title":"Kubansko veleposlanstvo u Parizu napadnuto molotovljevim koktelima - RADIO LJUBU\u0160KI","og_description":"Kubansko veleposlanstvo u Parizu priop\u0107ilo je u utorak da je njihova zgrada napadnuta molotovljevim koktelima, \u0161to je nanijelo ozbiljnu materijalnu \u0161tetu, ali diplomatsko osoblje nije ozlije\u0111eno. Denunciamos el ataque terrorista con cocteles molotov contra nuestra Embajada en Par\u00eds. Los responsables directos de estos actos son quienes incitan a la violencia y al odio contra nuestro [&hellip;]","og_url":"https:\/\/radioljubuski.ba\/index.php\/2021\/07\/27\/kubansko-veleposlanstvo-u-parizu-napadnuto-molotovljevim-koktelima\/","og_site_name":"RADIO LJUBU\u0160KI","article_publisher":"https:\/\/www.facebook.com\/Radiio-Ljubuski-1490835324566332","article_published_time":"2021-07-27T12:56:20+00:00","article_modified_time":"2021-07-27T12:56:22+00:00","og_image":[{"width":275,"height":183,"url":"https:\/\/radioljubuski.ba\/wp-content\/uploads\/2021\/07\/indeksiraj1-10.jpg","type":"image\/jpeg"}],"author":"Radio Ljubu\u0161ki","twitter_card":"summary_large_image","twitter_creator":"@radioljubuski","twitter_site":"@radioljubuski","twitter_misc":{"Napisao\/la":"Radio Ljubu\u0161ki","Procijenjeno vrijeme \u010ditanja":"1 minuta"},"schema":{"@context":"https:\/\/schema.org","@graph":[{"@type":"Article","@id":"https:\/\/radioljubuski.ba\/index.php\/2021\/07\/27\/kubansko-veleposlanstvo-u-parizu-napadnuto-molotovljevim-koktelima\/#article","isPartOf":{"@id":"https:\/\/radioljubuski.ba\/index.php\/2021\/07\/27\/kubansko-veleposlanstvo-u-parizu-napadnuto-molotovljevim-koktelima\/"},"author":{"name":"Radio Ljubu\u0161ki","@id":"https:\/\/radioljubuski.ba\/#\/schema\/person\/19fc700381a780f69665d7956c469e3b"},"headline":"Kubansko veleposlanstvo u Parizu napadnuto molotovljevim koktelima","datePublished":"2021-07-27T12:56:20+00:00","dateModified":"2021-07-27T12:56:22+00:00","mainEntityOfPage":{"@id":"https:\/\/radioljubuski.ba\/index.php\/2021\/07\/27\/kubansko-veleposlanstvo-u-parizu-napadnuto-molotovljevim-koktelima\/"},"wordCount":206,"publisher":{"@id":"https:\/\/radioljubuski.ba\/#organization"},"image":{"@id":"https:\/\/radioljubuski.ba\/index.php\/2021\/07\/27\/kubansko-veleposlanstvo-u-parizu-napadnuto-molotovljevim-koktelima\/#primaryimage"},"thumbnailUrl":"https:\/\/radioljubuski.ba\/wp-content\/uploads\/2021\/07\/indeksiraj1-10.jpg","articleSection":["BIH i regija"],"inLanguage":"hr"},{"@type":"WebPage","@id":"https:\/\/radioljubuski.ba\/index.php\/2021\/07\/27\/kubansko-veleposlanstvo-u-parizu-napadnuto-molotovljevim-koktelima\/","url":"https:\/\/radioljubuski.ba\/index.php\/2021\/07\/27\/kubansko-veleposlanstvo-u-parizu-napadnuto-molotovljevim-koktelima\/","name":"Kubansko veleposlanstvo u Parizu napadnuto molotovljevim koktelima - RADIO LJUBU\u0160KI","isPartOf":{"@id":"https:\/\/radioljubuski.ba\/#website"},"primaryImageOfPage":{"@id":"https:\/\/radioljubuski.ba\/index.php\/2021\/07\/27\/kubansko-veleposlanstvo-u-parizu-napadnuto-molotovljevim-koktelima\/#primaryimage"},"image":{"@id":"https:\/\/radioljubuski.ba\/index.php\/2021\/07\/27\/kubansko-veleposlanstvo-u-parizu-napadnuto-molotovljevim-koktelima\/#primaryimage"},"thumbnailUrl":"https:\/\/radioljubuski.ba\/wp-content\/uploads\/2021\/07\/indeksiraj1-10.jpg","datePublished":"2021-07-27T12:56:20+00:00","dateModified":"2021-07-27T12:56:22+00:00","breadcrumb":{"@id":"https:\/\/radioljubuski.ba\/index.php\/2021\/07\/27\/kubansko-veleposlanstvo-u-parizu-napadnuto-molotovljevim-koktelima\/#breadcrumb"},"inLanguage":"hr","potentialAction":[{"@type":"ReadAction","target":["https:\/\/radioljubuski.ba\/index.php\/2021\/07\/27\/kubansko-veleposlanstvo-u-parizu-napadnuto-molotovljevim-koktelima\/"]}]},{"@type":"ImageObject","inLanguage":"hr","@id":"https:\/\/radioljubuski.ba\/index.php\/2021\/07\/27\/kubansko-veleposlanstvo-u-parizu-napadnuto-molotovljevim-koktelima\/#primaryimage","url":"https:\/\/radioljubuski.ba\/wp-content\/uploads\/2021\/07\/indeksiraj1-10.jpg","contentUrl":"https:\/\/radioljubuski.ba\/wp-content\/uploads\/2021\/07\/indeksiraj1-10.jpg","width":275,"height":183},{"@type":"BreadcrumbList","@id":"https:\/\/radioljubuski.ba\/index.php\/2021\/07\/27\/kubansko-veleposlanstvo-u-parizu-napadnuto-molotovljevim-koktelima\/#breadcrumb","itemListElement":[{"@type":"ListItem","position":1,"name":"Po\u010detna stranica","item":"https:\/\/radioljubuski.ba\/"},{"@type":"ListItem","position":2,"name":"Kubansko veleposlanstvo u Parizu napadnuto molotovljevim koktelima"}]},{"@type":"WebSite","@id":"https:\/\/radioljubuski.ba\/#website","url":"https:\/\/radioljubuski.ba\/","name":"Radio Ljubu\u0161ki","description":"Sun\u010dana frekvencija Hercegovine","publisher":{"@id":"https:\/\/radioljubuski.ba\/#organization"},"potentialAction":[{"@type":"SearchAction","target":{"@type":"EntryPoint","urlTemplate":"https:\/\/radioljubuski.ba\/?s={search_term_string}"},"query-input":{"@type":"PropertyValueSpecification","valueRequired":true,"valueName":"search_term_string"}}],"inLanguage":"hr"},{"@type":"Organization","@id":"https:\/\/radioljubuski.ba\/#organization","name":"Radio Ljubu\u0161ki","url":"https:\/\/radioljubuski.ba\/","logo":{"@type":"ImageObject","inLanguage":"hr","@id":"https:\/\/radioljubuski.ba\/#\/schema\/logo\/image\/","url":"https:\/\/radioljubuski.ba\/wp-content\/uploads\/2021\/02\/cropped-Radio_Ljubuski_logo1.jpg","contentUrl":"https:\/\/radioljubuski.ba\/wp-content\/uploads\/2021\/02\/cropped-Radio_Ljubuski_logo1.jpg","width":512,"height":512,"caption":"Radio Ljubu\u0161ki"},"image":{"@id":"https:\/\/radioljubuski.ba\/#\/schema\/logo\/image\/"},"sameAs":["https:\/\/www.facebook.com\/Radiio-Ljubuski-1490835324566332","https:\/\/x.com\/radioljubuski","https:\/\/hr.linkedin.com\/company\/radio-ljubuski","https:\/\/www.youtube.com\/channel\/UCHYaeO_n0Db3tjNGudGpXyw"]},{"@type":"Person","@id":"https:\/\/radioljubuski.ba\/#\/schema\/person\/19fc700381a780f69665d7956c469e3b","name":"Radio Ljubu\u0161ki"}]}},"_links":{"self":[{"href":"https:\/\/radioljubuski.ba\/index.php\/wp-json\/wp\/v2\/posts\/46985","targetHints":{"allow":["GET"]}}],"collection":[{"href":"https:\/\/radioljubuski.ba\/index.php\/wp-json\/wp\/v2\/posts"}],"about":[{"href":"https:\/\/radioljubuski.ba\/index.php\/wp-json\/wp\/v2\/types\/post"}],"author":[{"embeddable":true,"href":"https:\/\/radioljubuski.ba\/index.php\/wp-json\/wp\/v2\/users\/2"}],"replies":[{"embeddable":true,"href":"https:\/\/radioljubuski.ba\/index.php\/wp-json\/wp\/v2\/comments?post=46985"}],"version-history":[{"count":1,"href":"https:\/\/radioljubuski.ba\/index.php\/wp-json\/wp\/v2\/posts\/46985\/revisions"}],"predecessor-version":[{"id":46987,"href":"https:\/\/radioljubuski.ba\/index.php\/wp-json\/wp\/v2\/posts\/46985\/revisions\/46987"}],"wp:featuredmedia":[{"embeddable":true,"href":"https:\/\/radioljubuski.ba\/index.php\/wp-json\/wp\/v2\/media\/46986"}],"wp:attachment":[{"href":"https:\/\/radioljubuski.ba\/index.php\/wp-json\/wp\/v2\/media?parent=46985"}],"wp:term":[{"taxonomy":"category","embeddable":true,"href":"https:\/\/radioljubuski.ba\/index.php\/wp-json\/wp\/v2\/categories?post=46985"},{"taxonomy":"post_tag","embeddable":true,"href":"https:\/\/radioljubuski.ba\/index.php\/wp-json\/wp\/v2\/tags?post=46985"}],"curies":[{"name":"wp","href":"https:\/\/api.w.org\/{rel}","templated":true}]}}