{"id":47012,"date":"2021-07-27T14:20:26","date_gmt":"2021-07-27T13:20:26","guid":{"rendered":"https:\/\/radioljubuski.ba\/?p=47012"},"modified":"2021-07-27T14:20:38","modified_gmt":"2021-07-27T13:20:38","slug":"seferovici-oslobodeni-treci-put-nisu-krivi-za-smrt-dzenana-memica","status":"publish","type":"post","link":"https:\/\/radioljubuski.ba\/index.php\/2021\/07\/27\/seferovici-oslobodeni-treci-put-nisu-krivi-za-smrt-dzenana-memica\/","title":{"rendered":"Seferovi\u0107i oslobo\u0111eni tre\u0107i put: Nisu krivi za smrt D\u017eenana Memi\u0107a"},"content":{"rendered":"\n<p>Vrhovni sud Federacije Bosne i Hercegovine izrekao je osloba\u0111aju\u0107u presudu Ljubi i Bekriji Seferovi\u0107 u predmetu &#8220;D\u017eenan Memi\u0107&#8221;. Ovo je tre\u0107i put da su ih sudovi oslobodili van razumne sumnje nisu mogli utvrditi da se dogodila prometna nesre\u0107a u kojoj je Memi\u0107 stradao, odnosno jer nije bilo dovoljno dokaza da se prometna nesre\u0107a dogodila.<\/p>\n\n\n\n<p>\u017dupanijski sud u Sarajevu je prvu osloba\u0111aju\u0107u presudu izrekao 16. srpnja 2018. godine, a drugu 13. sije\u010dnja 2020. godine. U oba slu\u010daja Vrhovni sud FBiH je usvojio \u017ealbe Tu\u017eila\u0161tva S\u017d i vratio slu\u010daj na po\u010detak.<\/p>\n\n\n\n<p>Ono \u0161to je obilje\u017eilo ovaj slu\u010daj i su\u0111enje dugo skoro dvije godine jeste \u0161to su Tu\u017eiteljstvo S\u017d i o\u0161te\u0107eni (obitelj Memi\u0107) bili na suprotnim stranama.<\/p>\n\n\n\n<p>D\u017eenanov otac od po\u010detka tvrdi da je njegov sin ubijen, te da je prometna nesre\u0107a samo farsa koja je imala cilj nekoga za\u0161tititi. Od 8. velja\u010de 2016. godine obitelj Memi\u0107 traga za istinom o D\u017eenanovoj smrti.<\/p>\n\n\n\n<p>Podsjetimo, D\u017eenan Memi\u0107 je stradao 8. velja\u010de 2016. dok je s djevojkom Alisom Mutap \u0161etao Velikom alejom na Ilid\u017ei. Sedam dana kasnije preminuo je na Klini\u010dkom centru Univerziteta u Sarajevu od zadobivenih ozljeda.<\/p>\n\n\n\n<p>Slu\u010daj je prvobitno vo\u0111en kao prometna nesre\u0107a, da bi ga Tu\u017eiteljstvo za vrijeme glavne tu\u017eiteljice Dalide Burzi\u0107 prekvalificiralo u krivi\u010dno djelo ubojstva, a potom opet vratilo na prometnu nesre\u0107u te je za ovo krivi\u010dno djelo podignuta i optu\u017enica, pi\u0161e N1.<\/p>\n\n\n\n<p>Izvor:N1<\/p>\n","protected":false},"excerpt":{"rendered":"<p>Vrhovni sud Federacije Bosne i Hercegovine izrekao je osloba\u0111aju\u0107u presudu Ljubi i Bekriji Seferovi\u0107 u predmetu &#8220;D\u017eenan Memi\u0107&#8221;. Ovo je tre\u0107i put da su ih sudovi oslobodili van razumne sumnje nisu mogli utvrditi da se dogodila prometna nesre\u0107a u kojoj je Memi\u0107 stradao, odnosno jer nije bilo dovoljno dokaza da se prometna nesre\u0107a dogodila. \u017dupanijski [&hellip;]<\/p>\n","protected":false},"author":2,"featured_media":47013,"comment_status":"closed","ping_status":"closed","sticky":false,"template":"","format":"standard","meta":{"h5ap_radio_sources":[],"footnotes":""},"categories":[1],"tags":[],"class_list":["post-47012","post","type-post","status-publish","format-standard","has-post-thumbnail","hentry","category-bihiregija"],"yoast_head":"<!-- This site is optimized with the Yoast SEO plugin v27.5 - https:\/\/yoast.com\/product\/yoast-seo-wordpress\/ -->\n<title>Seferovi\u0107i oslobo\u0111eni tre\u0107i put: Nisu krivi za smrt D\u017eenana Memi\u0107a - RADIO LJUBU\u0160KI<\/title>\n<meta name=\"robots\" content=\"index, follow, max-snippet:-1, max-image-preview:large, max-video-preview:-1\" \/>\n<link rel=\"canonical\" href=\"https:\/\/radioljubuski.ba\/index.php\/2021\/07\/27\/seferovici-oslobodeni-treci-put-nisu-krivi-za-smrt-dzenana-memica\/\" \/>\n<meta property=\"og:locale\" content=\"hr_HR\" \/>\n<meta property=\"og:type\" content=\"article\" \/>\n<meta property=\"og:title\" content=\"Seferovi\u0107i oslobo\u0111eni tre\u0107i put: Nisu krivi za smrt D\u017eenana Memi\u0107a - RADIO LJUBU\u0160KI\" \/>\n<meta property=\"og:description\" content=\"Vrhovni sud Federacije Bosne i Hercegovine izrekao je osloba\u0111aju\u0107u presudu Ljubi i Bekriji Seferovi\u0107 u predmetu &#8220;D\u017eenan Memi\u0107&#8221;. Ovo je tre\u0107i put da su ih sudovi oslobodili van razumne sumnje nisu mogli utvrditi da se dogodila prometna nesre\u0107a u kojoj je Memi\u0107 stradao, odnosno jer nije bilo dovoljno dokaza da se prometna nesre\u0107a dogodila. \u017dupanijski [&hellip;]\" \/>\n<meta property=\"og:url\" content=\"https:\/\/radioljubuski.ba\/index.php\/2021\/07\/27\/seferovici-oslobodeni-treci-put-nisu-krivi-za-smrt-dzenana-memica\/\" \/>\n<meta property=\"og:site_name\" content=\"RADIO LJUBU\u0160KI\" \/>\n<meta property=\"article:publisher\" content=\"https:\/\/www.facebook.com\/Radiio-Ljubuski-1490835324566332\" \/>\n<meta property=\"article:published_time\" content=\"2021-07-27T13:20:26+00:00\" \/>\n<meta property=\"article:modified_time\" content=\"2021-07-27T13:20:38+00:00\" \/>\n<meta property=\"og:image\" content=\"https:\/\/radioljubuski.ba\/wp-content\/uploads\/2021\/07\/B6R5Pd81_sud-1.jpg\" \/>\n\t<meta property=\"og:image:width\" content=\"1000\" \/>\n\t<meta property=\"og:image:height\" content=\"625\" \/>\n\t<meta property=\"og:image:type\" content=\"image\/jpeg\" \/>\n<meta name=\"author\" content=\"Radio Ljubu\u0161ki\" \/>\n<meta name=\"twitter:card\" content=\"summary_large_image\" \/>\n<meta name=\"twitter:creator\" content=\"@radioljubuski\" \/>\n<meta name=\"twitter:site\" content=\"@radioljubuski\" \/>\n<meta name=\"twitter:label1\" content=\"Napisao\/la\" \/>\n\t<meta name=\"twitter:data1\" content=\"Radio Ljubu\u0161ki\" \/>\n\t<meta name=\"twitter:label2\" content=\"Procijenjeno vrijeme \u010ditanja\" \/>\n\t<meta name=\"twitter:data2\" content=\"1 minuta\" \/>\n<script type=\"application\/ld+json\" class=\"yoast-schema-graph\">{\"@context\":\"https:\\\/\\\/schema.org\",\"@graph\":[{\"@type\":\"Article\",\"@id\":\"https:\\\/\\\/radioljubuski.ba\\\/index.php\\\/2021\\\/07\\\/27\\\/seferovici-oslobodeni-treci-put-nisu-krivi-za-smrt-dzenana-memica\\\/#article\",\"isPartOf\":{\"@id\":\"https:\\\/\\\/radioljubuski.ba\\\/index.php\\\/2021\\\/07\\\/27\\\/seferovici-oslobodeni-treci-put-nisu-krivi-za-smrt-dzenana-memica\\\/\"},\"author\":{\"name\":\"Radio Ljubu\u0161ki\",\"@id\":\"https:\\\/\\\/radioljubuski.ba\\\/#\\\/schema\\\/person\\\/19fc700381a780f69665d7956c469e3b\"},\"headline\":\"Seferovi\u0107i oslobo\u0111eni tre\u0107i put: Nisu krivi za smrt D\u017eenana Memi\u0107a\",\"datePublished\":\"2021-07-27T13:20:26+00:00\",\"dateModified\":\"2021-07-27T13:20:38+00:00\",\"mainEntityOfPage\":{\"@id\":\"https:\\\/\\\/radioljubuski.ba\\\/index.php\\\/2021\\\/07\\\/27\\\/seferovici-oslobodeni-treci-put-nisu-krivi-za-smrt-dzenana-memica\\\/\"},\"wordCount\":272,\"publisher\":{\"@id\":\"https:\\\/\\\/radioljubuski.ba\\\/#organization\"},\"image\":{\"@id\":\"https:\\\/\\\/radioljubuski.ba\\\/index.php\\\/2021\\\/07\\\/27\\\/seferovici-oslobodeni-treci-put-nisu-krivi-za-smrt-dzenana-memica\\\/#primaryimage\"},\"thumbnailUrl\":\"https:\\\/\\\/radioljubuski.ba\\\/wp-content\\\/uploads\\\/2021\\\/07\\\/B6R5Pd81_sud-1.jpg\",\"articleSection\":[\"BIH i regija\"],\"inLanguage\":\"hr\"},{\"@type\":\"WebPage\",\"@id\":\"https:\\\/\\\/radioljubuski.ba\\\/index.php\\\/2021\\\/07\\\/27\\\/seferovici-oslobodeni-treci-put-nisu-krivi-za-smrt-dzenana-memica\\\/\",\"url\":\"https:\\\/\\\/radioljubuski.ba\\\/index.php\\\/2021\\\/07\\\/27\\\/seferovici-oslobodeni-treci-put-nisu-krivi-za-smrt-dzenana-memica\\\/\",\"name\":\"Seferovi\u0107i oslobo\u0111eni tre\u0107i put: Nisu krivi za smrt D\u017eenana Memi\u0107a - RADIO LJUBU\u0160KI\",\"isPartOf\":{\"@id\":\"https:\\\/\\\/radioljubuski.ba\\\/#website\"},\"primaryImageOfPage\":{\"@id\":\"https:\\\/\\\/radioljubuski.ba\\\/index.php\\\/2021\\\/07\\\/27\\\/seferovici-oslobodeni-treci-put-nisu-krivi-za-smrt-dzenana-memica\\\/#primaryimage\"},\"image\":{\"@id\":\"https:\\\/\\\/radioljubuski.ba\\\/index.php\\\/2021\\\/07\\\/27\\\/seferovici-oslobodeni-treci-put-nisu-krivi-za-smrt-dzenana-memica\\\/#primaryimage\"},\"thumbnailUrl\":\"https:\\\/\\\/radioljubuski.ba\\\/wp-content\\\/uploads\\\/2021\\\/07\\\/B6R5Pd81_sud-1.jpg\",\"datePublished\":\"2021-07-27T13:20:26+00:00\",\"dateModified\":\"2021-07-27T13:20:38+00:00\",\"breadcrumb\":{\"@id\":\"https:\\\/\\\/radioljubuski.ba\\\/index.php\\\/2021\\\/07\\\/27\\\/seferovici-oslobodeni-treci-put-nisu-krivi-za-smrt-dzenana-memica\\\/#breadcrumb\"},\"inLanguage\":\"hr\",\"potentialAction\":[{\"@type\":\"ReadAction\",\"target\":[\"https:\\\/\\\/radioljubuski.ba\\\/index.php\\\/2021\\\/07\\\/27\\\/seferovici-oslobodeni-treci-put-nisu-krivi-za-smrt-dzenana-memica\\\/\"]}]},{\"@type\":\"ImageObject\",\"inLanguage\":\"hr\",\"@id\":\"https:\\\/\\\/radioljubuski.ba\\\/index.php\\\/2021\\\/07\\\/27\\\/seferovici-oslobodeni-treci-put-nisu-krivi-za-smrt-dzenana-memica\\\/#primaryimage\",\"url\":\"https:\\\/\\\/radioljubuski.ba\\\/wp-content\\\/uploads\\\/2021\\\/07\\\/B6R5Pd81_sud-1.jpg\",\"contentUrl\":\"https:\\\/\\\/radioljubuski.ba\\\/wp-content\\\/uploads\\\/2021\\\/07\\\/B6R5Pd81_sud-1.jpg\",\"width\":1000,\"height\":625},{\"@type\":\"BreadcrumbList\",\"@id\":\"https:\\\/\\\/radioljubuski.ba\\\/index.php\\\/2021\\\/07\\\/27\\\/seferovici-oslobodeni-treci-put-nisu-krivi-za-smrt-dzenana-memica\\\/#breadcrumb\",\"itemListElement\":[{\"@type\":\"ListItem\",\"position\":1,\"name\":\"Po\u010detna stranica\",\"item\":\"https:\\\/\\\/radioljubuski.ba\\\/\"},{\"@type\":\"ListItem\",\"position\":2,\"name\":\"Seferovi\u0107i oslobo\u0111eni tre\u0107i put: Nisu krivi za smrt D\u017eenana Memi\u0107a\"}]},{\"@type\":\"WebSite\",\"@id\":\"https:\\\/\\\/radioljubuski.ba\\\/#website\",\"url\":\"https:\\\/\\\/radioljubuski.ba\\\/\",\"name\":\"Radio Ljubu\u0161ki\",\"description\":\"Sun\u010dana frekvencija Hercegovine\",\"publisher\":{\"@id\":\"https:\\\/\\\/radioljubuski.ba\\\/#organization\"},\"potentialAction\":[{\"@type\":\"SearchAction\",\"target\":{\"@type\":\"EntryPoint\",\"urlTemplate\":\"https:\\\/\\\/radioljubuski.ba\\\/?s={search_term_string}\"},\"query-input\":{\"@type\":\"PropertyValueSpecification\",\"valueRequired\":true,\"valueName\":\"search_term_string\"}}],\"inLanguage\":\"hr\"},{\"@type\":\"Organization\",\"@id\":\"https:\\\/\\\/radioljubuski.ba\\\/#organization\",\"name\":\"Radio Ljubu\u0161ki\",\"url\":\"https:\\\/\\\/radioljubuski.ba\\\/\",\"logo\":{\"@type\":\"ImageObject\",\"inLanguage\":\"hr\",\"@id\":\"https:\\\/\\\/radioljubuski.ba\\\/#\\\/schema\\\/logo\\\/image\\\/\",\"url\":\"https:\\\/\\\/radioljubuski.ba\\\/wp-content\\\/uploads\\\/2021\\\/02\\\/cropped-Radio_Ljubuski_logo1.jpg\",\"contentUrl\":\"https:\\\/\\\/radioljubuski.ba\\\/wp-content\\\/uploads\\\/2021\\\/02\\\/cropped-Radio_Ljubuski_logo1.jpg\",\"width\":512,\"height\":512,\"caption\":\"Radio Ljubu\u0161ki\"},\"image\":{\"@id\":\"https:\\\/\\\/radioljubuski.ba\\\/#\\\/schema\\\/logo\\\/image\\\/\"},\"sameAs\":[\"https:\\\/\\\/www.facebook.com\\\/Radiio-Ljubuski-1490835324566332\",\"https:\\\/\\\/x.com\\\/radioljubuski\",\"https:\\\/\\\/hr.linkedin.com\\\/company\\\/radio-ljubuski\",\"https:\\\/\\\/www.youtube.com\\\/channel\\\/UCHYaeO_n0Db3tjNGudGpXyw\"]},{\"@type\":\"Person\",\"@id\":\"https:\\\/\\\/radioljubuski.ba\\\/#\\\/schema\\\/person\\\/19fc700381a780f69665d7956c469e3b\",\"name\":\"Radio Ljubu\u0161ki\"}]}<\/script>\n<!-- \/ Yoast SEO plugin. -->","yoast_head_json":{"title":"Seferovi\u0107i oslobo\u0111eni tre\u0107i put: Nisu krivi za smrt D\u017eenana Memi\u0107a - RADIO LJUBU\u0160KI","robots":{"index":"index","follow":"follow","max-snippet":"max-snippet:-1","max-image-preview":"max-image-preview:large","max-video-preview":"max-video-preview:-1"},"canonical":"https:\/\/radioljubuski.ba\/index.php\/2021\/07\/27\/seferovici-oslobodeni-treci-put-nisu-krivi-za-smrt-dzenana-memica\/","og_locale":"hr_HR","og_type":"article","og_title":"Seferovi\u0107i oslobo\u0111eni tre\u0107i put: Nisu krivi za smrt D\u017eenana Memi\u0107a - RADIO LJUBU\u0160KI","og_description":"Vrhovni sud Federacije Bosne i Hercegovine izrekao je osloba\u0111aju\u0107u presudu Ljubi i Bekriji Seferovi\u0107 u predmetu &#8220;D\u017eenan Memi\u0107&#8221;. Ovo je tre\u0107i put da su ih sudovi oslobodili van razumne sumnje nisu mogli utvrditi da se dogodila prometna nesre\u0107a u kojoj je Memi\u0107 stradao, odnosno jer nije bilo dovoljno dokaza da se prometna nesre\u0107a dogodila. \u017dupanijski [&hellip;]","og_url":"https:\/\/radioljubuski.ba\/index.php\/2021\/07\/27\/seferovici-oslobodeni-treci-put-nisu-krivi-za-smrt-dzenana-memica\/","og_site_name":"RADIO LJUBU\u0160KI","article_publisher":"https:\/\/www.facebook.com\/Radiio-Ljubuski-1490835324566332","article_published_time":"2021-07-27T13:20:26+00:00","article_modified_time":"2021-07-27T13:20:38+00:00","og_image":[{"width":1000,"height":625,"url":"https:\/\/radioljubuski.ba\/wp-content\/uploads\/2021\/07\/B6R5Pd81_sud-1.jpg","type":"image\/jpeg"}],"author":"Radio Ljubu\u0161ki","twitter_card":"summary_large_image","twitter_creator":"@radioljubuski","twitter_site":"@radioljubuski","twitter_misc":{"Napisao\/la":"Radio Ljubu\u0161ki","Procijenjeno vrijeme \u010ditanja":"1 minuta"},"schema":{"@context":"https:\/\/schema.org","@graph":[{"@type":"Article","@id":"https:\/\/radioljubuski.ba\/index.php\/2021\/07\/27\/seferovici-oslobodeni-treci-put-nisu-krivi-za-smrt-dzenana-memica\/#article","isPartOf":{"@id":"https:\/\/radioljubuski.ba\/index.php\/2021\/07\/27\/seferovici-oslobodeni-treci-put-nisu-krivi-za-smrt-dzenana-memica\/"},"author":{"name":"Radio Ljubu\u0161ki","@id":"https:\/\/radioljubuski.ba\/#\/schema\/person\/19fc700381a780f69665d7956c469e3b"},"headline":"Seferovi\u0107i oslobo\u0111eni tre\u0107i put: Nisu krivi za smrt D\u017eenana Memi\u0107a","datePublished":"2021-07-27T13:20:26+00:00","dateModified":"2021-07-27T13:20:38+00:00","mainEntityOfPage":{"@id":"https:\/\/radioljubuski.ba\/index.php\/2021\/07\/27\/seferovici-oslobodeni-treci-put-nisu-krivi-za-smrt-dzenana-memica\/"},"wordCount":272,"publisher":{"@id":"https:\/\/radioljubuski.ba\/#organization"},"image":{"@id":"https:\/\/radioljubuski.ba\/index.php\/2021\/07\/27\/seferovici-oslobodeni-treci-put-nisu-krivi-za-smrt-dzenana-memica\/#primaryimage"},"thumbnailUrl":"https:\/\/radioljubuski.ba\/wp-content\/uploads\/2021\/07\/B6R5Pd81_sud-1.jpg","articleSection":["BIH i regija"],"inLanguage":"hr"},{"@type":"WebPage","@id":"https:\/\/radioljubuski.ba\/index.php\/2021\/07\/27\/seferovici-oslobodeni-treci-put-nisu-krivi-za-smrt-dzenana-memica\/","url":"https:\/\/radioljubuski.ba\/index.php\/2021\/07\/27\/seferovici-oslobodeni-treci-put-nisu-krivi-za-smrt-dzenana-memica\/","name":"Seferovi\u0107i oslobo\u0111eni tre\u0107i put: Nisu krivi za smrt D\u017eenana Memi\u0107a - RADIO LJUBU\u0160KI","isPartOf":{"@id":"https:\/\/radioljubuski.ba\/#website"},"primaryImageOfPage":{"@id":"https:\/\/radioljubuski.ba\/index.php\/2021\/07\/27\/seferovici-oslobodeni-treci-put-nisu-krivi-za-smrt-dzenana-memica\/#primaryimage"},"image":{"@id":"https:\/\/radioljubuski.ba\/index.php\/2021\/07\/27\/seferovici-oslobodeni-treci-put-nisu-krivi-za-smrt-dzenana-memica\/#primaryimage"},"thumbnailUrl":"https:\/\/radioljubuski.ba\/wp-content\/uploads\/2021\/07\/B6R5Pd81_sud-1.jpg","datePublished":"2021-07-27T13:20:26+00:00","dateModified":"2021-07-27T13:20:38+00:00","breadcrumb":{"@id":"https:\/\/radioljubuski.ba\/index.php\/2021\/07\/27\/seferovici-oslobodeni-treci-put-nisu-krivi-za-smrt-dzenana-memica\/#breadcrumb"},"inLanguage":"hr","potentialAction":[{"@type":"ReadAction","target":["https:\/\/radioljubuski.ba\/index.php\/2021\/07\/27\/seferovici-oslobodeni-treci-put-nisu-krivi-za-smrt-dzenana-memica\/"]}]},{"@type":"ImageObject","inLanguage":"hr","@id":"https:\/\/radioljubuski.ba\/index.php\/2021\/07\/27\/seferovici-oslobodeni-treci-put-nisu-krivi-za-smrt-dzenana-memica\/#primaryimage","url":"https:\/\/radioljubuski.ba\/wp-content\/uploads\/2021\/07\/B6R5Pd81_sud-1.jpg","contentUrl":"https:\/\/radioljubuski.ba\/wp-content\/uploads\/2021\/07\/B6R5Pd81_sud-1.jpg","width":1000,"height":625},{"@type":"BreadcrumbList","@id":"https:\/\/radioljubuski.ba\/index.php\/2021\/07\/27\/seferovici-oslobodeni-treci-put-nisu-krivi-za-smrt-dzenana-memica\/#breadcrumb","itemListElement":[{"@type":"ListItem","position":1,"name":"Po\u010detna stranica","item":"https:\/\/radioljubuski.ba\/"},{"@type":"ListItem","position":2,"name":"Seferovi\u0107i oslobo\u0111eni tre\u0107i put: Nisu krivi za smrt D\u017eenana Memi\u0107a"}]},{"@type":"WebSite","@id":"https:\/\/radioljubuski.ba\/#website","url":"https:\/\/radioljubuski.ba\/","name":"Radio Ljubu\u0161ki","description":"Sun\u010dana frekvencija Hercegovine","publisher":{"@id":"https:\/\/radioljubuski.ba\/#organization"},"potentialAction":[{"@type":"SearchAction","target":{"@type":"EntryPoint","urlTemplate":"https:\/\/radioljubuski.ba\/?s={search_term_string}"},"query-input":{"@type":"PropertyValueSpecification","valueRequired":true,"valueName":"search_term_string"}}],"inLanguage":"hr"},{"@type":"Organization","@id":"https:\/\/radioljubuski.ba\/#organization","name":"Radio Ljubu\u0161ki","url":"https:\/\/radioljubuski.ba\/","logo":{"@type":"ImageObject","inLanguage":"hr","@id":"https:\/\/radioljubuski.ba\/#\/schema\/logo\/image\/","url":"https:\/\/radioljubuski.ba\/wp-content\/uploads\/2021\/02\/cropped-Radio_Ljubuski_logo1.jpg","contentUrl":"https:\/\/radioljubuski.ba\/wp-content\/uploads\/2021\/02\/cropped-Radio_Ljubuski_logo1.jpg","width":512,"height":512,"caption":"Radio Ljubu\u0161ki"},"image":{"@id":"https:\/\/radioljubuski.ba\/#\/schema\/logo\/image\/"},"sameAs":["https:\/\/www.facebook.com\/Radiio-Ljubuski-1490835324566332","https:\/\/x.com\/radioljubuski","https:\/\/hr.linkedin.com\/company\/radio-ljubuski","https:\/\/www.youtube.com\/channel\/UCHYaeO_n0Db3tjNGudGpXyw"]},{"@type":"Person","@id":"https:\/\/radioljubuski.ba\/#\/schema\/person\/19fc700381a780f69665d7956c469e3b","name":"Radio Ljubu\u0161ki"}]}},"_links":{"self":[{"href":"https:\/\/radioljubuski.ba\/index.php\/wp-json\/wp\/v2\/posts\/47012","targetHints":{"allow":["GET"]}}],"collection":[{"href":"https:\/\/radioljubuski.ba\/index.php\/wp-json\/wp\/v2\/posts"}],"about":[{"href":"https:\/\/radioljubuski.ba\/index.php\/wp-json\/wp\/v2\/types\/post"}],"author":[{"embeddable":true,"href":"https:\/\/radioljubuski.ba\/index.php\/wp-json\/wp\/v2\/users\/2"}],"replies":[{"embeddable":true,"href":"https:\/\/radioljubuski.ba\/index.php\/wp-json\/wp\/v2\/comments?post=47012"}],"version-history":[{"count":1,"href":"https:\/\/radioljubuski.ba\/index.php\/wp-json\/wp\/v2\/posts\/47012\/revisions"}],"predecessor-version":[{"id":47014,"href":"https:\/\/radioljubuski.ba\/index.php\/wp-json\/wp\/v2\/posts\/47012\/revisions\/47014"}],"wp:featuredmedia":[{"embeddable":true,"href":"https:\/\/radioljubuski.ba\/index.php\/wp-json\/wp\/v2\/media\/47013"}],"wp:attachment":[{"href":"https:\/\/radioljubuski.ba\/index.php\/wp-json\/wp\/v2\/media?parent=47012"}],"wp:term":[{"taxonomy":"category","embeddable":true,"href":"https:\/\/radioljubuski.ba\/index.php\/wp-json\/wp\/v2\/categories?post=47012"},{"taxonomy":"post_tag","embeddable":true,"href":"https:\/\/radioljubuski.ba\/index.php\/wp-json\/wp\/v2\/tags?post=47012"}],"curies":[{"name":"wp","href":"https:\/\/api.w.org\/{rel}","templated":true}]}}